{"id":109136,"date":"2022-07-21T08:46:21","date_gmt":"2022-07-21T11:46:21","guid":{"rendered":"https:\/\/folhapopular.info\/?p=109136"},"modified":"2022-07-21T08:46:25","modified_gmt":"2022-07-21T11:46:25","slug":"feira-do-produtor-agrada-moradores-do-boa-uniao-em-estrela","status":"publish","type":"post","link":"https:\/\/folhapopular.info\/index.php\/2022\/07\/21\/feira-do-produtor-agrada-moradores-do-boa-uniao-em-estrela\/","title":{"rendered":"Feira do Produtor agrada moradores do Boa Uni\u00e3o em Estrela"},"content":{"rendered":"\n<p>O Governo de Estrela, por meio da Secretaria Municipal de Agricultura, deu in\u00edcio ao projeto da Feira do Produtor Itinerante. A primeira edi\u00e7\u00e3o ocorreu nessa quarta-feira (20\/7), junto \u00e0 Associa\u00e7\u00e3o de Moradores do Bairro Boa Uni\u00e3o (Ambu), com oito bancas de produtos variados. Os moradores do bairro aprovaram a iniciativa e garantem que, a cada 15 dias, quando deve ocorrer a feira, ir\u00e3o participar.<\/p>\n\n\n\n<p>\u00c9 o caso da aposentada Nair Feine. Os problemas de locomo\u00e7\u00e3o a impedem de ir na Feira do Produtor realizada no Centro. Com a comercializa\u00e7\u00e3o distante poucos metros da casa dela, comprar frutas e verduras fresquinhas, da m\u00e3o do produtor, passou a ser uma realidade. \u201c\u00c9 uma \u00f3tima iniciativa. Eu sempre gostei de ir \u00e0 Feira do Produtor, o problema \u00e9 que o deslocamento at\u00e9 o Centro sempre \u00e9 um limitador. Estamos muito felizes com esta oportunidade que chegou ao nosso bairro\u201d, comemora.<\/p>\n\n\n\n<p>Quem tamb\u00e9m saiu de casa para comprar alfaces novinhas foi o pequeno Nicolas Nicolai, de apenas tr\u00eas anos, acompanhado da av\u00f3, dona Roselei. Na banca foi Nicolas quem escolheu a alface para levar para casa. \u201c\u00c9 uma \u00f3tima oportunidade para n\u00f3s, moradores, termos acesso a produtos direto do produtor, al\u00e9m de uma alternativa a mais, al\u00e9m da feira, que tradicionalmente ocorre aos s\u00e1bados\u201d, revela Roselei.<\/p>\n\n\n\n<p>Para o produtor de hortali\u00e7as Olvides Laste, da localidade de Linha S\u00e3o Jos\u00e9, \u00e9 uma chance de recome\u00e7ar. Recentemente ele perdeu parte das estufas da propriedade e, agora, encontra motiva\u00e7\u00e3o na comercializa\u00e7\u00e3o de hortali\u00e7as direto para o consumidor. \u201cN\u00f3s sempre produzimos para supermercados e venda no varejo, aqui est\u00e1 sendo uma experi\u00eancia nova, estamos muito otimistas com esta feira itinerante\u201d, diz.<\/p>\n\n\n\n<p><strong>Amplia\u00e7\u00e3o para outros bairros<\/strong><\/p>\n\n\n\n<p>O coordenador da Feira do Produtor, Jo\u00e3o Luft, explica que o \u201cteste\u201d da Feira Itinerante superou as expectativas. \u201cA receptividade dos consumidores foi muito grande. Muitas pessoas querendo saber de hor\u00e1rios e quando estaremos de volta. A inten\u00e7\u00e3o \u00e9 que a cada 15 dias tenhamos a Feira do Produtor no Bairro Boa Uni\u00e3o\u201d, comenta.<\/p>\n\n\n\n<p>Luft acrescenta ainda que a pr\u00f3xima edi\u00e7\u00e3o \u2013 para o Bairro das Ind\u00fastrias \u2013 tem data marcada para a pr\u00f3xima quarta-feira, dia 27. \u201cEstamos ainda vendo a possibilidade de levar a feira para outros bairros, facilitando assim o acesso dos moradores. Esta primeira experi\u00eancia mostra que a comunidade aprova a feira itinerante e n\u00f3s, da Secretaria Municipal de Agricultura, iremos em busca desta amplia\u00e7\u00e3o\u201d, complementa.<\/p>\n","protected":false},"excerpt":{"rendered":"<p>O Governo de Estrela, por meio da Secretaria Municipal de Agricultura, deu in\u00edcio ao projeto da Feira do Produtor Itinerante. A primeira edi\u00e7\u00e3o ocorreu nessa quarta-feira (20\/7), junto \u00e0 Associa\u00e7\u00e3o de Moradores do Bairro Boa Uni\u00e3o (Ambu), com oito bancas de produtos variados. Os moradores do bairro aprovaram a iniciativa e garantem que, a cada [&hellip;]<\/p>\n","protected":false},"author":8,"featured_media":109137,"comment_status":"open","ping_status":"open","sticky":false,"template":"","format":"standard","meta":{"pmpro_default_level":"","_jetpack_memberships_contains_paid_content":false,"footnotes":""},"categories":[2,3],"tags":[8,156],"class_list":{"0":"post-109136","1":"post","2":"type-post","3":"status-publish","4":"format-standard","5":"has-post-thumbnail","7":"category-featured","8":"category-geral","9":"tag-estrela","10":"tag-vale-do-taquari","11":"pmpro-has-access"},"yoast_head":"<!-- This site is optimized with the Yoast SEO plugin v27.5 - https:\/\/yoast.com\/product\/yoast-seo-wordpress\/ -->\n<title>Feira do Produtor agrada moradores do Boa Uni\u00e3o em Estrela - Folha Popular<\/title>\n<meta name=\"robots\" content=\"index, follow, max-snippet:-1, max-image-preview:large, max-video-preview:-1\" \/>\n<link rel=\"canonical\" href=\"https:\/\/folhapopular.info\/index.php\/2022\/07\/21\/feira-do-produtor-agrada-moradores-do-boa-uniao-em-estrela\/\" \/>\n<meta property=\"og:locale\" content=\"pt_BR\" \/>\n<meta property=\"og:type\" content=\"article\" \/>\n<meta property=\"og:title\" content=\"Feira do Produtor agrada moradores do Boa Uni\u00e3o em Estrela - Folha Popular\" \/>\n<meta property=\"og:description\" content=\"O Governo de Estrela, por meio da Secretaria Municipal de Agricultura, deu in\u00edcio ao projeto da Feira do Produtor Itinerante. A primeira edi\u00e7\u00e3o ocorreu nessa quarta-feira (20\/7), junto \u00e0 Associa\u00e7\u00e3o de Moradores do Bairro Boa Uni\u00e3o (Ambu), com oito bancas de produtos variados. Os moradores do bairro aprovaram a iniciativa e garantem que, a cada [&hellip;]\" \/>\n<meta property=\"og:url\" content=\"https:\/\/folhapopular.info\/index.php\/2022\/07\/21\/feira-do-produtor-agrada-moradores-do-boa-uniao-em-estrela\/\" \/>\n<meta property=\"og:site_name\" content=\"Folha Popular\" \/>\n<meta property=\"article:published_time\" content=\"2022-07-21T11:46:21+00:00\" \/>\n<meta property=\"article:modified_time\" content=\"2022-07-21T11:46:25+00:00\" \/>\n<meta property=\"og:image\" content=\"http:\/\/folhapopular.info\/wp-content\/uploads\/2022\/07\/CASE-NICOLAS-NICOLAI-Feira-do-Produtor-Bairros-Rodrigo-Nascimento-4-scaled.jpg\" \/>\n\t<meta property=\"og:image:width\" content=\"2560\" \/>\n\t<meta property=\"og:image:height\" content=\"1920\" \/>\n\t<meta property=\"og:image:type\" content=\"image\/jpeg\" \/>\n<meta name=\"author\" content=\"Reda\u00e7\u00e3o Folha Popular\" \/>\n<meta name=\"twitter:card\" content=\"summary_large_image\" \/>\n<meta name=\"twitter:label1\" content=\"Escrito por\" \/>\n\t<meta name=\"twitter:data1\" content=\"Reda\u00e7\u00e3o Folha Popular\" \/>\n\t<meta name=\"twitter:label2\" content=\"Est. tempo de leitura\" \/>\n\t<meta name=\"twitter:data2\" content=\"3 minutos\" \/>\n<script type=\"application\/ld+json\" class=\"yoast-schema-graph\">{\"@context\":\"https:\\\/\\\/schema.org\",\"@graph\":[{\"@type\":\"Article\",\"@id\":\"https:\\\/\\\/folhapopular.info\\\/index.php\\\/2022\\\/07\\\/21\\\/feira-do-produtor-agrada-moradores-do-boa-uniao-em-estrela\\\/#article\",\"isPartOf\":{\"@id\":\"https:\\\/\\\/folhapopular.info\\\/index.php\\\/2022\\\/07\\\/21\\\/feira-do-produtor-agrada-moradores-do-boa-uniao-em-estrela\\\/\"},\"author\":{\"name\":\"Reda\u00e7\u00e3o Folha Popular\",\"@id\":\"https:\\\/\\\/folhapopular.info\\\/#\\\/schema\\\/person\\\/2814e8a0df7643585a9ca38bc6eb9d4b\"},\"headline\":\"Feira do Produtor agrada moradores do Boa Uni\u00e3o em Estrela\",\"datePublished\":\"2022-07-21T11:46:21+00:00\",\"dateModified\":\"2022-07-21T11:46:25+00:00\",\"mainEntityOfPage\":{\"@id\":\"https:\\\/\\\/folhapopular.info\\\/index.php\\\/2022\\\/07\\\/21\\\/feira-do-produtor-agrada-moradores-do-boa-uniao-em-estrela\\\/\"},\"wordCount\":426,\"commentCount\":0,\"image\":{\"@id\":\"https:\\\/\\\/folhapopular.info\\\/index.php\\\/2022\\\/07\\\/21\\\/feira-do-produtor-agrada-moradores-do-boa-uniao-em-estrela\\\/#primaryimage\"},\"thumbnailUrl\":\"https:\\\/\\\/folhapopular.info\\\/wp-content\\\/uploads\\\/2022\\\/07\\\/CASE-NICOLAS-NICOLAI-Feira-do-Produtor-Bairros-Rodrigo-Nascimento-4-scaled.jpg\",\"keywords\":[\"Estrela\",\"Vale do Taquari\"],\"articleSection\":[\"Destaques\",\"Geral\"],\"inLanguage\":\"pt-BR\",\"potentialAction\":[{\"@type\":\"CommentAction\",\"name\":\"Comment\",\"target\":[\"https:\\\/\\\/folhapopular.info\\\/index.php\\\/2022\\\/07\\\/21\\\/feira-do-produtor-agrada-moradores-do-boa-uniao-em-estrela\\\/#respond\"]}]},{\"@type\":\"WebPage\",\"@id\":\"https:\\\/\\\/folhapopular.info\\\/index.php\\\/2022\\\/07\\\/21\\\/feira-do-produtor-agrada-moradores-do-boa-uniao-em-estrela\\\/\",\"url\":\"https:\\\/\\\/folhapopular.info\\\/index.php\\\/2022\\\/07\\\/21\\\/feira-do-produtor-agrada-moradores-do-boa-uniao-em-estrela\\\/\",\"name\":\"Feira do Produtor agrada moradores do Boa Uni\u00e3o em Estrela - Folha Popular\",\"isPartOf\":{\"@id\":\"https:\\\/\\\/folhapopular.info\\\/#website\"},\"primaryImageOfPage\":{\"@id\":\"https:\\\/\\\/folhapopular.info\\\/index.php\\\/2022\\\/07\\\/21\\\/feira-do-produtor-agrada-moradores-do-boa-uniao-em-estrela\\\/#primaryimage\"},\"image\":{\"@id\":\"https:\\\/\\\/folhapopular.info\\\/index.php\\\/2022\\\/07\\\/21\\\/feira-do-produtor-agrada-moradores-do-boa-uniao-em-estrela\\\/#primaryimage\"},\"thumbnailUrl\":\"https:\\\/\\\/folhapopular.info\\\/wp-content\\\/uploads\\\/2022\\\/07\\\/CASE-NICOLAS-NICOLAI-Feira-do-Produtor-Bairros-Rodrigo-Nascimento-4-scaled.jpg\",\"datePublished\":\"2022-07-21T11:46:21+00:00\",\"dateModified\":\"2022-07-21T11:46:25+00:00\",\"author\":{\"@id\":\"https:\\\/\\\/folhapopular.info\\\/#\\\/schema\\\/person\\\/2814e8a0df7643585a9ca38bc6eb9d4b\"},\"breadcrumb\":{\"@id\":\"https:\\\/\\\/folhapopular.info\\\/index.php\\\/2022\\\/07\\\/21\\\/feira-do-produtor-agrada-moradores-do-boa-uniao-em-estrela\\\/#breadcrumb\"},\"inLanguage\":\"pt-BR\",\"potentialAction\":[{\"@type\":\"ReadAction\",\"target\":[\"https:\\\/\\\/folhapopular.info\\\/index.php\\\/2022\\\/07\\\/21\\\/feira-do-produtor-agrada-moradores-do-boa-uniao-em-estrela\\\/\"]}]},{\"@type\":\"ImageObject\",\"inLanguage\":\"pt-BR\",\"@id\":\"https:\\\/\\\/folhapopular.info\\\/index.php\\\/2022\\\/07\\\/21\\\/feira-do-produtor-agrada-moradores-do-boa-uniao-em-estrela\\\/#primaryimage\",\"url\":\"https:\\\/\\\/folhapopular.info\\\/wp-content\\\/uploads\\\/2022\\\/07\\\/CASE-NICOLAS-NICOLAI-Feira-do-Produtor-Bairros-Rodrigo-Nascimento-4-scaled.jpg\",\"contentUrl\":\"https:\\\/\\\/folhapopular.info\\\/wp-content\\\/uploads\\\/2022\\\/07\\\/CASE-NICOLAS-NICOLAI-Feira-do-Produtor-Bairros-Rodrigo-Nascimento-4-scaled.jpg\",\"width\":2560,\"height\":1920,\"caption\":\"Cr\u00e9dito: Rodrigo Nascimento\\\/Governo de Estrela\"},{\"@type\":\"BreadcrumbList\",\"@id\":\"https:\\\/\\\/folhapopular.info\\\/index.php\\\/2022\\\/07\\\/21\\\/feira-do-produtor-agrada-moradores-do-boa-uniao-em-estrela\\\/#breadcrumb\",\"itemListElement\":[{\"@type\":\"ListItem\",\"position\":1,\"name\":\"In\u00edcio\",\"item\":\"https:\\\/\\\/folhapopular.info\\\/\"},{\"@type\":\"ListItem\",\"position\":2,\"name\":\"Feira do Produtor agrada moradores do Boa Uni\u00e3o em Estrela\"}]},{\"@type\":\"WebSite\",\"@id\":\"https:\\\/\\\/folhapopular.info\\\/#website\",\"url\":\"https:\\\/\\\/folhapopular.info\\\/\",\"name\":\"Folha Popular\",\"description\":\"Onde voc\u00ea tem vez e voz\",\"potentialAction\":[{\"@type\":\"SearchAction\",\"target\":{\"@type\":\"EntryPoint\",\"urlTemplate\":\"https:\\\/\\\/folhapopular.info\\\/?s={search_term_string}\"},\"query-input\":{\"@type\":\"PropertyValueSpecification\",\"valueRequired\":true,\"valueName\":\"search_term_string\"}}],\"inLanguage\":\"pt-BR\"},{\"@type\":\"Person\",\"@id\":\"https:\\\/\\\/folhapopular.info\\\/#\\\/schema\\\/person\\\/2814e8a0df7643585a9ca38bc6eb9d4b\",\"name\":\"Reda\u00e7\u00e3o Folha Popular\",\"image\":{\"@type\":\"ImageObject\",\"inLanguage\":\"pt-BR\",\"@id\":\"https:\\\/\\\/folhapopular.info\\\/wp-content\\\/uploads\\\/2026\\\/04\\\/Folha-1.webp\",\"url\":\"https:\\\/\\\/folhapopular.info\\\/wp-content\\\/uploads\\\/2026\\\/04\\\/Folha-1.webp\",\"contentUrl\":\"https:\\\/\\\/folhapopular.info\\\/wp-content\\\/uploads\\\/2026\\\/04\\\/Folha-1.webp\",\"caption\":\"Reda\u00e7\u00e3o Folha Popular\"},\"url\":\"https:\\\/\\\/folhapopular.info\\\/index.php\\\/author\\\/redacao\\\/\"}]}<\/script>\n<!-- \/ Yoast SEO plugin. -->","yoast_head_json":{"title":"Feira do Produtor agrada moradores do Boa Uni\u00e3o em Estrela - Folha Popular","robots":{"index":"index","follow":"follow","max-snippet":"max-snippet:-1","max-image-preview":"max-image-preview:large","max-video-preview":"max-video-preview:-1"},"canonical":"https:\/\/folhapopular.info\/index.php\/2022\/07\/21\/feira-do-produtor-agrada-moradores-do-boa-uniao-em-estrela\/","og_locale":"pt_BR","og_type":"article","og_title":"Feira do Produtor agrada moradores do Boa Uni\u00e3o em Estrela - Folha Popular","og_description":"O Governo de Estrela, por meio da Secretaria Municipal de Agricultura, deu in\u00edcio ao projeto da Feira do Produtor Itinerante. A primeira edi\u00e7\u00e3o ocorreu nessa quarta-feira (20\/7), junto \u00e0 Associa\u00e7\u00e3o de Moradores do Bairro Boa Uni\u00e3o (Ambu), com oito bancas de produtos variados. Os moradores do bairro aprovaram a iniciativa e garantem que, a cada [&hellip;]","og_url":"https:\/\/folhapopular.info\/index.php\/2022\/07\/21\/feira-do-produtor-agrada-moradores-do-boa-uniao-em-estrela\/","og_site_name":"Folha Popular","article_published_time":"2022-07-21T11:46:21+00:00","article_modified_time":"2022-07-21T11:46:25+00:00","og_image":[{"width":2560,"height":1920,"url":"http:\/\/folhapopular.info\/wp-content\/uploads\/2022\/07\/CASE-NICOLAS-NICOLAI-Feira-do-Produtor-Bairros-Rodrigo-Nascimento-4-scaled.jpg","type":"image\/jpeg"}],"author":"Reda\u00e7\u00e3o Folha Popular","twitter_card":"summary_large_image","twitter_misc":{"Escrito por":"Reda\u00e7\u00e3o Folha Popular","Est. tempo de leitura":"3 minutos"},"schema":{"@context":"https:\/\/schema.org","@graph":[{"@type":"Article","@id":"https:\/\/folhapopular.info\/index.php\/2022\/07\/21\/feira-do-produtor-agrada-moradores-do-boa-uniao-em-estrela\/#article","isPartOf":{"@id":"https:\/\/folhapopular.info\/index.php\/2022\/07\/21\/feira-do-produtor-agrada-moradores-do-boa-uniao-em-estrela\/"},"author":{"name":"Reda\u00e7\u00e3o Folha Popular","@id":"https:\/\/folhapopular.info\/#\/schema\/person\/2814e8a0df7643585a9ca38bc6eb9d4b"},"headline":"Feira do Produtor agrada moradores do Boa Uni\u00e3o em Estrela","datePublished":"2022-07-21T11:46:21+00:00","dateModified":"2022-07-21T11:46:25+00:00","mainEntityOfPage":{"@id":"https:\/\/folhapopular.info\/index.php\/2022\/07\/21\/feira-do-produtor-agrada-moradores-do-boa-uniao-em-estrela\/"},"wordCount":426,"commentCount":0,"image":{"@id":"https:\/\/folhapopular.info\/index.php\/2022\/07\/21\/feira-do-produtor-agrada-moradores-do-boa-uniao-em-estrela\/#primaryimage"},"thumbnailUrl":"https:\/\/folhapopular.info\/wp-content\/uploads\/2022\/07\/CASE-NICOLAS-NICOLAI-Feira-do-Produtor-Bairros-Rodrigo-Nascimento-4-scaled.jpg","keywords":["Estrela","Vale do Taquari"],"articleSection":["Destaques","Geral"],"inLanguage":"pt-BR","potentialAction":[{"@type":"CommentAction","name":"Comment","target":["https:\/\/folhapopular.info\/index.php\/2022\/07\/21\/feira-do-produtor-agrada-moradores-do-boa-uniao-em-estrela\/#respond"]}]},{"@type":"WebPage","@id":"https:\/\/folhapopular.info\/index.php\/2022\/07\/21\/feira-do-produtor-agrada-moradores-do-boa-uniao-em-estrela\/","url":"https:\/\/folhapopular.info\/index.php\/2022\/07\/21\/feira-do-produtor-agrada-moradores-do-boa-uniao-em-estrela\/","name":"Feira do Produtor agrada moradores do Boa Uni\u00e3o em Estrela - Folha Popular","isPartOf":{"@id":"https:\/\/folhapopular.info\/#website"},"primaryImageOfPage":{"@id":"https:\/\/folhapopular.info\/index.php\/2022\/07\/21\/feira-do-produtor-agrada-moradores-do-boa-uniao-em-estrela\/#primaryimage"},"image":{"@id":"https:\/\/folhapopular.info\/index.php\/2022\/07\/21\/feira-do-produtor-agrada-moradores-do-boa-uniao-em-estrela\/#primaryimage"},"thumbnailUrl":"https:\/\/folhapopular.info\/wp-content\/uploads\/2022\/07\/CASE-NICOLAS-NICOLAI-Feira-do-Produtor-Bairros-Rodrigo-Nascimento-4-scaled.jpg","datePublished":"2022-07-21T11:46:21+00:00","dateModified":"2022-07-21T11:46:25+00:00","author":{"@id":"https:\/\/folhapopular.info\/#\/schema\/person\/2814e8a0df7643585a9ca38bc6eb9d4b"},"breadcrumb":{"@id":"https:\/\/folhapopular.info\/index.php\/2022\/07\/21\/feira-do-produtor-agrada-moradores-do-boa-uniao-em-estrela\/#breadcrumb"},"inLanguage":"pt-BR","potentialAction":[{"@type":"ReadAction","target":["https:\/\/folhapopular.info\/index.php\/2022\/07\/21\/feira-do-produtor-agrada-moradores-do-boa-uniao-em-estrela\/"]}]},{"@type":"ImageObject","inLanguage":"pt-BR","@id":"https:\/\/folhapopular.info\/index.php\/2022\/07\/21\/feira-do-produtor-agrada-moradores-do-boa-uniao-em-estrela\/#primaryimage","url":"https:\/\/folhapopular.info\/wp-content\/uploads\/2022\/07\/CASE-NICOLAS-NICOLAI-Feira-do-Produtor-Bairros-Rodrigo-Nascimento-4-scaled.jpg","contentUrl":"https:\/\/folhapopular.info\/wp-content\/uploads\/2022\/07\/CASE-NICOLAS-NICOLAI-Feira-do-Produtor-Bairros-Rodrigo-Nascimento-4-scaled.jpg","width":2560,"height":1920,"caption":"Cr\u00e9dito: Rodrigo Nascimento\/Governo de Estrela"},{"@type":"BreadcrumbList","@id":"https:\/\/folhapopular.info\/index.php\/2022\/07\/21\/feira-do-produtor-agrada-moradores-do-boa-uniao-em-estrela\/#breadcrumb","itemListElement":[{"@type":"ListItem","position":1,"name":"In\u00edcio","item":"https:\/\/folhapopular.info\/"},{"@type":"ListItem","position":2,"name":"Feira do Produtor agrada moradores do Boa Uni\u00e3o em Estrela"}]},{"@type":"WebSite","@id":"https:\/\/folhapopular.info\/#website","url":"https:\/\/folhapopular.info\/","name":"Folha Popular","description":"Onde voc\u00ea tem vez e voz","potentialAction":[{"@type":"SearchAction","target":{"@type":"EntryPoint","urlTemplate":"https:\/\/folhapopular.info\/?s={search_term_string}"},"query-input":{"@type":"PropertyValueSpecification","valueRequired":true,"valueName":"search_term_string"}}],"inLanguage":"pt-BR"},{"@type":"Person","@id":"https:\/\/folhapopular.info\/#\/schema\/person\/2814e8a0df7643585a9ca38bc6eb9d4b","name":"Reda\u00e7\u00e3o Folha Popular","image":{"@type":"ImageObject","inLanguage":"pt-BR","@id":"https:\/\/folhapopular.info\/wp-content\/uploads\/2026\/04\/Folha-1.webp","url":"https:\/\/folhapopular.info\/wp-content\/uploads\/2026\/04\/Folha-1.webp","contentUrl":"https:\/\/folhapopular.info\/wp-content\/uploads\/2026\/04\/Folha-1.webp","caption":"Reda\u00e7\u00e3o Folha Popular"},"url":"https:\/\/folhapopular.info\/index.php\/author\/redacao\/"}]}},"jetpack_featured_media_url":"https:\/\/folhapopular.info\/wp-content\/uploads\/2022\/07\/CASE-NICOLAS-NICOLAI-Feira-do-Produtor-Bairros-Rodrigo-Nascimento-4-scaled.jpg","jetpack_sharing_enabled":true,"amp_enabled":true,"_links":{"self":[{"href":"https:\/\/folhapopular.info\/index.php\/wp-json\/wp\/v2\/posts\/109136","targetHints":{"allow":["GET"]}}],"collection":[{"href":"https:\/\/folhapopular.info\/index.php\/wp-json\/wp\/v2\/posts"}],"about":[{"href":"https:\/\/folhapopular.info\/index.php\/wp-json\/wp\/v2\/types\/post"}],"author":[{"embeddable":true,"href":"https:\/\/folhapopular.info\/index.php\/wp-json\/wp\/v2\/users\/8"}],"replies":[{"embeddable":true,"href":"https:\/\/folhapopular.info\/index.php\/wp-json\/wp\/v2\/comments?post=109136"}],"version-history":[{"count":0,"href":"https:\/\/folhapopular.info\/index.php\/wp-json\/wp\/v2\/posts\/109136\/revisions"}],"wp:featuredmedia":[{"embeddable":true,"href":"https:\/\/folhapopular.info\/index.php\/wp-json\/wp\/v2\/media\/109137"}],"wp:attachment":[{"href":"https:\/\/folhapopular.info\/index.php\/wp-json\/wp\/v2\/media?parent=109136"}],"wp:term":[{"taxonomy":"category","embeddable":true,"href":"https:\/\/folhapopular.info\/index.php\/wp-json\/wp\/v2\/categories?post=109136"},{"taxonomy":"post_tag","embeddable":true,"href":"https:\/\/folhapopular.info\/index.php\/wp-json\/wp\/v2\/tags?post=109136"}],"curies":[{"name":"wp","href":"https:\/\/api.w.org\/{rel}","templated":true}]}}