{"id":109225,"date":"2022-07-22T15:03:23","date_gmt":"2022-07-22T18:03:23","guid":{"rendered":"https:\/\/folhapopular.info\/?p=109225"},"modified":"2022-07-22T15:03:28","modified_gmt":"2022-07-22T18:03:28","slug":"vacinacao-contra-covid-19-para-criancas-de-3-a-4-anos-inicia-segunda-em-teutonia","status":"publish","type":"post","link":"https:\/\/folhapopular.info\/index.php\/2022\/07\/22\/vacinacao-contra-covid-19-para-criancas-de-3-a-4-anos-inicia-segunda-em-teutonia\/","title":{"rendered":"Vacina\u00e7\u00e3o contra covid-19 para crian\u00e7as de 3 a 4 anos inicia segunda em Teut\u00f4nia"},"content":{"rendered":"\n<p>A vacina\u00e7\u00e3o contra a covid-19 para crian\u00e7as de 3 a 4 anos iniciar\u00e1 a partir de segunda-feira (25\/7), segundo a Secretaria de Sa\u00fade de Teut\u00f4nia. A aplica\u00e7\u00e3o ocorrer\u00e1 em todas as Unidades B\u00e1sicas de Sa\u00fade (UBS), com agendamento pr\u00e9vio.<\/p>\n\n\n\n<p>Os respons\u00e1veis pelas crian\u00e7as devem procurar as unidades de sa\u00fade, levando consigo a carteira de vacina\u00e7\u00e3o e cart\u00e3o do SUS. Caso algum familiar leve a crian\u00e7a para receber o imunizante, este dever\u00e1 trazer a autoriza\u00e7\u00e3o assinada pelos pais\/respons\u00e1veis legais.<\/p>\n\n\n\n<p>A imuniza\u00e7\u00e3o para crian\u00e7as de 5 a 11 anos se mant\u00e9m centralizada na UBS do Bairro Languiru.<\/p>\n\n\n\n<p><strong>Cronograma de vacina\u00e7\u00e3o aos s\u00e1bados:<\/strong><br>Agosto (13\/8\/22): UBS Teut\u00f4nia &#8211; 8h \u00e0s 12h<br>Setembro (3\/9\/22): ESF Aurora &#8211; 8h \u00e0s 12h<br>Outubro (8\/10\/22): ESF Morada do Sol &#8211; 8h \u00e0s 12h<br>Novembro (5\/11\/22): UBS Languiru &#8211; 8h \u00e0s 12h<br>Dezembro (3\/12\/22): UBS Boa Vista &#8211; 8h \u00e0s 12h<\/p>\n\n\n\n<p><strong>Postos de Sa\u00fade<\/strong><br>Em caso de d\u00favidas ou necessidade de mais informa\u00e7\u00f5es, entre em contato com o posto de sa\u00fade do seu bairro:<\/p>\n\n\n\n<p>Posto de Sa\u00fade \u2013 Bairro Alesgut<br>(51) 3762-1109<\/p>\n\n\n\n<p>Posto de Sa\u00fade \u2013 Bairro Boa Vista<br>(51) 3762-2370<\/p>\n\n\n\n<p>Posto de Sa\u00fade \u2013 Bairro Canabarro<br>(51) 3762-7800<\/p>\n\n\n\n<p>Posto de Sa\u00fade \u2013 Bairro Languiru<br>(51) 3762-2573<\/p>\n\n\n\n<p>Posto de Sa\u00fade \u2013 Bairro Teut\u00f4nia<br>(51) 3762-6031<\/p>\n\n\n\n<p>Posto de Sa\u00fade \u2013 Loteamento 8<br>(51) 3762-8436<\/p>\n\n\n\n<p>ESF 3 \u2013 Bairro Canabarro<br>(51) 3762-7806<\/p>\n","protected":false},"excerpt":{"rendered":"<p>A vacina\u00e7\u00e3o contra a covid-19 para crian\u00e7as de 3 a 4 anos iniciar\u00e1 a partir de segunda-feira (25\/7), segundo a Secretaria de Sa\u00fade de Teut\u00f4nia. A aplica\u00e7\u00e3o ocorrer\u00e1 em todas as Unidades B\u00e1sicas de Sa\u00fade (UBS), com agendamento pr\u00e9vio. Os respons\u00e1veis pelas crian\u00e7as devem procurar as unidades de sa\u00fade, levando consigo a carteira de vacina\u00e7\u00e3o [&hellip;]<\/p>\n","protected":false},"author":8,"featured_media":109233,"comment_status":"open","ping_status":"open","sticky":false,"template":"","format":"standard","meta":{"pmpro_default_level":"","_jetpack_memberships_contains_paid_content":false,"footnotes":""},"categories":[3],"tags":[5707,135,598,203,26,579],"class_list":{"0":"post-109225","1":"post","2":"type-post","3":"status-publish","4":"format-standard","5":"has-post-thumbnail","7":"category-geral","8":"tag-covid-19","9":"tag-criancas","10":"tag-imunizacao","11":"tag-posto-de-saude","12":"tag-teutonia","13":"tag-ubs","14":"pmpro-has-access"},"yoast_head":"<!-- This site is optimized with the Yoast SEO plugin v27.5 - https:\/\/yoast.com\/product\/yoast-seo-wordpress\/ -->\n<title>Vacina\u00e7\u00e3o contra covid-19 para crian\u00e7as de 3 a 4 anos inicia segunda em Teut\u00f4nia - Folha Popular<\/title>\n<meta name=\"robots\" content=\"index, follow, max-snippet:-1, max-image-preview:large, max-video-preview:-1\" \/>\n<link rel=\"canonical\" href=\"https:\/\/folhapopular.info\/index.php\/2022\/07\/22\/vacinacao-contra-covid-19-para-criancas-de-3-a-4-anos-inicia-segunda-em-teutonia\/\" \/>\n<meta property=\"og:locale\" content=\"pt_BR\" \/>\n<meta property=\"og:type\" content=\"article\" \/>\n<meta property=\"og:title\" content=\"Vacina\u00e7\u00e3o contra covid-19 para crian\u00e7as de 3 a 4 anos inicia segunda em Teut\u00f4nia - Folha Popular\" \/>\n<meta property=\"og:description\" content=\"A vacina\u00e7\u00e3o contra a covid-19 para crian\u00e7as de 3 a 4 anos iniciar\u00e1 a partir de segunda-feira (25\/7), segundo a Secretaria de Sa\u00fade de Teut\u00f4nia. A aplica\u00e7\u00e3o ocorrer\u00e1 em todas as Unidades B\u00e1sicas de Sa\u00fade (UBS), com agendamento pr\u00e9vio. Os respons\u00e1veis pelas crian\u00e7as devem procurar as unidades de sa\u00fade, levando consigo a carteira de vacina\u00e7\u00e3o [&hellip;]\" \/>\n<meta property=\"og:url\" content=\"https:\/\/folhapopular.info\/index.php\/2022\/07\/22\/vacinacao-contra-covid-19-para-criancas-de-3-a-4-anos-inicia-segunda-em-teutonia\/\" \/>\n<meta property=\"og:site_name\" content=\"Folha Popular\" \/>\n<meta property=\"article:published_time\" content=\"2022-07-22T18:03:23+00:00\" \/>\n<meta property=\"article:modified_time\" content=\"2022-07-22T18:03:28+00:00\" \/>\n<meta property=\"og:image\" content=\"http:\/\/folhapopular.info\/wp-content\/uploads\/2022\/07\/pexels-cottonbro-3952241-scaled-e1658512539760.jpg\" \/>\n\t<meta property=\"og:image:width\" content=\"1200\" \/>\n\t<meta property=\"og:image:height\" content=\"800\" \/>\n\t<meta property=\"og:image:type\" content=\"image\/jpeg\" \/>\n<meta name=\"author\" content=\"Reda\u00e7\u00e3o Folha Popular\" \/>\n<meta name=\"twitter:card\" content=\"summary_large_image\" \/>\n<meta name=\"twitter:label1\" content=\"Escrito por\" \/>\n\t<meta name=\"twitter:data1\" content=\"Reda\u00e7\u00e3o Folha Popular\" \/>\n\t<meta name=\"twitter:label2\" content=\"Est. tempo de leitura\" \/>\n\t<meta name=\"twitter:data2\" content=\"2 minutos\" \/>\n<script type=\"application\/ld+json\" class=\"yoast-schema-graph\">{\"@context\":\"https:\\\/\\\/schema.org\",\"@graph\":[{\"@type\":\"Article\",\"@id\":\"https:\\\/\\\/folhapopular.info\\\/index.php\\\/2022\\\/07\\\/22\\\/vacinacao-contra-covid-19-para-criancas-de-3-a-4-anos-inicia-segunda-em-teutonia\\\/#article\",\"isPartOf\":{\"@id\":\"https:\\\/\\\/folhapopular.info\\\/index.php\\\/2022\\\/07\\\/22\\\/vacinacao-contra-covid-19-para-criancas-de-3-a-4-anos-inicia-segunda-em-teutonia\\\/\"},\"author\":{\"name\":\"Reda\u00e7\u00e3o Folha Popular\",\"@id\":\"https:\\\/\\\/folhapopular.info\\\/#\\\/schema\\\/person\\\/2814e8a0df7643585a9ca38bc6eb9d4b\"},\"headline\":\"Vacina\u00e7\u00e3o contra covid-19 para crian\u00e7as de 3 a 4 anos inicia segunda em Teut\u00f4nia\",\"datePublished\":\"2022-07-22T18:03:23+00:00\",\"dateModified\":\"2022-07-22T18:03:28+00:00\",\"mainEntityOfPage\":{\"@id\":\"https:\\\/\\\/folhapopular.info\\\/index.php\\\/2022\\\/07\\\/22\\\/vacinacao-contra-covid-19-para-criancas-de-3-a-4-anos-inicia-segunda-em-teutonia\\\/\"},\"wordCount\":241,\"commentCount\":0,\"image\":{\"@id\":\"https:\\\/\\\/folhapopular.info\\\/index.php\\\/2022\\\/07\\\/22\\\/vacinacao-contra-covid-19-para-criancas-de-3-a-4-anos-inicia-segunda-em-teutonia\\\/#primaryimage\"},\"thumbnailUrl\":\"https:\\\/\\\/folhapopular.info\\\/wp-content\\\/uploads\\\/2022\\\/07\\\/pexels-cottonbro-3952241-scaled-e1658512539760.jpg\",\"keywords\":[\"Covid-19\",\"Crian\u00e7as\",\"Imuniza\u00e7\u00e3o\",\"Posto de Sa\u00fade\",\"Teut\u00f4nia\",\"UBS\"],\"articleSection\":[\"Geral\"],\"inLanguage\":\"pt-BR\",\"potentialAction\":[{\"@type\":\"CommentAction\",\"name\":\"Comment\",\"target\":[\"https:\\\/\\\/folhapopular.info\\\/index.php\\\/2022\\\/07\\\/22\\\/vacinacao-contra-covid-19-para-criancas-de-3-a-4-anos-inicia-segunda-em-teutonia\\\/#respond\"]}]},{\"@type\":\"WebPage\",\"@id\":\"https:\\\/\\\/folhapopular.info\\\/index.php\\\/2022\\\/07\\\/22\\\/vacinacao-contra-covid-19-para-criancas-de-3-a-4-anos-inicia-segunda-em-teutonia\\\/\",\"url\":\"https:\\\/\\\/folhapopular.info\\\/index.php\\\/2022\\\/07\\\/22\\\/vacinacao-contra-covid-19-para-criancas-de-3-a-4-anos-inicia-segunda-em-teutonia\\\/\",\"name\":\"Vacina\u00e7\u00e3o contra covid-19 para crian\u00e7as de 3 a 4 anos inicia segunda em Teut\u00f4nia - Folha Popular\",\"isPartOf\":{\"@id\":\"https:\\\/\\\/folhapopular.info\\\/#website\"},\"primaryImageOfPage\":{\"@id\":\"https:\\\/\\\/folhapopular.info\\\/index.php\\\/2022\\\/07\\\/22\\\/vacinacao-contra-covid-19-para-criancas-de-3-a-4-anos-inicia-segunda-em-teutonia\\\/#primaryimage\"},\"image\":{\"@id\":\"https:\\\/\\\/folhapopular.info\\\/index.php\\\/2022\\\/07\\\/22\\\/vacinacao-contra-covid-19-para-criancas-de-3-a-4-anos-inicia-segunda-em-teutonia\\\/#primaryimage\"},\"thumbnailUrl\":\"https:\\\/\\\/folhapopular.info\\\/wp-content\\\/uploads\\\/2022\\\/07\\\/pexels-cottonbro-3952241-scaled-e1658512539760.jpg\",\"datePublished\":\"2022-07-22T18:03:23+00:00\",\"dateModified\":\"2022-07-22T18:03:28+00:00\",\"author\":{\"@id\":\"https:\\\/\\\/folhapopular.info\\\/#\\\/schema\\\/person\\\/2814e8a0df7643585a9ca38bc6eb9d4b\"},\"breadcrumb\":{\"@id\":\"https:\\\/\\\/folhapopular.info\\\/index.php\\\/2022\\\/07\\\/22\\\/vacinacao-contra-covid-19-para-criancas-de-3-a-4-anos-inicia-segunda-em-teutonia\\\/#breadcrumb\"},\"inLanguage\":\"pt-BR\",\"potentialAction\":[{\"@type\":\"ReadAction\",\"target\":[\"https:\\\/\\\/folhapopular.info\\\/index.php\\\/2022\\\/07\\\/22\\\/vacinacao-contra-covid-19-para-criancas-de-3-a-4-anos-inicia-segunda-em-teutonia\\\/\"]}]},{\"@type\":\"ImageObject\",\"inLanguage\":\"pt-BR\",\"@id\":\"https:\\\/\\\/folhapopular.info\\\/index.php\\\/2022\\\/07\\\/22\\\/vacinacao-contra-covid-19-para-criancas-de-3-a-4-anos-inicia-segunda-em-teutonia\\\/#primaryimage\",\"url\":\"https:\\\/\\\/folhapopular.info\\\/wp-content\\\/uploads\\\/2022\\\/07\\\/pexels-cottonbro-3952241-scaled-e1658512539760.jpg\",\"contentUrl\":\"https:\\\/\\\/folhapopular.info\\\/wp-content\\\/uploads\\\/2022\\\/07\\\/pexels-cottonbro-3952241-scaled-e1658512539760.jpg\",\"width\":1200,\"height\":800,\"caption\":\"Cr\u00e9dito: Pexels\"},{\"@type\":\"BreadcrumbList\",\"@id\":\"https:\\\/\\\/folhapopular.info\\\/index.php\\\/2022\\\/07\\\/22\\\/vacinacao-contra-covid-19-para-criancas-de-3-a-4-anos-inicia-segunda-em-teutonia\\\/#breadcrumb\",\"itemListElement\":[{\"@type\":\"ListItem\",\"position\":1,\"name\":\"In\u00edcio\",\"item\":\"https:\\\/\\\/folhapopular.info\\\/\"},{\"@type\":\"ListItem\",\"position\":2,\"name\":\"Vacina\u00e7\u00e3o contra covid-19 para crian\u00e7as de 3 a 4 anos inicia segunda em Teut\u00f4nia\"}]},{\"@type\":\"WebSite\",\"@id\":\"https:\\\/\\\/folhapopular.info\\\/#website\",\"url\":\"https:\\\/\\\/folhapopular.info\\\/\",\"name\":\"Folha Popular\",\"description\":\"Onde voc\u00ea tem vez e voz\",\"potentialAction\":[{\"@type\":\"SearchAction\",\"target\":{\"@type\":\"EntryPoint\",\"urlTemplate\":\"https:\\\/\\\/folhapopular.info\\\/?s={search_term_string}\"},\"query-input\":{\"@type\":\"PropertyValueSpecification\",\"valueRequired\":true,\"valueName\":\"search_term_string\"}}],\"inLanguage\":\"pt-BR\"},{\"@type\":\"Person\",\"@id\":\"https:\\\/\\\/folhapopular.info\\\/#\\\/schema\\\/person\\\/2814e8a0df7643585a9ca38bc6eb9d4b\",\"name\":\"Reda\u00e7\u00e3o Folha Popular\",\"image\":{\"@type\":\"ImageObject\",\"inLanguage\":\"pt-BR\",\"@id\":\"https:\\\/\\\/folhapopular.info\\\/wp-content\\\/uploads\\\/2026\\\/04\\\/Folha-1.webp\",\"url\":\"https:\\\/\\\/folhapopular.info\\\/wp-content\\\/uploads\\\/2026\\\/04\\\/Folha-1.webp\",\"contentUrl\":\"https:\\\/\\\/folhapopular.info\\\/wp-content\\\/uploads\\\/2026\\\/04\\\/Folha-1.webp\",\"caption\":\"Reda\u00e7\u00e3o Folha Popular\"},\"url\":\"https:\\\/\\\/folhapopular.info\\\/index.php\\\/author\\\/redacao\\\/\"}]}<\/script>\n<!-- \/ Yoast SEO plugin. -->","yoast_head_json":{"title":"Vacina\u00e7\u00e3o contra covid-19 para crian\u00e7as de 3 a 4 anos inicia segunda em Teut\u00f4nia - Folha Popular","robots":{"index":"index","follow":"follow","max-snippet":"max-snippet:-1","max-image-preview":"max-image-preview:large","max-video-preview":"max-video-preview:-1"},"canonical":"https:\/\/folhapopular.info\/index.php\/2022\/07\/22\/vacinacao-contra-covid-19-para-criancas-de-3-a-4-anos-inicia-segunda-em-teutonia\/","og_locale":"pt_BR","og_type":"article","og_title":"Vacina\u00e7\u00e3o contra covid-19 para crian\u00e7as de 3 a 4 anos inicia segunda em Teut\u00f4nia - Folha Popular","og_description":"A vacina\u00e7\u00e3o contra a covid-19 para crian\u00e7as de 3 a 4 anos iniciar\u00e1 a partir de segunda-feira (25\/7), segundo a Secretaria de Sa\u00fade de Teut\u00f4nia. A aplica\u00e7\u00e3o ocorrer\u00e1 em todas as Unidades B\u00e1sicas de Sa\u00fade (UBS), com agendamento pr\u00e9vio. Os respons\u00e1veis pelas crian\u00e7as devem procurar as unidades de sa\u00fade, levando consigo a carteira de vacina\u00e7\u00e3o [&hellip;]","og_url":"https:\/\/folhapopular.info\/index.php\/2022\/07\/22\/vacinacao-contra-covid-19-para-criancas-de-3-a-4-anos-inicia-segunda-em-teutonia\/","og_site_name":"Folha Popular","article_published_time":"2022-07-22T18:03:23+00:00","article_modified_time":"2022-07-22T18:03:28+00:00","og_image":[{"width":1200,"height":800,"url":"http:\/\/folhapopular.info\/wp-content\/uploads\/2022\/07\/pexels-cottonbro-3952241-scaled-e1658512539760.jpg","type":"image\/jpeg"}],"author":"Reda\u00e7\u00e3o Folha Popular","twitter_card":"summary_large_image","twitter_misc":{"Escrito por":"Reda\u00e7\u00e3o Folha Popular","Est. tempo de leitura":"2 minutos"},"schema":{"@context":"https:\/\/schema.org","@graph":[{"@type":"Article","@id":"https:\/\/folhapopular.info\/index.php\/2022\/07\/22\/vacinacao-contra-covid-19-para-criancas-de-3-a-4-anos-inicia-segunda-em-teutonia\/#article","isPartOf":{"@id":"https:\/\/folhapopular.info\/index.php\/2022\/07\/22\/vacinacao-contra-covid-19-para-criancas-de-3-a-4-anos-inicia-segunda-em-teutonia\/"},"author":{"name":"Reda\u00e7\u00e3o Folha Popular","@id":"https:\/\/folhapopular.info\/#\/schema\/person\/2814e8a0df7643585a9ca38bc6eb9d4b"},"headline":"Vacina\u00e7\u00e3o contra covid-19 para crian\u00e7as de 3 a 4 anos inicia segunda em Teut\u00f4nia","datePublished":"2022-07-22T18:03:23+00:00","dateModified":"2022-07-22T18:03:28+00:00","mainEntityOfPage":{"@id":"https:\/\/folhapopular.info\/index.php\/2022\/07\/22\/vacinacao-contra-covid-19-para-criancas-de-3-a-4-anos-inicia-segunda-em-teutonia\/"},"wordCount":241,"commentCount":0,"image":{"@id":"https:\/\/folhapopular.info\/index.php\/2022\/07\/22\/vacinacao-contra-covid-19-para-criancas-de-3-a-4-anos-inicia-segunda-em-teutonia\/#primaryimage"},"thumbnailUrl":"https:\/\/folhapopular.info\/wp-content\/uploads\/2022\/07\/pexels-cottonbro-3952241-scaled-e1658512539760.jpg","keywords":["Covid-19","Crian\u00e7as","Imuniza\u00e7\u00e3o","Posto de Sa\u00fade","Teut\u00f4nia","UBS"],"articleSection":["Geral"],"inLanguage":"pt-BR","potentialAction":[{"@type":"CommentAction","name":"Comment","target":["https:\/\/folhapopular.info\/index.php\/2022\/07\/22\/vacinacao-contra-covid-19-para-criancas-de-3-a-4-anos-inicia-segunda-em-teutonia\/#respond"]}]},{"@type":"WebPage","@id":"https:\/\/folhapopular.info\/index.php\/2022\/07\/22\/vacinacao-contra-covid-19-para-criancas-de-3-a-4-anos-inicia-segunda-em-teutonia\/","url":"https:\/\/folhapopular.info\/index.php\/2022\/07\/22\/vacinacao-contra-covid-19-para-criancas-de-3-a-4-anos-inicia-segunda-em-teutonia\/","name":"Vacina\u00e7\u00e3o contra covid-19 para crian\u00e7as de 3 a 4 anos inicia segunda em Teut\u00f4nia - Folha Popular","isPartOf":{"@id":"https:\/\/folhapopular.info\/#website"},"primaryImageOfPage":{"@id":"https:\/\/folhapopular.info\/index.php\/2022\/07\/22\/vacinacao-contra-covid-19-para-criancas-de-3-a-4-anos-inicia-segunda-em-teutonia\/#primaryimage"},"image":{"@id":"https:\/\/folhapopular.info\/index.php\/2022\/07\/22\/vacinacao-contra-covid-19-para-criancas-de-3-a-4-anos-inicia-segunda-em-teutonia\/#primaryimage"},"thumbnailUrl":"https:\/\/folhapopular.info\/wp-content\/uploads\/2022\/07\/pexels-cottonbro-3952241-scaled-e1658512539760.jpg","datePublished":"2022-07-22T18:03:23+00:00","dateModified":"2022-07-22T18:03:28+00:00","author":{"@id":"https:\/\/folhapopular.info\/#\/schema\/person\/2814e8a0df7643585a9ca38bc6eb9d4b"},"breadcrumb":{"@id":"https:\/\/folhapopular.info\/index.php\/2022\/07\/22\/vacinacao-contra-covid-19-para-criancas-de-3-a-4-anos-inicia-segunda-em-teutonia\/#breadcrumb"},"inLanguage":"pt-BR","potentialAction":[{"@type":"ReadAction","target":["https:\/\/folhapopular.info\/index.php\/2022\/07\/22\/vacinacao-contra-covid-19-para-criancas-de-3-a-4-anos-inicia-segunda-em-teutonia\/"]}]},{"@type":"ImageObject","inLanguage":"pt-BR","@id":"https:\/\/folhapopular.info\/index.php\/2022\/07\/22\/vacinacao-contra-covid-19-para-criancas-de-3-a-4-anos-inicia-segunda-em-teutonia\/#primaryimage","url":"https:\/\/folhapopular.info\/wp-content\/uploads\/2022\/07\/pexels-cottonbro-3952241-scaled-e1658512539760.jpg","contentUrl":"https:\/\/folhapopular.info\/wp-content\/uploads\/2022\/07\/pexels-cottonbro-3952241-scaled-e1658512539760.jpg","width":1200,"height":800,"caption":"Cr\u00e9dito: Pexels"},{"@type":"BreadcrumbList","@id":"https:\/\/folhapopular.info\/index.php\/2022\/07\/22\/vacinacao-contra-covid-19-para-criancas-de-3-a-4-anos-inicia-segunda-em-teutonia\/#breadcrumb","itemListElement":[{"@type":"ListItem","position":1,"name":"In\u00edcio","item":"https:\/\/folhapopular.info\/"},{"@type":"ListItem","position":2,"name":"Vacina\u00e7\u00e3o contra covid-19 para crian\u00e7as de 3 a 4 anos inicia segunda em Teut\u00f4nia"}]},{"@type":"WebSite","@id":"https:\/\/folhapopular.info\/#website","url":"https:\/\/folhapopular.info\/","name":"Folha Popular","description":"Onde voc\u00ea tem vez e voz","potentialAction":[{"@type":"SearchAction","target":{"@type":"EntryPoint","urlTemplate":"https:\/\/folhapopular.info\/?s={search_term_string}"},"query-input":{"@type":"PropertyValueSpecification","valueRequired":true,"valueName":"search_term_string"}}],"inLanguage":"pt-BR"},{"@type":"Person","@id":"https:\/\/folhapopular.info\/#\/schema\/person\/2814e8a0df7643585a9ca38bc6eb9d4b","name":"Reda\u00e7\u00e3o Folha Popular","image":{"@type":"ImageObject","inLanguage":"pt-BR","@id":"https:\/\/folhapopular.info\/wp-content\/uploads\/2026\/04\/Folha-1.webp","url":"https:\/\/folhapopular.info\/wp-content\/uploads\/2026\/04\/Folha-1.webp","contentUrl":"https:\/\/folhapopular.info\/wp-content\/uploads\/2026\/04\/Folha-1.webp","caption":"Reda\u00e7\u00e3o Folha Popular"},"url":"https:\/\/folhapopular.info\/index.php\/author\/redacao\/"}]}},"jetpack_featured_media_url":"https:\/\/folhapopular.info\/wp-content\/uploads\/2022\/07\/pexels-cottonbro-3952241-scaled-e1658512539760.jpg","jetpack_sharing_enabled":true,"amp_enabled":true,"_links":{"self":[{"href":"https:\/\/folhapopular.info\/index.php\/wp-json\/wp\/v2\/posts\/109225","targetHints":{"allow":["GET"]}}],"collection":[{"href":"https:\/\/folhapopular.info\/index.php\/wp-json\/wp\/v2\/posts"}],"about":[{"href":"https:\/\/folhapopular.info\/index.php\/wp-json\/wp\/v2\/types\/post"}],"author":[{"embeddable":true,"href":"https:\/\/folhapopular.info\/index.php\/wp-json\/wp\/v2\/users\/8"}],"replies":[{"embeddable":true,"href":"https:\/\/folhapopular.info\/index.php\/wp-json\/wp\/v2\/comments?post=109225"}],"version-history":[{"count":0,"href":"https:\/\/folhapopular.info\/index.php\/wp-json\/wp\/v2\/posts\/109225\/revisions"}],"wp:featuredmedia":[{"embeddable":true,"href":"https:\/\/folhapopular.info\/index.php\/wp-json\/wp\/v2\/media\/109233"}],"wp:attachment":[{"href":"https:\/\/folhapopular.info\/index.php\/wp-json\/wp\/v2\/media?parent=109225"}],"wp:term":[{"taxonomy":"category","embeddable":true,"href":"https:\/\/folhapopular.info\/index.php\/wp-json\/wp\/v2\/categories?post=109225"},{"taxonomy":"post_tag","embeddable":true,"href":"https:\/\/folhapopular.info\/index.php\/wp-json\/wp\/v2\/tags?post=109225"}],"curies":[{"name":"wp","href":"https:\/\/api.w.org\/{rel}","templated":true}]}}