{"id":109280,"date":"2022-07-23T08:46:22","date_gmt":"2022-07-23T11:46:22","guid":{"rendered":"https:\/\/folhapopular.info\/?p=109280"},"modified":"2022-07-23T08:56:44","modified_gmt":"2022-07-23T11:56:44","slug":"turistas-do-vale-retornam-para-suas-casas","status":"publish","type":"post","link":"https:\/\/folhapopular.info\/index.php\/2022\/07\/23\/turistas-do-vale-retornam-para-suas-casas\/","title":{"rendered":"Turistas do Vale retornam para suas casas"},"content":{"rendered":"\n<p>O <a href=\"https:\/\/folhapopular.info\/index.php\/2022\/07\/11\/agora-eles-estao-dando-bastante-assistencia-para-nos-estrelense-detalha-situacao-na-aduana-chilena\/\">grupo <\/a>de <a href=\"https:\/\/folhapopular.info\/index.php\/2022\/07\/12\/turistas-do-vale-do-taquari-sao-resgatados-e-ja-estao-em-santiago-no-chile\/\">turistas<\/a> do Vale do Taquari chegou em Teut\u00f4nia na manh\u00e3 deste s\u00e1bado (23\/7). Eles desembarcaram no Centro Administrativo e seguiram para suas casas. O \u00f4nibus saiu de <a href=\"https:\/\/folhapopular.info\/index.php\/2022\/07\/20\/turistas-do-vale-sairao-da-capital-do-chile-nesta-quinta-feira\/\">Santiago<\/a>, no Chile, na quinta-feira (21\/7).<\/p>\n\n\n\n<p><strong>RELEMBRE O CASO<\/strong><\/p>\n\n\n\n<ul class=\"wp-block-list\"><li>As 34 pessoas s\u00e3o moradores de Teut\u00f4nia, Estrela e Po\u00e7o das Antas \u2013 28 s\u00e3o idosos e h\u00e1 uma crian\u00e7a de 6 anos;<\/li><li>A sa\u00edda do grupo do Vale do Taquari aconteceu no dia 6\/7;<\/li><li>A forte nevasca na fronteira entre o Chile e a Argentina, na Cordilheira dos Andes, impediu o deslocamento do grupo. Eles dormiram no \u00f4nibus de passeio do dia 9\/7 ao dia 12\/7, quando ficaram retidos na aduana chilena;<\/li><li>Eles passaram por Mendoza, na Argentina, e estavam a caminho de Santiago do Chile, onde ficariam quatro dias;<\/li><li>At\u00e9 o dia 10\/7, os turistas brasileiros n\u00e3o tinham acesso \u00e0 comida e a banho;<\/li><li>A assist\u00eancia iniciou por meio de contato com o Ex\u00e9rcito Chileno;<\/li><li>A cidade onde o grupo ficou retido \u00e9 Paso Internacional dos Libertadores, com uma altitude de 3.200 metros;<\/li><li>O grupo foi resgatado pelo Ex\u00e9rcito Chileno no dia 12\/7 e levado para a capital do Chile, Santiago;<\/li><li>Eles sa\u00edram de Santiago nessa quinta-feira (21\/7), \u00e0s 5h;<\/li><li>A chegada em Teut\u00f4nia aconteceu neste s\u00e1bado (23\/7), \u00e0s 6h30. O \u00f4nibus estacionou na Rua Coberta do Centro Administrativo. A viagem durou cerca de 40 horas. <\/li><\/ul>\n\n\n\n<p><\/p>\n","protected":false},"excerpt":{"rendered":"<p>O grupo de turistas do Vale do Taquari chegou em Teut\u00f4nia na manh\u00e3 deste s\u00e1bado (23\/7). Eles desembarcaram no Centro Administrativo e seguiram para suas casas. O \u00f4nibus saiu de Santiago, no Chile, na quinta-feira (21\/7). RELEMBRE O CASO As 34 pessoas s\u00e3o moradores de Teut\u00f4nia, Estrela e Po\u00e7o das Antas \u2013 28 s\u00e3o idosos [&hellip;]<\/p>\n","protected":false},"author":8,"featured_media":109282,"comment_status":"open","ping_status":"open","sticky":false,"template":"","format":"standard","meta":{"pmpro_default_level":"","_jetpack_memberships_contains_paid_content":false,"footnotes":""},"categories":[2,3],"tags":[8,26,156],"class_list":{"0":"post-109280","1":"post","2":"type-post","3":"status-publish","4":"format-standard","5":"has-post-thumbnail","7":"category-featured","8":"category-geral","9":"tag-estrela","10":"tag-teutonia","11":"tag-vale-do-taquari","12":"pmpro-has-access"},"yoast_head":"<!-- This site is optimized with the Yoast SEO plugin v27.5 - https:\/\/yoast.com\/product\/yoast-seo-wordpress\/ -->\n<title>Turistas do Vale retornam para suas casas - Folha Popular<\/title>\n<meta name=\"robots\" content=\"index, follow, max-snippet:-1, max-image-preview:large, max-video-preview:-1\" \/>\n<link rel=\"canonical\" href=\"https:\/\/folhapopular.info\/index.php\/2022\/07\/23\/turistas-do-vale-retornam-para-suas-casas\/\" \/>\n<meta property=\"og:locale\" content=\"pt_BR\" \/>\n<meta property=\"og:type\" content=\"article\" \/>\n<meta property=\"og:title\" content=\"Turistas do Vale retornam para suas casas - Folha Popular\" \/>\n<meta property=\"og:description\" content=\"O grupo de turistas do Vale do Taquari chegou em Teut\u00f4nia na manh\u00e3 deste s\u00e1bado (23\/7). Eles desembarcaram no Centro Administrativo e seguiram para suas casas. O \u00f4nibus saiu de Santiago, no Chile, na quinta-feira (21\/7). RELEMBRE O CASO As 34 pessoas s\u00e3o moradores de Teut\u00f4nia, Estrela e Po\u00e7o das Antas \u2013 28 s\u00e3o idosos [&hellip;]\" \/>\n<meta property=\"og:url\" content=\"https:\/\/folhapopular.info\/index.php\/2022\/07\/23\/turistas-do-vale-retornam-para-suas-casas\/\" \/>\n<meta property=\"og:site_name\" content=\"Folha Popular\" \/>\n<meta property=\"article:published_time\" content=\"2022-07-23T11:46:22+00:00\" \/>\n<meta property=\"article:modified_time\" content=\"2022-07-23T11:56:44+00:00\" \/>\n<meta property=\"og:image\" content=\"http:\/\/folhapopular.info\/wp-content\/uploads\/2022\/07\/WhatsApp-Image-2022-07-23-at-08.19.26.jpeg\" \/>\n\t<meta property=\"og:image:width\" content=\"960\" \/>\n\t<meta property=\"og:image:height\" content=\"1280\" \/>\n\t<meta property=\"og:image:type\" content=\"image\/jpeg\" \/>\n<meta name=\"author\" content=\"Reda\u00e7\u00e3o Folha Popular\" \/>\n<meta name=\"twitter:card\" content=\"summary_large_image\" \/>\n<meta name=\"twitter:label1\" content=\"Escrito por\" \/>\n\t<meta name=\"twitter:data1\" content=\"Reda\u00e7\u00e3o Folha Popular\" \/>\n\t<meta name=\"twitter:label2\" content=\"Est. tempo de leitura\" \/>\n\t<meta name=\"twitter:data2\" content=\"2 minutos\" \/>\n<script type=\"application\/ld+json\" class=\"yoast-schema-graph\">{\"@context\":\"https:\\\/\\\/schema.org\",\"@graph\":[{\"@type\":\"Article\",\"@id\":\"https:\\\/\\\/folhapopular.info\\\/index.php\\\/2022\\\/07\\\/23\\\/turistas-do-vale-retornam-para-suas-casas\\\/#article\",\"isPartOf\":{\"@id\":\"https:\\\/\\\/folhapopular.info\\\/index.php\\\/2022\\\/07\\\/23\\\/turistas-do-vale-retornam-para-suas-casas\\\/\"},\"author\":{\"name\":\"Reda\u00e7\u00e3o Folha Popular\",\"@id\":\"https:\\\/\\\/folhapopular.info\\\/#\\\/schema\\\/person\\\/2814e8a0df7643585a9ca38bc6eb9d4b\"},\"headline\":\"Turistas do Vale retornam para suas casas\",\"datePublished\":\"2022-07-23T11:46:22+00:00\",\"dateModified\":\"2022-07-23T11:56:44+00:00\",\"mainEntityOfPage\":{\"@id\":\"https:\\\/\\\/folhapopular.info\\\/index.php\\\/2022\\\/07\\\/23\\\/turistas-do-vale-retornam-para-suas-casas\\\/\"},\"wordCount\":232,\"commentCount\":0,\"image\":{\"@id\":\"https:\\\/\\\/folhapopular.info\\\/index.php\\\/2022\\\/07\\\/23\\\/turistas-do-vale-retornam-para-suas-casas\\\/#primaryimage\"},\"thumbnailUrl\":\"https:\\\/\\\/folhapopular.info\\\/wp-content\\\/uploads\\\/2022\\\/07\\\/WhatsApp-Image-2022-07-23-at-08.19.26.jpeg\",\"keywords\":[\"Estrela\",\"Teut\u00f4nia\",\"Vale do Taquari\"],\"articleSection\":[\"Destaques\",\"Geral\"],\"inLanguage\":\"pt-BR\",\"potentialAction\":[{\"@type\":\"CommentAction\",\"name\":\"Comment\",\"target\":[\"https:\\\/\\\/folhapopular.info\\\/index.php\\\/2022\\\/07\\\/23\\\/turistas-do-vale-retornam-para-suas-casas\\\/#respond\"]}]},{\"@type\":\"WebPage\",\"@id\":\"https:\\\/\\\/folhapopular.info\\\/index.php\\\/2022\\\/07\\\/23\\\/turistas-do-vale-retornam-para-suas-casas\\\/\",\"url\":\"https:\\\/\\\/folhapopular.info\\\/index.php\\\/2022\\\/07\\\/23\\\/turistas-do-vale-retornam-para-suas-casas\\\/\",\"name\":\"Turistas do Vale retornam para suas casas - Folha Popular\",\"isPartOf\":{\"@id\":\"https:\\\/\\\/folhapopular.info\\\/#website\"},\"primaryImageOfPage\":{\"@id\":\"https:\\\/\\\/folhapopular.info\\\/index.php\\\/2022\\\/07\\\/23\\\/turistas-do-vale-retornam-para-suas-casas\\\/#primaryimage\"},\"image\":{\"@id\":\"https:\\\/\\\/folhapopular.info\\\/index.php\\\/2022\\\/07\\\/23\\\/turistas-do-vale-retornam-para-suas-casas\\\/#primaryimage\"},\"thumbnailUrl\":\"https:\\\/\\\/folhapopular.info\\\/wp-content\\\/uploads\\\/2022\\\/07\\\/WhatsApp-Image-2022-07-23-at-08.19.26.jpeg\",\"datePublished\":\"2022-07-23T11:46:22+00:00\",\"dateModified\":\"2022-07-23T11:56:44+00:00\",\"author\":{\"@id\":\"https:\\\/\\\/folhapopular.info\\\/#\\\/schema\\\/person\\\/2814e8a0df7643585a9ca38bc6eb9d4b\"},\"breadcrumb\":{\"@id\":\"https:\\\/\\\/folhapopular.info\\\/index.php\\\/2022\\\/07\\\/23\\\/turistas-do-vale-retornam-para-suas-casas\\\/#breadcrumb\"},\"inLanguage\":\"pt-BR\",\"potentialAction\":[{\"@type\":\"ReadAction\",\"target\":[\"https:\\\/\\\/folhapopular.info\\\/index.php\\\/2022\\\/07\\\/23\\\/turistas-do-vale-retornam-para-suas-casas\\\/\"]}]},{\"@type\":\"ImageObject\",\"inLanguage\":\"pt-BR\",\"@id\":\"https:\\\/\\\/folhapopular.info\\\/index.php\\\/2022\\\/07\\\/23\\\/turistas-do-vale-retornam-para-suas-casas\\\/#primaryimage\",\"url\":\"https:\\\/\\\/folhapopular.info\\\/wp-content\\\/uploads\\\/2022\\\/07\\\/WhatsApp-Image-2022-07-23-at-08.19.26.jpeg\",\"contentUrl\":\"https:\\\/\\\/folhapopular.info\\\/wp-content\\\/uploads\\\/2022\\\/07\\\/WhatsApp-Image-2022-07-23-at-08.19.26.jpeg\",\"width\":960,\"height\":1280,\"caption\":\"Cr\u00e9dito: Divulga\u00e7\u00e3o\"},{\"@type\":\"BreadcrumbList\",\"@id\":\"https:\\\/\\\/folhapopular.info\\\/index.php\\\/2022\\\/07\\\/23\\\/turistas-do-vale-retornam-para-suas-casas\\\/#breadcrumb\",\"itemListElement\":[{\"@type\":\"ListItem\",\"position\":1,\"name\":\"In\u00edcio\",\"item\":\"https:\\\/\\\/folhapopular.info\\\/\"},{\"@type\":\"ListItem\",\"position\":2,\"name\":\"Turistas do Vale retornam para suas casas\"}]},{\"@type\":\"WebSite\",\"@id\":\"https:\\\/\\\/folhapopular.info\\\/#website\",\"url\":\"https:\\\/\\\/folhapopular.info\\\/\",\"name\":\"Folha Popular\",\"description\":\"Onde voc\u00ea tem vez e voz\",\"potentialAction\":[{\"@type\":\"SearchAction\",\"target\":{\"@type\":\"EntryPoint\",\"urlTemplate\":\"https:\\\/\\\/folhapopular.info\\\/?s={search_term_string}\"},\"query-input\":{\"@type\":\"PropertyValueSpecification\",\"valueRequired\":true,\"valueName\":\"search_term_string\"}}],\"inLanguage\":\"pt-BR\"},{\"@type\":\"Person\",\"@id\":\"https:\\\/\\\/folhapopular.info\\\/#\\\/schema\\\/person\\\/2814e8a0df7643585a9ca38bc6eb9d4b\",\"name\":\"Reda\u00e7\u00e3o Folha Popular\",\"image\":{\"@type\":\"ImageObject\",\"inLanguage\":\"pt-BR\",\"@id\":\"https:\\\/\\\/folhapopular.info\\\/wp-content\\\/uploads\\\/2026\\\/04\\\/Folha-1.webp\",\"url\":\"https:\\\/\\\/folhapopular.info\\\/wp-content\\\/uploads\\\/2026\\\/04\\\/Folha-1.webp\",\"contentUrl\":\"https:\\\/\\\/folhapopular.info\\\/wp-content\\\/uploads\\\/2026\\\/04\\\/Folha-1.webp\",\"caption\":\"Reda\u00e7\u00e3o Folha Popular\"},\"url\":\"https:\\\/\\\/folhapopular.info\\\/index.php\\\/author\\\/redacao\\\/\"}]}<\/script>\n<!-- \/ Yoast SEO plugin. -->","yoast_head_json":{"title":"Turistas do Vale retornam para suas casas - Folha Popular","robots":{"index":"index","follow":"follow","max-snippet":"max-snippet:-1","max-image-preview":"max-image-preview:large","max-video-preview":"max-video-preview:-1"},"canonical":"https:\/\/folhapopular.info\/index.php\/2022\/07\/23\/turistas-do-vale-retornam-para-suas-casas\/","og_locale":"pt_BR","og_type":"article","og_title":"Turistas do Vale retornam para suas casas - Folha Popular","og_description":"O grupo de turistas do Vale do Taquari chegou em Teut\u00f4nia na manh\u00e3 deste s\u00e1bado (23\/7). Eles desembarcaram no Centro Administrativo e seguiram para suas casas. O \u00f4nibus saiu de Santiago, no Chile, na quinta-feira (21\/7). RELEMBRE O CASO As 34 pessoas s\u00e3o moradores de Teut\u00f4nia, Estrela e Po\u00e7o das Antas \u2013 28 s\u00e3o idosos [&hellip;]","og_url":"https:\/\/folhapopular.info\/index.php\/2022\/07\/23\/turistas-do-vale-retornam-para-suas-casas\/","og_site_name":"Folha Popular","article_published_time":"2022-07-23T11:46:22+00:00","article_modified_time":"2022-07-23T11:56:44+00:00","og_image":[{"width":960,"height":1280,"url":"http:\/\/folhapopular.info\/wp-content\/uploads\/2022\/07\/WhatsApp-Image-2022-07-23-at-08.19.26.jpeg","type":"image\/jpeg"}],"author":"Reda\u00e7\u00e3o Folha Popular","twitter_card":"summary_large_image","twitter_misc":{"Escrito por":"Reda\u00e7\u00e3o Folha Popular","Est. tempo de leitura":"2 minutos"},"schema":{"@context":"https:\/\/schema.org","@graph":[{"@type":"Article","@id":"https:\/\/folhapopular.info\/index.php\/2022\/07\/23\/turistas-do-vale-retornam-para-suas-casas\/#article","isPartOf":{"@id":"https:\/\/folhapopular.info\/index.php\/2022\/07\/23\/turistas-do-vale-retornam-para-suas-casas\/"},"author":{"name":"Reda\u00e7\u00e3o Folha Popular","@id":"https:\/\/folhapopular.info\/#\/schema\/person\/2814e8a0df7643585a9ca38bc6eb9d4b"},"headline":"Turistas do Vale retornam para suas casas","datePublished":"2022-07-23T11:46:22+00:00","dateModified":"2022-07-23T11:56:44+00:00","mainEntityOfPage":{"@id":"https:\/\/folhapopular.info\/index.php\/2022\/07\/23\/turistas-do-vale-retornam-para-suas-casas\/"},"wordCount":232,"commentCount":0,"image":{"@id":"https:\/\/folhapopular.info\/index.php\/2022\/07\/23\/turistas-do-vale-retornam-para-suas-casas\/#primaryimage"},"thumbnailUrl":"https:\/\/folhapopular.info\/wp-content\/uploads\/2022\/07\/WhatsApp-Image-2022-07-23-at-08.19.26.jpeg","keywords":["Estrela","Teut\u00f4nia","Vale do Taquari"],"articleSection":["Destaques","Geral"],"inLanguage":"pt-BR","potentialAction":[{"@type":"CommentAction","name":"Comment","target":["https:\/\/folhapopular.info\/index.php\/2022\/07\/23\/turistas-do-vale-retornam-para-suas-casas\/#respond"]}]},{"@type":"WebPage","@id":"https:\/\/folhapopular.info\/index.php\/2022\/07\/23\/turistas-do-vale-retornam-para-suas-casas\/","url":"https:\/\/folhapopular.info\/index.php\/2022\/07\/23\/turistas-do-vale-retornam-para-suas-casas\/","name":"Turistas do Vale retornam para suas casas - Folha Popular","isPartOf":{"@id":"https:\/\/folhapopular.info\/#website"},"primaryImageOfPage":{"@id":"https:\/\/folhapopular.info\/index.php\/2022\/07\/23\/turistas-do-vale-retornam-para-suas-casas\/#primaryimage"},"image":{"@id":"https:\/\/folhapopular.info\/index.php\/2022\/07\/23\/turistas-do-vale-retornam-para-suas-casas\/#primaryimage"},"thumbnailUrl":"https:\/\/folhapopular.info\/wp-content\/uploads\/2022\/07\/WhatsApp-Image-2022-07-23-at-08.19.26.jpeg","datePublished":"2022-07-23T11:46:22+00:00","dateModified":"2022-07-23T11:56:44+00:00","author":{"@id":"https:\/\/folhapopular.info\/#\/schema\/person\/2814e8a0df7643585a9ca38bc6eb9d4b"},"breadcrumb":{"@id":"https:\/\/folhapopular.info\/index.php\/2022\/07\/23\/turistas-do-vale-retornam-para-suas-casas\/#breadcrumb"},"inLanguage":"pt-BR","potentialAction":[{"@type":"ReadAction","target":["https:\/\/folhapopular.info\/index.php\/2022\/07\/23\/turistas-do-vale-retornam-para-suas-casas\/"]}]},{"@type":"ImageObject","inLanguage":"pt-BR","@id":"https:\/\/folhapopular.info\/index.php\/2022\/07\/23\/turistas-do-vale-retornam-para-suas-casas\/#primaryimage","url":"https:\/\/folhapopular.info\/wp-content\/uploads\/2022\/07\/WhatsApp-Image-2022-07-23-at-08.19.26.jpeg","contentUrl":"https:\/\/folhapopular.info\/wp-content\/uploads\/2022\/07\/WhatsApp-Image-2022-07-23-at-08.19.26.jpeg","width":960,"height":1280,"caption":"Cr\u00e9dito: Divulga\u00e7\u00e3o"},{"@type":"BreadcrumbList","@id":"https:\/\/folhapopular.info\/index.php\/2022\/07\/23\/turistas-do-vale-retornam-para-suas-casas\/#breadcrumb","itemListElement":[{"@type":"ListItem","position":1,"name":"In\u00edcio","item":"https:\/\/folhapopular.info\/"},{"@type":"ListItem","position":2,"name":"Turistas do Vale retornam para suas casas"}]},{"@type":"WebSite","@id":"https:\/\/folhapopular.info\/#website","url":"https:\/\/folhapopular.info\/","name":"Folha Popular","description":"Onde voc\u00ea tem vez e voz","potentialAction":[{"@type":"SearchAction","target":{"@type":"EntryPoint","urlTemplate":"https:\/\/folhapopular.info\/?s={search_term_string}"},"query-input":{"@type":"PropertyValueSpecification","valueRequired":true,"valueName":"search_term_string"}}],"inLanguage":"pt-BR"},{"@type":"Person","@id":"https:\/\/folhapopular.info\/#\/schema\/person\/2814e8a0df7643585a9ca38bc6eb9d4b","name":"Reda\u00e7\u00e3o Folha Popular","image":{"@type":"ImageObject","inLanguage":"pt-BR","@id":"https:\/\/folhapopular.info\/wp-content\/uploads\/2026\/04\/Folha-1.webp","url":"https:\/\/folhapopular.info\/wp-content\/uploads\/2026\/04\/Folha-1.webp","contentUrl":"https:\/\/folhapopular.info\/wp-content\/uploads\/2026\/04\/Folha-1.webp","caption":"Reda\u00e7\u00e3o Folha Popular"},"url":"https:\/\/folhapopular.info\/index.php\/author\/redacao\/"}]}},"jetpack_featured_media_url":"https:\/\/folhapopular.info\/wp-content\/uploads\/2022\/07\/WhatsApp-Image-2022-07-23-at-08.19.26.jpeg","jetpack_sharing_enabled":true,"amp_enabled":true,"_links":{"self":[{"href":"https:\/\/folhapopular.info\/index.php\/wp-json\/wp\/v2\/posts\/109280","targetHints":{"allow":["GET"]}}],"collection":[{"href":"https:\/\/folhapopular.info\/index.php\/wp-json\/wp\/v2\/posts"}],"about":[{"href":"https:\/\/folhapopular.info\/index.php\/wp-json\/wp\/v2\/types\/post"}],"author":[{"embeddable":true,"href":"https:\/\/folhapopular.info\/index.php\/wp-json\/wp\/v2\/users\/8"}],"replies":[{"embeddable":true,"href":"https:\/\/folhapopular.info\/index.php\/wp-json\/wp\/v2\/comments?post=109280"}],"version-history":[{"count":0,"href":"https:\/\/folhapopular.info\/index.php\/wp-json\/wp\/v2\/posts\/109280\/revisions"}],"wp:featuredmedia":[{"embeddable":true,"href":"https:\/\/folhapopular.info\/index.php\/wp-json\/wp\/v2\/media\/109282"}],"wp:attachment":[{"href":"https:\/\/folhapopular.info\/index.php\/wp-json\/wp\/v2\/media?parent=109280"}],"wp:term":[{"taxonomy":"category","embeddable":true,"href":"https:\/\/folhapopular.info\/index.php\/wp-json\/wp\/v2\/categories?post=109280"},{"taxonomy":"post_tag","embeddable":true,"href":"https:\/\/folhapopular.info\/index.php\/wp-json\/wp\/v2\/tags?post=109280"}],"curies":[{"name":"wp","href":"https:\/\/api.w.org\/{rel}","templated":true}]}}