{"id":109313,"date":"2022-07-23T16:27:50","date_gmt":"2022-07-23T19:27:50","guid":{"rendered":"https:\/\/folhapopular.info\/?p=109313"},"modified":"2022-07-23T16:27:54","modified_gmt":"2022-07-23T19:27:54","slug":"homens-sao-presos-por-trafico-de-drogas-em-lajeado","status":"publish","type":"post","link":"https:\/\/folhapopular.info\/index.php\/2022\/07\/23\/homens-sao-presos-por-trafico-de-drogas-em-lajeado\/","title":{"rendered":"Homens s\u00e3o presos por tr\u00e1fico de drogas em Lajeado"},"content":{"rendered":"\n<p>Dois homens foram presos por tr\u00e1fico de drogas e associa\u00e7\u00e3o para o tr\u00e1fico e porte de arma de fogo com acess\u00f3rios restritos em Lajeado. <\/p>\n\n\n\n<p>A pris\u00e3o em flagrante dos indiv\u00edduos de 19 e 22 anos ocorreu nesta sexta-feira (22\/7). A pris\u00e3o foi realizada por policiais da Delegacia de Combate ao Crime Organizado (Draco), a partir da apura\u00e7\u00e3o de novas informa\u00e7\u00f5es sobre movimenta\u00e7\u00e3o de armas e drogas nos bairros Olarias e Planalto. <\/p>\n\n\n\n<p>Foram apreendidos um quilo de coca\u00edna, uma pistola glock G19 com seletor de rajada, um carregador alongado com 28 muni\u00e7\u00f5es de calibre 9mm. Al\u00e9m disso, um kit Roni, material utilizado para a grava\u00e7\u00e3o de v\u00eddeo que teve grande repercuss\u00e3o nas redes sociais. <\/p>\n\n\n\n<p>Os presos foram autuados na Draco e encaminhados ao Pres\u00eddio Estadual de Lajeado.<\/p>\n","protected":false},"excerpt":{"rendered":"<p>Dois homens foram presos por tr\u00e1fico de drogas e associa\u00e7\u00e3o para o tr\u00e1fico e porte de arma de fogo com acess\u00f3rios restritos em Lajeado. A pris\u00e3o em flagrante dos indiv\u00edduos de 19 e 22 anos ocorreu nesta sexta-feira (22\/7). A pris\u00e3o foi realizada por policiais da Delegacia de Combate ao Crime Organizado (Draco), a partir [&hellip;]<\/p>\n","protected":false},"author":8,"featured_media":109314,"comment_status":"open","ping_status":"open","sticky":false,"template":"","format":"standard","meta":{"pmpro_default_level":"","_jetpack_memberships_contains_paid_content":false,"footnotes":""},"categories":[7],"tags":[539,6338,27,107,540],"class_list":{"0":"post-109313","1":"post","2":"type-post","3":"status-publish","4":"format-standard","5":"has-post-thumbnail","7":"category-seguranca","8":"tag-armas","9":"tag-draco","10":"tag-lajeado","11":"tag-prisao","12":"tag-trafico","13":"pmpro-has-access"},"yoast_head":"<!-- This site is optimized with the Yoast SEO plugin v27.5 - https:\/\/yoast.com\/product\/yoast-seo-wordpress\/ -->\n<title>Homens s\u00e3o presos por tr\u00e1fico de drogas em Lajeado - Folha Popular<\/title>\n<meta name=\"robots\" content=\"index, follow, max-snippet:-1, max-image-preview:large, max-video-preview:-1\" \/>\n<link rel=\"canonical\" href=\"https:\/\/folhapopular.info\/index.php\/2022\/07\/23\/homens-sao-presos-por-trafico-de-drogas-em-lajeado\/\" \/>\n<meta property=\"og:locale\" content=\"pt_BR\" \/>\n<meta property=\"og:type\" content=\"article\" \/>\n<meta property=\"og:title\" content=\"Homens s\u00e3o presos por tr\u00e1fico de drogas em Lajeado - Folha Popular\" \/>\n<meta property=\"og:description\" content=\"Dois homens foram presos por tr\u00e1fico de drogas e associa\u00e7\u00e3o para o tr\u00e1fico e porte de arma de fogo com acess\u00f3rios restritos em Lajeado. A pris\u00e3o em flagrante dos indiv\u00edduos de 19 e 22 anos ocorreu nesta sexta-feira (22\/7). A pris\u00e3o foi realizada por policiais da Delegacia de Combate ao Crime Organizado (Draco), a partir [&hellip;]\" \/>\n<meta property=\"og:url\" content=\"https:\/\/folhapopular.info\/index.php\/2022\/07\/23\/homens-sao-presos-por-trafico-de-drogas-em-lajeado\/\" \/>\n<meta property=\"og:site_name\" content=\"Folha Popular\" \/>\n<meta property=\"article:published_time\" content=\"2022-07-23T19:27:50+00:00\" \/>\n<meta property=\"article:modified_time\" content=\"2022-07-23T19:27:54+00:00\" \/>\n<meta property=\"og:image\" content=\"http:\/\/folhapopular.info\/wp-content\/uploads\/2022\/07\/WhatsApp-Image-2022-07-23-at-14.39.55-e1658604420968.jpeg\" \/>\n\t<meta property=\"og:image:width\" content=\"1200\" \/>\n\t<meta property=\"og:image:height\" content=\"901\" \/>\n\t<meta property=\"og:image:type\" content=\"image\/jpeg\" \/>\n<meta name=\"author\" content=\"Reda\u00e7\u00e3o Folha Popular\" \/>\n<meta name=\"twitter:card\" content=\"summary_large_image\" \/>\n<meta name=\"twitter:label1\" content=\"Escrito por\" \/>\n\t<meta name=\"twitter:data1\" content=\"Reda\u00e7\u00e3o Folha Popular\" \/>\n\t<meta name=\"twitter:label2\" content=\"Est. tempo de leitura\" \/>\n\t<meta name=\"twitter:data2\" content=\"1 minuto\" \/>\n<script type=\"application\/ld+json\" class=\"yoast-schema-graph\">{\"@context\":\"https:\\\/\\\/schema.org\",\"@graph\":[{\"@type\":\"Article\",\"@id\":\"https:\\\/\\\/folhapopular.info\\\/index.php\\\/2022\\\/07\\\/23\\\/homens-sao-presos-por-trafico-de-drogas-em-lajeado\\\/#article\",\"isPartOf\":{\"@id\":\"https:\\\/\\\/folhapopular.info\\\/index.php\\\/2022\\\/07\\\/23\\\/homens-sao-presos-por-trafico-de-drogas-em-lajeado\\\/\"},\"author\":{\"name\":\"Reda\u00e7\u00e3o Folha Popular\",\"@id\":\"https:\\\/\\\/folhapopular.info\\\/#\\\/schema\\\/person\\\/2814e8a0df7643585a9ca38bc6eb9d4b\"},\"headline\":\"Homens s\u00e3o presos por tr\u00e1fico de drogas em Lajeado\",\"datePublished\":\"2022-07-23T19:27:50+00:00\",\"dateModified\":\"2022-07-23T19:27:54+00:00\",\"mainEntityOfPage\":{\"@id\":\"https:\\\/\\\/folhapopular.info\\\/index.php\\\/2022\\\/07\\\/23\\\/homens-sao-presos-por-trafico-de-drogas-em-lajeado\\\/\"},\"wordCount\":150,\"commentCount\":0,\"image\":{\"@id\":\"https:\\\/\\\/folhapopular.info\\\/index.php\\\/2022\\\/07\\\/23\\\/homens-sao-presos-por-trafico-de-drogas-em-lajeado\\\/#primaryimage\"},\"thumbnailUrl\":\"https:\\\/\\\/folhapopular.info\\\/wp-content\\\/uploads\\\/2022\\\/07\\\/WhatsApp-Image-2022-07-23-at-14.39.55-e1658604420968.jpeg\",\"keywords\":[\"armas\",\"Draco\",\"Lajeado\",\"Pris\u00e3o\",\"tr\u00e1fico\"],\"articleSection\":[\"Seguran\u00e7a\"],\"inLanguage\":\"pt-BR\",\"potentialAction\":[{\"@type\":\"CommentAction\",\"name\":\"Comment\",\"target\":[\"https:\\\/\\\/folhapopular.info\\\/index.php\\\/2022\\\/07\\\/23\\\/homens-sao-presos-por-trafico-de-drogas-em-lajeado\\\/#respond\"]}]},{\"@type\":\"WebPage\",\"@id\":\"https:\\\/\\\/folhapopular.info\\\/index.php\\\/2022\\\/07\\\/23\\\/homens-sao-presos-por-trafico-de-drogas-em-lajeado\\\/\",\"url\":\"https:\\\/\\\/folhapopular.info\\\/index.php\\\/2022\\\/07\\\/23\\\/homens-sao-presos-por-trafico-de-drogas-em-lajeado\\\/\",\"name\":\"Homens s\u00e3o presos por tr\u00e1fico de drogas em Lajeado - Folha Popular\",\"isPartOf\":{\"@id\":\"https:\\\/\\\/folhapopular.info\\\/#website\"},\"primaryImageOfPage\":{\"@id\":\"https:\\\/\\\/folhapopular.info\\\/index.php\\\/2022\\\/07\\\/23\\\/homens-sao-presos-por-trafico-de-drogas-em-lajeado\\\/#primaryimage\"},\"image\":{\"@id\":\"https:\\\/\\\/folhapopular.info\\\/index.php\\\/2022\\\/07\\\/23\\\/homens-sao-presos-por-trafico-de-drogas-em-lajeado\\\/#primaryimage\"},\"thumbnailUrl\":\"https:\\\/\\\/folhapopular.info\\\/wp-content\\\/uploads\\\/2022\\\/07\\\/WhatsApp-Image-2022-07-23-at-14.39.55-e1658604420968.jpeg\",\"datePublished\":\"2022-07-23T19:27:50+00:00\",\"dateModified\":\"2022-07-23T19:27:54+00:00\",\"author\":{\"@id\":\"https:\\\/\\\/folhapopular.info\\\/#\\\/schema\\\/person\\\/2814e8a0df7643585a9ca38bc6eb9d4b\"},\"breadcrumb\":{\"@id\":\"https:\\\/\\\/folhapopular.info\\\/index.php\\\/2022\\\/07\\\/23\\\/homens-sao-presos-por-trafico-de-drogas-em-lajeado\\\/#breadcrumb\"},\"inLanguage\":\"pt-BR\",\"potentialAction\":[{\"@type\":\"ReadAction\",\"target\":[\"https:\\\/\\\/folhapopular.info\\\/index.php\\\/2022\\\/07\\\/23\\\/homens-sao-presos-por-trafico-de-drogas-em-lajeado\\\/\"]}]},{\"@type\":\"ImageObject\",\"inLanguage\":\"pt-BR\",\"@id\":\"https:\\\/\\\/folhapopular.info\\\/index.php\\\/2022\\\/07\\\/23\\\/homens-sao-presos-por-trafico-de-drogas-em-lajeado\\\/#primaryimage\",\"url\":\"https:\\\/\\\/folhapopular.info\\\/wp-content\\\/uploads\\\/2022\\\/07\\\/WhatsApp-Image-2022-07-23-at-14.39.55-e1658604420968.jpeg\",\"contentUrl\":\"https:\\\/\\\/folhapopular.info\\\/wp-content\\\/uploads\\\/2022\\\/07\\\/WhatsApp-Image-2022-07-23-at-14.39.55-e1658604420968.jpeg\",\"width\":1200,\"height\":901},{\"@type\":\"BreadcrumbList\",\"@id\":\"https:\\\/\\\/folhapopular.info\\\/index.php\\\/2022\\\/07\\\/23\\\/homens-sao-presos-por-trafico-de-drogas-em-lajeado\\\/#breadcrumb\",\"itemListElement\":[{\"@type\":\"ListItem\",\"position\":1,\"name\":\"In\u00edcio\",\"item\":\"https:\\\/\\\/folhapopular.info\\\/\"},{\"@type\":\"ListItem\",\"position\":2,\"name\":\"Homens s\u00e3o presos por tr\u00e1fico de drogas em Lajeado\"}]},{\"@type\":\"WebSite\",\"@id\":\"https:\\\/\\\/folhapopular.info\\\/#website\",\"url\":\"https:\\\/\\\/folhapopular.info\\\/\",\"name\":\"Folha Popular\",\"description\":\"Onde voc\u00ea tem vez e voz\",\"potentialAction\":[{\"@type\":\"SearchAction\",\"target\":{\"@type\":\"EntryPoint\",\"urlTemplate\":\"https:\\\/\\\/folhapopular.info\\\/?s={search_term_string}\"},\"query-input\":{\"@type\":\"PropertyValueSpecification\",\"valueRequired\":true,\"valueName\":\"search_term_string\"}}],\"inLanguage\":\"pt-BR\"},{\"@type\":\"Person\",\"@id\":\"https:\\\/\\\/folhapopular.info\\\/#\\\/schema\\\/person\\\/2814e8a0df7643585a9ca38bc6eb9d4b\",\"name\":\"Reda\u00e7\u00e3o Folha Popular\",\"image\":{\"@type\":\"ImageObject\",\"inLanguage\":\"pt-BR\",\"@id\":\"https:\\\/\\\/folhapopular.info\\\/wp-content\\\/uploads\\\/2026\\\/04\\\/Folha-1.webp\",\"url\":\"https:\\\/\\\/folhapopular.info\\\/wp-content\\\/uploads\\\/2026\\\/04\\\/Folha-1.webp\",\"contentUrl\":\"https:\\\/\\\/folhapopular.info\\\/wp-content\\\/uploads\\\/2026\\\/04\\\/Folha-1.webp\",\"caption\":\"Reda\u00e7\u00e3o Folha Popular\"},\"url\":\"https:\\\/\\\/folhapopular.info\\\/index.php\\\/author\\\/redacao\\\/\"}]}<\/script>\n<!-- \/ Yoast SEO plugin. -->","yoast_head_json":{"title":"Homens s\u00e3o presos por tr\u00e1fico de drogas em Lajeado - Folha Popular","robots":{"index":"index","follow":"follow","max-snippet":"max-snippet:-1","max-image-preview":"max-image-preview:large","max-video-preview":"max-video-preview:-1"},"canonical":"https:\/\/folhapopular.info\/index.php\/2022\/07\/23\/homens-sao-presos-por-trafico-de-drogas-em-lajeado\/","og_locale":"pt_BR","og_type":"article","og_title":"Homens s\u00e3o presos por tr\u00e1fico de drogas em Lajeado - Folha Popular","og_description":"Dois homens foram presos por tr\u00e1fico de drogas e associa\u00e7\u00e3o para o tr\u00e1fico e porte de arma de fogo com acess\u00f3rios restritos em Lajeado. A pris\u00e3o em flagrante dos indiv\u00edduos de 19 e 22 anos ocorreu nesta sexta-feira (22\/7). A pris\u00e3o foi realizada por policiais da Delegacia de Combate ao Crime Organizado (Draco), a partir [&hellip;]","og_url":"https:\/\/folhapopular.info\/index.php\/2022\/07\/23\/homens-sao-presos-por-trafico-de-drogas-em-lajeado\/","og_site_name":"Folha Popular","article_published_time":"2022-07-23T19:27:50+00:00","article_modified_time":"2022-07-23T19:27:54+00:00","og_image":[{"width":1200,"height":901,"url":"http:\/\/folhapopular.info\/wp-content\/uploads\/2022\/07\/WhatsApp-Image-2022-07-23-at-14.39.55-e1658604420968.jpeg","type":"image\/jpeg"}],"author":"Reda\u00e7\u00e3o Folha Popular","twitter_card":"summary_large_image","twitter_misc":{"Escrito por":"Reda\u00e7\u00e3o Folha Popular","Est. tempo de leitura":"1 minuto"},"schema":{"@context":"https:\/\/schema.org","@graph":[{"@type":"Article","@id":"https:\/\/folhapopular.info\/index.php\/2022\/07\/23\/homens-sao-presos-por-trafico-de-drogas-em-lajeado\/#article","isPartOf":{"@id":"https:\/\/folhapopular.info\/index.php\/2022\/07\/23\/homens-sao-presos-por-trafico-de-drogas-em-lajeado\/"},"author":{"name":"Reda\u00e7\u00e3o Folha Popular","@id":"https:\/\/folhapopular.info\/#\/schema\/person\/2814e8a0df7643585a9ca38bc6eb9d4b"},"headline":"Homens s\u00e3o presos por tr\u00e1fico de drogas em Lajeado","datePublished":"2022-07-23T19:27:50+00:00","dateModified":"2022-07-23T19:27:54+00:00","mainEntityOfPage":{"@id":"https:\/\/folhapopular.info\/index.php\/2022\/07\/23\/homens-sao-presos-por-trafico-de-drogas-em-lajeado\/"},"wordCount":150,"commentCount":0,"image":{"@id":"https:\/\/folhapopular.info\/index.php\/2022\/07\/23\/homens-sao-presos-por-trafico-de-drogas-em-lajeado\/#primaryimage"},"thumbnailUrl":"https:\/\/folhapopular.info\/wp-content\/uploads\/2022\/07\/WhatsApp-Image-2022-07-23-at-14.39.55-e1658604420968.jpeg","keywords":["armas","Draco","Lajeado","Pris\u00e3o","tr\u00e1fico"],"articleSection":["Seguran\u00e7a"],"inLanguage":"pt-BR","potentialAction":[{"@type":"CommentAction","name":"Comment","target":["https:\/\/folhapopular.info\/index.php\/2022\/07\/23\/homens-sao-presos-por-trafico-de-drogas-em-lajeado\/#respond"]}]},{"@type":"WebPage","@id":"https:\/\/folhapopular.info\/index.php\/2022\/07\/23\/homens-sao-presos-por-trafico-de-drogas-em-lajeado\/","url":"https:\/\/folhapopular.info\/index.php\/2022\/07\/23\/homens-sao-presos-por-trafico-de-drogas-em-lajeado\/","name":"Homens s\u00e3o presos por tr\u00e1fico de drogas em Lajeado - Folha Popular","isPartOf":{"@id":"https:\/\/folhapopular.info\/#website"},"primaryImageOfPage":{"@id":"https:\/\/folhapopular.info\/index.php\/2022\/07\/23\/homens-sao-presos-por-trafico-de-drogas-em-lajeado\/#primaryimage"},"image":{"@id":"https:\/\/folhapopular.info\/index.php\/2022\/07\/23\/homens-sao-presos-por-trafico-de-drogas-em-lajeado\/#primaryimage"},"thumbnailUrl":"https:\/\/folhapopular.info\/wp-content\/uploads\/2022\/07\/WhatsApp-Image-2022-07-23-at-14.39.55-e1658604420968.jpeg","datePublished":"2022-07-23T19:27:50+00:00","dateModified":"2022-07-23T19:27:54+00:00","author":{"@id":"https:\/\/folhapopular.info\/#\/schema\/person\/2814e8a0df7643585a9ca38bc6eb9d4b"},"breadcrumb":{"@id":"https:\/\/folhapopular.info\/index.php\/2022\/07\/23\/homens-sao-presos-por-trafico-de-drogas-em-lajeado\/#breadcrumb"},"inLanguage":"pt-BR","potentialAction":[{"@type":"ReadAction","target":["https:\/\/folhapopular.info\/index.php\/2022\/07\/23\/homens-sao-presos-por-trafico-de-drogas-em-lajeado\/"]}]},{"@type":"ImageObject","inLanguage":"pt-BR","@id":"https:\/\/folhapopular.info\/index.php\/2022\/07\/23\/homens-sao-presos-por-trafico-de-drogas-em-lajeado\/#primaryimage","url":"https:\/\/folhapopular.info\/wp-content\/uploads\/2022\/07\/WhatsApp-Image-2022-07-23-at-14.39.55-e1658604420968.jpeg","contentUrl":"https:\/\/folhapopular.info\/wp-content\/uploads\/2022\/07\/WhatsApp-Image-2022-07-23-at-14.39.55-e1658604420968.jpeg","width":1200,"height":901},{"@type":"BreadcrumbList","@id":"https:\/\/folhapopular.info\/index.php\/2022\/07\/23\/homens-sao-presos-por-trafico-de-drogas-em-lajeado\/#breadcrumb","itemListElement":[{"@type":"ListItem","position":1,"name":"In\u00edcio","item":"https:\/\/folhapopular.info\/"},{"@type":"ListItem","position":2,"name":"Homens s\u00e3o presos por tr\u00e1fico de drogas em Lajeado"}]},{"@type":"WebSite","@id":"https:\/\/folhapopular.info\/#website","url":"https:\/\/folhapopular.info\/","name":"Folha Popular","description":"Onde voc\u00ea tem vez e voz","potentialAction":[{"@type":"SearchAction","target":{"@type":"EntryPoint","urlTemplate":"https:\/\/folhapopular.info\/?s={search_term_string}"},"query-input":{"@type":"PropertyValueSpecification","valueRequired":true,"valueName":"search_term_string"}}],"inLanguage":"pt-BR"},{"@type":"Person","@id":"https:\/\/folhapopular.info\/#\/schema\/person\/2814e8a0df7643585a9ca38bc6eb9d4b","name":"Reda\u00e7\u00e3o Folha Popular","image":{"@type":"ImageObject","inLanguage":"pt-BR","@id":"https:\/\/folhapopular.info\/wp-content\/uploads\/2026\/04\/Folha-1.webp","url":"https:\/\/folhapopular.info\/wp-content\/uploads\/2026\/04\/Folha-1.webp","contentUrl":"https:\/\/folhapopular.info\/wp-content\/uploads\/2026\/04\/Folha-1.webp","caption":"Reda\u00e7\u00e3o Folha Popular"},"url":"https:\/\/folhapopular.info\/index.php\/author\/redacao\/"}]}},"jetpack_featured_media_url":"https:\/\/folhapopular.info\/wp-content\/uploads\/2022\/07\/WhatsApp-Image-2022-07-23-at-14.39.55-e1658604420968.jpeg","jetpack_sharing_enabled":true,"amp_enabled":true,"_links":{"self":[{"href":"https:\/\/folhapopular.info\/index.php\/wp-json\/wp\/v2\/posts\/109313","targetHints":{"allow":["GET"]}}],"collection":[{"href":"https:\/\/folhapopular.info\/index.php\/wp-json\/wp\/v2\/posts"}],"about":[{"href":"https:\/\/folhapopular.info\/index.php\/wp-json\/wp\/v2\/types\/post"}],"author":[{"embeddable":true,"href":"https:\/\/folhapopular.info\/index.php\/wp-json\/wp\/v2\/users\/8"}],"replies":[{"embeddable":true,"href":"https:\/\/folhapopular.info\/index.php\/wp-json\/wp\/v2\/comments?post=109313"}],"version-history":[{"count":0,"href":"https:\/\/folhapopular.info\/index.php\/wp-json\/wp\/v2\/posts\/109313\/revisions"}],"wp:featuredmedia":[{"embeddable":true,"href":"https:\/\/folhapopular.info\/index.php\/wp-json\/wp\/v2\/media\/109314"}],"wp:attachment":[{"href":"https:\/\/folhapopular.info\/index.php\/wp-json\/wp\/v2\/media?parent=109313"}],"wp:term":[{"taxonomy":"category","embeddable":true,"href":"https:\/\/folhapopular.info\/index.php\/wp-json\/wp\/v2\/categories?post=109313"},{"taxonomy":"post_tag","embeddable":true,"href":"https:\/\/folhapopular.info\/index.php\/wp-json\/wp\/v2\/tags?post=109313"}],"curies":[{"name":"wp","href":"https:\/\/api.w.org\/{rel}","templated":true}]}}