{"id":109321,"date":"2022-07-24T08:40:11","date_gmt":"2022-07-24T11:40:11","guid":{"rendered":"https:\/\/folhapopular.info\/?p=109321"},"modified":"2022-07-24T08:40:17","modified_gmt":"2022-07-24T11:40:17","slug":"homem-e-preso-por-porte-ilegal-de-armas-em-lajeado","status":"publish","type":"post","link":"https:\/\/folhapopular.info\/index.php\/2022\/07\/24\/homem-e-preso-por-porte-ilegal-de-armas-em-lajeado\/","title":{"rendered":"Homem \u00e9 preso por porte ilegal de armas em Lajeado"},"content":{"rendered":"\n<p>Um homem foi preso por porte ilegal de armas em Lajeado na tarde desse s\u00e1bado (23\/7). O indiv\u00edduo de 37 anos foi preso no Bairro Olarias. <\/p>\n\n\n\n<p>A Brigada Militar recebeu uma den\u00fancia de que ele estava caminhando em via p\u00fablica, portando uma arma. <\/p>\n\n\n\n<p>O homem foi localizado em frente a sua resid\u00eancia. Ap\u00f3s revista pessoal, nada foi localizado. Ele negou as acusa\u00e7\u00f5es da den\u00fancia. <\/p>\n\n\n\n<p>O tio dele autorizou a entrada dos policiais na resid\u00eancia. Na casa, junto \u00e0 cama do acusado, foi localizada uma espingarda calibre 12 (furtada em 2017), 10 muni\u00e7\u00f5es calibre 12, 26 muni\u00e7\u00f5es calibre 9mm, duas capas t\u00e1ticas de colete e quatro placas bal\u00edstica de cer\u00e2mica. <\/p>\n\n\n\n<p>O indiv\u00edduo confessou ser\u00a0 o propriet\u00e1rio dos objetos. Ele foi encaminhado \u00e0 Delegacia de Pol\u00edcia. Ele j\u00e1 possu\u00eda antecedentes criminais por amea\u00e7a e furto de ve\u00edculo.<\/p>\n","protected":false},"excerpt":{"rendered":"<p>Um homem foi preso por porte ilegal de armas em Lajeado na tarde desse s\u00e1bado (23\/7). O indiv\u00edduo de 37 anos foi preso no Bairro Olarias. A Brigada Militar recebeu uma den\u00fancia de que ele estava caminhando em via p\u00fablica, portando uma arma. O homem foi localizado em frente a sua resid\u00eancia. Ap\u00f3s revista pessoal, [&hellip;]<\/p>\n","protected":false},"author":8,"featured_media":109322,"comment_status":"open","ping_status":"open","sticky":false,"template":"","format":"standard","meta":{"pmpro_default_level":"","_jetpack_memberships_contains_paid_content":false,"footnotes":""},"categories":[7],"tags":[27,2659,107],"class_list":{"0":"post-109321","1":"post","2":"type-post","3":"status-publish","4":"format-standard","5":"has-post-thumbnail","7":"category-seguranca","8":"tag-lajeado","9":"tag-porte-ilegal-de-arma","10":"tag-prisao","11":"pmpro-has-access"},"yoast_head":"<!-- This site is optimized with the Yoast SEO plugin v27.5 - https:\/\/yoast.com\/product\/yoast-seo-wordpress\/ -->\n<title>Homem \u00e9 preso por porte ilegal de armas em Lajeado - Folha Popular<\/title>\n<meta name=\"robots\" content=\"index, follow, max-snippet:-1, max-image-preview:large, max-video-preview:-1\" \/>\n<link rel=\"canonical\" href=\"https:\/\/folhapopular.info\/index.php\/2022\/07\/24\/homem-e-preso-por-porte-ilegal-de-armas-em-lajeado\/\" \/>\n<meta property=\"og:locale\" content=\"pt_BR\" \/>\n<meta property=\"og:type\" content=\"article\" \/>\n<meta property=\"og:title\" content=\"Homem \u00e9 preso por porte ilegal de armas em Lajeado - Folha Popular\" \/>\n<meta property=\"og:description\" content=\"Um homem foi preso por porte ilegal de armas em Lajeado na tarde desse s\u00e1bado (23\/7). O indiv\u00edduo de 37 anos foi preso no Bairro Olarias. A Brigada Militar recebeu uma den\u00fancia de que ele estava caminhando em via p\u00fablica, portando uma arma. O homem foi localizado em frente a sua resid\u00eancia. Ap\u00f3s revista pessoal, [&hellip;]\" \/>\n<meta property=\"og:url\" content=\"https:\/\/folhapopular.info\/index.php\/2022\/07\/24\/homem-e-preso-por-porte-ilegal-de-armas-em-lajeado\/\" \/>\n<meta property=\"og:site_name\" content=\"Folha Popular\" \/>\n<meta property=\"article:published_time\" content=\"2022-07-24T11:40:11+00:00\" \/>\n<meta property=\"article:modified_time\" content=\"2022-07-24T11:40:17+00:00\" \/>\n<meta property=\"og:image\" content=\"http:\/\/folhapopular.info\/wp-content\/uploads\/2022\/07\/WhatsApp-Image-2022-07-24-at-08.38.32.jpeg\" \/>\n\t<meta property=\"og:image:width\" content=\"1080\" \/>\n\t<meta property=\"og:image:height\" content=\"586\" \/>\n\t<meta property=\"og:image:type\" content=\"image\/jpeg\" \/>\n<meta name=\"author\" content=\"Reda\u00e7\u00e3o Folha Popular\" \/>\n<meta name=\"twitter:card\" content=\"summary_large_image\" \/>\n<meta name=\"twitter:label1\" content=\"Escrito por\" \/>\n\t<meta name=\"twitter:data1\" content=\"Reda\u00e7\u00e3o Folha Popular\" \/>\n\t<meta name=\"twitter:label2\" content=\"Est. tempo de leitura\" \/>\n\t<meta name=\"twitter:data2\" content=\"1 minuto\" \/>\n<script type=\"application\/ld+json\" class=\"yoast-schema-graph\">{\"@context\":\"https:\\\/\\\/schema.org\",\"@graph\":[{\"@type\":\"Article\",\"@id\":\"https:\\\/\\\/folhapopular.info\\\/index.php\\\/2022\\\/07\\\/24\\\/homem-e-preso-por-porte-ilegal-de-armas-em-lajeado\\\/#article\",\"isPartOf\":{\"@id\":\"https:\\\/\\\/folhapopular.info\\\/index.php\\\/2022\\\/07\\\/24\\\/homem-e-preso-por-porte-ilegal-de-armas-em-lajeado\\\/\"},\"author\":{\"name\":\"Reda\u00e7\u00e3o Folha Popular\",\"@id\":\"https:\\\/\\\/folhapopular.info\\\/#\\\/schema\\\/person\\\/2814e8a0df7643585a9ca38bc6eb9d4b\"},\"headline\":\"Homem \u00e9 preso por porte ilegal de armas em Lajeado\",\"datePublished\":\"2022-07-24T11:40:11+00:00\",\"dateModified\":\"2022-07-24T11:40:17+00:00\",\"mainEntityOfPage\":{\"@id\":\"https:\\\/\\\/folhapopular.info\\\/index.php\\\/2022\\\/07\\\/24\\\/homem-e-preso-por-porte-ilegal-de-armas-em-lajeado\\\/\"},\"wordCount\":155,\"commentCount\":0,\"image\":{\"@id\":\"https:\\\/\\\/folhapopular.info\\\/index.php\\\/2022\\\/07\\\/24\\\/homem-e-preso-por-porte-ilegal-de-armas-em-lajeado\\\/#primaryimage\"},\"thumbnailUrl\":\"https:\\\/\\\/folhapopular.info\\\/wp-content\\\/uploads\\\/2022\\\/07\\\/WhatsApp-Image-2022-07-24-at-08.38.32.jpeg\",\"keywords\":[\"Lajeado\",\"Porte Ilegal de Arma\",\"Pris\u00e3o\"],\"articleSection\":[\"Seguran\u00e7a\"],\"inLanguage\":\"pt-BR\",\"potentialAction\":[{\"@type\":\"CommentAction\",\"name\":\"Comment\",\"target\":[\"https:\\\/\\\/folhapopular.info\\\/index.php\\\/2022\\\/07\\\/24\\\/homem-e-preso-por-porte-ilegal-de-armas-em-lajeado\\\/#respond\"]}]},{\"@type\":\"WebPage\",\"@id\":\"https:\\\/\\\/folhapopular.info\\\/index.php\\\/2022\\\/07\\\/24\\\/homem-e-preso-por-porte-ilegal-de-armas-em-lajeado\\\/\",\"url\":\"https:\\\/\\\/folhapopular.info\\\/index.php\\\/2022\\\/07\\\/24\\\/homem-e-preso-por-porte-ilegal-de-armas-em-lajeado\\\/\",\"name\":\"Homem \u00e9 preso por porte ilegal de armas em Lajeado - Folha Popular\",\"isPartOf\":{\"@id\":\"https:\\\/\\\/folhapopular.info\\\/#website\"},\"primaryImageOfPage\":{\"@id\":\"https:\\\/\\\/folhapopular.info\\\/index.php\\\/2022\\\/07\\\/24\\\/homem-e-preso-por-porte-ilegal-de-armas-em-lajeado\\\/#primaryimage\"},\"image\":{\"@id\":\"https:\\\/\\\/folhapopular.info\\\/index.php\\\/2022\\\/07\\\/24\\\/homem-e-preso-por-porte-ilegal-de-armas-em-lajeado\\\/#primaryimage\"},\"thumbnailUrl\":\"https:\\\/\\\/folhapopular.info\\\/wp-content\\\/uploads\\\/2022\\\/07\\\/WhatsApp-Image-2022-07-24-at-08.38.32.jpeg\",\"datePublished\":\"2022-07-24T11:40:11+00:00\",\"dateModified\":\"2022-07-24T11:40:17+00:00\",\"author\":{\"@id\":\"https:\\\/\\\/folhapopular.info\\\/#\\\/schema\\\/person\\\/2814e8a0df7643585a9ca38bc6eb9d4b\"},\"breadcrumb\":{\"@id\":\"https:\\\/\\\/folhapopular.info\\\/index.php\\\/2022\\\/07\\\/24\\\/homem-e-preso-por-porte-ilegal-de-armas-em-lajeado\\\/#breadcrumb\"},\"inLanguage\":\"pt-BR\",\"potentialAction\":[{\"@type\":\"ReadAction\",\"target\":[\"https:\\\/\\\/folhapopular.info\\\/index.php\\\/2022\\\/07\\\/24\\\/homem-e-preso-por-porte-ilegal-de-armas-em-lajeado\\\/\"]}]},{\"@type\":\"ImageObject\",\"inLanguage\":\"pt-BR\",\"@id\":\"https:\\\/\\\/folhapopular.info\\\/index.php\\\/2022\\\/07\\\/24\\\/homem-e-preso-por-porte-ilegal-de-armas-em-lajeado\\\/#primaryimage\",\"url\":\"https:\\\/\\\/folhapopular.info\\\/wp-content\\\/uploads\\\/2022\\\/07\\\/WhatsApp-Image-2022-07-24-at-08.38.32.jpeg\",\"contentUrl\":\"https:\\\/\\\/folhapopular.info\\\/wp-content\\\/uploads\\\/2022\\\/07\\\/WhatsApp-Image-2022-07-24-at-08.38.32.jpeg\",\"width\":1080,\"height\":586,\"caption\":\"Material apreendido pela BM\"},{\"@type\":\"BreadcrumbList\",\"@id\":\"https:\\\/\\\/folhapopular.info\\\/index.php\\\/2022\\\/07\\\/24\\\/homem-e-preso-por-porte-ilegal-de-armas-em-lajeado\\\/#breadcrumb\",\"itemListElement\":[{\"@type\":\"ListItem\",\"position\":1,\"name\":\"In\u00edcio\",\"item\":\"https:\\\/\\\/folhapopular.info\\\/\"},{\"@type\":\"ListItem\",\"position\":2,\"name\":\"Homem \u00e9 preso por porte ilegal de armas em Lajeado\"}]},{\"@type\":\"WebSite\",\"@id\":\"https:\\\/\\\/folhapopular.info\\\/#website\",\"url\":\"https:\\\/\\\/folhapopular.info\\\/\",\"name\":\"Folha Popular\",\"description\":\"Onde voc\u00ea tem vez e voz\",\"potentialAction\":[{\"@type\":\"SearchAction\",\"target\":{\"@type\":\"EntryPoint\",\"urlTemplate\":\"https:\\\/\\\/folhapopular.info\\\/?s={search_term_string}\"},\"query-input\":{\"@type\":\"PropertyValueSpecification\",\"valueRequired\":true,\"valueName\":\"search_term_string\"}}],\"inLanguage\":\"pt-BR\"},{\"@type\":\"Person\",\"@id\":\"https:\\\/\\\/folhapopular.info\\\/#\\\/schema\\\/person\\\/2814e8a0df7643585a9ca38bc6eb9d4b\",\"name\":\"Reda\u00e7\u00e3o Folha Popular\",\"image\":{\"@type\":\"ImageObject\",\"inLanguage\":\"pt-BR\",\"@id\":\"https:\\\/\\\/folhapopular.info\\\/wp-content\\\/uploads\\\/2026\\\/04\\\/Folha-1.webp\",\"url\":\"https:\\\/\\\/folhapopular.info\\\/wp-content\\\/uploads\\\/2026\\\/04\\\/Folha-1.webp\",\"contentUrl\":\"https:\\\/\\\/folhapopular.info\\\/wp-content\\\/uploads\\\/2026\\\/04\\\/Folha-1.webp\",\"caption\":\"Reda\u00e7\u00e3o Folha Popular\"},\"url\":\"https:\\\/\\\/folhapopular.info\\\/index.php\\\/author\\\/redacao\\\/\"}]}<\/script>\n<!-- \/ Yoast SEO plugin. -->","yoast_head_json":{"title":"Homem \u00e9 preso por porte ilegal de armas em Lajeado - Folha Popular","robots":{"index":"index","follow":"follow","max-snippet":"max-snippet:-1","max-image-preview":"max-image-preview:large","max-video-preview":"max-video-preview:-1"},"canonical":"https:\/\/folhapopular.info\/index.php\/2022\/07\/24\/homem-e-preso-por-porte-ilegal-de-armas-em-lajeado\/","og_locale":"pt_BR","og_type":"article","og_title":"Homem \u00e9 preso por porte ilegal de armas em Lajeado - Folha Popular","og_description":"Um homem foi preso por porte ilegal de armas em Lajeado na tarde desse s\u00e1bado (23\/7). O indiv\u00edduo de 37 anos foi preso no Bairro Olarias. A Brigada Militar recebeu uma den\u00fancia de que ele estava caminhando em via p\u00fablica, portando uma arma. O homem foi localizado em frente a sua resid\u00eancia. Ap\u00f3s revista pessoal, [&hellip;]","og_url":"https:\/\/folhapopular.info\/index.php\/2022\/07\/24\/homem-e-preso-por-porte-ilegal-de-armas-em-lajeado\/","og_site_name":"Folha Popular","article_published_time":"2022-07-24T11:40:11+00:00","article_modified_time":"2022-07-24T11:40:17+00:00","og_image":[{"width":1080,"height":586,"url":"http:\/\/folhapopular.info\/wp-content\/uploads\/2022\/07\/WhatsApp-Image-2022-07-24-at-08.38.32.jpeg","type":"image\/jpeg"}],"author":"Reda\u00e7\u00e3o Folha Popular","twitter_card":"summary_large_image","twitter_misc":{"Escrito por":"Reda\u00e7\u00e3o Folha Popular","Est. tempo de leitura":"1 minuto"},"schema":{"@context":"https:\/\/schema.org","@graph":[{"@type":"Article","@id":"https:\/\/folhapopular.info\/index.php\/2022\/07\/24\/homem-e-preso-por-porte-ilegal-de-armas-em-lajeado\/#article","isPartOf":{"@id":"https:\/\/folhapopular.info\/index.php\/2022\/07\/24\/homem-e-preso-por-porte-ilegal-de-armas-em-lajeado\/"},"author":{"name":"Reda\u00e7\u00e3o Folha Popular","@id":"https:\/\/folhapopular.info\/#\/schema\/person\/2814e8a0df7643585a9ca38bc6eb9d4b"},"headline":"Homem \u00e9 preso por porte ilegal de armas em Lajeado","datePublished":"2022-07-24T11:40:11+00:00","dateModified":"2022-07-24T11:40:17+00:00","mainEntityOfPage":{"@id":"https:\/\/folhapopular.info\/index.php\/2022\/07\/24\/homem-e-preso-por-porte-ilegal-de-armas-em-lajeado\/"},"wordCount":155,"commentCount":0,"image":{"@id":"https:\/\/folhapopular.info\/index.php\/2022\/07\/24\/homem-e-preso-por-porte-ilegal-de-armas-em-lajeado\/#primaryimage"},"thumbnailUrl":"https:\/\/folhapopular.info\/wp-content\/uploads\/2022\/07\/WhatsApp-Image-2022-07-24-at-08.38.32.jpeg","keywords":["Lajeado","Porte Ilegal de Arma","Pris\u00e3o"],"articleSection":["Seguran\u00e7a"],"inLanguage":"pt-BR","potentialAction":[{"@type":"CommentAction","name":"Comment","target":["https:\/\/folhapopular.info\/index.php\/2022\/07\/24\/homem-e-preso-por-porte-ilegal-de-armas-em-lajeado\/#respond"]}]},{"@type":"WebPage","@id":"https:\/\/folhapopular.info\/index.php\/2022\/07\/24\/homem-e-preso-por-porte-ilegal-de-armas-em-lajeado\/","url":"https:\/\/folhapopular.info\/index.php\/2022\/07\/24\/homem-e-preso-por-porte-ilegal-de-armas-em-lajeado\/","name":"Homem \u00e9 preso por porte ilegal de armas em Lajeado - Folha Popular","isPartOf":{"@id":"https:\/\/folhapopular.info\/#website"},"primaryImageOfPage":{"@id":"https:\/\/folhapopular.info\/index.php\/2022\/07\/24\/homem-e-preso-por-porte-ilegal-de-armas-em-lajeado\/#primaryimage"},"image":{"@id":"https:\/\/folhapopular.info\/index.php\/2022\/07\/24\/homem-e-preso-por-porte-ilegal-de-armas-em-lajeado\/#primaryimage"},"thumbnailUrl":"https:\/\/folhapopular.info\/wp-content\/uploads\/2022\/07\/WhatsApp-Image-2022-07-24-at-08.38.32.jpeg","datePublished":"2022-07-24T11:40:11+00:00","dateModified":"2022-07-24T11:40:17+00:00","author":{"@id":"https:\/\/folhapopular.info\/#\/schema\/person\/2814e8a0df7643585a9ca38bc6eb9d4b"},"breadcrumb":{"@id":"https:\/\/folhapopular.info\/index.php\/2022\/07\/24\/homem-e-preso-por-porte-ilegal-de-armas-em-lajeado\/#breadcrumb"},"inLanguage":"pt-BR","potentialAction":[{"@type":"ReadAction","target":["https:\/\/folhapopular.info\/index.php\/2022\/07\/24\/homem-e-preso-por-porte-ilegal-de-armas-em-lajeado\/"]}]},{"@type":"ImageObject","inLanguage":"pt-BR","@id":"https:\/\/folhapopular.info\/index.php\/2022\/07\/24\/homem-e-preso-por-porte-ilegal-de-armas-em-lajeado\/#primaryimage","url":"https:\/\/folhapopular.info\/wp-content\/uploads\/2022\/07\/WhatsApp-Image-2022-07-24-at-08.38.32.jpeg","contentUrl":"https:\/\/folhapopular.info\/wp-content\/uploads\/2022\/07\/WhatsApp-Image-2022-07-24-at-08.38.32.jpeg","width":1080,"height":586,"caption":"Material apreendido pela BM"},{"@type":"BreadcrumbList","@id":"https:\/\/folhapopular.info\/index.php\/2022\/07\/24\/homem-e-preso-por-porte-ilegal-de-armas-em-lajeado\/#breadcrumb","itemListElement":[{"@type":"ListItem","position":1,"name":"In\u00edcio","item":"https:\/\/folhapopular.info\/"},{"@type":"ListItem","position":2,"name":"Homem \u00e9 preso por porte ilegal de armas em Lajeado"}]},{"@type":"WebSite","@id":"https:\/\/folhapopular.info\/#website","url":"https:\/\/folhapopular.info\/","name":"Folha Popular","description":"Onde voc\u00ea tem vez e voz","potentialAction":[{"@type":"SearchAction","target":{"@type":"EntryPoint","urlTemplate":"https:\/\/folhapopular.info\/?s={search_term_string}"},"query-input":{"@type":"PropertyValueSpecification","valueRequired":true,"valueName":"search_term_string"}}],"inLanguage":"pt-BR"},{"@type":"Person","@id":"https:\/\/folhapopular.info\/#\/schema\/person\/2814e8a0df7643585a9ca38bc6eb9d4b","name":"Reda\u00e7\u00e3o Folha Popular","image":{"@type":"ImageObject","inLanguage":"pt-BR","@id":"https:\/\/folhapopular.info\/wp-content\/uploads\/2026\/04\/Folha-1.webp","url":"https:\/\/folhapopular.info\/wp-content\/uploads\/2026\/04\/Folha-1.webp","contentUrl":"https:\/\/folhapopular.info\/wp-content\/uploads\/2026\/04\/Folha-1.webp","caption":"Reda\u00e7\u00e3o Folha Popular"},"url":"https:\/\/folhapopular.info\/index.php\/author\/redacao\/"}]}},"jetpack_featured_media_url":"https:\/\/folhapopular.info\/wp-content\/uploads\/2022\/07\/WhatsApp-Image-2022-07-24-at-08.38.32.jpeg","jetpack_sharing_enabled":true,"amp_enabled":true,"_links":{"self":[{"href":"https:\/\/folhapopular.info\/index.php\/wp-json\/wp\/v2\/posts\/109321","targetHints":{"allow":["GET"]}}],"collection":[{"href":"https:\/\/folhapopular.info\/index.php\/wp-json\/wp\/v2\/posts"}],"about":[{"href":"https:\/\/folhapopular.info\/index.php\/wp-json\/wp\/v2\/types\/post"}],"author":[{"embeddable":true,"href":"https:\/\/folhapopular.info\/index.php\/wp-json\/wp\/v2\/users\/8"}],"replies":[{"embeddable":true,"href":"https:\/\/folhapopular.info\/index.php\/wp-json\/wp\/v2\/comments?post=109321"}],"version-history":[{"count":0,"href":"https:\/\/folhapopular.info\/index.php\/wp-json\/wp\/v2\/posts\/109321\/revisions"}],"wp:featuredmedia":[{"embeddable":true,"href":"https:\/\/folhapopular.info\/index.php\/wp-json\/wp\/v2\/media\/109322"}],"wp:attachment":[{"href":"https:\/\/folhapopular.info\/index.php\/wp-json\/wp\/v2\/media?parent=109321"}],"wp:term":[{"taxonomy":"category","embeddable":true,"href":"https:\/\/folhapopular.info\/index.php\/wp-json\/wp\/v2\/categories?post=109321"},{"taxonomy":"post_tag","embeddable":true,"href":"https:\/\/folhapopular.info\/index.php\/wp-json\/wp\/v2\/tags?post=109321"}],"curies":[{"name":"wp","href":"https:\/\/api.w.org\/{rel}","templated":true}]}}