{"id":109371,"date":"2022-07-25T10:20:01","date_gmt":"2022-07-25T13:20:01","guid":{"rendered":"https:\/\/folhapopular.info\/?p=109371"},"modified":"2022-07-25T10:20:12","modified_gmt":"2022-07-25T13:20:12","slug":"sao-rafael-e-cruzeiro-comemoram-titulos-da-taca-integracao-sicredi-aslivata","status":"publish","type":"post","link":"https:\/\/folhapopular.info\/index.php\/2022\/07\/25\/sao-rafael-e-cruzeiro-comemoram-titulos-da-taca-integracao-sicredi-aslivata\/","title":{"rendered":"S\u00e3o Rafael e Cruzeiro comemoram t\u00edtulos da Ta\u00e7a Integra\u00e7\u00e3o Sicredi Aslivata"},"content":{"rendered":"\n<p>A SER S\u00e3o Rafael goleou o EC Minuano de Canudos do Vale por 5 a 0 e ficou com a ta\u00e7a na categoria Titulares da Ta\u00e7a Integra\u00e7\u00e3o Sicredi Aslivata 2022. O jogo decisivo foi disputado domingo (24\/7), em Cruzeiro do Sul, com mais de 2 mil pessoas presentes.<\/p>\n\n\n\n<p>O visitante perdeu uma grande chance nos primeiros minutos. Depois disso, o time da casa dominou o jogo e venceu sem maiores dificuldades. Guto Klafke abriu o placar aos 26 minutos e William Kochemborger ampliou dois minutos depois. Fabr\u00edcio fez o terceiro e Pep\u00ea Demichei o quarto ainda no primeiro tempo.<\/p>\n\n\n\n<p>Na segunda etapa, no primeiro toque na bola, Renato Marin fez o quinto e a equipe verde branco comemorou o t\u00edtulo.<\/p>\n\n\n\n<figure class=\"wp-block-image size-large\"><img loading=\"lazy\" decoding=\"async\" width=\"1024\" height=\"682\" src=\"https:\/\/folhapopular.info\/wp-content\/uploads\/2022\/07\/WhatsApp-Image-2022-07-25-at-09.31.58-1024x682.jpeg\" alt=\"\" class=\"wp-image-109373\" srcset=\"https:\/\/folhapopular.info\/wp-content\/uploads\/2022\/07\/WhatsApp-Image-2022-07-25-at-09.31.58-1024x682.jpeg 1024w, https:\/\/folhapopular.info\/wp-content\/uploads\/2022\/07\/WhatsApp-Image-2022-07-25-at-09.31.58-300x200.jpeg 300w, https:\/\/folhapopular.info\/wp-content\/uploads\/2022\/07\/WhatsApp-Image-2022-07-25-at-09.31.58-768x512.jpeg 768w, https:\/\/folhapopular.info\/wp-content\/uploads\/2022\/07\/WhatsApp-Image-2022-07-25-at-09.31.58-696x464.jpeg 696w, https:\/\/folhapopular.info\/wp-content\/uploads\/2022\/07\/WhatsApp-Image-2022-07-25-at-09.31.58-1068x712.jpeg 1068w, https:\/\/folhapopular.info\/wp-content\/uploads\/2022\/07\/WhatsApp-Image-2022-07-25-at-09.31.58.jpeg 1280w\" sizes=\"auto, (max-width: 1024px) 100vw, 1024px\" \/><figcaption>Minuano de Canudos do Vale ficou vice-campe\u00e3o da Ta\u00e7a Integra\u00e7\u00e3o \/\/ Cr\u00e9dito: Giovane Weber \/ Divulga\u00e7\u00e3o<\/figcaption><\/figure>\n\n\n\n<p><strong>Deu EC Cruzeiro nos p\u00eanaltis<\/strong><\/p>\n\n\n\n<p>Nos Aspirantes, a Ta\u00e7a Integra\u00e7\u00e3o Sicredi Aslivata ficou com a equipe de Nova Santa Cruz \u2013 Santa Clara do Sul. No tempo normal, o EC Canarinho, de S\u00e3o Bento \u2013 Cruzeiro do Sul, venceu por 2 a 1. Os gols foram marcados no segundo tempo. Leonardo abriu o placar para o time verde e amarelo aos 2 min do segundo tempo. Aos 7 Moirel empatou. Nos acr\u00e9scimos, os 48min de jogo, Heleno, de cabe\u00e7a fez o gol que levou a decis\u00e3o para os p\u00eanaltis. Na marca da cal melhor para o Cruzeiro, que venceu por 4 a 2.<\/p>\n\n\n\n<figure class=\"wp-block-image size-large\"><img loading=\"lazy\" decoding=\"async\" width=\"1024\" height=\"682\" src=\"https:\/\/folhapopular.info\/wp-content\/uploads\/2022\/07\/WhatsApp-Image-2022-07-25-at-09.31.33-1024x682.jpeg\" alt=\"\" class=\"wp-image-109374\" srcset=\"https:\/\/folhapopular.info\/wp-content\/uploads\/2022\/07\/WhatsApp-Image-2022-07-25-at-09.31.33-1024x682.jpeg 1024w, https:\/\/folhapopular.info\/wp-content\/uploads\/2022\/07\/WhatsApp-Image-2022-07-25-at-09.31.33-300x200.jpeg 300w, https:\/\/folhapopular.info\/wp-content\/uploads\/2022\/07\/WhatsApp-Image-2022-07-25-at-09.31.33-768x512.jpeg 768w, https:\/\/folhapopular.info\/wp-content\/uploads\/2022\/07\/WhatsApp-Image-2022-07-25-at-09.31.33-696x464.jpeg 696w, https:\/\/folhapopular.info\/wp-content\/uploads\/2022\/07\/WhatsApp-Image-2022-07-25-at-09.31.33-1068x712.jpeg 1068w, https:\/\/folhapopular.info\/wp-content\/uploads\/2022\/07\/WhatsApp-Image-2022-07-25-at-09.31.33.jpeg 1280w\" sizes=\"auto, (max-width: 1024px) 100vw, 1024px\" \/><figcaption>Cruzeiro de Nova Santa Cruz &#8211; Cruzeiro do Sul &#8211; faturou o t\u00edtulo nos Aspirantes \/\/ Cr\u00e9dito: Giovane Weber \/ Divulga\u00e7\u00e3o<\/figcaption><\/figure>\n\n\n\n<figure class=\"wp-block-image size-large\"><img loading=\"lazy\" decoding=\"async\" width=\"1024\" height=\"682\" src=\"https:\/\/folhapopular.info\/wp-content\/uploads\/2022\/07\/WhatsApp-Image-2022-07-25-at-09.31.21-1024x682.jpeg\" alt=\"\" class=\"wp-image-109375\" srcset=\"https:\/\/folhapopular.info\/wp-content\/uploads\/2022\/07\/WhatsApp-Image-2022-07-25-at-09.31.21-1024x682.jpeg 1024w, https:\/\/folhapopular.info\/wp-content\/uploads\/2022\/07\/WhatsApp-Image-2022-07-25-at-09.31.21-300x200.jpeg 300w, https:\/\/folhapopular.info\/wp-content\/uploads\/2022\/07\/WhatsApp-Image-2022-07-25-at-09.31.21-768x512.jpeg 768w, https:\/\/folhapopular.info\/wp-content\/uploads\/2022\/07\/WhatsApp-Image-2022-07-25-at-09.31.21-696x464.jpeg 696w, https:\/\/folhapopular.info\/wp-content\/uploads\/2022\/07\/WhatsApp-Image-2022-07-25-at-09.31.21-1068x712.jpeg 1068w, https:\/\/folhapopular.info\/wp-content\/uploads\/2022\/07\/WhatsApp-Image-2022-07-25-at-09.31.21.jpeg 1280w\" sizes=\"auto, (max-width: 1024px) 100vw, 1024px\" \/><figcaption>Canarinho de Cruzeiro do Sul \u00e9 o vice-campe\u00e3o nos Aspirantes \/\/ Cr\u00e9dito: Giovane Weber \/ Divulga\u00e7\u00e3o<\/figcaption><\/figure>\n","protected":false},"excerpt":{"rendered":"<p>A SER S\u00e3o Rafael goleou o EC Minuano de Canudos do Vale por 5 a 0 e ficou com a ta\u00e7a na categoria Titulares da Ta\u00e7a Integra\u00e7\u00e3o Sicredi Aslivata 2022. O jogo decisivo foi disputado domingo (24\/7), em Cruzeiro do Sul, com mais de 2 mil pessoas presentes. O visitante perdeu uma grande chance nos [&hellip;]<\/p>\n","protected":false},"author":8,"featured_media":109372,"comment_status":"open","ping_status":"open","sticky":false,"template":"","format":"standard","meta":{"pmpro_default_level":"","_jetpack_memberships_contains_paid_content":false,"footnotes":""},"categories":[5,240],"tags":[147,156],"class_list":{"0":"post-109371","1":"post","2":"type-post","3":"status-publish","4":"format-standard","5":"has-post-thumbnail","7":"category-esportes","8":"category-futebol-amador","9":"tag-futebol-amador","10":"tag-vale-do-taquari","11":"pmpro-has-access"},"yoast_head":"<!-- This site is optimized with the Yoast SEO plugin v27.5 - https:\/\/yoast.com\/product\/yoast-seo-wordpress\/ -->\n<title>S\u00e3o Rafael e Cruzeiro comemoram t\u00edtulos da Ta\u00e7a Integra\u00e7\u00e3o Sicredi Aslivata - Folha Popular<\/title>\n<meta name=\"robots\" content=\"index, follow, max-snippet:-1, max-image-preview:large, max-video-preview:-1\" \/>\n<link rel=\"canonical\" href=\"https:\/\/folhapopular.info\/index.php\/2022\/07\/25\/sao-rafael-e-cruzeiro-comemoram-titulos-da-taca-integracao-sicredi-aslivata\/\" \/>\n<meta property=\"og:locale\" content=\"pt_BR\" \/>\n<meta property=\"og:type\" content=\"article\" \/>\n<meta property=\"og:title\" content=\"S\u00e3o Rafael e Cruzeiro comemoram t\u00edtulos da Ta\u00e7a Integra\u00e7\u00e3o Sicredi Aslivata - Folha Popular\" \/>\n<meta property=\"og:description\" content=\"A SER S\u00e3o Rafael goleou o EC Minuano de Canudos do Vale por 5 a 0 e ficou com a ta\u00e7a na categoria Titulares da Ta\u00e7a Integra\u00e7\u00e3o Sicredi Aslivata 2022. O jogo decisivo foi disputado domingo (24\/7), em Cruzeiro do Sul, com mais de 2 mil pessoas presentes. O visitante perdeu uma grande chance nos [&hellip;]\" \/>\n<meta property=\"og:url\" content=\"https:\/\/folhapopular.info\/index.php\/2022\/07\/25\/sao-rafael-e-cruzeiro-comemoram-titulos-da-taca-integracao-sicredi-aslivata\/\" \/>\n<meta property=\"og:site_name\" content=\"Folha Popular\" \/>\n<meta property=\"article:published_time\" content=\"2022-07-25T13:20:01+00:00\" \/>\n<meta property=\"article:modified_time\" content=\"2022-07-25T13:20:12+00:00\" \/>\n<meta property=\"og:image\" content=\"http:\/\/folhapopular.info\/wp-content\/uploads\/2022\/07\/WhatsApp-Image-2022-07-25-at-09.32.12.jpeg\" \/>\n\t<meta property=\"og:image:width\" content=\"1280\" \/>\n\t<meta property=\"og:image:height\" content=\"853\" \/>\n\t<meta property=\"og:image:type\" content=\"image\/jpeg\" \/>\n<meta name=\"author\" content=\"Reda\u00e7\u00e3o Folha Popular\" \/>\n<meta name=\"twitter:card\" content=\"summary_large_image\" \/>\n<meta name=\"twitter:label1\" content=\"Escrito por\" \/>\n\t<meta name=\"twitter:data1\" content=\"Reda\u00e7\u00e3o Folha Popular\" \/>\n\t<meta name=\"twitter:label2\" content=\"Est. tempo de leitura\" \/>\n\t<meta name=\"twitter:data2\" content=\"3 minutos\" \/>\n<script type=\"application\/ld+json\" class=\"yoast-schema-graph\">{\"@context\":\"https:\\\/\\\/schema.org\",\"@graph\":[{\"@type\":\"Article\",\"@id\":\"https:\\\/\\\/folhapopular.info\\\/index.php\\\/2022\\\/07\\\/25\\\/sao-rafael-e-cruzeiro-comemoram-titulos-da-taca-integracao-sicredi-aslivata\\\/#article\",\"isPartOf\":{\"@id\":\"https:\\\/\\\/folhapopular.info\\\/index.php\\\/2022\\\/07\\\/25\\\/sao-rafael-e-cruzeiro-comemoram-titulos-da-taca-integracao-sicredi-aslivata\\\/\"},\"author\":{\"name\":\"Reda\u00e7\u00e3o Folha Popular\",\"@id\":\"https:\\\/\\\/folhapopular.info\\\/#\\\/schema\\\/person\\\/2814e8a0df7643585a9ca38bc6eb9d4b\"},\"headline\":\"S\u00e3o Rafael e Cruzeiro comemoram t\u00edtulos da Ta\u00e7a Integra\u00e7\u00e3o Sicredi Aslivata\",\"datePublished\":\"2022-07-25T13:20:01+00:00\",\"dateModified\":\"2022-07-25T13:20:12+00:00\",\"mainEntityOfPage\":{\"@id\":\"https:\\\/\\\/folhapopular.info\\\/index.php\\\/2022\\\/07\\\/25\\\/sao-rafael-e-cruzeiro-comemoram-titulos-da-taca-integracao-sicredi-aslivata\\\/\"},\"wordCount\":295,\"commentCount\":0,\"image\":{\"@id\":\"https:\\\/\\\/folhapopular.info\\\/index.php\\\/2022\\\/07\\\/25\\\/sao-rafael-e-cruzeiro-comemoram-titulos-da-taca-integracao-sicredi-aslivata\\\/#primaryimage\"},\"thumbnailUrl\":\"https:\\\/\\\/folhapopular.info\\\/wp-content\\\/uploads\\\/2022\\\/07\\\/WhatsApp-Image-2022-07-25-at-09.32.12.jpeg\",\"keywords\":[\"futebol amador\",\"Vale do Taquari\"],\"articleSection\":[\"Esportes\",\"Futebol Amador\"],\"inLanguage\":\"pt-BR\",\"potentialAction\":[{\"@type\":\"CommentAction\",\"name\":\"Comment\",\"target\":[\"https:\\\/\\\/folhapopular.info\\\/index.php\\\/2022\\\/07\\\/25\\\/sao-rafael-e-cruzeiro-comemoram-titulos-da-taca-integracao-sicredi-aslivata\\\/#respond\"]}]},{\"@type\":\"WebPage\",\"@id\":\"https:\\\/\\\/folhapopular.info\\\/index.php\\\/2022\\\/07\\\/25\\\/sao-rafael-e-cruzeiro-comemoram-titulos-da-taca-integracao-sicredi-aslivata\\\/\",\"url\":\"https:\\\/\\\/folhapopular.info\\\/index.php\\\/2022\\\/07\\\/25\\\/sao-rafael-e-cruzeiro-comemoram-titulos-da-taca-integracao-sicredi-aslivata\\\/\",\"name\":\"S\u00e3o Rafael e Cruzeiro comemoram t\u00edtulos da Ta\u00e7a Integra\u00e7\u00e3o Sicredi Aslivata - Folha Popular\",\"isPartOf\":{\"@id\":\"https:\\\/\\\/folhapopular.info\\\/#website\"},\"primaryImageOfPage\":{\"@id\":\"https:\\\/\\\/folhapopular.info\\\/index.php\\\/2022\\\/07\\\/25\\\/sao-rafael-e-cruzeiro-comemoram-titulos-da-taca-integracao-sicredi-aslivata\\\/#primaryimage\"},\"image\":{\"@id\":\"https:\\\/\\\/folhapopular.info\\\/index.php\\\/2022\\\/07\\\/25\\\/sao-rafael-e-cruzeiro-comemoram-titulos-da-taca-integracao-sicredi-aslivata\\\/#primaryimage\"},\"thumbnailUrl\":\"https:\\\/\\\/folhapopular.info\\\/wp-content\\\/uploads\\\/2022\\\/07\\\/WhatsApp-Image-2022-07-25-at-09.32.12.jpeg\",\"datePublished\":\"2022-07-25T13:20:01+00:00\",\"dateModified\":\"2022-07-25T13:20:12+00:00\",\"author\":{\"@id\":\"https:\\\/\\\/folhapopular.info\\\/#\\\/schema\\\/person\\\/2814e8a0df7643585a9ca38bc6eb9d4b\"},\"breadcrumb\":{\"@id\":\"https:\\\/\\\/folhapopular.info\\\/index.php\\\/2022\\\/07\\\/25\\\/sao-rafael-e-cruzeiro-comemoram-titulos-da-taca-integracao-sicredi-aslivata\\\/#breadcrumb\"},\"inLanguage\":\"pt-BR\",\"potentialAction\":[{\"@type\":\"ReadAction\",\"target\":[\"https:\\\/\\\/folhapopular.info\\\/index.php\\\/2022\\\/07\\\/25\\\/sao-rafael-e-cruzeiro-comemoram-titulos-da-taca-integracao-sicredi-aslivata\\\/\"]}]},{\"@type\":\"ImageObject\",\"inLanguage\":\"pt-BR\",\"@id\":\"https:\\\/\\\/folhapopular.info\\\/index.php\\\/2022\\\/07\\\/25\\\/sao-rafael-e-cruzeiro-comemoram-titulos-da-taca-integracao-sicredi-aslivata\\\/#primaryimage\",\"url\":\"https:\\\/\\\/folhapopular.info\\\/wp-content\\\/uploads\\\/2022\\\/07\\\/WhatsApp-Image-2022-07-25-at-09.32.12.jpeg\",\"contentUrl\":\"https:\\\/\\\/folhapopular.info\\\/wp-content\\\/uploads\\\/2022\\\/07\\\/WhatsApp-Image-2022-07-25-at-09.32.12.jpeg\",\"width\":1280,\"height\":853,\"caption\":\"S\u00e3o Rafael de Cruzeiro do Sul \u00e9 o campe\u00e3o da Ta\u00e7a Integra\u00e7\u00e3o e deve figurar no Regional 2022 em substitui\u00e7\u00e3o ao Cruzeiro \\\/\\\/ Cr\u00e9dito: Giovane Weber \\\/ Divulga\u00e7\u00e3o\"},{\"@type\":\"BreadcrumbList\",\"@id\":\"https:\\\/\\\/folhapopular.info\\\/index.php\\\/2022\\\/07\\\/25\\\/sao-rafael-e-cruzeiro-comemoram-titulos-da-taca-integracao-sicredi-aslivata\\\/#breadcrumb\",\"itemListElement\":[{\"@type\":\"ListItem\",\"position\":1,\"name\":\"In\u00edcio\",\"item\":\"https:\\\/\\\/folhapopular.info\\\/\"},{\"@type\":\"ListItem\",\"position\":2,\"name\":\"S\u00e3o Rafael e Cruzeiro comemoram t\u00edtulos da Ta\u00e7a Integra\u00e7\u00e3o Sicredi Aslivata\"}]},{\"@type\":\"WebSite\",\"@id\":\"https:\\\/\\\/folhapopular.info\\\/#website\",\"url\":\"https:\\\/\\\/folhapopular.info\\\/\",\"name\":\"Folha Popular\",\"description\":\"Onde voc\u00ea tem vez e voz\",\"potentialAction\":[{\"@type\":\"SearchAction\",\"target\":{\"@type\":\"EntryPoint\",\"urlTemplate\":\"https:\\\/\\\/folhapopular.info\\\/?s={search_term_string}\"},\"query-input\":{\"@type\":\"PropertyValueSpecification\",\"valueRequired\":true,\"valueName\":\"search_term_string\"}}],\"inLanguage\":\"pt-BR\"},{\"@type\":\"Person\",\"@id\":\"https:\\\/\\\/folhapopular.info\\\/#\\\/schema\\\/person\\\/2814e8a0df7643585a9ca38bc6eb9d4b\",\"name\":\"Reda\u00e7\u00e3o Folha Popular\",\"image\":{\"@type\":\"ImageObject\",\"inLanguage\":\"pt-BR\",\"@id\":\"https:\\\/\\\/folhapopular.info\\\/wp-content\\\/uploads\\\/2026\\\/04\\\/Folha-1.webp\",\"url\":\"https:\\\/\\\/folhapopular.info\\\/wp-content\\\/uploads\\\/2026\\\/04\\\/Folha-1.webp\",\"contentUrl\":\"https:\\\/\\\/folhapopular.info\\\/wp-content\\\/uploads\\\/2026\\\/04\\\/Folha-1.webp\",\"caption\":\"Reda\u00e7\u00e3o Folha Popular\"},\"url\":\"https:\\\/\\\/folhapopular.info\\\/index.php\\\/author\\\/redacao\\\/\"}]}<\/script>\n<!-- \/ Yoast SEO plugin. -->","yoast_head_json":{"title":"S\u00e3o Rafael e Cruzeiro comemoram t\u00edtulos da Ta\u00e7a Integra\u00e7\u00e3o Sicredi Aslivata - Folha Popular","robots":{"index":"index","follow":"follow","max-snippet":"max-snippet:-1","max-image-preview":"max-image-preview:large","max-video-preview":"max-video-preview:-1"},"canonical":"https:\/\/folhapopular.info\/index.php\/2022\/07\/25\/sao-rafael-e-cruzeiro-comemoram-titulos-da-taca-integracao-sicredi-aslivata\/","og_locale":"pt_BR","og_type":"article","og_title":"S\u00e3o Rafael e Cruzeiro comemoram t\u00edtulos da Ta\u00e7a Integra\u00e7\u00e3o Sicredi Aslivata - Folha Popular","og_description":"A SER S\u00e3o Rafael goleou o EC Minuano de Canudos do Vale por 5 a 0 e ficou com a ta\u00e7a na categoria Titulares da Ta\u00e7a Integra\u00e7\u00e3o Sicredi Aslivata 2022. O jogo decisivo foi disputado domingo (24\/7), em Cruzeiro do Sul, com mais de 2 mil pessoas presentes. O visitante perdeu uma grande chance nos [&hellip;]","og_url":"https:\/\/folhapopular.info\/index.php\/2022\/07\/25\/sao-rafael-e-cruzeiro-comemoram-titulos-da-taca-integracao-sicredi-aslivata\/","og_site_name":"Folha Popular","article_published_time":"2022-07-25T13:20:01+00:00","article_modified_time":"2022-07-25T13:20:12+00:00","og_image":[{"width":1280,"height":853,"url":"http:\/\/folhapopular.info\/wp-content\/uploads\/2022\/07\/WhatsApp-Image-2022-07-25-at-09.32.12.jpeg","type":"image\/jpeg"}],"author":"Reda\u00e7\u00e3o Folha Popular","twitter_card":"summary_large_image","twitter_misc":{"Escrito por":"Reda\u00e7\u00e3o Folha Popular","Est. tempo de leitura":"3 minutos"},"schema":{"@context":"https:\/\/schema.org","@graph":[{"@type":"Article","@id":"https:\/\/folhapopular.info\/index.php\/2022\/07\/25\/sao-rafael-e-cruzeiro-comemoram-titulos-da-taca-integracao-sicredi-aslivata\/#article","isPartOf":{"@id":"https:\/\/folhapopular.info\/index.php\/2022\/07\/25\/sao-rafael-e-cruzeiro-comemoram-titulos-da-taca-integracao-sicredi-aslivata\/"},"author":{"name":"Reda\u00e7\u00e3o Folha Popular","@id":"https:\/\/folhapopular.info\/#\/schema\/person\/2814e8a0df7643585a9ca38bc6eb9d4b"},"headline":"S\u00e3o Rafael e Cruzeiro comemoram t\u00edtulos da Ta\u00e7a Integra\u00e7\u00e3o Sicredi Aslivata","datePublished":"2022-07-25T13:20:01+00:00","dateModified":"2022-07-25T13:20:12+00:00","mainEntityOfPage":{"@id":"https:\/\/folhapopular.info\/index.php\/2022\/07\/25\/sao-rafael-e-cruzeiro-comemoram-titulos-da-taca-integracao-sicredi-aslivata\/"},"wordCount":295,"commentCount":0,"image":{"@id":"https:\/\/folhapopular.info\/index.php\/2022\/07\/25\/sao-rafael-e-cruzeiro-comemoram-titulos-da-taca-integracao-sicredi-aslivata\/#primaryimage"},"thumbnailUrl":"https:\/\/folhapopular.info\/wp-content\/uploads\/2022\/07\/WhatsApp-Image-2022-07-25-at-09.32.12.jpeg","keywords":["futebol amador","Vale do Taquari"],"articleSection":["Esportes","Futebol Amador"],"inLanguage":"pt-BR","potentialAction":[{"@type":"CommentAction","name":"Comment","target":["https:\/\/folhapopular.info\/index.php\/2022\/07\/25\/sao-rafael-e-cruzeiro-comemoram-titulos-da-taca-integracao-sicredi-aslivata\/#respond"]}]},{"@type":"WebPage","@id":"https:\/\/folhapopular.info\/index.php\/2022\/07\/25\/sao-rafael-e-cruzeiro-comemoram-titulos-da-taca-integracao-sicredi-aslivata\/","url":"https:\/\/folhapopular.info\/index.php\/2022\/07\/25\/sao-rafael-e-cruzeiro-comemoram-titulos-da-taca-integracao-sicredi-aslivata\/","name":"S\u00e3o Rafael e Cruzeiro comemoram t\u00edtulos da Ta\u00e7a Integra\u00e7\u00e3o Sicredi Aslivata - Folha Popular","isPartOf":{"@id":"https:\/\/folhapopular.info\/#website"},"primaryImageOfPage":{"@id":"https:\/\/folhapopular.info\/index.php\/2022\/07\/25\/sao-rafael-e-cruzeiro-comemoram-titulos-da-taca-integracao-sicredi-aslivata\/#primaryimage"},"image":{"@id":"https:\/\/folhapopular.info\/index.php\/2022\/07\/25\/sao-rafael-e-cruzeiro-comemoram-titulos-da-taca-integracao-sicredi-aslivata\/#primaryimage"},"thumbnailUrl":"https:\/\/folhapopular.info\/wp-content\/uploads\/2022\/07\/WhatsApp-Image-2022-07-25-at-09.32.12.jpeg","datePublished":"2022-07-25T13:20:01+00:00","dateModified":"2022-07-25T13:20:12+00:00","author":{"@id":"https:\/\/folhapopular.info\/#\/schema\/person\/2814e8a0df7643585a9ca38bc6eb9d4b"},"breadcrumb":{"@id":"https:\/\/folhapopular.info\/index.php\/2022\/07\/25\/sao-rafael-e-cruzeiro-comemoram-titulos-da-taca-integracao-sicredi-aslivata\/#breadcrumb"},"inLanguage":"pt-BR","potentialAction":[{"@type":"ReadAction","target":["https:\/\/folhapopular.info\/index.php\/2022\/07\/25\/sao-rafael-e-cruzeiro-comemoram-titulos-da-taca-integracao-sicredi-aslivata\/"]}]},{"@type":"ImageObject","inLanguage":"pt-BR","@id":"https:\/\/folhapopular.info\/index.php\/2022\/07\/25\/sao-rafael-e-cruzeiro-comemoram-titulos-da-taca-integracao-sicredi-aslivata\/#primaryimage","url":"https:\/\/folhapopular.info\/wp-content\/uploads\/2022\/07\/WhatsApp-Image-2022-07-25-at-09.32.12.jpeg","contentUrl":"https:\/\/folhapopular.info\/wp-content\/uploads\/2022\/07\/WhatsApp-Image-2022-07-25-at-09.32.12.jpeg","width":1280,"height":853,"caption":"S\u00e3o Rafael de Cruzeiro do Sul \u00e9 o campe\u00e3o da Ta\u00e7a Integra\u00e7\u00e3o e deve figurar no Regional 2022 em substitui\u00e7\u00e3o ao Cruzeiro \/\/ Cr\u00e9dito: Giovane Weber \/ Divulga\u00e7\u00e3o"},{"@type":"BreadcrumbList","@id":"https:\/\/folhapopular.info\/index.php\/2022\/07\/25\/sao-rafael-e-cruzeiro-comemoram-titulos-da-taca-integracao-sicredi-aslivata\/#breadcrumb","itemListElement":[{"@type":"ListItem","position":1,"name":"In\u00edcio","item":"https:\/\/folhapopular.info\/"},{"@type":"ListItem","position":2,"name":"S\u00e3o Rafael e Cruzeiro comemoram t\u00edtulos da Ta\u00e7a Integra\u00e7\u00e3o Sicredi Aslivata"}]},{"@type":"WebSite","@id":"https:\/\/folhapopular.info\/#website","url":"https:\/\/folhapopular.info\/","name":"Folha Popular","description":"Onde voc\u00ea tem vez e voz","potentialAction":[{"@type":"SearchAction","target":{"@type":"EntryPoint","urlTemplate":"https:\/\/folhapopular.info\/?s={search_term_string}"},"query-input":{"@type":"PropertyValueSpecification","valueRequired":true,"valueName":"search_term_string"}}],"inLanguage":"pt-BR"},{"@type":"Person","@id":"https:\/\/folhapopular.info\/#\/schema\/person\/2814e8a0df7643585a9ca38bc6eb9d4b","name":"Reda\u00e7\u00e3o Folha Popular","image":{"@type":"ImageObject","inLanguage":"pt-BR","@id":"https:\/\/folhapopular.info\/wp-content\/uploads\/2026\/04\/Folha-1.webp","url":"https:\/\/folhapopular.info\/wp-content\/uploads\/2026\/04\/Folha-1.webp","contentUrl":"https:\/\/folhapopular.info\/wp-content\/uploads\/2026\/04\/Folha-1.webp","caption":"Reda\u00e7\u00e3o Folha Popular"},"url":"https:\/\/folhapopular.info\/index.php\/author\/redacao\/"}]}},"jetpack_featured_media_url":"https:\/\/folhapopular.info\/wp-content\/uploads\/2022\/07\/WhatsApp-Image-2022-07-25-at-09.32.12.jpeg","jetpack_sharing_enabled":true,"amp_enabled":true,"_links":{"self":[{"href":"https:\/\/folhapopular.info\/index.php\/wp-json\/wp\/v2\/posts\/109371","targetHints":{"allow":["GET"]}}],"collection":[{"href":"https:\/\/folhapopular.info\/index.php\/wp-json\/wp\/v2\/posts"}],"about":[{"href":"https:\/\/folhapopular.info\/index.php\/wp-json\/wp\/v2\/types\/post"}],"author":[{"embeddable":true,"href":"https:\/\/folhapopular.info\/index.php\/wp-json\/wp\/v2\/users\/8"}],"replies":[{"embeddable":true,"href":"https:\/\/folhapopular.info\/index.php\/wp-json\/wp\/v2\/comments?post=109371"}],"version-history":[{"count":0,"href":"https:\/\/folhapopular.info\/index.php\/wp-json\/wp\/v2\/posts\/109371\/revisions"}],"wp:featuredmedia":[{"embeddable":true,"href":"https:\/\/folhapopular.info\/index.php\/wp-json\/wp\/v2\/media\/109372"}],"wp:attachment":[{"href":"https:\/\/folhapopular.info\/index.php\/wp-json\/wp\/v2\/media?parent=109371"}],"wp:term":[{"taxonomy":"category","embeddable":true,"href":"https:\/\/folhapopular.info\/index.php\/wp-json\/wp\/v2\/categories?post=109371"},{"taxonomy":"post_tag","embeddable":true,"href":"https:\/\/folhapopular.info\/index.php\/wp-json\/wp\/v2\/tags?post=109371"}],"curies":[{"name":"wp","href":"https:\/\/api.w.org\/{rel}","templated":true}]}}