{"id":109419,"date":"2022-07-25T20:13:40","date_gmt":"2022-07-25T23:13:40","guid":{"rendered":"https:\/\/folhapopular.info\/?p=109419"},"modified":"2022-07-25T20:13:45","modified_gmt":"2022-07-25T23:13:45","slug":"expowink-divulga-programacao","status":"publish","type":"post","link":"https:\/\/folhapopular.info\/index.php\/2022\/07\/25\/expowink-divulga-programacao\/","title":{"rendered":"Expowink divulga programa\u00e7\u00e3o"},"content":{"rendered":"\n<p>A maior festa comunit\u00e1ria do Rio Grande do Sul ser\u00e1 realizada de 23 a 25 de setembro, na comunidade de Linha Wink, limite dos munic\u00edpios de Estrela e Teut\u00f4nia. A 12\u00aa Expowink 2022 ser\u00e1 aberta na sexta-feira (23\/9), com abertura dos port\u00f5es \u00e0s 8h para os expositores. Logo em seguida j\u00e1 haver\u00e1 palestra t\u00e9cnica em parceria com a empresa Milkparts. A abertura do parque para a feira comercial, industrial e agropecu\u00e1ria ser\u00e1 \u00e0s 13h30, e a abertura oficial est\u00e1 agendada para as 17h de sexta.<\/p>\n\n\n\n<p>Entre as atra\u00e7\u00f5es art\u00edsticas e musicais, a sexta-feira reserva Contato Show e Banda Barbarella, com ingresso gratuito. No s\u00e1bado, a partir das 15h tem ingressos a R$ 5,00 e shows com Jardel &amp; Cia, Trio Canarinhos, Estilo Brasileiro e Banda Legal. No domingo (25\/9), a partir das 12h o ingresso \u00e9 R$ 10,00 &#8211; tem Banda Rosa&#8217;s e o padre Alessandro Campos faz show nacional a partir das 17h.<\/p>\n\n\n\n<h2 class=\"wp-block-heading\"><strong>PROGRAMA\u00c7\u00c3O<\/strong><\/h2>\n\n\n\n<p><strong><span style=\"text-decoration: underline;\">Sexta &#8211; 23 de Setembro<\/span><\/strong><\/p>\n\n\n\n<ul class=\"wp-block-list\"><li>8h Abertura dos port\u00f5es para Expositores.<\/li><li>10h30 Palestra T\u00e9cnica (Parceria Milkparts).<\/li><li>11h30 Almo\u00e7o Comunit\u00e1rio.<\/li><li>13h30 Abertura do Parque &#8211; Feira Comercial, Industrial e Agropecu\u00e1ria.<\/li><li>13h30 Recep\u00e7\u00e3o das delega\u00e7\u00f5es de agricultores, escolares e demais grupos atendidos pelos projetos municipais.<\/li><li>14h Palestra T\u00e9cnica (Parceria Languiru).<\/li><li>14h30 Apresenta\u00e7\u00e3o Motolama.<\/li><li>15h Palestra T\u00e9cnica (Parceria Badesul).<\/li><li>16h Recep\u00e7\u00e3o de autoridades e convidados com banda ao vivo.<\/li><li>17h Abertura Oficial da Expowink.<\/li><li>19h Comiss\u00e3o Organizadora, autoridades e patrocinadores passeiam pelo parque com banda ao vivo.<\/li><li>19h30 Show- Contato Show.<\/li><li>21h Fechamento da Feira Comercial, Industrial e Agropecu\u00e1ria.<\/li><li>21h Show &#8211; Banda Barbarella.<\/li><li>23h Fechamento do Parque.<\/li><\/ul>\n\n\n\n<p><strong><span style=\"text-decoration: underline;\">S\u00e1bado &#8211; 24 de Setembro<\/span><\/strong><\/p>\n\n\n\n<ul class=\"wp-block-list\"><li>10h Abertura do Parque &#8211; Feira Comercial, Industrial e Agropecu\u00e1ria.<\/li><li>10h Comiss\u00e3o organizadora visita expositores.<\/li><li>10h Palestra T\u00e9cnica (Parceria Sicredi).<\/li><li>10h30 Apresenta\u00e7\u00e3o Motolama.<\/li><li>11h30 Almo\u00e7o Comunit\u00e1rio.<\/li><li>13h30 Apresenta\u00e7\u00e3o Orquestra Jovem do Col\u00e9gio Martin Luther.<\/li><li>15h In\u00edcio cobran\u00e7a de Ingresso \u2013 R$ 5,00<\/li><li>16h Show &#8211; Jardel e Cia.<\/li><li>18h Show \u2013 Trio Canarinhos.<\/li><li>20h Show &#8211; Estilo Brasileiro.<\/li><li>21h Fechamento da Feira Comercial, Industrial e Agropecu\u00e1ria.<\/li><li>22h Show &#8211; Banda Legal.<\/li><li>23h Fechamento do Parque.<\/li><\/ul>\n\n\n\n<p><strong><span style=\"text-decoration: underline;\">Domingo &#8211; 25 de Setembro<\/span><\/strong><\/p>\n\n\n\n<ul class=\"wp-block-list\"><li>10h Abertura do Parque &#8211; Feira Comercial, Industrial e Agropecu\u00e1ria.<\/li><li>10h15 Comiss\u00e3o organizadora visita expositores.<\/li><li>11h30 Almo\u00e7o Comunit\u00e1rio.<\/li><li>12h In\u00edcio cobran\u00e7a de Ingresso R$ 10,00<\/li><li>15h Show Banda Rosa\u2019s<\/li><li>17h Show Nacional com Padre Alessandro Campos.<\/li><li>19h Fechamento da Feira Comercial, Industrial e Agropecu\u00e1ria.<\/li><li>20h30 Encerramento da 12\u00aa Expowink.<\/li><\/ul>\n\n\n\n<h2 class=\"wp-block-heading\"><strong>12\u00aa EXPOWINK<\/strong><\/h2>\n\n\n\n<p>REALIZA\u00c7\u00c3O: Associa\u00e7\u00e3o Centro Comunit\u00e1rio Linha Wink Alta<\/p>\n\n\n\n<p>PARTICIPA\u00c7\u00c3O: Lawi Futebol Clube<\/p>\n\n\n\n<p>PATROC\u00cdNIO EXCLUSIVO: Prefeitura de Estrela<\/p>\n\n\n\n<p>PATROC\u00cdNIO OFICIAL: Sicredi e Prefeitura de Teut\u00f4nia<\/p>\n\n\n\n<p>APOIO: Badesul, Milkparts, Languiru, Sicoob, Cresol e Certel<\/p>\n","protected":false},"excerpt":{"rendered":"<p>A maior festa comunit\u00e1ria do Rio Grande do Sul ser\u00e1 realizada de 23 a 25 de setembro, na comunidade de Linha Wink, limite dos munic\u00edpios de Estrela e Teut\u00f4nia. A 12\u00aa Expowink 2022 ser\u00e1 aberta na sexta-feira (23\/9), com abertura dos port\u00f5es \u00e0s 8h para os expositores. Logo em seguida j\u00e1 haver\u00e1 palestra t\u00e9cnica em [&hellip;]<\/p>\n","protected":false},"author":8,"featured_media":97122,"comment_status":"open","ping_status":"open","sticky":false,"template":"","format":"standard","meta":{"pmpro_default_level":"","_jetpack_memberships_contains_paid_content":false,"footnotes":""},"categories":[2,6],"tags":[8,1296,26],"class_list":{"0":"post-109419","1":"post","2":"type-post","3":"status-publish","4":"format-standard","5":"has-post-thumbnail","7":"category-featured","8":"category-inclusive","9":"tag-estrela","10":"tag-expowink","11":"tag-teutonia","12":"pmpro-has-access"},"yoast_head":"<!-- This site is optimized with the Yoast SEO plugin v27.5 - https:\/\/yoast.com\/product\/yoast-seo-wordpress\/ -->\n<title>Expowink divulga programa\u00e7\u00e3o - Folha Popular<\/title>\n<meta name=\"robots\" content=\"index, follow, max-snippet:-1, max-image-preview:large, max-video-preview:-1\" \/>\n<link rel=\"canonical\" href=\"https:\/\/folhapopular.info\/index.php\/2022\/07\/25\/expowink-divulga-programacao\/\" \/>\n<meta property=\"og:locale\" content=\"pt_BR\" \/>\n<meta property=\"og:type\" content=\"article\" \/>\n<meta property=\"og:title\" content=\"Expowink divulga programa\u00e7\u00e3o - Folha Popular\" \/>\n<meta property=\"og:description\" content=\"A maior festa comunit\u00e1ria do Rio Grande do Sul ser\u00e1 realizada de 23 a 25 de setembro, na comunidade de Linha Wink, limite dos munic\u00edpios de Estrela e Teut\u00f4nia. A 12\u00aa Expowink 2022 ser\u00e1 aberta na sexta-feira (23\/9), com abertura dos port\u00f5es \u00e0s 8h para os expositores. Logo em seguida j\u00e1 haver\u00e1 palestra t\u00e9cnica em [&hellip;]\" \/>\n<meta property=\"og:url\" content=\"https:\/\/folhapopular.info\/index.php\/2022\/07\/25\/expowink-divulga-programacao\/\" \/>\n<meta property=\"og:site_name\" content=\"Folha Popular\" \/>\n<meta property=\"article:published_time\" content=\"2022-07-25T23:13:40+00:00\" \/>\n<meta property=\"article:modified_time\" content=\"2022-07-25T23:13:45+00:00\" \/>\n<meta property=\"og:image\" content=\"http:\/\/folhapopular.info\/wp-content\/uploads\/2022\/01\/2019_11_17_Expowink_PG-1-Copia-scaled-e1642853244206.jpg\" \/>\n\t<meta property=\"og:image:width\" content=\"800\" \/>\n\t<meta property=\"og:image:height\" content=\"600\" \/>\n\t<meta property=\"og:image:type\" content=\"image\/jpeg\" \/>\n<meta name=\"author\" content=\"Reda\u00e7\u00e3o Folha Popular\" \/>\n<meta name=\"twitter:card\" content=\"summary_large_image\" \/>\n<meta name=\"twitter:label1\" content=\"Escrito por\" \/>\n\t<meta name=\"twitter:data1\" content=\"Reda\u00e7\u00e3o Folha Popular\" \/>\n\t<meta name=\"twitter:label2\" content=\"Est. tempo de leitura\" \/>\n\t<meta name=\"twitter:data2\" content=\"3 minutos\" \/>\n<script type=\"application\/ld+json\" class=\"yoast-schema-graph\">{\"@context\":\"https:\\\/\\\/schema.org\",\"@graph\":[{\"@type\":\"Article\",\"@id\":\"https:\\\/\\\/folhapopular.info\\\/index.php\\\/2022\\\/07\\\/25\\\/expowink-divulga-programacao\\\/#article\",\"isPartOf\":{\"@id\":\"https:\\\/\\\/folhapopular.info\\\/index.php\\\/2022\\\/07\\\/25\\\/expowink-divulga-programacao\\\/\"},\"author\":{\"name\":\"Reda\u00e7\u00e3o Folha Popular\",\"@id\":\"https:\\\/\\\/folhapopular.info\\\/#\\\/schema\\\/person\\\/2814e8a0df7643585a9ca38bc6eb9d4b\"},\"headline\":\"Expowink divulga programa\u00e7\u00e3o\",\"datePublished\":\"2022-07-25T23:13:40+00:00\",\"dateModified\":\"2022-07-25T23:13:45+00:00\",\"mainEntityOfPage\":{\"@id\":\"https:\\\/\\\/folhapopular.info\\\/index.php\\\/2022\\\/07\\\/25\\\/expowink-divulga-programacao\\\/\"},\"wordCount\":464,\"commentCount\":0,\"image\":{\"@id\":\"https:\\\/\\\/folhapopular.info\\\/index.php\\\/2022\\\/07\\\/25\\\/expowink-divulga-programacao\\\/#primaryimage\"},\"thumbnailUrl\":\"https:\\\/\\\/folhapopular.info\\\/wp-content\\\/uploads\\\/2022\\\/01\\\/2019_11_17_Expowink_PG-1-Copia-scaled-e1642853244206.jpg\",\"keywords\":[\"Estrela\",\"Expowink\",\"Teut\u00f4nia\"],\"articleSection\":[\"Destaques\",\"Inclusive\"],\"inLanguage\":\"pt-BR\",\"potentialAction\":[{\"@type\":\"CommentAction\",\"name\":\"Comment\",\"target\":[\"https:\\\/\\\/folhapopular.info\\\/index.php\\\/2022\\\/07\\\/25\\\/expowink-divulga-programacao\\\/#respond\"]}]},{\"@type\":\"WebPage\",\"@id\":\"https:\\\/\\\/folhapopular.info\\\/index.php\\\/2022\\\/07\\\/25\\\/expowink-divulga-programacao\\\/\",\"url\":\"https:\\\/\\\/folhapopular.info\\\/index.php\\\/2022\\\/07\\\/25\\\/expowink-divulga-programacao\\\/\",\"name\":\"Expowink divulga programa\u00e7\u00e3o - Folha Popular\",\"isPartOf\":{\"@id\":\"https:\\\/\\\/folhapopular.info\\\/#website\"},\"primaryImageOfPage\":{\"@id\":\"https:\\\/\\\/folhapopular.info\\\/index.php\\\/2022\\\/07\\\/25\\\/expowink-divulga-programacao\\\/#primaryimage\"},\"image\":{\"@id\":\"https:\\\/\\\/folhapopular.info\\\/index.php\\\/2022\\\/07\\\/25\\\/expowink-divulga-programacao\\\/#primaryimage\"},\"thumbnailUrl\":\"https:\\\/\\\/folhapopular.info\\\/wp-content\\\/uploads\\\/2022\\\/01\\\/2019_11_17_Expowink_PG-1-Copia-scaled-e1642853244206.jpg\",\"datePublished\":\"2022-07-25T23:13:40+00:00\",\"dateModified\":\"2022-07-25T23:13:45+00:00\",\"author\":{\"@id\":\"https:\\\/\\\/folhapopular.info\\\/#\\\/schema\\\/person\\\/2814e8a0df7643585a9ca38bc6eb9d4b\"},\"breadcrumb\":{\"@id\":\"https:\\\/\\\/folhapopular.info\\\/index.php\\\/2022\\\/07\\\/25\\\/expowink-divulga-programacao\\\/#breadcrumb\"},\"inLanguage\":\"pt-BR\",\"potentialAction\":[{\"@type\":\"ReadAction\",\"target\":[\"https:\\\/\\\/folhapopular.info\\\/index.php\\\/2022\\\/07\\\/25\\\/expowink-divulga-programacao\\\/\"]}]},{\"@type\":\"ImageObject\",\"inLanguage\":\"pt-BR\",\"@id\":\"https:\\\/\\\/folhapopular.info\\\/index.php\\\/2022\\\/07\\\/25\\\/expowink-divulga-programacao\\\/#primaryimage\",\"url\":\"https:\\\/\\\/folhapopular.info\\\/wp-content\\\/uploads\\\/2022\\\/01\\\/2019_11_17_Expowink_PG-1-Copia-scaled-e1642853244206.jpg\",\"contentUrl\":\"https:\\\/\\\/folhapopular.info\\\/wp-content\\\/uploads\\\/2022\\\/01\\\/2019_11_17_Expowink_PG-1-Copia-scaled-e1642853244206.jpg\",\"width\":800,\"height\":600,\"caption\":\"\u00daltima edi\u00e7\u00e3o da Expowinck ocorreu em novembro de 2019 \\\/ Paloma Griesang \\\/ Arquivo FP\"},{\"@type\":\"BreadcrumbList\",\"@id\":\"https:\\\/\\\/folhapopular.info\\\/index.php\\\/2022\\\/07\\\/25\\\/expowink-divulga-programacao\\\/#breadcrumb\",\"itemListElement\":[{\"@type\":\"ListItem\",\"position\":1,\"name\":\"In\u00edcio\",\"item\":\"https:\\\/\\\/folhapopular.info\\\/\"},{\"@type\":\"ListItem\",\"position\":2,\"name\":\"Expowink divulga programa\u00e7\u00e3o\"}]},{\"@type\":\"WebSite\",\"@id\":\"https:\\\/\\\/folhapopular.info\\\/#website\",\"url\":\"https:\\\/\\\/folhapopular.info\\\/\",\"name\":\"Folha Popular\",\"description\":\"Onde voc\u00ea tem vez e voz\",\"potentialAction\":[{\"@type\":\"SearchAction\",\"target\":{\"@type\":\"EntryPoint\",\"urlTemplate\":\"https:\\\/\\\/folhapopular.info\\\/?s={search_term_string}\"},\"query-input\":{\"@type\":\"PropertyValueSpecification\",\"valueRequired\":true,\"valueName\":\"search_term_string\"}}],\"inLanguage\":\"pt-BR\"},{\"@type\":\"Person\",\"@id\":\"https:\\\/\\\/folhapopular.info\\\/#\\\/schema\\\/person\\\/2814e8a0df7643585a9ca38bc6eb9d4b\",\"name\":\"Reda\u00e7\u00e3o Folha Popular\",\"image\":{\"@type\":\"ImageObject\",\"inLanguage\":\"pt-BR\",\"@id\":\"https:\\\/\\\/folhapopular.info\\\/wp-content\\\/uploads\\\/2026\\\/04\\\/Folha-1.webp\",\"url\":\"https:\\\/\\\/folhapopular.info\\\/wp-content\\\/uploads\\\/2026\\\/04\\\/Folha-1.webp\",\"contentUrl\":\"https:\\\/\\\/folhapopular.info\\\/wp-content\\\/uploads\\\/2026\\\/04\\\/Folha-1.webp\",\"caption\":\"Reda\u00e7\u00e3o Folha Popular\"},\"url\":\"https:\\\/\\\/folhapopular.info\\\/index.php\\\/author\\\/redacao\\\/\"}]}<\/script>\n<!-- \/ Yoast SEO plugin. -->","yoast_head_json":{"title":"Expowink divulga programa\u00e7\u00e3o - Folha Popular","robots":{"index":"index","follow":"follow","max-snippet":"max-snippet:-1","max-image-preview":"max-image-preview:large","max-video-preview":"max-video-preview:-1"},"canonical":"https:\/\/folhapopular.info\/index.php\/2022\/07\/25\/expowink-divulga-programacao\/","og_locale":"pt_BR","og_type":"article","og_title":"Expowink divulga programa\u00e7\u00e3o - Folha Popular","og_description":"A maior festa comunit\u00e1ria do Rio Grande do Sul ser\u00e1 realizada de 23 a 25 de setembro, na comunidade de Linha Wink, limite dos munic\u00edpios de Estrela e Teut\u00f4nia. A 12\u00aa Expowink 2022 ser\u00e1 aberta na sexta-feira (23\/9), com abertura dos port\u00f5es \u00e0s 8h para os expositores. Logo em seguida j\u00e1 haver\u00e1 palestra t\u00e9cnica em [&hellip;]","og_url":"https:\/\/folhapopular.info\/index.php\/2022\/07\/25\/expowink-divulga-programacao\/","og_site_name":"Folha Popular","article_published_time":"2022-07-25T23:13:40+00:00","article_modified_time":"2022-07-25T23:13:45+00:00","og_image":[{"width":800,"height":600,"url":"http:\/\/folhapopular.info\/wp-content\/uploads\/2022\/01\/2019_11_17_Expowink_PG-1-Copia-scaled-e1642853244206.jpg","type":"image\/jpeg"}],"author":"Reda\u00e7\u00e3o Folha Popular","twitter_card":"summary_large_image","twitter_misc":{"Escrito por":"Reda\u00e7\u00e3o Folha Popular","Est. tempo de leitura":"3 minutos"},"schema":{"@context":"https:\/\/schema.org","@graph":[{"@type":"Article","@id":"https:\/\/folhapopular.info\/index.php\/2022\/07\/25\/expowink-divulga-programacao\/#article","isPartOf":{"@id":"https:\/\/folhapopular.info\/index.php\/2022\/07\/25\/expowink-divulga-programacao\/"},"author":{"name":"Reda\u00e7\u00e3o Folha Popular","@id":"https:\/\/folhapopular.info\/#\/schema\/person\/2814e8a0df7643585a9ca38bc6eb9d4b"},"headline":"Expowink divulga programa\u00e7\u00e3o","datePublished":"2022-07-25T23:13:40+00:00","dateModified":"2022-07-25T23:13:45+00:00","mainEntityOfPage":{"@id":"https:\/\/folhapopular.info\/index.php\/2022\/07\/25\/expowink-divulga-programacao\/"},"wordCount":464,"commentCount":0,"image":{"@id":"https:\/\/folhapopular.info\/index.php\/2022\/07\/25\/expowink-divulga-programacao\/#primaryimage"},"thumbnailUrl":"https:\/\/folhapopular.info\/wp-content\/uploads\/2022\/01\/2019_11_17_Expowink_PG-1-Copia-scaled-e1642853244206.jpg","keywords":["Estrela","Expowink","Teut\u00f4nia"],"articleSection":["Destaques","Inclusive"],"inLanguage":"pt-BR","potentialAction":[{"@type":"CommentAction","name":"Comment","target":["https:\/\/folhapopular.info\/index.php\/2022\/07\/25\/expowink-divulga-programacao\/#respond"]}]},{"@type":"WebPage","@id":"https:\/\/folhapopular.info\/index.php\/2022\/07\/25\/expowink-divulga-programacao\/","url":"https:\/\/folhapopular.info\/index.php\/2022\/07\/25\/expowink-divulga-programacao\/","name":"Expowink divulga programa\u00e7\u00e3o - Folha Popular","isPartOf":{"@id":"https:\/\/folhapopular.info\/#website"},"primaryImageOfPage":{"@id":"https:\/\/folhapopular.info\/index.php\/2022\/07\/25\/expowink-divulga-programacao\/#primaryimage"},"image":{"@id":"https:\/\/folhapopular.info\/index.php\/2022\/07\/25\/expowink-divulga-programacao\/#primaryimage"},"thumbnailUrl":"https:\/\/folhapopular.info\/wp-content\/uploads\/2022\/01\/2019_11_17_Expowink_PG-1-Copia-scaled-e1642853244206.jpg","datePublished":"2022-07-25T23:13:40+00:00","dateModified":"2022-07-25T23:13:45+00:00","author":{"@id":"https:\/\/folhapopular.info\/#\/schema\/person\/2814e8a0df7643585a9ca38bc6eb9d4b"},"breadcrumb":{"@id":"https:\/\/folhapopular.info\/index.php\/2022\/07\/25\/expowink-divulga-programacao\/#breadcrumb"},"inLanguage":"pt-BR","potentialAction":[{"@type":"ReadAction","target":["https:\/\/folhapopular.info\/index.php\/2022\/07\/25\/expowink-divulga-programacao\/"]}]},{"@type":"ImageObject","inLanguage":"pt-BR","@id":"https:\/\/folhapopular.info\/index.php\/2022\/07\/25\/expowink-divulga-programacao\/#primaryimage","url":"https:\/\/folhapopular.info\/wp-content\/uploads\/2022\/01\/2019_11_17_Expowink_PG-1-Copia-scaled-e1642853244206.jpg","contentUrl":"https:\/\/folhapopular.info\/wp-content\/uploads\/2022\/01\/2019_11_17_Expowink_PG-1-Copia-scaled-e1642853244206.jpg","width":800,"height":600,"caption":"\u00daltima edi\u00e7\u00e3o da Expowinck ocorreu em novembro de 2019 \/ Paloma Griesang \/ Arquivo FP"},{"@type":"BreadcrumbList","@id":"https:\/\/folhapopular.info\/index.php\/2022\/07\/25\/expowink-divulga-programacao\/#breadcrumb","itemListElement":[{"@type":"ListItem","position":1,"name":"In\u00edcio","item":"https:\/\/folhapopular.info\/"},{"@type":"ListItem","position":2,"name":"Expowink divulga programa\u00e7\u00e3o"}]},{"@type":"WebSite","@id":"https:\/\/folhapopular.info\/#website","url":"https:\/\/folhapopular.info\/","name":"Folha Popular","description":"Onde voc\u00ea tem vez e voz","potentialAction":[{"@type":"SearchAction","target":{"@type":"EntryPoint","urlTemplate":"https:\/\/folhapopular.info\/?s={search_term_string}"},"query-input":{"@type":"PropertyValueSpecification","valueRequired":true,"valueName":"search_term_string"}}],"inLanguage":"pt-BR"},{"@type":"Person","@id":"https:\/\/folhapopular.info\/#\/schema\/person\/2814e8a0df7643585a9ca38bc6eb9d4b","name":"Reda\u00e7\u00e3o Folha Popular","image":{"@type":"ImageObject","inLanguage":"pt-BR","@id":"https:\/\/folhapopular.info\/wp-content\/uploads\/2026\/04\/Folha-1.webp","url":"https:\/\/folhapopular.info\/wp-content\/uploads\/2026\/04\/Folha-1.webp","contentUrl":"https:\/\/folhapopular.info\/wp-content\/uploads\/2026\/04\/Folha-1.webp","caption":"Reda\u00e7\u00e3o Folha Popular"},"url":"https:\/\/folhapopular.info\/index.php\/author\/redacao\/"}]}},"jetpack_featured_media_url":"https:\/\/folhapopular.info\/wp-content\/uploads\/2022\/01\/2019_11_17_Expowink_PG-1-Copia-scaled-e1642853244206.jpg","jetpack_sharing_enabled":true,"amp_enabled":true,"_links":{"self":[{"href":"https:\/\/folhapopular.info\/index.php\/wp-json\/wp\/v2\/posts\/109419","targetHints":{"allow":["GET"]}}],"collection":[{"href":"https:\/\/folhapopular.info\/index.php\/wp-json\/wp\/v2\/posts"}],"about":[{"href":"https:\/\/folhapopular.info\/index.php\/wp-json\/wp\/v2\/types\/post"}],"author":[{"embeddable":true,"href":"https:\/\/folhapopular.info\/index.php\/wp-json\/wp\/v2\/users\/8"}],"replies":[{"embeddable":true,"href":"https:\/\/folhapopular.info\/index.php\/wp-json\/wp\/v2\/comments?post=109419"}],"version-history":[{"count":0,"href":"https:\/\/folhapopular.info\/index.php\/wp-json\/wp\/v2\/posts\/109419\/revisions"}],"wp:featuredmedia":[{"embeddable":true,"href":"https:\/\/folhapopular.info\/index.php\/wp-json\/wp\/v2\/media\/97122"}],"wp:attachment":[{"href":"https:\/\/folhapopular.info\/index.php\/wp-json\/wp\/v2\/media?parent=109419"}],"wp:term":[{"taxonomy":"category","embeddable":true,"href":"https:\/\/folhapopular.info\/index.php\/wp-json\/wp\/v2\/categories?post=109419"},{"taxonomy":"post_tag","embeddable":true,"href":"https:\/\/folhapopular.info\/index.php\/wp-json\/wp\/v2\/tags?post=109419"}],"curies":[{"name":"wp","href":"https:\/\/api.w.org\/{rel}","templated":true}]}}