{"id":109481,"date":"2022-07-27T04:30:00","date_gmt":"2022-07-27T07:30:00","guid":{"rendered":"https:\/\/folhapopular.info\/?p=109481"},"modified":"2022-07-27T05:32:01","modified_gmt":"2022-07-27T08:32:01","slug":"policia-federal-prende-duas-pessoas-em-operacao-de-combate-ao-trafico","status":"publish","type":"post","link":"https:\/\/folhapopular.info\/index.php\/2022\/07\/27\/policia-federal-prende-duas-pessoas-em-operacao-de-combate-ao-trafico\/","title":{"rendered":"Pol\u00edcia Federal prende duas pessoas em opera\u00e7\u00e3o de combate ao tr\u00e1fico"},"content":{"rendered":"\n<p>Nesta ter\u00e7a-feira (26\/7), a Pol\u00edcia Federal deflagrou Opera\u00e7\u00e3o para combater a lavagem de dinheiro decorrente do tr\u00e1fico de drogas em S\u00e3o Borja\/RS. Foram cumpridos sete mandados de busca e apreens\u00e3o e um mandado de pris\u00e3o tempor\u00e1ria. Ainda houve uma pris\u00e3o em flagrante.<\/p>\n\n\n\n<p>Um homem foi preso e conduzido ao Pres\u00eddio Estadual de S\u00e3o Borja, onde aguardar\u00e1 o andamento de dilig\u00eancias imprescind\u00edveis para o julgamento pelos crimes de tr\u00e1fico de drogas e lavagem de dinheiro. Se for condenado, as penas podem chegar at\u00e9 15 anos de reclus\u00e3o.<\/p>\n\n\n\n<p>Na opera\u00e7\u00e3o, a Pol\u00edcia Federal prendeu uma mulher em flagrante pela posse de uma pistola calibre 380 com registro de furto\/roubo.<\/p>\n\n\n\n<p>Nas buscas ainda foram apreendidos cerca de R$ 41 mil em esp\u00e9cie, um Jet-Ski avaliado em R$ 100 mil, um simulacro de fuzil e carne de capivara, decorrente de ca\u00e7a ilegal.<\/p>\n\n\n\n<figure class=\"wp-block-gallery has-nested-images columns-default is-cropped wp-block-gallery-1 is-layout-flex wp-block-gallery-is-layout-flex\">\n<figure class=\"wp-block-image size-large\"><img loading=\"lazy\" decoding=\"async\" width=\"1280\" height=\"958\" data-id=\"109483\" src=\"https:\/\/folhapopular.info\/wp-content\/uploads\/2022\/07\/WhatsApp-Image-2022-07-26-at-20.41.28.jpeg\" alt=\"\" class=\"wp-image-109483\" srcset=\"https:\/\/folhapopular.info\/wp-content\/uploads\/2022\/07\/WhatsApp-Image-2022-07-26-at-20.41.28.jpeg 1280w, https:\/\/folhapopular.info\/wp-content\/uploads\/2022\/07\/WhatsApp-Image-2022-07-26-at-20.41.28-300x225.jpeg 300w, https:\/\/folhapopular.info\/wp-content\/uploads\/2022\/07\/WhatsApp-Image-2022-07-26-at-20.41.28-1024x766.jpeg 1024w, https:\/\/folhapopular.info\/wp-content\/uploads\/2022\/07\/WhatsApp-Image-2022-07-26-at-20.41.28-768x575.jpeg 768w, https:\/\/folhapopular.info\/wp-content\/uploads\/2022\/07\/WhatsApp-Image-2022-07-26-at-20.41.28-696x521.jpeg 696w, https:\/\/folhapopular.info\/wp-content\/uploads\/2022\/07\/WhatsApp-Image-2022-07-26-at-20.41.28-1068x799.jpeg 1068w\" sizes=\"auto, (max-width: 1280px) 100vw, 1280px\" \/><figcaption>Policiais cumpriram mandados buscas e apreens\u00e3o \/\/ Cr\u00e9dito: Pol\u00edcia Federal \/ Divulga\u00e7\u00e3o<\/figcaption><\/figure>\n\n\n\n<figure class=\"wp-block-image size-large\"><img loading=\"lazy\" decoding=\"async\" width=\"1600\" height=\"777\" data-id=\"109482\" src=\"https:\/\/folhapopular.info\/wp-content\/uploads\/2022\/07\/WhatsApp-Image-2022-07-26-at-20.41.28-1.jpeg\" alt=\"\" class=\"wp-image-109482\" srcset=\"https:\/\/folhapopular.info\/wp-content\/uploads\/2022\/07\/WhatsApp-Image-2022-07-26-at-20.41.28-1.jpeg 1600w, https:\/\/folhapopular.info\/wp-content\/uploads\/2022\/07\/WhatsApp-Image-2022-07-26-at-20.41.28-1-300x146.jpeg 300w, https:\/\/folhapopular.info\/wp-content\/uploads\/2022\/07\/WhatsApp-Image-2022-07-26-at-20.41.28-1-1024x497.jpeg 1024w, https:\/\/folhapopular.info\/wp-content\/uploads\/2022\/07\/WhatsApp-Image-2022-07-26-at-20.41.28-1-768x373.jpeg 768w, https:\/\/folhapopular.info\/wp-content\/uploads\/2022\/07\/WhatsApp-Image-2022-07-26-at-20.41.28-1-1536x746.jpeg 1536w, https:\/\/folhapopular.info\/wp-content\/uploads\/2022\/07\/WhatsApp-Image-2022-07-26-at-20.41.28-1-696x338.jpeg 696w, https:\/\/folhapopular.info\/wp-content\/uploads\/2022\/07\/WhatsApp-Image-2022-07-26-at-20.41.28-1-1068x519.jpeg 1068w\" sizes=\"auto, (max-width: 1600px) 100vw, 1600px\" \/><figcaption>Policiais apreenderam tamb\u00e9m carne de capivara \/\/ Cr\u00e9dito: Pol\u00edcia Federal \/ Divulga\u00e7\u00e3o<\/figcaption><\/figure>\n<\/figure>\n","protected":false},"excerpt":{"rendered":"<p>Nesta ter\u00e7a-feira (26\/7), a Pol\u00edcia Federal deflagrou Opera\u00e7\u00e3o para combater a lavagem de dinheiro decorrente do tr\u00e1fico de drogas em S\u00e3o Borja\/RS. Foram cumpridos sete mandados de busca e apreens\u00e3o e um mandado de pris\u00e3o tempor\u00e1ria. Ainda houve uma pris\u00e3o em flagrante. Um homem foi preso e conduzido ao Pres\u00eddio Estadual de S\u00e3o Borja, onde [&hellip;]<\/p>\n","protected":false},"author":8,"featured_media":109484,"comment_status":"open","ping_status":"open","sticky":false,"template":"","format":"standard","meta":{"pmpro_default_level":"","_jetpack_memberships_contains_paid_content":false,"footnotes":""},"categories":[7],"tags":[6852,2148,4736],"class_list":{"0":"post-109481","1":"post","2":"type-post","3":"status-publish","4":"format-standard","5":"has-post-thumbnail","7":"category-seguranca","8":"tag-combate-as-drogas","9":"tag-policia-federal","10":"tag-sao-borja","11":"pmpro-has-access"},"yoast_head":"<!-- This site is optimized with the Yoast SEO plugin v27.5 - https:\/\/yoast.com\/product\/yoast-seo-wordpress\/ -->\n<title>Pol\u00edcia Federal prende duas pessoas em opera\u00e7\u00e3o de combate ao tr\u00e1fico - Folha Popular<\/title>\n<meta name=\"robots\" content=\"index, follow, max-snippet:-1, max-image-preview:large, max-video-preview:-1\" \/>\n<link rel=\"canonical\" href=\"https:\/\/folhapopular.info\/index.php\/2022\/07\/27\/policia-federal-prende-duas-pessoas-em-operacao-de-combate-ao-trafico\/\" \/>\n<meta property=\"og:locale\" content=\"pt_BR\" \/>\n<meta property=\"og:type\" content=\"article\" \/>\n<meta property=\"og:title\" content=\"Pol\u00edcia Federal prende duas pessoas em opera\u00e7\u00e3o de combate ao tr\u00e1fico - Folha Popular\" \/>\n<meta property=\"og:description\" content=\"Nesta ter\u00e7a-feira (26\/7), a Pol\u00edcia Federal deflagrou Opera\u00e7\u00e3o para combater a lavagem de dinheiro decorrente do tr\u00e1fico de drogas em S\u00e3o Borja\/RS. Foram cumpridos sete mandados de busca e apreens\u00e3o e um mandado de pris\u00e3o tempor\u00e1ria. Ainda houve uma pris\u00e3o em flagrante. Um homem foi preso e conduzido ao Pres\u00eddio Estadual de S\u00e3o Borja, onde [&hellip;]\" \/>\n<meta property=\"og:url\" content=\"https:\/\/folhapopular.info\/index.php\/2022\/07\/27\/policia-federal-prende-duas-pessoas-em-operacao-de-combate-ao-trafico\/\" \/>\n<meta property=\"og:site_name\" content=\"Folha Popular\" \/>\n<meta property=\"article:published_time\" content=\"2022-07-27T07:30:00+00:00\" \/>\n<meta property=\"article:modified_time\" content=\"2022-07-27T08:32:01+00:00\" \/>\n<meta property=\"og:image\" content=\"http:\/\/folhapopular.info\/wp-content\/uploads\/2022\/07\/WhatsApp-Image-2022-07-26-at-20.41.29.jpeg\" \/>\n\t<meta property=\"og:image:width\" content=\"960\" \/>\n\t<meta property=\"og:image:height\" content=\"720\" \/>\n\t<meta property=\"og:image:type\" content=\"image\/jpeg\" \/>\n<meta name=\"author\" content=\"Reda\u00e7\u00e3o Folha Popular\" \/>\n<meta name=\"twitter:card\" content=\"summary_large_image\" \/>\n<meta name=\"twitter:label1\" content=\"Escrito por\" \/>\n\t<meta name=\"twitter:data1\" content=\"Reda\u00e7\u00e3o Folha Popular\" \/>\n\t<meta name=\"twitter:label2\" content=\"Est. tempo de leitura\" \/>\n\t<meta name=\"twitter:data2\" content=\"2 minutos\" \/>\n<script type=\"application\/ld+json\" class=\"yoast-schema-graph\">{\"@context\":\"https:\\\/\\\/schema.org\",\"@graph\":[{\"@type\":\"Article\",\"@id\":\"https:\\\/\\\/folhapopular.info\\\/index.php\\\/2022\\\/07\\\/27\\\/policia-federal-prende-duas-pessoas-em-operacao-de-combate-ao-trafico\\\/#article\",\"isPartOf\":{\"@id\":\"https:\\\/\\\/folhapopular.info\\\/index.php\\\/2022\\\/07\\\/27\\\/policia-federal-prende-duas-pessoas-em-operacao-de-combate-ao-trafico\\\/\"},\"author\":{\"name\":\"Reda\u00e7\u00e3o Folha Popular\",\"@id\":\"https:\\\/\\\/folhapopular.info\\\/#\\\/schema\\\/person\\\/2814e8a0df7643585a9ca38bc6eb9d4b\"},\"headline\":\"Pol\u00edcia Federal prende duas pessoas em opera\u00e7\u00e3o de combate ao tr\u00e1fico\",\"datePublished\":\"2022-07-27T07:30:00+00:00\",\"dateModified\":\"2022-07-27T08:32:01+00:00\",\"mainEntityOfPage\":{\"@id\":\"https:\\\/\\\/folhapopular.info\\\/index.php\\\/2022\\\/07\\\/27\\\/policia-federal-prende-duas-pessoas-em-operacao-de-combate-ao-trafico\\\/\"},\"wordCount\":196,\"commentCount\":0,\"image\":{\"@id\":\"https:\\\/\\\/folhapopular.info\\\/index.php\\\/2022\\\/07\\\/27\\\/policia-federal-prende-duas-pessoas-em-operacao-de-combate-ao-trafico\\\/#primaryimage\"},\"thumbnailUrl\":\"https:\\\/\\\/folhapopular.info\\\/wp-content\\\/uploads\\\/2022\\\/07\\\/WhatsApp-Image-2022-07-26-at-20.41.29.jpeg\",\"keywords\":[\"Combate \u00e0s drogas\",\"Pol\u00edcia Federal\",\"S\u00e3o Borja\"],\"articleSection\":[\"Seguran\u00e7a\"],\"inLanguage\":\"pt-BR\",\"potentialAction\":[{\"@type\":\"CommentAction\",\"name\":\"Comment\",\"target\":[\"https:\\\/\\\/folhapopular.info\\\/index.php\\\/2022\\\/07\\\/27\\\/policia-federal-prende-duas-pessoas-em-operacao-de-combate-ao-trafico\\\/#respond\"]}]},{\"@type\":\"WebPage\",\"@id\":\"https:\\\/\\\/folhapopular.info\\\/index.php\\\/2022\\\/07\\\/27\\\/policia-federal-prende-duas-pessoas-em-operacao-de-combate-ao-trafico\\\/\",\"url\":\"https:\\\/\\\/folhapopular.info\\\/index.php\\\/2022\\\/07\\\/27\\\/policia-federal-prende-duas-pessoas-em-operacao-de-combate-ao-trafico\\\/\",\"name\":\"Pol\u00edcia Federal prende duas pessoas em opera\u00e7\u00e3o de combate ao tr\u00e1fico - Folha Popular\",\"isPartOf\":{\"@id\":\"https:\\\/\\\/folhapopular.info\\\/#website\"},\"primaryImageOfPage\":{\"@id\":\"https:\\\/\\\/folhapopular.info\\\/index.php\\\/2022\\\/07\\\/27\\\/policia-federal-prende-duas-pessoas-em-operacao-de-combate-ao-trafico\\\/#primaryimage\"},\"image\":{\"@id\":\"https:\\\/\\\/folhapopular.info\\\/index.php\\\/2022\\\/07\\\/27\\\/policia-federal-prende-duas-pessoas-em-operacao-de-combate-ao-trafico\\\/#primaryimage\"},\"thumbnailUrl\":\"https:\\\/\\\/folhapopular.info\\\/wp-content\\\/uploads\\\/2022\\\/07\\\/WhatsApp-Image-2022-07-26-at-20.41.29.jpeg\",\"datePublished\":\"2022-07-27T07:30:00+00:00\",\"dateModified\":\"2022-07-27T08:32:01+00:00\",\"author\":{\"@id\":\"https:\\\/\\\/folhapopular.info\\\/#\\\/schema\\\/person\\\/2814e8a0df7643585a9ca38bc6eb9d4b\"},\"breadcrumb\":{\"@id\":\"https:\\\/\\\/folhapopular.info\\\/index.php\\\/2022\\\/07\\\/27\\\/policia-federal-prende-duas-pessoas-em-operacao-de-combate-ao-trafico\\\/#breadcrumb\"},\"inLanguage\":\"pt-BR\",\"potentialAction\":[{\"@type\":\"ReadAction\",\"target\":[\"https:\\\/\\\/folhapopular.info\\\/index.php\\\/2022\\\/07\\\/27\\\/policia-federal-prende-duas-pessoas-em-operacao-de-combate-ao-trafico\\\/\"]}]},{\"@type\":\"ImageObject\",\"inLanguage\":\"pt-BR\",\"@id\":\"https:\\\/\\\/folhapopular.info\\\/index.php\\\/2022\\\/07\\\/27\\\/policia-federal-prende-duas-pessoas-em-operacao-de-combate-ao-trafico\\\/#primaryimage\",\"url\":\"https:\\\/\\\/folhapopular.info\\\/wp-content\\\/uploads\\\/2022\\\/07\\\/WhatsApp-Image-2022-07-26-at-20.41.29.jpeg\",\"contentUrl\":\"https:\\\/\\\/folhapopular.info\\\/wp-content\\\/uploads\\\/2022\\\/07\\\/WhatsApp-Image-2022-07-26-at-20.41.29.jpeg\",\"width\":960,\"height\":720,\"caption\":\"Policiais encontraram dinheiro, jet ski e simulacro de fuzil \\\/\\\/ Cr\u00e9dito: Pol\u00edcia Federal \\\/ Divulga\u00e7\u00e3o\"},{\"@type\":\"BreadcrumbList\",\"@id\":\"https:\\\/\\\/folhapopular.info\\\/index.php\\\/2022\\\/07\\\/27\\\/policia-federal-prende-duas-pessoas-em-operacao-de-combate-ao-trafico\\\/#breadcrumb\",\"itemListElement\":[{\"@type\":\"ListItem\",\"position\":1,\"name\":\"In\u00edcio\",\"item\":\"https:\\\/\\\/folhapopular.info\\\/\"},{\"@type\":\"ListItem\",\"position\":2,\"name\":\"Pol\u00edcia Federal prende duas pessoas em opera\u00e7\u00e3o de combate ao tr\u00e1fico\"}]},{\"@type\":\"WebSite\",\"@id\":\"https:\\\/\\\/folhapopular.info\\\/#website\",\"url\":\"https:\\\/\\\/folhapopular.info\\\/\",\"name\":\"Folha Popular\",\"description\":\"Onde voc\u00ea tem vez e voz\",\"potentialAction\":[{\"@type\":\"SearchAction\",\"target\":{\"@type\":\"EntryPoint\",\"urlTemplate\":\"https:\\\/\\\/folhapopular.info\\\/?s={search_term_string}\"},\"query-input\":{\"@type\":\"PropertyValueSpecification\",\"valueRequired\":true,\"valueName\":\"search_term_string\"}}],\"inLanguage\":\"pt-BR\"},{\"@type\":\"Person\",\"@id\":\"https:\\\/\\\/folhapopular.info\\\/#\\\/schema\\\/person\\\/2814e8a0df7643585a9ca38bc6eb9d4b\",\"name\":\"Reda\u00e7\u00e3o Folha Popular\",\"image\":{\"@type\":\"ImageObject\",\"inLanguage\":\"pt-BR\",\"@id\":\"https:\\\/\\\/folhapopular.info\\\/wp-content\\\/uploads\\\/2026\\\/04\\\/Folha-1.webp\",\"url\":\"https:\\\/\\\/folhapopular.info\\\/wp-content\\\/uploads\\\/2026\\\/04\\\/Folha-1.webp\",\"contentUrl\":\"https:\\\/\\\/folhapopular.info\\\/wp-content\\\/uploads\\\/2026\\\/04\\\/Folha-1.webp\",\"caption\":\"Reda\u00e7\u00e3o Folha Popular\"},\"url\":\"https:\\\/\\\/folhapopular.info\\\/index.php\\\/author\\\/redacao\\\/\"}]}<\/script>\n<!-- \/ Yoast SEO plugin. -->","yoast_head_json":{"title":"Pol\u00edcia Federal prende duas pessoas em opera\u00e7\u00e3o de combate ao tr\u00e1fico - Folha Popular","robots":{"index":"index","follow":"follow","max-snippet":"max-snippet:-1","max-image-preview":"max-image-preview:large","max-video-preview":"max-video-preview:-1"},"canonical":"https:\/\/folhapopular.info\/index.php\/2022\/07\/27\/policia-federal-prende-duas-pessoas-em-operacao-de-combate-ao-trafico\/","og_locale":"pt_BR","og_type":"article","og_title":"Pol\u00edcia Federal prende duas pessoas em opera\u00e7\u00e3o de combate ao tr\u00e1fico - Folha Popular","og_description":"Nesta ter\u00e7a-feira (26\/7), a Pol\u00edcia Federal deflagrou Opera\u00e7\u00e3o para combater a lavagem de dinheiro decorrente do tr\u00e1fico de drogas em S\u00e3o Borja\/RS. Foram cumpridos sete mandados de busca e apreens\u00e3o e um mandado de pris\u00e3o tempor\u00e1ria. Ainda houve uma pris\u00e3o em flagrante. Um homem foi preso e conduzido ao Pres\u00eddio Estadual de S\u00e3o Borja, onde [&hellip;]","og_url":"https:\/\/folhapopular.info\/index.php\/2022\/07\/27\/policia-federal-prende-duas-pessoas-em-operacao-de-combate-ao-trafico\/","og_site_name":"Folha Popular","article_published_time":"2022-07-27T07:30:00+00:00","article_modified_time":"2022-07-27T08:32:01+00:00","og_image":[{"width":960,"height":720,"url":"http:\/\/folhapopular.info\/wp-content\/uploads\/2022\/07\/WhatsApp-Image-2022-07-26-at-20.41.29.jpeg","type":"image\/jpeg"}],"author":"Reda\u00e7\u00e3o Folha Popular","twitter_card":"summary_large_image","twitter_misc":{"Escrito por":"Reda\u00e7\u00e3o Folha Popular","Est. tempo de leitura":"2 minutos"},"schema":{"@context":"https:\/\/schema.org","@graph":[{"@type":"Article","@id":"https:\/\/folhapopular.info\/index.php\/2022\/07\/27\/policia-federal-prende-duas-pessoas-em-operacao-de-combate-ao-trafico\/#article","isPartOf":{"@id":"https:\/\/folhapopular.info\/index.php\/2022\/07\/27\/policia-federal-prende-duas-pessoas-em-operacao-de-combate-ao-trafico\/"},"author":{"name":"Reda\u00e7\u00e3o Folha Popular","@id":"https:\/\/folhapopular.info\/#\/schema\/person\/2814e8a0df7643585a9ca38bc6eb9d4b"},"headline":"Pol\u00edcia Federal prende duas pessoas em opera\u00e7\u00e3o de combate ao tr\u00e1fico","datePublished":"2022-07-27T07:30:00+00:00","dateModified":"2022-07-27T08:32:01+00:00","mainEntityOfPage":{"@id":"https:\/\/folhapopular.info\/index.php\/2022\/07\/27\/policia-federal-prende-duas-pessoas-em-operacao-de-combate-ao-trafico\/"},"wordCount":196,"commentCount":0,"image":{"@id":"https:\/\/folhapopular.info\/index.php\/2022\/07\/27\/policia-federal-prende-duas-pessoas-em-operacao-de-combate-ao-trafico\/#primaryimage"},"thumbnailUrl":"https:\/\/folhapopular.info\/wp-content\/uploads\/2022\/07\/WhatsApp-Image-2022-07-26-at-20.41.29.jpeg","keywords":["Combate \u00e0s drogas","Pol\u00edcia Federal","S\u00e3o Borja"],"articleSection":["Seguran\u00e7a"],"inLanguage":"pt-BR","potentialAction":[{"@type":"CommentAction","name":"Comment","target":["https:\/\/folhapopular.info\/index.php\/2022\/07\/27\/policia-federal-prende-duas-pessoas-em-operacao-de-combate-ao-trafico\/#respond"]}]},{"@type":"WebPage","@id":"https:\/\/folhapopular.info\/index.php\/2022\/07\/27\/policia-federal-prende-duas-pessoas-em-operacao-de-combate-ao-trafico\/","url":"https:\/\/folhapopular.info\/index.php\/2022\/07\/27\/policia-federal-prende-duas-pessoas-em-operacao-de-combate-ao-trafico\/","name":"Pol\u00edcia Federal prende duas pessoas em opera\u00e7\u00e3o de combate ao tr\u00e1fico - Folha Popular","isPartOf":{"@id":"https:\/\/folhapopular.info\/#website"},"primaryImageOfPage":{"@id":"https:\/\/folhapopular.info\/index.php\/2022\/07\/27\/policia-federal-prende-duas-pessoas-em-operacao-de-combate-ao-trafico\/#primaryimage"},"image":{"@id":"https:\/\/folhapopular.info\/index.php\/2022\/07\/27\/policia-federal-prende-duas-pessoas-em-operacao-de-combate-ao-trafico\/#primaryimage"},"thumbnailUrl":"https:\/\/folhapopular.info\/wp-content\/uploads\/2022\/07\/WhatsApp-Image-2022-07-26-at-20.41.29.jpeg","datePublished":"2022-07-27T07:30:00+00:00","dateModified":"2022-07-27T08:32:01+00:00","author":{"@id":"https:\/\/folhapopular.info\/#\/schema\/person\/2814e8a0df7643585a9ca38bc6eb9d4b"},"breadcrumb":{"@id":"https:\/\/folhapopular.info\/index.php\/2022\/07\/27\/policia-federal-prende-duas-pessoas-em-operacao-de-combate-ao-trafico\/#breadcrumb"},"inLanguage":"pt-BR","potentialAction":[{"@type":"ReadAction","target":["https:\/\/folhapopular.info\/index.php\/2022\/07\/27\/policia-federal-prende-duas-pessoas-em-operacao-de-combate-ao-trafico\/"]}]},{"@type":"ImageObject","inLanguage":"pt-BR","@id":"https:\/\/folhapopular.info\/index.php\/2022\/07\/27\/policia-federal-prende-duas-pessoas-em-operacao-de-combate-ao-trafico\/#primaryimage","url":"https:\/\/folhapopular.info\/wp-content\/uploads\/2022\/07\/WhatsApp-Image-2022-07-26-at-20.41.29.jpeg","contentUrl":"https:\/\/folhapopular.info\/wp-content\/uploads\/2022\/07\/WhatsApp-Image-2022-07-26-at-20.41.29.jpeg","width":960,"height":720,"caption":"Policiais encontraram dinheiro, jet ski e simulacro de fuzil \/\/ Cr\u00e9dito: Pol\u00edcia Federal \/ Divulga\u00e7\u00e3o"},{"@type":"BreadcrumbList","@id":"https:\/\/folhapopular.info\/index.php\/2022\/07\/27\/policia-federal-prende-duas-pessoas-em-operacao-de-combate-ao-trafico\/#breadcrumb","itemListElement":[{"@type":"ListItem","position":1,"name":"In\u00edcio","item":"https:\/\/folhapopular.info\/"},{"@type":"ListItem","position":2,"name":"Pol\u00edcia Federal prende duas pessoas em opera\u00e7\u00e3o de combate ao tr\u00e1fico"}]},{"@type":"WebSite","@id":"https:\/\/folhapopular.info\/#website","url":"https:\/\/folhapopular.info\/","name":"Folha Popular","description":"Onde voc\u00ea tem vez e voz","potentialAction":[{"@type":"SearchAction","target":{"@type":"EntryPoint","urlTemplate":"https:\/\/folhapopular.info\/?s={search_term_string}"},"query-input":{"@type":"PropertyValueSpecification","valueRequired":true,"valueName":"search_term_string"}}],"inLanguage":"pt-BR"},{"@type":"Person","@id":"https:\/\/folhapopular.info\/#\/schema\/person\/2814e8a0df7643585a9ca38bc6eb9d4b","name":"Reda\u00e7\u00e3o Folha Popular","image":{"@type":"ImageObject","inLanguage":"pt-BR","@id":"https:\/\/folhapopular.info\/wp-content\/uploads\/2026\/04\/Folha-1.webp","url":"https:\/\/folhapopular.info\/wp-content\/uploads\/2026\/04\/Folha-1.webp","contentUrl":"https:\/\/folhapopular.info\/wp-content\/uploads\/2026\/04\/Folha-1.webp","caption":"Reda\u00e7\u00e3o Folha Popular"},"url":"https:\/\/folhapopular.info\/index.php\/author\/redacao\/"}]}},"jetpack_featured_media_url":"https:\/\/folhapopular.info\/wp-content\/uploads\/2022\/07\/WhatsApp-Image-2022-07-26-at-20.41.29.jpeg","jetpack_sharing_enabled":true,"amp_enabled":true,"_links":{"self":[{"href":"https:\/\/folhapopular.info\/index.php\/wp-json\/wp\/v2\/posts\/109481","targetHints":{"allow":["GET"]}}],"collection":[{"href":"https:\/\/folhapopular.info\/index.php\/wp-json\/wp\/v2\/posts"}],"about":[{"href":"https:\/\/folhapopular.info\/index.php\/wp-json\/wp\/v2\/types\/post"}],"author":[{"embeddable":true,"href":"https:\/\/folhapopular.info\/index.php\/wp-json\/wp\/v2\/users\/8"}],"replies":[{"embeddable":true,"href":"https:\/\/folhapopular.info\/index.php\/wp-json\/wp\/v2\/comments?post=109481"}],"version-history":[{"count":0,"href":"https:\/\/folhapopular.info\/index.php\/wp-json\/wp\/v2\/posts\/109481\/revisions"}],"wp:featuredmedia":[{"embeddable":true,"href":"https:\/\/folhapopular.info\/index.php\/wp-json\/wp\/v2\/media\/109484"}],"wp:attachment":[{"href":"https:\/\/folhapopular.info\/index.php\/wp-json\/wp\/v2\/media?parent=109481"}],"wp:term":[{"taxonomy":"category","embeddable":true,"href":"https:\/\/folhapopular.info\/index.php\/wp-json\/wp\/v2\/categories?post=109481"},{"taxonomy":"post_tag","embeddable":true,"href":"https:\/\/folhapopular.info\/index.php\/wp-json\/wp\/v2\/tags?post=109481"}],"curies":[{"name":"wp","href":"https:\/\/api.w.org\/{rel}","templated":true}]}}