{"id":109505,"date":"2022-07-27T14:38:41","date_gmt":"2022-07-27T17:38:41","guid":{"rendered":"https:\/\/folhapopular.info\/?p=109505"},"modified":"2022-07-27T14:39:22","modified_gmt":"2022-07-27T17:39:22","slug":"imigrante-fara-parte-do-roteiro-dos-capiteis","status":"publish","type":"post","link":"https:\/\/folhapopular.info\/index.php\/2022\/07\/27\/imigrante-fara-parte-do-roteiro-dos-capiteis\/","title":{"rendered":"Imigrante far\u00e1 parte do Roteiro dos Capit\u00e9is"},"content":{"rendered":"\n<p>Imigrante foi convidado para integrar o roteiro tur\u00edstico &#8220;Rota dos Capit\u00e9is: Caminhos da imigra\u00e7\u00e3o e f\u00e9&#8221;. O convite foi feito pelos representantes da CIC de Bento Gon\u00e7alves Rog\u00e9rio Capoani, Marijane Paese e Adriano Miolo. <\/p>\n\n\n\n<p>O encontro com o secret\u00e1rio da Cultura, Desporto e Turismo de Imigrante, Charles Porsche recebeu, ocorreu na quinta-feira (21\/7).<\/p>\n\n\n\n<p>O prop\u00f3sito do projeto \u00e9 oportunizar um roteiro tur\u00edstico e cultural valorizando a hist\u00f3ria da imigra\u00e7\u00e3o italiana, por meio da religiosidade, representada pelos capit\u00e9is, capelas, igrejas e grutas da regi\u00e3o. Assim, simbolizando a uni\u00e3o entre os caminhos, hist\u00f3rias, f\u00e9 e tradi\u00e7\u00e3o, enaltecendo o lema da imigra\u00e7\u00e3o italiana de f\u00e9 e trabalho.<\/p>\n\n\n\n<p>\u201cCom o roteiro, de 806 quil\u00f4metros, pretendemos apresentar alternativa integrando tr\u00eas formas de fazer turismo: caminhada, cicloturismo ou at\u00e9 de carro\u201d, explica Capoani. <\/p>\n\n\n\n<p>A rota \u00e9 composta de 10 munic\u00edpios: Bento Gon\u00e7alves, Farroupilha, Monte Belo do Sul, Pinto Bandeira, Santa Tereza, Carlos Barbosa, Garibaldi, Boa Vista do Sul, Coronel Pilar e Imigrante.<\/p>\n\n\n\n<p>Charles viu com muito entusiasmo Imigrante ser inclu\u00eddo em mais uma rota tur\u00edstica. \u201cAl\u00e9m do Capitel Santo Ant\u00f4nio, os demais pontos tur\u00edsticos religiosos poder\u00e3o ser contemplados no roteiro\u201d, disse. <\/p>\n\n\n\n<p>A partir de agora ser\u00e1 formado um grupo de trabalho com representantes de todos os munic\u00edpios para formatar e formalizar o roteiro, al\u00e9m de buscar recursos federais e estaduais para financiamento da sinaliza\u00e7\u00e3o e divulga\u00e7\u00e3o.<\/p>\n","protected":false},"excerpt":{"rendered":"<p>Imigrante foi convidado para integrar o roteiro tur\u00edstico &#8220;Rota dos Capit\u00e9is: Caminhos da imigra\u00e7\u00e3o e f\u00e9&#8221;. O convite foi feito pelos representantes da CIC de Bento Gon\u00e7alves Rog\u00e9rio Capoani, Marijane Paese e Adriano Miolo. O encontro com o secret\u00e1rio da Cultura, Desporto e Turismo de Imigrante, Charles Porsche recebeu, ocorreu na quinta-feira (21\/7). O prop\u00f3sito [&hellip;]<\/p>\n","protected":false},"author":8,"featured_media":109506,"comment_status":"open","ping_status":"open","sticky":false,"template":"","format":"standard","meta":{"pmpro_default_level":"","_jetpack_memberships_contains_paid_content":false,"footnotes":""},"categories":[2,3],"tags":[9639,34,9637,82,9638],"class_list":{"0":"post-109505","1":"post","2":"type-post","3":"status-publish","4":"format-standard","5":"has-post-thumbnail","7":"category-featured","8":"category-geral","9":"tag-imigracao-italiana","10":"tag-imigrante","11":"tag-rota-dos-capiteis","12":"tag-turismo","13":"tag-turismo-religioso","14":"pmpro-has-access"},"yoast_head":"<!-- This site is optimized with the Yoast SEO plugin v27.5 - https:\/\/yoast.com\/product\/yoast-seo-wordpress\/ -->\n<title>Imigrante far\u00e1 parte do Roteiro dos Capit\u00e9is - Folha Popular<\/title>\n<meta name=\"robots\" content=\"index, follow, max-snippet:-1, max-image-preview:large, max-video-preview:-1\" \/>\n<link rel=\"canonical\" href=\"https:\/\/folhapopular.info\/index.php\/2022\/07\/27\/imigrante-fara-parte-do-roteiro-dos-capiteis\/\" \/>\n<meta property=\"og:locale\" content=\"pt_BR\" \/>\n<meta property=\"og:type\" content=\"article\" \/>\n<meta property=\"og:title\" content=\"Imigrante far\u00e1 parte do Roteiro dos Capit\u00e9is - Folha Popular\" \/>\n<meta property=\"og:description\" content=\"Imigrante foi convidado para integrar o roteiro tur\u00edstico &#8220;Rota dos Capit\u00e9is: Caminhos da imigra\u00e7\u00e3o e f\u00e9&#8221;. O convite foi feito pelos representantes da CIC de Bento Gon\u00e7alves Rog\u00e9rio Capoani, Marijane Paese e Adriano Miolo. O encontro com o secret\u00e1rio da Cultura, Desporto e Turismo de Imigrante, Charles Porsche recebeu, ocorreu na quinta-feira (21\/7). O prop\u00f3sito [&hellip;]\" \/>\n<meta property=\"og:url\" content=\"https:\/\/folhapopular.info\/index.php\/2022\/07\/27\/imigrante-fara-parte-do-roteiro-dos-capiteis\/\" \/>\n<meta property=\"og:site_name\" content=\"Folha Popular\" \/>\n<meta property=\"article:published_time\" content=\"2022-07-27T17:38:41+00:00\" \/>\n<meta property=\"article:modified_time\" content=\"2022-07-27T17:39:22+00:00\" \/>\n<meta property=\"og:image\" content=\"http:\/\/folhapopular.info\/wp-content\/uploads\/2022\/07\/ROTA-CAPITEIS.jpg\" \/>\n\t<meta property=\"og:image:width\" content=\"964\" \/>\n\t<meta property=\"og:image:height\" content=\"723\" \/>\n\t<meta property=\"og:image:type\" content=\"image\/jpeg\" \/>\n<meta name=\"author\" content=\"Reda\u00e7\u00e3o Folha Popular\" \/>\n<meta name=\"twitter:card\" content=\"summary_large_image\" \/>\n<meta name=\"twitter:label1\" content=\"Escrito por\" \/>\n\t<meta name=\"twitter:data1\" content=\"Reda\u00e7\u00e3o Folha Popular\" \/>\n\t<meta name=\"twitter:label2\" content=\"Est. tempo de leitura\" \/>\n\t<meta name=\"twitter:data2\" content=\"2 minutos\" \/>\n<script type=\"application\/ld+json\" class=\"yoast-schema-graph\">{\"@context\":\"https:\\\/\\\/schema.org\",\"@graph\":[{\"@type\":\"Article\",\"@id\":\"https:\\\/\\\/folhapopular.info\\\/index.php\\\/2022\\\/07\\\/27\\\/imigrante-fara-parte-do-roteiro-dos-capiteis\\\/#article\",\"isPartOf\":{\"@id\":\"https:\\\/\\\/folhapopular.info\\\/index.php\\\/2022\\\/07\\\/27\\\/imigrante-fara-parte-do-roteiro-dos-capiteis\\\/\"},\"author\":{\"name\":\"Reda\u00e7\u00e3o Folha Popular\",\"@id\":\"https:\\\/\\\/folhapopular.info\\\/#\\\/schema\\\/person\\\/2814e8a0df7643585a9ca38bc6eb9d4b\"},\"headline\":\"Imigrante far\u00e1 parte do Roteiro dos Capit\u00e9is\",\"datePublished\":\"2022-07-27T17:38:41+00:00\",\"dateModified\":\"2022-07-27T17:39:22+00:00\",\"mainEntityOfPage\":{\"@id\":\"https:\\\/\\\/folhapopular.info\\\/index.php\\\/2022\\\/07\\\/27\\\/imigrante-fara-parte-do-roteiro-dos-capiteis\\\/\"},\"wordCount\":253,\"commentCount\":0,\"image\":{\"@id\":\"https:\\\/\\\/folhapopular.info\\\/index.php\\\/2022\\\/07\\\/27\\\/imigrante-fara-parte-do-roteiro-dos-capiteis\\\/#primaryimage\"},\"thumbnailUrl\":\"https:\\\/\\\/folhapopular.info\\\/wp-content\\\/uploads\\\/2022\\\/07\\\/ROTA-CAPITEIS.jpg\",\"keywords\":[\"Imigra\u00e7\u00e3o Italiana\",\"Imigrante\",\"Rota dos Capit\u00e9is\",\"Turismo\",\"Turismo Religioso\"],\"articleSection\":[\"Destaques\",\"Geral\"],\"inLanguage\":\"pt-BR\",\"potentialAction\":[{\"@type\":\"CommentAction\",\"name\":\"Comment\",\"target\":[\"https:\\\/\\\/folhapopular.info\\\/index.php\\\/2022\\\/07\\\/27\\\/imigrante-fara-parte-do-roteiro-dos-capiteis\\\/#respond\"]}]},{\"@type\":\"WebPage\",\"@id\":\"https:\\\/\\\/folhapopular.info\\\/index.php\\\/2022\\\/07\\\/27\\\/imigrante-fara-parte-do-roteiro-dos-capiteis\\\/\",\"url\":\"https:\\\/\\\/folhapopular.info\\\/index.php\\\/2022\\\/07\\\/27\\\/imigrante-fara-parte-do-roteiro-dos-capiteis\\\/\",\"name\":\"Imigrante far\u00e1 parte do Roteiro dos Capit\u00e9is - Folha Popular\",\"isPartOf\":{\"@id\":\"https:\\\/\\\/folhapopular.info\\\/#website\"},\"primaryImageOfPage\":{\"@id\":\"https:\\\/\\\/folhapopular.info\\\/index.php\\\/2022\\\/07\\\/27\\\/imigrante-fara-parte-do-roteiro-dos-capiteis\\\/#primaryimage\"},\"image\":{\"@id\":\"https:\\\/\\\/folhapopular.info\\\/index.php\\\/2022\\\/07\\\/27\\\/imigrante-fara-parte-do-roteiro-dos-capiteis\\\/#primaryimage\"},\"thumbnailUrl\":\"https:\\\/\\\/folhapopular.info\\\/wp-content\\\/uploads\\\/2022\\\/07\\\/ROTA-CAPITEIS.jpg\",\"datePublished\":\"2022-07-27T17:38:41+00:00\",\"dateModified\":\"2022-07-27T17:39:22+00:00\",\"author\":{\"@id\":\"https:\\\/\\\/folhapopular.info\\\/#\\\/schema\\\/person\\\/2814e8a0df7643585a9ca38bc6eb9d4b\"},\"breadcrumb\":{\"@id\":\"https:\\\/\\\/folhapopular.info\\\/index.php\\\/2022\\\/07\\\/27\\\/imigrante-fara-parte-do-roteiro-dos-capiteis\\\/#breadcrumb\"},\"inLanguage\":\"pt-BR\",\"potentialAction\":[{\"@type\":\"ReadAction\",\"target\":[\"https:\\\/\\\/folhapopular.info\\\/index.php\\\/2022\\\/07\\\/27\\\/imigrante-fara-parte-do-roteiro-dos-capiteis\\\/\"]}]},{\"@type\":\"ImageObject\",\"inLanguage\":\"pt-BR\",\"@id\":\"https:\\\/\\\/folhapopular.info\\\/index.php\\\/2022\\\/07\\\/27\\\/imigrante-fara-parte-do-roteiro-dos-capiteis\\\/#primaryimage\",\"url\":\"https:\\\/\\\/folhapopular.info\\\/wp-content\\\/uploads\\\/2022\\\/07\\\/ROTA-CAPITEIS.jpg\",\"contentUrl\":\"https:\\\/\\\/folhapopular.info\\\/wp-content\\\/uploads\\\/2022\\\/07\\\/ROTA-CAPITEIS.jpg\",\"width\":964,\"height\":723,\"caption\":\"O secret\u00e1rio Charles Porsche recebeu representantes da CIC Bento Gon\u00e7alves para tratar sobre o tema\"},{\"@type\":\"BreadcrumbList\",\"@id\":\"https:\\\/\\\/folhapopular.info\\\/index.php\\\/2022\\\/07\\\/27\\\/imigrante-fara-parte-do-roteiro-dos-capiteis\\\/#breadcrumb\",\"itemListElement\":[{\"@type\":\"ListItem\",\"position\":1,\"name\":\"In\u00edcio\",\"item\":\"https:\\\/\\\/folhapopular.info\\\/\"},{\"@type\":\"ListItem\",\"position\":2,\"name\":\"Imigrante far\u00e1 parte do Roteiro dos Capit\u00e9is\"}]},{\"@type\":\"WebSite\",\"@id\":\"https:\\\/\\\/folhapopular.info\\\/#website\",\"url\":\"https:\\\/\\\/folhapopular.info\\\/\",\"name\":\"Folha Popular\",\"description\":\"Onde voc\u00ea tem vez e voz\",\"potentialAction\":[{\"@type\":\"SearchAction\",\"target\":{\"@type\":\"EntryPoint\",\"urlTemplate\":\"https:\\\/\\\/folhapopular.info\\\/?s={search_term_string}\"},\"query-input\":{\"@type\":\"PropertyValueSpecification\",\"valueRequired\":true,\"valueName\":\"search_term_string\"}}],\"inLanguage\":\"pt-BR\"},{\"@type\":\"Person\",\"@id\":\"https:\\\/\\\/folhapopular.info\\\/#\\\/schema\\\/person\\\/2814e8a0df7643585a9ca38bc6eb9d4b\",\"name\":\"Reda\u00e7\u00e3o Folha Popular\",\"image\":{\"@type\":\"ImageObject\",\"inLanguage\":\"pt-BR\",\"@id\":\"https:\\\/\\\/folhapopular.info\\\/wp-content\\\/uploads\\\/2026\\\/04\\\/Folha-1.webp\",\"url\":\"https:\\\/\\\/folhapopular.info\\\/wp-content\\\/uploads\\\/2026\\\/04\\\/Folha-1.webp\",\"contentUrl\":\"https:\\\/\\\/folhapopular.info\\\/wp-content\\\/uploads\\\/2026\\\/04\\\/Folha-1.webp\",\"caption\":\"Reda\u00e7\u00e3o Folha Popular\"},\"url\":\"https:\\\/\\\/folhapopular.info\\\/index.php\\\/author\\\/redacao\\\/\"}]}<\/script>\n<!-- \/ Yoast SEO plugin. -->","yoast_head_json":{"title":"Imigrante far\u00e1 parte do Roteiro dos Capit\u00e9is - Folha Popular","robots":{"index":"index","follow":"follow","max-snippet":"max-snippet:-1","max-image-preview":"max-image-preview:large","max-video-preview":"max-video-preview:-1"},"canonical":"https:\/\/folhapopular.info\/index.php\/2022\/07\/27\/imigrante-fara-parte-do-roteiro-dos-capiteis\/","og_locale":"pt_BR","og_type":"article","og_title":"Imigrante far\u00e1 parte do Roteiro dos Capit\u00e9is - Folha Popular","og_description":"Imigrante foi convidado para integrar o roteiro tur\u00edstico &#8220;Rota dos Capit\u00e9is: Caminhos da imigra\u00e7\u00e3o e f\u00e9&#8221;. O convite foi feito pelos representantes da CIC de Bento Gon\u00e7alves Rog\u00e9rio Capoani, Marijane Paese e Adriano Miolo. O encontro com o secret\u00e1rio da Cultura, Desporto e Turismo de Imigrante, Charles Porsche recebeu, ocorreu na quinta-feira (21\/7). O prop\u00f3sito [&hellip;]","og_url":"https:\/\/folhapopular.info\/index.php\/2022\/07\/27\/imigrante-fara-parte-do-roteiro-dos-capiteis\/","og_site_name":"Folha Popular","article_published_time":"2022-07-27T17:38:41+00:00","article_modified_time":"2022-07-27T17:39:22+00:00","og_image":[{"width":964,"height":723,"url":"http:\/\/folhapopular.info\/wp-content\/uploads\/2022\/07\/ROTA-CAPITEIS.jpg","type":"image\/jpeg"}],"author":"Reda\u00e7\u00e3o Folha Popular","twitter_card":"summary_large_image","twitter_misc":{"Escrito por":"Reda\u00e7\u00e3o Folha Popular","Est. tempo de leitura":"2 minutos"},"schema":{"@context":"https:\/\/schema.org","@graph":[{"@type":"Article","@id":"https:\/\/folhapopular.info\/index.php\/2022\/07\/27\/imigrante-fara-parte-do-roteiro-dos-capiteis\/#article","isPartOf":{"@id":"https:\/\/folhapopular.info\/index.php\/2022\/07\/27\/imigrante-fara-parte-do-roteiro-dos-capiteis\/"},"author":{"name":"Reda\u00e7\u00e3o Folha Popular","@id":"https:\/\/folhapopular.info\/#\/schema\/person\/2814e8a0df7643585a9ca38bc6eb9d4b"},"headline":"Imigrante far\u00e1 parte do Roteiro dos Capit\u00e9is","datePublished":"2022-07-27T17:38:41+00:00","dateModified":"2022-07-27T17:39:22+00:00","mainEntityOfPage":{"@id":"https:\/\/folhapopular.info\/index.php\/2022\/07\/27\/imigrante-fara-parte-do-roteiro-dos-capiteis\/"},"wordCount":253,"commentCount":0,"image":{"@id":"https:\/\/folhapopular.info\/index.php\/2022\/07\/27\/imigrante-fara-parte-do-roteiro-dos-capiteis\/#primaryimage"},"thumbnailUrl":"https:\/\/folhapopular.info\/wp-content\/uploads\/2022\/07\/ROTA-CAPITEIS.jpg","keywords":["Imigra\u00e7\u00e3o Italiana","Imigrante","Rota dos Capit\u00e9is","Turismo","Turismo Religioso"],"articleSection":["Destaques","Geral"],"inLanguage":"pt-BR","potentialAction":[{"@type":"CommentAction","name":"Comment","target":["https:\/\/folhapopular.info\/index.php\/2022\/07\/27\/imigrante-fara-parte-do-roteiro-dos-capiteis\/#respond"]}]},{"@type":"WebPage","@id":"https:\/\/folhapopular.info\/index.php\/2022\/07\/27\/imigrante-fara-parte-do-roteiro-dos-capiteis\/","url":"https:\/\/folhapopular.info\/index.php\/2022\/07\/27\/imigrante-fara-parte-do-roteiro-dos-capiteis\/","name":"Imigrante far\u00e1 parte do Roteiro dos Capit\u00e9is - Folha Popular","isPartOf":{"@id":"https:\/\/folhapopular.info\/#website"},"primaryImageOfPage":{"@id":"https:\/\/folhapopular.info\/index.php\/2022\/07\/27\/imigrante-fara-parte-do-roteiro-dos-capiteis\/#primaryimage"},"image":{"@id":"https:\/\/folhapopular.info\/index.php\/2022\/07\/27\/imigrante-fara-parte-do-roteiro-dos-capiteis\/#primaryimage"},"thumbnailUrl":"https:\/\/folhapopular.info\/wp-content\/uploads\/2022\/07\/ROTA-CAPITEIS.jpg","datePublished":"2022-07-27T17:38:41+00:00","dateModified":"2022-07-27T17:39:22+00:00","author":{"@id":"https:\/\/folhapopular.info\/#\/schema\/person\/2814e8a0df7643585a9ca38bc6eb9d4b"},"breadcrumb":{"@id":"https:\/\/folhapopular.info\/index.php\/2022\/07\/27\/imigrante-fara-parte-do-roteiro-dos-capiteis\/#breadcrumb"},"inLanguage":"pt-BR","potentialAction":[{"@type":"ReadAction","target":["https:\/\/folhapopular.info\/index.php\/2022\/07\/27\/imigrante-fara-parte-do-roteiro-dos-capiteis\/"]}]},{"@type":"ImageObject","inLanguage":"pt-BR","@id":"https:\/\/folhapopular.info\/index.php\/2022\/07\/27\/imigrante-fara-parte-do-roteiro-dos-capiteis\/#primaryimage","url":"https:\/\/folhapopular.info\/wp-content\/uploads\/2022\/07\/ROTA-CAPITEIS.jpg","contentUrl":"https:\/\/folhapopular.info\/wp-content\/uploads\/2022\/07\/ROTA-CAPITEIS.jpg","width":964,"height":723,"caption":"O secret\u00e1rio Charles Porsche recebeu representantes da CIC Bento Gon\u00e7alves para tratar sobre o tema"},{"@type":"BreadcrumbList","@id":"https:\/\/folhapopular.info\/index.php\/2022\/07\/27\/imigrante-fara-parte-do-roteiro-dos-capiteis\/#breadcrumb","itemListElement":[{"@type":"ListItem","position":1,"name":"In\u00edcio","item":"https:\/\/folhapopular.info\/"},{"@type":"ListItem","position":2,"name":"Imigrante far\u00e1 parte do Roteiro dos Capit\u00e9is"}]},{"@type":"WebSite","@id":"https:\/\/folhapopular.info\/#website","url":"https:\/\/folhapopular.info\/","name":"Folha Popular","description":"Onde voc\u00ea tem vez e voz","potentialAction":[{"@type":"SearchAction","target":{"@type":"EntryPoint","urlTemplate":"https:\/\/folhapopular.info\/?s={search_term_string}"},"query-input":{"@type":"PropertyValueSpecification","valueRequired":true,"valueName":"search_term_string"}}],"inLanguage":"pt-BR"},{"@type":"Person","@id":"https:\/\/folhapopular.info\/#\/schema\/person\/2814e8a0df7643585a9ca38bc6eb9d4b","name":"Reda\u00e7\u00e3o Folha Popular","image":{"@type":"ImageObject","inLanguage":"pt-BR","@id":"https:\/\/folhapopular.info\/wp-content\/uploads\/2026\/04\/Folha-1.webp","url":"https:\/\/folhapopular.info\/wp-content\/uploads\/2026\/04\/Folha-1.webp","contentUrl":"https:\/\/folhapopular.info\/wp-content\/uploads\/2026\/04\/Folha-1.webp","caption":"Reda\u00e7\u00e3o Folha Popular"},"url":"https:\/\/folhapopular.info\/index.php\/author\/redacao\/"}]}},"jetpack_featured_media_url":"https:\/\/folhapopular.info\/wp-content\/uploads\/2022\/07\/ROTA-CAPITEIS.jpg","jetpack_sharing_enabled":true,"amp_enabled":true,"_links":{"self":[{"href":"https:\/\/folhapopular.info\/index.php\/wp-json\/wp\/v2\/posts\/109505","targetHints":{"allow":["GET"]}}],"collection":[{"href":"https:\/\/folhapopular.info\/index.php\/wp-json\/wp\/v2\/posts"}],"about":[{"href":"https:\/\/folhapopular.info\/index.php\/wp-json\/wp\/v2\/types\/post"}],"author":[{"embeddable":true,"href":"https:\/\/folhapopular.info\/index.php\/wp-json\/wp\/v2\/users\/8"}],"replies":[{"embeddable":true,"href":"https:\/\/folhapopular.info\/index.php\/wp-json\/wp\/v2\/comments?post=109505"}],"version-history":[{"count":0,"href":"https:\/\/folhapopular.info\/index.php\/wp-json\/wp\/v2\/posts\/109505\/revisions"}],"wp:featuredmedia":[{"embeddable":true,"href":"https:\/\/folhapopular.info\/index.php\/wp-json\/wp\/v2\/media\/109506"}],"wp:attachment":[{"href":"https:\/\/folhapopular.info\/index.php\/wp-json\/wp\/v2\/media?parent=109505"}],"wp:term":[{"taxonomy":"category","embeddable":true,"href":"https:\/\/folhapopular.info\/index.php\/wp-json\/wp\/v2\/categories?post=109505"},{"taxonomy":"post_tag","embeddable":true,"href":"https:\/\/folhapopular.info\/index.php\/wp-json\/wp\/v2\/tags?post=109505"}],"curies":[{"name":"wp","href":"https:\/\/api.w.org\/{rel}","templated":true}]}}