{"id":109551,"date":"2022-07-28T09:22:44","date_gmt":"2022-07-28T12:22:44","guid":{"rendered":"https:\/\/folhapopular.info\/?p=109551"},"modified":"2022-07-28T09:22:49","modified_gmt":"2022-07-28T12:22:49","slug":"1o-festival-de-balonismo-e-manobras-radicais-inicia-hoje-em-teutonia","status":"publish","type":"post","link":"https:\/\/folhapopular.info\/index.php\/2022\/07\/28\/1o-festival-de-balonismo-e-manobras-radicais-inicia-hoje-em-teutonia\/","title":{"rendered":"1\u00ba Festival de Balonismo e Manobras Radicais inicia hoje em Teut\u00f4nia"},"content":{"rendered":"\n<p>Inicia hoje (28\/7) o 1\u00ba Festival de Balonismo e Manobras Radicais em Teut\u00f4nia. O evento promete grandes emo\u00e7\u00f5es e atra\u00e7\u00f5es diversificadas para o p\u00fablico adulto e infantil.<\/p>\n\n\n\n<p>A programa\u00e7\u00e3o ocorre nos dias 28 a 31 de julho e 4 a 7 de agosto, no Centro Administrativo. O evento \u00e9 realizado pela Point Produ\u00e7\u00f5es, com apoio da Administra\u00e7\u00e3o Municipal de Teut\u00f4nia, atrav\u00e9s das Secretarias de Juventude, Cultura, Esporte e Lazer e Ind\u00fastria, Com\u00e9rcio e Turismo, e Grupo Popular de Comunica\u00e7\u00e3o. E o patroc\u00ednio das empresas Teutonet Telecomunica\u00e7\u00f5es, Rede Super Teut\u00f4nia e Lojas Becker.<\/p>\n\n\n\n<p>Na sexta-feira (29\/7), os bal\u00f5es chegar\u00e3o a cidade, com desfile pelas principais ruas, seguido de um Night Glow (show de bal\u00f5es iluminados). <\/p>\n\n\n\n<p>Os passeios de bal\u00e3o pela cidade ter\u00e3o hor\u00e1rios predefinidos aos s\u00e1bados e domingos, no turno da tarde, e \u00e0 noite haver\u00e1 a atra\u00e7\u00e3o Night Glow. <\/p>\n\n\n\n<p>Se houver grande procura pelos passeios de bal\u00e3o, a organiza\u00e7\u00e3o abrir\u00e1 mais hor\u00e1rios no turno da manh\u00e3. Os interessados em realizar passeios de bal\u00e3o pela cidade poder\u00e3o consultar a disponibilidade e valores pelo (51) 98137 0405.<\/p>\n\n\n\n<p>O evento tem a presen\u00e7a confirmada do Campe\u00e3o do Balonismo em 2019 e campe\u00e3o da prova do carro em 2022, em Torres, Murilo Hoffmann e do piloto profissional Fernando Locatelli.<\/p>\n\n\n\n<p>A programa\u00e7\u00e3o tamb\u00e9m conta com atra\u00e7\u00f5es musicais e culturais, entre elas, o show nacional do cantor Lucas Lucco e da Banda Maskavo. No evento haver\u00e1 pra\u00e7a de alimenta\u00e7\u00e3o, feira comercial e parque de divers\u00f5es.<\/p>\n\n\n\n<p>Os ingressos antecipados podem ser adquiridos nas Lojas Becker dos munic\u00edpios de Teut\u00f4nia, Estrela, Lajeado, Taquari e Bom Retiro do Sul, na Rede Super de Teut\u00f4nia, TeutoBier, ou atrav\u00e9s do site&nbsp;<a href=\"http:\/\/corujasapp.com\/\" target=\"_blank\" rel=\"noreferrer noopener\">corujasapp.com<\/a>. Os valores s\u00e3o sujeitos a mudan\u00e7a de lote nos shows de Lucas Lucco e Maskavo.<\/p>\n\n\n\n<p><strong>Confira a programa\u00e7\u00e3o completa:<\/strong><\/p>\n\n\n\n<p><strong>Quinta-feira \u2013 28\/7 \u2013 Becker Day<\/strong><br>18h00 Abertura do parque de eventos<br>20h00 Marcos e Mathias<br>21h30 Ind\u00fastria Musical<br>Ingresso Gr\u00e1tis<br><br><strong>Sexta-feira \u2013 29\/7<\/strong><br>18h00 Abertura do parque de eventos<br>20h00 Ruas de Fogo (carreata dos bal\u00f5es)<br>21h00 Night Glow\u00a0(show de bal\u00f5es iluminados)<br>22h00 Sandro Sans<br>23h30 Flor da Serra<br>Ingresso: R$ 10,00<\/p>\n\n\n\n<p>crian\u00e7as abaixo de 7 anos n\u00e3o pagam ingresso<br><br><strong>S\u00e1bado \u2013 30\/7<\/strong><br>13h30 Abertura do parque<br>16h00 Balonismo<br>21h00 Night Glow (show de bal\u00f5es iluminados)<br><strong>23h00 SHOW NACIONAL LUCAS LUCCO<\/strong><br>&#8211; Ingresso Pista: R$ 30,00 (2\u00b0 Lote) *sujeito a mudan\u00e7a de lote<br>&#8211; Ingresso Vip (Frente do Palco): R$ 80,00 (1\u00b0 Lote) *sujeito a mudan\u00e7a de lote<br>&#8211; Camarote Privado 10 Pessoas: R$ 1.700,00 (1\u00b0 Lote) *sujeito a mudan\u00e7a de lote<br>Espa\u00e7o elevado, Bares e Banheiros exclusivos<br>crian\u00e7as abaixo de 7 anos n\u00e3o pagam ingresso<br><br><strong>Domingo \u2013 31\/7<\/strong><br>13h30 Abertura do parque de eventos<br>15h00 Ricardo Biglu<br>16h00 Balonismo<br>17h00 Cirkou Trupe + Musical Infantil<br>18h30 Mel Grebin (finalista do The Voice Kids)<br>Ingresso: R$ 10,00<br>crian\u00e7as abaixo de 7 anos n\u00e3o pagam ingresso<br><br><strong>Quinta-feira \u2013 4\/8 \u2013 Teutonet Day<\/strong><br>20h00 Abertura do parque de eventos<br>20h00 DJ JR Evoluttion<br>21h30 Sandro Coelho<br>Ingresso Gr\u00e1tis<br><br><strong>Sexta-feira \u2013 5\/8<\/strong><br>18h00 Abertura do parque de eventos<br>20h30 Show de manobras radicais com Motos, Caminh\u00e3o, Kart, Quadriciclo e Carros<br>22h00 Xir\u00fa Missioneiro<br>Ingresso: R$ 10,00<br>crian\u00e7as abaixo de 7 anos n\u00e3o pagam ingresso<br><br><strong>S\u00e1bado \u2013 6\/8<\/strong><br>13h30 Abertura do parque de eventos<br>20h30 Show de manobras radicais com Motos, Caminh\u00e3o, Kart, Quadriciclo e Carros<br>22h00 Banda Ac\u00fastico Mescla<br><strong>23h00 SHOW NACIONAL MASKAVO<\/strong><br>&#8211; Ingresso: R$ 15,00 (1\u00b0 Lote) *sujeito a mudan\u00e7a de lote<br>&#8211; Ingresso Vip (Frente do Palco): R$ 50,00 (2\u00b0 Lote) *sujeito a mudan\u00e7a de lote<br>&#8211; Camarote Privado 10 pessoas: R$ 800,00 (1\u00b0 Lote) *sujeito a mudan\u00e7a de lote<br>Espa\u00e7o elevado, Bares e Banheiros exclusivos<br>crian\u00e7as abaixo de 7 anos n\u00e3o pagam ingresso<br><br><strong>Domingo \u2013 7\/8<\/strong><br>13h30 Abertura do parque de eventos<br>14h00 Show da Fam\u00edlia<\/p>\n\n\n\n<p>\u2013&nbsp;Rog\u00e9rio Magr\u00e3o e Banda<br>\u2013 La Montanara<br>\u2013 Trio Canarinhos<br>\u2013 Barbarella<br>16h30 Manobras Radicais de Avi\u00f5es<br>17h00 Show de manobras radicais com Motos, Caminh\u00e3o, Kart, Quadriciclo e Carros<br>Ingresso: R$ 10,00<br>crian\u00e7as abaixo de 7 anos n\u00e3o pagam ingresso<\/p>\n","protected":false},"excerpt":{"rendered":"<p>Inicia hoje (28\/7) o 1\u00ba Festival de Balonismo e Manobras Radicais em Teut\u00f4nia. O evento promete grandes emo\u00e7\u00f5es e atra\u00e7\u00f5es diversificadas para o p\u00fablico adulto e infantil. A programa\u00e7\u00e3o ocorre nos dias 28 a 31 de julho e 4 a 7 de agosto, no Centro Administrativo. O evento \u00e9 realizado pela Point Produ\u00e7\u00f5es, com apoio [&hellip;]<\/p>\n","protected":false},"author":8,"featured_media":109548,"comment_status":"open","ping_status":"open","sticky":false,"template":"","format":"standard","meta":{"pmpro_default_level":"","_jetpack_memberships_contains_paid_content":false,"footnotes":""},"categories":[2,3],"tags":[],"class_list":{"0":"post-109551","1":"post","2":"type-post","3":"status-publish","4":"format-standard","5":"has-post-thumbnail","7":"category-featured","8":"category-geral","9":"pmpro-has-access"},"yoast_head":"<!-- This site is optimized with the Yoast SEO plugin v27.5 - https:\/\/yoast.com\/product\/yoast-seo-wordpress\/ -->\n<title>1\u00ba Festival de Balonismo e Manobras Radicais inicia hoje em Teut\u00f4nia - Folha Popular<\/title>\n<meta name=\"robots\" content=\"index, follow, max-snippet:-1, max-image-preview:large, max-video-preview:-1\" \/>\n<link rel=\"canonical\" href=\"https:\/\/folhapopular.info\/index.php\/2022\/07\/28\/1o-festival-de-balonismo-e-manobras-radicais-inicia-hoje-em-teutonia\/\" \/>\n<meta property=\"og:locale\" content=\"pt_BR\" \/>\n<meta property=\"og:type\" content=\"article\" \/>\n<meta property=\"og:title\" content=\"1\u00ba Festival de Balonismo e Manobras Radicais inicia hoje em Teut\u00f4nia - Folha Popular\" \/>\n<meta property=\"og:description\" content=\"Inicia hoje (28\/7) o 1\u00ba Festival de Balonismo e Manobras Radicais em Teut\u00f4nia. O evento promete grandes emo\u00e7\u00f5es e atra\u00e7\u00f5es diversificadas para o p\u00fablico adulto e infantil. A programa\u00e7\u00e3o ocorre nos dias 28 a 31 de julho e 4 a 7 de agosto, no Centro Administrativo. O evento \u00e9 realizado pela Point Produ\u00e7\u00f5es, com apoio [&hellip;]\" \/>\n<meta property=\"og:url\" content=\"https:\/\/folhapopular.info\/index.php\/2022\/07\/28\/1o-festival-de-balonismo-e-manobras-radicais-inicia-hoje-em-teutonia\/\" \/>\n<meta property=\"og:site_name\" content=\"Folha Popular\" \/>\n<meta property=\"article:published_time\" content=\"2022-07-28T12:22:44+00:00\" \/>\n<meta property=\"article:modified_time\" content=\"2022-07-28T12:22:49+00:00\" \/>\n<meta property=\"og:image\" content=\"http:\/\/folhapopular.info\/wp-content\/uploads\/2022\/07\/FLYER-10x15-2-683x1024.jpg\" \/>\n\t<meta property=\"og:image:width\" content=\"683\" \/>\n\t<meta property=\"og:image:height\" content=\"1024\" \/>\n\t<meta property=\"og:image:type\" content=\"image\/jpeg\" \/>\n<meta name=\"author\" content=\"Reda\u00e7\u00e3o Folha Popular\" \/>\n<meta name=\"twitter:card\" content=\"summary_large_image\" \/>\n<meta name=\"twitter:label1\" content=\"Escrito por\" \/>\n\t<meta name=\"twitter:data1\" content=\"Reda\u00e7\u00e3o Folha Popular\" \/>\n\t<meta name=\"twitter:label2\" content=\"Est. tempo de leitura\" \/>\n\t<meta name=\"twitter:data2\" content=\"4 minutos\" \/>\n<script type=\"application\/ld+json\" class=\"yoast-schema-graph\">{\"@context\":\"https:\\\/\\\/schema.org\",\"@graph\":[{\"@type\":\"Article\",\"@id\":\"https:\\\/\\\/folhapopular.info\\\/index.php\\\/2022\\\/07\\\/28\\\/1o-festival-de-balonismo-e-manobras-radicais-inicia-hoje-em-teutonia\\\/#article\",\"isPartOf\":{\"@id\":\"https:\\\/\\\/folhapopular.info\\\/index.php\\\/2022\\\/07\\\/28\\\/1o-festival-de-balonismo-e-manobras-radicais-inicia-hoje-em-teutonia\\\/\"},\"author\":{\"name\":\"Reda\u00e7\u00e3o Folha Popular\",\"@id\":\"https:\\\/\\\/folhapopular.info\\\/#\\\/schema\\\/person\\\/2814e8a0df7643585a9ca38bc6eb9d4b\"},\"headline\":\"1\u00ba Festival de Balonismo e Manobras Radicais inicia hoje em Teut\u00f4nia\",\"datePublished\":\"2022-07-28T12:22:44+00:00\",\"dateModified\":\"2022-07-28T12:22:49+00:00\",\"mainEntityOfPage\":{\"@id\":\"https:\\\/\\\/folhapopular.info\\\/index.php\\\/2022\\\/07\\\/28\\\/1o-festival-de-balonismo-e-manobras-radicais-inicia-hoje-em-teutonia\\\/\"},\"wordCount\":680,\"commentCount\":0,\"image\":{\"@id\":\"https:\\\/\\\/folhapopular.info\\\/index.php\\\/2022\\\/07\\\/28\\\/1o-festival-de-balonismo-e-manobras-radicais-inicia-hoje-em-teutonia\\\/#primaryimage\"},\"thumbnailUrl\":\"https:\\\/\\\/folhapopular.info\\\/wp-content\\\/uploads\\\/2022\\\/07\\\/FLYER-10x15-2.jpg\",\"articleSection\":[\"Destaques\",\"Geral\"],\"inLanguage\":\"pt-BR\",\"potentialAction\":[{\"@type\":\"CommentAction\",\"name\":\"Comment\",\"target\":[\"https:\\\/\\\/folhapopular.info\\\/index.php\\\/2022\\\/07\\\/28\\\/1o-festival-de-balonismo-e-manobras-radicais-inicia-hoje-em-teutonia\\\/#respond\"]}]},{\"@type\":\"WebPage\",\"@id\":\"https:\\\/\\\/folhapopular.info\\\/index.php\\\/2022\\\/07\\\/28\\\/1o-festival-de-balonismo-e-manobras-radicais-inicia-hoje-em-teutonia\\\/\",\"url\":\"https:\\\/\\\/folhapopular.info\\\/index.php\\\/2022\\\/07\\\/28\\\/1o-festival-de-balonismo-e-manobras-radicais-inicia-hoje-em-teutonia\\\/\",\"name\":\"1\u00ba Festival de Balonismo e Manobras Radicais inicia hoje em Teut\u00f4nia - Folha Popular\",\"isPartOf\":{\"@id\":\"https:\\\/\\\/folhapopular.info\\\/#website\"},\"primaryImageOfPage\":{\"@id\":\"https:\\\/\\\/folhapopular.info\\\/index.php\\\/2022\\\/07\\\/28\\\/1o-festival-de-balonismo-e-manobras-radicais-inicia-hoje-em-teutonia\\\/#primaryimage\"},\"image\":{\"@id\":\"https:\\\/\\\/folhapopular.info\\\/index.php\\\/2022\\\/07\\\/28\\\/1o-festival-de-balonismo-e-manobras-radicais-inicia-hoje-em-teutonia\\\/#primaryimage\"},\"thumbnailUrl\":\"https:\\\/\\\/folhapopular.info\\\/wp-content\\\/uploads\\\/2022\\\/07\\\/FLYER-10x15-2.jpg\",\"datePublished\":\"2022-07-28T12:22:44+00:00\",\"dateModified\":\"2022-07-28T12:22:49+00:00\",\"author\":{\"@id\":\"https:\\\/\\\/folhapopular.info\\\/#\\\/schema\\\/person\\\/2814e8a0df7643585a9ca38bc6eb9d4b\"},\"breadcrumb\":{\"@id\":\"https:\\\/\\\/folhapopular.info\\\/index.php\\\/2022\\\/07\\\/28\\\/1o-festival-de-balonismo-e-manobras-radicais-inicia-hoje-em-teutonia\\\/#breadcrumb\"},\"inLanguage\":\"pt-BR\",\"potentialAction\":[{\"@type\":\"ReadAction\",\"target\":[\"https:\\\/\\\/folhapopular.info\\\/index.php\\\/2022\\\/07\\\/28\\\/1o-festival-de-balonismo-e-manobras-radicais-inicia-hoje-em-teutonia\\\/\"]}]},{\"@type\":\"ImageObject\",\"inLanguage\":\"pt-BR\",\"@id\":\"https:\\\/\\\/folhapopular.info\\\/index.php\\\/2022\\\/07\\\/28\\\/1o-festival-de-balonismo-e-manobras-radicais-inicia-hoje-em-teutonia\\\/#primaryimage\",\"url\":\"https:\\\/\\\/folhapopular.info\\\/wp-content\\\/uploads\\\/2022\\\/07\\\/FLYER-10x15-2.jpg\",\"contentUrl\":\"https:\\\/\\\/folhapopular.info\\\/wp-content\\\/uploads\\\/2022\\\/07\\\/FLYER-10x15-2.jpg\",\"width\":1182,\"height\":1773},{\"@type\":\"BreadcrumbList\",\"@id\":\"https:\\\/\\\/folhapopular.info\\\/index.php\\\/2022\\\/07\\\/28\\\/1o-festival-de-balonismo-e-manobras-radicais-inicia-hoje-em-teutonia\\\/#breadcrumb\",\"itemListElement\":[{\"@type\":\"ListItem\",\"position\":1,\"name\":\"In\u00edcio\",\"item\":\"https:\\\/\\\/folhapopular.info\\\/\"},{\"@type\":\"ListItem\",\"position\":2,\"name\":\"1\u00ba Festival de Balonismo e Manobras Radicais inicia hoje em Teut\u00f4nia\"}]},{\"@type\":\"WebSite\",\"@id\":\"https:\\\/\\\/folhapopular.info\\\/#website\",\"url\":\"https:\\\/\\\/folhapopular.info\\\/\",\"name\":\"Folha Popular\",\"description\":\"Onde voc\u00ea tem vez e voz\",\"potentialAction\":[{\"@type\":\"SearchAction\",\"target\":{\"@type\":\"EntryPoint\",\"urlTemplate\":\"https:\\\/\\\/folhapopular.info\\\/?s={search_term_string}\"},\"query-input\":{\"@type\":\"PropertyValueSpecification\",\"valueRequired\":true,\"valueName\":\"search_term_string\"}}],\"inLanguage\":\"pt-BR\"},{\"@type\":\"Person\",\"@id\":\"https:\\\/\\\/folhapopular.info\\\/#\\\/schema\\\/person\\\/2814e8a0df7643585a9ca38bc6eb9d4b\",\"name\":\"Reda\u00e7\u00e3o Folha Popular\",\"image\":{\"@type\":\"ImageObject\",\"inLanguage\":\"pt-BR\",\"@id\":\"https:\\\/\\\/folhapopular.info\\\/wp-content\\\/uploads\\\/2026\\\/04\\\/Folha-1.webp\",\"url\":\"https:\\\/\\\/folhapopular.info\\\/wp-content\\\/uploads\\\/2026\\\/04\\\/Folha-1.webp\",\"contentUrl\":\"https:\\\/\\\/folhapopular.info\\\/wp-content\\\/uploads\\\/2026\\\/04\\\/Folha-1.webp\",\"caption\":\"Reda\u00e7\u00e3o Folha Popular\"},\"url\":\"https:\\\/\\\/folhapopular.info\\\/index.php\\\/author\\\/redacao\\\/\"}]}<\/script>\n<!-- \/ Yoast SEO plugin. -->","yoast_head_json":{"title":"1\u00ba Festival de Balonismo e Manobras Radicais inicia hoje em Teut\u00f4nia - Folha Popular","robots":{"index":"index","follow":"follow","max-snippet":"max-snippet:-1","max-image-preview":"max-image-preview:large","max-video-preview":"max-video-preview:-1"},"canonical":"https:\/\/folhapopular.info\/index.php\/2022\/07\/28\/1o-festival-de-balonismo-e-manobras-radicais-inicia-hoje-em-teutonia\/","og_locale":"pt_BR","og_type":"article","og_title":"1\u00ba Festival de Balonismo e Manobras Radicais inicia hoje em Teut\u00f4nia - Folha Popular","og_description":"Inicia hoje (28\/7) o 1\u00ba Festival de Balonismo e Manobras Radicais em Teut\u00f4nia. O evento promete grandes emo\u00e7\u00f5es e atra\u00e7\u00f5es diversificadas para o p\u00fablico adulto e infantil. A programa\u00e7\u00e3o ocorre nos dias 28 a 31 de julho e 4 a 7 de agosto, no Centro Administrativo. O evento \u00e9 realizado pela Point Produ\u00e7\u00f5es, com apoio [&hellip;]","og_url":"https:\/\/folhapopular.info\/index.php\/2022\/07\/28\/1o-festival-de-balonismo-e-manobras-radicais-inicia-hoje-em-teutonia\/","og_site_name":"Folha Popular","article_published_time":"2022-07-28T12:22:44+00:00","article_modified_time":"2022-07-28T12:22:49+00:00","og_image":[{"width":683,"height":1024,"url":"http:\/\/folhapopular.info\/wp-content\/uploads\/2022\/07\/FLYER-10x15-2-683x1024.jpg","type":"image\/jpeg"}],"author":"Reda\u00e7\u00e3o Folha Popular","twitter_card":"summary_large_image","twitter_misc":{"Escrito por":"Reda\u00e7\u00e3o Folha Popular","Est. tempo de leitura":"4 minutos"},"schema":{"@context":"https:\/\/schema.org","@graph":[{"@type":"Article","@id":"https:\/\/folhapopular.info\/index.php\/2022\/07\/28\/1o-festival-de-balonismo-e-manobras-radicais-inicia-hoje-em-teutonia\/#article","isPartOf":{"@id":"https:\/\/folhapopular.info\/index.php\/2022\/07\/28\/1o-festival-de-balonismo-e-manobras-radicais-inicia-hoje-em-teutonia\/"},"author":{"name":"Reda\u00e7\u00e3o Folha Popular","@id":"https:\/\/folhapopular.info\/#\/schema\/person\/2814e8a0df7643585a9ca38bc6eb9d4b"},"headline":"1\u00ba Festival de Balonismo e Manobras Radicais inicia hoje em Teut\u00f4nia","datePublished":"2022-07-28T12:22:44+00:00","dateModified":"2022-07-28T12:22:49+00:00","mainEntityOfPage":{"@id":"https:\/\/folhapopular.info\/index.php\/2022\/07\/28\/1o-festival-de-balonismo-e-manobras-radicais-inicia-hoje-em-teutonia\/"},"wordCount":680,"commentCount":0,"image":{"@id":"https:\/\/folhapopular.info\/index.php\/2022\/07\/28\/1o-festival-de-balonismo-e-manobras-radicais-inicia-hoje-em-teutonia\/#primaryimage"},"thumbnailUrl":"https:\/\/folhapopular.info\/wp-content\/uploads\/2022\/07\/FLYER-10x15-2.jpg","articleSection":["Destaques","Geral"],"inLanguage":"pt-BR","potentialAction":[{"@type":"CommentAction","name":"Comment","target":["https:\/\/folhapopular.info\/index.php\/2022\/07\/28\/1o-festival-de-balonismo-e-manobras-radicais-inicia-hoje-em-teutonia\/#respond"]}]},{"@type":"WebPage","@id":"https:\/\/folhapopular.info\/index.php\/2022\/07\/28\/1o-festival-de-balonismo-e-manobras-radicais-inicia-hoje-em-teutonia\/","url":"https:\/\/folhapopular.info\/index.php\/2022\/07\/28\/1o-festival-de-balonismo-e-manobras-radicais-inicia-hoje-em-teutonia\/","name":"1\u00ba Festival de Balonismo e Manobras Radicais inicia hoje em Teut\u00f4nia - Folha Popular","isPartOf":{"@id":"https:\/\/folhapopular.info\/#website"},"primaryImageOfPage":{"@id":"https:\/\/folhapopular.info\/index.php\/2022\/07\/28\/1o-festival-de-balonismo-e-manobras-radicais-inicia-hoje-em-teutonia\/#primaryimage"},"image":{"@id":"https:\/\/folhapopular.info\/index.php\/2022\/07\/28\/1o-festival-de-balonismo-e-manobras-radicais-inicia-hoje-em-teutonia\/#primaryimage"},"thumbnailUrl":"https:\/\/folhapopular.info\/wp-content\/uploads\/2022\/07\/FLYER-10x15-2.jpg","datePublished":"2022-07-28T12:22:44+00:00","dateModified":"2022-07-28T12:22:49+00:00","author":{"@id":"https:\/\/folhapopular.info\/#\/schema\/person\/2814e8a0df7643585a9ca38bc6eb9d4b"},"breadcrumb":{"@id":"https:\/\/folhapopular.info\/index.php\/2022\/07\/28\/1o-festival-de-balonismo-e-manobras-radicais-inicia-hoje-em-teutonia\/#breadcrumb"},"inLanguage":"pt-BR","potentialAction":[{"@type":"ReadAction","target":["https:\/\/folhapopular.info\/index.php\/2022\/07\/28\/1o-festival-de-balonismo-e-manobras-radicais-inicia-hoje-em-teutonia\/"]}]},{"@type":"ImageObject","inLanguage":"pt-BR","@id":"https:\/\/folhapopular.info\/index.php\/2022\/07\/28\/1o-festival-de-balonismo-e-manobras-radicais-inicia-hoje-em-teutonia\/#primaryimage","url":"https:\/\/folhapopular.info\/wp-content\/uploads\/2022\/07\/FLYER-10x15-2.jpg","contentUrl":"https:\/\/folhapopular.info\/wp-content\/uploads\/2022\/07\/FLYER-10x15-2.jpg","width":1182,"height":1773},{"@type":"BreadcrumbList","@id":"https:\/\/folhapopular.info\/index.php\/2022\/07\/28\/1o-festival-de-balonismo-e-manobras-radicais-inicia-hoje-em-teutonia\/#breadcrumb","itemListElement":[{"@type":"ListItem","position":1,"name":"In\u00edcio","item":"https:\/\/folhapopular.info\/"},{"@type":"ListItem","position":2,"name":"1\u00ba Festival de Balonismo e Manobras Radicais inicia hoje em Teut\u00f4nia"}]},{"@type":"WebSite","@id":"https:\/\/folhapopular.info\/#website","url":"https:\/\/folhapopular.info\/","name":"Folha Popular","description":"Onde voc\u00ea tem vez e voz","potentialAction":[{"@type":"SearchAction","target":{"@type":"EntryPoint","urlTemplate":"https:\/\/folhapopular.info\/?s={search_term_string}"},"query-input":{"@type":"PropertyValueSpecification","valueRequired":true,"valueName":"search_term_string"}}],"inLanguage":"pt-BR"},{"@type":"Person","@id":"https:\/\/folhapopular.info\/#\/schema\/person\/2814e8a0df7643585a9ca38bc6eb9d4b","name":"Reda\u00e7\u00e3o Folha Popular","image":{"@type":"ImageObject","inLanguage":"pt-BR","@id":"https:\/\/folhapopular.info\/wp-content\/uploads\/2026\/04\/Folha-1.webp","url":"https:\/\/folhapopular.info\/wp-content\/uploads\/2026\/04\/Folha-1.webp","contentUrl":"https:\/\/folhapopular.info\/wp-content\/uploads\/2026\/04\/Folha-1.webp","caption":"Reda\u00e7\u00e3o Folha Popular"},"url":"https:\/\/folhapopular.info\/index.php\/author\/redacao\/"}]}},"jetpack_featured_media_url":"https:\/\/folhapopular.info\/wp-content\/uploads\/2022\/07\/FLYER-10x15-2.jpg","jetpack_sharing_enabled":true,"amp_enabled":true,"_links":{"self":[{"href":"https:\/\/folhapopular.info\/index.php\/wp-json\/wp\/v2\/posts\/109551","targetHints":{"allow":["GET"]}}],"collection":[{"href":"https:\/\/folhapopular.info\/index.php\/wp-json\/wp\/v2\/posts"}],"about":[{"href":"https:\/\/folhapopular.info\/index.php\/wp-json\/wp\/v2\/types\/post"}],"author":[{"embeddable":true,"href":"https:\/\/folhapopular.info\/index.php\/wp-json\/wp\/v2\/users\/8"}],"replies":[{"embeddable":true,"href":"https:\/\/folhapopular.info\/index.php\/wp-json\/wp\/v2\/comments?post=109551"}],"version-history":[{"count":0,"href":"https:\/\/folhapopular.info\/index.php\/wp-json\/wp\/v2\/posts\/109551\/revisions"}],"wp:featuredmedia":[{"embeddable":true,"href":"https:\/\/folhapopular.info\/index.php\/wp-json\/wp\/v2\/media\/109548"}],"wp:attachment":[{"href":"https:\/\/folhapopular.info\/index.php\/wp-json\/wp\/v2\/media?parent=109551"}],"wp:term":[{"taxonomy":"category","embeddable":true,"href":"https:\/\/folhapopular.info\/index.php\/wp-json\/wp\/v2\/categories?post=109551"},{"taxonomy":"post_tag","embeddable":true,"href":"https:\/\/folhapopular.info\/index.php\/wp-json\/wp\/v2\/tags?post=109551"}],"curies":[{"name":"wp","href":"https:\/\/api.w.org\/{rel}","templated":true}]}}