{"id":109559,"date":"2022-07-28T11:32:18","date_gmt":"2022-07-28T14:32:18","guid":{"rendered":"https:\/\/folhapopular.info\/?p=109559"},"modified":"2022-07-28T11:32:20","modified_gmt":"2022-07-28T14:32:20","slug":"um-homem-e-preso-em-operacao-da-pf-de-combate-a-exploracao-sexual-de-criancas-e-adolescentes","status":"publish","type":"post","link":"https:\/\/folhapopular.info\/index.php\/2022\/07\/28\/um-homem-e-preso-em-operacao-da-pf-de-combate-a-exploracao-sexual-de-criancas-e-adolescentes\/","title":{"rendered":"Um homem \u00e9 preso em opera\u00e7\u00e3o da PF de combate \u00e0 explora\u00e7\u00e3o sexual de crian\u00e7as e adolescentes"},"content":{"rendered":"\n<p>A Pol\u00edcia Federal deflagrou, nesta quinta-feira (28\/7), a Opera\u00e7\u00e3o Adsumus IV, que investiga a produ\u00e7\u00e3o e o compartilhamento de m\u00eddias contendo imagens de abuso sexual de crian\u00e7as e adolescentes. Nesta a\u00e7\u00e3o, policiais federais cumpriram dois mandados de busca e apreens\u00e3o em Esteio e Cap\u00e3o da Canoa, locais onde foram apreendidos equipamentos que ser\u00e3o periciados.<\/p>\n\n\n\n<p>A a\u00e7\u00e3o contou com o apoio de psic\u00f3logos do Centro de Refer\u00eancia em Atendimento Infanto-Juvenil (CRAI) do Instituto Geral de Per\u00edcias, na avalia\u00e7\u00e3o de poss\u00edveis menores v\u00edtimas de abuso por parte dos investigados.<\/p>\n\n\n\n<p>Durante as dilig\u00eancias, foi preso em flagrante um homem de 24 anos, casado, que trabalha como assistente administrativo. Ele ser\u00e1 indiciado por posse e compartilhamento de m\u00eddias contendo pornografia infantil.<\/p>\n\n\n\n<p><strong>Entenda o caso<\/strong><br>As investiga\u00e7\u00f5es tiveram in\u00edcio a partir de informa\u00e7\u00f5es recebidas pela Pol\u00edcia Federal atrav\u00e9s do Servi\u00e7o de Repress\u00e3o aos Crimes de \u00d3dio e Pornografia Infantil (SERCOPI\/PF).<\/p>\n\n\n\n<p>A primeira fase foi realizada em outubro de 2021, com o cumprimento de cinco mandados de busca e apreens\u00e3o nas cidades de Porto Alegre, Canoas, Pinhal e S\u00e3o Jer\u00f4nimo. Na ocasi\u00e3o, tr\u00eas pessoas foram presas em flagrante por posse ou compartilhamento de conte\u00fado pornogr\u00e1fico infantil.<\/p>\n\n\n\n<p>Em mar\u00e7o de 2022, a segunda fase da opera\u00e7\u00e3o prendeu em flagrante um l\u00edder religioso por armazenamento de material pedof\u00edlico, bem como um suspeito j\u00e1 detido em 2016 pelo mesmo crime. Durante as buscas, foram apreendidos materiais de inform\u00e1tica, al\u00e9m de uma arma de fogo com documenta\u00e7\u00e3o vencida.<\/p>\n\n\n\n<p>No m\u00eas de maio deste ano, ocorreu a terceira fase, que culminou com a pris\u00e3o de um estudante de 21 anos de idade pelo armazenamento de conte\u00fado contendo imagens de abuso sexual de crian\u00e7as e adolescentes.<\/p>\n\n\n\n<p>A Opera\u00e7\u00e3o Adsumus refere-se ao verbo adsum, que em latim significa \u201cestamos presentes\u201d, com intuito de passar a mensagem de que o monitoramento desse tipo de crime \u00e9 constante na Pol\u00edcia Federal.<\/p>\n","protected":false},"excerpt":{"rendered":"<p>A Pol\u00edcia Federal deflagrou, nesta quinta-feira (28\/7), a Opera\u00e7\u00e3o Adsumus IV, que investiga a produ\u00e7\u00e3o e o compartilhamento de m\u00eddias contendo imagens de abuso sexual de crian\u00e7as e adolescentes. Nesta a\u00e7\u00e3o, policiais federais cumpriram dois mandados de busca e apreens\u00e3o em Esteio e Cap\u00e3o da Canoa, locais onde foram apreendidos equipamentos que ser\u00e3o periciados. A [&hellip;]<\/p>\n","protected":false},"author":8,"featured_media":109560,"comment_status":"open","ping_status":"open","sticky":false,"template":"","format":"standard","meta":{"pmpro_default_level":"","_jetpack_memberships_contains_paid_content":false,"footnotes":""},"categories":[7],"tags":[2441],"class_list":{"0":"post-109559","1":"post","2":"type-post","3":"status-publish","4":"format-standard","5":"has-post-thumbnail","7":"category-seguranca","8":"tag-porto-alegre","9":"pmpro-has-access"},"yoast_head":"<!-- This site is optimized with the Yoast SEO plugin v27.5 - https:\/\/yoast.com\/product\/yoast-seo-wordpress\/ -->\n<title>Um homem \u00e9 preso em opera\u00e7\u00e3o da PF de combate \u00e0 explora\u00e7\u00e3o sexual de crian\u00e7as e adolescentes - Folha Popular<\/title>\n<meta name=\"robots\" content=\"index, follow, max-snippet:-1, max-image-preview:large, max-video-preview:-1\" \/>\n<link rel=\"canonical\" href=\"https:\/\/folhapopular.info\/index.php\/2022\/07\/28\/um-homem-e-preso-em-operacao-da-pf-de-combate-a-exploracao-sexual-de-criancas-e-adolescentes\/\" \/>\n<meta property=\"og:locale\" content=\"pt_BR\" \/>\n<meta property=\"og:type\" content=\"article\" \/>\n<meta property=\"og:title\" content=\"Um homem \u00e9 preso em opera\u00e7\u00e3o da PF de combate \u00e0 explora\u00e7\u00e3o sexual de crian\u00e7as e adolescentes - Folha Popular\" \/>\n<meta property=\"og:description\" content=\"A Pol\u00edcia Federal deflagrou, nesta quinta-feira (28\/7), a Opera\u00e7\u00e3o Adsumus IV, que investiga a produ\u00e7\u00e3o e o compartilhamento de m\u00eddias contendo imagens de abuso sexual de crian\u00e7as e adolescentes. Nesta a\u00e7\u00e3o, policiais federais cumpriram dois mandados de busca e apreens\u00e3o em Esteio e Cap\u00e3o da Canoa, locais onde foram apreendidos equipamentos que ser\u00e3o periciados. A [&hellip;]\" \/>\n<meta property=\"og:url\" content=\"https:\/\/folhapopular.info\/index.php\/2022\/07\/28\/um-homem-e-preso-em-operacao-da-pf-de-combate-a-exploracao-sexual-de-criancas-e-adolescentes\/\" \/>\n<meta property=\"og:site_name\" content=\"Folha Popular\" \/>\n<meta property=\"article:published_time\" content=\"2022-07-28T14:32:18+00:00\" \/>\n<meta property=\"article:modified_time\" content=\"2022-07-28T14:32:20+00:00\" \/>\n<meta property=\"og:image\" content=\"http:\/\/folhapopular.info\/wp-content\/uploads\/2022\/07\/WhatsApp-Image-2022-07-28-at-10.14.32.jpeg\" \/>\n\t<meta property=\"og:image:width\" content=\"1280\" \/>\n\t<meta property=\"og:image:height\" content=\"720\" \/>\n\t<meta property=\"og:image:type\" content=\"image\/jpeg\" \/>\n<meta name=\"author\" content=\"Reda\u00e7\u00e3o Folha Popular\" \/>\n<meta name=\"twitter:card\" content=\"summary_large_image\" \/>\n<meta name=\"twitter:label1\" content=\"Escrito por\" \/>\n\t<meta name=\"twitter:data1\" content=\"Reda\u00e7\u00e3o Folha Popular\" \/>\n\t<meta name=\"twitter:label2\" content=\"Est. tempo de leitura\" \/>\n\t<meta name=\"twitter:data2\" content=\"2 minutos\" \/>\n<script type=\"application\/ld+json\" class=\"yoast-schema-graph\">{\"@context\":\"https:\\\/\\\/schema.org\",\"@graph\":[{\"@type\":\"Article\",\"@id\":\"https:\\\/\\\/folhapopular.info\\\/index.php\\\/2022\\\/07\\\/28\\\/um-homem-e-preso-em-operacao-da-pf-de-combate-a-exploracao-sexual-de-criancas-e-adolescentes\\\/#article\",\"isPartOf\":{\"@id\":\"https:\\\/\\\/folhapopular.info\\\/index.php\\\/2022\\\/07\\\/28\\\/um-homem-e-preso-em-operacao-da-pf-de-combate-a-exploracao-sexual-de-criancas-e-adolescentes\\\/\"},\"author\":{\"name\":\"Reda\u00e7\u00e3o Folha Popular\",\"@id\":\"https:\\\/\\\/folhapopular.info\\\/#\\\/schema\\\/person\\\/2814e8a0df7643585a9ca38bc6eb9d4b\"},\"headline\":\"Um homem \u00e9 preso em opera\u00e7\u00e3o da PF de combate \u00e0 explora\u00e7\u00e3o sexual de crian\u00e7as e adolescentes\",\"datePublished\":\"2022-07-28T14:32:18+00:00\",\"dateModified\":\"2022-07-28T14:32:20+00:00\",\"mainEntityOfPage\":{\"@id\":\"https:\\\/\\\/folhapopular.info\\\/index.php\\\/2022\\\/07\\\/28\\\/um-homem-e-preso-em-operacao-da-pf-de-combate-a-exploracao-sexual-de-criancas-e-adolescentes\\\/\"},\"wordCount\":363,\"commentCount\":0,\"image\":{\"@id\":\"https:\\\/\\\/folhapopular.info\\\/index.php\\\/2022\\\/07\\\/28\\\/um-homem-e-preso-em-operacao-da-pf-de-combate-a-exploracao-sexual-de-criancas-e-adolescentes\\\/#primaryimage\"},\"thumbnailUrl\":\"https:\\\/\\\/folhapopular.info\\\/wp-content\\\/uploads\\\/2022\\\/07\\\/WhatsApp-Image-2022-07-28-at-10.14.32.jpeg\",\"keywords\":[\"Porto Alegre\"],\"articleSection\":[\"Seguran\u00e7a\"],\"inLanguage\":\"pt-BR\",\"potentialAction\":[{\"@type\":\"CommentAction\",\"name\":\"Comment\",\"target\":[\"https:\\\/\\\/folhapopular.info\\\/index.php\\\/2022\\\/07\\\/28\\\/um-homem-e-preso-em-operacao-da-pf-de-combate-a-exploracao-sexual-de-criancas-e-adolescentes\\\/#respond\"]}]},{\"@type\":\"WebPage\",\"@id\":\"https:\\\/\\\/folhapopular.info\\\/index.php\\\/2022\\\/07\\\/28\\\/um-homem-e-preso-em-operacao-da-pf-de-combate-a-exploracao-sexual-de-criancas-e-adolescentes\\\/\",\"url\":\"https:\\\/\\\/folhapopular.info\\\/index.php\\\/2022\\\/07\\\/28\\\/um-homem-e-preso-em-operacao-da-pf-de-combate-a-exploracao-sexual-de-criancas-e-adolescentes\\\/\",\"name\":\"Um homem \u00e9 preso em opera\u00e7\u00e3o da PF de combate \u00e0 explora\u00e7\u00e3o sexual de crian\u00e7as e adolescentes - Folha Popular\",\"isPartOf\":{\"@id\":\"https:\\\/\\\/folhapopular.info\\\/#website\"},\"primaryImageOfPage\":{\"@id\":\"https:\\\/\\\/folhapopular.info\\\/index.php\\\/2022\\\/07\\\/28\\\/um-homem-e-preso-em-operacao-da-pf-de-combate-a-exploracao-sexual-de-criancas-e-adolescentes\\\/#primaryimage\"},\"image\":{\"@id\":\"https:\\\/\\\/folhapopular.info\\\/index.php\\\/2022\\\/07\\\/28\\\/um-homem-e-preso-em-operacao-da-pf-de-combate-a-exploracao-sexual-de-criancas-e-adolescentes\\\/#primaryimage\"},\"thumbnailUrl\":\"https:\\\/\\\/folhapopular.info\\\/wp-content\\\/uploads\\\/2022\\\/07\\\/WhatsApp-Image-2022-07-28-at-10.14.32.jpeg\",\"datePublished\":\"2022-07-28T14:32:18+00:00\",\"dateModified\":\"2022-07-28T14:32:20+00:00\",\"author\":{\"@id\":\"https:\\\/\\\/folhapopular.info\\\/#\\\/schema\\\/person\\\/2814e8a0df7643585a9ca38bc6eb9d4b\"},\"breadcrumb\":{\"@id\":\"https:\\\/\\\/folhapopular.info\\\/index.php\\\/2022\\\/07\\\/28\\\/um-homem-e-preso-em-operacao-da-pf-de-combate-a-exploracao-sexual-de-criancas-e-adolescentes\\\/#breadcrumb\"},\"inLanguage\":\"pt-BR\",\"potentialAction\":[{\"@type\":\"ReadAction\",\"target\":[\"https:\\\/\\\/folhapopular.info\\\/index.php\\\/2022\\\/07\\\/28\\\/um-homem-e-preso-em-operacao-da-pf-de-combate-a-exploracao-sexual-de-criancas-e-adolescentes\\\/\"]}]},{\"@type\":\"ImageObject\",\"inLanguage\":\"pt-BR\",\"@id\":\"https:\\\/\\\/folhapopular.info\\\/index.php\\\/2022\\\/07\\\/28\\\/um-homem-e-preso-em-operacao-da-pf-de-combate-a-exploracao-sexual-de-criancas-e-adolescentes\\\/#primaryimage\",\"url\":\"https:\\\/\\\/folhapopular.info\\\/wp-content\\\/uploads\\\/2022\\\/07\\\/WhatsApp-Image-2022-07-28-at-10.14.32.jpeg\",\"contentUrl\":\"https:\\\/\\\/folhapopular.info\\\/wp-content\\\/uploads\\\/2022\\\/07\\\/WhatsApp-Image-2022-07-28-at-10.14.32.jpeg\",\"width\":1280,\"height\":720,\"caption\":\"Cr\u00e9dito: Divulga\u00e7\u00e3o\"},{\"@type\":\"BreadcrumbList\",\"@id\":\"https:\\\/\\\/folhapopular.info\\\/index.php\\\/2022\\\/07\\\/28\\\/um-homem-e-preso-em-operacao-da-pf-de-combate-a-exploracao-sexual-de-criancas-e-adolescentes\\\/#breadcrumb\",\"itemListElement\":[{\"@type\":\"ListItem\",\"position\":1,\"name\":\"In\u00edcio\",\"item\":\"https:\\\/\\\/folhapopular.info\\\/\"},{\"@type\":\"ListItem\",\"position\":2,\"name\":\"Um homem \u00e9 preso em opera\u00e7\u00e3o da PF de combate \u00e0 explora\u00e7\u00e3o sexual de crian\u00e7as e adolescentes\"}]},{\"@type\":\"WebSite\",\"@id\":\"https:\\\/\\\/folhapopular.info\\\/#website\",\"url\":\"https:\\\/\\\/folhapopular.info\\\/\",\"name\":\"Folha Popular\",\"description\":\"Onde voc\u00ea tem vez e voz\",\"potentialAction\":[{\"@type\":\"SearchAction\",\"target\":{\"@type\":\"EntryPoint\",\"urlTemplate\":\"https:\\\/\\\/folhapopular.info\\\/?s={search_term_string}\"},\"query-input\":{\"@type\":\"PropertyValueSpecification\",\"valueRequired\":true,\"valueName\":\"search_term_string\"}}],\"inLanguage\":\"pt-BR\"},{\"@type\":\"Person\",\"@id\":\"https:\\\/\\\/folhapopular.info\\\/#\\\/schema\\\/person\\\/2814e8a0df7643585a9ca38bc6eb9d4b\",\"name\":\"Reda\u00e7\u00e3o Folha Popular\",\"image\":{\"@type\":\"ImageObject\",\"inLanguage\":\"pt-BR\",\"@id\":\"https:\\\/\\\/folhapopular.info\\\/wp-content\\\/uploads\\\/2026\\\/04\\\/Folha-1.webp\",\"url\":\"https:\\\/\\\/folhapopular.info\\\/wp-content\\\/uploads\\\/2026\\\/04\\\/Folha-1.webp\",\"contentUrl\":\"https:\\\/\\\/folhapopular.info\\\/wp-content\\\/uploads\\\/2026\\\/04\\\/Folha-1.webp\",\"caption\":\"Reda\u00e7\u00e3o Folha Popular\"},\"url\":\"https:\\\/\\\/folhapopular.info\\\/index.php\\\/author\\\/redacao\\\/\"}]}<\/script>\n<!-- \/ Yoast SEO plugin. -->","yoast_head_json":{"title":"Um homem \u00e9 preso em opera\u00e7\u00e3o da PF de combate \u00e0 explora\u00e7\u00e3o sexual de crian\u00e7as e adolescentes - Folha Popular","robots":{"index":"index","follow":"follow","max-snippet":"max-snippet:-1","max-image-preview":"max-image-preview:large","max-video-preview":"max-video-preview:-1"},"canonical":"https:\/\/folhapopular.info\/index.php\/2022\/07\/28\/um-homem-e-preso-em-operacao-da-pf-de-combate-a-exploracao-sexual-de-criancas-e-adolescentes\/","og_locale":"pt_BR","og_type":"article","og_title":"Um homem \u00e9 preso em opera\u00e7\u00e3o da PF de combate \u00e0 explora\u00e7\u00e3o sexual de crian\u00e7as e adolescentes - Folha Popular","og_description":"A Pol\u00edcia Federal deflagrou, nesta quinta-feira (28\/7), a Opera\u00e7\u00e3o Adsumus IV, que investiga a produ\u00e7\u00e3o e o compartilhamento de m\u00eddias contendo imagens de abuso sexual de crian\u00e7as e adolescentes. Nesta a\u00e7\u00e3o, policiais federais cumpriram dois mandados de busca e apreens\u00e3o em Esteio e Cap\u00e3o da Canoa, locais onde foram apreendidos equipamentos que ser\u00e3o periciados. A [&hellip;]","og_url":"https:\/\/folhapopular.info\/index.php\/2022\/07\/28\/um-homem-e-preso-em-operacao-da-pf-de-combate-a-exploracao-sexual-de-criancas-e-adolescentes\/","og_site_name":"Folha Popular","article_published_time":"2022-07-28T14:32:18+00:00","article_modified_time":"2022-07-28T14:32:20+00:00","og_image":[{"width":1280,"height":720,"url":"http:\/\/folhapopular.info\/wp-content\/uploads\/2022\/07\/WhatsApp-Image-2022-07-28-at-10.14.32.jpeg","type":"image\/jpeg"}],"author":"Reda\u00e7\u00e3o Folha Popular","twitter_card":"summary_large_image","twitter_misc":{"Escrito por":"Reda\u00e7\u00e3o Folha Popular","Est. tempo de leitura":"2 minutos"},"schema":{"@context":"https:\/\/schema.org","@graph":[{"@type":"Article","@id":"https:\/\/folhapopular.info\/index.php\/2022\/07\/28\/um-homem-e-preso-em-operacao-da-pf-de-combate-a-exploracao-sexual-de-criancas-e-adolescentes\/#article","isPartOf":{"@id":"https:\/\/folhapopular.info\/index.php\/2022\/07\/28\/um-homem-e-preso-em-operacao-da-pf-de-combate-a-exploracao-sexual-de-criancas-e-adolescentes\/"},"author":{"name":"Reda\u00e7\u00e3o Folha Popular","@id":"https:\/\/folhapopular.info\/#\/schema\/person\/2814e8a0df7643585a9ca38bc6eb9d4b"},"headline":"Um homem \u00e9 preso em opera\u00e7\u00e3o da PF de combate \u00e0 explora\u00e7\u00e3o sexual de crian\u00e7as e adolescentes","datePublished":"2022-07-28T14:32:18+00:00","dateModified":"2022-07-28T14:32:20+00:00","mainEntityOfPage":{"@id":"https:\/\/folhapopular.info\/index.php\/2022\/07\/28\/um-homem-e-preso-em-operacao-da-pf-de-combate-a-exploracao-sexual-de-criancas-e-adolescentes\/"},"wordCount":363,"commentCount":0,"image":{"@id":"https:\/\/folhapopular.info\/index.php\/2022\/07\/28\/um-homem-e-preso-em-operacao-da-pf-de-combate-a-exploracao-sexual-de-criancas-e-adolescentes\/#primaryimage"},"thumbnailUrl":"https:\/\/folhapopular.info\/wp-content\/uploads\/2022\/07\/WhatsApp-Image-2022-07-28-at-10.14.32.jpeg","keywords":["Porto Alegre"],"articleSection":["Seguran\u00e7a"],"inLanguage":"pt-BR","potentialAction":[{"@type":"CommentAction","name":"Comment","target":["https:\/\/folhapopular.info\/index.php\/2022\/07\/28\/um-homem-e-preso-em-operacao-da-pf-de-combate-a-exploracao-sexual-de-criancas-e-adolescentes\/#respond"]}]},{"@type":"WebPage","@id":"https:\/\/folhapopular.info\/index.php\/2022\/07\/28\/um-homem-e-preso-em-operacao-da-pf-de-combate-a-exploracao-sexual-de-criancas-e-adolescentes\/","url":"https:\/\/folhapopular.info\/index.php\/2022\/07\/28\/um-homem-e-preso-em-operacao-da-pf-de-combate-a-exploracao-sexual-de-criancas-e-adolescentes\/","name":"Um homem \u00e9 preso em opera\u00e7\u00e3o da PF de combate \u00e0 explora\u00e7\u00e3o sexual de crian\u00e7as e adolescentes - Folha Popular","isPartOf":{"@id":"https:\/\/folhapopular.info\/#website"},"primaryImageOfPage":{"@id":"https:\/\/folhapopular.info\/index.php\/2022\/07\/28\/um-homem-e-preso-em-operacao-da-pf-de-combate-a-exploracao-sexual-de-criancas-e-adolescentes\/#primaryimage"},"image":{"@id":"https:\/\/folhapopular.info\/index.php\/2022\/07\/28\/um-homem-e-preso-em-operacao-da-pf-de-combate-a-exploracao-sexual-de-criancas-e-adolescentes\/#primaryimage"},"thumbnailUrl":"https:\/\/folhapopular.info\/wp-content\/uploads\/2022\/07\/WhatsApp-Image-2022-07-28-at-10.14.32.jpeg","datePublished":"2022-07-28T14:32:18+00:00","dateModified":"2022-07-28T14:32:20+00:00","author":{"@id":"https:\/\/folhapopular.info\/#\/schema\/person\/2814e8a0df7643585a9ca38bc6eb9d4b"},"breadcrumb":{"@id":"https:\/\/folhapopular.info\/index.php\/2022\/07\/28\/um-homem-e-preso-em-operacao-da-pf-de-combate-a-exploracao-sexual-de-criancas-e-adolescentes\/#breadcrumb"},"inLanguage":"pt-BR","potentialAction":[{"@type":"ReadAction","target":["https:\/\/folhapopular.info\/index.php\/2022\/07\/28\/um-homem-e-preso-em-operacao-da-pf-de-combate-a-exploracao-sexual-de-criancas-e-adolescentes\/"]}]},{"@type":"ImageObject","inLanguage":"pt-BR","@id":"https:\/\/folhapopular.info\/index.php\/2022\/07\/28\/um-homem-e-preso-em-operacao-da-pf-de-combate-a-exploracao-sexual-de-criancas-e-adolescentes\/#primaryimage","url":"https:\/\/folhapopular.info\/wp-content\/uploads\/2022\/07\/WhatsApp-Image-2022-07-28-at-10.14.32.jpeg","contentUrl":"https:\/\/folhapopular.info\/wp-content\/uploads\/2022\/07\/WhatsApp-Image-2022-07-28-at-10.14.32.jpeg","width":1280,"height":720,"caption":"Cr\u00e9dito: Divulga\u00e7\u00e3o"},{"@type":"BreadcrumbList","@id":"https:\/\/folhapopular.info\/index.php\/2022\/07\/28\/um-homem-e-preso-em-operacao-da-pf-de-combate-a-exploracao-sexual-de-criancas-e-adolescentes\/#breadcrumb","itemListElement":[{"@type":"ListItem","position":1,"name":"In\u00edcio","item":"https:\/\/folhapopular.info\/"},{"@type":"ListItem","position":2,"name":"Um homem \u00e9 preso em opera\u00e7\u00e3o da PF de combate \u00e0 explora\u00e7\u00e3o sexual de crian\u00e7as e adolescentes"}]},{"@type":"WebSite","@id":"https:\/\/folhapopular.info\/#website","url":"https:\/\/folhapopular.info\/","name":"Folha Popular","description":"Onde voc\u00ea tem vez e voz","potentialAction":[{"@type":"SearchAction","target":{"@type":"EntryPoint","urlTemplate":"https:\/\/folhapopular.info\/?s={search_term_string}"},"query-input":{"@type":"PropertyValueSpecification","valueRequired":true,"valueName":"search_term_string"}}],"inLanguage":"pt-BR"},{"@type":"Person","@id":"https:\/\/folhapopular.info\/#\/schema\/person\/2814e8a0df7643585a9ca38bc6eb9d4b","name":"Reda\u00e7\u00e3o Folha Popular","image":{"@type":"ImageObject","inLanguage":"pt-BR","@id":"https:\/\/folhapopular.info\/wp-content\/uploads\/2026\/04\/Folha-1.webp","url":"https:\/\/folhapopular.info\/wp-content\/uploads\/2026\/04\/Folha-1.webp","contentUrl":"https:\/\/folhapopular.info\/wp-content\/uploads\/2026\/04\/Folha-1.webp","caption":"Reda\u00e7\u00e3o Folha Popular"},"url":"https:\/\/folhapopular.info\/index.php\/author\/redacao\/"}]}},"jetpack_featured_media_url":"https:\/\/folhapopular.info\/wp-content\/uploads\/2022\/07\/WhatsApp-Image-2022-07-28-at-10.14.32.jpeg","jetpack_sharing_enabled":true,"amp_enabled":true,"_links":{"self":[{"href":"https:\/\/folhapopular.info\/index.php\/wp-json\/wp\/v2\/posts\/109559","targetHints":{"allow":["GET"]}}],"collection":[{"href":"https:\/\/folhapopular.info\/index.php\/wp-json\/wp\/v2\/posts"}],"about":[{"href":"https:\/\/folhapopular.info\/index.php\/wp-json\/wp\/v2\/types\/post"}],"author":[{"embeddable":true,"href":"https:\/\/folhapopular.info\/index.php\/wp-json\/wp\/v2\/users\/8"}],"replies":[{"embeddable":true,"href":"https:\/\/folhapopular.info\/index.php\/wp-json\/wp\/v2\/comments?post=109559"}],"version-history":[{"count":0,"href":"https:\/\/folhapopular.info\/index.php\/wp-json\/wp\/v2\/posts\/109559\/revisions"}],"wp:featuredmedia":[{"embeddable":true,"href":"https:\/\/folhapopular.info\/index.php\/wp-json\/wp\/v2\/media\/109560"}],"wp:attachment":[{"href":"https:\/\/folhapopular.info\/index.php\/wp-json\/wp\/v2\/media?parent=109559"}],"wp:term":[{"taxonomy":"category","embeddable":true,"href":"https:\/\/folhapopular.info\/index.php\/wp-json\/wp\/v2\/categories?post=109559"},{"taxonomy":"post_tag","embeddable":true,"href":"https:\/\/folhapopular.info\/index.php\/wp-json\/wp\/v2\/tags?post=109559"}],"curies":[{"name":"wp","href":"https:\/\/api.w.org\/{rel}","templated":true}]}}