{"id":109619,"date":"2022-07-29T16:53:46","date_gmt":"2022-07-29T19:53:46","guid":{"rendered":"https:\/\/folhapopular.info\/?p=109619"},"modified":"2022-07-29T17:34:27","modified_gmt":"2022-07-29T20:34:27","slug":"atleta-teutoniense-agarra-chance-em-portugal","status":"publish","type":"post","link":"https:\/\/folhapopular.info\/index.php\/2022\/07\/29\/atleta-teutoniense-agarra-chance-em-portugal\/","title":{"rendered":"Atleta teutoniense ganha chance em Portugal"},"content":{"rendered":"<p>Ser jogador de futebol faz parte do imagin\u00e1rio de muitos garotos e garotas. O funil \u00e9 apertado e poucos chegam aos sal\u00e1rios milion\u00e1rios. Uma parcela fica numa zona intermedi\u00e1ria e a grande maioria tem baixos rendimentos. Mesmo assim, \u00e9 um mundo que fascina. Edimilson Queiroz Farias (21) agarrou as oportunidades e na segunda-feira (25\/7) embarcou&#8230; <\/p>\n<div class=\"pmpro\">\n<div class=\"pmpro_card pmpro_content_message\">\n<div class=\"pmpro_card_content\">Este conte\u00fado \u00e9 apenas para associados Grupo Popular &#8211; Conte\u00fado Total Anual e Grupo Popular &#8211; Conte\u00fado Total Mensal. <br \/><a href=\"https:\/\/folhapopular.info\/wp-login.php?action=register\">Cadastre-se<\/a><\/div>\n<div class=\"pmpro_card_actions pmpro_font-medium\">J\u00e1 se associou? <a href=\"https:\/\/folhapopular.info\/wp-login.php?redirect_to=https%3A%2F%2Ffolhapopular.info%2Findex.php%2F2022%2F07%2F29%2Fatleta-teutoniense-agarra-chance-em-portugal%2F\">Acesse aqui<\/a><\/div>\n<\/div>\n<\/div>\n","protected":false},"excerpt":{"rendered":"<p>Ser jogador de futebol faz parte do imagin\u00e1rio de muitos garotos e garotas. O funil \u00e9 apertado e poucos chegam aos sal\u00e1rios milion\u00e1rios. Uma parcela fica numa zona intermedi\u00e1ria e a grande maioria tem baixos rendimentos. Mesmo assim, \u00e9 um mundo que fascina. Edimilson Queiroz Farias (21) agarrou as oportunidades e na segunda-feira (25\/7) embarcou... <\/p>\n<div class=\"pmpro\"><div class=\"pmpro_card pmpro_content_message\"><div class=\"pmpro_card_content\">Este conte\u00fado \u00e9 apenas para associados Grupo Popular - Conte\u00fado Total Anual e Grupo Popular - Conte\u00fado Total Mensal. <br \/><a href=\"https:\/\/folhapopular.info\/wp-login.php?action=register\">Cadastre-se<\/a><\/div><div class=\"pmpro_card_actions pmpro_font-medium\">J\u00e1 se associou? <a href=\"https:\/\/folhapopular.info\/wp-login.php?redirect_to=https%3A%2F%2Ffolhapopular.info%2Findex.php%2F2022%2F07%2F29%2Fatleta-teutoniense-agarra-chance-em-portugal%2F\">Acesse aqui<\/a><\/div><\/div><\/div>","protected":false},"author":7,"featured_media":109620,"comment_status":"open","ping_status":"open","sticky":false,"template":"","format":"standard","meta":{"pmpro_default_level":"","_jetpack_memberships_contains_paid_content":false,"footnotes":""},"categories":[5990,5],"tags":[7364,498,471,4098,26],"class_list":{"0":"post-109619","1":"post","2":"type-post","3":"status-publish","4":"format-standard","5":"has-post-thumbnail","7":"category-conteudo-exclusivo","8":"category-esportes","9":"tag-atleta","10":"tag-futebol","11":"tag-lajeadense","12":"tag-portugal","13":"tag-teutonia","14":"pmpro-level-required","15":"pmpro-level-2","16":"pmpro-level-4","17":"pmpro-level-5","18":"pmpro-no-access"},"yoast_head":"<!-- This site is optimized with the Yoast SEO plugin v27.5 - https:\/\/yoast.com\/product\/yoast-seo-wordpress\/ -->\n<title>Atleta teutoniense ganha chance em Portugal - Folha Popular<\/title>\n<meta name=\"robots\" content=\"index, follow, max-snippet:-1, max-image-preview:large, max-video-preview:-1\" \/>\n<link rel=\"canonical\" href=\"https:\/\/folhapopular.info\/index.php\/2022\/07\/29\/atleta-teutoniense-agarra-chance-em-portugal\/\" \/>\n<meta property=\"og:locale\" content=\"pt_BR\" \/>\n<meta property=\"og:type\" content=\"article\" \/>\n<meta property=\"og:title\" content=\"Atleta teutoniense ganha chance em Portugal - Folha Popular\" \/>\n<meta property=\"og:description\" content=\"Ser jogador de futebol faz parte do imagin\u00e1rio de muitos garotos e garotas. O funil \u00e9 apertado e poucos chegam aos sal\u00e1rios milion\u00e1rios. Uma parcela fica numa zona intermedi\u00e1ria e a grande maioria tem baixos rendimentos. Mesmo assim, \u00e9 um mundo que fascina. Edimilson Queiroz Farias (21) agarrou as oportunidades e na segunda-feira (25\/7) embarcou [&hellip;]\" \/>\n<meta property=\"og:url\" content=\"https:\/\/folhapopular.info\/index.php\/2022\/07\/29\/atleta-teutoniense-agarra-chance-em-portugal\/\" \/>\n<meta property=\"og:site_name\" content=\"Folha Popular\" \/>\n<meta property=\"article:published_time\" content=\"2022-07-29T19:53:46+00:00\" \/>\n<meta property=\"article:modified_time\" content=\"2022-07-29T20:34:27+00:00\" \/>\n<meta property=\"og:image\" content=\"http:\/\/folhapopular.info\/wp-content\/uploads\/2022\/07\/WhatsApp-Image-2022-07-27-at-19.22.18.jpeg\" \/>\n\t<meta property=\"og:image:width\" content=\"1080\" \/>\n\t<meta property=\"og:image:height\" content=\"1080\" \/>\n\t<meta property=\"og:image:type\" content=\"image\/jpeg\" \/>\n<meta name=\"author\" content=\"Lucas Leandro Brune\" \/>\n<meta name=\"twitter:card\" content=\"summary_large_image\" \/>\n<meta name=\"twitter:label1\" content=\"Escrito por\" \/>\n\t<meta name=\"twitter:data1\" content=\"Lucas Leandro Brune\" \/>\n\t<meta name=\"twitter:label2\" content=\"Est. tempo de leitura\" \/>\n\t<meta name=\"twitter:data2\" content=\"3 minutos\" \/>\n<script type=\"application\/ld+json\" class=\"yoast-schema-graph\">{\"@context\":\"https:\\\/\\\/schema.org\",\"@graph\":[{\"@type\":\"Article\",\"@id\":\"https:\\\/\\\/folhapopular.info\\\/index.php\\\/2022\\\/07\\\/29\\\/atleta-teutoniense-agarra-chance-em-portugal\\\/#article\",\"isPartOf\":{\"@id\":\"https:\\\/\\\/folhapopular.info\\\/index.php\\\/2022\\\/07\\\/29\\\/atleta-teutoniense-agarra-chance-em-portugal\\\/\"},\"author\":{\"name\":\"Lucas Leandro Brune\",\"@id\":\"https:\\\/\\\/folhapopular.info\\\/#\\\/schema\\\/person\\\/533a15f60cd49e81ab3a90b4ca33cb36\"},\"headline\":\"Atleta teutoniense ganha chance em Portugal\",\"datePublished\":\"2022-07-29T19:53:46+00:00\",\"dateModified\":\"2022-07-29T20:34:27+00:00\",\"mainEntityOfPage\":{\"@id\":\"https:\\\/\\\/folhapopular.info\\\/index.php\\\/2022\\\/07\\\/29\\\/atleta-teutoniense-agarra-chance-em-portugal\\\/\"},\"wordCount\":478,\"commentCount\":0,\"image\":{\"@id\":\"https:\\\/\\\/folhapopular.info\\\/index.php\\\/2022\\\/07\\\/29\\\/atleta-teutoniense-agarra-chance-em-portugal\\\/#primaryimage\"},\"thumbnailUrl\":\"https:\\\/\\\/folhapopular.info\\\/wp-content\\\/uploads\\\/2022\\\/07\\\/WhatsApp-Image-2022-07-27-at-19.22.18.jpeg\",\"keywords\":[\"Atleta\",\"Futebol\",\"Lajeadense\",\"Portugal\",\"Teut\u00f4nia\"],\"articleSection\":[\"Conte\u00fado Exclusivo\",\"Esportes\"],\"inLanguage\":\"pt-BR\",\"potentialAction\":[{\"@type\":\"CommentAction\",\"name\":\"Comment\",\"target\":[\"https:\\\/\\\/folhapopular.info\\\/index.php\\\/2022\\\/07\\\/29\\\/atleta-teutoniense-agarra-chance-em-portugal\\\/#respond\"]}]},{\"@type\":\"WebPage\",\"@id\":\"https:\\\/\\\/folhapopular.info\\\/index.php\\\/2022\\\/07\\\/29\\\/atleta-teutoniense-agarra-chance-em-portugal\\\/\",\"url\":\"https:\\\/\\\/folhapopular.info\\\/index.php\\\/2022\\\/07\\\/29\\\/atleta-teutoniense-agarra-chance-em-portugal\\\/\",\"name\":\"Atleta teutoniense ganha chance em Portugal - Folha Popular\",\"isPartOf\":{\"@id\":\"https:\\\/\\\/folhapopular.info\\\/#website\"},\"primaryImageOfPage\":{\"@id\":\"https:\\\/\\\/folhapopular.info\\\/index.php\\\/2022\\\/07\\\/29\\\/atleta-teutoniense-agarra-chance-em-portugal\\\/#primaryimage\"},\"image\":{\"@id\":\"https:\\\/\\\/folhapopular.info\\\/index.php\\\/2022\\\/07\\\/29\\\/atleta-teutoniense-agarra-chance-em-portugal\\\/#primaryimage\"},\"thumbnailUrl\":\"https:\\\/\\\/folhapopular.info\\\/wp-content\\\/uploads\\\/2022\\\/07\\\/WhatsApp-Image-2022-07-27-at-19.22.18.jpeg\",\"datePublished\":\"2022-07-29T19:53:46+00:00\",\"dateModified\":\"2022-07-29T20:34:27+00:00\",\"author\":{\"@id\":\"https:\\\/\\\/folhapopular.info\\\/#\\\/schema\\\/person\\\/533a15f60cd49e81ab3a90b4ca33cb36\"},\"breadcrumb\":{\"@id\":\"https:\\\/\\\/folhapopular.info\\\/index.php\\\/2022\\\/07\\\/29\\\/atleta-teutoniense-agarra-chance-em-portugal\\\/#breadcrumb\"},\"inLanguage\":\"pt-BR\",\"potentialAction\":[{\"@type\":\"ReadAction\",\"target\":[\"https:\\\/\\\/folhapopular.info\\\/index.php\\\/2022\\\/07\\\/29\\\/atleta-teutoniense-agarra-chance-em-portugal\\\/\"]}]},{\"@type\":\"ImageObject\",\"inLanguage\":\"pt-BR\",\"@id\":\"https:\\\/\\\/folhapopular.info\\\/index.php\\\/2022\\\/07\\\/29\\\/atleta-teutoniense-agarra-chance-em-portugal\\\/#primaryimage\",\"url\":\"https:\\\/\\\/folhapopular.info\\\/wp-content\\\/uploads\\\/2022\\\/07\\\/WhatsApp-Image-2022-07-27-at-19.22.18.jpeg\",\"contentUrl\":\"https:\\\/\\\/folhapopular.info\\\/wp-content\\\/uploads\\\/2022\\\/07\\\/WhatsApp-Image-2022-07-27-at-19.22.18.jpeg\",\"width\":1080,\"height\":1080,\"caption\":\"Edimilson de Queiroz Farias \\\/ Cr\u00e9dito: Arquivo Pessoal do Lajeadense \\\/ Divulga\u00e7\u00e3o\"},{\"@type\":\"BreadcrumbList\",\"@id\":\"https:\\\/\\\/folhapopular.info\\\/index.php\\\/2022\\\/07\\\/29\\\/atleta-teutoniense-agarra-chance-em-portugal\\\/#breadcrumb\",\"itemListElement\":[{\"@type\":\"ListItem\",\"position\":1,\"name\":\"In\u00edcio\",\"item\":\"https:\\\/\\\/folhapopular.info\\\/\"},{\"@type\":\"ListItem\",\"position\":2,\"name\":\"Atleta teutoniense ganha chance em Portugal\"}]},{\"@type\":\"WebSite\",\"@id\":\"https:\\\/\\\/folhapopular.info\\\/#website\",\"url\":\"https:\\\/\\\/folhapopular.info\\\/\",\"name\":\"Folha Popular\",\"description\":\"Onde voc\u00ea tem vez e voz\",\"potentialAction\":[{\"@type\":\"SearchAction\",\"target\":{\"@type\":\"EntryPoint\",\"urlTemplate\":\"https:\\\/\\\/folhapopular.info\\\/?s={search_term_string}\"},\"query-input\":{\"@type\":\"PropertyValueSpecification\",\"valueRequired\":true,\"valueName\":\"search_term_string\"}}],\"inLanguage\":\"pt-BR\"},{\"@type\":\"Person\",\"@id\":\"https:\\\/\\\/folhapopular.info\\\/#\\\/schema\\\/person\\\/533a15f60cd49e81ab3a90b4ca33cb36\",\"name\":\"Lucas Leandro Brune\",\"image\":{\"@type\":\"ImageObject\",\"inLanguage\":\"pt-BR\",\"@id\":\"https:\\\/\\\/folhapopular.info\\\/wp-content\\\/uploads\\\/2026\\\/04\\\/LUCAS-1-1.webp\",\"url\":\"https:\\\/\\\/folhapopular.info\\\/wp-content\\\/uploads\\\/2026\\\/04\\\/LUCAS-1-1.webp\",\"contentUrl\":\"https:\\\/\\\/folhapopular.info\\\/wp-content\\\/uploads\\\/2026\\\/04\\\/LUCAS-1-1.webp\",\"caption\":\"Lucas Leandro Brune\"},\"description\":\"Jornalista Profissional Diplomado MTB\\\/RS 14.333\",\"url\":\"https:\\\/\\\/folhapopular.info\\\/index.php\\\/author\\\/lucas-brune\\\/\"}]}<\/script>\n<!-- \/ Yoast SEO plugin. -->","yoast_head_json":{"title":"Atleta teutoniense ganha chance em Portugal - Folha Popular","robots":{"index":"index","follow":"follow","max-snippet":"max-snippet:-1","max-image-preview":"max-image-preview:large","max-video-preview":"max-video-preview:-1"},"canonical":"https:\/\/folhapopular.info\/index.php\/2022\/07\/29\/atleta-teutoniense-agarra-chance-em-portugal\/","og_locale":"pt_BR","og_type":"article","og_title":"Atleta teutoniense ganha chance em Portugal - Folha Popular","og_description":"Ser jogador de futebol faz parte do imagin\u00e1rio de muitos garotos e garotas. O funil \u00e9 apertado e poucos chegam aos sal\u00e1rios milion\u00e1rios. Uma parcela fica numa zona intermedi\u00e1ria e a grande maioria tem baixos rendimentos. Mesmo assim, \u00e9 um mundo que fascina. Edimilson Queiroz Farias (21) agarrou as oportunidades e na segunda-feira (25\/7) embarcou [&hellip;]","og_url":"https:\/\/folhapopular.info\/index.php\/2022\/07\/29\/atleta-teutoniense-agarra-chance-em-portugal\/","og_site_name":"Folha Popular","article_published_time":"2022-07-29T19:53:46+00:00","article_modified_time":"2022-07-29T20:34:27+00:00","og_image":[{"width":1080,"height":1080,"url":"http:\/\/folhapopular.info\/wp-content\/uploads\/2022\/07\/WhatsApp-Image-2022-07-27-at-19.22.18.jpeg","type":"image\/jpeg"}],"author":"Lucas Leandro Brune","twitter_card":"summary_large_image","twitter_misc":{"Escrito por":"Lucas Leandro Brune","Est. tempo de leitura":"3 minutos"},"schema":{"@context":"https:\/\/schema.org","@graph":[{"@type":"Article","@id":"https:\/\/folhapopular.info\/index.php\/2022\/07\/29\/atleta-teutoniense-agarra-chance-em-portugal\/#article","isPartOf":{"@id":"https:\/\/folhapopular.info\/index.php\/2022\/07\/29\/atleta-teutoniense-agarra-chance-em-portugal\/"},"author":{"name":"Lucas Leandro Brune","@id":"https:\/\/folhapopular.info\/#\/schema\/person\/533a15f60cd49e81ab3a90b4ca33cb36"},"headline":"Atleta teutoniense ganha chance em Portugal","datePublished":"2022-07-29T19:53:46+00:00","dateModified":"2022-07-29T20:34:27+00:00","mainEntityOfPage":{"@id":"https:\/\/folhapopular.info\/index.php\/2022\/07\/29\/atleta-teutoniense-agarra-chance-em-portugal\/"},"wordCount":478,"commentCount":0,"image":{"@id":"https:\/\/folhapopular.info\/index.php\/2022\/07\/29\/atleta-teutoniense-agarra-chance-em-portugal\/#primaryimage"},"thumbnailUrl":"https:\/\/folhapopular.info\/wp-content\/uploads\/2022\/07\/WhatsApp-Image-2022-07-27-at-19.22.18.jpeg","keywords":["Atleta","Futebol","Lajeadense","Portugal","Teut\u00f4nia"],"articleSection":["Conte\u00fado Exclusivo","Esportes"],"inLanguage":"pt-BR","potentialAction":[{"@type":"CommentAction","name":"Comment","target":["https:\/\/folhapopular.info\/index.php\/2022\/07\/29\/atleta-teutoniense-agarra-chance-em-portugal\/#respond"]}]},{"@type":"WebPage","@id":"https:\/\/folhapopular.info\/index.php\/2022\/07\/29\/atleta-teutoniense-agarra-chance-em-portugal\/","url":"https:\/\/folhapopular.info\/index.php\/2022\/07\/29\/atleta-teutoniense-agarra-chance-em-portugal\/","name":"Atleta teutoniense ganha chance em Portugal - Folha Popular","isPartOf":{"@id":"https:\/\/folhapopular.info\/#website"},"primaryImageOfPage":{"@id":"https:\/\/folhapopular.info\/index.php\/2022\/07\/29\/atleta-teutoniense-agarra-chance-em-portugal\/#primaryimage"},"image":{"@id":"https:\/\/folhapopular.info\/index.php\/2022\/07\/29\/atleta-teutoniense-agarra-chance-em-portugal\/#primaryimage"},"thumbnailUrl":"https:\/\/folhapopular.info\/wp-content\/uploads\/2022\/07\/WhatsApp-Image-2022-07-27-at-19.22.18.jpeg","datePublished":"2022-07-29T19:53:46+00:00","dateModified":"2022-07-29T20:34:27+00:00","author":{"@id":"https:\/\/folhapopular.info\/#\/schema\/person\/533a15f60cd49e81ab3a90b4ca33cb36"},"breadcrumb":{"@id":"https:\/\/folhapopular.info\/index.php\/2022\/07\/29\/atleta-teutoniense-agarra-chance-em-portugal\/#breadcrumb"},"inLanguage":"pt-BR","potentialAction":[{"@type":"ReadAction","target":["https:\/\/folhapopular.info\/index.php\/2022\/07\/29\/atleta-teutoniense-agarra-chance-em-portugal\/"]}]},{"@type":"ImageObject","inLanguage":"pt-BR","@id":"https:\/\/folhapopular.info\/index.php\/2022\/07\/29\/atleta-teutoniense-agarra-chance-em-portugal\/#primaryimage","url":"https:\/\/folhapopular.info\/wp-content\/uploads\/2022\/07\/WhatsApp-Image-2022-07-27-at-19.22.18.jpeg","contentUrl":"https:\/\/folhapopular.info\/wp-content\/uploads\/2022\/07\/WhatsApp-Image-2022-07-27-at-19.22.18.jpeg","width":1080,"height":1080,"caption":"Edimilson de Queiroz Farias \/ Cr\u00e9dito: Arquivo Pessoal do Lajeadense \/ Divulga\u00e7\u00e3o"},{"@type":"BreadcrumbList","@id":"https:\/\/folhapopular.info\/index.php\/2022\/07\/29\/atleta-teutoniense-agarra-chance-em-portugal\/#breadcrumb","itemListElement":[{"@type":"ListItem","position":1,"name":"In\u00edcio","item":"https:\/\/folhapopular.info\/"},{"@type":"ListItem","position":2,"name":"Atleta teutoniense ganha chance em Portugal"}]},{"@type":"WebSite","@id":"https:\/\/folhapopular.info\/#website","url":"https:\/\/folhapopular.info\/","name":"Folha Popular","description":"Onde voc\u00ea tem vez e voz","potentialAction":[{"@type":"SearchAction","target":{"@type":"EntryPoint","urlTemplate":"https:\/\/folhapopular.info\/?s={search_term_string}"},"query-input":{"@type":"PropertyValueSpecification","valueRequired":true,"valueName":"search_term_string"}}],"inLanguage":"pt-BR"},{"@type":"Person","@id":"https:\/\/folhapopular.info\/#\/schema\/person\/533a15f60cd49e81ab3a90b4ca33cb36","name":"Lucas Leandro Brune","image":{"@type":"ImageObject","inLanguage":"pt-BR","@id":"https:\/\/folhapopular.info\/wp-content\/uploads\/2026\/04\/LUCAS-1-1.webp","url":"https:\/\/folhapopular.info\/wp-content\/uploads\/2026\/04\/LUCAS-1-1.webp","contentUrl":"https:\/\/folhapopular.info\/wp-content\/uploads\/2026\/04\/LUCAS-1-1.webp","caption":"Lucas Leandro Brune"},"description":"Jornalista Profissional Diplomado MTB\/RS 14.333","url":"https:\/\/folhapopular.info\/index.php\/author\/lucas-brune\/"}]}},"jetpack_featured_media_url":"https:\/\/folhapopular.info\/wp-content\/uploads\/2022\/07\/WhatsApp-Image-2022-07-27-at-19.22.18.jpeg","jetpack_sharing_enabled":true,"amp_enabled":true,"_links":{"self":[{"href":"https:\/\/folhapopular.info\/index.php\/wp-json\/wp\/v2\/posts\/109619","targetHints":{"allow":["GET"]}}],"collection":[{"href":"https:\/\/folhapopular.info\/index.php\/wp-json\/wp\/v2\/posts"}],"about":[{"href":"https:\/\/folhapopular.info\/index.php\/wp-json\/wp\/v2\/types\/post"}],"author":[{"embeddable":true,"href":"https:\/\/folhapopular.info\/index.php\/wp-json\/wp\/v2\/users\/7"}],"replies":[{"embeddable":true,"href":"https:\/\/folhapopular.info\/index.php\/wp-json\/wp\/v2\/comments?post=109619"}],"version-history":[{"count":0,"href":"https:\/\/folhapopular.info\/index.php\/wp-json\/wp\/v2\/posts\/109619\/revisions"}],"wp:featuredmedia":[{"embeddable":true,"href":"https:\/\/folhapopular.info\/index.php\/wp-json\/wp\/v2\/media\/109620"}],"wp:attachment":[{"href":"https:\/\/folhapopular.info\/index.php\/wp-json\/wp\/v2\/media?parent=109619"}],"wp:term":[{"taxonomy":"category","embeddable":true,"href":"https:\/\/folhapopular.info\/index.php\/wp-json\/wp\/v2\/categories?post=109619"},{"taxonomy":"post_tag","embeddable":true,"href":"https:\/\/folhapopular.info\/index.php\/wp-json\/wp\/v2\/tags?post=109619"}],"curies":[{"name":"wp","href":"https:\/\/api.w.org\/{rel}","templated":true}]}}