{"id":109661,"date":"2022-07-30T08:50:58","date_gmt":"2022-07-30T11:50:58","guid":{"rendered":"https:\/\/folhapopular.info\/?p=109661"},"modified":"2024-08-21T16:05:59","modified_gmt":"2024-08-21T19:05:59","slug":"de-um-limao-uma-limonada-teutoniense-detalha-suas-experiencias-com-a-nevasca-no-chile","status":"publish","type":"post","link":"https:\/\/folhapopular.info\/index.php\/2022\/07\/30\/de-um-limao-uma-limonada-teutoniense-detalha-suas-experiencias-com-a-nevasca-no-chile\/","title":{"rendered":"\u201cDe um lim\u00e3o, uma limonada\u201d: teutoniense detalha suas experi\u00eancias com a nevasca no Chile"},"content":{"rendered":"\n<p>O que \u00e9 necess\u00e1rio para viajar? Tudo come\u00e7a por uma escolha. Para onde ir? Ap\u00f3s responder esta quest\u00e3o, surgem outras escolhas. Em qual \u00e9poca? Quais s\u00e3o as atra\u00e7\u00f5es tur\u00edsticas do local? Quanto dinheiro e tempo \u00e9 necess\u00e1rio investir? Independente das perguntas e respostas, toda viagem envolve um planejamento.<\/p>\n\n\n\n<p>Quando algo que planejamos n\u00e3o sai como prev\u00edamos, \u00e9 normal do ser humano sentir frustra\u00e7\u00e3o e outros sentimentos ruins. A psicologia explica que essa decep\u00e7\u00e3o pode causar uma desestrutura\u00e7\u00e3o emocional em v\u00e1rios n\u00edveis; que acarreta consequ\u00eancias mais s\u00e9rias. Por outro lado, os estudiosos destacam que experi\u00eancias frustradas s\u00e3o essenciais para o desenvolvimento da mente, pois, a partir delas, \u00e9 poss\u00edvel aprender, crescer e criar novas formas funcionais de interagir com o mundo.<\/p>\n\n\n\n<p>Os psic\u00f3logos tamb\u00e9m esclarecem que, assim como outros sentimentos, \u00e9 importante ouvir a frustra\u00e7\u00e3o, porque ela diz como voc\u00ea pode viver uma vida mais satisfat\u00f3ria e gratificante. Foi justamente este aprendizado que fez a aposentada L\u00edria Zimmermann Wiebusch sentir apenas gratid\u00e3o por ter participado da viagem ao Chile.<\/p>\n\n\n\n<p>Moradora do Bairro Canabarro, em Teut\u00f4nia, \u201cTia L\u00edria\u201d realizou um sonho da adolesc\u00eancia aos 81 anos. Ela revela que decidiu participar da excurs\u00e3o faltando apenas dez dias para a viagem. \u201cEu n\u00e3o sei o porqu\u00ea, mas desde a minha juventude eu queria conhecer o Chile. S\u00f3 pude ir pois outra passageira cancelou de \u00faltima hora. Foi uma correria maluca para organizar tudo, mas valeu a pena; valeu a pena mesmo\u201d, garante.<\/p>\n\n\n\n<p>Apesar dos imprevistos, a idosa se sente realizada. \u201cFoi tudo muito legal. Eu n\u00e3o posso me queixar. Era um sonho muito antigo e se tornou realidade. Eu queria ver neve e vi. N\u00e3o precisava ser tanto (risos). Eu s\u00f3 posso dizer gra\u00e7as a Deus. Ningu\u00e9m se machucou. Todo mundo voltou com sa\u00fade. Reclamar do que?\u201d, argumenta.<\/p>\n\n\n\n<p>L\u00edria demonstra que em nenhum momento se sentiu insegura com as circunst\u00e2ncias. \u201cN\u00f3s est\u00e1vamos em um lugar seguro, por que sentir medo? Era o que t\u00ednhamos. N\u00f3s t\u00ednhamos que fazer do lim\u00e3o uma limonada. \u00c9 claro que passa pela cabe\u00e7a \u2018quando vou voltar para casa?\u2019, mas, sab\u00edamos que ir\u00edamos retornar\u201d, indica.<\/p>\n\n\n\n<p>Embora a eventualidade pudesse gerar o sentimento, os quatro dias retidos na aduana chilena n\u00e3o foram marcados por insatisfa\u00e7\u00e3o. \u201c\u00c9 claro que n\u00e3o s\u00e3o as melhores condi\u00e7\u00f5es. Por\u00e9m, todos estavam bem agasalhados. Todos tinham cobertores e travesseiros. O \u00f4nibus tinha ar-condicionado. Um ajudava o outro. T\u00ednhamos biscoitos e outros petiscos. N\u00f3s n\u00e3o passamos dificuldades nem um dia. Se algu\u00e9m reclamar, reclama de bobo. Foi uma situa\u00e7\u00e3o totalmente at\u00edpica de nosso cotidiano, mas era o que t\u00ednhamos\u201d, justifica.<\/p>\n\n\n\n<p>Com atividades simples, o tempo foi superado sem monotonia. \u201cT\u00ednhamos chimarr\u00e3o, o que gera uma integra\u00e7\u00e3o natural. Cont\u00e1vamos piada e cant\u00e1vamos. Caminh\u00e1vamos l\u00e1 dentro, onde est\u00e1vamos (aduana). Eu sa\u00ed v\u00e1rias vezes para caminhar um pouco na neve. N\u00e3o ficamos entediados, pois sempre surgia algo novo\u201d, relata.<\/p>\n\n\n\n<figure class=\"wp-block-image size-large is-resized is-style-rounded\"><img decoding=\"async\" src=\"https:\/\/folhapopular.info\/wp-content\/uploads\/2022\/07\/FOTO-4-edited.jpeg\" alt=\"\" class=\"wp-image-109663\" width=\"298\" srcset=\"https:\/\/folhapopular.info\/wp-content\/uploads\/2022\/07\/FOTO-4-edited.jpeg 929w, https:\/\/folhapopular.info\/wp-content\/uploads\/2022\/07\/FOTO-4-edited-225x300.jpeg 225w, https:\/\/folhapopular.info\/wp-content\/uploads\/2022\/07\/FOTO-4-edited-767x1024.jpeg 767w, https:\/\/folhapopular.info\/wp-content\/uploads\/2022\/07\/FOTO-4-edited-768x1025.jpeg 768w, https:\/\/folhapopular.info\/wp-content\/uploads\/2022\/07\/FOTO-4-edited-696x929.jpeg 696w\" sizes=\"(max-width: 929px) 100vw, 929px\" \/><figcaption><strong>A idosa passeou em vin\u00edcolas e trouxe vinhos e<\/strong><br><strong>espumantes para presentear familiares e amigos<\/strong><\/figcaption><\/figure>\n\n\n\n<p><strong>Passeou muito por Santiago<\/strong><br>J\u00e1 na capital Santiago, a entrevistada transparece tamb\u00e9m ter aproveitado as oportunidades. A teutoniense sustenta o sentimento de satisfa\u00e7\u00e3o. \u201cEu passeei muito. Fiquei encantada com a preserva\u00e7\u00e3o dos pr\u00e9dios hist\u00f3ricos e a limpeza da cidade. O telef\u00e9rico foi maravilhoso. Poder enxergar a neve em cima dos morros e o sol refletindo foi emocionante. As vin\u00edcolas tamb\u00e9m s\u00e3o surpreendentes. As pessoas com uma educa\u00e7\u00e3o linda. Para mim foi tudo \u00f3timo. Eu vi coisas diferentes, conheci os lugares que queria conhecer e pude trocar viv\u00eancias com turistas e locais. N\u00e3o tenho motivos para reclamar\u201d, acentua.<\/p>\n\n\n\n<p>Sobre se aventurar em outra viagem, L\u00edria Zimmermann Wiebusch diz que, se n\u00e3o fosse a idade, com certeza descobriria novos lugares. \u201cAgora \u00e9 mais dif\u00edcil. Se eu tivesse 60 ou 70, eu realizaria mais sonhos. Depois dos 80 temos que ter alguns cuidados. Eu adoro isso. Adoro novidades. Sem medo\u201d, sublinha.<\/p>\n\n\n\n<p><strong>RELEMBRE O CASO<\/strong><\/p>\n\n\n\n<ul class=\"wp-block-list\"><li>Foram 34 pessoas &#8211; moradores de Teut\u00f4nia, Estrela e Po\u00e7o das Antas \u2013 28 idosos e havia uma crian\u00e7a de 6 anos;<\/li><li>A sa\u00edda do grupo do Vale do Taquari aconteceu no dia 6\/7;<\/li><li>A forte nevasca na fronteira entre o Chile e a Argentina, na Cordilheira dos Andes, impediu o deslocamento do grupo. Eles dormiram no \u00f4nibus de passeio do dia 9\/7 ao dia 12\/7, quando ficaram retidos na aduana chilena;<\/li><li>Eles passaram por Mendoza, na Argentina, e estavam a caminho de Santiago do Chile, onde ficariam quatro dias;<\/li><li>At\u00e9 o dia 10\/7, os turistas brasileiros n\u00e3o tinham acesso \u00e0 comida e a banho;<\/li><li>A assist\u00eancia iniciou por meio de contato com o Ex\u00e9rcito Chileno;<\/li><li>A cidade onde o grupo ficou retido \u00e9 Paso Internacional dos Libertadores, com uma altitude de 3.200 metros;<\/li><li>O grupo foi resgatado pelo Ex\u00e9rcito Chileno no dia 12\/7 e levado para a capital do Chile, Santiago;<\/li><li>Eles sa\u00edram de Santiago no dia 21\/7, \u00e0s 5h;<\/li><li>A chegada em Teut\u00f4nia aconteceu no s\u00e1bado passado (23\/7), \u00e0s 6h30. O \u00f4nibus estacionou na Rua Coberta do Centro Administrativo. A viagem durou cerca de 40 horas.<\/li><\/ul>\n\n\n\n<figure class=\"wp-block-image size-large is-resized\"><img loading=\"lazy\" decoding=\"async\" src=\"https:\/\/folhapopular.info\/wp-content\/uploads\/2022\/07\/FOTO-2-1024x768.jpeg\" alt=\"\" class=\"wp-image-109664\" width=\"459\" height=\"344\" srcset=\"https:\/\/folhapopular.info\/wp-content\/uploads\/2022\/07\/FOTO-2-1024x768.jpeg 1024w, https:\/\/folhapopular.info\/wp-content\/uploads\/2022\/07\/FOTO-2-300x225.jpeg 300w, https:\/\/folhapopular.info\/wp-content\/uploads\/2022\/07\/FOTO-2-768x576.jpeg 768w, https:\/\/folhapopular.info\/wp-content\/uploads\/2022\/07\/FOTO-2-1536x1152.jpeg 1536w, https:\/\/folhapopular.info\/wp-content\/uploads\/2022\/07\/FOTO-2-696x522.jpeg 696w, https:\/\/folhapopular.info\/wp-content\/uploads\/2022\/07\/FOTO-2-1068x801.jpeg 1068w, https:\/\/folhapopular.info\/wp-content\/uploads\/2022\/07\/FOTO-2.jpeg 1600w\" sizes=\"auto, (max-width: 459px) 100vw, 459px\" \/><figcaption><strong>Nevasca foi a pior registrada no pa\u00eds desde 2013 \/ Cr\u00e9dito: Divulga\u00e7\u00e3o<\/strong><\/figcaption><\/figure>\n","protected":false},"excerpt":{"rendered":"<p>O que \u00e9 necess\u00e1rio para viajar? Tudo come\u00e7a por uma escolha. Para onde ir? Ap\u00f3s responder esta quest\u00e3o, surgem outras escolhas. Em qual \u00e9poca? Quais s\u00e3o as atra\u00e7\u00f5es tur\u00edsticas do local? Quanto dinheiro e tempo \u00e9 necess\u00e1rio investir? Independente das perguntas e respostas, toda viagem envolve um planejamento. Quando algo que planejamos n\u00e3o sai como [&hellip;]<\/p>\n","protected":false},"author":619,"featured_media":109665,"comment_status":"open","ping_status":"open","sticky":false,"template":"","format":"standard","meta":{"pmpro_default_level":"","_jetpack_memberships_contains_paid_content":false,"footnotes":""},"categories":[2,3],"tags":[9545,8673,9521,26],"class_list":{"0":"post-109661","1":"post","2":"type-post","3":"status-publish","4":"format-standard","5":"has-post-thumbnail","7":"category-featured","8":"category-geral","9":"tag-chile","10":"tag-experiencias","11":"tag-nevasca","12":"tag-teutonia","13":"pmpro-has-access"},"yoast_head":"<!-- This site is optimized with the Yoast SEO plugin v27.5 - https:\/\/yoast.com\/product\/yoast-seo-wordpress\/ -->\n<title>\u201cDe um lim\u00e3o, uma limonada\u201d: teutoniense detalha suas experi\u00eancias com a nevasca no Chile - Folha Popular<\/title>\n<meta name=\"robots\" content=\"index, follow, max-snippet:-1, max-image-preview:large, max-video-preview:-1\" \/>\n<link rel=\"canonical\" href=\"https:\/\/folhapopular.info\/index.php\/2022\/07\/30\/de-um-limao-uma-limonada-teutoniense-detalha-suas-experiencias-com-a-nevasca-no-chile\/\" \/>\n<meta property=\"og:locale\" content=\"pt_BR\" \/>\n<meta property=\"og:type\" content=\"article\" \/>\n<meta property=\"og:title\" content=\"\u201cDe um lim\u00e3o, uma limonada\u201d: teutoniense detalha suas experi\u00eancias com a nevasca no Chile - Folha Popular\" \/>\n<meta property=\"og:description\" content=\"O que \u00e9 necess\u00e1rio para viajar? Tudo come\u00e7a por uma escolha. Para onde ir? Ap\u00f3s responder esta quest\u00e3o, surgem outras escolhas. Em qual \u00e9poca? Quais s\u00e3o as atra\u00e7\u00f5es tur\u00edsticas do local? Quanto dinheiro e tempo \u00e9 necess\u00e1rio investir? Independente das perguntas e respostas, toda viagem envolve um planejamento. Quando algo que planejamos n\u00e3o sai como [&hellip;]\" \/>\n<meta property=\"og:url\" content=\"https:\/\/folhapopular.info\/index.php\/2022\/07\/30\/de-um-limao-uma-limonada-teutoniense-detalha-suas-experiencias-com-a-nevasca-no-chile\/\" \/>\n<meta property=\"og:site_name\" content=\"Folha Popular\" \/>\n<meta property=\"article:published_time\" content=\"2022-07-30T11:50:58+00:00\" \/>\n<meta property=\"article:modified_time\" content=\"2024-08-21T19:05:59+00:00\" \/>\n<meta property=\"og:image\" content=\"http:\/\/folhapopular.info\/wp-content\/uploads\/2022\/07\/FOTO-1-e1659181655532.jpeg\" \/>\n\t<meta property=\"og:image:width\" content=\"1100\" \/>\n\t<meta property=\"og:image:height\" content=\"1205\" \/>\n\t<meta property=\"og:image:type\" content=\"image\/jpeg\" \/>\n<meta name=\"author\" content=\"Paola Possenatto\" \/>\n<meta name=\"twitter:card\" content=\"summary_large_image\" \/>\n<meta name=\"twitter:label1\" content=\"Escrito por\" \/>\n\t<meta name=\"twitter:data1\" content=\"Paola Possenatto\" \/>\n\t<meta name=\"twitter:label2\" content=\"Est. tempo de leitura\" \/>\n\t<meta name=\"twitter:data2\" content=\"6 minutos\" \/>\n<script type=\"application\/ld+json\" class=\"yoast-schema-graph\">{\"@context\":\"https:\\\/\\\/schema.org\",\"@graph\":[{\"@type\":\"Article\",\"@id\":\"https:\\\/\\\/folhapopular.info\\\/index.php\\\/2022\\\/07\\\/30\\\/de-um-limao-uma-limonada-teutoniense-detalha-suas-experiencias-com-a-nevasca-no-chile\\\/#article\",\"isPartOf\":{\"@id\":\"https:\\\/\\\/folhapopular.info\\\/index.php\\\/2022\\\/07\\\/30\\\/de-um-limao-uma-limonada-teutoniense-detalha-suas-experiencias-com-a-nevasca-no-chile\\\/\"},\"author\":{\"name\":\"Paola Possenatto\",\"@id\":\"https:\\\/\\\/folhapopular.info\\\/#\\\/schema\\\/person\\\/f2ac82704a75570d89d5485d2cfcec59\"},\"headline\":\"\u201cDe um lim\u00e3o, uma limonada\u201d: teutoniense detalha suas experi\u00eancias com a nevasca no Chile\",\"datePublished\":\"2022-07-30T11:50:58+00:00\",\"dateModified\":\"2024-08-21T19:05:59+00:00\",\"mainEntityOfPage\":{\"@id\":\"https:\\\/\\\/folhapopular.info\\\/index.php\\\/2022\\\/07\\\/30\\\/de-um-limao-uma-limonada-teutoniense-detalha-suas-experiencias-com-a-nevasca-no-chile\\\/\"},\"wordCount\":921,\"commentCount\":0,\"image\":{\"@id\":\"https:\\\/\\\/folhapopular.info\\\/index.php\\\/2022\\\/07\\\/30\\\/de-um-limao-uma-limonada-teutoniense-detalha-suas-experiencias-com-a-nevasca-no-chile\\\/#primaryimage\"},\"thumbnailUrl\":\"https:\\\/\\\/folhapopular.info\\\/wp-content\\\/uploads\\\/2022\\\/07\\\/FOTO-1-e1659181655532.jpeg\",\"keywords\":[\"Chile\",\"Experi\u00eancias\",\"Nevasca\",\"Teut\u00f4nia\"],\"articleSection\":[\"Destaques\",\"Geral\"],\"inLanguage\":\"pt-BR\",\"potentialAction\":[{\"@type\":\"CommentAction\",\"name\":\"Comment\",\"target\":[\"https:\\\/\\\/folhapopular.info\\\/index.php\\\/2022\\\/07\\\/30\\\/de-um-limao-uma-limonada-teutoniense-detalha-suas-experiencias-com-a-nevasca-no-chile\\\/#respond\"]}]},{\"@type\":\"WebPage\",\"@id\":\"https:\\\/\\\/folhapopular.info\\\/index.php\\\/2022\\\/07\\\/30\\\/de-um-limao-uma-limonada-teutoniense-detalha-suas-experiencias-com-a-nevasca-no-chile\\\/\",\"url\":\"https:\\\/\\\/folhapopular.info\\\/index.php\\\/2022\\\/07\\\/30\\\/de-um-limao-uma-limonada-teutoniense-detalha-suas-experiencias-com-a-nevasca-no-chile\\\/\",\"name\":\"\u201cDe um lim\u00e3o, uma limonada\u201d: teutoniense detalha suas experi\u00eancias com a nevasca no Chile - Folha Popular\",\"isPartOf\":{\"@id\":\"https:\\\/\\\/folhapopular.info\\\/#website\"},\"primaryImageOfPage\":{\"@id\":\"https:\\\/\\\/folhapopular.info\\\/index.php\\\/2022\\\/07\\\/30\\\/de-um-limao-uma-limonada-teutoniense-detalha-suas-experiencias-com-a-nevasca-no-chile\\\/#primaryimage\"},\"image\":{\"@id\":\"https:\\\/\\\/folhapopular.info\\\/index.php\\\/2022\\\/07\\\/30\\\/de-um-limao-uma-limonada-teutoniense-detalha-suas-experiencias-com-a-nevasca-no-chile\\\/#primaryimage\"},\"thumbnailUrl\":\"https:\\\/\\\/folhapopular.info\\\/wp-content\\\/uploads\\\/2022\\\/07\\\/FOTO-1-e1659181655532.jpeg\",\"datePublished\":\"2022-07-30T11:50:58+00:00\",\"dateModified\":\"2024-08-21T19:05:59+00:00\",\"author\":{\"@id\":\"https:\\\/\\\/folhapopular.info\\\/#\\\/schema\\\/person\\\/f2ac82704a75570d89d5485d2cfcec59\"},\"breadcrumb\":{\"@id\":\"https:\\\/\\\/folhapopular.info\\\/index.php\\\/2022\\\/07\\\/30\\\/de-um-limao-uma-limonada-teutoniense-detalha-suas-experiencias-com-a-nevasca-no-chile\\\/#breadcrumb\"},\"inLanguage\":\"pt-BR\",\"potentialAction\":[{\"@type\":\"ReadAction\",\"target\":[\"https:\\\/\\\/folhapopular.info\\\/index.php\\\/2022\\\/07\\\/30\\\/de-um-limao-uma-limonada-teutoniense-detalha-suas-experiencias-com-a-nevasca-no-chile\\\/\"]}]},{\"@type\":\"ImageObject\",\"inLanguage\":\"pt-BR\",\"@id\":\"https:\\\/\\\/folhapopular.info\\\/index.php\\\/2022\\\/07\\\/30\\\/de-um-limao-uma-limonada-teutoniense-detalha-suas-experiencias-com-a-nevasca-no-chile\\\/#primaryimage\",\"url\":\"https:\\\/\\\/folhapopular.info\\\/wp-content\\\/uploads\\\/2022\\\/07\\\/FOTO-1-e1659181655532.jpeg\",\"contentUrl\":\"https:\\\/\\\/folhapopular.info\\\/wp-content\\\/uploads\\\/2022\\\/07\\\/FOTO-1-e1659181655532.jpeg\",\"width\":1100,\"height\":1205,\"caption\":\"Em um primeiro momento, a presen\u00e7a da neve foi comemorada pelo grupo. L\u00edria declara que integrantes abriram um espumante para celebrar o fato \\\/ Cr\u00e9dito: Divulga\u00e7\u00e3o\"},{\"@type\":\"BreadcrumbList\",\"@id\":\"https:\\\/\\\/folhapopular.info\\\/index.php\\\/2022\\\/07\\\/30\\\/de-um-limao-uma-limonada-teutoniense-detalha-suas-experiencias-com-a-nevasca-no-chile\\\/#breadcrumb\",\"itemListElement\":[{\"@type\":\"ListItem\",\"position\":1,\"name\":\"In\u00edcio\",\"item\":\"https:\\\/\\\/folhapopular.info\\\/\"},{\"@type\":\"ListItem\",\"position\":2,\"name\":\"\u201cDe um lim\u00e3o, uma limonada\u201d: teutoniense detalha suas experi\u00eancias com a nevasca no Chile\"}]},{\"@type\":\"WebSite\",\"@id\":\"https:\\\/\\\/folhapopular.info\\\/#website\",\"url\":\"https:\\\/\\\/folhapopular.info\\\/\",\"name\":\"Folha Popular\",\"description\":\"Onde voc\u00ea tem vez e voz\",\"potentialAction\":[{\"@type\":\"SearchAction\",\"target\":{\"@type\":\"EntryPoint\",\"urlTemplate\":\"https:\\\/\\\/folhapopular.info\\\/?s={search_term_string}\"},\"query-input\":{\"@type\":\"PropertyValueSpecification\",\"valueRequired\":true,\"valueName\":\"search_term_string\"}}],\"inLanguage\":\"pt-BR\"},{\"@type\":\"Person\",\"@id\":\"https:\\\/\\\/folhapopular.info\\\/#\\\/schema\\\/person\\\/f2ac82704a75570d89d5485d2cfcec59\",\"name\":\"Paola Possenatto\",\"image\":{\"@type\":\"ImageObject\",\"inLanguage\":\"pt-BR\",\"@id\":\"https:\\\/\\\/secure.gravatar.com\\\/avatar\\\/3f60b3eadf49ab9644afd71b75144f14b76c73fe8f99223954f5410dcd6a8a6f?s=96&d=mm&r=g\",\"url\":\"https:\\\/\\\/secure.gravatar.com\\\/avatar\\\/3f60b3eadf49ab9644afd71b75144f14b76c73fe8f99223954f5410dcd6a8a6f?s=96&d=mm&r=g\",\"contentUrl\":\"https:\\\/\\\/secure.gravatar.com\\\/avatar\\\/3f60b3eadf49ab9644afd71b75144f14b76c73fe8f99223954f5410dcd6a8a6f?s=96&d=mm&r=g\",\"caption\":\"Paola Possenatto\"},\"url\":\"https:\\\/\\\/folhapopular.info\\\/index.php\\\/author\\\/paola-possenattouniverso-univates-br\\\/\"}]}<\/script>\n<!-- \/ Yoast SEO plugin. -->","yoast_head_json":{"title":"\u201cDe um lim\u00e3o, uma limonada\u201d: teutoniense detalha suas experi\u00eancias com a nevasca no Chile - Folha Popular","robots":{"index":"index","follow":"follow","max-snippet":"max-snippet:-1","max-image-preview":"max-image-preview:large","max-video-preview":"max-video-preview:-1"},"canonical":"https:\/\/folhapopular.info\/index.php\/2022\/07\/30\/de-um-limao-uma-limonada-teutoniense-detalha-suas-experiencias-com-a-nevasca-no-chile\/","og_locale":"pt_BR","og_type":"article","og_title":"\u201cDe um lim\u00e3o, uma limonada\u201d: teutoniense detalha suas experi\u00eancias com a nevasca no Chile - Folha Popular","og_description":"O que \u00e9 necess\u00e1rio para viajar? Tudo come\u00e7a por uma escolha. Para onde ir? Ap\u00f3s responder esta quest\u00e3o, surgem outras escolhas. Em qual \u00e9poca? Quais s\u00e3o as atra\u00e7\u00f5es tur\u00edsticas do local? Quanto dinheiro e tempo \u00e9 necess\u00e1rio investir? Independente das perguntas e respostas, toda viagem envolve um planejamento. Quando algo que planejamos n\u00e3o sai como [&hellip;]","og_url":"https:\/\/folhapopular.info\/index.php\/2022\/07\/30\/de-um-limao-uma-limonada-teutoniense-detalha-suas-experiencias-com-a-nevasca-no-chile\/","og_site_name":"Folha Popular","article_published_time":"2022-07-30T11:50:58+00:00","article_modified_time":"2024-08-21T19:05:59+00:00","og_image":[{"width":1100,"height":1205,"url":"http:\/\/folhapopular.info\/wp-content\/uploads\/2022\/07\/FOTO-1-e1659181655532.jpeg","type":"image\/jpeg"}],"author":"Paola Possenatto","twitter_card":"summary_large_image","twitter_misc":{"Escrito por":"Paola Possenatto","Est. tempo de leitura":"6 minutos"},"schema":{"@context":"https:\/\/schema.org","@graph":[{"@type":"Article","@id":"https:\/\/folhapopular.info\/index.php\/2022\/07\/30\/de-um-limao-uma-limonada-teutoniense-detalha-suas-experiencias-com-a-nevasca-no-chile\/#article","isPartOf":{"@id":"https:\/\/folhapopular.info\/index.php\/2022\/07\/30\/de-um-limao-uma-limonada-teutoniense-detalha-suas-experiencias-com-a-nevasca-no-chile\/"},"author":{"name":"Paola Possenatto","@id":"https:\/\/folhapopular.info\/#\/schema\/person\/f2ac82704a75570d89d5485d2cfcec59"},"headline":"\u201cDe um lim\u00e3o, uma limonada\u201d: teutoniense detalha suas experi\u00eancias com a nevasca no Chile","datePublished":"2022-07-30T11:50:58+00:00","dateModified":"2024-08-21T19:05:59+00:00","mainEntityOfPage":{"@id":"https:\/\/folhapopular.info\/index.php\/2022\/07\/30\/de-um-limao-uma-limonada-teutoniense-detalha-suas-experiencias-com-a-nevasca-no-chile\/"},"wordCount":921,"commentCount":0,"image":{"@id":"https:\/\/folhapopular.info\/index.php\/2022\/07\/30\/de-um-limao-uma-limonada-teutoniense-detalha-suas-experiencias-com-a-nevasca-no-chile\/#primaryimage"},"thumbnailUrl":"https:\/\/folhapopular.info\/wp-content\/uploads\/2022\/07\/FOTO-1-e1659181655532.jpeg","keywords":["Chile","Experi\u00eancias","Nevasca","Teut\u00f4nia"],"articleSection":["Destaques","Geral"],"inLanguage":"pt-BR","potentialAction":[{"@type":"CommentAction","name":"Comment","target":["https:\/\/folhapopular.info\/index.php\/2022\/07\/30\/de-um-limao-uma-limonada-teutoniense-detalha-suas-experiencias-com-a-nevasca-no-chile\/#respond"]}]},{"@type":"WebPage","@id":"https:\/\/folhapopular.info\/index.php\/2022\/07\/30\/de-um-limao-uma-limonada-teutoniense-detalha-suas-experiencias-com-a-nevasca-no-chile\/","url":"https:\/\/folhapopular.info\/index.php\/2022\/07\/30\/de-um-limao-uma-limonada-teutoniense-detalha-suas-experiencias-com-a-nevasca-no-chile\/","name":"\u201cDe um lim\u00e3o, uma limonada\u201d: teutoniense detalha suas experi\u00eancias com a nevasca no Chile - Folha Popular","isPartOf":{"@id":"https:\/\/folhapopular.info\/#website"},"primaryImageOfPage":{"@id":"https:\/\/folhapopular.info\/index.php\/2022\/07\/30\/de-um-limao-uma-limonada-teutoniense-detalha-suas-experiencias-com-a-nevasca-no-chile\/#primaryimage"},"image":{"@id":"https:\/\/folhapopular.info\/index.php\/2022\/07\/30\/de-um-limao-uma-limonada-teutoniense-detalha-suas-experiencias-com-a-nevasca-no-chile\/#primaryimage"},"thumbnailUrl":"https:\/\/folhapopular.info\/wp-content\/uploads\/2022\/07\/FOTO-1-e1659181655532.jpeg","datePublished":"2022-07-30T11:50:58+00:00","dateModified":"2024-08-21T19:05:59+00:00","author":{"@id":"https:\/\/folhapopular.info\/#\/schema\/person\/f2ac82704a75570d89d5485d2cfcec59"},"breadcrumb":{"@id":"https:\/\/folhapopular.info\/index.php\/2022\/07\/30\/de-um-limao-uma-limonada-teutoniense-detalha-suas-experiencias-com-a-nevasca-no-chile\/#breadcrumb"},"inLanguage":"pt-BR","potentialAction":[{"@type":"ReadAction","target":["https:\/\/folhapopular.info\/index.php\/2022\/07\/30\/de-um-limao-uma-limonada-teutoniense-detalha-suas-experiencias-com-a-nevasca-no-chile\/"]}]},{"@type":"ImageObject","inLanguage":"pt-BR","@id":"https:\/\/folhapopular.info\/index.php\/2022\/07\/30\/de-um-limao-uma-limonada-teutoniense-detalha-suas-experiencias-com-a-nevasca-no-chile\/#primaryimage","url":"https:\/\/folhapopular.info\/wp-content\/uploads\/2022\/07\/FOTO-1-e1659181655532.jpeg","contentUrl":"https:\/\/folhapopular.info\/wp-content\/uploads\/2022\/07\/FOTO-1-e1659181655532.jpeg","width":1100,"height":1205,"caption":"Em um primeiro momento, a presen\u00e7a da neve foi comemorada pelo grupo. L\u00edria declara que integrantes abriram um espumante para celebrar o fato \/ Cr\u00e9dito: Divulga\u00e7\u00e3o"},{"@type":"BreadcrumbList","@id":"https:\/\/folhapopular.info\/index.php\/2022\/07\/30\/de-um-limao-uma-limonada-teutoniense-detalha-suas-experiencias-com-a-nevasca-no-chile\/#breadcrumb","itemListElement":[{"@type":"ListItem","position":1,"name":"In\u00edcio","item":"https:\/\/folhapopular.info\/"},{"@type":"ListItem","position":2,"name":"\u201cDe um lim\u00e3o, uma limonada\u201d: teutoniense detalha suas experi\u00eancias com a nevasca no Chile"}]},{"@type":"WebSite","@id":"https:\/\/folhapopular.info\/#website","url":"https:\/\/folhapopular.info\/","name":"Folha Popular","description":"Onde voc\u00ea tem vez e voz","potentialAction":[{"@type":"SearchAction","target":{"@type":"EntryPoint","urlTemplate":"https:\/\/folhapopular.info\/?s={search_term_string}"},"query-input":{"@type":"PropertyValueSpecification","valueRequired":true,"valueName":"search_term_string"}}],"inLanguage":"pt-BR"},{"@type":"Person","@id":"https:\/\/folhapopular.info\/#\/schema\/person\/f2ac82704a75570d89d5485d2cfcec59","name":"Paola Possenatto","image":{"@type":"ImageObject","inLanguage":"pt-BR","@id":"https:\/\/secure.gravatar.com\/avatar\/3f60b3eadf49ab9644afd71b75144f14b76c73fe8f99223954f5410dcd6a8a6f?s=96&d=mm&r=g","url":"https:\/\/secure.gravatar.com\/avatar\/3f60b3eadf49ab9644afd71b75144f14b76c73fe8f99223954f5410dcd6a8a6f?s=96&d=mm&r=g","contentUrl":"https:\/\/secure.gravatar.com\/avatar\/3f60b3eadf49ab9644afd71b75144f14b76c73fe8f99223954f5410dcd6a8a6f?s=96&d=mm&r=g","caption":"Paola Possenatto"},"url":"https:\/\/folhapopular.info\/index.php\/author\/paola-possenattouniverso-univates-br\/"}]}},"jetpack_featured_media_url":"https:\/\/folhapopular.info\/wp-content\/uploads\/2022\/07\/FOTO-1-e1659181655532.jpeg","jetpack_sharing_enabled":true,"amp_enabled":true,"_links":{"self":[{"href":"https:\/\/folhapopular.info\/index.php\/wp-json\/wp\/v2\/posts\/109661","targetHints":{"allow":["GET"]}}],"collection":[{"href":"https:\/\/folhapopular.info\/index.php\/wp-json\/wp\/v2\/posts"}],"about":[{"href":"https:\/\/folhapopular.info\/index.php\/wp-json\/wp\/v2\/types\/post"}],"author":[{"embeddable":true,"href":"https:\/\/folhapopular.info\/index.php\/wp-json\/wp\/v2\/users\/619"}],"replies":[{"embeddable":true,"href":"https:\/\/folhapopular.info\/index.php\/wp-json\/wp\/v2\/comments?post=109661"}],"version-history":[{"count":0,"href":"https:\/\/folhapopular.info\/index.php\/wp-json\/wp\/v2\/posts\/109661\/revisions"}],"wp:featuredmedia":[{"embeddable":true,"href":"https:\/\/folhapopular.info\/index.php\/wp-json\/wp\/v2\/media\/109665"}],"wp:attachment":[{"href":"https:\/\/folhapopular.info\/index.php\/wp-json\/wp\/v2\/media?parent=109661"}],"wp:term":[{"taxonomy":"category","embeddable":true,"href":"https:\/\/folhapopular.info\/index.php\/wp-json\/wp\/v2\/categories?post=109661"},{"taxonomy":"post_tag","embeddable":true,"href":"https:\/\/folhapopular.info\/index.php\/wp-json\/wp\/v2\/tags?post=109661"}],"curies":[{"name":"wp","href":"https:\/\/api.w.org\/{rel}","templated":true}]}}