{"id":109781,"date":"2022-08-01T10:44:05","date_gmt":"2022-08-01T13:44:05","guid":{"rendered":"https:\/\/folhapopular.info\/?p=109781"},"modified":"2022-08-01T10:44:10","modified_gmt":"2022-08-01T13:44:10","slug":"poco-das-antas-elege-prioridades-da-ldo-2023","status":"publish","type":"post","link":"https:\/\/folhapopular.info\/index.php\/2022\/08\/01\/poco-das-antas-elege-prioridades-da-ldo-2023\/","title":{"rendered":"Po\u00e7o das Antas elege prioridades da LDO 2023"},"content":{"rendered":"\n<p>Os projetos priorit\u00e1rios para o or\u00e7amento do pr\u00f3ximo ano em Po\u00e7o das Antas foram escolhidos em audi\u00eancia p\u00fablica no dia 22 de julho. As metas eleitas v\u00e3o compor o projeto da Lei de Diretrizes e Or\u00e7amento para o Exerc\u00edcio de 2023. A audi\u00eancia ocorreu no audit\u00f3rio da Prefeitura Municipal.<\/p>\n\n\n\n<p>Na oportunidade, a contadora Marelisa Neumann explicou sobre o que representa a Lei de Diretrizes Or\u00e7ament\u00e1rias (LDO) e a Lei Or\u00e7ament\u00e1ria Anual (LOA).<\/p>\n\n\n\n<p>A audi\u00eancia contemplou 31 projetos que foram elencados nas reuni\u00f5es do Plano Plurianual (PPA), promovidas nas comunidades em 2021. Nessas reuni\u00f5es, os mun\u00edcipes sugeriram as pautas de maior prioridade, em rela\u00e7\u00e3o a melhorias e obras, a serem executadas em suas respectivas localidades durante os anos de vig\u00eancia da atual gest\u00e3o.<\/p>\n\n\n\n<p>Os projetos j\u00e1 executados, ou em tramita\u00e7\u00e3o, foram apresentados pelo secret\u00e1rio de Administra\u00e7\u00e3o, Ind\u00fastria e Com\u00e9rcio, Jair Ant\u00f4nio Schneider. Al\u00e9m desses, os 31 projetos que integraram a c\u00e9dula tamb\u00e9m foram relacionados.<\/p>\n\n\n\n<p>A partir dessas pautas, foram eleitos os projetos que ser\u00e3o priorit\u00e1rios no or\u00e7amento do pr\u00f3ximo ano. Este deve, necessariamente, obedecer alguns crit\u00e9rios financeiros no \u00e2mbito geral: dar prioridade \u00e0s despesas com manuten\u00e7\u00e3o dos servi\u00e7os p\u00fablicos, como sa\u00fade, educa\u00e7\u00e3o e assist\u00eancia social, assim como \u00e0 manuten\u00e7\u00e3o do patrim\u00f4nio p\u00fablico e \u00e0s obras e projetos em andamento sobre qualquer projeto novo.<\/p>\n\n\n\n<p>A elei\u00e7\u00e3o das metas para 2023 ocorreu por meio do voto dos mun\u00edcipes presentes, que receberam uma c\u00e9dula com os 31 projetos, tendo de apontar, cada um, tr\u00eas de sua prefer\u00eancia. Houve empate no primeiro lugar entre a pavimenta\u00e7\u00e3o da Rua H\u00e9dio Louren\u00e7o Dilli at\u00e9 a ponte e a pavimenta\u00e7\u00e3o da Estrada Geral de Boa Vista (Rua 10 de novembro).<\/p>\n\n\n\n<p><strong>Prioridades eleitas<\/strong><\/p>\n\n\n\n<p>1\u00ba &#8211; Pavimenta\u00e7\u00e3o da Rua H\u00e9dio Louren\u00e7o Dilli at\u00e9 a ponte: 11 votos<\/p>\n\n\n\n<p>1\u00ba &#8211; Pavimenta\u00e7\u00e3o da Estrada Geral de Boa Vista (Rua 10 de novembro): 11 votos<\/p>\n\n\n\n<p>3\u00ba &#8211; Viabilizar telefonia m\u00f3vel para Boa Vista: 8 votos<\/p>\n\n\n\n<p>4\u00ba &#8211; Reforma do antigo Hospital 25 de Julho para um Lar de Idosos: 7 votos<\/p>\n\n\n\n<p>5\u00ba &#8211; Caminh\u00f3dromo\/ciclovia ao longo da Rua H\u00e9dio Louren\u00e7o Dilli, desde o Centro: 6 votos<\/p>\n\n\n\n<p>5\u00ba &#8211; Alargamento da ponte do arroio Boa Vista Rua Vanir Schneider: 6 votos<\/p>\n","protected":false},"excerpt":{"rendered":"<p>Os projetos priorit\u00e1rios para o or\u00e7amento do pr\u00f3ximo ano em Po\u00e7o das Antas foram escolhidos em audi\u00eancia p\u00fablica no dia 22 de julho. As metas eleitas v\u00e3o compor o projeto da Lei de Diretrizes e Or\u00e7amento para o Exerc\u00edcio de 2023. A audi\u00eancia ocorreu no audit\u00f3rio da Prefeitura Municipal. Na oportunidade, a contadora Marelisa Neumann [&hellip;]<\/p>\n","protected":false},"author":8,"featured_media":109782,"comment_status":"open","ping_status":"open","sticky":false,"template":"","format":"standard","meta":{"pmpro_default_level":"","_jetpack_memberships_contains_paid_content":false,"footnotes":""},"categories":[2,3],"tags":[],"class_list":{"0":"post-109781","1":"post","2":"type-post","3":"status-publish","4":"format-standard","5":"has-post-thumbnail","7":"category-featured","8":"category-geral","9":"pmpro-has-access"},"yoast_head":"<!-- This site is optimized with the Yoast SEO plugin v27.5 - https:\/\/yoast.com\/product\/yoast-seo-wordpress\/ -->\n<title>Po\u00e7o das Antas elege prioridades da LDO 2023 - Folha Popular<\/title>\n<meta name=\"robots\" content=\"index, follow, max-snippet:-1, max-image-preview:large, max-video-preview:-1\" \/>\n<link rel=\"canonical\" href=\"https:\/\/folhapopular.info\/index.php\/2022\/08\/01\/poco-das-antas-elege-prioridades-da-ldo-2023\/\" \/>\n<meta property=\"og:locale\" content=\"pt_BR\" \/>\n<meta property=\"og:type\" content=\"article\" \/>\n<meta property=\"og:title\" content=\"Po\u00e7o das Antas elege prioridades da LDO 2023 - Folha Popular\" \/>\n<meta property=\"og:description\" content=\"Os projetos priorit\u00e1rios para o or\u00e7amento do pr\u00f3ximo ano em Po\u00e7o das Antas foram escolhidos em audi\u00eancia p\u00fablica no dia 22 de julho. As metas eleitas v\u00e3o compor o projeto da Lei de Diretrizes e Or\u00e7amento para o Exerc\u00edcio de 2023. A audi\u00eancia ocorreu no audit\u00f3rio da Prefeitura Municipal. Na oportunidade, a contadora Marelisa Neumann [&hellip;]\" \/>\n<meta property=\"og:url\" content=\"https:\/\/folhapopular.info\/index.php\/2022\/08\/01\/poco-das-antas-elege-prioridades-da-ldo-2023\/\" \/>\n<meta property=\"og:site_name\" content=\"Folha Popular\" \/>\n<meta property=\"article:published_time\" content=\"2022-08-01T13:44:05+00:00\" \/>\n<meta property=\"article:modified_time\" content=\"2022-08-01T13:44:10+00:00\" \/>\n<meta property=\"og:image\" content=\"http:\/\/folhapopular.info\/wp-content\/uploads\/2022\/08\/Centro-de-Poco-das-Antas_Divulgacao-Prefeitura-1-scaled-e1652289379342.jpg\" \/>\n\t<meta property=\"og:image:width\" content=\"800\" \/>\n\t<meta property=\"og:image:height\" content=\"600\" \/>\n\t<meta property=\"og:image:type\" content=\"image\/jpeg\" \/>\n<meta name=\"author\" content=\"Reda\u00e7\u00e3o Folha Popular\" \/>\n<meta name=\"twitter:card\" content=\"summary_large_image\" \/>\n<meta name=\"twitter:label1\" content=\"Escrito por\" \/>\n\t<meta name=\"twitter:data1\" content=\"Reda\u00e7\u00e3o Folha Popular\" \/>\n\t<meta name=\"twitter:label2\" content=\"Est. tempo de leitura\" \/>\n\t<meta name=\"twitter:data2\" content=\"2 minutos\" \/>\n<script type=\"application\/ld+json\" class=\"yoast-schema-graph\">{\"@context\":\"https:\\\/\\\/schema.org\",\"@graph\":[{\"@type\":\"Article\",\"@id\":\"https:\\\/\\\/folhapopular.info\\\/index.php\\\/2022\\\/08\\\/01\\\/poco-das-antas-elege-prioridades-da-ldo-2023\\\/#article\",\"isPartOf\":{\"@id\":\"https:\\\/\\\/folhapopular.info\\\/index.php\\\/2022\\\/08\\\/01\\\/poco-das-antas-elege-prioridades-da-ldo-2023\\\/\"},\"author\":{\"name\":\"Reda\u00e7\u00e3o Folha Popular\",\"@id\":\"https:\\\/\\\/folhapopular.info\\\/#\\\/schema\\\/person\\\/2814e8a0df7643585a9ca38bc6eb9d4b\"},\"headline\":\"Po\u00e7o das Antas elege prioridades da LDO 2023\",\"datePublished\":\"2022-08-01T13:44:05+00:00\",\"dateModified\":\"2022-08-01T13:44:10+00:00\",\"mainEntityOfPage\":{\"@id\":\"https:\\\/\\\/folhapopular.info\\\/index.php\\\/2022\\\/08\\\/01\\\/poco-das-antas-elege-prioridades-da-ldo-2023\\\/\"},\"wordCount\":405,\"commentCount\":0,\"image\":{\"@id\":\"https:\\\/\\\/folhapopular.info\\\/index.php\\\/2022\\\/08\\\/01\\\/poco-das-antas-elege-prioridades-da-ldo-2023\\\/#primaryimage\"},\"thumbnailUrl\":\"https:\\\/\\\/folhapopular.info\\\/wp-content\\\/uploads\\\/2022\\\/08\\\/Centro-de-Poco-das-Antas_Divulgacao-Prefeitura-1-scaled-e1652289379342.jpg\",\"articleSection\":[\"Destaques\",\"Geral\"],\"inLanguage\":\"pt-BR\",\"potentialAction\":[{\"@type\":\"CommentAction\",\"name\":\"Comment\",\"target\":[\"https:\\\/\\\/folhapopular.info\\\/index.php\\\/2022\\\/08\\\/01\\\/poco-das-antas-elege-prioridades-da-ldo-2023\\\/#respond\"]}]},{\"@type\":\"WebPage\",\"@id\":\"https:\\\/\\\/folhapopular.info\\\/index.php\\\/2022\\\/08\\\/01\\\/poco-das-antas-elege-prioridades-da-ldo-2023\\\/\",\"url\":\"https:\\\/\\\/folhapopular.info\\\/index.php\\\/2022\\\/08\\\/01\\\/poco-das-antas-elege-prioridades-da-ldo-2023\\\/\",\"name\":\"Po\u00e7o das Antas elege prioridades da LDO 2023 - Folha Popular\",\"isPartOf\":{\"@id\":\"https:\\\/\\\/folhapopular.info\\\/#website\"},\"primaryImageOfPage\":{\"@id\":\"https:\\\/\\\/folhapopular.info\\\/index.php\\\/2022\\\/08\\\/01\\\/poco-das-antas-elege-prioridades-da-ldo-2023\\\/#primaryimage\"},\"image\":{\"@id\":\"https:\\\/\\\/folhapopular.info\\\/index.php\\\/2022\\\/08\\\/01\\\/poco-das-antas-elege-prioridades-da-ldo-2023\\\/#primaryimage\"},\"thumbnailUrl\":\"https:\\\/\\\/folhapopular.info\\\/wp-content\\\/uploads\\\/2022\\\/08\\\/Centro-de-Poco-das-Antas_Divulgacao-Prefeitura-1-scaled-e1652289379342.jpg\",\"datePublished\":\"2022-08-01T13:44:05+00:00\",\"dateModified\":\"2022-08-01T13:44:10+00:00\",\"author\":{\"@id\":\"https:\\\/\\\/folhapopular.info\\\/#\\\/schema\\\/person\\\/2814e8a0df7643585a9ca38bc6eb9d4b\"},\"breadcrumb\":{\"@id\":\"https:\\\/\\\/folhapopular.info\\\/index.php\\\/2022\\\/08\\\/01\\\/poco-das-antas-elege-prioridades-da-ldo-2023\\\/#breadcrumb\"},\"inLanguage\":\"pt-BR\",\"potentialAction\":[{\"@type\":\"ReadAction\",\"target\":[\"https:\\\/\\\/folhapopular.info\\\/index.php\\\/2022\\\/08\\\/01\\\/poco-das-antas-elege-prioridades-da-ldo-2023\\\/\"]}]},{\"@type\":\"ImageObject\",\"inLanguage\":\"pt-BR\",\"@id\":\"https:\\\/\\\/folhapopular.info\\\/index.php\\\/2022\\\/08\\\/01\\\/poco-das-antas-elege-prioridades-da-ldo-2023\\\/#primaryimage\",\"url\":\"https:\\\/\\\/folhapopular.info\\\/wp-content\\\/uploads\\\/2022\\\/08\\\/Centro-de-Poco-das-Antas_Divulgacao-Prefeitura-1-scaled-e1652289379342.jpg\",\"contentUrl\":\"https:\\\/\\\/folhapopular.info\\\/wp-content\\\/uploads\\\/2022\\\/08\\\/Centro-de-Poco-das-Antas_Divulgacao-Prefeitura-1-scaled-e1652289379342.jpg\",\"width\":800,\"height\":600},{\"@type\":\"BreadcrumbList\",\"@id\":\"https:\\\/\\\/folhapopular.info\\\/index.php\\\/2022\\\/08\\\/01\\\/poco-das-antas-elege-prioridades-da-ldo-2023\\\/#breadcrumb\",\"itemListElement\":[{\"@type\":\"ListItem\",\"position\":1,\"name\":\"In\u00edcio\",\"item\":\"https:\\\/\\\/folhapopular.info\\\/\"},{\"@type\":\"ListItem\",\"position\":2,\"name\":\"Po\u00e7o das Antas elege prioridades da LDO 2023\"}]},{\"@type\":\"WebSite\",\"@id\":\"https:\\\/\\\/folhapopular.info\\\/#website\",\"url\":\"https:\\\/\\\/folhapopular.info\\\/\",\"name\":\"Folha Popular\",\"description\":\"Onde voc\u00ea tem vez e voz\",\"potentialAction\":[{\"@type\":\"SearchAction\",\"target\":{\"@type\":\"EntryPoint\",\"urlTemplate\":\"https:\\\/\\\/folhapopular.info\\\/?s={search_term_string}\"},\"query-input\":{\"@type\":\"PropertyValueSpecification\",\"valueRequired\":true,\"valueName\":\"search_term_string\"}}],\"inLanguage\":\"pt-BR\"},{\"@type\":\"Person\",\"@id\":\"https:\\\/\\\/folhapopular.info\\\/#\\\/schema\\\/person\\\/2814e8a0df7643585a9ca38bc6eb9d4b\",\"name\":\"Reda\u00e7\u00e3o Folha Popular\",\"image\":{\"@type\":\"ImageObject\",\"inLanguage\":\"pt-BR\",\"@id\":\"https:\\\/\\\/folhapopular.info\\\/wp-content\\\/uploads\\\/2026\\\/04\\\/Folha-1.webp\",\"url\":\"https:\\\/\\\/folhapopular.info\\\/wp-content\\\/uploads\\\/2026\\\/04\\\/Folha-1.webp\",\"contentUrl\":\"https:\\\/\\\/folhapopular.info\\\/wp-content\\\/uploads\\\/2026\\\/04\\\/Folha-1.webp\",\"caption\":\"Reda\u00e7\u00e3o Folha Popular\"},\"url\":\"https:\\\/\\\/folhapopular.info\\\/index.php\\\/author\\\/redacao\\\/\"}]}<\/script>\n<!-- \/ Yoast SEO plugin. -->","yoast_head_json":{"title":"Po\u00e7o das Antas elege prioridades da LDO 2023 - Folha Popular","robots":{"index":"index","follow":"follow","max-snippet":"max-snippet:-1","max-image-preview":"max-image-preview:large","max-video-preview":"max-video-preview:-1"},"canonical":"https:\/\/folhapopular.info\/index.php\/2022\/08\/01\/poco-das-antas-elege-prioridades-da-ldo-2023\/","og_locale":"pt_BR","og_type":"article","og_title":"Po\u00e7o das Antas elege prioridades da LDO 2023 - Folha Popular","og_description":"Os projetos priorit\u00e1rios para o or\u00e7amento do pr\u00f3ximo ano em Po\u00e7o das Antas foram escolhidos em audi\u00eancia p\u00fablica no dia 22 de julho. As metas eleitas v\u00e3o compor o projeto da Lei de Diretrizes e Or\u00e7amento para o Exerc\u00edcio de 2023. A audi\u00eancia ocorreu no audit\u00f3rio da Prefeitura Municipal. Na oportunidade, a contadora Marelisa Neumann [&hellip;]","og_url":"https:\/\/folhapopular.info\/index.php\/2022\/08\/01\/poco-das-antas-elege-prioridades-da-ldo-2023\/","og_site_name":"Folha Popular","article_published_time":"2022-08-01T13:44:05+00:00","article_modified_time":"2022-08-01T13:44:10+00:00","og_image":[{"width":800,"height":600,"url":"http:\/\/folhapopular.info\/wp-content\/uploads\/2022\/08\/Centro-de-Poco-das-Antas_Divulgacao-Prefeitura-1-scaled-e1652289379342.jpg","type":"image\/jpeg"}],"author":"Reda\u00e7\u00e3o Folha Popular","twitter_card":"summary_large_image","twitter_misc":{"Escrito por":"Reda\u00e7\u00e3o Folha Popular","Est. tempo de leitura":"2 minutos"},"schema":{"@context":"https:\/\/schema.org","@graph":[{"@type":"Article","@id":"https:\/\/folhapopular.info\/index.php\/2022\/08\/01\/poco-das-antas-elege-prioridades-da-ldo-2023\/#article","isPartOf":{"@id":"https:\/\/folhapopular.info\/index.php\/2022\/08\/01\/poco-das-antas-elege-prioridades-da-ldo-2023\/"},"author":{"name":"Reda\u00e7\u00e3o Folha Popular","@id":"https:\/\/folhapopular.info\/#\/schema\/person\/2814e8a0df7643585a9ca38bc6eb9d4b"},"headline":"Po\u00e7o das Antas elege prioridades da LDO 2023","datePublished":"2022-08-01T13:44:05+00:00","dateModified":"2022-08-01T13:44:10+00:00","mainEntityOfPage":{"@id":"https:\/\/folhapopular.info\/index.php\/2022\/08\/01\/poco-das-antas-elege-prioridades-da-ldo-2023\/"},"wordCount":405,"commentCount":0,"image":{"@id":"https:\/\/folhapopular.info\/index.php\/2022\/08\/01\/poco-das-antas-elege-prioridades-da-ldo-2023\/#primaryimage"},"thumbnailUrl":"https:\/\/folhapopular.info\/wp-content\/uploads\/2022\/08\/Centro-de-Poco-das-Antas_Divulgacao-Prefeitura-1-scaled-e1652289379342.jpg","articleSection":["Destaques","Geral"],"inLanguage":"pt-BR","potentialAction":[{"@type":"CommentAction","name":"Comment","target":["https:\/\/folhapopular.info\/index.php\/2022\/08\/01\/poco-das-antas-elege-prioridades-da-ldo-2023\/#respond"]}]},{"@type":"WebPage","@id":"https:\/\/folhapopular.info\/index.php\/2022\/08\/01\/poco-das-antas-elege-prioridades-da-ldo-2023\/","url":"https:\/\/folhapopular.info\/index.php\/2022\/08\/01\/poco-das-antas-elege-prioridades-da-ldo-2023\/","name":"Po\u00e7o das Antas elege prioridades da LDO 2023 - Folha Popular","isPartOf":{"@id":"https:\/\/folhapopular.info\/#website"},"primaryImageOfPage":{"@id":"https:\/\/folhapopular.info\/index.php\/2022\/08\/01\/poco-das-antas-elege-prioridades-da-ldo-2023\/#primaryimage"},"image":{"@id":"https:\/\/folhapopular.info\/index.php\/2022\/08\/01\/poco-das-antas-elege-prioridades-da-ldo-2023\/#primaryimage"},"thumbnailUrl":"https:\/\/folhapopular.info\/wp-content\/uploads\/2022\/08\/Centro-de-Poco-das-Antas_Divulgacao-Prefeitura-1-scaled-e1652289379342.jpg","datePublished":"2022-08-01T13:44:05+00:00","dateModified":"2022-08-01T13:44:10+00:00","author":{"@id":"https:\/\/folhapopular.info\/#\/schema\/person\/2814e8a0df7643585a9ca38bc6eb9d4b"},"breadcrumb":{"@id":"https:\/\/folhapopular.info\/index.php\/2022\/08\/01\/poco-das-antas-elege-prioridades-da-ldo-2023\/#breadcrumb"},"inLanguage":"pt-BR","potentialAction":[{"@type":"ReadAction","target":["https:\/\/folhapopular.info\/index.php\/2022\/08\/01\/poco-das-antas-elege-prioridades-da-ldo-2023\/"]}]},{"@type":"ImageObject","inLanguage":"pt-BR","@id":"https:\/\/folhapopular.info\/index.php\/2022\/08\/01\/poco-das-antas-elege-prioridades-da-ldo-2023\/#primaryimage","url":"https:\/\/folhapopular.info\/wp-content\/uploads\/2022\/08\/Centro-de-Poco-das-Antas_Divulgacao-Prefeitura-1-scaled-e1652289379342.jpg","contentUrl":"https:\/\/folhapopular.info\/wp-content\/uploads\/2022\/08\/Centro-de-Poco-das-Antas_Divulgacao-Prefeitura-1-scaled-e1652289379342.jpg","width":800,"height":600},{"@type":"BreadcrumbList","@id":"https:\/\/folhapopular.info\/index.php\/2022\/08\/01\/poco-das-antas-elege-prioridades-da-ldo-2023\/#breadcrumb","itemListElement":[{"@type":"ListItem","position":1,"name":"In\u00edcio","item":"https:\/\/folhapopular.info\/"},{"@type":"ListItem","position":2,"name":"Po\u00e7o das Antas elege prioridades da LDO 2023"}]},{"@type":"WebSite","@id":"https:\/\/folhapopular.info\/#website","url":"https:\/\/folhapopular.info\/","name":"Folha Popular","description":"Onde voc\u00ea tem vez e voz","potentialAction":[{"@type":"SearchAction","target":{"@type":"EntryPoint","urlTemplate":"https:\/\/folhapopular.info\/?s={search_term_string}"},"query-input":{"@type":"PropertyValueSpecification","valueRequired":true,"valueName":"search_term_string"}}],"inLanguage":"pt-BR"},{"@type":"Person","@id":"https:\/\/folhapopular.info\/#\/schema\/person\/2814e8a0df7643585a9ca38bc6eb9d4b","name":"Reda\u00e7\u00e3o Folha Popular","image":{"@type":"ImageObject","inLanguage":"pt-BR","@id":"https:\/\/folhapopular.info\/wp-content\/uploads\/2026\/04\/Folha-1.webp","url":"https:\/\/folhapopular.info\/wp-content\/uploads\/2026\/04\/Folha-1.webp","contentUrl":"https:\/\/folhapopular.info\/wp-content\/uploads\/2026\/04\/Folha-1.webp","caption":"Reda\u00e7\u00e3o Folha Popular"},"url":"https:\/\/folhapopular.info\/index.php\/author\/redacao\/"}]}},"jetpack_featured_media_url":"https:\/\/folhapopular.info\/wp-content\/uploads\/2022\/08\/Centro-de-Poco-das-Antas_Divulgacao-Prefeitura-1-scaled-e1652289379342.jpg","jetpack_sharing_enabled":true,"amp_enabled":true,"_links":{"self":[{"href":"https:\/\/folhapopular.info\/index.php\/wp-json\/wp\/v2\/posts\/109781","targetHints":{"allow":["GET"]}}],"collection":[{"href":"https:\/\/folhapopular.info\/index.php\/wp-json\/wp\/v2\/posts"}],"about":[{"href":"https:\/\/folhapopular.info\/index.php\/wp-json\/wp\/v2\/types\/post"}],"author":[{"embeddable":true,"href":"https:\/\/folhapopular.info\/index.php\/wp-json\/wp\/v2\/users\/8"}],"replies":[{"embeddable":true,"href":"https:\/\/folhapopular.info\/index.php\/wp-json\/wp\/v2\/comments?post=109781"}],"version-history":[{"count":0,"href":"https:\/\/folhapopular.info\/index.php\/wp-json\/wp\/v2\/posts\/109781\/revisions"}],"wp:featuredmedia":[{"embeddable":true,"href":"https:\/\/folhapopular.info\/index.php\/wp-json\/wp\/v2\/media\/109782"}],"wp:attachment":[{"href":"https:\/\/folhapopular.info\/index.php\/wp-json\/wp\/v2\/media?parent=109781"}],"wp:term":[{"taxonomy":"category","embeddable":true,"href":"https:\/\/folhapopular.info\/index.php\/wp-json\/wp\/v2\/categories?post=109781"},{"taxonomy":"post_tag","embeddable":true,"href":"https:\/\/folhapopular.info\/index.php\/wp-json\/wp\/v2\/tags?post=109781"}],"curies":[{"name":"wp","href":"https:\/\/api.w.org\/{rel}","templated":true}]}}