{"id":109802,"date":"2022-08-02T09:52:10","date_gmt":"2022-08-02T12:52:10","guid":{"rendered":"https:\/\/folhapopular.info\/?p=109802"},"modified":"2022-08-02T09:52:14","modified_gmt":"2022-08-02T12:52:14","slug":"agricultores-de-imigrante-aprovam-lavagem-de-aviarios-e-pocilgas","status":"publish","type":"post","link":"https:\/\/folhapopular.info\/index.php\/2022\/08\/02\/agricultores-de-imigrante-aprovam-lavagem-de-aviarios-e-pocilgas\/","title":{"rendered":"Agricultores de Imigrante aprovam lavagem de avi\u00e1rios e pocilgas"},"content":{"rendered":"\n<p>A Secretaria de Agricultura, Meio Ambiente e Desenvolvimento Econ\u00f4mico de Imigrante alterou o valor de aux\u00edlio \u00e0 lavagem de avi\u00e1rios e pocilgas. O valor repassado para a lavagem do metro quadrado de um avi\u00e1rio passou de R$ 0,40 para R$ 0,70, e das pocilgas de R$ 0,60 para R$ 0,90.<\/p>\n\n\n\n<p>A qualidade do servi\u00e7o, segundo os agricultores, est\u00e1 aprovada. O produtor Sidinei Giongo produz, em m\u00e9dia, oito lotes de frangos por ano, somando 73 mil aves. Os tr\u00eas avi\u00e1rios totalizam 4.390 metros quadrados. A propriedade est\u00e1 localizada na Linha Harmonia Alta. Dois dos tr\u00eas avi\u00e1rios receberam a limpeza. \u201cTodos os itens foram devidamente lavados, deixando o local em condi\u00e7\u00f5es para receber os lotes de aves\u201d, relata Giongo.<\/p>\n\n\n\n<p>Rudi Possamai, de Linha Rosenthal, tamb\u00e9m utilizou o servi\u00e7o. No dia da visita, o produtor rec\u00e9m tinha entregue o lote de aves \u00e0 integradora. \u201cAqui utilizei o servi\u00e7o de lavagem. Os dois avi\u00e1rios somam 2.640 metros quadrados&#8221;, compartilha.<\/p>\n\n\n\n<p>Marcelo Meier, da mesma localidade, possui mais de 4.000 metros de avi\u00e1rios e aprovou o servi\u00e7o. \u201cPrecisamos desse trabalho de qualidade, para manter o padr\u00e3o da produ\u00e7\u00e3o\u201d, aponta.<\/p>\n\n\n\n<div class=\"wp-block-jetpack-slideshow aligncenter\" data-effect=\"slide\"><div class=\"wp-block-jetpack-slideshow_container swiper-container\"><ul class=\"wp-block-jetpack-slideshow_swiper-wrapper swiper-wrapper\"><li class=\"wp-block-jetpack-slideshow_slide swiper-slide\"><figure><img loading=\"lazy\" decoding=\"async\" width=\"1024\" height=\"768\" alt=\"\" class=\"wp-block-jetpack-slideshow_image wp-image-109813\" data-id=\"109813\" src=\"https:\/\/folhapopular.info\/wp-content\/uploads\/2022\/08\/SIDINEI-GIONGO-4-1024x768.jpg\" srcset=\"https:\/\/folhapopular.info\/wp-content\/uploads\/2022\/08\/SIDINEI-GIONGO-4-1024x768.jpg 1024w, https:\/\/folhapopular.info\/wp-content\/uploads\/2022\/08\/SIDINEI-GIONGO-4-300x225.jpg 300w, https:\/\/folhapopular.info\/wp-content\/uploads\/2022\/08\/SIDINEI-GIONGO-4-768x576.jpg 768w, https:\/\/folhapopular.info\/wp-content\/uploads\/2022\/08\/SIDINEI-GIONGO-4-1536x1152.jpg 1536w, https:\/\/folhapopular.info\/wp-content\/uploads\/2022\/08\/SIDINEI-GIONGO-4-2048x1536.jpg 2048w, https:\/\/folhapopular.info\/wp-content\/uploads\/2022\/08\/SIDINEI-GIONGO-4-696x522.jpg 696w, https:\/\/folhapopular.info\/wp-content\/uploads\/2022\/08\/SIDINEI-GIONGO-4-1068x801.jpg 1068w, https:\/\/folhapopular.info\/wp-content\/uploads\/2022\/08\/SIDINEI-GIONGO-4-1920x1440.jpg 1920w\" sizes=\"(max-width: 1024px) 100vw, 1024px\" \/><figcaption class=\"wp-block-jetpack-slideshow_caption gallery-caption\">SIDINEI GIONGO<\/figcaption><\/figure><\/li><li class=\"wp-block-jetpack-slideshow_slide swiper-slide\"><figure><img loading=\"lazy\" decoding=\"async\" width=\"1024\" height=\"768\" alt=\"\" class=\"wp-block-jetpack-slideshow_image wp-image-109808\" data-id=\"109808\" src=\"https:\/\/folhapopular.info\/wp-content\/uploads\/2022\/08\/RUDI-POSSAMAI-1024x768.jpg\" srcset=\"https:\/\/folhapopular.info\/wp-content\/uploads\/2022\/08\/RUDI-POSSAMAI-1024x768.jpg 1024w, https:\/\/folhapopular.info\/wp-content\/uploads\/2022\/08\/RUDI-POSSAMAI-300x225.jpg 300w, https:\/\/folhapopular.info\/wp-content\/uploads\/2022\/08\/RUDI-POSSAMAI-768x576.jpg 768w, https:\/\/folhapopular.info\/wp-content\/uploads\/2022\/08\/RUDI-POSSAMAI-1536x1152.jpg 1536w, https:\/\/folhapopular.info\/wp-content\/uploads\/2022\/08\/RUDI-POSSAMAI-2048x1536.jpg 2048w, https:\/\/folhapopular.info\/wp-content\/uploads\/2022\/08\/RUDI-POSSAMAI-696x522.jpg 696w, https:\/\/folhapopular.info\/wp-content\/uploads\/2022\/08\/RUDI-POSSAMAI-1068x801.jpg 1068w, https:\/\/folhapopular.info\/wp-content\/uploads\/2022\/08\/RUDI-POSSAMAI-1920x1440.jpg 1920w\" sizes=\"(max-width: 1024px) 100vw, 1024px\" \/><figcaption class=\"wp-block-jetpack-slideshow_caption gallery-caption\">RUDI POSSAMAI<\/figcaption><\/figure><\/li><li class=\"wp-block-jetpack-slideshow_slide swiper-slide\"><figure><img decoding=\"async\" alt=\"\" class=\"wp-block-jetpack-slideshow_image wp-image-109815\" data-id=\"109815\" src=\"https:\/\/folhapopular.info\/wp-content\/uploads\/2022\/08\/MARCELO-MEIER-2-1024x768.jpg\"\/><figcaption class=\"wp-block-jetpack-slideshow_caption gallery-caption\">MARCELO MEIER<\/figcaption><\/figure><\/li><\/ul><a class=\"wp-block-jetpack-slideshow_button-prev swiper-button-prev swiper-button-white\" role=\"button\"><\/a><a class=\"wp-block-jetpack-slideshow_button-next swiper-button-next swiper-button-white\" role=\"button\"><\/a><a aria-label=\"Pause Slideshow\" class=\"wp-block-jetpack-slideshow_button-pause\" role=\"button\"><\/a><div class=\"wp-block-jetpack-slideshow_pagination swiper-pagination swiper-pagination-white\"><\/div><\/div><\/div>\n\n\n\n<p>O prefeito Germano Stevens destaca a import\u00e2ncia do setor prim\u00e1rio, que corresponde a 40% da arrecada\u00e7\u00e3o do munic\u00edpio. \u201cTemos o dever de atender os trabalhadores do campo da melhor maneira poss\u00edvel\u201d, declara.<\/p>\n\n\n\n<p>Erasmo Kr\u00fcger, Marcos Schafer e Gerson Schafer, de Linha Rechts, tamb\u00e9m foram visitados. Os produtores expuseram suas necessidades e o Executivo se prontificou a auxiliar da melhor forma poss\u00edvel. \u201cBuscamos estar sempre pr\u00f3ximos dos nossos produtores rurais. Queremos ouvir para entender e melhor auxiliar\u201d, afirma Stevens.<\/p>\n\n\n\n<div class=\"wp-block-jetpack-slideshow aligncenter\" data-effect=\"slide\"><div class=\"wp-block-jetpack-slideshow_container swiper-container\"><ul class=\"wp-block-jetpack-slideshow_swiper-wrapper swiper-wrapper\"><li class=\"wp-block-jetpack-slideshow_slide swiper-slide\"><figure><img loading=\"lazy\" decoding=\"async\" width=\"1024\" height=\"768\" alt=\"\" class=\"wp-block-jetpack-slideshow_image wp-image-109816\" data-id=\"109816\" src=\"https:\/\/folhapopular.info\/wp-content\/uploads\/2022\/08\/ERASMO-KRUGER-1-1024x768.jpg\" srcset=\"https:\/\/folhapopular.info\/wp-content\/uploads\/2022\/08\/ERASMO-KRUGER-1-1024x768.jpg 1024w, https:\/\/folhapopular.info\/wp-content\/uploads\/2022\/08\/ERASMO-KRUGER-1-300x225.jpg 300w, https:\/\/folhapopular.info\/wp-content\/uploads\/2022\/08\/ERASMO-KRUGER-1-768x576.jpg 768w, https:\/\/folhapopular.info\/wp-content\/uploads\/2022\/08\/ERASMO-KRUGER-1-1536x1152.jpg 1536w, https:\/\/folhapopular.info\/wp-content\/uploads\/2022\/08\/ERASMO-KRUGER-1-2048x1536.jpg 2048w, https:\/\/folhapopular.info\/wp-content\/uploads\/2022\/08\/ERASMO-KRUGER-1-696x522.jpg 696w, https:\/\/folhapopular.info\/wp-content\/uploads\/2022\/08\/ERASMO-KRUGER-1-1068x801.jpg 1068w, https:\/\/folhapopular.info\/wp-content\/uploads\/2022\/08\/ERASMO-KRUGER-1-1920x1440.jpg 1920w\" sizes=\"(max-width: 1024px) 100vw, 1024px\" \/><figcaption class=\"wp-block-jetpack-slideshow_caption gallery-caption\">ERASMO KR\u00dcGER<\/figcaption><\/figure><\/li><li class=\"wp-block-jetpack-slideshow_slide swiper-slide\"><figure><img loading=\"lazy\" decoding=\"async\" width=\"1024\" height=\"768\" alt=\"\" class=\"wp-block-jetpack-slideshow_image wp-image-109817\" data-id=\"109817\" src=\"https:\/\/folhapopular.info\/wp-content\/uploads\/2022\/08\/MARCOS-SCHAFER-1-1024x768.jpg\" srcset=\"https:\/\/folhapopular.info\/wp-content\/uploads\/2022\/08\/MARCOS-SCHAFER-1-1024x768.jpg 1024w, https:\/\/folhapopular.info\/wp-content\/uploads\/2022\/08\/MARCOS-SCHAFER-1-300x225.jpg 300w, https:\/\/folhapopular.info\/wp-content\/uploads\/2022\/08\/MARCOS-SCHAFER-1-768x576.jpg 768w, https:\/\/folhapopular.info\/wp-content\/uploads\/2022\/08\/MARCOS-SCHAFER-1-1536x1152.jpg 1536w, https:\/\/folhapopular.info\/wp-content\/uploads\/2022\/08\/MARCOS-SCHAFER-1-2048x1536.jpg 2048w, https:\/\/folhapopular.info\/wp-content\/uploads\/2022\/08\/MARCOS-SCHAFER-1-696x522.jpg 696w, https:\/\/folhapopular.info\/wp-content\/uploads\/2022\/08\/MARCOS-SCHAFER-1-1068x801.jpg 1068w, https:\/\/folhapopular.info\/wp-content\/uploads\/2022\/08\/MARCOS-SCHAFER-1-1920x1440.jpg 1920w\" sizes=\"(max-width: 1024px) 100vw, 1024px\" \/><figcaption class=\"wp-block-jetpack-slideshow_caption gallery-caption\">MARCOS SCHAFER<\/figcaption><\/figure><\/li><li class=\"wp-block-jetpack-slideshow_slide swiper-slide\"><figure><img loading=\"lazy\" decoding=\"async\" width=\"1024\" height=\"768\" alt=\"\" class=\"wp-block-jetpack-slideshow_image wp-image-109812\" data-id=\"109812\" src=\"https:\/\/folhapopular.info\/wp-content\/uploads\/2022\/08\/GERSON-SCHAFER-1024x768.jpg\" srcset=\"https:\/\/folhapopular.info\/wp-content\/uploads\/2022\/08\/GERSON-SCHAFER-1024x768.jpg 1024w, https:\/\/folhapopular.info\/wp-content\/uploads\/2022\/08\/GERSON-SCHAFER-300x225.jpg 300w, https:\/\/folhapopular.info\/wp-content\/uploads\/2022\/08\/GERSON-SCHAFER-768x576.jpg 768w, https:\/\/folhapopular.info\/wp-content\/uploads\/2022\/08\/GERSON-SCHAFER-1536x1152.jpg 1536w, https:\/\/folhapopular.info\/wp-content\/uploads\/2022\/08\/GERSON-SCHAFER-2048x1536.jpg 2048w, https:\/\/folhapopular.info\/wp-content\/uploads\/2022\/08\/GERSON-SCHAFER-696x522.jpg 696w, https:\/\/folhapopular.info\/wp-content\/uploads\/2022\/08\/GERSON-SCHAFER-1068x801.jpg 1068w, https:\/\/folhapopular.info\/wp-content\/uploads\/2022\/08\/GERSON-SCHAFER-1920x1440.jpg 1920w\" sizes=\"(max-width: 1024px) 100vw, 1024px\" \/><figcaption class=\"wp-block-jetpack-slideshow_caption gallery-caption\">GERSON SCHAFER<\/figcaption><\/figure><\/li><\/ul><a class=\"wp-block-jetpack-slideshow_button-prev swiper-button-prev swiper-button-white\" role=\"button\"><\/a><a class=\"wp-block-jetpack-slideshow_button-next swiper-button-next swiper-button-white\" role=\"button\"><\/a><a aria-label=\"Pause Slideshow\" class=\"wp-block-jetpack-slideshow_button-pause\" role=\"button\"><\/a><div class=\"wp-block-jetpack-slideshow_pagination swiper-pagination swiper-pagination-white\"><\/div><\/div><\/div>\n","protected":false},"excerpt":{"rendered":"<p>A Secretaria de Agricultura, Meio Ambiente e Desenvolvimento Econ\u00f4mico de Imigrante alterou o valor de aux\u00edlio \u00e0 lavagem de avi\u00e1rios e pocilgas. O valor repassado para a lavagem do metro quadrado de um avi\u00e1rio passou de R$ 0,40 para R$ 0,70, e das pocilgas de R$ 0,60 para R$ 0,90. A qualidade do servi\u00e7o, segundo [&hellip;]<\/p>\n","protected":false},"author":8,"featured_media":109815,"comment_status":"open","ping_status":"open","sticky":false,"template":"","format":"standard","meta":{"pmpro_default_level":"","_jetpack_memberships_contains_paid_content":false,"footnotes":""},"categories":[2,3],"tags":[2754,4061,34,57,4062],"class_list":{"0":"post-109802","1":"post","2":"type-post","3":"status-publish","4":"format-standard","5":"has-post-thumbnail","7":"category-featured","8":"category-geral","9":"tag-agricultores","10":"tag-aviarios","11":"tag-imigrante","12":"tag-meio-ambiente","13":"tag-pocilgas","14":"pmpro-has-access"},"yoast_head":"<!-- This site is optimized with the Yoast SEO plugin v27.5 - https:\/\/yoast.com\/product\/yoast-seo-wordpress\/ -->\n<title>Agricultores de Imigrante aprovam lavagem de avi\u00e1rios e pocilgas - Folha Popular<\/title>\n<meta name=\"robots\" content=\"index, follow, max-snippet:-1, max-image-preview:large, max-video-preview:-1\" \/>\n<link rel=\"canonical\" href=\"https:\/\/folhapopular.info\/index.php\/2022\/08\/02\/agricultores-de-imigrante-aprovam-lavagem-de-aviarios-e-pocilgas\/\" \/>\n<meta property=\"og:locale\" content=\"pt_BR\" \/>\n<meta property=\"og:type\" content=\"article\" \/>\n<meta property=\"og:title\" content=\"Agricultores de Imigrante aprovam lavagem de avi\u00e1rios e pocilgas - Folha Popular\" \/>\n<meta property=\"og:description\" content=\"A Secretaria de Agricultura, Meio Ambiente e Desenvolvimento Econ\u00f4mico de Imigrante alterou o valor de aux\u00edlio \u00e0 lavagem de avi\u00e1rios e pocilgas. O valor repassado para a lavagem do metro quadrado de um avi\u00e1rio passou de R$ 0,40 para R$ 0,70, e das pocilgas de R$ 0,60 para R$ 0,90. A qualidade do servi\u00e7o, segundo [&hellip;]\" \/>\n<meta property=\"og:url\" content=\"https:\/\/folhapopular.info\/index.php\/2022\/08\/02\/agricultores-de-imigrante-aprovam-lavagem-de-aviarios-e-pocilgas\/\" \/>\n<meta property=\"og:site_name\" content=\"Folha Popular\" \/>\n<meta property=\"article:published_time\" content=\"2022-08-02T12:52:10+00:00\" \/>\n<meta property=\"article:modified_time\" content=\"2022-08-02T12:52:14+00:00\" \/>\n<meta property=\"og:image\" content=\"http:\/\/folhapopular.info\/wp-content\/uploads\/2022\/08\/MARCELO-MEIER-2-scaled-e1659381908790.jpg\" \/>\n\t<meta property=\"og:image:width\" content=\"1200\" \/>\n\t<meta property=\"og:image:height\" content=\"900\" \/>\n\t<meta property=\"og:image:type\" content=\"image\/jpeg\" \/>\n<meta name=\"author\" content=\"Reda\u00e7\u00e3o Folha Popular\" \/>\n<meta name=\"twitter:card\" content=\"summary_large_image\" \/>\n<meta name=\"twitter:label1\" content=\"Escrito por\" \/>\n\t<meta name=\"twitter:data1\" content=\"Reda\u00e7\u00e3o Folha Popular\" \/>\n\t<meta name=\"twitter:label2\" content=\"Est. tempo de leitura\" \/>\n\t<meta name=\"twitter:data2\" content=\"3 minutos\" \/>\n<script type=\"application\/ld+json\" class=\"yoast-schema-graph\">{\"@context\":\"https:\\\/\\\/schema.org\",\"@graph\":[{\"@type\":\"Article\",\"@id\":\"https:\\\/\\\/folhapopular.info\\\/index.php\\\/2022\\\/08\\\/02\\\/agricultores-de-imigrante-aprovam-lavagem-de-aviarios-e-pocilgas\\\/#article\",\"isPartOf\":{\"@id\":\"https:\\\/\\\/folhapopular.info\\\/index.php\\\/2022\\\/08\\\/02\\\/agricultores-de-imigrante-aprovam-lavagem-de-aviarios-e-pocilgas\\\/\"},\"author\":{\"name\":\"Reda\u00e7\u00e3o Folha Popular\",\"@id\":\"https:\\\/\\\/folhapopular.info\\\/#\\\/schema\\\/person\\\/2814e8a0df7643585a9ca38bc6eb9d4b\"},\"headline\":\"Agricultores de Imigrante aprovam lavagem de avi\u00e1rios e pocilgas\",\"datePublished\":\"2022-08-02T12:52:10+00:00\",\"dateModified\":\"2022-08-02T12:52:14+00:00\",\"mainEntityOfPage\":{\"@id\":\"https:\\\/\\\/folhapopular.info\\\/index.php\\\/2022\\\/08\\\/02\\\/agricultores-de-imigrante-aprovam-lavagem-de-aviarios-e-pocilgas\\\/\"},\"wordCount\":302,\"commentCount\":0,\"image\":{\"@id\":\"https:\\\/\\\/folhapopular.info\\\/index.php\\\/2022\\\/08\\\/02\\\/agricultores-de-imigrante-aprovam-lavagem-de-aviarios-e-pocilgas\\\/#primaryimage\"},\"thumbnailUrl\":\"https:\\\/\\\/folhapopular.info\\\/wp-content\\\/uploads\\\/2022\\\/08\\\/MARCELO-MEIER-2-scaled-e1659381908790.jpg\",\"keywords\":[\"Agricultores\",\"avi\u00e1rios\",\"Imigrante\",\"Meio Ambiente\",\"pocilgas\"],\"articleSection\":[\"Destaques\",\"Geral\"],\"inLanguage\":\"pt-BR\",\"potentialAction\":[{\"@type\":\"CommentAction\",\"name\":\"Comment\",\"target\":[\"https:\\\/\\\/folhapopular.info\\\/index.php\\\/2022\\\/08\\\/02\\\/agricultores-de-imigrante-aprovam-lavagem-de-aviarios-e-pocilgas\\\/#respond\"]}]},{\"@type\":\"WebPage\",\"@id\":\"https:\\\/\\\/folhapopular.info\\\/index.php\\\/2022\\\/08\\\/02\\\/agricultores-de-imigrante-aprovam-lavagem-de-aviarios-e-pocilgas\\\/\",\"url\":\"https:\\\/\\\/folhapopular.info\\\/index.php\\\/2022\\\/08\\\/02\\\/agricultores-de-imigrante-aprovam-lavagem-de-aviarios-e-pocilgas\\\/\",\"name\":\"Agricultores de Imigrante aprovam lavagem de avi\u00e1rios e pocilgas - Folha Popular\",\"isPartOf\":{\"@id\":\"https:\\\/\\\/folhapopular.info\\\/#website\"},\"primaryImageOfPage\":{\"@id\":\"https:\\\/\\\/folhapopular.info\\\/index.php\\\/2022\\\/08\\\/02\\\/agricultores-de-imigrante-aprovam-lavagem-de-aviarios-e-pocilgas\\\/#primaryimage\"},\"image\":{\"@id\":\"https:\\\/\\\/folhapopular.info\\\/index.php\\\/2022\\\/08\\\/02\\\/agricultores-de-imigrante-aprovam-lavagem-de-aviarios-e-pocilgas\\\/#primaryimage\"},\"thumbnailUrl\":\"https:\\\/\\\/folhapopular.info\\\/wp-content\\\/uploads\\\/2022\\\/08\\\/MARCELO-MEIER-2-scaled-e1659381908790.jpg\",\"datePublished\":\"2022-08-02T12:52:10+00:00\",\"dateModified\":\"2022-08-02T12:52:14+00:00\",\"author\":{\"@id\":\"https:\\\/\\\/folhapopular.info\\\/#\\\/schema\\\/person\\\/2814e8a0df7643585a9ca38bc6eb9d4b\"},\"breadcrumb\":{\"@id\":\"https:\\\/\\\/folhapopular.info\\\/index.php\\\/2022\\\/08\\\/02\\\/agricultores-de-imigrante-aprovam-lavagem-de-aviarios-e-pocilgas\\\/#breadcrumb\"},\"inLanguage\":\"pt-BR\",\"potentialAction\":[{\"@type\":\"ReadAction\",\"target\":[\"https:\\\/\\\/folhapopular.info\\\/index.php\\\/2022\\\/08\\\/02\\\/agricultores-de-imigrante-aprovam-lavagem-de-aviarios-e-pocilgas\\\/\"]}]},{\"@type\":\"ImageObject\",\"inLanguage\":\"pt-BR\",\"@id\":\"https:\\\/\\\/folhapopular.info\\\/index.php\\\/2022\\\/08\\\/02\\\/agricultores-de-imigrante-aprovam-lavagem-de-aviarios-e-pocilgas\\\/#primaryimage\",\"url\":\"https:\\\/\\\/folhapopular.info\\\/wp-content\\\/uploads\\\/2022\\\/08\\\/MARCELO-MEIER-2-scaled-e1659381908790.jpg\",\"contentUrl\":\"https:\\\/\\\/folhapopular.info\\\/wp-content\\\/uploads\\\/2022\\\/08\\\/MARCELO-MEIER-2-scaled-e1659381908790.jpg\",\"width\":1200,\"height\":900,\"caption\":\"Prefeito e secret\u00e1rio realizam roteiro, para ouvir as necessidades dos produtores \\\/ Cr\u00e9dito: Carlos Eduardo Schneider \\\/ Divulga\u00e7\u00e3o\"},{\"@type\":\"BreadcrumbList\",\"@id\":\"https:\\\/\\\/folhapopular.info\\\/index.php\\\/2022\\\/08\\\/02\\\/agricultores-de-imigrante-aprovam-lavagem-de-aviarios-e-pocilgas\\\/#breadcrumb\",\"itemListElement\":[{\"@type\":\"ListItem\",\"position\":1,\"name\":\"In\u00edcio\",\"item\":\"https:\\\/\\\/folhapopular.info\\\/\"},{\"@type\":\"ListItem\",\"position\":2,\"name\":\"Agricultores de Imigrante aprovam lavagem de avi\u00e1rios e pocilgas\"}]},{\"@type\":\"WebSite\",\"@id\":\"https:\\\/\\\/folhapopular.info\\\/#website\",\"url\":\"https:\\\/\\\/folhapopular.info\\\/\",\"name\":\"Folha Popular\",\"description\":\"Onde voc\u00ea tem vez e voz\",\"potentialAction\":[{\"@type\":\"SearchAction\",\"target\":{\"@type\":\"EntryPoint\",\"urlTemplate\":\"https:\\\/\\\/folhapopular.info\\\/?s={search_term_string}\"},\"query-input\":{\"@type\":\"PropertyValueSpecification\",\"valueRequired\":true,\"valueName\":\"search_term_string\"}}],\"inLanguage\":\"pt-BR\"},{\"@type\":\"Person\",\"@id\":\"https:\\\/\\\/folhapopular.info\\\/#\\\/schema\\\/person\\\/2814e8a0df7643585a9ca38bc6eb9d4b\",\"name\":\"Reda\u00e7\u00e3o Folha Popular\",\"image\":{\"@type\":\"ImageObject\",\"inLanguage\":\"pt-BR\",\"@id\":\"https:\\\/\\\/folhapopular.info\\\/wp-content\\\/uploads\\\/2026\\\/04\\\/Folha-1.webp\",\"url\":\"https:\\\/\\\/folhapopular.info\\\/wp-content\\\/uploads\\\/2026\\\/04\\\/Folha-1.webp\",\"contentUrl\":\"https:\\\/\\\/folhapopular.info\\\/wp-content\\\/uploads\\\/2026\\\/04\\\/Folha-1.webp\",\"caption\":\"Reda\u00e7\u00e3o Folha Popular\"},\"url\":\"https:\\\/\\\/folhapopular.info\\\/index.php\\\/author\\\/redacao\\\/\"}]}<\/script>\n<!-- \/ Yoast SEO plugin. -->","yoast_head_json":{"title":"Agricultores de Imigrante aprovam lavagem de avi\u00e1rios e pocilgas - Folha Popular","robots":{"index":"index","follow":"follow","max-snippet":"max-snippet:-1","max-image-preview":"max-image-preview:large","max-video-preview":"max-video-preview:-1"},"canonical":"https:\/\/folhapopular.info\/index.php\/2022\/08\/02\/agricultores-de-imigrante-aprovam-lavagem-de-aviarios-e-pocilgas\/","og_locale":"pt_BR","og_type":"article","og_title":"Agricultores de Imigrante aprovam lavagem de avi\u00e1rios e pocilgas - Folha Popular","og_description":"A Secretaria de Agricultura, Meio Ambiente e Desenvolvimento Econ\u00f4mico de Imigrante alterou o valor de aux\u00edlio \u00e0 lavagem de avi\u00e1rios e pocilgas. O valor repassado para a lavagem do metro quadrado de um avi\u00e1rio passou de R$ 0,40 para R$ 0,70, e das pocilgas de R$ 0,60 para R$ 0,90. A qualidade do servi\u00e7o, segundo [&hellip;]","og_url":"https:\/\/folhapopular.info\/index.php\/2022\/08\/02\/agricultores-de-imigrante-aprovam-lavagem-de-aviarios-e-pocilgas\/","og_site_name":"Folha Popular","article_published_time":"2022-08-02T12:52:10+00:00","article_modified_time":"2022-08-02T12:52:14+00:00","og_image":[{"width":1200,"height":900,"url":"http:\/\/folhapopular.info\/wp-content\/uploads\/2022\/08\/MARCELO-MEIER-2-scaled-e1659381908790.jpg","type":"image\/jpeg"}],"author":"Reda\u00e7\u00e3o Folha Popular","twitter_card":"summary_large_image","twitter_misc":{"Escrito por":"Reda\u00e7\u00e3o Folha Popular","Est. tempo de leitura":"3 minutos"},"schema":{"@context":"https:\/\/schema.org","@graph":[{"@type":"Article","@id":"https:\/\/folhapopular.info\/index.php\/2022\/08\/02\/agricultores-de-imigrante-aprovam-lavagem-de-aviarios-e-pocilgas\/#article","isPartOf":{"@id":"https:\/\/folhapopular.info\/index.php\/2022\/08\/02\/agricultores-de-imigrante-aprovam-lavagem-de-aviarios-e-pocilgas\/"},"author":{"name":"Reda\u00e7\u00e3o Folha Popular","@id":"https:\/\/folhapopular.info\/#\/schema\/person\/2814e8a0df7643585a9ca38bc6eb9d4b"},"headline":"Agricultores de Imigrante aprovam lavagem de avi\u00e1rios e pocilgas","datePublished":"2022-08-02T12:52:10+00:00","dateModified":"2022-08-02T12:52:14+00:00","mainEntityOfPage":{"@id":"https:\/\/folhapopular.info\/index.php\/2022\/08\/02\/agricultores-de-imigrante-aprovam-lavagem-de-aviarios-e-pocilgas\/"},"wordCount":302,"commentCount":0,"image":{"@id":"https:\/\/folhapopular.info\/index.php\/2022\/08\/02\/agricultores-de-imigrante-aprovam-lavagem-de-aviarios-e-pocilgas\/#primaryimage"},"thumbnailUrl":"https:\/\/folhapopular.info\/wp-content\/uploads\/2022\/08\/MARCELO-MEIER-2-scaled-e1659381908790.jpg","keywords":["Agricultores","avi\u00e1rios","Imigrante","Meio Ambiente","pocilgas"],"articleSection":["Destaques","Geral"],"inLanguage":"pt-BR","potentialAction":[{"@type":"CommentAction","name":"Comment","target":["https:\/\/folhapopular.info\/index.php\/2022\/08\/02\/agricultores-de-imigrante-aprovam-lavagem-de-aviarios-e-pocilgas\/#respond"]}]},{"@type":"WebPage","@id":"https:\/\/folhapopular.info\/index.php\/2022\/08\/02\/agricultores-de-imigrante-aprovam-lavagem-de-aviarios-e-pocilgas\/","url":"https:\/\/folhapopular.info\/index.php\/2022\/08\/02\/agricultores-de-imigrante-aprovam-lavagem-de-aviarios-e-pocilgas\/","name":"Agricultores de Imigrante aprovam lavagem de avi\u00e1rios e pocilgas - Folha Popular","isPartOf":{"@id":"https:\/\/folhapopular.info\/#website"},"primaryImageOfPage":{"@id":"https:\/\/folhapopular.info\/index.php\/2022\/08\/02\/agricultores-de-imigrante-aprovam-lavagem-de-aviarios-e-pocilgas\/#primaryimage"},"image":{"@id":"https:\/\/folhapopular.info\/index.php\/2022\/08\/02\/agricultores-de-imigrante-aprovam-lavagem-de-aviarios-e-pocilgas\/#primaryimage"},"thumbnailUrl":"https:\/\/folhapopular.info\/wp-content\/uploads\/2022\/08\/MARCELO-MEIER-2-scaled-e1659381908790.jpg","datePublished":"2022-08-02T12:52:10+00:00","dateModified":"2022-08-02T12:52:14+00:00","author":{"@id":"https:\/\/folhapopular.info\/#\/schema\/person\/2814e8a0df7643585a9ca38bc6eb9d4b"},"breadcrumb":{"@id":"https:\/\/folhapopular.info\/index.php\/2022\/08\/02\/agricultores-de-imigrante-aprovam-lavagem-de-aviarios-e-pocilgas\/#breadcrumb"},"inLanguage":"pt-BR","potentialAction":[{"@type":"ReadAction","target":["https:\/\/folhapopular.info\/index.php\/2022\/08\/02\/agricultores-de-imigrante-aprovam-lavagem-de-aviarios-e-pocilgas\/"]}]},{"@type":"ImageObject","inLanguage":"pt-BR","@id":"https:\/\/folhapopular.info\/index.php\/2022\/08\/02\/agricultores-de-imigrante-aprovam-lavagem-de-aviarios-e-pocilgas\/#primaryimage","url":"https:\/\/folhapopular.info\/wp-content\/uploads\/2022\/08\/MARCELO-MEIER-2-scaled-e1659381908790.jpg","contentUrl":"https:\/\/folhapopular.info\/wp-content\/uploads\/2022\/08\/MARCELO-MEIER-2-scaled-e1659381908790.jpg","width":1200,"height":900,"caption":"Prefeito e secret\u00e1rio realizam roteiro, para ouvir as necessidades dos produtores \/ Cr\u00e9dito: Carlos Eduardo Schneider \/ Divulga\u00e7\u00e3o"},{"@type":"BreadcrumbList","@id":"https:\/\/folhapopular.info\/index.php\/2022\/08\/02\/agricultores-de-imigrante-aprovam-lavagem-de-aviarios-e-pocilgas\/#breadcrumb","itemListElement":[{"@type":"ListItem","position":1,"name":"In\u00edcio","item":"https:\/\/folhapopular.info\/"},{"@type":"ListItem","position":2,"name":"Agricultores de Imigrante aprovam lavagem de avi\u00e1rios e pocilgas"}]},{"@type":"WebSite","@id":"https:\/\/folhapopular.info\/#website","url":"https:\/\/folhapopular.info\/","name":"Folha Popular","description":"Onde voc\u00ea tem vez e voz","potentialAction":[{"@type":"SearchAction","target":{"@type":"EntryPoint","urlTemplate":"https:\/\/folhapopular.info\/?s={search_term_string}"},"query-input":{"@type":"PropertyValueSpecification","valueRequired":true,"valueName":"search_term_string"}}],"inLanguage":"pt-BR"},{"@type":"Person","@id":"https:\/\/folhapopular.info\/#\/schema\/person\/2814e8a0df7643585a9ca38bc6eb9d4b","name":"Reda\u00e7\u00e3o Folha Popular","image":{"@type":"ImageObject","inLanguage":"pt-BR","@id":"https:\/\/folhapopular.info\/wp-content\/uploads\/2026\/04\/Folha-1.webp","url":"https:\/\/folhapopular.info\/wp-content\/uploads\/2026\/04\/Folha-1.webp","contentUrl":"https:\/\/folhapopular.info\/wp-content\/uploads\/2026\/04\/Folha-1.webp","caption":"Reda\u00e7\u00e3o Folha Popular"},"url":"https:\/\/folhapopular.info\/index.php\/author\/redacao\/"}]}},"jetpack_featured_media_url":"https:\/\/folhapopular.info\/wp-content\/uploads\/2022\/08\/MARCELO-MEIER-2-scaled-e1659381908790.jpg","jetpack_sharing_enabled":true,"amp_enabled":true,"_links":{"self":[{"href":"https:\/\/folhapopular.info\/index.php\/wp-json\/wp\/v2\/posts\/109802","targetHints":{"allow":["GET"]}}],"collection":[{"href":"https:\/\/folhapopular.info\/index.php\/wp-json\/wp\/v2\/posts"}],"about":[{"href":"https:\/\/folhapopular.info\/index.php\/wp-json\/wp\/v2\/types\/post"}],"author":[{"embeddable":true,"href":"https:\/\/folhapopular.info\/index.php\/wp-json\/wp\/v2\/users\/8"}],"replies":[{"embeddable":true,"href":"https:\/\/folhapopular.info\/index.php\/wp-json\/wp\/v2\/comments?post=109802"}],"version-history":[{"count":0,"href":"https:\/\/folhapopular.info\/index.php\/wp-json\/wp\/v2\/posts\/109802\/revisions"}],"wp:featuredmedia":[{"embeddable":true,"href":"https:\/\/folhapopular.info\/index.php\/wp-json\/wp\/v2\/media\/109815"}],"wp:attachment":[{"href":"https:\/\/folhapopular.info\/index.php\/wp-json\/wp\/v2\/media?parent=109802"}],"wp:term":[{"taxonomy":"category","embeddable":true,"href":"https:\/\/folhapopular.info\/index.php\/wp-json\/wp\/v2\/categories?post=109802"},{"taxonomy":"post_tag","embeddable":true,"href":"https:\/\/folhapopular.info\/index.php\/wp-json\/wp\/v2\/tags?post=109802"}],"curies":[{"name":"wp","href":"https:\/\/api.w.org\/{rel}","templated":true}]}}