{"id":109873,"date":"2022-08-02T16:33:03","date_gmt":"2022-08-02T19:33:03","guid":{"rendered":"https:\/\/folhapopular.info\/?p=109873"},"modified":"2022-08-02T16:33:09","modified_gmt":"2022-08-02T19:33:09","slug":"municipios-gauchos-poderao-colaborar-com-rede-estadual-sobre-mudancas-climaticas","status":"publish","type":"post","link":"https:\/\/folhapopular.info\/index.php\/2022\/08\/02\/municipios-gauchos-poderao-colaborar-com-rede-estadual-sobre-mudancas-climaticas\/","title":{"rendered":"Munic\u00edpios ga\u00fachos poder\u00e3o colaborar com rede estadual sobre mudan\u00e7as clim\u00e1ticas"},"content":{"rendered":"\n<p>A Secretaria do Meio Ambiente e Infraestrutura (Sema) do Estado prop\u00f5e aos munic\u00edpios ga\u00fachos a realizarem o cadastramento gratuito em plataforma mundial de dados sobre mudan\u00e7as clim\u00e1ticas, que pode auxiliar na tomada de decis\u00f5es sobre o tema.<\/p>\n\n\n\n<p>O sistema de informa\u00e7\u00f5es foi apresentado a representantes de prefeituras em evento realizado nesta segunda-feira (1\u00ba\/8) pela Sema com o apoio da Federa\u00e7\u00e3o das Associa\u00e7\u00f5es de Munic\u00edpios do Rio Grande do Sul (Famurs), que sediou o encontro.<\/p>\n\n\n\n<p>O evento contou com a palestra de Andreia Banhe, gerente s\u00eanior do CDP, uma organiza\u00e7\u00e3o internacional sem fins lucrativos fundada em 2000, na Inglaterra, por um grupo de cientistas que identificou a falta de informa\u00e7\u00f5es sobre o clima para a tomada de decis\u00e3o dos investidores.<\/p>\n\n\n\n<p>Andreia falou sobre os benef\u00edcios aos munic\u00edpios que alimentarem a plataforma com os seus dados, como acesso a rede de parceiros, monitoramento das a\u00e7\u00f5es ambientais, gest\u00e3o de dados, oportunidades de financiamento e visibilidade internacional. \u201c\u00c9 um sistema para os munic\u00edpios monitorarem suas a\u00e7\u00f5es e servir\u00e1 para o Estado entender como os munic\u00edpios est\u00e3o agindo frente \u00e0s mudan\u00e7as do clima\u201d, explicou.<\/p>\n\n\n\n<p>N\u00e3o h\u00e1 um prazo m\u00e1ximo para o cadastro, por\u00e9m as prefeituras que alimentarem a plataforma at\u00e9 12 de agosto receber\u00e3o uma avalia\u00e7\u00e3o e um relat\u00f3rio personalizado, al\u00e9m de um certificado.&nbsp;<\/p>\n\n\n\n<p>No Rio Grande do Sul, cinco munic\u00edpios abastecem o sistema com informa\u00e7\u00f5es: Canoas, Dois Irm\u00e3os, Nova Santa Rita, Porto Alegre e S\u00e3o Leopoldo. O objetivo \u00e9 ter a ades\u00e3o de mais cidades.<\/p>\n\n\n\n<p>Para participar, de forma gratuita, a prefeitura dever\u00e1 encaminhar um <a href=\"reportecer@cdp.net\">e-mail<\/a>, que enviar\u00e1 um link personalizado para acessar a plataforma. As informa\u00e7\u00f5es tamb\u00e9m est\u00e3o dispon\u00edveis no <a href=\"http:\/\/www.cdp.net\">site<\/a>.\u00a0<\/p>\n\n\n\n<p>Os projetos do Estado relacionados ao tema est\u00e3o dispon\u00edveis no <a href=\"http:\/\/www.proclima2050.rs.gov.br\">site<\/a>.<\/p>\n","protected":false},"excerpt":{"rendered":"<p>A Secretaria do Meio Ambiente e Infraestrutura (Sema) do Estado prop\u00f5e aos munic\u00edpios ga\u00fachos a realizarem o cadastramento gratuito em plataforma mundial de dados sobre mudan\u00e7as clim\u00e1ticas, que pode auxiliar na tomada de decis\u00f5es sobre o tema. O sistema de informa\u00e7\u00f5es foi apresentado a representantes de prefeituras em evento realizado nesta segunda-feira (1\u00ba\/8) pela Sema [&hellip;]<\/p>\n","protected":false},"author":8,"featured_media":109877,"comment_status":"open","ping_status":"open","sticky":false,"template":"","format":"standard","meta":{"pmpro_default_level":"","_jetpack_memberships_contains_paid_content":false,"footnotes":""},"categories":[3],"tags":[176,7671,5373,45],"class_list":{"0":"post-109873","1":"post","2":"type-post","3":"status-publish","4":"format-standard","5":"has-post-thumbnail","7":"category-geral","8":"tag-estado","9":"tag-mudancas-climaticas","10":"tag-municipios","11":"tag-palestra","12":"pmpro-has-access"},"yoast_head":"<!-- This site is optimized with the Yoast SEO plugin v27.5 - https:\/\/yoast.com\/product\/yoast-seo-wordpress\/ -->\n<title>Munic\u00edpios ga\u00fachos poder\u00e3o colaborar com rede estadual sobre mudan\u00e7as clim\u00e1ticas - Folha Popular<\/title>\n<meta name=\"robots\" content=\"index, follow, max-snippet:-1, max-image-preview:large, max-video-preview:-1\" \/>\n<link rel=\"canonical\" href=\"https:\/\/folhapopular.info\/index.php\/2022\/08\/02\/municipios-gauchos-poderao-colaborar-com-rede-estadual-sobre-mudancas-climaticas\/\" \/>\n<meta property=\"og:locale\" content=\"pt_BR\" \/>\n<meta property=\"og:type\" content=\"article\" \/>\n<meta property=\"og:title\" content=\"Munic\u00edpios ga\u00fachos poder\u00e3o colaborar com rede estadual sobre mudan\u00e7as clim\u00e1ticas - Folha Popular\" \/>\n<meta property=\"og:description\" content=\"A Secretaria do Meio Ambiente e Infraestrutura (Sema) do Estado prop\u00f5e aos munic\u00edpios ga\u00fachos a realizarem o cadastramento gratuito em plataforma mundial de dados sobre mudan\u00e7as clim\u00e1ticas, que pode auxiliar na tomada de decis\u00f5es sobre o tema. O sistema de informa\u00e7\u00f5es foi apresentado a representantes de prefeituras em evento realizado nesta segunda-feira (1\u00ba\/8) pela Sema [&hellip;]\" \/>\n<meta property=\"og:url\" content=\"https:\/\/folhapopular.info\/index.php\/2022\/08\/02\/municipios-gauchos-poderao-colaborar-com-rede-estadual-sobre-mudancas-climaticas\/\" \/>\n<meta property=\"og:site_name\" content=\"Folha Popular\" \/>\n<meta property=\"article:published_time\" content=\"2022-08-02T19:33:03+00:00\" \/>\n<meta property=\"article:modified_time\" content=\"2022-08-02T19:33:09+00:00\" \/>\n<meta property=\"og:image\" content=\"http:\/\/folhapopular.info\/wp-content\/uploads\/2022\/08\/unnamed.jpg\" \/>\n\t<meta property=\"og:image:width\" content=\"800\" \/>\n\t<meta property=\"og:image:height\" content=\"450\" \/>\n\t<meta property=\"og:image:type\" content=\"image\/jpeg\" \/>\n<meta name=\"author\" content=\"Reda\u00e7\u00e3o Folha Popular\" \/>\n<meta name=\"twitter:card\" content=\"summary_large_image\" \/>\n<meta name=\"twitter:label1\" content=\"Escrito por\" \/>\n\t<meta name=\"twitter:data1\" content=\"Reda\u00e7\u00e3o Folha Popular\" \/>\n\t<meta name=\"twitter:label2\" content=\"Est. tempo de leitura\" \/>\n\t<meta name=\"twitter:data2\" content=\"2 minutos\" \/>\n<script type=\"application\/ld+json\" class=\"yoast-schema-graph\">{\"@context\":\"https:\\\/\\\/schema.org\",\"@graph\":[{\"@type\":\"Article\",\"@id\":\"https:\\\/\\\/folhapopular.info\\\/index.php\\\/2022\\\/08\\\/02\\\/municipios-gauchos-poderao-colaborar-com-rede-estadual-sobre-mudancas-climaticas\\\/#article\",\"isPartOf\":{\"@id\":\"https:\\\/\\\/folhapopular.info\\\/index.php\\\/2022\\\/08\\\/02\\\/municipios-gauchos-poderao-colaborar-com-rede-estadual-sobre-mudancas-climaticas\\\/\"},\"author\":{\"name\":\"Reda\u00e7\u00e3o Folha Popular\",\"@id\":\"https:\\\/\\\/folhapopular.info\\\/#\\\/schema\\\/person\\\/2814e8a0df7643585a9ca38bc6eb9d4b\"},\"headline\":\"Munic\u00edpios ga\u00fachos poder\u00e3o colaborar com rede estadual sobre mudan\u00e7as clim\u00e1ticas\",\"datePublished\":\"2022-08-02T19:33:03+00:00\",\"dateModified\":\"2022-08-02T19:33:09+00:00\",\"mainEntityOfPage\":{\"@id\":\"https:\\\/\\\/folhapopular.info\\\/index.php\\\/2022\\\/08\\\/02\\\/municipios-gauchos-poderao-colaborar-com-rede-estadual-sobre-mudancas-climaticas\\\/\"},\"wordCount\":331,\"commentCount\":0,\"image\":{\"@id\":\"https:\\\/\\\/folhapopular.info\\\/index.php\\\/2022\\\/08\\\/02\\\/municipios-gauchos-poderao-colaborar-com-rede-estadual-sobre-mudancas-climaticas\\\/#primaryimage\"},\"thumbnailUrl\":\"https:\\\/\\\/folhapopular.info\\\/wp-content\\\/uploads\\\/2022\\\/08\\\/unnamed.jpg\",\"keywords\":[\"Estado\",\"Mudan\u00e7as Clim\u00e1ticas\",\"munic\u00edpios\",\"palestra\"],\"articleSection\":[\"Geral\"],\"inLanguage\":\"pt-BR\",\"potentialAction\":[{\"@type\":\"CommentAction\",\"name\":\"Comment\",\"target\":[\"https:\\\/\\\/folhapopular.info\\\/index.php\\\/2022\\\/08\\\/02\\\/municipios-gauchos-poderao-colaborar-com-rede-estadual-sobre-mudancas-climaticas\\\/#respond\"]}]},{\"@type\":\"WebPage\",\"@id\":\"https:\\\/\\\/folhapopular.info\\\/index.php\\\/2022\\\/08\\\/02\\\/municipios-gauchos-poderao-colaborar-com-rede-estadual-sobre-mudancas-climaticas\\\/\",\"url\":\"https:\\\/\\\/folhapopular.info\\\/index.php\\\/2022\\\/08\\\/02\\\/municipios-gauchos-poderao-colaborar-com-rede-estadual-sobre-mudancas-climaticas\\\/\",\"name\":\"Munic\u00edpios ga\u00fachos poder\u00e3o colaborar com rede estadual sobre mudan\u00e7as clim\u00e1ticas - Folha Popular\",\"isPartOf\":{\"@id\":\"https:\\\/\\\/folhapopular.info\\\/#website\"},\"primaryImageOfPage\":{\"@id\":\"https:\\\/\\\/folhapopular.info\\\/index.php\\\/2022\\\/08\\\/02\\\/municipios-gauchos-poderao-colaborar-com-rede-estadual-sobre-mudancas-climaticas\\\/#primaryimage\"},\"image\":{\"@id\":\"https:\\\/\\\/folhapopular.info\\\/index.php\\\/2022\\\/08\\\/02\\\/municipios-gauchos-poderao-colaborar-com-rede-estadual-sobre-mudancas-climaticas\\\/#primaryimage\"},\"thumbnailUrl\":\"https:\\\/\\\/folhapopular.info\\\/wp-content\\\/uploads\\\/2022\\\/08\\\/unnamed.jpg\",\"datePublished\":\"2022-08-02T19:33:03+00:00\",\"dateModified\":\"2022-08-02T19:33:09+00:00\",\"author\":{\"@id\":\"https:\\\/\\\/folhapopular.info\\\/#\\\/schema\\\/person\\\/2814e8a0df7643585a9ca38bc6eb9d4b\"},\"breadcrumb\":{\"@id\":\"https:\\\/\\\/folhapopular.info\\\/index.php\\\/2022\\\/08\\\/02\\\/municipios-gauchos-poderao-colaborar-com-rede-estadual-sobre-mudancas-climaticas\\\/#breadcrumb\"},\"inLanguage\":\"pt-BR\",\"potentialAction\":[{\"@type\":\"ReadAction\",\"target\":[\"https:\\\/\\\/folhapopular.info\\\/index.php\\\/2022\\\/08\\\/02\\\/municipios-gauchos-poderao-colaborar-com-rede-estadual-sobre-mudancas-climaticas\\\/\"]}]},{\"@type\":\"ImageObject\",\"inLanguage\":\"pt-BR\",\"@id\":\"https:\\\/\\\/folhapopular.info\\\/index.php\\\/2022\\\/08\\\/02\\\/municipios-gauchos-poderao-colaborar-com-rede-estadual-sobre-mudancas-climaticas\\\/#primaryimage\",\"url\":\"https:\\\/\\\/folhapopular.info\\\/wp-content\\\/uploads\\\/2022\\\/08\\\/unnamed.jpg\",\"contentUrl\":\"https:\\\/\\\/folhapopular.info\\\/wp-content\\\/uploads\\\/2022\\\/08\\\/unnamed.jpg\",\"width\":800,\"height\":450,\"caption\":\"No evento, representantes municipais conheceram uma plataforma mundial de dados sobre mudan\u00e7as clim\u00e1ticas \\\/ Cr\u00e9dito: Sofia Alonso \\\/ Ascom Sema \\\/ Divulga\u00e7\u00e3o\"},{\"@type\":\"BreadcrumbList\",\"@id\":\"https:\\\/\\\/folhapopular.info\\\/index.php\\\/2022\\\/08\\\/02\\\/municipios-gauchos-poderao-colaborar-com-rede-estadual-sobre-mudancas-climaticas\\\/#breadcrumb\",\"itemListElement\":[{\"@type\":\"ListItem\",\"position\":1,\"name\":\"In\u00edcio\",\"item\":\"https:\\\/\\\/folhapopular.info\\\/\"},{\"@type\":\"ListItem\",\"position\":2,\"name\":\"Munic\u00edpios ga\u00fachos poder\u00e3o colaborar com rede estadual sobre mudan\u00e7as clim\u00e1ticas\"}]},{\"@type\":\"WebSite\",\"@id\":\"https:\\\/\\\/folhapopular.info\\\/#website\",\"url\":\"https:\\\/\\\/folhapopular.info\\\/\",\"name\":\"Folha Popular\",\"description\":\"Onde voc\u00ea tem vez e voz\",\"potentialAction\":[{\"@type\":\"SearchAction\",\"target\":{\"@type\":\"EntryPoint\",\"urlTemplate\":\"https:\\\/\\\/folhapopular.info\\\/?s={search_term_string}\"},\"query-input\":{\"@type\":\"PropertyValueSpecification\",\"valueRequired\":true,\"valueName\":\"search_term_string\"}}],\"inLanguage\":\"pt-BR\"},{\"@type\":\"Person\",\"@id\":\"https:\\\/\\\/folhapopular.info\\\/#\\\/schema\\\/person\\\/2814e8a0df7643585a9ca38bc6eb9d4b\",\"name\":\"Reda\u00e7\u00e3o Folha Popular\",\"image\":{\"@type\":\"ImageObject\",\"inLanguage\":\"pt-BR\",\"@id\":\"https:\\\/\\\/folhapopular.info\\\/wp-content\\\/uploads\\\/2026\\\/04\\\/Folha-1.webp\",\"url\":\"https:\\\/\\\/folhapopular.info\\\/wp-content\\\/uploads\\\/2026\\\/04\\\/Folha-1.webp\",\"contentUrl\":\"https:\\\/\\\/folhapopular.info\\\/wp-content\\\/uploads\\\/2026\\\/04\\\/Folha-1.webp\",\"caption\":\"Reda\u00e7\u00e3o Folha Popular\"},\"url\":\"https:\\\/\\\/folhapopular.info\\\/index.php\\\/author\\\/redacao\\\/\"}]}<\/script>\n<!-- \/ Yoast SEO plugin. -->","yoast_head_json":{"title":"Munic\u00edpios ga\u00fachos poder\u00e3o colaborar com rede estadual sobre mudan\u00e7as clim\u00e1ticas - Folha Popular","robots":{"index":"index","follow":"follow","max-snippet":"max-snippet:-1","max-image-preview":"max-image-preview:large","max-video-preview":"max-video-preview:-1"},"canonical":"https:\/\/folhapopular.info\/index.php\/2022\/08\/02\/municipios-gauchos-poderao-colaborar-com-rede-estadual-sobre-mudancas-climaticas\/","og_locale":"pt_BR","og_type":"article","og_title":"Munic\u00edpios ga\u00fachos poder\u00e3o colaborar com rede estadual sobre mudan\u00e7as clim\u00e1ticas - Folha Popular","og_description":"A Secretaria do Meio Ambiente e Infraestrutura (Sema) do Estado prop\u00f5e aos munic\u00edpios ga\u00fachos a realizarem o cadastramento gratuito em plataforma mundial de dados sobre mudan\u00e7as clim\u00e1ticas, que pode auxiliar na tomada de decis\u00f5es sobre o tema. O sistema de informa\u00e7\u00f5es foi apresentado a representantes de prefeituras em evento realizado nesta segunda-feira (1\u00ba\/8) pela Sema [&hellip;]","og_url":"https:\/\/folhapopular.info\/index.php\/2022\/08\/02\/municipios-gauchos-poderao-colaborar-com-rede-estadual-sobre-mudancas-climaticas\/","og_site_name":"Folha Popular","article_published_time":"2022-08-02T19:33:03+00:00","article_modified_time":"2022-08-02T19:33:09+00:00","og_image":[{"width":800,"height":450,"url":"http:\/\/folhapopular.info\/wp-content\/uploads\/2022\/08\/unnamed.jpg","type":"image\/jpeg"}],"author":"Reda\u00e7\u00e3o Folha Popular","twitter_card":"summary_large_image","twitter_misc":{"Escrito por":"Reda\u00e7\u00e3o Folha Popular","Est. tempo de leitura":"2 minutos"},"schema":{"@context":"https:\/\/schema.org","@graph":[{"@type":"Article","@id":"https:\/\/folhapopular.info\/index.php\/2022\/08\/02\/municipios-gauchos-poderao-colaborar-com-rede-estadual-sobre-mudancas-climaticas\/#article","isPartOf":{"@id":"https:\/\/folhapopular.info\/index.php\/2022\/08\/02\/municipios-gauchos-poderao-colaborar-com-rede-estadual-sobre-mudancas-climaticas\/"},"author":{"name":"Reda\u00e7\u00e3o Folha Popular","@id":"https:\/\/folhapopular.info\/#\/schema\/person\/2814e8a0df7643585a9ca38bc6eb9d4b"},"headline":"Munic\u00edpios ga\u00fachos poder\u00e3o colaborar com rede estadual sobre mudan\u00e7as clim\u00e1ticas","datePublished":"2022-08-02T19:33:03+00:00","dateModified":"2022-08-02T19:33:09+00:00","mainEntityOfPage":{"@id":"https:\/\/folhapopular.info\/index.php\/2022\/08\/02\/municipios-gauchos-poderao-colaborar-com-rede-estadual-sobre-mudancas-climaticas\/"},"wordCount":331,"commentCount":0,"image":{"@id":"https:\/\/folhapopular.info\/index.php\/2022\/08\/02\/municipios-gauchos-poderao-colaborar-com-rede-estadual-sobre-mudancas-climaticas\/#primaryimage"},"thumbnailUrl":"https:\/\/folhapopular.info\/wp-content\/uploads\/2022\/08\/unnamed.jpg","keywords":["Estado","Mudan\u00e7as Clim\u00e1ticas","munic\u00edpios","palestra"],"articleSection":["Geral"],"inLanguage":"pt-BR","potentialAction":[{"@type":"CommentAction","name":"Comment","target":["https:\/\/folhapopular.info\/index.php\/2022\/08\/02\/municipios-gauchos-poderao-colaborar-com-rede-estadual-sobre-mudancas-climaticas\/#respond"]}]},{"@type":"WebPage","@id":"https:\/\/folhapopular.info\/index.php\/2022\/08\/02\/municipios-gauchos-poderao-colaborar-com-rede-estadual-sobre-mudancas-climaticas\/","url":"https:\/\/folhapopular.info\/index.php\/2022\/08\/02\/municipios-gauchos-poderao-colaborar-com-rede-estadual-sobre-mudancas-climaticas\/","name":"Munic\u00edpios ga\u00fachos poder\u00e3o colaborar com rede estadual sobre mudan\u00e7as clim\u00e1ticas - Folha Popular","isPartOf":{"@id":"https:\/\/folhapopular.info\/#website"},"primaryImageOfPage":{"@id":"https:\/\/folhapopular.info\/index.php\/2022\/08\/02\/municipios-gauchos-poderao-colaborar-com-rede-estadual-sobre-mudancas-climaticas\/#primaryimage"},"image":{"@id":"https:\/\/folhapopular.info\/index.php\/2022\/08\/02\/municipios-gauchos-poderao-colaborar-com-rede-estadual-sobre-mudancas-climaticas\/#primaryimage"},"thumbnailUrl":"https:\/\/folhapopular.info\/wp-content\/uploads\/2022\/08\/unnamed.jpg","datePublished":"2022-08-02T19:33:03+00:00","dateModified":"2022-08-02T19:33:09+00:00","author":{"@id":"https:\/\/folhapopular.info\/#\/schema\/person\/2814e8a0df7643585a9ca38bc6eb9d4b"},"breadcrumb":{"@id":"https:\/\/folhapopular.info\/index.php\/2022\/08\/02\/municipios-gauchos-poderao-colaborar-com-rede-estadual-sobre-mudancas-climaticas\/#breadcrumb"},"inLanguage":"pt-BR","potentialAction":[{"@type":"ReadAction","target":["https:\/\/folhapopular.info\/index.php\/2022\/08\/02\/municipios-gauchos-poderao-colaborar-com-rede-estadual-sobre-mudancas-climaticas\/"]}]},{"@type":"ImageObject","inLanguage":"pt-BR","@id":"https:\/\/folhapopular.info\/index.php\/2022\/08\/02\/municipios-gauchos-poderao-colaborar-com-rede-estadual-sobre-mudancas-climaticas\/#primaryimage","url":"https:\/\/folhapopular.info\/wp-content\/uploads\/2022\/08\/unnamed.jpg","contentUrl":"https:\/\/folhapopular.info\/wp-content\/uploads\/2022\/08\/unnamed.jpg","width":800,"height":450,"caption":"No evento, representantes municipais conheceram uma plataforma mundial de dados sobre mudan\u00e7as clim\u00e1ticas \/ Cr\u00e9dito: Sofia Alonso \/ Ascom Sema \/ Divulga\u00e7\u00e3o"},{"@type":"BreadcrumbList","@id":"https:\/\/folhapopular.info\/index.php\/2022\/08\/02\/municipios-gauchos-poderao-colaborar-com-rede-estadual-sobre-mudancas-climaticas\/#breadcrumb","itemListElement":[{"@type":"ListItem","position":1,"name":"In\u00edcio","item":"https:\/\/folhapopular.info\/"},{"@type":"ListItem","position":2,"name":"Munic\u00edpios ga\u00fachos poder\u00e3o colaborar com rede estadual sobre mudan\u00e7as clim\u00e1ticas"}]},{"@type":"WebSite","@id":"https:\/\/folhapopular.info\/#website","url":"https:\/\/folhapopular.info\/","name":"Folha Popular","description":"Onde voc\u00ea tem vez e voz","potentialAction":[{"@type":"SearchAction","target":{"@type":"EntryPoint","urlTemplate":"https:\/\/folhapopular.info\/?s={search_term_string}"},"query-input":{"@type":"PropertyValueSpecification","valueRequired":true,"valueName":"search_term_string"}}],"inLanguage":"pt-BR"},{"@type":"Person","@id":"https:\/\/folhapopular.info\/#\/schema\/person\/2814e8a0df7643585a9ca38bc6eb9d4b","name":"Reda\u00e7\u00e3o Folha Popular","image":{"@type":"ImageObject","inLanguage":"pt-BR","@id":"https:\/\/folhapopular.info\/wp-content\/uploads\/2026\/04\/Folha-1.webp","url":"https:\/\/folhapopular.info\/wp-content\/uploads\/2026\/04\/Folha-1.webp","contentUrl":"https:\/\/folhapopular.info\/wp-content\/uploads\/2026\/04\/Folha-1.webp","caption":"Reda\u00e7\u00e3o Folha Popular"},"url":"https:\/\/folhapopular.info\/index.php\/author\/redacao\/"}]}},"jetpack_featured_media_url":"https:\/\/folhapopular.info\/wp-content\/uploads\/2022\/08\/unnamed.jpg","jetpack_sharing_enabled":true,"amp_enabled":true,"_links":{"self":[{"href":"https:\/\/folhapopular.info\/index.php\/wp-json\/wp\/v2\/posts\/109873","targetHints":{"allow":["GET"]}}],"collection":[{"href":"https:\/\/folhapopular.info\/index.php\/wp-json\/wp\/v2\/posts"}],"about":[{"href":"https:\/\/folhapopular.info\/index.php\/wp-json\/wp\/v2\/types\/post"}],"author":[{"embeddable":true,"href":"https:\/\/folhapopular.info\/index.php\/wp-json\/wp\/v2\/users\/8"}],"replies":[{"embeddable":true,"href":"https:\/\/folhapopular.info\/index.php\/wp-json\/wp\/v2\/comments?post=109873"}],"version-history":[{"count":0,"href":"https:\/\/folhapopular.info\/index.php\/wp-json\/wp\/v2\/posts\/109873\/revisions"}],"wp:featuredmedia":[{"embeddable":true,"href":"https:\/\/folhapopular.info\/index.php\/wp-json\/wp\/v2\/media\/109877"}],"wp:attachment":[{"href":"https:\/\/folhapopular.info\/index.php\/wp-json\/wp\/v2\/media?parent=109873"}],"wp:term":[{"taxonomy":"category","embeddable":true,"href":"https:\/\/folhapopular.info\/index.php\/wp-json\/wp\/v2\/categories?post=109873"},{"taxonomy":"post_tag","embeddable":true,"href":"https:\/\/folhapopular.info\/index.php\/wp-json\/wp\/v2\/tags?post=109873"}],"curies":[{"name":"wp","href":"https:\/\/api.w.org\/{rel}","templated":true}]}}