{"id":109920,"date":"2022-08-03T11:06:04","date_gmt":"2022-08-03T14:06:04","guid":{"rendered":"https:\/\/folhapopular.info\/?p=109920"},"modified":"2022-08-03T11:06:09","modified_gmt":"2022-08-03T14:06:09","slug":"campanha-contra-poliomielite-e-de-multivacinacao-iniciam-na-segunda-feira-em-teutonia","status":"publish","type":"post","link":"https:\/\/folhapopular.info\/index.php\/2022\/08\/03\/campanha-contra-poliomielite-e-de-multivacinacao-iniciam-na-segunda-feira-em-teutonia\/","title":{"rendered":"Campanha contra Poliomielite e de Multivacina\u00e7\u00e3o iniciam na segunda-feira em Teut\u00f4nia"},"content":{"rendered":"\n<p>A Secretaria Municipal de Sa\u00fade de Teut\u00f4nia inicia na segunda-feira (8\/8) a campanha de vacina\u00e7\u00e3o contra Poliomielite para crian\u00e7as de 1 a 5 anos incompletos (4 anos, 11 meses e 29 dias).<\/p>\n\n\n\n<p>Inicia tamb\u00e9m a campanha de Multivacina\u00e7\u00e3o para atualiza\u00e7\u00e3o vacinal de crian\u00e7as e adolescentes at\u00e9 15 anos incompletos (14 anos, 11 meses e 29 dias). A aplica\u00e7\u00e3o ocorrer\u00e1 em todas as Unidades B\u00e1sicas de Sa\u00fade, sem necessidade de agendamento pr\u00e9vio.<\/p>\n\n\n\n<p>No dia 20 de agosto (s\u00e1bado), ser\u00e1 realizado o Dia D da campanha, uma a\u00e7\u00e3o voltada a atender as fam\u00edlias que n\u00e3o conseguem levar seus filhos para receber os imunizantes durante a semana. As equipes estar\u00e3o aplicando as vacinas em todas as unidades b\u00e1sicas de sa\u00fade, das 8h \u00e0s 17h, sem fechar ao meio-dia.\u00a0\u00a0<\/p>\n\n\n\n<p>Os pais ou respons\u00e1veis devem procurar as unidades de sa\u00fade, levando consigo a carteira de vacina\u00e7\u00e3o e cart\u00e3o do SUS.<\/p>\n\n\n\n<p>De acordo com a Vigil\u00e2ncia Epidemiol\u00f3gica, a\u00a0vacina\u00e7\u00e3o \u00e9 uma interven\u00e7\u00e3o de elevado benef\u00edcio, pois tem\u00a0contribu\u00eddo para o avan\u00e7o no caminho da erradica\u00e7\u00e3o da poliomielite e no\u00a0alcance da elimina\u00e7\u00e3o de doen\u00e7as como a rub\u00e9ola e a s\u00edndrome da rub\u00e9ola cong\u00eanita (SRC),\u00a0al\u00e9m de prevenir e controlar outras doen\u00e7as que podem ser evitadas atrav\u00e9s das vacinas.<\/p>\n\n\n\n<p><strong>Postos de Sa\u00fade<\/strong><\/p>\n\n\n\n<p>Em caso de d\u00favidas ou necessidade de mais informa\u00e7\u00f5es, entre em contato com o posto de sa\u00fade do seu bairro:<\/p>\n\n\n\n<p>Posto de Sa\u00fade \u2013 Bairro Alesgut<\/p>\n\n\n\n<p>(51) 3762-1109<\/p>\n\n\n\n<p>Posto de Sa\u00fade \u2013 Bairro Boa Vista<\/p>\n\n\n\n<p>(51) 3762-2370<\/p>\n\n\n\n<p>Posto de Sa\u00fade \u2013 Bairro Canabarro<\/p>\n\n\n\n<p><a><\/a>(51) 3762-7800<\/p>\n\n\n\n<p>Posto de Sa\u00fade \u2013 Bairro Languiru<\/p>\n\n\n\n<p><a><\/a>(51) 3762-2573<\/p>\n\n\n\n<p>Posto de Sa\u00fade \u2013 Bairro Teut\u00f4nia<\/p>\n\n\n\n<p><a><\/a>(51) 3762-6031<\/p>\n\n\n\n<p>Posto de Sa\u00fade \u2013 Loteamento 8<\/p>\n\n\n\n<p><a><\/a>(51) 3762-8436<\/p>\n\n\n\n<p>ESF 3 \u2013 Bairro Canabarro<\/p>\n\n\n\n<p><a><\/a>(51)3762-7806&nbsp;<\/p>\n","protected":false},"excerpt":{"rendered":"<p>A Secretaria Municipal de Sa\u00fade de Teut\u00f4nia inicia na segunda-feira (8\/8) a campanha de vacina\u00e7\u00e3o contra Poliomielite para crian\u00e7as de 1 a 5 anos incompletos (4 anos, 11 meses e 29 dias). Inicia tamb\u00e9m a campanha de Multivacina\u00e7\u00e3o para atualiza\u00e7\u00e3o vacinal de crian\u00e7as e adolescentes at\u00e9 15 anos incompletos (14 anos, 11 meses e 29 [&hellip;]<\/p>\n","protected":false},"author":8,"featured_media":109921,"comment_status":"open","ping_status":"open","sticky":false,"template":"","format":"standard","meta":{"pmpro_default_level":"","_jetpack_memberships_contains_paid_content":false,"footnotes":""},"categories":[2,3],"tags":[],"class_list":{"0":"post-109920","1":"post","2":"type-post","3":"status-publish","4":"format-standard","5":"has-post-thumbnail","7":"category-featured","8":"category-geral","9":"pmpro-has-access"},"yoast_head":"<!-- This site is optimized with the Yoast SEO plugin v27.5 - https:\/\/yoast.com\/product\/yoast-seo-wordpress\/ -->\n<title>Campanha contra Poliomielite e de Multivacina\u00e7\u00e3o iniciam na segunda-feira em Teut\u00f4nia - Folha Popular<\/title>\n<meta name=\"robots\" content=\"index, follow, max-snippet:-1, max-image-preview:large, max-video-preview:-1\" \/>\n<link rel=\"canonical\" href=\"https:\/\/folhapopular.info\/index.php\/2022\/08\/03\/campanha-contra-poliomielite-e-de-multivacinacao-iniciam-na-segunda-feira-em-teutonia\/\" \/>\n<meta property=\"og:locale\" content=\"pt_BR\" \/>\n<meta property=\"og:type\" content=\"article\" \/>\n<meta property=\"og:title\" content=\"Campanha contra Poliomielite e de Multivacina\u00e7\u00e3o iniciam na segunda-feira em Teut\u00f4nia - Folha Popular\" \/>\n<meta property=\"og:description\" content=\"A Secretaria Municipal de Sa\u00fade de Teut\u00f4nia inicia na segunda-feira (8\/8) a campanha de vacina\u00e7\u00e3o contra Poliomielite para crian\u00e7as de 1 a 5 anos incompletos (4 anos, 11 meses e 29 dias). Inicia tamb\u00e9m a campanha de Multivacina\u00e7\u00e3o para atualiza\u00e7\u00e3o vacinal de crian\u00e7as e adolescentes at\u00e9 15 anos incompletos (14 anos, 11 meses e 29 [&hellip;]\" \/>\n<meta property=\"og:url\" content=\"https:\/\/folhapopular.info\/index.php\/2022\/08\/03\/campanha-contra-poliomielite-e-de-multivacinacao-iniciam-na-segunda-feira-em-teutonia\/\" \/>\n<meta property=\"og:site_name\" content=\"Folha Popular\" \/>\n<meta property=\"article:published_time\" content=\"2022-08-03T14:06:04+00:00\" \/>\n<meta property=\"article:modified_time\" content=\"2022-08-03T14:06:09+00:00\" \/>\n<meta property=\"og:image\" content=\"http:\/\/folhapopular.info\/wp-content\/uploads\/2022\/08\/2022_08_03_Campanha-de-vacinacao-contra-Poliomielite-e-Multivacinacao-iniciam-na-segunda-feira-1-scaled-e1659535552207.jpg\" \/>\n\t<meta property=\"og:image:width\" content=\"1200\" \/>\n\t<meta property=\"og:image:height\" content=\"800\" \/>\n\t<meta property=\"og:image:type\" content=\"image\/jpeg\" \/>\n<meta name=\"author\" content=\"Reda\u00e7\u00e3o Folha Popular\" \/>\n<meta name=\"twitter:card\" content=\"summary_large_image\" \/>\n<meta name=\"twitter:label1\" content=\"Escrito por\" \/>\n\t<meta name=\"twitter:data1\" content=\"Reda\u00e7\u00e3o Folha Popular\" \/>\n\t<meta name=\"twitter:label2\" content=\"Est. tempo de leitura\" \/>\n\t<meta name=\"twitter:data2\" content=\"2 minutos\" \/>\n<script type=\"application\/ld+json\" class=\"yoast-schema-graph\">{\"@context\":\"https:\\\/\\\/schema.org\",\"@graph\":[{\"@type\":\"Article\",\"@id\":\"https:\\\/\\\/folhapopular.info\\\/index.php\\\/2022\\\/08\\\/03\\\/campanha-contra-poliomielite-e-de-multivacinacao-iniciam-na-segunda-feira-em-teutonia\\\/#article\",\"isPartOf\":{\"@id\":\"https:\\\/\\\/folhapopular.info\\\/index.php\\\/2022\\\/08\\\/03\\\/campanha-contra-poliomielite-e-de-multivacinacao-iniciam-na-segunda-feira-em-teutonia\\\/\"},\"author\":{\"name\":\"Reda\u00e7\u00e3o Folha Popular\",\"@id\":\"https:\\\/\\\/folhapopular.info\\\/#\\\/schema\\\/person\\\/2814e8a0df7643585a9ca38bc6eb9d4b\"},\"headline\":\"Campanha contra Poliomielite e de Multivacina\u00e7\u00e3o iniciam na segunda-feira em Teut\u00f4nia\",\"datePublished\":\"2022-08-03T14:06:04+00:00\",\"dateModified\":\"2022-08-03T14:06:09+00:00\",\"mainEntityOfPage\":{\"@id\":\"https:\\\/\\\/folhapopular.info\\\/index.php\\\/2022\\\/08\\\/03\\\/campanha-contra-poliomielite-e-de-multivacinacao-iniciam-na-segunda-feira-em-teutonia\\\/\"},\"wordCount\":318,\"commentCount\":0,\"image\":{\"@id\":\"https:\\\/\\\/folhapopular.info\\\/index.php\\\/2022\\\/08\\\/03\\\/campanha-contra-poliomielite-e-de-multivacinacao-iniciam-na-segunda-feira-em-teutonia\\\/#primaryimage\"},\"thumbnailUrl\":\"https:\\\/\\\/folhapopular.info\\\/wp-content\\\/uploads\\\/2022\\\/08\\\/2022_08_03_Campanha-de-vacinacao-contra-Poliomielite-e-Multivacinacao-iniciam-na-segunda-feira-1-scaled-e1659535552207.jpg\",\"articleSection\":[\"Destaques\",\"Geral\"],\"inLanguage\":\"pt-BR\",\"potentialAction\":[{\"@type\":\"CommentAction\",\"name\":\"Comment\",\"target\":[\"https:\\\/\\\/folhapopular.info\\\/index.php\\\/2022\\\/08\\\/03\\\/campanha-contra-poliomielite-e-de-multivacinacao-iniciam-na-segunda-feira-em-teutonia\\\/#respond\"]}]},{\"@type\":\"WebPage\",\"@id\":\"https:\\\/\\\/folhapopular.info\\\/index.php\\\/2022\\\/08\\\/03\\\/campanha-contra-poliomielite-e-de-multivacinacao-iniciam-na-segunda-feira-em-teutonia\\\/\",\"url\":\"https:\\\/\\\/folhapopular.info\\\/index.php\\\/2022\\\/08\\\/03\\\/campanha-contra-poliomielite-e-de-multivacinacao-iniciam-na-segunda-feira-em-teutonia\\\/\",\"name\":\"Campanha contra Poliomielite e de Multivacina\u00e7\u00e3o iniciam na segunda-feira em Teut\u00f4nia - Folha Popular\",\"isPartOf\":{\"@id\":\"https:\\\/\\\/folhapopular.info\\\/#website\"},\"primaryImageOfPage\":{\"@id\":\"https:\\\/\\\/folhapopular.info\\\/index.php\\\/2022\\\/08\\\/03\\\/campanha-contra-poliomielite-e-de-multivacinacao-iniciam-na-segunda-feira-em-teutonia\\\/#primaryimage\"},\"image\":{\"@id\":\"https:\\\/\\\/folhapopular.info\\\/index.php\\\/2022\\\/08\\\/03\\\/campanha-contra-poliomielite-e-de-multivacinacao-iniciam-na-segunda-feira-em-teutonia\\\/#primaryimage\"},\"thumbnailUrl\":\"https:\\\/\\\/folhapopular.info\\\/wp-content\\\/uploads\\\/2022\\\/08\\\/2022_08_03_Campanha-de-vacinacao-contra-Poliomielite-e-Multivacinacao-iniciam-na-segunda-feira-1-scaled-e1659535552207.jpg\",\"datePublished\":\"2022-08-03T14:06:04+00:00\",\"dateModified\":\"2022-08-03T14:06:09+00:00\",\"author\":{\"@id\":\"https:\\\/\\\/folhapopular.info\\\/#\\\/schema\\\/person\\\/2814e8a0df7643585a9ca38bc6eb9d4b\"},\"breadcrumb\":{\"@id\":\"https:\\\/\\\/folhapopular.info\\\/index.php\\\/2022\\\/08\\\/03\\\/campanha-contra-poliomielite-e-de-multivacinacao-iniciam-na-segunda-feira-em-teutonia\\\/#breadcrumb\"},\"inLanguage\":\"pt-BR\",\"potentialAction\":[{\"@type\":\"ReadAction\",\"target\":[\"https:\\\/\\\/folhapopular.info\\\/index.php\\\/2022\\\/08\\\/03\\\/campanha-contra-poliomielite-e-de-multivacinacao-iniciam-na-segunda-feira-em-teutonia\\\/\"]}]},{\"@type\":\"ImageObject\",\"inLanguage\":\"pt-BR\",\"@id\":\"https:\\\/\\\/folhapopular.info\\\/index.php\\\/2022\\\/08\\\/03\\\/campanha-contra-poliomielite-e-de-multivacinacao-iniciam-na-segunda-feira-em-teutonia\\\/#primaryimage\",\"url\":\"https:\\\/\\\/folhapopular.info\\\/wp-content\\\/uploads\\\/2022\\\/08\\\/2022_08_03_Campanha-de-vacinacao-contra-Poliomielite-e-Multivacinacao-iniciam-na-segunda-feira-1-scaled-e1659535552207.jpg\",\"contentUrl\":\"https:\\\/\\\/folhapopular.info\\\/wp-content\\\/uploads\\\/2022\\\/08\\\/2022_08_03_Campanha-de-vacinacao-contra-Poliomielite-e-Multivacinacao-iniciam-na-segunda-feira-1-scaled-e1659535552207.jpg\",\"width\":1200,\"height\":800},{\"@type\":\"BreadcrumbList\",\"@id\":\"https:\\\/\\\/folhapopular.info\\\/index.php\\\/2022\\\/08\\\/03\\\/campanha-contra-poliomielite-e-de-multivacinacao-iniciam-na-segunda-feira-em-teutonia\\\/#breadcrumb\",\"itemListElement\":[{\"@type\":\"ListItem\",\"position\":1,\"name\":\"In\u00edcio\",\"item\":\"https:\\\/\\\/folhapopular.info\\\/\"},{\"@type\":\"ListItem\",\"position\":2,\"name\":\"Campanha contra Poliomielite e de Multivacina\u00e7\u00e3o iniciam na segunda-feira em Teut\u00f4nia\"}]},{\"@type\":\"WebSite\",\"@id\":\"https:\\\/\\\/folhapopular.info\\\/#website\",\"url\":\"https:\\\/\\\/folhapopular.info\\\/\",\"name\":\"Folha Popular\",\"description\":\"Onde voc\u00ea tem vez e voz\",\"potentialAction\":[{\"@type\":\"SearchAction\",\"target\":{\"@type\":\"EntryPoint\",\"urlTemplate\":\"https:\\\/\\\/folhapopular.info\\\/?s={search_term_string}\"},\"query-input\":{\"@type\":\"PropertyValueSpecification\",\"valueRequired\":true,\"valueName\":\"search_term_string\"}}],\"inLanguage\":\"pt-BR\"},{\"@type\":\"Person\",\"@id\":\"https:\\\/\\\/folhapopular.info\\\/#\\\/schema\\\/person\\\/2814e8a0df7643585a9ca38bc6eb9d4b\",\"name\":\"Reda\u00e7\u00e3o Folha Popular\",\"image\":{\"@type\":\"ImageObject\",\"inLanguage\":\"pt-BR\",\"@id\":\"https:\\\/\\\/folhapopular.info\\\/wp-content\\\/uploads\\\/2026\\\/04\\\/Folha-1.webp\",\"url\":\"https:\\\/\\\/folhapopular.info\\\/wp-content\\\/uploads\\\/2026\\\/04\\\/Folha-1.webp\",\"contentUrl\":\"https:\\\/\\\/folhapopular.info\\\/wp-content\\\/uploads\\\/2026\\\/04\\\/Folha-1.webp\",\"caption\":\"Reda\u00e7\u00e3o Folha Popular\"},\"url\":\"https:\\\/\\\/folhapopular.info\\\/index.php\\\/author\\\/redacao\\\/\"}]}<\/script>\n<!-- \/ Yoast SEO plugin. -->","yoast_head_json":{"title":"Campanha contra Poliomielite e de Multivacina\u00e7\u00e3o iniciam na segunda-feira em Teut\u00f4nia - Folha Popular","robots":{"index":"index","follow":"follow","max-snippet":"max-snippet:-1","max-image-preview":"max-image-preview:large","max-video-preview":"max-video-preview:-1"},"canonical":"https:\/\/folhapopular.info\/index.php\/2022\/08\/03\/campanha-contra-poliomielite-e-de-multivacinacao-iniciam-na-segunda-feira-em-teutonia\/","og_locale":"pt_BR","og_type":"article","og_title":"Campanha contra Poliomielite e de Multivacina\u00e7\u00e3o iniciam na segunda-feira em Teut\u00f4nia - Folha Popular","og_description":"A Secretaria Municipal de Sa\u00fade de Teut\u00f4nia inicia na segunda-feira (8\/8) a campanha de vacina\u00e7\u00e3o contra Poliomielite para crian\u00e7as de 1 a 5 anos incompletos (4 anos, 11 meses e 29 dias). Inicia tamb\u00e9m a campanha de Multivacina\u00e7\u00e3o para atualiza\u00e7\u00e3o vacinal de crian\u00e7as e adolescentes at\u00e9 15 anos incompletos (14 anos, 11 meses e 29 [&hellip;]","og_url":"https:\/\/folhapopular.info\/index.php\/2022\/08\/03\/campanha-contra-poliomielite-e-de-multivacinacao-iniciam-na-segunda-feira-em-teutonia\/","og_site_name":"Folha Popular","article_published_time":"2022-08-03T14:06:04+00:00","article_modified_time":"2022-08-03T14:06:09+00:00","og_image":[{"width":1200,"height":800,"url":"http:\/\/folhapopular.info\/wp-content\/uploads\/2022\/08\/2022_08_03_Campanha-de-vacinacao-contra-Poliomielite-e-Multivacinacao-iniciam-na-segunda-feira-1-scaled-e1659535552207.jpg","type":"image\/jpeg"}],"author":"Reda\u00e7\u00e3o Folha Popular","twitter_card":"summary_large_image","twitter_misc":{"Escrito por":"Reda\u00e7\u00e3o Folha Popular","Est. tempo de leitura":"2 minutos"},"schema":{"@context":"https:\/\/schema.org","@graph":[{"@type":"Article","@id":"https:\/\/folhapopular.info\/index.php\/2022\/08\/03\/campanha-contra-poliomielite-e-de-multivacinacao-iniciam-na-segunda-feira-em-teutonia\/#article","isPartOf":{"@id":"https:\/\/folhapopular.info\/index.php\/2022\/08\/03\/campanha-contra-poliomielite-e-de-multivacinacao-iniciam-na-segunda-feira-em-teutonia\/"},"author":{"name":"Reda\u00e7\u00e3o Folha Popular","@id":"https:\/\/folhapopular.info\/#\/schema\/person\/2814e8a0df7643585a9ca38bc6eb9d4b"},"headline":"Campanha contra Poliomielite e de Multivacina\u00e7\u00e3o iniciam na segunda-feira em Teut\u00f4nia","datePublished":"2022-08-03T14:06:04+00:00","dateModified":"2022-08-03T14:06:09+00:00","mainEntityOfPage":{"@id":"https:\/\/folhapopular.info\/index.php\/2022\/08\/03\/campanha-contra-poliomielite-e-de-multivacinacao-iniciam-na-segunda-feira-em-teutonia\/"},"wordCount":318,"commentCount":0,"image":{"@id":"https:\/\/folhapopular.info\/index.php\/2022\/08\/03\/campanha-contra-poliomielite-e-de-multivacinacao-iniciam-na-segunda-feira-em-teutonia\/#primaryimage"},"thumbnailUrl":"https:\/\/folhapopular.info\/wp-content\/uploads\/2022\/08\/2022_08_03_Campanha-de-vacinacao-contra-Poliomielite-e-Multivacinacao-iniciam-na-segunda-feira-1-scaled-e1659535552207.jpg","articleSection":["Destaques","Geral"],"inLanguage":"pt-BR","potentialAction":[{"@type":"CommentAction","name":"Comment","target":["https:\/\/folhapopular.info\/index.php\/2022\/08\/03\/campanha-contra-poliomielite-e-de-multivacinacao-iniciam-na-segunda-feira-em-teutonia\/#respond"]}]},{"@type":"WebPage","@id":"https:\/\/folhapopular.info\/index.php\/2022\/08\/03\/campanha-contra-poliomielite-e-de-multivacinacao-iniciam-na-segunda-feira-em-teutonia\/","url":"https:\/\/folhapopular.info\/index.php\/2022\/08\/03\/campanha-contra-poliomielite-e-de-multivacinacao-iniciam-na-segunda-feira-em-teutonia\/","name":"Campanha contra Poliomielite e de Multivacina\u00e7\u00e3o iniciam na segunda-feira em Teut\u00f4nia - Folha Popular","isPartOf":{"@id":"https:\/\/folhapopular.info\/#website"},"primaryImageOfPage":{"@id":"https:\/\/folhapopular.info\/index.php\/2022\/08\/03\/campanha-contra-poliomielite-e-de-multivacinacao-iniciam-na-segunda-feira-em-teutonia\/#primaryimage"},"image":{"@id":"https:\/\/folhapopular.info\/index.php\/2022\/08\/03\/campanha-contra-poliomielite-e-de-multivacinacao-iniciam-na-segunda-feira-em-teutonia\/#primaryimage"},"thumbnailUrl":"https:\/\/folhapopular.info\/wp-content\/uploads\/2022\/08\/2022_08_03_Campanha-de-vacinacao-contra-Poliomielite-e-Multivacinacao-iniciam-na-segunda-feira-1-scaled-e1659535552207.jpg","datePublished":"2022-08-03T14:06:04+00:00","dateModified":"2022-08-03T14:06:09+00:00","author":{"@id":"https:\/\/folhapopular.info\/#\/schema\/person\/2814e8a0df7643585a9ca38bc6eb9d4b"},"breadcrumb":{"@id":"https:\/\/folhapopular.info\/index.php\/2022\/08\/03\/campanha-contra-poliomielite-e-de-multivacinacao-iniciam-na-segunda-feira-em-teutonia\/#breadcrumb"},"inLanguage":"pt-BR","potentialAction":[{"@type":"ReadAction","target":["https:\/\/folhapopular.info\/index.php\/2022\/08\/03\/campanha-contra-poliomielite-e-de-multivacinacao-iniciam-na-segunda-feira-em-teutonia\/"]}]},{"@type":"ImageObject","inLanguage":"pt-BR","@id":"https:\/\/folhapopular.info\/index.php\/2022\/08\/03\/campanha-contra-poliomielite-e-de-multivacinacao-iniciam-na-segunda-feira-em-teutonia\/#primaryimage","url":"https:\/\/folhapopular.info\/wp-content\/uploads\/2022\/08\/2022_08_03_Campanha-de-vacinacao-contra-Poliomielite-e-Multivacinacao-iniciam-na-segunda-feira-1-scaled-e1659535552207.jpg","contentUrl":"https:\/\/folhapopular.info\/wp-content\/uploads\/2022\/08\/2022_08_03_Campanha-de-vacinacao-contra-Poliomielite-e-Multivacinacao-iniciam-na-segunda-feira-1-scaled-e1659535552207.jpg","width":1200,"height":800},{"@type":"BreadcrumbList","@id":"https:\/\/folhapopular.info\/index.php\/2022\/08\/03\/campanha-contra-poliomielite-e-de-multivacinacao-iniciam-na-segunda-feira-em-teutonia\/#breadcrumb","itemListElement":[{"@type":"ListItem","position":1,"name":"In\u00edcio","item":"https:\/\/folhapopular.info\/"},{"@type":"ListItem","position":2,"name":"Campanha contra Poliomielite e de Multivacina\u00e7\u00e3o iniciam na segunda-feira em Teut\u00f4nia"}]},{"@type":"WebSite","@id":"https:\/\/folhapopular.info\/#website","url":"https:\/\/folhapopular.info\/","name":"Folha Popular","description":"Onde voc\u00ea tem vez e voz","potentialAction":[{"@type":"SearchAction","target":{"@type":"EntryPoint","urlTemplate":"https:\/\/folhapopular.info\/?s={search_term_string}"},"query-input":{"@type":"PropertyValueSpecification","valueRequired":true,"valueName":"search_term_string"}}],"inLanguage":"pt-BR"},{"@type":"Person","@id":"https:\/\/folhapopular.info\/#\/schema\/person\/2814e8a0df7643585a9ca38bc6eb9d4b","name":"Reda\u00e7\u00e3o Folha Popular","image":{"@type":"ImageObject","inLanguage":"pt-BR","@id":"https:\/\/folhapopular.info\/wp-content\/uploads\/2026\/04\/Folha-1.webp","url":"https:\/\/folhapopular.info\/wp-content\/uploads\/2026\/04\/Folha-1.webp","contentUrl":"https:\/\/folhapopular.info\/wp-content\/uploads\/2026\/04\/Folha-1.webp","caption":"Reda\u00e7\u00e3o Folha Popular"},"url":"https:\/\/folhapopular.info\/index.php\/author\/redacao\/"}]}},"jetpack_featured_media_url":"https:\/\/folhapopular.info\/wp-content\/uploads\/2022\/08\/2022_08_03_Campanha-de-vacinacao-contra-Poliomielite-e-Multivacinacao-iniciam-na-segunda-feira-1-scaled-e1659535552207.jpg","jetpack_sharing_enabled":true,"amp_enabled":true,"_links":{"self":[{"href":"https:\/\/folhapopular.info\/index.php\/wp-json\/wp\/v2\/posts\/109920","targetHints":{"allow":["GET"]}}],"collection":[{"href":"https:\/\/folhapopular.info\/index.php\/wp-json\/wp\/v2\/posts"}],"about":[{"href":"https:\/\/folhapopular.info\/index.php\/wp-json\/wp\/v2\/types\/post"}],"author":[{"embeddable":true,"href":"https:\/\/folhapopular.info\/index.php\/wp-json\/wp\/v2\/users\/8"}],"replies":[{"embeddable":true,"href":"https:\/\/folhapopular.info\/index.php\/wp-json\/wp\/v2\/comments?post=109920"}],"version-history":[{"count":0,"href":"https:\/\/folhapopular.info\/index.php\/wp-json\/wp\/v2\/posts\/109920\/revisions"}],"wp:featuredmedia":[{"embeddable":true,"href":"https:\/\/folhapopular.info\/index.php\/wp-json\/wp\/v2\/media\/109921"}],"wp:attachment":[{"href":"https:\/\/folhapopular.info\/index.php\/wp-json\/wp\/v2\/media?parent=109920"}],"wp:term":[{"taxonomy":"category","embeddable":true,"href":"https:\/\/folhapopular.info\/index.php\/wp-json\/wp\/v2\/categories?post=109920"},{"taxonomy":"post_tag","embeddable":true,"href":"https:\/\/folhapopular.info\/index.php\/wp-json\/wp\/v2\/tags?post=109920"}],"curies":[{"name":"wp","href":"https:\/\/api.w.org\/{rel}","templated":true}]}}