{"id":109932,"date":"2022-08-03T14:45:23","date_gmt":"2022-08-03T17:45:23","guid":{"rendered":"https:\/\/folhapopular.info\/?p=109932"},"modified":"2022-08-03T14:45:27","modified_gmt":"2022-08-03T17:45:27","slug":"casa-de-cultura-de-lajeado-realiza-sacada-cultural-indigena-nesta-sexta-feira","status":"publish","type":"post","link":"https:\/\/folhapopular.info\/index.php\/2022\/08\/03\/casa-de-cultura-de-lajeado-realiza-sacada-cultural-indigena-nesta-sexta-feira\/","title":{"rendered":"Casa de Cultura de Lajeado realiza\u00a0Sacada Cultural Ind\u00edgena\u00a0nesta sexta-feira"},"content":{"rendered":"\n<p>A Casa de Cultura de Lajeado realiza a Sacada Cultural Ind\u00edgena, com apresenta\u00e7\u00e3o do jovem l\u00edder ind\u00edgena Vana Varinawa Noke Ko\u00ee e de Jaque Zubek. A apresenta\u00e7\u00e3o ser\u00e1 nesta sexta-feira (5\/8), a partir das 11h30min.<\/p>\n\n\n\n<p>A dupla, oriunda da Aldeia Toniya, localizada \u00e0s margens do Rio Greg\u00f3rio, no Acre, no territ\u00f3rio Noke Ko\u00ee do Rio Greg\u00f3rio, apresentar\u00e1 cantos tradicionais do seu povo, na sua l\u00edngua materna, acompanhado de viol\u00e3o e de djembe (tambor).<\/p>\n\n\n\n<p>A Sacada Cultural \u00e9 um espa\u00e7o aberto e gratuito, destinado \u00e0 valoriza\u00e7\u00e3o dos artistas locais e regionais. Interessados em agendar apresenta\u00e7\u00e3o podem contatar a Casa de Cultura de Lajeado pelo telefone 51 3982-1081. <\/p>\n","protected":false},"excerpt":{"rendered":"<p>A Casa de Cultura de Lajeado realiza a Sacada Cultural Ind\u00edgena, com apresenta\u00e7\u00e3o do jovem l\u00edder ind\u00edgena Vana Varinawa Noke Ko\u00ee e de Jaque Zubek. A apresenta\u00e7\u00e3o ser\u00e1 nesta sexta-feira (5\/8), a partir das 11h30min. A dupla, oriunda da Aldeia Toniya, localizada \u00e0s margens do Rio Greg\u00f3rio, no Acre, no territ\u00f3rio Noke Ko\u00ee do Rio [&hellip;]<\/p>\n","protected":false},"author":8,"featured_media":109933,"comment_status":"open","ping_status":"open","sticky":false,"template":"","format":"standard","meta":{"pmpro_default_level":"","_jetpack_memberships_contains_paid_content":false,"footnotes":""},"categories":[2,3],"tags":[27,156],"class_list":{"0":"post-109932","1":"post","2":"type-post","3":"status-publish","4":"format-standard","5":"has-post-thumbnail","7":"category-featured","8":"category-geral","9":"tag-lajeado","10":"tag-vale-do-taquari","11":"pmpro-has-access"},"yoast_head":"<!-- This site is optimized with the Yoast SEO plugin v27.5 - https:\/\/yoast.com\/product\/yoast-seo-wordpress\/ -->\n<title>Casa de Cultura de Lajeado realiza\u00a0Sacada Cultural Ind\u00edgena\u00a0nesta sexta-feira - Folha Popular<\/title>\n<meta name=\"robots\" content=\"index, follow, max-snippet:-1, max-image-preview:large, max-video-preview:-1\" \/>\n<link rel=\"canonical\" href=\"https:\/\/folhapopular.info\/index.php\/2022\/08\/03\/casa-de-cultura-de-lajeado-realiza-sacada-cultural-indigena-nesta-sexta-feira\/\" \/>\n<meta property=\"og:locale\" content=\"pt_BR\" \/>\n<meta property=\"og:type\" content=\"article\" \/>\n<meta property=\"og:title\" content=\"Casa de Cultura de Lajeado realiza\u00a0Sacada Cultural Ind\u00edgena\u00a0nesta sexta-feira - Folha Popular\" \/>\n<meta property=\"og:description\" content=\"A Casa de Cultura de Lajeado realiza a Sacada Cultural Ind\u00edgena, com apresenta\u00e7\u00e3o do jovem l\u00edder ind\u00edgena Vana Varinawa Noke Ko\u00ee e de Jaque Zubek. A apresenta\u00e7\u00e3o ser\u00e1 nesta sexta-feira (5\/8), a partir das 11h30min. A dupla, oriunda da Aldeia Toniya, localizada \u00e0s margens do Rio Greg\u00f3rio, no Acre, no territ\u00f3rio Noke Ko\u00ee do Rio [&hellip;]\" \/>\n<meta property=\"og:url\" content=\"https:\/\/folhapopular.info\/index.php\/2022\/08\/03\/casa-de-cultura-de-lajeado-realiza-sacada-cultural-indigena-nesta-sexta-feira\/\" \/>\n<meta property=\"og:site_name\" content=\"Folha Popular\" \/>\n<meta property=\"article:published_time\" content=\"2022-08-03T17:45:23+00:00\" \/>\n<meta property=\"article:modified_time\" content=\"2022-08-03T17:45:27+00:00\" \/>\n<meta property=\"og:image\" content=\"http:\/\/folhapopular.info\/wp-content\/uploads\/2022\/08\/Sacada-Cultural-Indigena.jpeg\" \/>\n\t<meta property=\"og:image:width\" content=\"1080\" \/>\n\t<meta property=\"og:image:height\" content=\"1080\" \/>\n\t<meta property=\"og:image:type\" content=\"image\/jpeg\" \/>\n<meta name=\"author\" content=\"Reda\u00e7\u00e3o Folha Popular\" \/>\n<meta name=\"twitter:card\" content=\"summary_large_image\" \/>\n<meta name=\"twitter:label1\" content=\"Escrito por\" \/>\n\t<meta name=\"twitter:data1\" content=\"Reda\u00e7\u00e3o Folha Popular\" \/>\n\t<meta name=\"twitter:label2\" content=\"Est. tempo de leitura\" \/>\n\t<meta name=\"twitter:data2\" content=\"1 minuto\" \/>\n<script type=\"application\/ld+json\" class=\"yoast-schema-graph\">{\"@context\":\"https:\\\/\\\/schema.org\",\"@graph\":[{\"@type\":\"Article\",\"@id\":\"https:\\\/\\\/folhapopular.info\\\/index.php\\\/2022\\\/08\\\/03\\\/casa-de-cultura-de-lajeado-realiza-sacada-cultural-indigena-nesta-sexta-feira\\\/#article\",\"isPartOf\":{\"@id\":\"https:\\\/\\\/folhapopular.info\\\/index.php\\\/2022\\\/08\\\/03\\\/casa-de-cultura-de-lajeado-realiza-sacada-cultural-indigena-nesta-sexta-feira\\\/\"},\"author\":{\"name\":\"Reda\u00e7\u00e3o Folha Popular\",\"@id\":\"https:\\\/\\\/folhapopular.info\\\/#\\\/schema\\\/person\\\/2814e8a0df7643585a9ca38bc6eb9d4b\"},\"headline\":\"Casa de Cultura de Lajeado realiza\u00a0Sacada Cultural Ind\u00edgena\u00a0nesta sexta-feira\",\"datePublished\":\"2022-08-03T17:45:23+00:00\",\"dateModified\":\"2022-08-03T17:45:27+00:00\",\"mainEntityOfPage\":{\"@id\":\"https:\\\/\\\/folhapopular.info\\\/index.php\\\/2022\\\/08\\\/03\\\/casa-de-cultura-de-lajeado-realiza-sacada-cultural-indigena-nesta-sexta-feira\\\/\"},\"wordCount\":128,\"commentCount\":0,\"image\":{\"@id\":\"https:\\\/\\\/folhapopular.info\\\/index.php\\\/2022\\\/08\\\/03\\\/casa-de-cultura-de-lajeado-realiza-sacada-cultural-indigena-nesta-sexta-feira\\\/#primaryimage\"},\"thumbnailUrl\":\"https:\\\/\\\/folhapopular.info\\\/wp-content\\\/uploads\\\/2022\\\/08\\\/Sacada-Cultural-Indigena.jpeg\",\"keywords\":[\"Lajeado\",\"Vale do Taquari\"],\"articleSection\":[\"Destaques\",\"Geral\"],\"inLanguage\":\"pt-BR\",\"potentialAction\":[{\"@type\":\"CommentAction\",\"name\":\"Comment\",\"target\":[\"https:\\\/\\\/folhapopular.info\\\/index.php\\\/2022\\\/08\\\/03\\\/casa-de-cultura-de-lajeado-realiza-sacada-cultural-indigena-nesta-sexta-feira\\\/#respond\"]}]},{\"@type\":\"WebPage\",\"@id\":\"https:\\\/\\\/folhapopular.info\\\/index.php\\\/2022\\\/08\\\/03\\\/casa-de-cultura-de-lajeado-realiza-sacada-cultural-indigena-nesta-sexta-feira\\\/\",\"url\":\"https:\\\/\\\/folhapopular.info\\\/index.php\\\/2022\\\/08\\\/03\\\/casa-de-cultura-de-lajeado-realiza-sacada-cultural-indigena-nesta-sexta-feira\\\/\",\"name\":\"Casa de Cultura de Lajeado realiza\u00a0Sacada Cultural Ind\u00edgena\u00a0nesta sexta-feira - Folha Popular\",\"isPartOf\":{\"@id\":\"https:\\\/\\\/folhapopular.info\\\/#website\"},\"primaryImageOfPage\":{\"@id\":\"https:\\\/\\\/folhapopular.info\\\/index.php\\\/2022\\\/08\\\/03\\\/casa-de-cultura-de-lajeado-realiza-sacada-cultural-indigena-nesta-sexta-feira\\\/#primaryimage\"},\"image\":{\"@id\":\"https:\\\/\\\/folhapopular.info\\\/index.php\\\/2022\\\/08\\\/03\\\/casa-de-cultura-de-lajeado-realiza-sacada-cultural-indigena-nesta-sexta-feira\\\/#primaryimage\"},\"thumbnailUrl\":\"https:\\\/\\\/folhapopular.info\\\/wp-content\\\/uploads\\\/2022\\\/08\\\/Sacada-Cultural-Indigena.jpeg\",\"datePublished\":\"2022-08-03T17:45:23+00:00\",\"dateModified\":\"2022-08-03T17:45:27+00:00\",\"author\":{\"@id\":\"https:\\\/\\\/folhapopular.info\\\/#\\\/schema\\\/person\\\/2814e8a0df7643585a9ca38bc6eb9d4b\"},\"breadcrumb\":{\"@id\":\"https:\\\/\\\/folhapopular.info\\\/index.php\\\/2022\\\/08\\\/03\\\/casa-de-cultura-de-lajeado-realiza-sacada-cultural-indigena-nesta-sexta-feira\\\/#breadcrumb\"},\"inLanguage\":\"pt-BR\",\"potentialAction\":[{\"@type\":\"ReadAction\",\"target\":[\"https:\\\/\\\/folhapopular.info\\\/index.php\\\/2022\\\/08\\\/03\\\/casa-de-cultura-de-lajeado-realiza-sacada-cultural-indigena-nesta-sexta-feira\\\/\"]}]},{\"@type\":\"ImageObject\",\"inLanguage\":\"pt-BR\",\"@id\":\"https:\\\/\\\/folhapopular.info\\\/index.php\\\/2022\\\/08\\\/03\\\/casa-de-cultura-de-lajeado-realiza-sacada-cultural-indigena-nesta-sexta-feira\\\/#primaryimage\",\"url\":\"https:\\\/\\\/folhapopular.info\\\/wp-content\\\/uploads\\\/2022\\\/08\\\/Sacada-Cultural-Indigena.jpeg\",\"contentUrl\":\"https:\\\/\\\/folhapopular.info\\\/wp-content\\\/uploads\\\/2022\\\/08\\\/Sacada-Cultural-Indigena.jpeg\",\"width\":1080,\"height\":1080,\"caption\":\"Cr\u00e9dito: Divulga\u00e7\u00e3o\"},{\"@type\":\"BreadcrumbList\",\"@id\":\"https:\\\/\\\/folhapopular.info\\\/index.php\\\/2022\\\/08\\\/03\\\/casa-de-cultura-de-lajeado-realiza-sacada-cultural-indigena-nesta-sexta-feira\\\/#breadcrumb\",\"itemListElement\":[{\"@type\":\"ListItem\",\"position\":1,\"name\":\"In\u00edcio\",\"item\":\"https:\\\/\\\/folhapopular.info\\\/\"},{\"@type\":\"ListItem\",\"position\":2,\"name\":\"Casa de Cultura de Lajeado realiza\u00a0Sacada Cultural Ind\u00edgena\u00a0nesta sexta-feira\"}]},{\"@type\":\"WebSite\",\"@id\":\"https:\\\/\\\/folhapopular.info\\\/#website\",\"url\":\"https:\\\/\\\/folhapopular.info\\\/\",\"name\":\"Folha Popular\",\"description\":\"Onde voc\u00ea tem vez e voz\",\"potentialAction\":[{\"@type\":\"SearchAction\",\"target\":{\"@type\":\"EntryPoint\",\"urlTemplate\":\"https:\\\/\\\/folhapopular.info\\\/?s={search_term_string}\"},\"query-input\":{\"@type\":\"PropertyValueSpecification\",\"valueRequired\":true,\"valueName\":\"search_term_string\"}}],\"inLanguage\":\"pt-BR\"},{\"@type\":\"Person\",\"@id\":\"https:\\\/\\\/folhapopular.info\\\/#\\\/schema\\\/person\\\/2814e8a0df7643585a9ca38bc6eb9d4b\",\"name\":\"Reda\u00e7\u00e3o Folha Popular\",\"image\":{\"@type\":\"ImageObject\",\"inLanguage\":\"pt-BR\",\"@id\":\"https:\\\/\\\/folhapopular.info\\\/wp-content\\\/uploads\\\/2026\\\/04\\\/Folha-1.webp\",\"url\":\"https:\\\/\\\/folhapopular.info\\\/wp-content\\\/uploads\\\/2026\\\/04\\\/Folha-1.webp\",\"contentUrl\":\"https:\\\/\\\/folhapopular.info\\\/wp-content\\\/uploads\\\/2026\\\/04\\\/Folha-1.webp\",\"caption\":\"Reda\u00e7\u00e3o Folha Popular\"},\"url\":\"https:\\\/\\\/folhapopular.info\\\/index.php\\\/author\\\/redacao\\\/\"}]}<\/script>\n<!-- \/ Yoast SEO plugin. -->","yoast_head_json":{"title":"Casa de Cultura de Lajeado realiza\u00a0Sacada Cultural Ind\u00edgena\u00a0nesta sexta-feira - Folha Popular","robots":{"index":"index","follow":"follow","max-snippet":"max-snippet:-1","max-image-preview":"max-image-preview:large","max-video-preview":"max-video-preview:-1"},"canonical":"https:\/\/folhapopular.info\/index.php\/2022\/08\/03\/casa-de-cultura-de-lajeado-realiza-sacada-cultural-indigena-nesta-sexta-feira\/","og_locale":"pt_BR","og_type":"article","og_title":"Casa de Cultura de Lajeado realiza\u00a0Sacada Cultural Ind\u00edgena\u00a0nesta sexta-feira - Folha Popular","og_description":"A Casa de Cultura de Lajeado realiza a Sacada Cultural Ind\u00edgena, com apresenta\u00e7\u00e3o do jovem l\u00edder ind\u00edgena Vana Varinawa Noke Ko\u00ee e de Jaque Zubek. A apresenta\u00e7\u00e3o ser\u00e1 nesta sexta-feira (5\/8), a partir das 11h30min. A dupla, oriunda da Aldeia Toniya, localizada \u00e0s margens do Rio Greg\u00f3rio, no Acre, no territ\u00f3rio Noke Ko\u00ee do Rio [&hellip;]","og_url":"https:\/\/folhapopular.info\/index.php\/2022\/08\/03\/casa-de-cultura-de-lajeado-realiza-sacada-cultural-indigena-nesta-sexta-feira\/","og_site_name":"Folha Popular","article_published_time":"2022-08-03T17:45:23+00:00","article_modified_time":"2022-08-03T17:45:27+00:00","og_image":[{"width":1080,"height":1080,"url":"http:\/\/folhapopular.info\/wp-content\/uploads\/2022\/08\/Sacada-Cultural-Indigena.jpeg","type":"image\/jpeg"}],"author":"Reda\u00e7\u00e3o Folha Popular","twitter_card":"summary_large_image","twitter_misc":{"Escrito por":"Reda\u00e7\u00e3o Folha Popular","Est. tempo de leitura":"1 minuto"},"schema":{"@context":"https:\/\/schema.org","@graph":[{"@type":"Article","@id":"https:\/\/folhapopular.info\/index.php\/2022\/08\/03\/casa-de-cultura-de-lajeado-realiza-sacada-cultural-indigena-nesta-sexta-feira\/#article","isPartOf":{"@id":"https:\/\/folhapopular.info\/index.php\/2022\/08\/03\/casa-de-cultura-de-lajeado-realiza-sacada-cultural-indigena-nesta-sexta-feira\/"},"author":{"name":"Reda\u00e7\u00e3o Folha Popular","@id":"https:\/\/folhapopular.info\/#\/schema\/person\/2814e8a0df7643585a9ca38bc6eb9d4b"},"headline":"Casa de Cultura de Lajeado realiza\u00a0Sacada Cultural Ind\u00edgena\u00a0nesta sexta-feira","datePublished":"2022-08-03T17:45:23+00:00","dateModified":"2022-08-03T17:45:27+00:00","mainEntityOfPage":{"@id":"https:\/\/folhapopular.info\/index.php\/2022\/08\/03\/casa-de-cultura-de-lajeado-realiza-sacada-cultural-indigena-nesta-sexta-feira\/"},"wordCount":128,"commentCount":0,"image":{"@id":"https:\/\/folhapopular.info\/index.php\/2022\/08\/03\/casa-de-cultura-de-lajeado-realiza-sacada-cultural-indigena-nesta-sexta-feira\/#primaryimage"},"thumbnailUrl":"https:\/\/folhapopular.info\/wp-content\/uploads\/2022\/08\/Sacada-Cultural-Indigena.jpeg","keywords":["Lajeado","Vale do Taquari"],"articleSection":["Destaques","Geral"],"inLanguage":"pt-BR","potentialAction":[{"@type":"CommentAction","name":"Comment","target":["https:\/\/folhapopular.info\/index.php\/2022\/08\/03\/casa-de-cultura-de-lajeado-realiza-sacada-cultural-indigena-nesta-sexta-feira\/#respond"]}]},{"@type":"WebPage","@id":"https:\/\/folhapopular.info\/index.php\/2022\/08\/03\/casa-de-cultura-de-lajeado-realiza-sacada-cultural-indigena-nesta-sexta-feira\/","url":"https:\/\/folhapopular.info\/index.php\/2022\/08\/03\/casa-de-cultura-de-lajeado-realiza-sacada-cultural-indigena-nesta-sexta-feira\/","name":"Casa de Cultura de Lajeado realiza\u00a0Sacada Cultural Ind\u00edgena\u00a0nesta sexta-feira - Folha Popular","isPartOf":{"@id":"https:\/\/folhapopular.info\/#website"},"primaryImageOfPage":{"@id":"https:\/\/folhapopular.info\/index.php\/2022\/08\/03\/casa-de-cultura-de-lajeado-realiza-sacada-cultural-indigena-nesta-sexta-feira\/#primaryimage"},"image":{"@id":"https:\/\/folhapopular.info\/index.php\/2022\/08\/03\/casa-de-cultura-de-lajeado-realiza-sacada-cultural-indigena-nesta-sexta-feira\/#primaryimage"},"thumbnailUrl":"https:\/\/folhapopular.info\/wp-content\/uploads\/2022\/08\/Sacada-Cultural-Indigena.jpeg","datePublished":"2022-08-03T17:45:23+00:00","dateModified":"2022-08-03T17:45:27+00:00","author":{"@id":"https:\/\/folhapopular.info\/#\/schema\/person\/2814e8a0df7643585a9ca38bc6eb9d4b"},"breadcrumb":{"@id":"https:\/\/folhapopular.info\/index.php\/2022\/08\/03\/casa-de-cultura-de-lajeado-realiza-sacada-cultural-indigena-nesta-sexta-feira\/#breadcrumb"},"inLanguage":"pt-BR","potentialAction":[{"@type":"ReadAction","target":["https:\/\/folhapopular.info\/index.php\/2022\/08\/03\/casa-de-cultura-de-lajeado-realiza-sacada-cultural-indigena-nesta-sexta-feira\/"]}]},{"@type":"ImageObject","inLanguage":"pt-BR","@id":"https:\/\/folhapopular.info\/index.php\/2022\/08\/03\/casa-de-cultura-de-lajeado-realiza-sacada-cultural-indigena-nesta-sexta-feira\/#primaryimage","url":"https:\/\/folhapopular.info\/wp-content\/uploads\/2022\/08\/Sacada-Cultural-Indigena.jpeg","contentUrl":"https:\/\/folhapopular.info\/wp-content\/uploads\/2022\/08\/Sacada-Cultural-Indigena.jpeg","width":1080,"height":1080,"caption":"Cr\u00e9dito: Divulga\u00e7\u00e3o"},{"@type":"BreadcrumbList","@id":"https:\/\/folhapopular.info\/index.php\/2022\/08\/03\/casa-de-cultura-de-lajeado-realiza-sacada-cultural-indigena-nesta-sexta-feira\/#breadcrumb","itemListElement":[{"@type":"ListItem","position":1,"name":"In\u00edcio","item":"https:\/\/folhapopular.info\/"},{"@type":"ListItem","position":2,"name":"Casa de Cultura de Lajeado realiza\u00a0Sacada Cultural Ind\u00edgena\u00a0nesta sexta-feira"}]},{"@type":"WebSite","@id":"https:\/\/folhapopular.info\/#website","url":"https:\/\/folhapopular.info\/","name":"Folha Popular","description":"Onde voc\u00ea tem vez e voz","potentialAction":[{"@type":"SearchAction","target":{"@type":"EntryPoint","urlTemplate":"https:\/\/folhapopular.info\/?s={search_term_string}"},"query-input":{"@type":"PropertyValueSpecification","valueRequired":true,"valueName":"search_term_string"}}],"inLanguage":"pt-BR"},{"@type":"Person","@id":"https:\/\/folhapopular.info\/#\/schema\/person\/2814e8a0df7643585a9ca38bc6eb9d4b","name":"Reda\u00e7\u00e3o Folha Popular","image":{"@type":"ImageObject","inLanguage":"pt-BR","@id":"https:\/\/folhapopular.info\/wp-content\/uploads\/2026\/04\/Folha-1.webp","url":"https:\/\/folhapopular.info\/wp-content\/uploads\/2026\/04\/Folha-1.webp","contentUrl":"https:\/\/folhapopular.info\/wp-content\/uploads\/2026\/04\/Folha-1.webp","caption":"Reda\u00e7\u00e3o Folha Popular"},"url":"https:\/\/folhapopular.info\/index.php\/author\/redacao\/"}]}},"jetpack_featured_media_url":"https:\/\/folhapopular.info\/wp-content\/uploads\/2022\/08\/Sacada-Cultural-Indigena.jpeg","jetpack_sharing_enabled":true,"amp_enabled":true,"_links":{"self":[{"href":"https:\/\/folhapopular.info\/index.php\/wp-json\/wp\/v2\/posts\/109932","targetHints":{"allow":["GET"]}}],"collection":[{"href":"https:\/\/folhapopular.info\/index.php\/wp-json\/wp\/v2\/posts"}],"about":[{"href":"https:\/\/folhapopular.info\/index.php\/wp-json\/wp\/v2\/types\/post"}],"author":[{"embeddable":true,"href":"https:\/\/folhapopular.info\/index.php\/wp-json\/wp\/v2\/users\/8"}],"replies":[{"embeddable":true,"href":"https:\/\/folhapopular.info\/index.php\/wp-json\/wp\/v2\/comments?post=109932"}],"version-history":[{"count":0,"href":"https:\/\/folhapopular.info\/index.php\/wp-json\/wp\/v2\/posts\/109932\/revisions"}],"wp:featuredmedia":[{"embeddable":true,"href":"https:\/\/folhapopular.info\/index.php\/wp-json\/wp\/v2\/media\/109933"}],"wp:attachment":[{"href":"https:\/\/folhapopular.info\/index.php\/wp-json\/wp\/v2\/media?parent=109932"}],"wp:term":[{"taxonomy":"category","embeddable":true,"href":"https:\/\/folhapopular.info\/index.php\/wp-json\/wp\/v2\/categories?post=109932"},{"taxonomy":"post_tag","embeddable":true,"href":"https:\/\/folhapopular.info\/index.php\/wp-json\/wp\/v2\/tags?post=109932"}],"curies":[{"name":"wp","href":"https:\/\/api.w.org\/{rel}","templated":true}]}}