{"id":109950,"date":"2022-08-04T09:56:10","date_gmt":"2022-08-04T12:56:10","guid":{"rendered":"https:\/\/folhapopular.info\/?p=109950"},"modified":"2022-08-04T11:00:12","modified_gmt":"2022-08-04T14:00:12","slug":"poco-das-antas-lanca-3o-concurso-fotografico","status":"publish","type":"post","link":"https:\/\/folhapopular.info\/index.php\/2022\/08\/04\/poco-das-antas-lanca-3o-concurso-fotografico\/","title":{"rendered":"Po\u00e7o das Antas lan\u00e7a 3\u00ba Concurso Fotogr\u00e1fico"},"content":{"rendered":"\n<p>A partir do dia 15 de agosto, fot\u00f3grafos profissionais e amadores podem inscrever seus trabalho no 3\u00ba Concurso Fotogr\u00e1fico de Po\u00e7o das Antas. A tem\u00e1tica dessa edi\u00e7\u00e3o leva o t\u00edtulo: \u201cUma terra de belezas e potenciais\u201d. As inscri\u00e7\u00f5es s\u00e3o gratuitas e ocorrem de 15 de agosto a 29 de setembro.<\/p>\n\n\n\n<p>Podem participar residentes ou n\u00e3o em Po\u00e7o das Antas. As imagens precisam ser in\u00e9ditas e originais, dentro do tema proposto nesta edi\u00e7\u00e3o. H\u00e1 limite de cinco trabalhos inscritos por participante. Os registros devem ser clicados, obrigatoriamente, no munic\u00edpio.<\/p>\n\n\n\n<p>A ficha de inscri\u00e7\u00e3o e as fotografias reveladas devem ser entregues junto \u00e0 Secretaria de Educa\u00e7\u00e3o, Cultura, Desporto e Turismo, na prefeitura, e as fotos digitais enviadas para o e-mail: concursofotografico@educacao.pocodasantas.rs.gov.br.<\/p>\n\n\n\n<p>A sele\u00e7\u00e3o dos trabalhos ser\u00e1 no dia 4 de outubro. Todos os trabalhos inscritos ser\u00e3o submetidos a uma sele\u00e7\u00e3o por uma Comiss\u00e3o Julgadora que escolher\u00e1 o 1\u00ba, 2\u00ba e 3\u00ba lugar. O 4\u00ba lugar ser\u00e1 escolhido pelo p\u00fablico por meio do Facebook, sendo eleita a foto com mais curtidas e rea\u00e7\u00f5es em publica\u00e7\u00e3o feita pela p\u00e1gina oficial do Munic\u00edpio. Mais informa\u00e7\u00f5es sobre os crit\u00e9rios para participa\u00e7\u00e3o constam no regulamento publicado no site pocodasantas.rs.gov.br.<\/p>\n\n\n\n<p>O 3\u00ba Concurso Fotogr\u00e1fico de Po\u00e7o das Antas tem como objetivo conceder campo criativo, permitindo ao fot\u00f3grafo explorar as riquezas naturais, art\u00edsticas, culturais, econ\u00f4micas e sociais do munic\u00edpio, que possam estar relacionadas ao turismo, ao desenvolvimento e a apresenta\u00e7\u00e3o de Po\u00e7o das Antas.<\/p>\n\n\n\n<p>A secret\u00e1ria de Educa\u00e7\u00e3o, Cultura, Desporto e Turismo e Po\u00e7o das Antas, Jaqueline Klein, ressalta a import\u00e2ncia da realiza\u00e7\u00e3o do concurso para a aprecia\u00e7\u00e3o do munic\u00edpio por meio da sensibilidade art\u00edstica proporcionada pela fotografia. \u201cEntendemos como de suma import\u00e2ncia valorizar os diversos potenciais do nosso munic\u00edpio atrav\u00e9s dos registros fotogr\u00e1ficos com o olhar de pessoas da comunidade e tamb\u00e9m de fora. As imagens captadas ir\u00e3o compor o nosso acervo e poder\u00e3o ser aproveitadas nas diversas divulga\u00e7\u00f5es do munic\u00edpio e tamb\u00e9m no Calend\u00e1rio de Eventos de 2023. Est\u00e3o todos convidados a participar\u201d, convida.<\/p>\n\n\n\n<p><strong>Premia\u00e7\u00e3o<\/strong><\/p>\n\n\n\n<p>1\u00ba lugar: R$ 700,00;<\/p>\n\n\n\n<p>2\u00ba lugar: R$ 500,00;<\/p>\n\n\n\n<p>3\u00ba lugar: R$ 300,00;<\/p>\n\n\n\n<p>Fotografia escolhida pelo p\u00fablico: R$ 300,00<\/p>\n","protected":false},"excerpt":{"rendered":"<p>A partir do dia 15 de agosto, fot\u00f3grafos profissionais e amadores podem inscrever seus trabalho no 3\u00ba Concurso Fotogr\u00e1fico de Po\u00e7o das Antas. A tem\u00e1tica dessa edi\u00e7\u00e3o leva o t\u00edtulo: \u201cUma terra de belezas e potenciais\u201d. As inscri\u00e7\u00f5es s\u00e3o gratuitas e ocorrem de 15 de agosto a 29 de setembro. Podem participar residentes ou n\u00e3o [&hellip;]<\/p>\n","protected":false},"author":8,"featured_media":109951,"comment_status":"open","ping_status":"open","sticky":false,"template":"","format":"standard","meta":{"pmpro_default_level":"","_jetpack_memberships_contains_paid_content":false,"footnotes":""},"categories":[2,3],"tags":[580,40],"class_list":{"0":"post-109950","1":"post","2":"type-post","3":"status-publish","4":"format-standard","5":"has-post-thumbnail","7":"category-featured","8":"category-geral","9":"tag-concurso-fotografico","10":"tag-poco-das-antas","11":"pmpro-has-access"},"yoast_head":"<!-- This site is optimized with the Yoast SEO plugin v27.5 - https:\/\/yoast.com\/product\/yoast-seo-wordpress\/ -->\n<title>Po\u00e7o das Antas lan\u00e7a 3\u00ba Concurso Fotogr\u00e1fico - Folha Popular<\/title>\n<meta name=\"robots\" content=\"index, follow, max-snippet:-1, max-image-preview:large, max-video-preview:-1\" \/>\n<link rel=\"canonical\" href=\"https:\/\/folhapopular.info\/index.php\/2022\/08\/04\/poco-das-antas-lanca-3o-concurso-fotografico\/\" \/>\n<meta property=\"og:locale\" content=\"pt_BR\" \/>\n<meta property=\"og:type\" content=\"article\" \/>\n<meta property=\"og:title\" content=\"Po\u00e7o das Antas lan\u00e7a 3\u00ba Concurso Fotogr\u00e1fico - Folha Popular\" \/>\n<meta property=\"og:description\" content=\"A partir do dia 15 de agosto, fot\u00f3grafos profissionais e amadores podem inscrever seus trabalho no 3\u00ba Concurso Fotogr\u00e1fico de Po\u00e7o das Antas. A tem\u00e1tica dessa edi\u00e7\u00e3o leva o t\u00edtulo: \u201cUma terra de belezas e potenciais\u201d. As inscri\u00e7\u00f5es s\u00e3o gratuitas e ocorrem de 15 de agosto a 29 de setembro. Podem participar residentes ou n\u00e3o [&hellip;]\" \/>\n<meta property=\"og:url\" content=\"https:\/\/folhapopular.info\/index.php\/2022\/08\/04\/poco-das-antas-lanca-3o-concurso-fotografico\/\" \/>\n<meta property=\"og:site_name\" content=\"Folha Popular\" \/>\n<meta property=\"article:published_time\" content=\"2022-08-04T12:56:10+00:00\" \/>\n<meta property=\"article:modified_time\" content=\"2022-08-04T14:00:12+00:00\" \/>\n<meta property=\"og:image\" content=\"http:\/\/folhapopular.info\/wp-content\/uploads\/2022\/08\/1-Poco-das-Antas-lanca-III-Concurso-Fotografico-scaled-e1659617741612.jpg\" \/>\n\t<meta property=\"og:image:width\" content=\"1200\" \/>\n\t<meta property=\"og:image:height\" content=\"800\" \/>\n\t<meta property=\"og:image:type\" content=\"image\/jpeg\" \/>\n<meta name=\"author\" content=\"Reda\u00e7\u00e3o Folha Popular\" \/>\n<meta name=\"twitter:card\" content=\"summary_large_image\" \/>\n<meta name=\"twitter:label1\" content=\"Escrito por\" \/>\n\t<meta name=\"twitter:data1\" content=\"Reda\u00e7\u00e3o Folha Popular\" \/>\n\t<meta name=\"twitter:label2\" content=\"Est. tempo de leitura\" \/>\n\t<meta name=\"twitter:data2\" content=\"2 minutos\" \/>\n<script type=\"application\/ld+json\" class=\"yoast-schema-graph\">{\"@context\":\"https:\\\/\\\/schema.org\",\"@graph\":[{\"@type\":\"Article\",\"@id\":\"https:\\\/\\\/folhapopular.info\\\/index.php\\\/2022\\\/08\\\/04\\\/poco-das-antas-lanca-3o-concurso-fotografico\\\/#article\",\"isPartOf\":{\"@id\":\"https:\\\/\\\/folhapopular.info\\\/index.php\\\/2022\\\/08\\\/04\\\/poco-das-antas-lanca-3o-concurso-fotografico\\\/\"},\"author\":{\"name\":\"Reda\u00e7\u00e3o Folha Popular\",\"@id\":\"https:\\\/\\\/folhapopular.info\\\/#\\\/schema\\\/person\\\/2814e8a0df7643585a9ca38bc6eb9d4b\"},\"headline\":\"Po\u00e7o das Antas lan\u00e7a 3\u00ba Concurso Fotogr\u00e1fico\",\"datePublished\":\"2022-08-04T12:56:10+00:00\",\"dateModified\":\"2022-08-04T14:00:12+00:00\",\"mainEntityOfPage\":{\"@id\":\"https:\\\/\\\/folhapopular.info\\\/index.php\\\/2022\\\/08\\\/04\\\/poco-das-antas-lanca-3o-concurso-fotografico\\\/\"},\"wordCount\":401,\"commentCount\":0,\"image\":{\"@id\":\"https:\\\/\\\/folhapopular.info\\\/index.php\\\/2022\\\/08\\\/04\\\/poco-das-antas-lanca-3o-concurso-fotografico\\\/#primaryimage\"},\"thumbnailUrl\":\"https:\\\/\\\/folhapopular.info\\\/wp-content\\\/uploads\\\/2022\\\/08\\\/1-Poco-das-Antas-lanca-III-Concurso-Fotografico-scaled-e1659617741612.jpg\",\"keywords\":[\"Concurso Fotogr\u00e1fico\",\"Po\u00e7o das Antas\"],\"articleSection\":[\"Destaques\",\"Geral\"],\"inLanguage\":\"pt-BR\",\"potentialAction\":[{\"@type\":\"CommentAction\",\"name\":\"Comment\",\"target\":[\"https:\\\/\\\/folhapopular.info\\\/index.php\\\/2022\\\/08\\\/04\\\/poco-das-antas-lanca-3o-concurso-fotografico\\\/#respond\"]}]},{\"@type\":\"WebPage\",\"@id\":\"https:\\\/\\\/folhapopular.info\\\/index.php\\\/2022\\\/08\\\/04\\\/poco-das-antas-lanca-3o-concurso-fotografico\\\/\",\"url\":\"https:\\\/\\\/folhapopular.info\\\/index.php\\\/2022\\\/08\\\/04\\\/poco-das-antas-lanca-3o-concurso-fotografico\\\/\",\"name\":\"Po\u00e7o das Antas lan\u00e7a 3\u00ba Concurso Fotogr\u00e1fico - Folha Popular\",\"isPartOf\":{\"@id\":\"https:\\\/\\\/folhapopular.info\\\/#website\"},\"primaryImageOfPage\":{\"@id\":\"https:\\\/\\\/folhapopular.info\\\/index.php\\\/2022\\\/08\\\/04\\\/poco-das-antas-lanca-3o-concurso-fotografico\\\/#primaryimage\"},\"image\":{\"@id\":\"https:\\\/\\\/folhapopular.info\\\/index.php\\\/2022\\\/08\\\/04\\\/poco-das-antas-lanca-3o-concurso-fotografico\\\/#primaryimage\"},\"thumbnailUrl\":\"https:\\\/\\\/folhapopular.info\\\/wp-content\\\/uploads\\\/2022\\\/08\\\/1-Poco-das-Antas-lanca-III-Concurso-Fotografico-scaled-e1659617741612.jpg\",\"datePublished\":\"2022-08-04T12:56:10+00:00\",\"dateModified\":\"2022-08-04T14:00:12+00:00\",\"author\":{\"@id\":\"https:\\\/\\\/folhapopular.info\\\/#\\\/schema\\\/person\\\/2814e8a0df7643585a9ca38bc6eb9d4b\"},\"breadcrumb\":{\"@id\":\"https:\\\/\\\/folhapopular.info\\\/index.php\\\/2022\\\/08\\\/04\\\/poco-das-antas-lanca-3o-concurso-fotografico\\\/#breadcrumb\"},\"inLanguage\":\"pt-BR\",\"potentialAction\":[{\"@type\":\"ReadAction\",\"target\":[\"https:\\\/\\\/folhapopular.info\\\/index.php\\\/2022\\\/08\\\/04\\\/poco-das-antas-lanca-3o-concurso-fotografico\\\/\"]}]},{\"@type\":\"ImageObject\",\"inLanguage\":\"pt-BR\",\"@id\":\"https:\\\/\\\/folhapopular.info\\\/index.php\\\/2022\\\/08\\\/04\\\/poco-das-antas-lanca-3o-concurso-fotografico\\\/#primaryimage\",\"url\":\"https:\\\/\\\/folhapopular.info\\\/wp-content\\\/uploads\\\/2022\\\/08\\\/1-Poco-das-Antas-lanca-III-Concurso-Fotografico-scaled-e1659617741612.jpg\",\"contentUrl\":\"https:\\\/\\\/folhapopular.info\\\/wp-content\\\/uploads\\\/2022\\\/08\\\/1-Poco-das-Antas-lanca-III-Concurso-Fotografico-scaled-e1659617741612.jpg\",\"width\":1200,\"height\":800,\"caption\":\"Belezas naturais e potenciais tur\u00edsticos podem ser explorados pelos participantes\"},{\"@type\":\"BreadcrumbList\",\"@id\":\"https:\\\/\\\/folhapopular.info\\\/index.php\\\/2022\\\/08\\\/04\\\/poco-das-antas-lanca-3o-concurso-fotografico\\\/#breadcrumb\",\"itemListElement\":[{\"@type\":\"ListItem\",\"position\":1,\"name\":\"In\u00edcio\",\"item\":\"https:\\\/\\\/folhapopular.info\\\/\"},{\"@type\":\"ListItem\",\"position\":2,\"name\":\"Po\u00e7o das Antas lan\u00e7a 3\u00ba Concurso Fotogr\u00e1fico\"}]},{\"@type\":\"WebSite\",\"@id\":\"https:\\\/\\\/folhapopular.info\\\/#website\",\"url\":\"https:\\\/\\\/folhapopular.info\\\/\",\"name\":\"Folha Popular\",\"description\":\"Onde voc\u00ea tem vez e voz\",\"potentialAction\":[{\"@type\":\"SearchAction\",\"target\":{\"@type\":\"EntryPoint\",\"urlTemplate\":\"https:\\\/\\\/folhapopular.info\\\/?s={search_term_string}\"},\"query-input\":{\"@type\":\"PropertyValueSpecification\",\"valueRequired\":true,\"valueName\":\"search_term_string\"}}],\"inLanguage\":\"pt-BR\"},{\"@type\":\"Person\",\"@id\":\"https:\\\/\\\/folhapopular.info\\\/#\\\/schema\\\/person\\\/2814e8a0df7643585a9ca38bc6eb9d4b\",\"name\":\"Reda\u00e7\u00e3o Folha Popular\",\"image\":{\"@type\":\"ImageObject\",\"inLanguage\":\"pt-BR\",\"@id\":\"https:\\\/\\\/folhapopular.info\\\/wp-content\\\/uploads\\\/2026\\\/04\\\/Folha-1.webp\",\"url\":\"https:\\\/\\\/folhapopular.info\\\/wp-content\\\/uploads\\\/2026\\\/04\\\/Folha-1.webp\",\"contentUrl\":\"https:\\\/\\\/folhapopular.info\\\/wp-content\\\/uploads\\\/2026\\\/04\\\/Folha-1.webp\",\"caption\":\"Reda\u00e7\u00e3o Folha Popular\"},\"url\":\"https:\\\/\\\/folhapopular.info\\\/index.php\\\/author\\\/redacao\\\/\"}]}<\/script>\n<!-- \/ Yoast SEO plugin. -->","yoast_head_json":{"title":"Po\u00e7o das Antas lan\u00e7a 3\u00ba Concurso Fotogr\u00e1fico - Folha Popular","robots":{"index":"index","follow":"follow","max-snippet":"max-snippet:-1","max-image-preview":"max-image-preview:large","max-video-preview":"max-video-preview:-1"},"canonical":"https:\/\/folhapopular.info\/index.php\/2022\/08\/04\/poco-das-antas-lanca-3o-concurso-fotografico\/","og_locale":"pt_BR","og_type":"article","og_title":"Po\u00e7o das Antas lan\u00e7a 3\u00ba Concurso Fotogr\u00e1fico - Folha Popular","og_description":"A partir do dia 15 de agosto, fot\u00f3grafos profissionais e amadores podem inscrever seus trabalho no 3\u00ba Concurso Fotogr\u00e1fico de Po\u00e7o das Antas. A tem\u00e1tica dessa edi\u00e7\u00e3o leva o t\u00edtulo: \u201cUma terra de belezas e potenciais\u201d. As inscri\u00e7\u00f5es s\u00e3o gratuitas e ocorrem de 15 de agosto a 29 de setembro. Podem participar residentes ou n\u00e3o [&hellip;]","og_url":"https:\/\/folhapopular.info\/index.php\/2022\/08\/04\/poco-das-antas-lanca-3o-concurso-fotografico\/","og_site_name":"Folha Popular","article_published_time":"2022-08-04T12:56:10+00:00","article_modified_time":"2022-08-04T14:00:12+00:00","og_image":[{"width":1200,"height":800,"url":"http:\/\/folhapopular.info\/wp-content\/uploads\/2022\/08\/1-Poco-das-Antas-lanca-III-Concurso-Fotografico-scaled-e1659617741612.jpg","type":"image\/jpeg"}],"author":"Reda\u00e7\u00e3o Folha Popular","twitter_card":"summary_large_image","twitter_misc":{"Escrito por":"Reda\u00e7\u00e3o Folha Popular","Est. tempo de leitura":"2 minutos"},"schema":{"@context":"https:\/\/schema.org","@graph":[{"@type":"Article","@id":"https:\/\/folhapopular.info\/index.php\/2022\/08\/04\/poco-das-antas-lanca-3o-concurso-fotografico\/#article","isPartOf":{"@id":"https:\/\/folhapopular.info\/index.php\/2022\/08\/04\/poco-das-antas-lanca-3o-concurso-fotografico\/"},"author":{"name":"Reda\u00e7\u00e3o Folha Popular","@id":"https:\/\/folhapopular.info\/#\/schema\/person\/2814e8a0df7643585a9ca38bc6eb9d4b"},"headline":"Po\u00e7o das Antas lan\u00e7a 3\u00ba Concurso Fotogr\u00e1fico","datePublished":"2022-08-04T12:56:10+00:00","dateModified":"2022-08-04T14:00:12+00:00","mainEntityOfPage":{"@id":"https:\/\/folhapopular.info\/index.php\/2022\/08\/04\/poco-das-antas-lanca-3o-concurso-fotografico\/"},"wordCount":401,"commentCount":0,"image":{"@id":"https:\/\/folhapopular.info\/index.php\/2022\/08\/04\/poco-das-antas-lanca-3o-concurso-fotografico\/#primaryimage"},"thumbnailUrl":"https:\/\/folhapopular.info\/wp-content\/uploads\/2022\/08\/1-Poco-das-Antas-lanca-III-Concurso-Fotografico-scaled-e1659617741612.jpg","keywords":["Concurso Fotogr\u00e1fico","Po\u00e7o das Antas"],"articleSection":["Destaques","Geral"],"inLanguage":"pt-BR","potentialAction":[{"@type":"CommentAction","name":"Comment","target":["https:\/\/folhapopular.info\/index.php\/2022\/08\/04\/poco-das-antas-lanca-3o-concurso-fotografico\/#respond"]}]},{"@type":"WebPage","@id":"https:\/\/folhapopular.info\/index.php\/2022\/08\/04\/poco-das-antas-lanca-3o-concurso-fotografico\/","url":"https:\/\/folhapopular.info\/index.php\/2022\/08\/04\/poco-das-antas-lanca-3o-concurso-fotografico\/","name":"Po\u00e7o das Antas lan\u00e7a 3\u00ba Concurso Fotogr\u00e1fico - Folha Popular","isPartOf":{"@id":"https:\/\/folhapopular.info\/#website"},"primaryImageOfPage":{"@id":"https:\/\/folhapopular.info\/index.php\/2022\/08\/04\/poco-das-antas-lanca-3o-concurso-fotografico\/#primaryimage"},"image":{"@id":"https:\/\/folhapopular.info\/index.php\/2022\/08\/04\/poco-das-antas-lanca-3o-concurso-fotografico\/#primaryimage"},"thumbnailUrl":"https:\/\/folhapopular.info\/wp-content\/uploads\/2022\/08\/1-Poco-das-Antas-lanca-III-Concurso-Fotografico-scaled-e1659617741612.jpg","datePublished":"2022-08-04T12:56:10+00:00","dateModified":"2022-08-04T14:00:12+00:00","author":{"@id":"https:\/\/folhapopular.info\/#\/schema\/person\/2814e8a0df7643585a9ca38bc6eb9d4b"},"breadcrumb":{"@id":"https:\/\/folhapopular.info\/index.php\/2022\/08\/04\/poco-das-antas-lanca-3o-concurso-fotografico\/#breadcrumb"},"inLanguage":"pt-BR","potentialAction":[{"@type":"ReadAction","target":["https:\/\/folhapopular.info\/index.php\/2022\/08\/04\/poco-das-antas-lanca-3o-concurso-fotografico\/"]}]},{"@type":"ImageObject","inLanguage":"pt-BR","@id":"https:\/\/folhapopular.info\/index.php\/2022\/08\/04\/poco-das-antas-lanca-3o-concurso-fotografico\/#primaryimage","url":"https:\/\/folhapopular.info\/wp-content\/uploads\/2022\/08\/1-Poco-das-Antas-lanca-III-Concurso-Fotografico-scaled-e1659617741612.jpg","contentUrl":"https:\/\/folhapopular.info\/wp-content\/uploads\/2022\/08\/1-Poco-das-Antas-lanca-III-Concurso-Fotografico-scaled-e1659617741612.jpg","width":1200,"height":800,"caption":"Belezas naturais e potenciais tur\u00edsticos podem ser explorados pelos participantes"},{"@type":"BreadcrumbList","@id":"https:\/\/folhapopular.info\/index.php\/2022\/08\/04\/poco-das-antas-lanca-3o-concurso-fotografico\/#breadcrumb","itemListElement":[{"@type":"ListItem","position":1,"name":"In\u00edcio","item":"https:\/\/folhapopular.info\/"},{"@type":"ListItem","position":2,"name":"Po\u00e7o das Antas lan\u00e7a 3\u00ba Concurso Fotogr\u00e1fico"}]},{"@type":"WebSite","@id":"https:\/\/folhapopular.info\/#website","url":"https:\/\/folhapopular.info\/","name":"Folha Popular","description":"Onde voc\u00ea tem vez e voz","potentialAction":[{"@type":"SearchAction","target":{"@type":"EntryPoint","urlTemplate":"https:\/\/folhapopular.info\/?s={search_term_string}"},"query-input":{"@type":"PropertyValueSpecification","valueRequired":true,"valueName":"search_term_string"}}],"inLanguage":"pt-BR"},{"@type":"Person","@id":"https:\/\/folhapopular.info\/#\/schema\/person\/2814e8a0df7643585a9ca38bc6eb9d4b","name":"Reda\u00e7\u00e3o Folha Popular","image":{"@type":"ImageObject","inLanguage":"pt-BR","@id":"https:\/\/folhapopular.info\/wp-content\/uploads\/2026\/04\/Folha-1.webp","url":"https:\/\/folhapopular.info\/wp-content\/uploads\/2026\/04\/Folha-1.webp","contentUrl":"https:\/\/folhapopular.info\/wp-content\/uploads\/2026\/04\/Folha-1.webp","caption":"Reda\u00e7\u00e3o Folha Popular"},"url":"https:\/\/folhapopular.info\/index.php\/author\/redacao\/"}]}},"jetpack_featured_media_url":"https:\/\/folhapopular.info\/wp-content\/uploads\/2022\/08\/1-Poco-das-Antas-lanca-III-Concurso-Fotografico-scaled-e1659617741612.jpg","jetpack_sharing_enabled":true,"amp_enabled":true,"_links":{"self":[{"href":"https:\/\/folhapopular.info\/index.php\/wp-json\/wp\/v2\/posts\/109950","targetHints":{"allow":["GET"]}}],"collection":[{"href":"https:\/\/folhapopular.info\/index.php\/wp-json\/wp\/v2\/posts"}],"about":[{"href":"https:\/\/folhapopular.info\/index.php\/wp-json\/wp\/v2\/types\/post"}],"author":[{"embeddable":true,"href":"https:\/\/folhapopular.info\/index.php\/wp-json\/wp\/v2\/users\/8"}],"replies":[{"embeddable":true,"href":"https:\/\/folhapopular.info\/index.php\/wp-json\/wp\/v2\/comments?post=109950"}],"version-history":[{"count":0,"href":"https:\/\/folhapopular.info\/index.php\/wp-json\/wp\/v2\/posts\/109950\/revisions"}],"wp:featuredmedia":[{"embeddable":true,"href":"https:\/\/folhapopular.info\/index.php\/wp-json\/wp\/v2\/media\/109951"}],"wp:attachment":[{"href":"https:\/\/folhapopular.info\/index.php\/wp-json\/wp\/v2\/media?parent=109950"}],"wp:term":[{"taxonomy":"category","embeddable":true,"href":"https:\/\/folhapopular.info\/index.php\/wp-json\/wp\/v2\/categories?post=109950"},{"taxonomy":"post_tag","embeddable":true,"href":"https:\/\/folhapopular.info\/index.php\/wp-json\/wp\/v2\/tags?post=109950"}],"curies":[{"name":"wp","href":"https:\/\/api.w.org\/{rel}","templated":true}]}}