{"id":110002,"date":"2022-08-04T16:56:22","date_gmt":"2022-08-04T19:56:22","guid":{"rendered":"https:\/\/folhapopular.info\/?p=110002"},"modified":"2022-08-04T16:56:26","modified_gmt":"2022-08-04T19:56:26","slug":"encontros-do-grupo-geracoes-em-conexao-de-westfalia-chegam-ao-fim","status":"publish","type":"post","link":"https:\/\/folhapopular.info\/index.php\/2022\/08\/04\/encontros-do-grupo-geracoes-em-conexao-de-westfalia-chegam-ao-fim\/","title":{"rendered":"Encontros do Grupo Gera\u00e7\u00f5es em Conex\u00e3o de Westf\u00e1lia chegam ao fim"},"content":{"rendered":"\n<p>Na pr\u00f3xima semana os encontros do Grupo Gera\u00e7\u00f5es em Conex\u00e3o, realizado pela Secretaria de Educa\u00e7\u00e3o, Cultura, Turismo e Desporto (SMEC) de Westf\u00e1lia, chegar\u00e3o ao fim. <\/p>\n\n\n\n<p>Portanto esta \u00e9 a \u00faltima oportunidade para a comunidade escolar participar da atividade sobre educa\u00e7\u00e3o de crian\u00e7as e jovens.<\/p>\n\n\n\n<p>As reuni\u00f5es ocorrer\u00e3o tr\u00eas vezes por semana, com in\u00edcio \u00e0s 19h. Confira as datas e programa\u00e7\u00f5es:<br>Ter\u00e7a-feira (9\/8) &#8211; para pais de Educa\u00e7\u00e3o Infantil;<br>Quarta-feira (10\/8) &#8211; para pais dos Anos Iniciais;<br>Quinta-feira (11\/8) &#8211; para pais e alunos dos Anos Finais.<\/p>\n","protected":false},"excerpt":{"rendered":"<p>Na pr\u00f3xima semana os encontros do Grupo Gera\u00e7\u00f5es em Conex\u00e3o, realizado pela Secretaria de Educa\u00e7\u00e3o, Cultura, Turismo e Desporto (SMEC) de Westf\u00e1lia, chegar\u00e3o ao fim. Portanto esta \u00e9 a \u00faltima oportunidade para a comunidade escolar participar da atividade sobre educa\u00e7\u00e3o de crian\u00e7as e jovens. As reuni\u00f5es ocorrer\u00e3o tr\u00eas vezes por semana, com in\u00edcio \u00e0s 19h. [&hellip;]<\/p>\n","protected":false},"author":8,"featured_media":110003,"comment_status":"open","ping_status":"open","sticky":false,"template":"","format":"standard","meta":{"pmpro_default_level":"","_jetpack_memberships_contains_paid_content":false,"footnotes":""},"categories":[2,3],"tags":[73,9673,3693,25],"class_list":{"0":"post-110002","1":"post","2":"type-post","3":"status-publish","4":"format-standard","5":"has-post-thumbnail","7":"category-featured","8":"category-geral","9":"tag-educacao","10":"tag-geracoes-em-conexao","11":"tag-reuniao","12":"tag-westfalia","13":"pmpro-has-access"},"yoast_head":"<!-- This site is optimized with the Yoast SEO plugin v27.5 - https:\/\/yoast.com\/product\/yoast-seo-wordpress\/ -->\n<title>Encontros do Grupo Gera\u00e7\u00f5es em Conex\u00e3o de Westf\u00e1lia chegam ao fim - Folha Popular<\/title>\n<meta name=\"robots\" content=\"index, follow, max-snippet:-1, max-image-preview:large, max-video-preview:-1\" \/>\n<link rel=\"canonical\" href=\"https:\/\/folhapopular.info\/index.php\/2022\/08\/04\/encontros-do-grupo-geracoes-em-conexao-de-westfalia-chegam-ao-fim\/\" \/>\n<meta property=\"og:locale\" content=\"pt_BR\" \/>\n<meta property=\"og:type\" content=\"article\" \/>\n<meta property=\"og:title\" content=\"Encontros do Grupo Gera\u00e7\u00f5es em Conex\u00e3o de Westf\u00e1lia chegam ao fim - Folha Popular\" \/>\n<meta property=\"og:description\" content=\"Na pr\u00f3xima semana os encontros do Grupo Gera\u00e7\u00f5es em Conex\u00e3o, realizado pela Secretaria de Educa\u00e7\u00e3o, Cultura, Turismo e Desporto (SMEC) de Westf\u00e1lia, chegar\u00e3o ao fim. Portanto esta \u00e9 a \u00faltima oportunidade para a comunidade escolar participar da atividade sobre educa\u00e7\u00e3o de crian\u00e7as e jovens. As reuni\u00f5es ocorrer\u00e3o tr\u00eas vezes por semana, com in\u00edcio \u00e0s 19h. [&hellip;]\" \/>\n<meta property=\"og:url\" content=\"https:\/\/folhapopular.info\/index.php\/2022\/08\/04\/encontros-do-grupo-geracoes-em-conexao-de-westfalia-chegam-ao-fim\/\" \/>\n<meta property=\"og:site_name\" content=\"Folha Popular\" \/>\n<meta property=\"article:published_time\" content=\"2022-08-04T19:56:22+00:00\" \/>\n<meta property=\"article:modified_time\" content=\"2022-08-04T19:56:26+00:00\" \/>\n<meta property=\"og:image\" content=\"http:\/\/folhapopular.info\/wp-content\/uploads\/2022\/08\/2018_04_10_Arquivo-A-Hora_Westfalia.jpg\" \/>\n\t<meta property=\"og:image:width\" content=\"1077\" \/>\n\t<meta property=\"og:image:height\" content=\"715\" \/>\n\t<meta property=\"og:image:type\" content=\"image\/jpeg\" \/>\n<meta name=\"author\" content=\"Reda\u00e7\u00e3o Folha Popular\" \/>\n<meta name=\"twitter:card\" content=\"summary_large_image\" \/>\n<meta name=\"twitter:label1\" content=\"Escrito por\" \/>\n\t<meta name=\"twitter:data1\" content=\"Reda\u00e7\u00e3o Folha Popular\" \/>\n\t<meta name=\"twitter:label2\" content=\"Est. tempo de leitura\" \/>\n\t<meta name=\"twitter:data2\" content=\"1 minuto\" \/>\n<script type=\"application\/ld+json\" class=\"yoast-schema-graph\">{\"@context\":\"https:\\\/\\\/schema.org\",\"@graph\":[{\"@type\":\"Article\",\"@id\":\"https:\\\/\\\/folhapopular.info\\\/index.php\\\/2022\\\/08\\\/04\\\/encontros-do-grupo-geracoes-em-conexao-de-westfalia-chegam-ao-fim\\\/#article\",\"isPartOf\":{\"@id\":\"https:\\\/\\\/folhapopular.info\\\/index.php\\\/2022\\\/08\\\/04\\\/encontros-do-grupo-geracoes-em-conexao-de-westfalia-chegam-ao-fim\\\/\"},\"author\":{\"name\":\"Reda\u00e7\u00e3o Folha Popular\",\"@id\":\"https:\\\/\\\/folhapopular.info\\\/#\\\/schema\\\/person\\\/2814e8a0df7643585a9ca38bc6eb9d4b\"},\"headline\":\"Encontros do Grupo Gera\u00e7\u00f5es em Conex\u00e3o de Westf\u00e1lia chegam ao fim\",\"datePublished\":\"2022-08-04T19:56:22+00:00\",\"dateModified\":\"2022-08-04T19:56:26+00:00\",\"mainEntityOfPage\":{\"@id\":\"https:\\\/\\\/folhapopular.info\\\/index.php\\\/2022\\\/08\\\/04\\\/encontros-do-grupo-geracoes-em-conexao-de-westfalia-chegam-ao-fim\\\/\"},\"wordCount\":111,\"commentCount\":0,\"image\":{\"@id\":\"https:\\\/\\\/folhapopular.info\\\/index.php\\\/2022\\\/08\\\/04\\\/encontros-do-grupo-geracoes-em-conexao-de-westfalia-chegam-ao-fim\\\/#primaryimage\"},\"thumbnailUrl\":\"https:\\\/\\\/folhapopular.info\\\/wp-content\\\/uploads\\\/2022\\\/08\\\/2018_04_10_Arquivo-A-Hora_Westfalia.jpg\",\"keywords\":[\"Educa\u00e7\u00e3o\",\"Gera\u00e7\u00f5es em Conex\u00e3o\",\"reuni\u00e3o\",\"Westf\u00e1lia\"],\"articleSection\":[\"Destaques\",\"Geral\"],\"inLanguage\":\"pt-BR\",\"potentialAction\":[{\"@type\":\"CommentAction\",\"name\":\"Comment\",\"target\":[\"https:\\\/\\\/folhapopular.info\\\/index.php\\\/2022\\\/08\\\/04\\\/encontros-do-grupo-geracoes-em-conexao-de-westfalia-chegam-ao-fim\\\/#respond\"]}]},{\"@type\":\"WebPage\",\"@id\":\"https:\\\/\\\/folhapopular.info\\\/index.php\\\/2022\\\/08\\\/04\\\/encontros-do-grupo-geracoes-em-conexao-de-westfalia-chegam-ao-fim\\\/\",\"url\":\"https:\\\/\\\/folhapopular.info\\\/index.php\\\/2022\\\/08\\\/04\\\/encontros-do-grupo-geracoes-em-conexao-de-westfalia-chegam-ao-fim\\\/\",\"name\":\"Encontros do Grupo Gera\u00e7\u00f5es em Conex\u00e3o de Westf\u00e1lia chegam ao fim - Folha Popular\",\"isPartOf\":{\"@id\":\"https:\\\/\\\/folhapopular.info\\\/#website\"},\"primaryImageOfPage\":{\"@id\":\"https:\\\/\\\/folhapopular.info\\\/index.php\\\/2022\\\/08\\\/04\\\/encontros-do-grupo-geracoes-em-conexao-de-westfalia-chegam-ao-fim\\\/#primaryimage\"},\"image\":{\"@id\":\"https:\\\/\\\/folhapopular.info\\\/index.php\\\/2022\\\/08\\\/04\\\/encontros-do-grupo-geracoes-em-conexao-de-westfalia-chegam-ao-fim\\\/#primaryimage\"},\"thumbnailUrl\":\"https:\\\/\\\/folhapopular.info\\\/wp-content\\\/uploads\\\/2022\\\/08\\\/2018_04_10_Arquivo-A-Hora_Westfalia.jpg\",\"datePublished\":\"2022-08-04T19:56:22+00:00\",\"dateModified\":\"2022-08-04T19:56:26+00:00\",\"author\":{\"@id\":\"https:\\\/\\\/folhapopular.info\\\/#\\\/schema\\\/person\\\/2814e8a0df7643585a9ca38bc6eb9d4b\"},\"breadcrumb\":{\"@id\":\"https:\\\/\\\/folhapopular.info\\\/index.php\\\/2022\\\/08\\\/04\\\/encontros-do-grupo-geracoes-em-conexao-de-westfalia-chegam-ao-fim\\\/#breadcrumb\"},\"inLanguage\":\"pt-BR\",\"potentialAction\":[{\"@type\":\"ReadAction\",\"target\":[\"https:\\\/\\\/folhapopular.info\\\/index.php\\\/2022\\\/08\\\/04\\\/encontros-do-grupo-geracoes-em-conexao-de-westfalia-chegam-ao-fim\\\/\"]}]},{\"@type\":\"ImageObject\",\"inLanguage\":\"pt-BR\",\"@id\":\"https:\\\/\\\/folhapopular.info\\\/index.php\\\/2022\\\/08\\\/04\\\/encontros-do-grupo-geracoes-em-conexao-de-westfalia-chegam-ao-fim\\\/#primaryimage\",\"url\":\"https:\\\/\\\/folhapopular.info\\\/wp-content\\\/uploads\\\/2022\\\/08\\\/2018_04_10_Arquivo-A-Hora_Westfalia.jpg\",\"contentUrl\":\"https:\\\/\\\/folhapopular.info\\\/wp-content\\\/uploads\\\/2022\\\/08\\\/2018_04_10_Arquivo-A-Hora_Westfalia.jpg\",\"width\":1077,\"height\":715,\"caption\":\"Cr\u00e9dito: Divulga\u00e7\u00e3o\"},{\"@type\":\"BreadcrumbList\",\"@id\":\"https:\\\/\\\/folhapopular.info\\\/index.php\\\/2022\\\/08\\\/04\\\/encontros-do-grupo-geracoes-em-conexao-de-westfalia-chegam-ao-fim\\\/#breadcrumb\",\"itemListElement\":[{\"@type\":\"ListItem\",\"position\":1,\"name\":\"In\u00edcio\",\"item\":\"https:\\\/\\\/folhapopular.info\\\/\"},{\"@type\":\"ListItem\",\"position\":2,\"name\":\"Encontros do Grupo Gera\u00e7\u00f5es em Conex\u00e3o de Westf\u00e1lia chegam ao fim\"}]},{\"@type\":\"WebSite\",\"@id\":\"https:\\\/\\\/folhapopular.info\\\/#website\",\"url\":\"https:\\\/\\\/folhapopular.info\\\/\",\"name\":\"Folha Popular\",\"description\":\"Onde voc\u00ea tem vez e voz\",\"potentialAction\":[{\"@type\":\"SearchAction\",\"target\":{\"@type\":\"EntryPoint\",\"urlTemplate\":\"https:\\\/\\\/folhapopular.info\\\/?s={search_term_string}\"},\"query-input\":{\"@type\":\"PropertyValueSpecification\",\"valueRequired\":true,\"valueName\":\"search_term_string\"}}],\"inLanguage\":\"pt-BR\"},{\"@type\":\"Person\",\"@id\":\"https:\\\/\\\/folhapopular.info\\\/#\\\/schema\\\/person\\\/2814e8a0df7643585a9ca38bc6eb9d4b\",\"name\":\"Reda\u00e7\u00e3o Folha Popular\",\"image\":{\"@type\":\"ImageObject\",\"inLanguage\":\"pt-BR\",\"@id\":\"https:\\\/\\\/folhapopular.info\\\/wp-content\\\/uploads\\\/2026\\\/04\\\/Folha-1.webp\",\"url\":\"https:\\\/\\\/folhapopular.info\\\/wp-content\\\/uploads\\\/2026\\\/04\\\/Folha-1.webp\",\"contentUrl\":\"https:\\\/\\\/folhapopular.info\\\/wp-content\\\/uploads\\\/2026\\\/04\\\/Folha-1.webp\",\"caption\":\"Reda\u00e7\u00e3o Folha Popular\"},\"url\":\"https:\\\/\\\/folhapopular.info\\\/index.php\\\/author\\\/redacao\\\/\"}]}<\/script>\n<!-- \/ Yoast SEO plugin. -->","yoast_head_json":{"title":"Encontros do Grupo Gera\u00e7\u00f5es em Conex\u00e3o de Westf\u00e1lia chegam ao fim - Folha Popular","robots":{"index":"index","follow":"follow","max-snippet":"max-snippet:-1","max-image-preview":"max-image-preview:large","max-video-preview":"max-video-preview:-1"},"canonical":"https:\/\/folhapopular.info\/index.php\/2022\/08\/04\/encontros-do-grupo-geracoes-em-conexao-de-westfalia-chegam-ao-fim\/","og_locale":"pt_BR","og_type":"article","og_title":"Encontros do Grupo Gera\u00e7\u00f5es em Conex\u00e3o de Westf\u00e1lia chegam ao fim - Folha Popular","og_description":"Na pr\u00f3xima semana os encontros do Grupo Gera\u00e7\u00f5es em Conex\u00e3o, realizado pela Secretaria de Educa\u00e7\u00e3o, Cultura, Turismo e Desporto (SMEC) de Westf\u00e1lia, chegar\u00e3o ao fim. Portanto esta \u00e9 a \u00faltima oportunidade para a comunidade escolar participar da atividade sobre educa\u00e7\u00e3o de crian\u00e7as e jovens. As reuni\u00f5es ocorrer\u00e3o tr\u00eas vezes por semana, com in\u00edcio \u00e0s 19h. [&hellip;]","og_url":"https:\/\/folhapopular.info\/index.php\/2022\/08\/04\/encontros-do-grupo-geracoes-em-conexao-de-westfalia-chegam-ao-fim\/","og_site_name":"Folha Popular","article_published_time":"2022-08-04T19:56:22+00:00","article_modified_time":"2022-08-04T19:56:26+00:00","og_image":[{"width":1077,"height":715,"url":"http:\/\/folhapopular.info\/wp-content\/uploads\/2022\/08\/2018_04_10_Arquivo-A-Hora_Westfalia.jpg","type":"image\/jpeg"}],"author":"Reda\u00e7\u00e3o Folha Popular","twitter_card":"summary_large_image","twitter_misc":{"Escrito por":"Reda\u00e7\u00e3o Folha Popular","Est. tempo de leitura":"1 minuto"},"schema":{"@context":"https:\/\/schema.org","@graph":[{"@type":"Article","@id":"https:\/\/folhapopular.info\/index.php\/2022\/08\/04\/encontros-do-grupo-geracoes-em-conexao-de-westfalia-chegam-ao-fim\/#article","isPartOf":{"@id":"https:\/\/folhapopular.info\/index.php\/2022\/08\/04\/encontros-do-grupo-geracoes-em-conexao-de-westfalia-chegam-ao-fim\/"},"author":{"name":"Reda\u00e7\u00e3o Folha Popular","@id":"https:\/\/folhapopular.info\/#\/schema\/person\/2814e8a0df7643585a9ca38bc6eb9d4b"},"headline":"Encontros do Grupo Gera\u00e7\u00f5es em Conex\u00e3o de Westf\u00e1lia chegam ao fim","datePublished":"2022-08-04T19:56:22+00:00","dateModified":"2022-08-04T19:56:26+00:00","mainEntityOfPage":{"@id":"https:\/\/folhapopular.info\/index.php\/2022\/08\/04\/encontros-do-grupo-geracoes-em-conexao-de-westfalia-chegam-ao-fim\/"},"wordCount":111,"commentCount":0,"image":{"@id":"https:\/\/folhapopular.info\/index.php\/2022\/08\/04\/encontros-do-grupo-geracoes-em-conexao-de-westfalia-chegam-ao-fim\/#primaryimage"},"thumbnailUrl":"https:\/\/folhapopular.info\/wp-content\/uploads\/2022\/08\/2018_04_10_Arquivo-A-Hora_Westfalia.jpg","keywords":["Educa\u00e7\u00e3o","Gera\u00e7\u00f5es em Conex\u00e3o","reuni\u00e3o","Westf\u00e1lia"],"articleSection":["Destaques","Geral"],"inLanguage":"pt-BR","potentialAction":[{"@type":"CommentAction","name":"Comment","target":["https:\/\/folhapopular.info\/index.php\/2022\/08\/04\/encontros-do-grupo-geracoes-em-conexao-de-westfalia-chegam-ao-fim\/#respond"]}]},{"@type":"WebPage","@id":"https:\/\/folhapopular.info\/index.php\/2022\/08\/04\/encontros-do-grupo-geracoes-em-conexao-de-westfalia-chegam-ao-fim\/","url":"https:\/\/folhapopular.info\/index.php\/2022\/08\/04\/encontros-do-grupo-geracoes-em-conexao-de-westfalia-chegam-ao-fim\/","name":"Encontros do Grupo Gera\u00e7\u00f5es em Conex\u00e3o de Westf\u00e1lia chegam ao fim - Folha Popular","isPartOf":{"@id":"https:\/\/folhapopular.info\/#website"},"primaryImageOfPage":{"@id":"https:\/\/folhapopular.info\/index.php\/2022\/08\/04\/encontros-do-grupo-geracoes-em-conexao-de-westfalia-chegam-ao-fim\/#primaryimage"},"image":{"@id":"https:\/\/folhapopular.info\/index.php\/2022\/08\/04\/encontros-do-grupo-geracoes-em-conexao-de-westfalia-chegam-ao-fim\/#primaryimage"},"thumbnailUrl":"https:\/\/folhapopular.info\/wp-content\/uploads\/2022\/08\/2018_04_10_Arquivo-A-Hora_Westfalia.jpg","datePublished":"2022-08-04T19:56:22+00:00","dateModified":"2022-08-04T19:56:26+00:00","author":{"@id":"https:\/\/folhapopular.info\/#\/schema\/person\/2814e8a0df7643585a9ca38bc6eb9d4b"},"breadcrumb":{"@id":"https:\/\/folhapopular.info\/index.php\/2022\/08\/04\/encontros-do-grupo-geracoes-em-conexao-de-westfalia-chegam-ao-fim\/#breadcrumb"},"inLanguage":"pt-BR","potentialAction":[{"@type":"ReadAction","target":["https:\/\/folhapopular.info\/index.php\/2022\/08\/04\/encontros-do-grupo-geracoes-em-conexao-de-westfalia-chegam-ao-fim\/"]}]},{"@type":"ImageObject","inLanguage":"pt-BR","@id":"https:\/\/folhapopular.info\/index.php\/2022\/08\/04\/encontros-do-grupo-geracoes-em-conexao-de-westfalia-chegam-ao-fim\/#primaryimage","url":"https:\/\/folhapopular.info\/wp-content\/uploads\/2022\/08\/2018_04_10_Arquivo-A-Hora_Westfalia.jpg","contentUrl":"https:\/\/folhapopular.info\/wp-content\/uploads\/2022\/08\/2018_04_10_Arquivo-A-Hora_Westfalia.jpg","width":1077,"height":715,"caption":"Cr\u00e9dito: Divulga\u00e7\u00e3o"},{"@type":"BreadcrumbList","@id":"https:\/\/folhapopular.info\/index.php\/2022\/08\/04\/encontros-do-grupo-geracoes-em-conexao-de-westfalia-chegam-ao-fim\/#breadcrumb","itemListElement":[{"@type":"ListItem","position":1,"name":"In\u00edcio","item":"https:\/\/folhapopular.info\/"},{"@type":"ListItem","position":2,"name":"Encontros do Grupo Gera\u00e7\u00f5es em Conex\u00e3o de Westf\u00e1lia chegam ao fim"}]},{"@type":"WebSite","@id":"https:\/\/folhapopular.info\/#website","url":"https:\/\/folhapopular.info\/","name":"Folha Popular","description":"Onde voc\u00ea tem vez e voz","potentialAction":[{"@type":"SearchAction","target":{"@type":"EntryPoint","urlTemplate":"https:\/\/folhapopular.info\/?s={search_term_string}"},"query-input":{"@type":"PropertyValueSpecification","valueRequired":true,"valueName":"search_term_string"}}],"inLanguage":"pt-BR"},{"@type":"Person","@id":"https:\/\/folhapopular.info\/#\/schema\/person\/2814e8a0df7643585a9ca38bc6eb9d4b","name":"Reda\u00e7\u00e3o Folha Popular","image":{"@type":"ImageObject","inLanguage":"pt-BR","@id":"https:\/\/folhapopular.info\/wp-content\/uploads\/2026\/04\/Folha-1.webp","url":"https:\/\/folhapopular.info\/wp-content\/uploads\/2026\/04\/Folha-1.webp","contentUrl":"https:\/\/folhapopular.info\/wp-content\/uploads\/2026\/04\/Folha-1.webp","caption":"Reda\u00e7\u00e3o Folha Popular"},"url":"https:\/\/folhapopular.info\/index.php\/author\/redacao\/"}]}},"jetpack_featured_media_url":"https:\/\/folhapopular.info\/wp-content\/uploads\/2022\/08\/2018_04_10_Arquivo-A-Hora_Westfalia.jpg","jetpack_sharing_enabled":true,"amp_enabled":true,"_links":{"self":[{"href":"https:\/\/folhapopular.info\/index.php\/wp-json\/wp\/v2\/posts\/110002","targetHints":{"allow":["GET"]}}],"collection":[{"href":"https:\/\/folhapopular.info\/index.php\/wp-json\/wp\/v2\/posts"}],"about":[{"href":"https:\/\/folhapopular.info\/index.php\/wp-json\/wp\/v2\/types\/post"}],"author":[{"embeddable":true,"href":"https:\/\/folhapopular.info\/index.php\/wp-json\/wp\/v2\/users\/8"}],"replies":[{"embeddable":true,"href":"https:\/\/folhapopular.info\/index.php\/wp-json\/wp\/v2\/comments?post=110002"}],"version-history":[{"count":0,"href":"https:\/\/folhapopular.info\/index.php\/wp-json\/wp\/v2\/posts\/110002\/revisions"}],"wp:featuredmedia":[{"embeddable":true,"href":"https:\/\/folhapopular.info\/index.php\/wp-json\/wp\/v2\/media\/110003"}],"wp:attachment":[{"href":"https:\/\/folhapopular.info\/index.php\/wp-json\/wp\/v2\/media?parent=110002"}],"wp:term":[{"taxonomy":"category","embeddable":true,"href":"https:\/\/folhapopular.info\/index.php\/wp-json\/wp\/v2\/categories?post=110002"},{"taxonomy":"post_tag","embeddable":true,"href":"https:\/\/folhapopular.info\/index.php\/wp-json\/wp\/v2\/tags?post=110002"}],"curies":[{"name":"wp","href":"https:\/\/api.w.org\/{rel}","templated":true}]}}