{"id":110467,"date":"2022-08-11T10:51:40","date_gmt":"2022-08-11T13:51:40","guid":{"rendered":"https:\/\/folhapopular.info\/?p=110467"},"modified":"2022-08-11T10:51:45","modified_gmt":"2022-08-11T13:51:45","slug":"univates-recebe-13a-copa-escolar-de-ginastica-de-trampolim-neste-sabado","status":"publish","type":"post","link":"https:\/\/folhapopular.info\/index.php\/2022\/08\/11\/univates-recebe-13a-copa-escolar-de-ginastica-de-trampolim-neste-sabado\/","title":{"rendered":"Univates recebe 13\u00aa Copa Escolar de Gin\u00e1stica de Trampolim neste s\u00e1bado"},"content":{"rendered":"\n<p>Mais de 180 atletas estar\u00e3o envolvidos na 13\u00aa Copa Escolar de Gin\u00e1stica de Trampolim da <a href=\"http:\/\/www.univates.br\/\" target=\"_blank\" rel=\"noreferrer noopener\">Universidade do Vale do Taquari &#8211; Univates<\/a>. O evento ser\u00e1 realizado neste s\u00e1bado (13\/8), no Complexo Esportivo. As atividades da competi\u00e7\u00e3o contar\u00e3o com a participa\u00e7\u00e3o de atletas de diferentes idades e entidades, nos aparelhos trampolim, minitrampolim, solo e aparelhos auxiliares.<\/p>\n\n\n\n<p>As crian\u00e7as participantes estar\u00e3o divididas em cinco n\u00edveis: pr\u00e9-n\u00edvel (de 3 at\u00e9 6 anos), n\u00edvel 1 (a partir de 7 anos), n\u00edvel 2 (atletas que j\u00e1 atingiram determinada pontua\u00e7\u00e3o no n\u00edvel 1), n\u00edvel 3A (destinado a atletas que j\u00e1 alcan\u00e7aram a pontua\u00e7\u00e3o do n\u00edvel 2) e n\u00edvel 3B (para atletas que j\u00e1 alcan\u00e7aram a pontua\u00e7\u00e3o do n\u00edvel 3A).<\/p>\n\n\n\n<p>As atividades iniciam \u00e0s 8h15, sendo o primeiro momento destinado ao treinamento dos atletas. A competi\u00e7\u00e3o come\u00e7a \u00e0s 10h e prossegue at\u00e9 as 12h, com o pr\u00e9-n\u00edvel e o n\u00edvel 2. J\u00e1 no turno da tarde, a partir das 13h30, acontecem as disputas dos n\u00edveis 1 e 3.\u00a0<\/p>\n\n\n\n<p>A Copa Escolar busca incentivar a inicia\u00e7\u00e3o esportiva e serve como um par\u00e2metro para analisar o desenvolvimento do atleta no esporte. Neste ano, a etapa conta com a participa\u00e7\u00e3o de seis equipes: Associa\u00e7\u00e3o Desportiva e Cultural dos Vales (15), Col\u00e9gio Evang\u00e9lico Alberto Torres (57) e Centro de Treinamento Megarace (4) de Lajeado; Col\u00e9gio Mau\u00e1 (32) de Santa Cruz do Sul; Ipanema Sports (8) de Porto Alegre; al\u00e9m da Univates como entidade-sede (69).<\/p>\n","protected":false},"excerpt":{"rendered":"<p>Mais de 180 atletas estar\u00e3o envolvidos na 13\u00aa Copa Escolar de Gin\u00e1stica de Trampolim da Universidade do Vale do Taquari &#8211; Univates. O evento ser\u00e1 realizado neste s\u00e1bado (13\/8), no Complexo Esportivo. As atividades da competi\u00e7\u00e3o contar\u00e3o com a participa\u00e7\u00e3o de atletas de diferentes idades e entidades, nos aparelhos trampolim, minitrampolim, solo e aparelhos auxiliares. [&hellip;]<\/p>\n","protected":false},"author":8,"featured_media":110468,"comment_status":"open","ping_status":"open","sticky":false,"template":"","format":"standard","meta":{"pmpro_default_level":"","_jetpack_memberships_contains_paid_content":false,"footnotes":""},"categories":[5],"tags":[9716,27,83],"class_list":{"0":"post-110467","1":"post","2":"type-post","3":"status-publish","4":"format-standard","5":"has-post-thumbnail","7":"category-esportes","8":"tag-13a-copa-escolar-de-ginastica-de-trampolim","9":"tag-lajeado","10":"tag-univates","11":"pmpro-has-access"},"yoast_head":"<!-- This site is optimized with the Yoast SEO plugin v27.5 - https:\/\/yoast.com\/product\/yoast-seo-wordpress\/ -->\n<title>Univates recebe 13\u00aa Copa Escolar de Gin\u00e1stica de Trampolim neste s\u00e1bado - Folha Popular<\/title>\n<meta name=\"robots\" content=\"index, follow, max-snippet:-1, max-image-preview:large, max-video-preview:-1\" \/>\n<link rel=\"canonical\" href=\"https:\/\/folhapopular.info\/index.php\/2022\/08\/11\/univates-recebe-13a-copa-escolar-de-ginastica-de-trampolim-neste-sabado\/\" \/>\n<meta property=\"og:locale\" content=\"pt_BR\" \/>\n<meta property=\"og:type\" content=\"article\" \/>\n<meta property=\"og:title\" content=\"Univates recebe 13\u00aa Copa Escolar de Gin\u00e1stica de Trampolim neste s\u00e1bado - Folha Popular\" \/>\n<meta property=\"og:description\" content=\"Mais de 180 atletas estar\u00e3o envolvidos na 13\u00aa Copa Escolar de Gin\u00e1stica de Trampolim da Universidade do Vale do Taquari &#8211; Univates. O evento ser\u00e1 realizado neste s\u00e1bado (13\/8), no Complexo Esportivo. As atividades da competi\u00e7\u00e3o contar\u00e3o com a participa\u00e7\u00e3o de atletas de diferentes idades e entidades, nos aparelhos trampolim, minitrampolim, solo e aparelhos auxiliares. [&hellip;]\" \/>\n<meta property=\"og:url\" content=\"https:\/\/folhapopular.info\/index.php\/2022\/08\/11\/univates-recebe-13a-copa-escolar-de-ginastica-de-trampolim-neste-sabado\/\" \/>\n<meta property=\"og:site_name\" content=\"Folha Popular\" \/>\n<meta property=\"article:published_time\" content=\"2022-08-11T13:51:40+00:00\" \/>\n<meta property=\"article:modified_time\" content=\"2022-08-11T13:51:45+00:00\" \/>\n<meta property=\"og:image\" content=\"http:\/\/folhapopular.info\/wp-content\/uploads\/2022\/08\/Edicao-da-Copa-Escolar-de-Ginastica-em-2019-Credito-Ana-Paula-Kehl-e1660225766681.jpg\" \/>\n\t<meta property=\"og:image:width\" content=\"1200\" \/>\n\t<meta property=\"og:image:height\" content=\"800\" \/>\n\t<meta property=\"og:image:type\" content=\"image\/jpeg\" \/>\n<meta name=\"author\" content=\"Reda\u00e7\u00e3o Folha Popular\" \/>\n<meta name=\"twitter:card\" content=\"summary_large_image\" \/>\n<meta name=\"twitter:label1\" content=\"Escrito por\" \/>\n\t<meta name=\"twitter:data1\" content=\"Reda\u00e7\u00e3o Folha Popular\" \/>\n\t<meta name=\"twitter:label2\" content=\"Est. tempo de leitura\" \/>\n\t<meta name=\"twitter:data2\" content=\"2 minutos\" \/>\n<script type=\"application\/ld+json\" class=\"yoast-schema-graph\">{\"@context\":\"https:\\\/\\\/schema.org\",\"@graph\":[{\"@type\":\"Article\",\"@id\":\"https:\\\/\\\/folhapopular.info\\\/index.php\\\/2022\\\/08\\\/11\\\/univates-recebe-13a-copa-escolar-de-ginastica-de-trampolim-neste-sabado\\\/#article\",\"isPartOf\":{\"@id\":\"https:\\\/\\\/folhapopular.info\\\/index.php\\\/2022\\\/08\\\/11\\\/univates-recebe-13a-copa-escolar-de-ginastica-de-trampolim-neste-sabado\\\/\"},\"author\":{\"name\":\"Reda\u00e7\u00e3o Folha Popular\",\"@id\":\"https:\\\/\\\/folhapopular.info\\\/#\\\/schema\\\/person\\\/2814e8a0df7643585a9ca38bc6eb9d4b\"},\"headline\":\"Univates recebe 13\u00aa Copa Escolar de Gin\u00e1stica de Trampolim neste s\u00e1bado\",\"datePublished\":\"2022-08-11T13:51:40+00:00\",\"dateModified\":\"2022-08-11T13:51:45+00:00\",\"mainEntityOfPage\":{\"@id\":\"https:\\\/\\\/folhapopular.info\\\/index.php\\\/2022\\\/08\\\/11\\\/univates-recebe-13a-copa-escolar-de-ginastica-de-trampolim-neste-sabado\\\/\"},\"wordCount\":263,\"commentCount\":0,\"image\":{\"@id\":\"https:\\\/\\\/folhapopular.info\\\/index.php\\\/2022\\\/08\\\/11\\\/univates-recebe-13a-copa-escolar-de-ginastica-de-trampolim-neste-sabado\\\/#primaryimage\"},\"thumbnailUrl\":\"https:\\\/\\\/folhapopular.info\\\/wp-content\\\/uploads\\\/2022\\\/08\\\/Edicao-da-Copa-Escolar-de-Ginastica-em-2019-Credito-Ana-Paula-Kehl-e1660225766681.jpg\",\"keywords\":[\"13\u00aa Copa Escolar de Gin\u00e1stica de Trampolim\",\"Lajeado\",\"Univates\"],\"articleSection\":[\"Esportes\"],\"inLanguage\":\"pt-BR\",\"potentialAction\":[{\"@type\":\"CommentAction\",\"name\":\"Comment\",\"target\":[\"https:\\\/\\\/folhapopular.info\\\/index.php\\\/2022\\\/08\\\/11\\\/univates-recebe-13a-copa-escolar-de-ginastica-de-trampolim-neste-sabado\\\/#respond\"]}]},{\"@type\":\"WebPage\",\"@id\":\"https:\\\/\\\/folhapopular.info\\\/index.php\\\/2022\\\/08\\\/11\\\/univates-recebe-13a-copa-escolar-de-ginastica-de-trampolim-neste-sabado\\\/\",\"url\":\"https:\\\/\\\/folhapopular.info\\\/index.php\\\/2022\\\/08\\\/11\\\/univates-recebe-13a-copa-escolar-de-ginastica-de-trampolim-neste-sabado\\\/\",\"name\":\"Univates recebe 13\u00aa Copa Escolar de Gin\u00e1stica de Trampolim neste s\u00e1bado - Folha Popular\",\"isPartOf\":{\"@id\":\"https:\\\/\\\/folhapopular.info\\\/#website\"},\"primaryImageOfPage\":{\"@id\":\"https:\\\/\\\/folhapopular.info\\\/index.php\\\/2022\\\/08\\\/11\\\/univates-recebe-13a-copa-escolar-de-ginastica-de-trampolim-neste-sabado\\\/#primaryimage\"},\"image\":{\"@id\":\"https:\\\/\\\/folhapopular.info\\\/index.php\\\/2022\\\/08\\\/11\\\/univates-recebe-13a-copa-escolar-de-ginastica-de-trampolim-neste-sabado\\\/#primaryimage\"},\"thumbnailUrl\":\"https:\\\/\\\/folhapopular.info\\\/wp-content\\\/uploads\\\/2022\\\/08\\\/Edicao-da-Copa-Escolar-de-Ginastica-em-2019-Credito-Ana-Paula-Kehl-e1660225766681.jpg\",\"datePublished\":\"2022-08-11T13:51:40+00:00\",\"dateModified\":\"2022-08-11T13:51:45+00:00\",\"author\":{\"@id\":\"https:\\\/\\\/folhapopular.info\\\/#\\\/schema\\\/person\\\/2814e8a0df7643585a9ca38bc6eb9d4b\"},\"breadcrumb\":{\"@id\":\"https:\\\/\\\/folhapopular.info\\\/index.php\\\/2022\\\/08\\\/11\\\/univates-recebe-13a-copa-escolar-de-ginastica-de-trampolim-neste-sabado\\\/#breadcrumb\"},\"inLanguage\":\"pt-BR\",\"potentialAction\":[{\"@type\":\"ReadAction\",\"target\":[\"https:\\\/\\\/folhapopular.info\\\/index.php\\\/2022\\\/08\\\/11\\\/univates-recebe-13a-copa-escolar-de-ginastica-de-trampolim-neste-sabado\\\/\"]}]},{\"@type\":\"ImageObject\",\"inLanguage\":\"pt-BR\",\"@id\":\"https:\\\/\\\/folhapopular.info\\\/index.php\\\/2022\\\/08\\\/11\\\/univates-recebe-13a-copa-escolar-de-ginastica-de-trampolim-neste-sabado\\\/#primaryimage\",\"url\":\"https:\\\/\\\/folhapopular.info\\\/wp-content\\\/uploads\\\/2022\\\/08\\\/Edicao-da-Copa-Escolar-de-Ginastica-em-2019-Credito-Ana-Paula-Kehl-e1660225766681.jpg\",\"contentUrl\":\"https:\\\/\\\/folhapopular.info\\\/wp-content\\\/uploads\\\/2022\\\/08\\\/Edicao-da-Copa-Escolar-de-Ginastica-em-2019-Credito-Ana-Paula-Kehl-e1660225766681.jpg\",\"width\":1200,\"height\":800,\"caption\":\"As atividades da competi\u00e7\u00e3o contar\u00e3o com a participa\u00e7\u00e3o de atletas de diferentes idades e entidades\"},{\"@type\":\"BreadcrumbList\",\"@id\":\"https:\\\/\\\/folhapopular.info\\\/index.php\\\/2022\\\/08\\\/11\\\/univates-recebe-13a-copa-escolar-de-ginastica-de-trampolim-neste-sabado\\\/#breadcrumb\",\"itemListElement\":[{\"@type\":\"ListItem\",\"position\":1,\"name\":\"In\u00edcio\",\"item\":\"https:\\\/\\\/folhapopular.info\\\/\"},{\"@type\":\"ListItem\",\"position\":2,\"name\":\"Univates recebe 13\u00aa Copa Escolar de Gin\u00e1stica de Trampolim neste s\u00e1bado\"}]},{\"@type\":\"WebSite\",\"@id\":\"https:\\\/\\\/folhapopular.info\\\/#website\",\"url\":\"https:\\\/\\\/folhapopular.info\\\/\",\"name\":\"Folha Popular\",\"description\":\"Onde voc\u00ea tem vez e voz\",\"potentialAction\":[{\"@type\":\"SearchAction\",\"target\":{\"@type\":\"EntryPoint\",\"urlTemplate\":\"https:\\\/\\\/folhapopular.info\\\/?s={search_term_string}\"},\"query-input\":{\"@type\":\"PropertyValueSpecification\",\"valueRequired\":true,\"valueName\":\"search_term_string\"}}],\"inLanguage\":\"pt-BR\"},{\"@type\":\"Person\",\"@id\":\"https:\\\/\\\/folhapopular.info\\\/#\\\/schema\\\/person\\\/2814e8a0df7643585a9ca38bc6eb9d4b\",\"name\":\"Reda\u00e7\u00e3o Folha Popular\",\"image\":{\"@type\":\"ImageObject\",\"inLanguage\":\"pt-BR\",\"@id\":\"https:\\\/\\\/folhapopular.info\\\/wp-content\\\/uploads\\\/2026\\\/04\\\/Folha-1.webp\",\"url\":\"https:\\\/\\\/folhapopular.info\\\/wp-content\\\/uploads\\\/2026\\\/04\\\/Folha-1.webp\",\"contentUrl\":\"https:\\\/\\\/folhapopular.info\\\/wp-content\\\/uploads\\\/2026\\\/04\\\/Folha-1.webp\",\"caption\":\"Reda\u00e7\u00e3o Folha Popular\"},\"url\":\"https:\\\/\\\/folhapopular.info\\\/index.php\\\/author\\\/redacao\\\/\"}]}<\/script>\n<!-- \/ Yoast SEO plugin. -->","yoast_head_json":{"title":"Univates recebe 13\u00aa Copa Escolar de Gin\u00e1stica de Trampolim neste s\u00e1bado - Folha Popular","robots":{"index":"index","follow":"follow","max-snippet":"max-snippet:-1","max-image-preview":"max-image-preview:large","max-video-preview":"max-video-preview:-1"},"canonical":"https:\/\/folhapopular.info\/index.php\/2022\/08\/11\/univates-recebe-13a-copa-escolar-de-ginastica-de-trampolim-neste-sabado\/","og_locale":"pt_BR","og_type":"article","og_title":"Univates recebe 13\u00aa Copa Escolar de Gin\u00e1stica de Trampolim neste s\u00e1bado - Folha Popular","og_description":"Mais de 180 atletas estar\u00e3o envolvidos na 13\u00aa Copa Escolar de Gin\u00e1stica de Trampolim da Universidade do Vale do Taquari &#8211; Univates. O evento ser\u00e1 realizado neste s\u00e1bado (13\/8), no Complexo Esportivo. As atividades da competi\u00e7\u00e3o contar\u00e3o com a participa\u00e7\u00e3o de atletas de diferentes idades e entidades, nos aparelhos trampolim, minitrampolim, solo e aparelhos auxiliares. [&hellip;]","og_url":"https:\/\/folhapopular.info\/index.php\/2022\/08\/11\/univates-recebe-13a-copa-escolar-de-ginastica-de-trampolim-neste-sabado\/","og_site_name":"Folha Popular","article_published_time":"2022-08-11T13:51:40+00:00","article_modified_time":"2022-08-11T13:51:45+00:00","og_image":[{"width":1200,"height":800,"url":"http:\/\/folhapopular.info\/wp-content\/uploads\/2022\/08\/Edicao-da-Copa-Escolar-de-Ginastica-em-2019-Credito-Ana-Paula-Kehl-e1660225766681.jpg","type":"image\/jpeg"}],"author":"Reda\u00e7\u00e3o Folha Popular","twitter_card":"summary_large_image","twitter_misc":{"Escrito por":"Reda\u00e7\u00e3o Folha Popular","Est. tempo de leitura":"2 minutos"},"schema":{"@context":"https:\/\/schema.org","@graph":[{"@type":"Article","@id":"https:\/\/folhapopular.info\/index.php\/2022\/08\/11\/univates-recebe-13a-copa-escolar-de-ginastica-de-trampolim-neste-sabado\/#article","isPartOf":{"@id":"https:\/\/folhapopular.info\/index.php\/2022\/08\/11\/univates-recebe-13a-copa-escolar-de-ginastica-de-trampolim-neste-sabado\/"},"author":{"name":"Reda\u00e7\u00e3o Folha Popular","@id":"https:\/\/folhapopular.info\/#\/schema\/person\/2814e8a0df7643585a9ca38bc6eb9d4b"},"headline":"Univates recebe 13\u00aa Copa Escolar de Gin\u00e1stica de Trampolim neste s\u00e1bado","datePublished":"2022-08-11T13:51:40+00:00","dateModified":"2022-08-11T13:51:45+00:00","mainEntityOfPage":{"@id":"https:\/\/folhapopular.info\/index.php\/2022\/08\/11\/univates-recebe-13a-copa-escolar-de-ginastica-de-trampolim-neste-sabado\/"},"wordCount":263,"commentCount":0,"image":{"@id":"https:\/\/folhapopular.info\/index.php\/2022\/08\/11\/univates-recebe-13a-copa-escolar-de-ginastica-de-trampolim-neste-sabado\/#primaryimage"},"thumbnailUrl":"https:\/\/folhapopular.info\/wp-content\/uploads\/2022\/08\/Edicao-da-Copa-Escolar-de-Ginastica-em-2019-Credito-Ana-Paula-Kehl-e1660225766681.jpg","keywords":["13\u00aa Copa Escolar de Gin\u00e1stica de Trampolim","Lajeado","Univates"],"articleSection":["Esportes"],"inLanguage":"pt-BR","potentialAction":[{"@type":"CommentAction","name":"Comment","target":["https:\/\/folhapopular.info\/index.php\/2022\/08\/11\/univates-recebe-13a-copa-escolar-de-ginastica-de-trampolim-neste-sabado\/#respond"]}]},{"@type":"WebPage","@id":"https:\/\/folhapopular.info\/index.php\/2022\/08\/11\/univates-recebe-13a-copa-escolar-de-ginastica-de-trampolim-neste-sabado\/","url":"https:\/\/folhapopular.info\/index.php\/2022\/08\/11\/univates-recebe-13a-copa-escolar-de-ginastica-de-trampolim-neste-sabado\/","name":"Univates recebe 13\u00aa Copa Escolar de Gin\u00e1stica de Trampolim neste s\u00e1bado - Folha Popular","isPartOf":{"@id":"https:\/\/folhapopular.info\/#website"},"primaryImageOfPage":{"@id":"https:\/\/folhapopular.info\/index.php\/2022\/08\/11\/univates-recebe-13a-copa-escolar-de-ginastica-de-trampolim-neste-sabado\/#primaryimage"},"image":{"@id":"https:\/\/folhapopular.info\/index.php\/2022\/08\/11\/univates-recebe-13a-copa-escolar-de-ginastica-de-trampolim-neste-sabado\/#primaryimage"},"thumbnailUrl":"https:\/\/folhapopular.info\/wp-content\/uploads\/2022\/08\/Edicao-da-Copa-Escolar-de-Ginastica-em-2019-Credito-Ana-Paula-Kehl-e1660225766681.jpg","datePublished":"2022-08-11T13:51:40+00:00","dateModified":"2022-08-11T13:51:45+00:00","author":{"@id":"https:\/\/folhapopular.info\/#\/schema\/person\/2814e8a0df7643585a9ca38bc6eb9d4b"},"breadcrumb":{"@id":"https:\/\/folhapopular.info\/index.php\/2022\/08\/11\/univates-recebe-13a-copa-escolar-de-ginastica-de-trampolim-neste-sabado\/#breadcrumb"},"inLanguage":"pt-BR","potentialAction":[{"@type":"ReadAction","target":["https:\/\/folhapopular.info\/index.php\/2022\/08\/11\/univates-recebe-13a-copa-escolar-de-ginastica-de-trampolim-neste-sabado\/"]}]},{"@type":"ImageObject","inLanguage":"pt-BR","@id":"https:\/\/folhapopular.info\/index.php\/2022\/08\/11\/univates-recebe-13a-copa-escolar-de-ginastica-de-trampolim-neste-sabado\/#primaryimage","url":"https:\/\/folhapopular.info\/wp-content\/uploads\/2022\/08\/Edicao-da-Copa-Escolar-de-Ginastica-em-2019-Credito-Ana-Paula-Kehl-e1660225766681.jpg","contentUrl":"https:\/\/folhapopular.info\/wp-content\/uploads\/2022\/08\/Edicao-da-Copa-Escolar-de-Ginastica-em-2019-Credito-Ana-Paula-Kehl-e1660225766681.jpg","width":1200,"height":800,"caption":"As atividades da competi\u00e7\u00e3o contar\u00e3o com a participa\u00e7\u00e3o de atletas de diferentes idades e entidades"},{"@type":"BreadcrumbList","@id":"https:\/\/folhapopular.info\/index.php\/2022\/08\/11\/univates-recebe-13a-copa-escolar-de-ginastica-de-trampolim-neste-sabado\/#breadcrumb","itemListElement":[{"@type":"ListItem","position":1,"name":"In\u00edcio","item":"https:\/\/folhapopular.info\/"},{"@type":"ListItem","position":2,"name":"Univates recebe 13\u00aa Copa Escolar de Gin\u00e1stica de Trampolim neste s\u00e1bado"}]},{"@type":"WebSite","@id":"https:\/\/folhapopular.info\/#website","url":"https:\/\/folhapopular.info\/","name":"Folha Popular","description":"Onde voc\u00ea tem vez e voz","potentialAction":[{"@type":"SearchAction","target":{"@type":"EntryPoint","urlTemplate":"https:\/\/folhapopular.info\/?s={search_term_string}"},"query-input":{"@type":"PropertyValueSpecification","valueRequired":true,"valueName":"search_term_string"}}],"inLanguage":"pt-BR"},{"@type":"Person","@id":"https:\/\/folhapopular.info\/#\/schema\/person\/2814e8a0df7643585a9ca38bc6eb9d4b","name":"Reda\u00e7\u00e3o Folha Popular","image":{"@type":"ImageObject","inLanguage":"pt-BR","@id":"https:\/\/folhapopular.info\/wp-content\/uploads\/2026\/04\/Folha-1.webp","url":"https:\/\/folhapopular.info\/wp-content\/uploads\/2026\/04\/Folha-1.webp","contentUrl":"https:\/\/folhapopular.info\/wp-content\/uploads\/2026\/04\/Folha-1.webp","caption":"Reda\u00e7\u00e3o Folha Popular"},"url":"https:\/\/folhapopular.info\/index.php\/author\/redacao\/"}]}},"jetpack_featured_media_url":"https:\/\/folhapopular.info\/wp-content\/uploads\/2022\/08\/Edicao-da-Copa-Escolar-de-Ginastica-em-2019-Credito-Ana-Paula-Kehl-e1660225766681.jpg","jetpack_sharing_enabled":true,"amp_enabled":true,"_links":{"self":[{"href":"https:\/\/folhapopular.info\/index.php\/wp-json\/wp\/v2\/posts\/110467","targetHints":{"allow":["GET"]}}],"collection":[{"href":"https:\/\/folhapopular.info\/index.php\/wp-json\/wp\/v2\/posts"}],"about":[{"href":"https:\/\/folhapopular.info\/index.php\/wp-json\/wp\/v2\/types\/post"}],"author":[{"embeddable":true,"href":"https:\/\/folhapopular.info\/index.php\/wp-json\/wp\/v2\/users\/8"}],"replies":[{"embeddable":true,"href":"https:\/\/folhapopular.info\/index.php\/wp-json\/wp\/v2\/comments?post=110467"}],"version-history":[{"count":0,"href":"https:\/\/folhapopular.info\/index.php\/wp-json\/wp\/v2\/posts\/110467\/revisions"}],"wp:featuredmedia":[{"embeddable":true,"href":"https:\/\/folhapopular.info\/index.php\/wp-json\/wp\/v2\/media\/110468"}],"wp:attachment":[{"href":"https:\/\/folhapopular.info\/index.php\/wp-json\/wp\/v2\/media?parent=110467"}],"wp:term":[{"taxonomy":"category","embeddable":true,"href":"https:\/\/folhapopular.info\/index.php\/wp-json\/wp\/v2\/categories?post=110467"},{"taxonomy":"post_tag","embeddable":true,"href":"https:\/\/folhapopular.info\/index.php\/wp-json\/wp\/v2\/tags?post=110467"}],"curies":[{"name":"wp","href":"https:\/\/api.w.org\/{rel}","templated":true}]}}