{"id":110494,"date":"2022-08-11T16:05:03","date_gmt":"2022-08-11T19:05:03","guid":{"rendered":"https:\/\/folhapopular.info\/?p=110494"},"modified":"2022-08-11T16:05:08","modified_gmt":"2022-08-11T19:05:08","slug":"grupo-bem-cuidar-de-imigrante-promove-encontros","status":"publish","type":"post","link":"https:\/\/folhapopular.info\/index.php\/2022\/08\/11\/grupo-bem-cuidar-de-imigrante-promove-encontros\/","title":{"rendered":"Grupo Bem Cuidar de Imigrante promove encontros"},"content":{"rendered":"\n<p>A Secretaria de Sa\u00fade e Assist\u00eancia Social de Imigrante promove encontros do Grupo Bem Cuidar com o objetivo de incentivar uma conduta ativa aos mun\u00edcipes idosos. A partir de agosto, al\u00e9m dos profissionais de sa\u00fade das UBS\u2019s, os encontros ter\u00e3o parceria com o Sesc. Os participantes s\u00e3o orientados em rela\u00e7\u00e3o \u00e0 sa\u00fade e bem-estar.<\/p>\n\n\n\n<p>Na ter\u00e7a-feira (9\/8) o encontro ocorreu no gin\u00e1sio do Esporte Clube Arroio da Seca (Ecas), no Centro. Nas duas horas de conviv\u00eancia, houve grupo de conversa, aferi\u00e7\u00e3o da press\u00e3o arterial, acompanhamento nutricional, al\u00e9m da pr\u00e1tica de alongamentos e exerc\u00edcios. \u201cCom a minha idade, gosto muito de participar, pois posso sair de casa. Tenho press\u00e3o alta e aqui sou monitorada\u201d, explica Elvira Corotto de 74 anos.<\/p>\n\n\n\n<p>A nutricionista Priscila Zanella relata que h\u00e1 acompanhamento em rela\u00e7\u00e3o ao peso e circunfer\u00eancia abdominal. \u201cCom esses dados, podemos ter uma no\u00e7\u00e3o do risco cardiovascular, al\u00e9m, e, com base nisso, orientar os participantes\u201d, pontua.<\/p>\n\n\n\n<p>Todos os cidad\u00e3os imigrantenses podem participar do Grupo Bem Cuidar, sem restri\u00e7\u00e3o de idade. Os encontros ocorrem das 14h as 16h, na primeira ter\u00e7a-feira do m\u00eas na Seca Baixa, no Centro Comunit\u00e1rio Seca Baixa; na segunda ter\u00e7a-feira no Gin\u00e1sio Esportivo do Ecas; e na terceira ter\u00e7a-feira na Emef Escola Santo Ant\u00f4nio, em Daltro Filho.<\/p>\n","protected":false},"excerpt":{"rendered":"<p>A Secretaria de Sa\u00fade e Assist\u00eancia Social de Imigrante promove encontros do Grupo Bem Cuidar com o objetivo de incentivar uma conduta ativa aos mun\u00edcipes idosos. A partir de agosto, al\u00e9m dos profissionais de sa\u00fade das UBS\u2019s, os encontros ter\u00e3o parceria com o Sesc. Os participantes s\u00e3o orientados em rela\u00e7\u00e3o \u00e0 sa\u00fade e bem-estar. Na [&hellip;]<\/p>\n","protected":false},"author":8,"featured_media":110495,"comment_status":"open","ping_status":"open","sticky":false,"template":"","format":"standard","meta":{"pmpro_default_level":"","_jetpack_memberships_contains_paid_content":false,"footnotes":""},"categories":[2,3],"tags":[5834,123,9724,34,89],"class_list":{"0":"post-110494","1":"post","2":"type-post","3":"status-publish","4":"format-standard","5":"has-post-thumbnail","7":"category-featured","8":"category-geral","9":"tag-bem-estar","10":"tag-ecas","11":"tag-grupo-bem-cuidar","12":"tag-imigrante","13":"tag-saude","14":"pmpro-has-access"},"yoast_head":"<!-- This site is optimized with the Yoast SEO plugin v27.5 - https:\/\/yoast.com\/product\/yoast-seo-wordpress\/ -->\n<title>Grupo Bem Cuidar de Imigrante promove encontros - Folha Popular<\/title>\n<meta name=\"robots\" content=\"index, follow, max-snippet:-1, max-image-preview:large, max-video-preview:-1\" \/>\n<link rel=\"canonical\" href=\"https:\/\/folhapopular.info\/index.php\/2022\/08\/11\/grupo-bem-cuidar-de-imigrante-promove-encontros\/\" \/>\n<meta property=\"og:locale\" content=\"pt_BR\" \/>\n<meta property=\"og:type\" content=\"article\" \/>\n<meta property=\"og:title\" content=\"Grupo Bem Cuidar de Imigrante promove encontros - Folha Popular\" \/>\n<meta property=\"og:description\" content=\"A Secretaria de Sa\u00fade e Assist\u00eancia Social de Imigrante promove encontros do Grupo Bem Cuidar com o objetivo de incentivar uma conduta ativa aos mun\u00edcipes idosos. A partir de agosto, al\u00e9m dos profissionais de sa\u00fade das UBS\u2019s, os encontros ter\u00e3o parceria com o Sesc. Os participantes s\u00e3o orientados em rela\u00e7\u00e3o \u00e0 sa\u00fade e bem-estar. Na [&hellip;]\" \/>\n<meta property=\"og:url\" content=\"https:\/\/folhapopular.info\/index.php\/2022\/08\/11\/grupo-bem-cuidar-de-imigrante-promove-encontros\/\" \/>\n<meta property=\"og:site_name\" content=\"Folha Popular\" \/>\n<meta property=\"article:published_time\" content=\"2022-08-11T19:05:03+00:00\" \/>\n<meta property=\"article:modified_time\" content=\"2022-08-11T19:05:08+00:00\" \/>\n<meta property=\"og:image\" content=\"http:\/\/folhapopular.info\/wp-content\/uploads\/2022\/08\/WhatsApp-Image-2022-08-11-at-15.51.18.jpeg\" \/>\n\t<meta property=\"og:image:width\" content=\"1024\" \/>\n\t<meta property=\"og:image:height\" content=\"756\" \/>\n\t<meta property=\"og:image:type\" content=\"image\/jpeg\" \/>\n<meta name=\"author\" content=\"Reda\u00e7\u00e3o Folha Popular\" \/>\n<meta name=\"twitter:card\" content=\"summary_large_image\" \/>\n<meta name=\"twitter:label1\" content=\"Escrito por\" \/>\n\t<meta name=\"twitter:data1\" content=\"Reda\u00e7\u00e3o Folha Popular\" \/>\n\t<meta name=\"twitter:label2\" content=\"Est. tempo de leitura\" \/>\n\t<meta name=\"twitter:data2\" content=\"2 minutos\" \/>\n<script type=\"application\/ld+json\" class=\"yoast-schema-graph\">{\"@context\":\"https:\\\/\\\/schema.org\",\"@graph\":[{\"@type\":\"Article\",\"@id\":\"https:\\\/\\\/folhapopular.info\\\/index.php\\\/2022\\\/08\\\/11\\\/grupo-bem-cuidar-de-imigrante-promove-encontros\\\/#article\",\"isPartOf\":{\"@id\":\"https:\\\/\\\/folhapopular.info\\\/index.php\\\/2022\\\/08\\\/11\\\/grupo-bem-cuidar-de-imigrante-promove-encontros\\\/\"},\"author\":{\"name\":\"Reda\u00e7\u00e3o Folha Popular\",\"@id\":\"https:\\\/\\\/folhapopular.info\\\/#\\\/schema\\\/person\\\/2814e8a0df7643585a9ca38bc6eb9d4b\"},\"headline\":\"Grupo Bem Cuidar de Imigrante promove encontros\",\"datePublished\":\"2022-08-11T19:05:03+00:00\",\"dateModified\":\"2022-08-11T19:05:08+00:00\",\"mainEntityOfPage\":{\"@id\":\"https:\\\/\\\/folhapopular.info\\\/index.php\\\/2022\\\/08\\\/11\\\/grupo-bem-cuidar-de-imigrante-promove-encontros\\\/\"},\"wordCount\":243,\"commentCount\":0,\"image\":{\"@id\":\"https:\\\/\\\/folhapopular.info\\\/index.php\\\/2022\\\/08\\\/11\\\/grupo-bem-cuidar-de-imigrante-promove-encontros\\\/#primaryimage\"},\"thumbnailUrl\":\"https:\\\/\\\/folhapopular.info\\\/wp-content\\\/uploads\\\/2022\\\/08\\\/WhatsApp-Image-2022-08-11-at-15.51.18.jpeg\",\"keywords\":[\"bem-estar\",\"ECAS\",\"Grupo Bem Cuidar\",\"Imigrante\",\"Sa\u00fade\"],\"articleSection\":[\"Destaques\",\"Geral\"],\"inLanguage\":\"pt-BR\",\"potentialAction\":[{\"@type\":\"CommentAction\",\"name\":\"Comment\",\"target\":[\"https:\\\/\\\/folhapopular.info\\\/index.php\\\/2022\\\/08\\\/11\\\/grupo-bem-cuidar-de-imigrante-promove-encontros\\\/#respond\"]}]},{\"@type\":\"WebPage\",\"@id\":\"https:\\\/\\\/folhapopular.info\\\/index.php\\\/2022\\\/08\\\/11\\\/grupo-bem-cuidar-de-imigrante-promove-encontros\\\/\",\"url\":\"https:\\\/\\\/folhapopular.info\\\/index.php\\\/2022\\\/08\\\/11\\\/grupo-bem-cuidar-de-imigrante-promove-encontros\\\/\",\"name\":\"Grupo Bem Cuidar de Imigrante promove encontros - Folha Popular\",\"isPartOf\":{\"@id\":\"https:\\\/\\\/folhapopular.info\\\/#website\"},\"primaryImageOfPage\":{\"@id\":\"https:\\\/\\\/folhapopular.info\\\/index.php\\\/2022\\\/08\\\/11\\\/grupo-bem-cuidar-de-imigrante-promove-encontros\\\/#primaryimage\"},\"image\":{\"@id\":\"https:\\\/\\\/folhapopular.info\\\/index.php\\\/2022\\\/08\\\/11\\\/grupo-bem-cuidar-de-imigrante-promove-encontros\\\/#primaryimage\"},\"thumbnailUrl\":\"https:\\\/\\\/folhapopular.info\\\/wp-content\\\/uploads\\\/2022\\\/08\\\/WhatsApp-Image-2022-08-11-at-15.51.18.jpeg\",\"datePublished\":\"2022-08-11T19:05:03+00:00\",\"dateModified\":\"2022-08-11T19:05:08+00:00\",\"author\":{\"@id\":\"https:\\\/\\\/folhapopular.info\\\/#\\\/schema\\\/person\\\/2814e8a0df7643585a9ca38bc6eb9d4b\"},\"breadcrumb\":{\"@id\":\"https:\\\/\\\/folhapopular.info\\\/index.php\\\/2022\\\/08\\\/11\\\/grupo-bem-cuidar-de-imigrante-promove-encontros\\\/#breadcrumb\"},\"inLanguage\":\"pt-BR\",\"potentialAction\":[{\"@type\":\"ReadAction\",\"target\":[\"https:\\\/\\\/folhapopular.info\\\/index.php\\\/2022\\\/08\\\/11\\\/grupo-bem-cuidar-de-imigrante-promove-encontros\\\/\"]}]},{\"@type\":\"ImageObject\",\"inLanguage\":\"pt-BR\",\"@id\":\"https:\\\/\\\/folhapopular.info\\\/index.php\\\/2022\\\/08\\\/11\\\/grupo-bem-cuidar-de-imigrante-promove-encontros\\\/#primaryimage\",\"url\":\"https:\\\/\\\/folhapopular.info\\\/wp-content\\\/uploads\\\/2022\\\/08\\\/WhatsApp-Image-2022-08-11-at-15.51.18.jpeg\",\"contentUrl\":\"https:\\\/\\\/folhapopular.info\\\/wp-content\\\/uploads\\\/2022\\\/08\\\/WhatsApp-Image-2022-08-11-at-15.51.18.jpeg\",\"width\":1024,\"height\":756,\"caption\":\"Cr\u00e9dito: Divulga\u00e7\u00e3o\"},{\"@type\":\"BreadcrumbList\",\"@id\":\"https:\\\/\\\/folhapopular.info\\\/index.php\\\/2022\\\/08\\\/11\\\/grupo-bem-cuidar-de-imigrante-promove-encontros\\\/#breadcrumb\",\"itemListElement\":[{\"@type\":\"ListItem\",\"position\":1,\"name\":\"In\u00edcio\",\"item\":\"https:\\\/\\\/folhapopular.info\\\/\"},{\"@type\":\"ListItem\",\"position\":2,\"name\":\"Grupo Bem Cuidar de Imigrante promove encontros\"}]},{\"@type\":\"WebSite\",\"@id\":\"https:\\\/\\\/folhapopular.info\\\/#website\",\"url\":\"https:\\\/\\\/folhapopular.info\\\/\",\"name\":\"Folha Popular\",\"description\":\"Onde voc\u00ea tem vez e voz\",\"potentialAction\":[{\"@type\":\"SearchAction\",\"target\":{\"@type\":\"EntryPoint\",\"urlTemplate\":\"https:\\\/\\\/folhapopular.info\\\/?s={search_term_string}\"},\"query-input\":{\"@type\":\"PropertyValueSpecification\",\"valueRequired\":true,\"valueName\":\"search_term_string\"}}],\"inLanguage\":\"pt-BR\"},{\"@type\":\"Person\",\"@id\":\"https:\\\/\\\/folhapopular.info\\\/#\\\/schema\\\/person\\\/2814e8a0df7643585a9ca38bc6eb9d4b\",\"name\":\"Reda\u00e7\u00e3o Folha Popular\",\"image\":{\"@type\":\"ImageObject\",\"inLanguage\":\"pt-BR\",\"@id\":\"https:\\\/\\\/folhapopular.info\\\/wp-content\\\/uploads\\\/2026\\\/04\\\/Folha-1.webp\",\"url\":\"https:\\\/\\\/folhapopular.info\\\/wp-content\\\/uploads\\\/2026\\\/04\\\/Folha-1.webp\",\"contentUrl\":\"https:\\\/\\\/folhapopular.info\\\/wp-content\\\/uploads\\\/2026\\\/04\\\/Folha-1.webp\",\"caption\":\"Reda\u00e7\u00e3o Folha Popular\"},\"url\":\"https:\\\/\\\/folhapopular.info\\\/index.php\\\/author\\\/redacao\\\/\"}]}<\/script>\n<!-- \/ Yoast SEO plugin. -->","yoast_head_json":{"title":"Grupo Bem Cuidar de Imigrante promove encontros - Folha Popular","robots":{"index":"index","follow":"follow","max-snippet":"max-snippet:-1","max-image-preview":"max-image-preview:large","max-video-preview":"max-video-preview:-1"},"canonical":"https:\/\/folhapopular.info\/index.php\/2022\/08\/11\/grupo-bem-cuidar-de-imigrante-promove-encontros\/","og_locale":"pt_BR","og_type":"article","og_title":"Grupo Bem Cuidar de Imigrante promove encontros - Folha Popular","og_description":"A Secretaria de Sa\u00fade e Assist\u00eancia Social de Imigrante promove encontros do Grupo Bem Cuidar com o objetivo de incentivar uma conduta ativa aos mun\u00edcipes idosos. A partir de agosto, al\u00e9m dos profissionais de sa\u00fade das UBS\u2019s, os encontros ter\u00e3o parceria com o Sesc. Os participantes s\u00e3o orientados em rela\u00e7\u00e3o \u00e0 sa\u00fade e bem-estar. Na [&hellip;]","og_url":"https:\/\/folhapopular.info\/index.php\/2022\/08\/11\/grupo-bem-cuidar-de-imigrante-promove-encontros\/","og_site_name":"Folha Popular","article_published_time":"2022-08-11T19:05:03+00:00","article_modified_time":"2022-08-11T19:05:08+00:00","og_image":[{"width":1024,"height":756,"url":"http:\/\/folhapopular.info\/wp-content\/uploads\/2022\/08\/WhatsApp-Image-2022-08-11-at-15.51.18.jpeg","type":"image\/jpeg"}],"author":"Reda\u00e7\u00e3o Folha Popular","twitter_card":"summary_large_image","twitter_misc":{"Escrito por":"Reda\u00e7\u00e3o Folha Popular","Est. tempo de leitura":"2 minutos"},"schema":{"@context":"https:\/\/schema.org","@graph":[{"@type":"Article","@id":"https:\/\/folhapopular.info\/index.php\/2022\/08\/11\/grupo-bem-cuidar-de-imigrante-promove-encontros\/#article","isPartOf":{"@id":"https:\/\/folhapopular.info\/index.php\/2022\/08\/11\/grupo-bem-cuidar-de-imigrante-promove-encontros\/"},"author":{"name":"Reda\u00e7\u00e3o Folha Popular","@id":"https:\/\/folhapopular.info\/#\/schema\/person\/2814e8a0df7643585a9ca38bc6eb9d4b"},"headline":"Grupo Bem Cuidar de Imigrante promove encontros","datePublished":"2022-08-11T19:05:03+00:00","dateModified":"2022-08-11T19:05:08+00:00","mainEntityOfPage":{"@id":"https:\/\/folhapopular.info\/index.php\/2022\/08\/11\/grupo-bem-cuidar-de-imigrante-promove-encontros\/"},"wordCount":243,"commentCount":0,"image":{"@id":"https:\/\/folhapopular.info\/index.php\/2022\/08\/11\/grupo-bem-cuidar-de-imigrante-promove-encontros\/#primaryimage"},"thumbnailUrl":"https:\/\/folhapopular.info\/wp-content\/uploads\/2022\/08\/WhatsApp-Image-2022-08-11-at-15.51.18.jpeg","keywords":["bem-estar","ECAS","Grupo Bem Cuidar","Imigrante","Sa\u00fade"],"articleSection":["Destaques","Geral"],"inLanguage":"pt-BR","potentialAction":[{"@type":"CommentAction","name":"Comment","target":["https:\/\/folhapopular.info\/index.php\/2022\/08\/11\/grupo-bem-cuidar-de-imigrante-promove-encontros\/#respond"]}]},{"@type":"WebPage","@id":"https:\/\/folhapopular.info\/index.php\/2022\/08\/11\/grupo-bem-cuidar-de-imigrante-promove-encontros\/","url":"https:\/\/folhapopular.info\/index.php\/2022\/08\/11\/grupo-bem-cuidar-de-imigrante-promove-encontros\/","name":"Grupo Bem Cuidar de Imigrante promove encontros - Folha Popular","isPartOf":{"@id":"https:\/\/folhapopular.info\/#website"},"primaryImageOfPage":{"@id":"https:\/\/folhapopular.info\/index.php\/2022\/08\/11\/grupo-bem-cuidar-de-imigrante-promove-encontros\/#primaryimage"},"image":{"@id":"https:\/\/folhapopular.info\/index.php\/2022\/08\/11\/grupo-bem-cuidar-de-imigrante-promove-encontros\/#primaryimage"},"thumbnailUrl":"https:\/\/folhapopular.info\/wp-content\/uploads\/2022\/08\/WhatsApp-Image-2022-08-11-at-15.51.18.jpeg","datePublished":"2022-08-11T19:05:03+00:00","dateModified":"2022-08-11T19:05:08+00:00","author":{"@id":"https:\/\/folhapopular.info\/#\/schema\/person\/2814e8a0df7643585a9ca38bc6eb9d4b"},"breadcrumb":{"@id":"https:\/\/folhapopular.info\/index.php\/2022\/08\/11\/grupo-bem-cuidar-de-imigrante-promove-encontros\/#breadcrumb"},"inLanguage":"pt-BR","potentialAction":[{"@type":"ReadAction","target":["https:\/\/folhapopular.info\/index.php\/2022\/08\/11\/grupo-bem-cuidar-de-imigrante-promove-encontros\/"]}]},{"@type":"ImageObject","inLanguage":"pt-BR","@id":"https:\/\/folhapopular.info\/index.php\/2022\/08\/11\/grupo-bem-cuidar-de-imigrante-promove-encontros\/#primaryimage","url":"https:\/\/folhapopular.info\/wp-content\/uploads\/2022\/08\/WhatsApp-Image-2022-08-11-at-15.51.18.jpeg","contentUrl":"https:\/\/folhapopular.info\/wp-content\/uploads\/2022\/08\/WhatsApp-Image-2022-08-11-at-15.51.18.jpeg","width":1024,"height":756,"caption":"Cr\u00e9dito: Divulga\u00e7\u00e3o"},{"@type":"BreadcrumbList","@id":"https:\/\/folhapopular.info\/index.php\/2022\/08\/11\/grupo-bem-cuidar-de-imigrante-promove-encontros\/#breadcrumb","itemListElement":[{"@type":"ListItem","position":1,"name":"In\u00edcio","item":"https:\/\/folhapopular.info\/"},{"@type":"ListItem","position":2,"name":"Grupo Bem Cuidar de Imigrante promove encontros"}]},{"@type":"WebSite","@id":"https:\/\/folhapopular.info\/#website","url":"https:\/\/folhapopular.info\/","name":"Folha Popular","description":"Onde voc\u00ea tem vez e voz","potentialAction":[{"@type":"SearchAction","target":{"@type":"EntryPoint","urlTemplate":"https:\/\/folhapopular.info\/?s={search_term_string}"},"query-input":{"@type":"PropertyValueSpecification","valueRequired":true,"valueName":"search_term_string"}}],"inLanguage":"pt-BR"},{"@type":"Person","@id":"https:\/\/folhapopular.info\/#\/schema\/person\/2814e8a0df7643585a9ca38bc6eb9d4b","name":"Reda\u00e7\u00e3o Folha Popular","image":{"@type":"ImageObject","inLanguage":"pt-BR","@id":"https:\/\/folhapopular.info\/wp-content\/uploads\/2026\/04\/Folha-1.webp","url":"https:\/\/folhapopular.info\/wp-content\/uploads\/2026\/04\/Folha-1.webp","contentUrl":"https:\/\/folhapopular.info\/wp-content\/uploads\/2026\/04\/Folha-1.webp","caption":"Reda\u00e7\u00e3o Folha Popular"},"url":"https:\/\/folhapopular.info\/index.php\/author\/redacao\/"}]}},"jetpack_featured_media_url":"https:\/\/folhapopular.info\/wp-content\/uploads\/2022\/08\/WhatsApp-Image-2022-08-11-at-15.51.18.jpeg","jetpack_sharing_enabled":true,"amp_enabled":true,"_links":{"self":[{"href":"https:\/\/folhapopular.info\/index.php\/wp-json\/wp\/v2\/posts\/110494","targetHints":{"allow":["GET"]}}],"collection":[{"href":"https:\/\/folhapopular.info\/index.php\/wp-json\/wp\/v2\/posts"}],"about":[{"href":"https:\/\/folhapopular.info\/index.php\/wp-json\/wp\/v2\/types\/post"}],"author":[{"embeddable":true,"href":"https:\/\/folhapopular.info\/index.php\/wp-json\/wp\/v2\/users\/8"}],"replies":[{"embeddable":true,"href":"https:\/\/folhapopular.info\/index.php\/wp-json\/wp\/v2\/comments?post=110494"}],"version-history":[{"count":0,"href":"https:\/\/folhapopular.info\/index.php\/wp-json\/wp\/v2\/posts\/110494\/revisions"}],"wp:featuredmedia":[{"embeddable":true,"href":"https:\/\/folhapopular.info\/index.php\/wp-json\/wp\/v2\/media\/110495"}],"wp:attachment":[{"href":"https:\/\/folhapopular.info\/index.php\/wp-json\/wp\/v2\/media?parent=110494"}],"wp:term":[{"taxonomy":"category","embeddable":true,"href":"https:\/\/folhapopular.info\/index.php\/wp-json\/wp\/v2\/categories?post=110494"},{"taxonomy":"post_tag","embeddable":true,"href":"https:\/\/folhapopular.info\/index.php\/wp-json\/wp\/v2\/tags?post=110494"}],"curies":[{"name":"wp","href":"https:\/\/api.w.org\/{rel}","templated":true}]}}