{"id":110568,"date":"2022-08-12T10:38:11","date_gmt":"2022-08-12T13:38:11","guid":{"rendered":"https:\/\/folhapopular.info\/?p=110568"},"modified":"2022-08-12T11:06:03","modified_gmt":"2022-08-12T14:06:03","slug":"pedagio-solidario-em-prol-de-gabriel-de-oliveira-severo-e-neste-sabado-em-teutonia","status":"publish","type":"post","link":"https:\/\/folhapopular.info\/index.php\/2022\/08\/12\/pedagio-solidario-em-prol-de-gabriel-de-oliveira-severo-e-neste-sabado-em-teutonia\/","title":{"rendered":"Ped\u00e1gio solid\u00e1rio em prol de Gabriel de Oliveira Severo \u00e9 neste s\u00e1bado em Teut\u00f4nia"},"content":{"rendered":"\n<p>Neste s\u00e1bado (13\/08), ser\u00e1 realizado o primeiro ped\u00e1gio solid\u00e1rio em Teut\u00f4nia, em benef\u00edcio de Gabriel de Oliveira Severo, crian\u00e7a que luta contra um c\u00e2ncer denominado neuroblastoma e met\u00e1stase.<\/p>\n\n\n\n<p>Organizada pela fam\u00edlia, juntamente com um grupo de volunt\u00e1rios, o ped\u00e1gio ser\u00e1 realizado na Rua 3 de Outubro, no Bairro Languiru, pr\u00f3ximo \u00e0 sinaleira. O evento acontecer\u00e1 entre 8h30 e 12h.<\/p>\n\n\n\n<p>A campanha busca arrecadar recursos para o medicamento \u201cQarziba &#8211; Beta Dinutuximab\u201d, que est\u00e1 avaliado em cerca de R$ 1 milh\u00e3o.<\/p>\n\n\n\n<p><strong>Venda de camisetas<\/strong><\/p>\n\n\n\n<p>Durante a a\u00e7\u00e3o deste s\u00e1bado, camisetas personalizadas tamb\u00e9m ser\u00e3o vendidas ao pre\u00e7o de R$ 30,00, e todo o valor arrecadado ser\u00e1 destinado ao Gabriel. <\/p>\n\n\n\n<p>Segundo uma das organizadoras, Andrieli Magedanz, al\u00e9m de ser um retorno financeiro para o custeio do medicamento, tamb\u00e9m leva no peito a hist\u00f3ria da crian\u00e7a. \u201cNa estampa das camisetas temos a foto do nosso querido Gabi. \u00c9 uma forma de, literalmente, vestirmos a camisa para essa causa, trazendo para mais pessoas a hist\u00f3ria de vida desse pequeno guerreiro\u201d, comenta.<\/p>\n\n\n\n<p><strong>Fa\u00e7a a sua parte<\/strong><\/p>\n\n\n\n<p>Al\u00e9m do ped\u00e1gio solid\u00e1rio, outros eventos est\u00e3o sendo organizados, que podem ser acompanhados no Instagram oficial do menino, pelo @gabrieldeoliveirasevero. Tamb\u00e9m est\u00e1 dispon\u00edvel a chave PIX: gabisevero2022@gmail.com, onde qualquer ajuda para o custeio do medicamento pode ser depositada.<\/p>\n","protected":false},"excerpt":{"rendered":"<p>Neste s\u00e1bado (13\/08), ser\u00e1 realizado o primeiro ped\u00e1gio solid\u00e1rio em Teut\u00f4nia, em benef\u00edcio de Gabriel de Oliveira Severo, crian\u00e7a que luta contra um c\u00e2ncer denominado neuroblastoma e met\u00e1stase. Organizada pela fam\u00edlia, juntamente com um grupo de volunt\u00e1rios, o ped\u00e1gio ser\u00e1 realizado na Rua 3 de Outubro, no Bairro Languiru, pr\u00f3ximo \u00e0 sinaleira. O evento acontecer\u00e1 [&hellip;]<\/p>\n","protected":false},"author":8,"featured_media":110569,"comment_status":"open","ping_status":"open","sticky":false,"template":"","format":"standard","meta":{"pmpro_default_level":"","_jetpack_memberships_contains_paid_content":false,"footnotes":""},"categories":[2,3],"tags":[9733,1406,26],"class_list":{"0":"post-110568","1":"post","2":"type-post","3":"status-publish","4":"format-standard","5":"has-post-thumbnail","7":"category-featured","8":"category-geral","9":"tag-gabriel-de-oliveira-severo","10":"tag-pedagio-solidario","11":"tag-teutonia","12":"pmpro-has-access"},"yoast_head":"<!-- This site is optimized with the Yoast SEO plugin v27.5 - https:\/\/yoast.com\/product\/yoast-seo-wordpress\/ -->\n<title>Ped\u00e1gio solid\u00e1rio em prol de Gabriel de Oliveira Severo \u00e9 neste s\u00e1bado em Teut\u00f4nia - Folha Popular<\/title>\n<meta name=\"robots\" content=\"index, follow, max-snippet:-1, max-image-preview:large, max-video-preview:-1\" \/>\n<link rel=\"canonical\" href=\"https:\/\/folhapopular.info\/index.php\/2022\/08\/12\/pedagio-solidario-em-prol-de-gabriel-de-oliveira-severo-e-neste-sabado-em-teutonia\/\" \/>\n<meta property=\"og:locale\" content=\"pt_BR\" \/>\n<meta property=\"og:type\" content=\"article\" \/>\n<meta property=\"og:title\" content=\"Ped\u00e1gio solid\u00e1rio em prol de Gabriel de Oliveira Severo \u00e9 neste s\u00e1bado em Teut\u00f4nia - Folha Popular\" \/>\n<meta property=\"og:description\" content=\"Neste s\u00e1bado (13\/08), ser\u00e1 realizado o primeiro ped\u00e1gio solid\u00e1rio em Teut\u00f4nia, em benef\u00edcio de Gabriel de Oliveira Severo, crian\u00e7a que luta contra um c\u00e2ncer denominado neuroblastoma e met\u00e1stase. Organizada pela fam\u00edlia, juntamente com um grupo de volunt\u00e1rios, o ped\u00e1gio ser\u00e1 realizado na Rua 3 de Outubro, no Bairro Languiru, pr\u00f3ximo \u00e0 sinaleira. O evento acontecer\u00e1 [&hellip;]\" \/>\n<meta property=\"og:url\" content=\"https:\/\/folhapopular.info\/index.php\/2022\/08\/12\/pedagio-solidario-em-prol-de-gabriel-de-oliveira-severo-e-neste-sabado-em-teutonia\/\" \/>\n<meta property=\"og:site_name\" content=\"Folha Popular\" \/>\n<meta property=\"article:published_time\" content=\"2022-08-12T13:38:11+00:00\" \/>\n<meta property=\"article:modified_time\" content=\"2022-08-12T14:06:03+00:00\" \/>\n<meta property=\"og:image\" content=\"http:\/\/folhapopular.info\/wp-content\/uploads\/2022\/08\/WhatsApp-Image-2022-08-11-at-14.40.01.jpeg\" \/>\n\t<meta property=\"og:image:width\" content=\"1024\" \/>\n\t<meta property=\"og:image:height\" content=\"1280\" \/>\n\t<meta property=\"og:image:type\" content=\"image\/jpeg\" \/>\n<meta name=\"author\" content=\"Reda\u00e7\u00e3o Folha Popular\" \/>\n<meta name=\"twitter:card\" content=\"summary_large_image\" \/>\n<meta name=\"twitter:label1\" content=\"Escrito por\" \/>\n\t<meta name=\"twitter:data1\" content=\"Reda\u00e7\u00e3o Folha Popular\" \/>\n\t<meta name=\"twitter:label2\" content=\"Est. tempo de leitura\" \/>\n\t<meta name=\"twitter:data2\" content=\"2 minutos\" \/>\n<script type=\"application\/ld+json\" class=\"yoast-schema-graph\">{\"@context\":\"https:\\\/\\\/schema.org\",\"@graph\":[{\"@type\":\"Article\",\"@id\":\"https:\\\/\\\/folhapopular.info\\\/index.php\\\/2022\\\/08\\\/12\\\/pedagio-solidario-em-prol-de-gabriel-de-oliveira-severo-e-neste-sabado-em-teutonia\\\/#article\",\"isPartOf\":{\"@id\":\"https:\\\/\\\/folhapopular.info\\\/index.php\\\/2022\\\/08\\\/12\\\/pedagio-solidario-em-prol-de-gabriel-de-oliveira-severo-e-neste-sabado-em-teutonia\\\/\"},\"author\":{\"name\":\"Reda\u00e7\u00e3o Folha Popular\",\"@id\":\"https:\\\/\\\/folhapopular.info\\\/#\\\/schema\\\/person\\\/2814e8a0df7643585a9ca38bc6eb9d4b\"},\"headline\":\"Ped\u00e1gio solid\u00e1rio em prol de Gabriel de Oliveira Severo \u00e9 neste s\u00e1bado em Teut\u00f4nia\",\"datePublished\":\"2022-08-12T13:38:11+00:00\",\"dateModified\":\"2022-08-12T14:06:03+00:00\",\"mainEntityOfPage\":{\"@id\":\"https:\\\/\\\/folhapopular.info\\\/index.php\\\/2022\\\/08\\\/12\\\/pedagio-solidario-em-prol-de-gabriel-de-oliveira-severo-e-neste-sabado-em-teutonia\\\/\"},\"wordCount\":251,\"commentCount\":0,\"image\":{\"@id\":\"https:\\\/\\\/folhapopular.info\\\/index.php\\\/2022\\\/08\\\/12\\\/pedagio-solidario-em-prol-de-gabriel-de-oliveira-severo-e-neste-sabado-em-teutonia\\\/#primaryimage\"},\"thumbnailUrl\":\"https:\\\/\\\/folhapopular.info\\\/wp-content\\\/uploads\\\/2022\\\/08\\\/WhatsApp-Image-2022-08-11-at-14.40.01.jpeg\",\"keywords\":[\"Gabriel de Oliveira Severo\",\"Ped\u00e1gio Solid\u00e1rio\",\"Teut\u00f4nia\"],\"articleSection\":[\"Destaques\",\"Geral\"],\"inLanguage\":\"pt-BR\",\"potentialAction\":[{\"@type\":\"CommentAction\",\"name\":\"Comment\",\"target\":[\"https:\\\/\\\/folhapopular.info\\\/index.php\\\/2022\\\/08\\\/12\\\/pedagio-solidario-em-prol-de-gabriel-de-oliveira-severo-e-neste-sabado-em-teutonia\\\/#respond\"]}]},{\"@type\":\"WebPage\",\"@id\":\"https:\\\/\\\/folhapopular.info\\\/index.php\\\/2022\\\/08\\\/12\\\/pedagio-solidario-em-prol-de-gabriel-de-oliveira-severo-e-neste-sabado-em-teutonia\\\/\",\"url\":\"https:\\\/\\\/folhapopular.info\\\/index.php\\\/2022\\\/08\\\/12\\\/pedagio-solidario-em-prol-de-gabriel-de-oliveira-severo-e-neste-sabado-em-teutonia\\\/\",\"name\":\"Ped\u00e1gio solid\u00e1rio em prol de Gabriel de Oliveira Severo \u00e9 neste s\u00e1bado em Teut\u00f4nia - Folha Popular\",\"isPartOf\":{\"@id\":\"https:\\\/\\\/folhapopular.info\\\/#website\"},\"primaryImageOfPage\":{\"@id\":\"https:\\\/\\\/folhapopular.info\\\/index.php\\\/2022\\\/08\\\/12\\\/pedagio-solidario-em-prol-de-gabriel-de-oliveira-severo-e-neste-sabado-em-teutonia\\\/#primaryimage\"},\"image\":{\"@id\":\"https:\\\/\\\/folhapopular.info\\\/index.php\\\/2022\\\/08\\\/12\\\/pedagio-solidario-em-prol-de-gabriel-de-oliveira-severo-e-neste-sabado-em-teutonia\\\/#primaryimage\"},\"thumbnailUrl\":\"https:\\\/\\\/folhapopular.info\\\/wp-content\\\/uploads\\\/2022\\\/08\\\/WhatsApp-Image-2022-08-11-at-14.40.01.jpeg\",\"datePublished\":\"2022-08-12T13:38:11+00:00\",\"dateModified\":\"2022-08-12T14:06:03+00:00\",\"author\":{\"@id\":\"https:\\\/\\\/folhapopular.info\\\/#\\\/schema\\\/person\\\/2814e8a0df7643585a9ca38bc6eb9d4b\"},\"breadcrumb\":{\"@id\":\"https:\\\/\\\/folhapopular.info\\\/index.php\\\/2022\\\/08\\\/12\\\/pedagio-solidario-em-prol-de-gabriel-de-oliveira-severo-e-neste-sabado-em-teutonia\\\/#breadcrumb\"},\"inLanguage\":\"pt-BR\",\"potentialAction\":[{\"@type\":\"ReadAction\",\"target\":[\"https:\\\/\\\/folhapopular.info\\\/index.php\\\/2022\\\/08\\\/12\\\/pedagio-solidario-em-prol-de-gabriel-de-oliveira-severo-e-neste-sabado-em-teutonia\\\/\"]}]},{\"@type\":\"ImageObject\",\"inLanguage\":\"pt-BR\",\"@id\":\"https:\\\/\\\/folhapopular.info\\\/index.php\\\/2022\\\/08\\\/12\\\/pedagio-solidario-em-prol-de-gabriel-de-oliveira-severo-e-neste-sabado-em-teutonia\\\/#primaryimage\",\"url\":\"https:\\\/\\\/folhapopular.info\\\/wp-content\\\/uploads\\\/2022\\\/08\\\/WhatsApp-Image-2022-08-11-at-14.40.01.jpeg\",\"contentUrl\":\"https:\\\/\\\/folhapopular.info\\\/wp-content\\\/uploads\\\/2022\\\/08\\\/WhatsApp-Image-2022-08-11-at-14.40.01.jpeg\",\"width\":1024,\"height\":1280},{\"@type\":\"BreadcrumbList\",\"@id\":\"https:\\\/\\\/folhapopular.info\\\/index.php\\\/2022\\\/08\\\/12\\\/pedagio-solidario-em-prol-de-gabriel-de-oliveira-severo-e-neste-sabado-em-teutonia\\\/#breadcrumb\",\"itemListElement\":[{\"@type\":\"ListItem\",\"position\":1,\"name\":\"In\u00edcio\",\"item\":\"https:\\\/\\\/folhapopular.info\\\/\"},{\"@type\":\"ListItem\",\"position\":2,\"name\":\"Ped\u00e1gio solid\u00e1rio em prol de Gabriel de Oliveira Severo \u00e9 neste s\u00e1bado em Teut\u00f4nia\"}]},{\"@type\":\"WebSite\",\"@id\":\"https:\\\/\\\/folhapopular.info\\\/#website\",\"url\":\"https:\\\/\\\/folhapopular.info\\\/\",\"name\":\"Folha Popular\",\"description\":\"Onde voc\u00ea tem vez e voz\",\"potentialAction\":[{\"@type\":\"SearchAction\",\"target\":{\"@type\":\"EntryPoint\",\"urlTemplate\":\"https:\\\/\\\/folhapopular.info\\\/?s={search_term_string}\"},\"query-input\":{\"@type\":\"PropertyValueSpecification\",\"valueRequired\":true,\"valueName\":\"search_term_string\"}}],\"inLanguage\":\"pt-BR\"},{\"@type\":\"Person\",\"@id\":\"https:\\\/\\\/folhapopular.info\\\/#\\\/schema\\\/person\\\/2814e8a0df7643585a9ca38bc6eb9d4b\",\"name\":\"Reda\u00e7\u00e3o Folha Popular\",\"image\":{\"@type\":\"ImageObject\",\"inLanguage\":\"pt-BR\",\"@id\":\"https:\\\/\\\/folhapopular.info\\\/wp-content\\\/uploads\\\/2026\\\/04\\\/Folha-1.webp\",\"url\":\"https:\\\/\\\/folhapopular.info\\\/wp-content\\\/uploads\\\/2026\\\/04\\\/Folha-1.webp\",\"contentUrl\":\"https:\\\/\\\/folhapopular.info\\\/wp-content\\\/uploads\\\/2026\\\/04\\\/Folha-1.webp\",\"caption\":\"Reda\u00e7\u00e3o Folha Popular\"},\"url\":\"https:\\\/\\\/folhapopular.info\\\/index.php\\\/author\\\/redacao\\\/\"}]}<\/script>\n<!-- \/ Yoast SEO plugin. -->","yoast_head_json":{"title":"Ped\u00e1gio solid\u00e1rio em prol de Gabriel de Oliveira Severo \u00e9 neste s\u00e1bado em Teut\u00f4nia - Folha Popular","robots":{"index":"index","follow":"follow","max-snippet":"max-snippet:-1","max-image-preview":"max-image-preview:large","max-video-preview":"max-video-preview:-1"},"canonical":"https:\/\/folhapopular.info\/index.php\/2022\/08\/12\/pedagio-solidario-em-prol-de-gabriel-de-oliveira-severo-e-neste-sabado-em-teutonia\/","og_locale":"pt_BR","og_type":"article","og_title":"Ped\u00e1gio solid\u00e1rio em prol de Gabriel de Oliveira Severo \u00e9 neste s\u00e1bado em Teut\u00f4nia - Folha Popular","og_description":"Neste s\u00e1bado (13\/08), ser\u00e1 realizado o primeiro ped\u00e1gio solid\u00e1rio em Teut\u00f4nia, em benef\u00edcio de Gabriel de Oliveira Severo, crian\u00e7a que luta contra um c\u00e2ncer denominado neuroblastoma e met\u00e1stase. Organizada pela fam\u00edlia, juntamente com um grupo de volunt\u00e1rios, o ped\u00e1gio ser\u00e1 realizado na Rua 3 de Outubro, no Bairro Languiru, pr\u00f3ximo \u00e0 sinaleira. O evento acontecer\u00e1 [&hellip;]","og_url":"https:\/\/folhapopular.info\/index.php\/2022\/08\/12\/pedagio-solidario-em-prol-de-gabriel-de-oliveira-severo-e-neste-sabado-em-teutonia\/","og_site_name":"Folha Popular","article_published_time":"2022-08-12T13:38:11+00:00","article_modified_time":"2022-08-12T14:06:03+00:00","og_image":[{"width":1024,"height":1280,"url":"http:\/\/folhapopular.info\/wp-content\/uploads\/2022\/08\/WhatsApp-Image-2022-08-11-at-14.40.01.jpeg","type":"image\/jpeg"}],"author":"Reda\u00e7\u00e3o Folha Popular","twitter_card":"summary_large_image","twitter_misc":{"Escrito por":"Reda\u00e7\u00e3o Folha Popular","Est. tempo de leitura":"2 minutos"},"schema":{"@context":"https:\/\/schema.org","@graph":[{"@type":"Article","@id":"https:\/\/folhapopular.info\/index.php\/2022\/08\/12\/pedagio-solidario-em-prol-de-gabriel-de-oliveira-severo-e-neste-sabado-em-teutonia\/#article","isPartOf":{"@id":"https:\/\/folhapopular.info\/index.php\/2022\/08\/12\/pedagio-solidario-em-prol-de-gabriel-de-oliveira-severo-e-neste-sabado-em-teutonia\/"},"author":{"name":"Reda\u00e7\u00e3o Folha Popular","@id":"https:\/\/folhapopular.info\/#\/schema\/person\/2814e8a0df7643585a9ca38bc6eb9d4b"},"headline":"Ped\u00e1gio solid\u00e1rio em prol de Gabriel de Oliveira Severo \u00e9 neste s\u00e1bado em Teut\u00f4nia","datePublished":"2022-08-12T13:38:11+00:00","dateModified":"2022-08-12T14:06:03+00:00","mainEntityOfPage":{"@id":"https:\/\/folhapopular.info\/index.php\/2022\/08\/12\/pedagio-solidario-em-prol-de-gabriel-de-oliveira-severo-e-neste-sabado-em-teutonia\/"},"wordCount":251,"commentCount":0,"image":{"@id":"https:\/\/folhapopular.info\/index.php\/2022\/08\/12\/pedagio-solidario-em-prol-de-gabriel-de-oliveira-severo-e-neste-sabado-em-teutonia\/#primaryimage"},"thumbnailUrl":"https:\/\/folhapopular.info\/wp-content\/uploads\/2022\/08\/WhatsApp-Image-2022-08-11-at-14.40.01.jpeg","keywords":["Gabriel de Oliveira Severo","Ped\u00e1gio Solid\u00e1rio","Teut\u00f4nia"],"articleSection":["Destaques","Geral"],"inLanguage":"pt-BR","potentialAction":[{"@type":"CommentAction","name":"Comment","target":["https:\/\/folhapopular.info\/index.php\/2022\/08\/12\/pedagio-solidario-em-prol-de-gabriel-de-oliveira-severo-e-neste-sabado-em-teutonia\/#respond"]}]},{"@type":"WebPage","@id":"https:\/\/folhapopular.info\/index.php\/2022\/08\/12\/pedagio-solidario-em-prol-de-gabriel-de-oliveira-severo-e-neste-sabado-em-teutonia\/","url":"https:\/\/folhapopular.info\/index.php\/2022\/08\/12\/pedagio-solidario-em-prol-de-gabriel-de-oliveira-severo-e-neste-sabado-em-teutonia\/","name":"Ped\u00e1gio solid\u00e1rio em prol de Gabriel de Oliveira Severo \u00e9 neste s\u00e1bado em Teut\u00f4nia - Folha Popular","isPartOf":{"@id":"https:\/\/folhapopular.info\/#website"},"primaryImageOfPage":{"@id":"https:\/\/folhapopular.info\/index.php\/2022\/08\/12\/pedagio-solidario-em-prol-de-gabriel-de-oliveira-severo-e-neste-sabado-em-teutonia\/#primaryimage"},"image":{"@id":"https:\/\/folhapopular.info\/index.php\/2022\/08\/12\/pedagio-solidario-em-prol-de-gabriel-de-oliveira-severo-e-neste-sabado-em-teutonia\/#primaryimage"},"thumbnailUrl":"https:\/\/folhapopular.info\/wp-content\/uploads\/2022\/08\/WhatsApp-Image-2022-08-11-at-14.40.01.jpeg","datePublished":"2022-08-12T13:38:11+00:00","dateModified":"2022-08-12T14:06:03+00:00","author":{"@id":"https:\/\/folhapopular.info\/#\/schema\/person\/2814e8a0df7643585a9ca38bc6eb9d4b"},"breadcrumb":{"@id":"https:\/\/folhapopular.info\/index.php\/2022\/08\/12\/pedagio-solidario-em-prol-de-gabriel-de-oliveira-severo-e-neste-sabado-em-teutonia\/#breadcrumb"},"inLanguage":"pt-BR","potentialAction":[{"@type":"ReadAction","target":["https:\/\/folhapopular.info\/index.php\/2022\/08\/12\/pedagio-solidario-em-prol-de-gabriel-de-oliveira-severo-e-neste-sabado-em-teutonia\/"]}]},{"@type":"ImageObject","inLanguage":"pt-BR","@id":"https:\/\/folhapopular.info\/index.php\/2022\/08\/12\/pedagio-solidario-em-prol-de-gabriel-de-oliveira-severo-e-neste-sabado-em-teutonia\/#primaryimage","url":"https:\/\/folhapopular.info\/wp-content\/uploads\/2022\/08\/WhatsApp-Image-2022-08-11-at-14.40.01.jpeg","contentUrl":"https:\/\/folhapopular.info\/wp-content\/uploads\/2022\/08\/WhatsApp-Image-2022-08-11-at-14.40.01.jpeg","width":1024,"height":1280},{"@type":"BreadcrumbList","@id":"https:\/\/folhapopular.info\/index.php\/2022\/08\/12\/pedagio-solidario-em-prol-de-gabriel-de-oliveira-severo-e-neste-sabado-em-teutonia\/#breadcrumb","itemListElement":[{"@type":"ListItem","position":1,"name":"In\u00edcio","item":"https:\/\/folhapopular.info\/"},{"@type":"ListItem","position":2,"name":"Ped\u00e1gio solid\u00e1rio em prol de Gabriel de Oliveira Severo \u00e9 neste s\u00e1bado em Teut\u00f4nia"}]},{"@type":"WebSite","@id":"https:\/\/folhapopular.info\/#website","url":"https:\/\/folhapopular.info\/","name":"Folha Popular","description":"Onde voc\u00ea tem vez e voz","potentialAction":[{"@type":"SearchAction","target":{"@type":"EntryPoint","urlTemplate":"https:\/\/folhapopular.info\/?s={search_term_string}"},"query-input":{"@type":"PropertyValueSpecification","valueRequired":true,"valueName":"search_term_string"}}],"inLanguage":"pt-BR"},{"@type":"Person","@id":"https:\/\/folhapopular.info\/#\/schema\/person\/2814e8a0df7643585a9ca38bc6eb9d4b","name":"Reda\u00e7\u00e3o Folha Popular","image":{"@type":"ImageObject","inLanguage":"pt-BR","@id":"https:\/\/folhapopular.info\/wp-content\/uploads\/2026\/04\/Folha-1.webp","url":"https:\/\/folhapopular.info\/wp-content\/uploads\/2026\/04\/Folha-1.webp","contentUrl":"https:\/\/folhapopular.info\/wp-content\/uploads\/2026\/04\/Folha-1.webp","caption":"Reda\u00e7\u00e3o Folha Popular"},"url":"https:\/\/folhapopular.info\/index.php\/author\/redacao\/"}]}},"jetpack_featured_media_url":"https:\/\/folhapopular.info\/wp-content\/uploads\/2022\/08\/WhatsApp-Image-2022-08-11-at-14.40.01.jpeg","jetpack_sharing_enabled":true,"amp_enabled":true,"_links":{"self":[{"href":"https:\/\/folhapopular.info\/index.php\/wp-json\/wp\/v2\/posts\/110568","targetHints":{"allow":["GET"]}}],"collection":[{"href":"https:\/\/folhapopular.info\/index.php\/wp-json\/wp\/v2\/posts"}],"about":[{"href":"https:\/\/folhapopular.info\/index.php\/wp-json\/wp\/v2\/types\/post"}],"author":[{"embeddable":true,"href":"https:\/\/folhapopular.info\/index.php\/wp-json\/wp\/v2\/users\/8"}],"replies":[{"embeddable":true,"href":"https:\/\/folhapopular.info\/index.php\/wp-json\/wp\/v2\/comments?post=110568"}],"version-history":[{"count":0,"href":"https:\/\/folhapopular.info\/index.php\/wp-json\/wp\/v2\/posts\/110568\/revisions"}],"wp:featuredmedia":[{"embeddable":true,"href":"https:\/\/folhapopular.info\/index.php\/wp-json\/wp\/v2\/media\/110569"}],"wp:attachment":[{"href":"https:\/\/folhapopular.info\/index.php\/wp-json\/wp\/v2\/media?parent=110568"}],"wp:term":[{"taxonomy":"category","embeddable":true,"href":"https:\/\/folhapopular.info\/index.php\/wp-json\/wp\/v2\/categories?post=110568"},{"taxonomy":"post_tag","embeddable":true,"href":"https:\/\/folhapopular.info\/index.php\/wp-json\/wp\/v2\/tags?post=110568"}],"curies":[{"name":"wp","href":"https:\/\/api.w.org\/{rel}","templated":true}]}}