{"id":110600,"date":"2022-08-12T17:34:05","date_gmt":"2022-08-12T20:34:05","guid":{"rendered":"https:\/\/folhapopular.info\/?p=110600"},"modified":"2022-08-12T17:34:08","modified_gmt":"2022-08-12T20:34:08","slug":"teutonia-recebera-pela-primeira-vez-corrida-do-fogo-simbolico-da-patria","status":"publish","type":"post","link":"https:\/\/folhapopular.info\/index.php\/2022\/08\/12\/teutonia-recebera-pela-primeira-vez-corrida-do-fogo-simbolico-da-patria\/","title":{"rendered":"Teut\u00f4nia receber\u00e1 pela primeira vez Corrida do Fogo Simb\u00f3lico da P\u00e1tria"},"content":{"rendered":"\n<p>A 85\u00aa Edi\u00e7\u00e3o da Corrida do Fogo Simb\u00f3lico da P\u00e1tria ter\u00e1 in\u00edcio no s\u00e1bado (13\/8) e se estender\u00e1 at\u00e9 a quinta-feira (18\/8), quando passar\u00e1 por Teut\u00f4nia. Movimento comemora o bicenten\u00e1rio da Independ\u00eancia e tem a finalidade de incentivar o amor \u00e0 p\u00e1tria, resgatar valores e o civismo. <\/p>\n\n\n\n<p>A corrida \u00e9 uma realiza\u00e7\u00e3o da Liga de Defesa Nacional, organizada pela Associa\u00e7\u00e3o dos Veteranos e Amigos da 1\u00aa Companhia de Guardas, com o apoio das prefeituras. Neste ano a Companhia realizar\u00e1 a condu\u00e7\u00e3o do fogo simb\u00f3lico por 29 munic\u00edpios do eixo Nordeste, desde o munic\u00edpio de Port\u00e3o at\u00e9 Cacique Doble.<\/p>\n\n\n\n<p>\u00c0s 7h30 do dia 18 o grupo sair\u00e1 do Posto da Pol\u00edcia Rodovi\u00e1ria Estadual (PRE), no Bairro Teut\u00f4nia, e ser\u00e1 conduzido at\u00e9 o Centro C\u00edvico da prefeitura, onde ser\u00e1 realizada a solenidade, \u00e0s 8h, para o recebimento do fogo simb\u00f3lico, que ficar\u00e1 aceso no munic\u00edpio at\u00e9 o dia 7 de setembro.<\/p>\n\n\n\n<p>A comunidade teutoniense est\u00e1 convidada a participar da condu\u00e7\u00e3o da chama e da solenidade. Ap\u00f3s a cerim\u00f4nia, o fogo ser\u00e1 conduzido \u00e0 Escola Municipal de Ensino Fundamental Professor Alfredo Schneider, para realiza\u00e7\u00e3o de hora c\u00edvica com participa\u00e7\u00e3o de todos os alunos, onde ser\u00e1 abordado o tema do bicenten\u00e1rio da Independ\u00eancia. <\/p>\n\n\n\n<p>No final da tarde a chama retornar\u00e1 para o Centro Administrativo, onde ficar\u00e1 exposta durante \u00e0 noite para a comunidade. No dia seguinte, o fogo simb\u00f3lico ser\u00e1 encaminhado \u00e0 outra escola, seguindo o mesmo cronograma at\u00e9 o dia 06 de setembro, concluindo a passagem da chama por todas as escolas do munic\u00edpio.<\/p>\n\n\n\n<p>Ap\u00f3s 84 edi\u00e7\u00f5es, esta \u00e9 a primeira vez que a Corrida do Fogo Simb\u00f3lico da P\u00e1tria passar\u00e1 por Teut\u00f4nia, e o governo municipal organizou o cronograma para que o seu significado chegue a todas as crian\u00e7as e adolescentes, resgatando o civismo e o amor \u00e0 p\u00e1tria.<\/p>\n\n\n\n<p><strong>Trajeto<\/strong><br>O fogo simb\u00f3lico ser\u00e1 conduzido em carreata pela ERS 128 (Via L\u00e1ctea), at\u00e9 o trevo da Rua Major Bandeira, no Bairro Languiru, para ingressar na Avenida 1 Leste, at\u00e9 o Centro Administrativo.\u00a0<\/p>\n","protected":false},"excerpt":{"rendered":"<p>A 85\u00aa Edi\u00e7\u00e3o da Corrida do Fogo Simb\u00f3lico da P\u00e1tria ter\u00e1 in\u00edcio no s\u00e1bado (13\/8) e se estender\u00e1 at\u00e9 a quinta-feira (18\/8), quando passar\u00e1 por Teut\u00f4nia. Movimento comemora o bicenten\u00e1rio da Independ\u00eancia e tem a finalidade de incentivar o amor \u00e0 p\u00e1tria, resgatar valores e o civismo. A corrida \u00e9 uma realiza\u00e7\u00e3o da Liga de [&hellip;]<\/p>\n","protected":false},"author":8,"featured_media":110612,"comment_status":"open","ping_status":"open","sticky":false,"template":"","format":"standard","meta":{"pmpro_default_level":"","_jetpack_memberships_contains_paid_content":false,"footnotes":""},"categories":[2,3],"tags":[937,9737,26],"class_list":{"0":"post-110600","1":"post","2":"type-post","3":"status-publish","4":"format-standard","5":"has-post-thumbnail","7":"category-featured","8":"category-geral","9":"tag-7-de-setembro","10":"tag-corrida-do-fogo-simbolico-da-patria","11":"tag-teutonia","12":"pmpro-has-access"},"yoast_head":"<!-- This site is optimized with the Yoast SEO plugin v27.5 - https:\/\/yoast.com\/product\/yoast-seo-wordpress\/ -->\n<title>Teut\u00f4nia receber\u00e1 pela primeira vez Corrida do Fogo Simb\u00f3lico da P\u00e1tria - Folha Popular<\/title>\n<meta name=\"robots\" content=\"index, follow, max-snippet:-1, max-image-preview:large, max-video-preview:-1\" \/>\n<link rel=\"canonical\" href=\"https:\/\/folhapopular.info\/index.php\/2022\/08\/12\/teutonia-recebera-pela-primeira-vez-corrida-do-fogo-simbolico-da-patria\/\" \/>\n<meta property=\"og:locale\" content=\"pt_BR\" \/>\n<meta property=\"og:type\" content=\"article\" \/>\n<meta property=\"og:title\" content=\"Teut\u00f4nia receber\u00e1 pela primeira vez Corrida do Fogo Simb\u00f3lico da P\u00e1tria - Folha Popular\" \/>\n<meta property=\"og:description\" content=\"A 85\u00aa Edi\u00e7\u00e3o da Corrida do Fogo Simb\u00f3lico da P\u00e1tria ter\u00e1 in\u00edcio no s\u00e1bado (13\/8) e se estender\u00e1 at\u00e9 a quinta-feira (18\/8), quando passar\u00e1 por Teut\u00f4nia. Movimento comemora o bicenten\u00e1rio da Independ\u00eancia e tem a finalidade de incentivar o amor \u00e0 p\u00e1tria, resgatar valores e o civismo. A corrida \u00e9 uma realiza\u00e7\u00e3o da Liga de [&hellip;]\" \/>\n<meta property=\"og:url\" content=\"https:\/\/folhapopular.info\/index.php\/2022\/08\/12\/teutonia-recebera-pela-primeira-vez-corrida-do-fogo-simbolico-da-patria\/\" \/>\n<meta property=\"og:site_name\" content=\"Folha Popular\" \/>\n<meta property=\"article:published_time\" content=\"2022-08-12T20:34:05+00:00\" \/>\n<meta property=\"article:modified_time\" content=\"2022-08-12T20:34:08+00:00\" \/>\n<meta property=\"og:image\" content=\"http:\/\/folhapopular.info\/wp-content\/uploads\/2022\/08\/noticias_fotos_5679_16416_1503064370.jpg\" \/>\n\t<meta property=\"og:image:width\" content=\"1024\" \/>\n\t<meta property=\"og:image:height\" content=\"680\" \/>\n\t<meta property=\"og:image:type\" content=\"image\/jpeg\" \/>\n<meta name=\"author\" content=\"Reda\u00e7\u00e3o Folha Popular\" \/>\n<meta name=\"twitter:card\" content=\"summary_large_image\" \/>\n<meta name=\"twitter:label1\" content=\"Escrito por\" \/>\n\t<meta name=\"twitter:data1\" content=\"Reda\u00e7\u00e3o Folha Popular\" \/>\n\t<meta name=\"twitter:label2\" content=\"Est. tempo de leitura\" \/>\n\t<meta name=\"twitter:data2\" content=\"2 minutos\" \/>\n<script type=\"application\/ld+json\" class=\"yoast-schema-graph\">{\"@context\":\"https:\\\/\\\/schema.org\",\"@graph\":[{\"@type\":\"Article\",\"@id\":\"https:\\\/\\\/folhapopular.info\\\/index.php\\\/2022\\\/08\\\/12\\\/teutonia-recebera-pela-primeira-vez-corrida-do-fogo-simbolico-da-patria\\\/#article\",\"isPartOf\":{\"@id\":\"https:\\\/\\\/folhapopular.info\\\/index.php\\\/2022\\\/08\\\/12\\\/teutonia-recebera-pela-primeira-vez-corrida-do-fogo-simbolico-da-patria\\\/\"},\"author\":{\"name\":\"Reda\u00e7\u00e3o Folha Popular\",\"@id\":\"https:\\\/\\\/folhapopular.info\\\/#\\\/schema\\\/person\\\/2814e8a0df7643585a9ca38bc6eb9d4b\"},\"headline\":\"Teut\u00f4nia receber\u00e1 pela primeira vez Corrida do Fogo Simb\u00f3lico da P\u00e1tria\",\"datePublished\":\"2022-08-12T20:34:05+00:00\",\"dateModified\":\"2022-08-12T20:34:08+00:00\",\"mainEntityOfPage\":{\"@id\":\"https:\\\/\\\/folhapopular.info\\\/index.php\\\/2022\\\/08\\\/12\\\/teutonia-recebera-pela-primeira-vez-corrida-do-fogo-simbolico-da-patria\\\/\"},\"wordCount\":367,\"commentCount\":0,\"image\":{\"@id\":\"https:\\\/\\\/folhapopular.info\\\/index.php\\\/2022\\\/08\\\/12\\\/teutonia-recebera-pela-primeira-vez-corrida-do-fogo-simbolico-da-patria\\\/#primaryimage\"},\"thumbnailUrl\":\"https:\\\/\\\/folhapopular.info\\\/wp-content\\\/uploads\\\/2022\\\/08\\\/noticias_fotos_5679_16416_1503064370.jpg\",\"keywords\":[\"7 de setembro\",\"Corrida do Fogo Simb\u00f3lico da P\u00e1tria\",\"Teut\u00f4nia\"],\"articleSection\":[\"Destaques\",\"Geral\"],\"inLanguage\":\"pt-BR\",\"potentialAction\":[{\"@type\":\"CommentAction\",\"name\":\"Comment\",\"target\":[\"https:\\\/\\\/folhapopular.info\\\/index.php\\\/2022\\\/08\\\/12\\\/teutonia-recebera-pela-primeira-vez-corrida-do-fogo-simbolico-da-patria\\\/#respond\"]}]},{\"@type\":\"WebPage\",\"@id\":\"https:\\\/\\\/folhapopular.info\\\/index.php\\\/2022\\\/08\\\/12\\\/teutonia-recebera-pela-primeira-vez-corrida-do-fogo-simbolico-da-patria\\\/\",\"url\":\"https:\\\/\\\/folhapopular.info\\\/index.php\\\/2022\\\/08\\\/12\\\/teutonia-recebera-pela-primeira-vez-corrida-do-fogo-simbolico-da-patria\\\/\",\"name\":\"Teut\u00f4nia receber\u00e1 pela primeira vez Corrida do Fogo Simb\u00f3lico da P\u00e1tria - Folha Popular\",\"isPartOf\":{\"@id\":\"https:\\\/\\\/folhapopular.info\\\/#website\"},\"primaryImageOfPage\":{\"@id\":\"https:\\\/\\\/folhapopular.info\\\/index.php\\\/2022\\\/08\\\/12\\\/teutonia-recebera-pela-primeira-vez-corrida-do-fogo-simbolico-da-patria\\\/#primaryimage\"},\"image\":{\"@id\":\"https:\\\/\\\/folhapopular.info\\\/index.php\\\/2022\\\/08\\\/12\\\/teutonia-recebera-pela-primeira-vez-corrida-do-fogo-simbolico-da-patria\\\/#primaryimage\"},\"thumbnailUrl\":\"https:\\\/\\\/folhapopular.info\\\/wp-content\\\/uploads\\\/2022\\\/08\\\/noticias_fotos_5679_16416_1503064370.jpg\",\"datePublished\":\"2022-08-12T20:34:05+00:00\",\"dateModified\":\"2022-08-12T20:34:08+00:00\",\"author\":{\"@id\":\"https:\\\/\\\/folhapopular.info\\\/#\\\/schema\\\/person\\\/2814e8a0df7643585a9ca38bc6eb9d4b\"},\"breadcrumb\":{\"@id\":\"https:\\\/\\\/folhapopular.info\\\/index.php\\\/2022\\\/08\\\/12\\\/teutonia-recebera-pela-primeira-vez-corrida-do-fogo-simbolico-da-patria\\\/#breadcrumb\"},\"inLanguage\":\"pt-BR\",\"potentialAction\":[{\"@type\":\"ReadAction\",\"target\":[\"https:\\\/\\\/folhapopular.info\\\/index.php\\\/2022\\\/08\\\/12\\\/teutonia-recebera-pela-primeira-vez-corrida-do-fogo-simbolico-da-patria\\\/\"]}]},{\"@type\":\"ImageObject\",\"inLanguage\":\"pt-BR\",\"@id\":\"https:\\\/\\\/folhapopular.info\\\/index.php\\\/2022\\\/08\\\/12\\\/teutonia-recebera-pela-primeira-vez-corrida-do-fogo-simbolico-da-patria\\\/#primaryimage\",\"url\":\"https:\\\/\\\/folhapopular.info\\\/wp-content\\\/uploads\\\/2022\\\/08\\\/noticias_fotos_5679_16416_1503064370.jpg\",\"contentUrl\":\"https:\\\/\\\/folhapopular.info\\\/wp-content\\\/uploads\\\/2022\\\/08\\\/noticias_fotos_5679_16416_1503064370.jpg\",\"width\":1024,\"height\":680,\"caption\":\"Cr\u00e9dito: Divulga\u00e7\u00e3o\"},{\"@type\":\"BreadcrumbList\",\"@id\":\"https:\\\/\\\/folhapopular.info\\\/index.php\\\/2022\\\/08\\\/12\\\/teutonia-recebera-pela-primeira-vez-corrida-do-fogo-simbolico-da-patria\\\/#breadcrumb\",\"itemListElement\":[{\"@type\":\"ListItem\",\"position\":1,\"name\":\"In\u00edcio\",\"item\":\"https:\\\/\\\/folhapopular.info\\\/\"},{\"@type\":\"ListItem\",\"position\":2,\"name\":\"Teut\u00f4nia receber\u00e1 pela primeira vez Corrida do Fogo Simb\u00f3lico da P\u00e1tria\"}]},{\"@type\":\"WebSite\",\"@id\":\"https:\\\/\\\/folhapopular.info\\\/#website\",\"url\":\"https:\\\/\\\/folhapopular.info\\\/\",\"name\":\"Folha Popular\",\"description\":\"Onde voc\u00ea tem vez e voz\",\"potentialAction\":[{\"@type\":\"SearchAction\",\"target\":{\"@type\":\"EntryPoint\",\"urlTemplate\":\"https:\\\/\\\/folhapopular.info\\\/?s={search_term_string}\"},\"query-input\":{\"@type\":\"PropertyValueSpecification\",\"valueRequired\":true,\"valueName\":\"search_term_string\"}}],\"inLanguage\":\"pt-BR\"},{\"@type\":\"Person\",\"@id\":\"https:\\\/\\\/folhapopular.info\\\/#\\\/schema\\\/person\\\/2814e8a0df7643585a9ca38bc6eb9d4b\",\"name\":\"Reda\u00e7\u00e3o Folha Popular\",\"image\":{\"@type\":\"ImageObject\",\"inLanguage\":\"pt-BR\",\"@id\":\"https:\\\/\\\/folhapopular.info\\\/wp-content\\\/uploads\\\/2026\\\/04\\\/Folha-1.webp\",\"url\":\"https:\\\/\\\/folhapopular.info\\\/wp-content\\\/uploads\\\/2026\\\/04\\\/Folha-1.webp\",\"contentUrl\":\"https:\\\/\\\/folhapopular.info\\\/wp-content\\\/uploads\\\/2026\\\/04\\\/Folha-1.webp\",\"caption\":\"Reda\u00e7\u00e3o Folha Popular\"},\"url\":\"https:\\\/\\\/folhapopular.info\\\/index.php\\\/author\\\/redacao\\\/\"}]}<\/script>\n<!-- \/ Yoast SEO plugin. -->","yoast_head_json":{"title":"Teut\u00f4nia receber\u00e1 pela primeira vez Corrida do Fogo Simb\u00f3lico da P\u00e1tria - Folha Popular","robots":{"index":"index","follow":"follow","max-snippet":"max-snippet:-1","max-image-preview":"max-image-preview:large","max-video-preview":"max-video-preview:-1"},"canonical":"https:\/\/folhapopular.info\/index.php\/2022\/08\/12\/teutonia-recebera-pela-primeira-vez-corrida-do-fogo-simbolico-da-patria\/","og_locale":"pt_BR","og_type":"article","og_title":"Teut\u00f4nia receber\u00e1 pela primeira vez Corrida do Fogo Simb\u00f3lico da P\u00e1tria - Folha Popular","og_description":"A 85\u00aa Edi\u00e7\u00e3o da Corrida do Fogo Simb\u00f3lico da P\u00e1tria ter\u00e1 in\u00edcio no s\u00e1bado (13\/8) e se estender\u00e1 at\u00e9 a quinta-feira (18\/8), quando passar\u00e1 por Teut\u00f4nia. Movimento comemora o bicenten\u00e1rio da Independ\u00eancia e tem a finalidade de incentivar o amor \u00e0 p\u00e1tria, resgatar valores e o civismo. A corrida \u00e9 uma realiza\u00e7\u00e3o da Liga de [&hellip;]","og_url":"https:\/\/folhapopular.info\/index.php\/2022\/08\/12\/teutonia-recebera-pela-primeira-vez-corrida-do-fogo-simbolico-da-patria\/","og_site_name":"Folha Popular","article_published_time":"2022-08-12T20:34:05+00:00","article_modified_time":"2022-08-12T20:34:08+00:00","og_image":[{"width":1024,"height":680,"url":"http:\/\/folhapopular.info\/wp-content\/uploads\/2022\/08\/noticias_fotos_5679_16416_1503064370.jpg","type":"image\/jpeg"}],"author":"Reda\u00e7\u00e3o Folha Popular","twitter_card":"summary_large_image","twitter_misc":{"Escrito por":"Reda\u00e7\u00e3o Folha Popular","Est. tempo de leitura":"2 minutos"},"schema":{"@context":"https:\/\/schema.org","@graph":[{"@type":"Article","@id":"https:\/\/folhapopular.info\/index.php\/2022\/08\/12\/teutonia-recebera-pela-primeira-vez-corrida-do-fogo-simbolico-da-patria\/#article","isPartOf":{"@id":"https:\/\/folhapopular.info\/index.php\/2022\/08\/12\/teutonia-recebera-pela-primeira-vez-corrida-do-fogo-simbolico-da-patria\/"},"author":{"name":"Reda\u00e7\u00e3o Folha Popular","@id":"https:\/\/folhapopular.info\/#\/schema\/person\/2814e8a0df7643585a9ca38bc6eb9d4b"},"headline":"Teut\u00f4nia receber\u00e1 pela primeira vez Corrida do Fogo Simb\u00f3lico da P\u00e1tria","datePublished":"2022-08-12T20:34:05+00:00","dateModified":"2022-08-12T20:34:08+00:00","mainEntityOfPage":{"@id":"https:\/\/folhapopular.info\/index.php\/2022\/08\/12\/teutonia-recebera-pela-primeira-vez-corrida-do-fogo-simbolico-da-patria\/"},"wordCount":367,"commentCount":0,"image":{"@id":"https:\/\/folhapopular.info\/index.php\/2022\/08\/12\/teutonia-recebera-pela-primeira-vez-corrida-do-fogo-simbolico-da-patria\/#primaryimage"},"thumbnailUrl":"https:\/\/folhapopular.info\/wp-content\/uploads\/2022\/08\/noticias_fotos_5679_16416_1503064370.jpg","keywords":["7 de setembro","Corrida do Fogo Simb\u00f3lico da P\u00e1tria","Teut\u00f4nia"],"articleSection":["Destaques","Geral"],"inLanguage":"pt-BR","potentialAction":[{"@type":"CommentAction","name":"Comment","target":["https:\/\/folhapopular.info\/index.php\/2022\/08\/12\/teutonia-recebera-pela-primeira-vez-corrida-do-fogo-simbolico-da-patria\/#respond"]}]},{"@type":"WebPage","@id":"https:\/\/folhapopular.info\/index.php\/2022\/08\/12\/teutonia-recebera-pela-primeira-vez-corrida-do-fogo-simbolico-da-patria\/","url":"https:\/\/folhapopular.info\/index.php\/2022\/08\/12\/teutonia-recebera-pela-primeira-vez-corrida-do-fogo-simbolico-da-patria\/","name":"Teut\u00f4nia receber\u00e1 pela primeira vez Corrida do Fogo Simb\u00f3lico da P\u00e1tria - Folha Popular","isPartOf":{"@id":"https:\/\/folhapopular.info\/#website"},"primaryImageOfPage":{"@id":"https:\/\/folhapopular.info\/index.php\/2022\/08\/12\/teutonia-recebera-pela-primeira-vez-corrida-do-fogo-simbolico-da-patria\/#primaryimage"},"image":{"@id":"https:\/\/folhapopular.info\/index.php\/2022\/08\/12\/teutonia-recebera-pela-primeira-vez-corrida-do-fogo-simbolico-da-patria\/#primaryimage"},"thumbnailUrl":"https:\/\/folhapopular.info\/wp-content\/uploads\/2022\/08\/noticias_fotos_5679_16416_1503064370.jpg","datePublished":"2022-08-12T20:34:05+00:00","dateModified":"2022-08-12T20:34:08+00:00","author":{"@id":"https:\/\/folhapopular.info\/#\/schema\/person\/2814e8a0df7643585a9ca38bc6eb9d4b"},"breadcrumb":{"@id":"https:\/\/folhapopular.info\/index.php\/2022\/08\/12\/teutonia-recebera-pela-primeira-vez-corrida-do-fogo-simbolico-da-patria\/#breadcrumb"},"inLanguage":"pt-BR","potentialAction":[{"@type":"ReadAction","target":["https:\/\/folhapopular.info\/index.php\/2022\/08\/12\/teutonia-recebera-pela-primeira-vez-corrida-do-fogo-simbolico-da-patria\/"]}]},{"@type":"ImageObject","inLanguage":"pt-BR","@id":"https:\/\/folhapopular.info\/index.php\/2022\/08\/12\/teutonia-recebera-pela-primeira-vez-corrida-do-fogo-simbolico-da-patria\/#primaryimage","url":"https:\/\/folhapopular.info\/wp-content\/uploads\/2022\/08\/noticias_fotos_5679_16416_1503064370.jpg","contentUrl":"https:\/\/folhapopular.info\/wp-content\/uploads\/2022\/08\/noticias_fotos_5679_16416_1503064370.jpg","width":1024,"height":680,"caption":"Cr\u00e9dito: Divulga\u00e7\u00e3o"},{"@type":"BreadcrumbList","@id":"https:\/\/folhapopular.info\/index.php\/2022\/08\/12\/teutonia-recebera-pela-primeira-vez-corrida-do-fogo-simbolico-da-patria\/#breadcrumb","itemListElement":[{"@type":"ListItem","position":1,"name":"In\u00edcio","item":"https:\/\/folhapopular.info\/"},{"@type":"ListItem","position":2,"name":"Teut\u00f4nia receber\u00e1 pela primeira vez Corrida do Fogo Simb\u00f3lico da P\u00e1tria"}]},{"@type":"WebSite","@id":"https:\/\/folhapopular.info\/#website","url":"https:\/\/folhapopular.info\/","name":"Folha Popular","description":"Onde voc\u00ea tem vez e voz","potentialAction":[{"@type":"SearchAction","target":{"@type":"EntryPoint","urlTemplate":"https:\/\/folhapopular.info\/?s={search_term_string}"},"query-input":{"@type":"PropertyValueSpecification","valueRequired":true,"valueName":"search_term_string"}}],"inLanguage":"pt-BR"},{"@type":"Person","@id":"https:\/\/folhapopular.info\/#\/schema\/person\/2814e8a0df7643585a9ca38bc6eb9d4b","name":"Reda\u00e7\u00e3o Folha Popular","image":{"@type":"ImageObject","inLanguage":"pt-BR","@id":"https:\/\/folhapopular.info\/wp-content\/uploads\/2026\/04\/Folha-1.webp","url":"https:\/\/folhapopular.info\/wp-content\/uploads\/2026\/04\/Folha-1.webp","contentUrl":"https:\/\/folhapopular.info\/wp-content\/uploads\/2026\/04\/Folha-1.webp","caption":"Reda\u00e7\u00e3o Folha Popular"},"url":"https:\/\/folhapopular.info\/index.php\/author\/redacao\/"}]}},"jetpack_featured_media_url":"https:\/\/folhapopular.info\/wp-content\/uploads\/2022\/08\/noticias_fotos_5679_16416_1503064370.jpg","jetpack_sharing_enabled":true,"amp_enabled":true,"_links":{"self":[{"href":"https:\/\/folhapopular.info\/index.php\/wp-json\/wp\/v2\/posts\/110600","targetHints":{"allow":["GET"]}}],"collection":[{"href":"https:\/\/folhapopular.info\/index.php\/wp-json\/wp\/v2\/posts"}],"about":[{"href":"https:\/\/folhapopular.info\/index.php\/wp-json\/wp\/v2\/types\/post"}],"author":[{"embeddable":true,"href":"https:\/\/folhapopular.info\/index.php\/wp-json\/wp\/v2\/users\/8"}],"replies":[{"embeddable":true,"href":"https:\/\/folhapopular.info\/index.php\/wp-json\/wp\/v2\/comments?post=110600"}],"version-history":[{"count":0,"href":"https:\/\/folhapopular.info\/index.php\/wp-json\/wp\/v2\/posts\/110600\/revisions"}],"wp:featuredmedia":[{"embeddable":true,"href":"https:\/\/folhapopular.info\/index.php\/wp-json\/wp\/v2\/media\/110612"}],"wp:attachment":[{"href":"https:\/\/folhapopular.info\/index.php\/wp-json\/wp\/v2\/media?parent=110600"}],"wp:term":[{"taxonomy":"category","embeddable":true,"href":"https:\/\/folhapopular.info\/index.php\/wp-json\/wp\/v2\/categories?post=110600"},{"taxonomy":"post_tag","embeddable":true,"href":"https:\/\/folhapopular.info\/index.php\/wp-json\/wp\/v2\/tags?post=110600"}],"curies":[{"name":"wp","href":"https:\/\/api.w.org\/{rel}","templated":true}]}}