{"id":110688,"date":"2022-08-13T14:26:11","date_gmt":"2022-08-13T17:26:11","guid":{"rendered":"https:\/\/folhapopular.info\/?p=110688"},"modified":"2022-08-14T09:49:27","modified_gmt":"2022-08-14T12:49:27","slug":"pedagio-solidario-para-gabriel-de-oliveira-severo-ocorre-hoje-em-teutonia","status":"publish","type":"post","link":"https:\/\/folhapopular.info\/index.php\/2022\/08\/13\/pedagio-solidario-para-gabriel-de-oliveira-severo-ocorre-hoje-em-teutonia\/","title":{"rendered":"Volunt\u00e1rios realizam Ped\u00e1gio Solid\u00e1rio para Gabriel de Oliveira Severo em Teut\u00f4nia"},"content":{"rendered":"\n<p>Um grupo de volunt\u00e1rios realizou neste s\u00e1bado (13\/8) o primeiro ped\u00e1gio solid\u00e1rio a favor<br>de Gabriel de Oliveira Severo. O movimento ocorreu na Rua 3 de Outubro, no Bairro<br>Languiru, pr\u00f3ximo \u00e0 farm\u00e1cia PanVel, das 8h30 as 12h.<\/p>\n\n\n\n<p>A volunt\u00e1ria Marciane Santos Moraes foi uma das organizadoras da a\u00e7\u00e3o e conta que<br>primeiro contato com o caso foi em um encontro familiar e teve proximidade com a hist\u00f3ria<br>de vida e de luta de Gabriel. Ela acompanha a campanha desde dezembro de 2021 quando<br>ocorreu uma lota\u00e7\u00e3o de Teutonia para doa\u00e7\u00e3o de sangue.<\/p>\n\n\n\n<figure class=\"wp-block-image size-large is-resized is-style-rounded\"><img decoding=\"async\" src=\"https:\/\/folhapopular.info\/wp-content\/uploads\/2022\/08\/WhatsApp-Image-2022-08-13-at-08.45.54-edited.jpeg\" alt=\"\" class=\"wp-image-110691\" width=\"404\" srcset=\"https:\/\/folhapopular.info\/wp-content\/uploads\/2022\/08\/WhatsApp-Image-2022-08-13-at-08.45.54-edited.jpeg 649w, https:\/\/folhapopular.info\/wp-content\/uploads\/2022\/08\/WhatsApp-Image-2022-08-13-at-08.45.54-edited-169x300.jpeg 169w, https:\/\/folhapopular.info\/wp-content\/uploads\/2022\/08\/WhatsApp-Image-2022-08-13-at-08.45.54-edited-577x1024.jpeg 577w\" sizes=\"(max-width: 649px) 100vw, 649px\" \/><\/figure>\n\n\n\n<p>Ap\u00f3s ser identificada a necessidade de cirurgia e uso de medicamento, neste ano, e o custo<br>do aparelho, a comunidade passou a se mobilizar e querer ajudar com a causa.<br>Marciane conta que empresas e grupo de volunt\u00e1rios est\u00e3o abra\u00e7ando a causa do menino e<br>da fam\u00edlia para chegar ao objetivo em comum e a solidariedade deixa a fam\u00edlia feliz.<\/p>\n\n\n\n<p>A campanha est\u00e1 na primeira semana e os resultados j\u00e1 s\u00e3o satisfat\u00f3rios. \u201cAs pessoas<br>est\u00e3o entrando em contato, elas querem ajudar, as empresas est\u00e3o de portas abertas, cada<br>um contribuindo com o que consegue\u201d, pontua a volunt\u00e1ria.<\/p>\n\n\n\n<p>Andrieli Magedanz (27) \u00e9 publicit\u00e1ria e exp\u00f5e que conheceu o caso da fam\u00edlia por um cliente<br>que comentou sobre uma mat\u00e9ria explicando a situa\u00e7\u00e3o, pensou em ajudar de alguma<br>forma e resolveu entrar em contato com a fam\u00edlia e se disponibilizou para criar e cuidar das<br>redes sociais do menino, dando para um maior alcance para a campanha.<\/p>\n\n\n\n<p>Andrieli explica que foi criado um grupo de 6 pessoas que se colocaram a dispor do projeto<br>e a partir deste, j\u00e1 conseguiram criar camisetas, rifa &#8211; que sair\u00e1 na pr\u00f3xima semana -, cuias<br>que tamb\u00e9m estar\u00e3o dispon\u00edveis semana que vem, entre outros.<\/p>\n\n\n\n<p>A publicit\u00e1ria conclui destacando que quanto mais pessoas souberem da hist\u00f3ria de Gabriel,<br>mais pessoas ajudar\u00e3o e o objetivo ser\u00e1 alcan\u00e7ado mais r\u00e1pido.<\/p>\n","protected":false},"excerpt":{"rendered":"<p>Um grupo de volunt\u00e1rios realizou neste s\u00e1bado (13\/8) o primeiro ped\u00e1gio solid\u00e1rio a favorde Gabriel de Oliveira Severo. O movimento ocorreu na Rua 3 de Outubro, no BairroLanguiru, pr\u00f3ximo \u00e0 farm\u00e1cia PanVel, das 8h30 as 12h. A volunt\u00e1ria Marciane Santos Moraes foi uma das organizadoras da a\u00e7\u00e3o e conta queprimeiro contato com o caso foi [&hellip;]<\/p>\n","protected":false},"author":636,"featured_media":110689,"comment_status":"open","ping_status":"open","sticky":false,"template":"","format":"standard","meta":{"pmpro_default_level":"","_jetpack_memberships_contains_paid_content":false,"footnotes":""},"categories":[2,3],"tags":[5366,1406,26,3191],"class_list":{"0":"post-110688","1":"post","2":"type-post","3":"status-publish","4":"format-standard","5":"has-post-thumbnail","7":"category-featured","8":"category-geral","9":"tag-comunidade","10":"tag-pedagio-solidario","11":"tag-teutonia","12":"tag-voluntarios","13":"pmpro-has-access"},"yoast_head":"<!-- This site is optimized with the Yoast SEO plugin v27.5 - https:\/\/yoast.com\/product\/yoast-seo-wordpress\/ -->\n<title>Volunt\u00e1rios realizam Ped\u00e1gio Solid\u00e1rio para Gabriel de Oliveira Severo em Teut\u00f4nia - Folha Popular<\/title>\n<meta name=\"robots\" content=\"index, follow, max-snippet:-1, max-image-preview:large, max-video-preview:-1\" \/>\n<link rel=\"canonical\" href=\"https:\/\/folhapopular.info\/index.php\/2022\/08\/13\/pedagio-solidario-para-gabriel-de-oliveira-severo-ocorre-hoje-em-teutonia\/\" \/>\n<meta property=\"og:locale\" content=\"pt_BR\" \/>\n<meta property=\"og:type\" content=\"article\" \/>\n<meta property=\"og:title\" content=\"Volunt\u00e1rios realizam Ped\u00e1gio Solid\u00e1rio para Gabriel de Oliveira Severo em Teut\u00f4nia - Folha Popular\" \/>\n<meta property=\"og:description\" content=\"Um grupo de volunt\u00e1rios realizou neste s\u00e1bado (13\/8) o primeiro ped\u00e1gio solid\u00e1rio a favorde Gabriel de Oliveira Severo. O movimento ocorreu na Rua 3 de Outubro, no BairroLanguiru, pr\u00f3ximo \u00e0 farm\u00e1cia PanVel, das 8h30 as 12h. A volunt\u00e1ria Marciane Santos Moraes foi uma das organizadoras da a\u00e7\u00e3o e conta queprimeiro contato com o caso foi [&hellip;]\" \/>\n<meta property=\"og:url\" content=\"https:\/\/folhapopular.info\/index.php\/2022\/08\/13\/pedagio-solidario-para-gabriel-de-oliveira-severo-ocorre-hoje-em-teutonia\/\" \/>\n<meta property=\"og:site_name\" content=\"Folha Popular\" \/>\n<meta property=\"article:published_time\" content=\"2022-08-13T17:26:11+00:00\" \/>\n<meta property=\"article:modified_time\" content=\"2022-08-14T12:49:27+00:00\" \/>\n<meta property=\"og:image\" content=\"http:\/\/folhapopular.info\/wp-content\/uploads\/2022\/08\/WhatsApp-Image-2022-08-13-at-14.20.54-e1660411429722.jpeg\" \/>\n\t<meta property=\"og:image:width\" content=\"1200\" \/>\n\t<meta property=\"og:image:height\" content=\"675\" \/>\n\t<meta property=\"og:image:type\" content=\"image\/jpeg\" \/>\n<meta name=\"author\" content=\"Keila Gr\u00e4ff Anhaia\" \/>\n<meta name=\"twitter:card\" content=\"summary_large_image\" \/>\n<meta name=\"twitter:label1\" content=\"Escrito por\" \/>\n\t<meta name=\"twitter:data1\" content=\"Keila Gr\u00e4ff Anhaia\" \/>\n\t<meta name=\"twitter:label2\" content=\"Est. tempo de leitura\" \/>\n\t<meta name=\"twitter:data2\" content=\"2 minutos\" \/>\n<script type=\"application\/ld+json\" class=\"yoast-schema-graph\">{\"@context\":\"https:\\\/\\\/schema.org\",\"@graph\":[{\"@type\":\"Article\",\"@id\":\"https:\\\/\\\/folhapopular.info\\\/index.php\\\/2022\\\/08\\\/13\\\/pedagio-solidario-para-gabriel-de-oliveira-severo-ocorre-hoje-em-teutonia\\\/#article\",\"isPartOf\":{\"@id\":\"https:\\\/\\\/folhapopular.info\\\/index.php\\\/2022\\\/08\\\/13\\\/pedagio-solidario-para-gabriel-de-oliveira-severo-ocorre-hoje-em-teutonia\\\/\"},\"author\":{\"name\":\"Keila Gr\u00e4ff Anhaia\",\"@id\":\"https:\\\/\\\/folhapopular.info\\\/#\\\/schema\\\/person\\\/9a5695747e1046d5fac310c552cf6260\"},\"headline\":\"Volunt\u00e1rios realizam Ped\u00e1gio Solid\u00e1rio para Gabriel de Oliveira Severo em Teut\u00f4nia\",\"datePublished\":\"2022-08-13T17:26:11+00:00\",\"dateModified\":\"2022-08-14T12:49:27+00:00\",\"mainEntityOfPage\":{\"@id\":\"https:\\\/\\\/folhapopular.info\\\/index.php\\\/2022\\\/08\\\/13\\\/pedagio-solidario-para-gabriel-de-oliveira-severo-ocorre-hoje-em-teutonia\\\/\"},\"wordCount\":345,\"commentCount\":0,\"image\":{\"@id\":\"https:\\\/\\\/folhapopular.info\\\/index.php\\\/2022\\\/08\\\/13\\\/pedagio-solidario-para-gabriel-de-oliveira-severo-ocorre-hoje-em-teutonia\\\/#primaryimage\"},\"thumbnailUrl\":\"https:\\\/\\\/folhapopular.info\\\/wp-content\\\/uploads\\\/2022\\\/08\\\/WhatsApp-Image-2022-08-13-at-14.20.54-e1660411429722.jpeg\",\"keywords\":[\"Comunidade\",\"Ped\u00e1gio Solid\u00e1rio\",\"Teut\u00f4nia\",\"Volunt\u00e1rios\"],\"articleSection\":[\"Destaques\",\"Geral\"],\"inLanguage\":\"pt-BR\",\"potentialAction\":[{\"@type\":\"CommentAction\",\"name\":\"Comment\",\"target\":[\"https:\\\/\\\/folhapopular.info\\\/index.php\\\/2022\\\/08\\\/13\\\/pedagio-solidario-para-gabriel-de-oliveira-severo-ocorre-hoje-em-teutonia\\\/#respond\"]}]},{\"@type\":\"WebPage\",\"@id\":\"https:\\\/\\\/folhapopular.info\\\/index.php\\\/2022\\\/08\\\/13\\\/pedagio-solidario-para-gabriel-de-oliveira-severo-ocorre-hoje-em-teutonia\\\/\",\"url\":\"https:\\\/\\\/folhapopular.info\\\/index.php\\\/2022\\\/08\\\/13\\\/pedagio-solidario-para-gabriel-de-oliveira-severo-ocorre-hoje-em-teutonia\\\/\",\"name\":\"Volunt\u00e1rios realizam Ped\u00e1gio Solid\u00e1rio para Gabriel de Oliveira Severo em Teut\u00f4nia - Folha Popular\",\"isPartOf\":{\"@id\":\"https:\\\/\\\/folhapopular.info\\\/#website\"},\"primaryImageOfPage\":{\"@id\":\"https:\\\/\\\/folhapopular.info\\\/index.php\\\/2022\\\/08\\\/13\\\/pedagio-solidario-para-gabriel-de-oliveira-severo-ocorre-hoje-em-teutonia\\\/#primaryimage\"},\"image\":{\"@id\":\"https:\\\/\\\/folhapopular.info\\\/index.php\\\/2022\\\/08\\\/13\\\/pedagio-solidario-para-gabriel-de-oliveira-severo-ocorre-hoje-em-teutonia\\\/#primaryimage\"},\"thumbnailUrl\":\"https:\\\/\\\/folhapopular.info\\\/wp-content\\\/uploads\\\/2022\\\/08\\\/WhatsApp-Image-2022-08-13-at-14.20.54-e1660411429722.jpeg\",\"datePublished\":\"2022-08-13T17:26:11+00:00\",\"dateModified\":\"2022-08-14T12:49:27+00:00\",\"author\":{\"@id\":\"https:\\\/\\\/folhapopular.info\\\/#\\\/schema\\\/person\\\/9a5695747e1046d5fac310c552cf6260\"},\"breadcrumb\":{\"@id\":\"https:\\\/\\\/folhapopular.info\\\/index.php\\\/2022\\\/08\\\/13\\\/pedagio-solidario-para-gabriel-de-oliveira-severo-ocorre-hoje-em-teutonia\\\/#breadcrumb\"},\"inLanguage\":\"pt-BR\",\"potentialAction\":[{\"@type\":\"ReadAction\",\"target\":[\"https:\\\/\\\/folhapopular.info\\\/index.php\\\/2022\\\/08\\\/13\\\/pedagio-solidario-para-gabriel-de-oliveira-severo-ocorre-hoje-em-teutonia\\\/\"]}]},{\"@type\":\"ImageObject\",\"inLanguage\":\"pt-BR\",\"@id\":\"https:\\\/\\\/folhapopular.info\\\/index.php\\\/2022\\\/08\\\/13\\\/pedagio-solidario-para-gabriel-de-oliveira-severo-ocorre-hoje-em-teutonia\\\/#primaryimage\",\"url\":\"https:\\\/\\\/folhapopular.info\\\/wp-content\\\/uploads\\\/2022\\\/08\\\/WhatsApp-Image-2022-08-13-at-14.20.54-e1660411429722.jpeg\",\"contentUrl\":\"https:\\\/\\\/folhapopular.info\\\/wp-content\\\/uploads\\\/2022\\\/08\\\/WhatsApp-Image-2022-08-13-at-14.20.54-e1660411429722.jpeg\",\"width\":1200,\"height\":675,\"caption\":\"Cr\u00e9dito: Keila Gr\u00e4ff Anhia\"},{\"@type\":\"BreadcrumbList\",\"@id\":\"https:\\\/\\\/folhapopular.info\\\/index.php\\\/2022\\\/08\\\/13\\\/pedagio-solidario-para-gabriel-de-oliveira-severo-ocorre-hoje-em-teutonia\\\/#breadcrumb\",\"itemListElement\":[{\"@type\":\"ListItem\",\"position\":1,\"name\":\"In\u00edcio\",\"item\":\"https:\\\/\\\/folhapopular.info\\\/\"},{\"@type\":\"ListItem\",\"position\":2,\"name\":\"Volunt\u00e1rios realizam Ped\u00e1gio Solid\u00e1rio para Gabriel de Oliveira Severo em Teut\u00f4nia\"}]},{\"@type\":\"WebSite\",\"@id\":\"https:\\\/\\\/folhapopular.info\\\/#website\",\"url\":\"https:\\\/\\\/folhapopular.info\\\/\",\"name\":\"Folha Popular\",\"description\":\"Onde voc\u00ea tem vez e voz\",\"potentialAction\":[{\"@type\":\"SearchAction\",\"target\":{\"@type\":\"EntryPoint\",\"urlTemplate\":\"https:\\\/\\\/folhapopular.info\\\/?s={search_term_string}\"},\"query-input\":{\"@type\":\"PropertyValueSpecification\",\"valueRequired\":true,\"valueName\":\"search_term_string\"}}],\"inLanguage\":\"pt-BR\"},{\"@type\":\"Person\",\"@id\":\"https:\\\/\\\/folhapopular.info\\\/#\\\/schema\\\/person\\\/9a5695747e1046d5fac310c552cf6260\",\"name\":\"Keila Gr\u00e4ff Anhaia\",\"image\":{\"@type\":\"ImageObject\",\"inLanguage\":\"pt-BR\",\"@id\":\"https:\\\/\\\/secure.gravatar.com\\\/avatar\\\/498ef5bfb389bc7ded562ad94f835a056e934ab779eb2a595c461a735cf74fba?s=96&d=mm&r=g\",\"url\":\"https:\\\/\\\/secure.gravatar.com\\\/avatar\\\/498ef5bfb389bc7ded562ad94f835a056e934ab779eb2a595c461a735cf74fba?s=96&d=mm&r=g\",\"contentUrl\":\"https:\\\/\\\/secure.gravatar.com\\\/avatar\\\/498ef5bfb389bc7ded562ad94f835a056e934ab779eb2a595c461a735cf74fba?s=96&d=mm&r=g\",\"caption\":\"Keila Gr\u00e4ff Anhaia\"},\"url\":\"https:\\\/\\\/folhapopular.info\\\/index.php\\\/author\\\/graffkeilagmail-com\\\/\"}]}<\/script>\n<!-- \/ Yoast SEO plugin. -->","yoast_head_json":{"title":"Volunt\u00e1rios realizam Ped\u00e1gio Solid\u00e1rio para Gabriel de Oliveira Severo em Teut\u00f4nia - Folha Popular","robots":{"index":"index","follow":"follow","max-snippet":"max-snippet:-1","max-image-preview":"max-image-preview:large","max-video-preview":"max-video-preview:-1"},"canonical":"https:\/\/folhapopular.info\/index.php\/2022\/08\/13\/pedagio-solidario-para-gabriel-de-oliveira-severo-ocorre-hoje-em-teutonia\/","og_locale":"pt_BR","og_type":"article","og_title":"Volunt\u00e1rios realizam Ped\u00e1gio Solid\u00e1rio para Gabriel de Oliveira Severo em Teut\u00f4nia - Folha Popular","og_description":"Um grupo de volunt\u00e1rios realizou neste s\u00e1bado (13\/8) o primeiro ped\u00e1gio solid\u00e1rio a favorde Gabriel de Oliveira Severo. O movimento ocorreu na Rua 3 de Outubro, no BairroLanguiru, pr\u00f3ximo \u00e0 farm\u00e1cia PanVel, das 8h30 as 12h. A volunt\u00e1ria Marciane Santos Moraes foi uma das organizadoras da a\u00e7\u00e3o e conta queprimeiro contato com o caso foi [&hellip;]","og_url":"https:\/\/folhapopular.info\/index.php\/2022\/08\/13\/pedagio-solidario-para-gabriel-de-oliveira-severo-ocorre-hoje-em-teutonia\/","og_site_name":"Folha Popular","article_published_time":"2022-08-13T17:26:11+00:00","article_modified_time":"2022-08-14T12:49:27+00:00","og_image":[{"width":1200,"height":675,"url":"http:\/\/folhapopular.info\/wp-content\/uploads\/2022\/08\/WhatsApp-Image-2022-08-13-at-14.20.54-e1660411429722.jpeg","type":"image\/jpeg"}],"author":"Keila Gr\u00e4ff Anhaia","twitter_card":"summary_large_image","twitter_misc":{"Escrito por":"Keila Gr\u00e4ff Anhaia","Est. tempo de leitura":"2 minutos"},"schema":{"@context":"https:\/\/schema.org","@graph":[{"@type":"Article","@id":"https:\/\/folhapopular.info\/index.php\/2022\/08\/13\/pedagio-solidario-para-gabriel-de-oliveira-severo-ocorre-hoje-em-teutonia\/#article","isPartOf":{"@id":"https:\/\/folhapopular.info\/index.php\/2022\/08\/13\/pedagio-solidario-para-gabriel-de-oliveira-severo-ocorre-hoje-em-teutonia\/"},"author":{"name":"Keila Gr\u00e4ff Anhaia","@id":"https:\/\/folhapopular.info\/#\/schema\/person\/9a5695747e1046d5fac310c552cf6260"},"headline":"Volunt\u00e1rios realizam Ped\u00e1gio Solid\u00e1rio para Gabriel de Oliveira Severo em Teut\u00f4nia","datePublished":"2022-08-13T17:26:11+00:00","dateModified":"2022-08-14T12:49:27+00:00","mainEntityOfPage":{"@id":"https:\/\/folhapopular.info\/index.php\/2022\/08\/13\/pedagio-solidario-para-gabriel-de-oliveira-severo-ocorre-hoje-em-teutonia\/"},"wordCount":345,"commentCount":0,"image":{"@id":"https:\/\/folhapopular.info\/index.php\/2022\/08\/13\/pedagio-solidario-para-gabriel-de-oliveira-severo-ocorre-hoje-em-teutonia\/#primaryimage"},"thumbnailUrl":"https:\/\/folhapopular.info\/wp-content\/uploads\/2022\/08\/WhatsApp-Image-2022-08-13-at-14.20.54-e1660411429722.jpeg","keywords":["Comunidade","Ped\u00e1gio Solid\u00e1rio","Teut\u00f4nia","Volunt\u00e1rios"],"articleSection":["Destaques","Geral"],"inLanguage":"pt-BR","potentialAction":[{"@type":"CommentAction","name":"Comment","target":["https:\/\/folhapopular.info\/index.php\/2022\/08\/13\/pedagio-solidario-para-gabriel-de-oliveira-severo-ocorre-hoje-em-teutonia\/#respond"]}]},{"@type":"WebPage","@id":"https:\/\/folhapopular.info\/index.php\/2022\/08\/13\/pedagio-solidario-para-gabriel-de-oliveira-severo-ocorre-hoje-em-teutonia\/","url":"https:\/\/folhapopular.info\/index.php\/2022\/08\/13\/pedagio-solidario-para-gabriel-de-oliveira-severo-ocorre-hoje-em-teutonia\/","name":"Volunt\u00e1rios realizam Ped\u00e1gio Solid\u00e1rio para Gabriel de Oliveira Severo em Teut\u00f4nia - Folha Popular","isPartOf":{"@id":"https:\/\/folhapopular.info\/#website"},"primaryImageOfPage":{"@id":"https:\/\/folhapopular.info\/index.php\/2022\/08\/13\/pedagio-solidario-para-gabriel-de-oliveira-severo-ocorre-hoje-em-teutonia\/#primaryimage"},"image":{"@id":"https:\/\/folhapopular.info\/index.php\/2022\/08\/13\/pedagio-solidario-para-gabriel-de-oliveira-severo-ocorre-hoje-em-teutonia\/#primaryimage"},"thumbnailUrl":"https:\/\/folhapopular.info\/wp-content\/uploads\/2022\/08\/WhatsApp-Image-2022-08-13-at-14.20.54-e1660411429722.jpeg","datePublished":"2022-08-13T17:26:11+00:00","dateModified":"2022-08-14T12:49:27+00:00","author":{"@id":"https:\/\/folhapopular.info\/#\/schema\/person\/9a5695747e1046d5fac310c552cf6260"},"breadcrumb":{"@id":"https:\/\/folhapopular.info\/index.php\/2022\/08\/13\/pedagio-solidario-para-gabriel-de-oliveira-severo-ocorre-hoje-em-teutonia\/#breadcrumb"},"inLanguage":"pt-BR","potentialAction":[{"@type":"ReadAction","target":["https:\/\/folhapopular.info\/index.php\/2022\/08\/13\/pedagio-solidario-para-gabriel-de-oliveira-severo-ocorre-hoje-em-teutonia\/"]}]},{"@type":"ImageObject","inLanguage":"pt-BR","@id":"https:\/\/folhapopular.info\/index.php\/2022\/08\/13\/pedagio-solidario-para-gabriel-de-oliveira-severo-ocorre-hoje-em-teutonia\/#primaryimage","url":"https:\/\/folhapopular.info\/wp-content\/uploads\/2022\/08\/WhatsApp-Image-2022-08-13-at-14.20.54-e1660411429722.jpeg","contentUrl":"https:\/\/folhapopular.info\/wp-content\/uploads\/2022\/08\/WhatsApp-Image-2022-08-13-at-14.20.54-e1660411429722.jpeg","width":1200,"height":675,"caption":"Cr\u00e9dito: Keila Gr\u00e4ff Anhia"},{"@type":"BreadcrumbList","@id":"https:\/\/folhapopular.info\/index.php\/2022\/08\/13\/pedagio-solidario-para-gabriel-de-oliveira-severo-ocorre-hoje-em-teutonia\/#breadcrumb","itemListElement":[{"@type":"ListItem","position":1,"name":"In\u00edcio","item":"https:\/\/folhapopular.info\/"},{"@type":"ListItem","position":2,"name":"Volunt\u00e1rios realizam Ped\u00e1gio Solid\u00e1rio para Gabriel de Oliveira Severo em Teut\u00f4nia"}]},{"@type":"WebSite","@id":"https:\/\/folhapopular.info\/#website","url":"https:\/\/folhapopular.info\/","name":"Folha Popular","description":"Onde voc\u00ea tem vez e voz","potentialAction":[{"@type":"SearchAction","target":{"@type":"EntryPoint","urlTemplate":"https:\/\/folhapopular.info\/?s={search_term_string}"},"query-input":{"@type":"PropertyValueSpecification","valueRequired":true,"valueName":"search_term_string"}}],"inLanguage":"pt-BR"},{"@type":"Person","@id":"https:\/\/folhapopular.info\/#\/schema\/person\/9a5695747e1046d5fac310c552cf6260","name":"Keila Gr\u00e4ff Anhaia","image":{"@type":"ImageObject","inLanguage":"pt-BR","@id":"https:\/\/secure.gravatar.com\/avatar\/498ef5bfb389bc7ded562ad94f835a056e934ab779eb2a595c461a735cf74fba?s=96&d=mm&r=g","url":"https:\/\/secure.gravatar.com\/avatar\/498ef5bfb389bc7ded562ad94f835a056e934ab779eb2a595c461a735cf74fba?s=96&d=mm&r=g","contentUrl":"https:\/\/secure.gravatar.com\/avatar\/498ef5bfb389bc7ded562ad94f835a056e934ab779eb2a595c461a735cf74fba?s=96&d=mm&r=g","caption":"Keila Gr\u00e4ff Anhaia"},"url":"https:\/\/folhapopular.info\/index.php\/author\/graffkeilagmail-com\/"}]}},"jetpack_featured_media_url":"https:\/\/folhapopular.info\/wp-content\/uploads\/2022\/08\/WhatsApp-Image-2022-08-13-at-14.20.54-e1660411429722.jpeg","jetpack_sharing_enabled":true,"amp_enabled":true,"_links":{"self":[{"href":"https:\/\/folhapopular.info\/index.php\/wp-json\/wp\/v2\/posts\/110688","targetHints":{"allow":["GET"]}}],"collection":[{"href":"https:\/\/folhapopular.info\/index.php\/wp-json\/wp\/v2\/posts"}],"about":[{"href":"https:\/\/folhapopular.info\/index.php\/wp-json\/wp\/v2\/types\/post"}],"author":[{"embeddable":true,"href":"https:\/\/folhapopular.info\/index.php\/wp-json\/wp\/v2\/users\/636"}],"replies":[{"embeddable":true,"href":"https:\/\/folhapopular.info\/index.php\/wp-json\/wp\/v2\/comments?post=110688"}],"version-history":[{"count":0,"href":"https:\/\/folhapopular.info\/index.php\/wp-json\/wp\/v2\/posts\/110688\/revisions"}],"wp:featuredmedia":[{"embeddable":true,"href":"https:\/\/folhapopular.info\/index.php\/wp-json\/wp\/v2\/media\/110689"}],"wp:attachment":[{"href":"https:\/\/folhapopular.info\/index.php\/wp-json\/wp\/v2\/media?parent=110688"}],"wp:term":[{"taxonomy":"category","embeddable":true,"href":"https:\/\/folhapopular.info\/index.php\/wp-json\/wp\/v2\/categories?post=110688"},{"taxonomy":"post_tag","embeddable":true,"href":"https:\/\/folhapopular.info\/index.php\/wp-json\/wp\/v2\/tags?post=110688"}],"curies":[{"name":"wp","href":"https:\/\/api.w.org\/{rel}","templated":true}]}}