{"id":110711,"date":"2022-08-14T15:00:00","date_gmt":"2022-08-14T18:00:00","guid":{"rendered":"https:\/\/folhapopular.info\/?p=110711"},"modified":"2022-08-14T18:34:28","modified_gmt":"2022-08-14T21:34:28","slug":"cafe-colonial-da-familia-foi-sucesso-em-teutonia","status":"publish","type":"post","link":"https:\/\/folhapopular.info\/index.php\/2022\/08\/14\/cafe-colonial-da-familia-foi-sucesso-em-teutonia\/","title":{"rendered":"Caf\u00e9 Colonial da Fam\u00edlia foi sucesso em Teut\u00f4nia"},"content":{"rendered":"\n<p>O Lions Clube Teut\u00f4nia promoveu sexta-feira (12\/8), na Comunidade Cat\u00f3lica Cristo Rei do Bairro Languiru, o Caf\u00e9 Colonial da Fam\u00edlia. Evento teve presen\u00e7a de pessoas de todas as idades: idosos, adultos, jovens e crian\u00e7as. Um total de 350 cart\u00f5es foram vendidos. O lucro ser\u00e1 repassado para entidades assistenciais.<\/p>\n\n\n\n<p>C\u00e9sar Klein animou a noite festiva, e a alimenta\u00e7\u00e3o ficou a cargo da Padaria Giru. Alguns brindes tamb\u00e9m foram distribu\u00eddos, como por exemplo, a Maria Isabel Schaeffer, com 88 anos, a pessoa mais idosa presente ao evento.<\/p>\n\n\n\n<p>A presidente do Lions Clube, Rosana Schneider R\u00fchrwiem, estava muito feliz, porque os elogios do p\u00fablico foram constantes. Agradeceu as presen\u00e7as, o empenho de todos Companheiros de Lions, assim como o apoio comunit\u00e1rio.<\/p>\n\n\n\n<p>Pessoas formaram grupos para prestigiar o evento, como por exemplo, Lions de Lajeado e Estrela, funcion\u00e1rios da Prefeitura, e funcion\u00e1rios e familiares do Sicredi.<\/p>\n\n\n\n<figure class=\"wp-block-gallery has-nested-images columns-default is-cropped wp-block-gallery-1 is-layout-flex wp-block-gallery-is-layout-flex\">\n<figure class=\"wp-block-image size-large\"><img loading=\"lazy\" decoding=\"async\" width=\"900\" height=\"1600\" data-id=\"110716\" src=\"https:\/\/folhapopular.info\/wp-content\/uploads\/2022\/08\/WhatsApp-Image-2022-08-14-at-16.18.53.jpeg\" alt=\"\" class=\"wp-image-110716\" srcset=\"https:\/\/folhapopular.info\/wp-content\/uploads\/2022\/08\/WhatsApp-Image-2022-08-14-at-16.18.53.jpeg 900w, https:\/\/folhapopular.info\/wp-content\/uploads\/2022\/08\/WhatsApp-Image-2022-08-14-at-16.18.53-169x300.jpeg 169w, https:\/\/folhapopular.info\/wp-content\/uploads\/2022\/08\/WhatsApp-Image-2022-08-14-at-16.18.53-576x1024.jpeg 576w, https:\/\/folhapopular.info\/wp-content\/uploads\/2022\/08\/WhatsApp-Image-2022-08-14-at-16.18.53-768x1365.jpeg 768w, https:\/\/folhapopular.info\/wp-content\/uploads\/2022\/08\/WhatsApp-Image-2022-08-14-at-16.18.53-864x1536.jpeg 864w, https:\/\/folhapopular.info\/wp-content\/uploads\/2022\/08\/WhatsApp-Image-2022-08-14-at-16.18.53-696x1237.jpeg 696w\" sizes=\"auto, (max-width: 900px) 100vw, 900px\" \/><figcaption>Maria Isabel Schaeffer (d), esbanjando sa\u00fade \/\/ Cr\u00e9dito: Divulga\u00e7\u00e3o<\/figcaption><\/figure>\n\n\n\n<figure class=\"wp-block-image size-large\"><img loading=\"lazy\" decoding=\"async\" width=\"1152\" height=\"648\" data-id=\"110715\" src=\"https:\/\/folhapopular.info\/wp-content\/uploads\/2022\/08\/WhatsApp-Image-2022-08-14-at-16.20.12.jpeg\" alt=\"\" class=\"wp-image-110715\" srcset=\"https:\/\/folhapopular.info\/wp-content\/uploads\/2022\/08\/WhatsApp-Image-2022-08-14-at-16.20.12.jpeg 1152w, https:\/\/folhapopular.info\/wp-content\/uploads\/2022\/08\/WhatsApp-Image-2022-08-14-at-16.20.12-300x169.jpeg 300w, https:\/\/folhapopular.info\/wp-content\/uploads\/2022\/08\/WhatsApp-Image-2022-08-14-at-16.20.12-1024x576.jpeg 1024w, https:\/\/folhapopular.info\/wp-content\/uploads\/2022\/08\/WhatsApp-Image-2022-08-14-at-16.20.12-768x432.jpeg 768w, https:\/\/folhapopular.info\/wp-content\/uploads\/2022\/08\/WhatsApp-Image-2022-08-14-at-16.20.12-696x392.jpeg 696w, https:\/\/folhapopular.info\/wp-content\/uploads\/2022\/08\/WhatsApp-Image-2022-08-14-at-16.20.12-1068x601.jpeg 1068w\" sizes=\"auto, (max-width: 1152px) 100vw, 1152px\" \/><figcaption>Bonita integra\u00e7\u00e3o comunit\u00e1ria \/\/ Cr\u00e9dito: Divulga\u00e7\u00e3o<\/figcaption><\/figure>\n<\/figure>\n\n\n\n<figure class=\"wp-block-image size-large\"><img loading=\"lazy\" decoding=\"async\" width=\"1024\" height=\"768\" src=\"https:\/\/folhapopular.info\/wp-content\/uploads\/2022\/08\/WhatsApp-Image-2022-08-14-at-16.24.05-1024x768.jpeg\" alt=\"\" class=\"wp-image-110714\" srcset=\"https:\/\/folhapopular.info\/wp-content\/uploads\/2022\/08\/WhatsApp-Image-2022-08-14-at-16.24.05-1024x768.jpeg 1024w, https:\/\/folhapopular.info\/wp-content\/uploads\/2022\/08\/WhatsApp-Image-2022-08-14-at-16.24.05-300x225.jpeg 300w, https:\/\/folhapopular.info\/wp-content\/uploads\/2022\/08\/WhatsApp-Image-2022-08-14-at-16.24.05-768x576.jpeg 768w, https:\/\/folhapopular.info\/wp-content\/uploads\/2022\/08\/WhatsApp-Image-2022-08-14-at-16.24.05-1536x1153.jpeg 1536w, https:\/\/folhapopular.info\/wp-content\/uploads\/2022\/08\/WhatsApp-Image-2022-08-14-at-16.24.05-696x522.jpeg 696w, https:\/\/folhapopular.info\/wp-content\/uploads\/2022\/08\/WhatsApp-Image-2022-08-14-at-16.24.05-1068x802.jpeg 1068w, https:\/\/folhapopular.info\/wp-content\/uploads\/2022\/08\/WhatsApp-Image-2022-08-14-at-16.24.05.jpeg 1599w\" sizes=\"auto, (max-width: 1024px) 100vw, 1024px\" \/><figcaption>Parte da equipe Lions que atuou para o sucesso do evento \/\/ Cr\u00e9dito: Divulga\u00e7\u00e3o<\/figcaption><\/figure>\n","protected":false},"excerpt":{"rendered":"<p>O Lions Clube Teut\u00f4nia promoveu sexta-feira (12\/8), na Comunidade Cat\u00f3lica Cristo Rei do Bairro Languiru, o Caf\u00e9 Colonial da Fam\u00edlia. Evento teve presen\u00e7a de pessoas de todas as idades: idosos, adultos, jovens e crian\u00e7as. Um total de 350 cart\u00f5es foram vendidos. O lucro ser\u00e1 repassado para entidades assistenciais. C\u00e9sar Klein animou a noite festiva, e [&hellip;]<\/p>\n","protected":false},"author":8,"featured_media":110718,"comment_status":"open","ping_status":"open","sticky":false,"template":"","format":"standard","meta":{"pmpro_default_level":"","_jetpack_memberships_contains_paid_content":false,"footnotes":""},"categories":[2,3],"tags":[26],"class_list":{"0":"post-110711","1":"post","2":"type-post","3":"status-publish","4":"format-standard","5":"has-post-thumbnail","7":"category-featured","8":"category-geral","9":"tag-teutonia","10":"pmpro-has-access"},"yoast_head":"<!-- This site is optimized with the Yoast SEO plugin v27.5 - https:\/\/yoast.com\/product\/yoast-seo-wordpress\/ -->\n<title>Caf\u00e9 Colonial da Fam\u00edlia foi sucesso em Teut\u00f4nia - Folha Popular<\/title>\n<meta name=\"robots\" content=\"index, follow, max-snippet:-1, max-image-preview:large, max-video-preview:-1\" \/>\n<link rel=\"canonical\" href=\"https:\/\/folhapopular.info\/index.php\/2022\/08\/14\/cafe-colonial-da-familia-foi-sucesso-em-teutonia\/\" \/>\n<meta property=\"og:locale\" content=\"pt_BR\" \/>\n<meta property=\"og:type\" content=\"article\" \/>\n<meta property=\"og:title\" content=\"Caf\u00e9 Colonial da Fam\u00edlia foi sucesso em Teut\u00f4nia - Folha Popular\" \/>\n<meta property=\"og:description\" content=\"O Lions Clube Teut\u00f4nia promoveu sexta-feira (12\/8), na Comunidade Cat\u00f3lica Cristo Rei do Bairro Languiru, o Caf\u00e9 Colonial da Fam\u00edlia. Evento teve presen\u00e7a de pessoas de todas as idades: idosos, adultos, jovens e crian\u00e7as. Um total de 350 cart\u00f5es foram vendidos. O lucro ser\u00e1 repassado para entidades assistenciais. C\u00e9sar Klein animou a noite festiva, e [&hellip;]\" \/>\n<meta property=\"og:url\" content=\"https:\/\/folhapopular.info\/index.php\/2022\/08\/14\/cafe-colonial-da-familia-foi-sucesso-em-teutonia\/\" \/>\n<meta property=\"og:site_name\" content=\"Folha Popular\" \/>\n<meta property=\"article:published_time\" content=\"2022-08-14T18:00:00+00:00\" \/>\n<meta property=\"article:modified_time\" content=\"2022-08-14T21:34:28+00:00\" \/>\n<meta property=\"og:image\" content=\"http:\/\/folhapopular.info\/wp-content\/uploads\/2022\/08\/WhatsApp-Image-2022-08-14-at-16.22.08.jpeg\" \/>\n\t<meta property=\"og:image:width\" content=\"1152\" \/>\n\t<meta property=\"og:image:height\" content=\"648\" \/>\n\t<meta property=\"og:image:type\" content=\"image\/jpeg\" \/>\n<meta name=\"author\" content=\"Reda\u00e7\u00e3o Folha Popular\" \/>\n<meta name=\"twitter:card\" content=\"summary_large_image\" \/>\n<meta name=\"twitter:label1\" content=\"Escrito por\" \/>\n\t<meta name=\"twitter:data1\" content=\"Reda\u00e7\u00e3o Folha Popular\" \/>\n\t<meta name=\"twitter:label2\" content=\"Est. tempo de leitura\" \/>\n\t<meta name=\"twitter:data2\" content=\"2 minutos\" \/>\n<script type=\"application\/ld+json\" class=\"yoast-schema-graph\">{\"@context\":\"https:\\\/\\\/schema.org\",\"@graph\":[{\"@type\":\"Article\",\"@id\":\"https:\\\/\\\/folhapopular.info\\\/index.php\\\/2022\\\/08\\\/14\\\/cafe-colonial-da-familia-foi-sucesso-em-teutonia\\\/#article\",\"isPartOf\":{\"@id\":\"https:\\\/\\\/folhapopular.info\\\/index.php\\\/2022\\\/08\\\/14\\\/cafe-colonial-da-familia-foi-sucesso-em-teutonia\\\/\"},\"author\":{\"name\":\"Reda\u00e7\u00e3o Folha Popular\",\"@id\":\"https:\\\/\\\/folhapopular.info\\\/#\\\/schema\\\/person\\\/2814e8a0df7643585a9ca38bc6eb9d4b\"},\"headline\":\"Caf\u00e9 Colonial da Fam\u00edlia foi sucesso em Teut\u00f4nia\",\"datePublished\":\"2022-08-14T18:00:00+00:00\",\"dateModified\":\"2022-08-14T21:34:28+00:00\",\"mainEntityOfPage\":{\"@id\":\"https:\\\/\\\/folhapopular.info\\\/index.php\\\/2022\\\/08\\\/14\\\/cafe-colonial-da-familia-foi-sucesso-em-teutonia\\\/\"},\"wordCount\":200,\"commentCount\":0,\"image\":{\"@id\":\"https:\\\/\\\/folhapopular.info\\\/index.php\\\/2022\\\/08\\\/14\\\/cafe-colonial-da-familia-foi-sucesso-em-teutonia\\\/#primaryimage\"},\"thumbnailUrl\":\"https:\\\/\\\/folhapopular.info\\\/wp-content\\\/uploads\\\/2022\\\/08\\\/WhatsApp-Image-2022-08-14-at-16.22.08.jpeg\",\"keywords\":[\"Teut\u00f4nia\"],\"articleSection\":[\"Destaques\",\"Geral\"],\"inLanguage\":\"pt-BR\",\"potentialAction\":[{\"@type\":\"CommentAction\",\"name\":\"Comment\",\"target\":[\"https:\\\/\\\/folhapopular.info\\\/index.php\\\/2022\\\/08\\\/14\\\/cafe-colonial-da-familia-foi-sucesso-em-teutonia\\\/#respond\"]}]},{\"@type\":\"WebPage\",\"@id\":\"https:\\\/\\\/folhapopular.info\\\/index.php\\\/2022\\\/08\\\/14\\\/cafe-colonial-da-familia-foi-sucesso-em-teutonia\\\/\",\"url\":\"https:\\\/\\\/folhapopular.info\\\/index.php\\\/2022\\\/08\\\/14\\\/cafe-colonial-da-familia-foi-sucesso-em-teutonia\\\/\",\"name\":\"Caf\u00e9 Colonial da Fam\u00edlia foi sucesso em Teut\u00f4nia - Folha Popular\",\"isPartOf\":{\"@id\":\"https:\\\/\\\/folhapopular.info\\\/#website\"},\"primaryImageOfPage\":{\"@id\":\"https:\\\/\\\/folhapopular.info\\\/index.php\\\/2022\\\/08\\\/14\\\/cafe-colonial-da-familia-foi-sucesso-em-teutonia\\\/#primaryimage\"},\"image\":{\"@id\":\"https:\\\/\\\/folhapopular.info\\\/index.php\\\/2022\\\/08\\\/14\\\/cafe-colonial-da-familia-foi-sucesso-em-teutonia\\\/#primaryimage\"},\"thumbnailUrl\":\"https:\\\/\\\/folhapopular.info\\\/wp-content\\\/uploads\\\/2022\\\/08\\\/WhatsApp-Image-2022-08-14-at-16.22.08.jpeg\",\"datePublished\":\"2022-08-14T18:00:00+00:00\",\"dateModified\":\"2022-08-14T21:34:28+00:00\",\"author\":{\"@id\":\"https:\\\/\\\/folhapopular.info\\\/#\\\/schema\\\/person\\\/2814e8a0df7643585a9ca38bc6eb9d4b\"},\"breadcrumb\":{\"@id\":\"https:\\\/\\\/folhapopular.info\\\/index.php\\\/2022\\\/08\\\/14\\\/cafe-colonial-da-familia-foi-sucesso-em-teutonia\\\/#breadcrumb\"},\"inLanguage\":\"pt-BR\",\"potentialAction\":[{\"@type\":\"ReadAction\",\"target\":[\"https:\\\/\\\/folhapopular.info\\\/index.php\\\/2022\\\/08\\\/14\\\/cafe-colonial-da-familia-foi-sucesso-em-teutonia\\\/\"]}]},{\"@type\":\"ImageObject\",\"inLanguage\":\"pt-BR\",\"@id\":\"https:\\\/\\\/folhapopular.info\\\/index.php\\\/2022\\\/08\\\/14\\\/cafe-colonial-da-familia-foi-sucesso-em-teutonia\\\/#primaryimage\",\"url\":\"https:\\\/\\\/folhapopular.info\\\/wp-content\\\/uploads\\\/2022\\\/08\\\/WhatsApp-Image-2022-08-14-at-16.22.08.jpeg\",\"contentUrl\":\"https:\\\/\\\/folhapopular.info\\\/wp-content\\\/uploads\\\/2022\\\/08\\\/WhatsApp-Image-2022-08-14-at-16.22.08.jpeg\",\"width\":1152,\"height\":648,\"caption\":\"P\u00fablico prestigiou a programa\u00e7\u00e3o do Lions \\\/\\\/ Cr\u00e9dito: Divulga\u00e7\u00e3o\"},{\"@type\":\"BreadcrumbList\",\"@id\":\"https:\\\/\\\/folhapopular.info\\\/index.php\\\/2022\\\/08\\\/14\\\/cafe-colonial-da-familia-foi-sucesso-em-teutonia\\\/#breadcrumb\",\"itemListElement\":[{\"@type\":\"ListItem\",\"position\":1,\"name\":\"In\u00edcio\",\"item\":\"https:\\\/\\\/folhapopular.info\\\/\"},{\"@type\":\"ListItem\",\"position\":2,\"name\":\"Caf\u00e9 Colonial da Fam\u00edlia foi sucesso em Teut\u00f4nia\"}]},{\"@type\":\"WebSite\",\"@id\":\"https:\\\/\\\/folhapopular.info\\\/#website\",\"url\":\"https:\\\/\\\/folhapopular.info\\\/\",\"name\":\"Folha Popular\",\"description\":\"Onde voc\u00ea tem vez e voz\",\"potentialAction\":[{\"@type\":\"SearchAction\",\"target\":{\"@type\":\"EntryPoint\",\"urlTemplate\":\"https:\\\/\\\/folhapopular.info\\\/?s={search_term_string}\"},\"query-input\":{\"@type\":\"PropertyValueSpecification\",\"valueRequired\":true,\"valueName\":\"search_term_string\"}}],\"inLanguage\":\"pt-BR\"},{\"@type\":\"Person\",\"@id\":\"https:\\\/\\\/folhapopular.info\\\/#\\\/schema\\\/person\\\/2814e8a0df7643585a9ca38bc6eb9d4b\",\"name\":\"Reda\u00e7\u00e3o Folha Popular\",\"image\":{\"@type\":\"ImageObject\",\"inLanguage\":\"pt-BR\",\"@id\":\"https:\\\/\\\/folhapopular.info\\\/wp-content\\\/uploads\\\/2026\\\/04\\\/Folha-1.webp\",\"url\":\"https:\\\/\\\/folhapopular.info\\\/wp-content\\\/uploads\\\/2026\\\/04\\\/Folha-1.webp\",\"contentUrl\":\"https:\\\/\\\/folhapopular.info\\\/wp-content\\\/uploads\\\/2026\\\/04\\\/Folha-1.webp\",\"caption\":\"Reda\u00e7\u00e3o Folha Popular\"},\"url\":\"https:\\\/\\\/folhapopular.info\\\/index.php\\\/author\\\/redacao\\\/\"}]}<\/script>\n<!-- \/ Yoast SEO plugin. -->","yoast_head_json":{"title":"Caf\u00e9 Colonial da Fam\u00edlia foi sucesso em Teut\u00f4nia - Folha Popular","robots":{"index":"index","follow":"follow","max-snippet":"max-snippet:-1","max-image-preview":"max-image-preview:large","max-video-preview":"max-video-preview:-1"},"canonical":"https:\/\/folhapopular.info\/index.php\/2022\/08\/14\/cafe-colonial-da-familia-foi-sucesso-em-teutonia\/","og_locale":"pt_BR","og_type":"article","og_title":"Caf\u00e9 Colonial da Fam\u00edlia foi sucesso em Teut\u00f4nia - Folha Popular","og_description":"O Lions Clube Teut\u00f4nia promoveu sexta-feira (12\/8), na Comunidade Cat\u00f3lica Cristo Rei do Bairro Languiru, o Caf\u00e9 Colonial da Fam\u00edlia. Evento teve presen\u00e7a de pessoas de todas as idades: idosos, adultos, jovens e crian\u00e7as. Um total de 350 cart\u00f5es foram vendidos. O lucro ser\u00e1 repassado para entidades assistenciais. C\u00e9sar Klein animou a noite festiva, e [&hellip;]","og_url":"https:\/\/folhapopular.info\/index.php\/2022\/08\/14\/cafe-colonial-da-familia-foi-sucesso-em-teutonia\/","og_site_name":"Folha Popular","article_published_time":"2022-08-14T18:00:00+00:00","article_modified_time":"2022-08-14T21:34:28+00:00","og_image":[{"width":1152,"height":648,"url":"http:\/\/folhapopular.info\/wp-content\/uploads\/2022\/08\/WhatsApp-Image-2022-08-14-at-16.22.08.jpeg","type":"image\/jpeg"}],"author":"Reda\u00e7\u00e3o Folha Popular","twitter_card":"summary_large_image","twitter_misc":{"Escrito por":"Reda\u00e7\u00e3o Folha Popular","Est. tempo de leitura":"2 minutos"},"schema":{"@context":"https:\/\/schema.org","@graph":[{"@type":"Article","@id":"https:\/\/folhapopular.info\/index.php\/2022\/08\/14\/cafe-colonial-da-familia-foi-sucesso-em-teutonia\/#article","isPartOf":{"@id":"https:\/\/folhapopular.info\/index.php\/2022\/08\/14\/cafe-colonial-da-familia-foi-sucesso-em-teutonia\/"},"author":{"name":"Reda\u00e7\u00e3o Folha Popular","@id":"https:\/\/folhapopular.info\/#\/schema\/person\/2814e8a0df7643585a9ca38bc6eb9d4b"},"headline":"Caf\u00e9 Colonial da Fam\u00edlia foi sucesso em Teut\u00f4nia","datePublished":"2022-08-14T18:00:00+00:00","dateModified":"2022-08-14T21:34:28+00:00","mainEntityOfPage":{"@id":"https:\/\/folhapopular.info\/index.php\/2022\/08\/14\/cafe-colonial-da-familia-foi-sucesso-em-teutonia\/"},"wordCount":200,"commentCount":0,"image":{"@id":"https:\/\/folhapopular.info\/index.php\/2022\/08\/14\/cafe-colonial-da-familia-foi-sucesso-em-teutonia\/#primaryimage"},"thumbnailUrl":"https:\/\/folhapopular.info\/wp-content\/uploads\/2022\/08\/WhatsApp-Image-2022-08-14-at-16.22.08.jpeg","keywords":["Teut\u00f4nia"],"articleSection":["Destaques","Geral"],"inLanguage":"pt-BR","potentialAction":[{"@type":"CommentAction","name":"Comment","target":["https:\/\/folhapopular.info\/index.php\/2022\/08\/14\/cafe-colonial-da-familia-foi-sucesso-em-teutonia\/#respond"]}]},{"@type":"WebPage","@id":"https:\/\/folhapopular.info\/index.php\/2022\/08\/14\/cafe-colonial-da-familia-foi-sucesso-em-teutonia\/","url":"https:\/\/folhapopular.info\/index.php\/2022\/08\/14\/cafe-colonial-da-familia-foi-sucesso-em-teutonia\/","name":"Caf\u00e9 Colonial da Fam\u00edlia foi sucesso em Teut\u00f4nia - Folha Popular","isPartOf":{"@id":"https:\/\/folhapopular.info\/#website"},"primaryImageOfPage":{"@id":"https:\/\/folhapopular.info\/index.php\/2022\/08\/14\/cafe-colonial-da-familia-foi-sucesso-em-teutonia\/#primaryimage"},"image":{"@id":"https:\/\/folhapopular.info\/index.php\/2022\/08\/14\/cafe-colonial-da-familia-foi-sucesso-em-teutonia\/#primaryimage"},"thumbnailUrl":"https:\/\/folhapopular.info\/wp-content\/uploads\/2022\/08\/WhatsApp-Image-2022-08-14-at-16.22.08.jpeg","datePublished":"2022-08-14T18:00:00+00:00","dateModified":"2022-08-14T21:34:28+00:00","author":{"@id":"https:\/\/folhapopular.info\/#\/schema\/person\/2814e8a0df7643585a9ca38bc6eb9d4b"},"breadcrumb":{"@id":"https:\/\/folhapopular.info\/index.php\/2022\/08\/14\/cafe-colonial-da-familia-foi-sucesso-em-teutonia\/#breadcrumb"},"inLanguage":"pt-BR","potentialAction":[{"@type":"ReadAction","target":["https:\/\/folhapopular.info\/index.php\/2022\/08\/14\/cafe-colonial-da-familia-foi-sucesso-em-teutonia\/"]}]},{"@type":"ImageObject","inLanguage":"pt-BR","@id":"https:\/\/folhapopular.info\/index.php\/2022\/08\/14\/cafe-colonial-da-familia-foi-sucesso-em-teutonia\/#primaryimage","url":"https:\/\/folhapopular.info\/wp-content\/uploads\/2022\/08\/WhatsApp-Image-2022-08-14-at-16.22.08.jpeg","contentUrl":"https:\/\/folhapopular.info\/wp-content\/uploads\/2022\/08\/WhatsApp-Image-2022-08-14-at-16.22.08.jpeg","width":1152,"height":648,"caption":"P\u00fablico prestigiou a programa\u00e7\u00e3o do Lions \/\/ Cr\u00e9dito: Divulga\u00e7\u00e3o"},{"@type":"BreadcrumbList","@id":"https:\/\/folhapopular.info\/index.php\/2022\/08\/14\/cafe-colonial-da-familia-foi-sucesso-em-teutonia\/#breadcrumb","itemListElement":[{"@type":"ListItem","position":1,"name":"In\u00edcio","item":"https:\/\/folhapopular.info\/"},{"@type":"ListItem","position":2,"name":"Caf\u00e9 Colonial da Fam\u00edlia foi sucesso em Teut\u00f4nia"}]},{"@type":"WebSite","@id":"https:\/\/folhapopular.info\/#website","url":"https:\/\/folhapopular.info\/","name":"Folha Popular","description":"Onde voc\u00ea tem vez e voz","potentialAction":[{"@type":"SearchAction","target":{"@type":"EntryPoint","urlTemplate":"https:\/\/folhapopular.info\/?s={search_term_string}"},"query-input":{"@type":"PropertyValueSpecification","valueRequired":true,"valueName":"search_term_string"}}],"inLanguage":"pt-BR"},{"@type":"Person","@id":"https:\/\/folhapopular.info\/#\/schema\/person\/2814e8a0df7643585a9ca38bc6eb9d4b","name":"Reda\u00e7\u00e3o Folha Popular","image":{"@type":"ImageObject","inLanguage":"pt-BR","@id":"https:\/\/folhapopular.info\/wp-content\/uploads\/2026\/04\/Folha-1.webp","url":"https:\/\/folhapopular.info\/wp-content\/uploads\/2026\/04\/Folha-1.webp","contentUrl":"https:\/\/folhapopular.info\/wp-content\/uploads\/2026\/04\/Folha-1.webp","caption":"Reda\u00e7\u00e3o Folha Popular"},"url":"https:\/\/folhapopular.info\/index.php\/author\/redacao\/"}]}},"jetpack_featured_media_url":"https:\/\/folhapopular.info\/wp-content\/uploads\/2022\/08\/WhatsApp-Image-2022-08-14-at-16.22.08.jpeg","jetpack_sharing_enabled":true,"amp_enabled":true,"_links":{"self":[{"href":"https:\/\/folhapopular.info\/index.php\/wp-json\/wp\/v2\/posts\/110711","targetHints":{"allow":["GET"]}}],"collection":[{"href":"https:\/\/folhapopular.info\/index.php\/wp-json\/wp\/v2\/posts"}],"about":[{"href":"https:\/\/folhapopular.info\/index.php\/wp-json\/wp\/v2\/types\/post"}],"author":[{"embeddable":true,"href":"https:\/\/folhapopular.info\/index.php\/wp-json\/wp\/v2\/users\/8"}],"replies":[{"embeddable":true,"href":"https:\/\/folhapopular.info\/index.php\/wp-json\/wp\/v2\/comments?post=110711"}],"version-history":[{"count":0,"href":"https:\/\/folhapopular.info\/index.php\/wp-json\/wp\/v2\/posts\/110711\/revisions"}],"wp:featuredmedia":[{"embeddable":true,"href":"https:\/\/folhapopular.info\/index.php\/wp-json\/wp\/v2\/media\/110718"}],"wp:attachment":[{"href":"https:\/\/folhapopular.info\/index.php\/wp-json\/wp\/v2\/media?parent=110711"}],"wp:term":[{"taxonomy":"category","embeddable":true,"href":"https:\/\/folhapopular.info\/index.php\/wp-json\/wp\/v2\/categories?post=110711"},{"taxonomy":"post_tag","embeddable":true,"href":"https:\/\/folhapopular.info\/index.php\/wp-json\/wp\/v2\/tags?post=110711"}],"curies":[{"name":"wp","href":"https:\/\/api.w.org\/{rel}","templated":true}]}}