{"id":110740,"date":"2022-08-15T10:25:12","date_gmt":"2022-08-15T13:25:12","guid":{"rendered":"https:\/\/folhapopular.info\/?p=110740"},"modified":"2022-08-15T10:31:20","modified_gmt":"2022-08-15T13:31:20","slug":"pesquisadora-lajeadense-realiza-estudos-pioneiros-na-antartica-e-na-patagonia","status":"publish","type":"post","link":"https:\/\/folhapopular.info\/index.php\/2022\/08\/15\/pesquisadora-lajeadense-realiza-estudos-pioneiros-na-antartica-e-na-patagonia\/","title":{"rendered":"Pesquisadora lajeadense realiza estudos pioneiros na Ant\u00e1rtica e na Patag\u00f4nia\u00a0"},"content":{"rendered":"\n<p>Paisagens de tirar o f\u00f4lego e ricas em hist\u00f3ria sobre o passado da Terra s\u00e3o, atualmente, companhia constante da paleont\u00f3loga lajeadense Joseline Manfroi, graduada em Ci\u00eancias Biol\u00f3gicas pela<a href=\"http:\/\/www.univates.br\/\" target=\"_blank\" rel=\"noreferrer noopener\"> <\/a>Universidade do Vale do Taquari &#8211; Univates<a href=\"http:\/\/www.univates.br\/\" target=\"_blank\" rel=\"noreferrer noopener\"> <\/a>e doutora pelo Programa de P\u00f3s-Gradua\u00e7\u00e3o em Ambiente e Desenvolvimento (PPGAD). <\/p>\n\n\n\n<p>No momento, a pesquisadora lidera estudos sobre paleoinc\u00eandios e mudan\u00e7as clim\u00e1ticas na Ant\u00e1rtica e na Patag\u00f4nia no Instituto Ant\u00e1rtico Chileno (Inach), em Punta Arenas, cidade que \u00e9 considerada a porta de entrada para a Ant\u00e1rtica.\u00a0<\/p>\n\n\n\n<p>A cientista foi pioneira nos estudos sobre a ocorr\u00eancia de paleoinc\u00eandios vegetacionais durante o Cret\u00e1ceo nos ambientes austrais da Pen\u00ednsula Ant\u00e1rtica, em um tempo geol\u00f3gico em que o continente atualmente branco e coberto de neve ainda era verde, tomado por grandes florestas e habitado por diversos organismos, entre eles aves, dinossauros e primeiros mam\u00edferos. Esses ambientes eventualmente eram consumidos pelo fogo, assim como ocorre em muitas partes do globo na atualidade.<\/p>\n\n\n\n<p>Os estudos desenvolvidos pela Dra. Joseline em seu p\u00f3s-doutorado colaboram para agregam informa\u00e7\u00f5es em projetos de pesquisa realizados em distintas institui\u00e7\u00f5es, entre elas o Laborat\u00f3rio de Paleobot\u00e2nica e Evolu\u00e7\u00e3o de Biomas do Museu de Ci\u00eancias da Univates e o Centro de Polar e Clim\u00e1tico da Universidade da Universidade Federal do Rio Grande do Sul (Ufrgs), institui\u00e7\u00e3o em que a pesquisadora \u00e9 colaboradora. <\/p>\n\n\n\n<p>O projeto de pesquisa conduzido por Joseline \u00e9 fomentado pelo Conselho Nacional de Desenvolvimento Cient\u00edfico e Tecnol\u00f3gico (CNPq), e seu trabalho tem gerado uma importante conex\u00e3o de pesquisas entre o Chile e o Brasil na \u00e1rea da paleontologia. A pesquisadora est\u00e1, desde fevereiro deste ano, coletando materiais e estudando inc\u00eandios florestais e mudan\u00e7as ambientais e clim\u00e1ticas que aconteceram na regi\u00e3o h\u00e1 145 milh\u00f5es de anos.\u00a0<\/p>\n\n\n\n<p>No in\u00edcio de 2022, juntamente com uma equipe composta por paleont\u00f3logos com diferentes especialidades do Inach e da <em>Universidad<\/em> de Chile, liderada pelos paleont\u00f3logos Dr. Marcelo Leppe e Dr. Alexander Vargas, Joseline participou de uma expedi\u00e7\u00e3o cient\u00edfica paleontol\u00f3gica na regi\u00e3o de Magalh\u00e3es, na Ant\u00e1rtica Chilena, com o objetivo de realizar prospec\u00e7\u00e3o de material fossil\u00edfero para seus estudos.&nbsp;<\/p>\n\n\n\n<p>Joseline afirma que \u201ccom base na an\u00e1lise dos f\u00f3sseis carbonizados coletados durante a expedi\u00e7\u00e3o, ser\u00e1 poss\u00edvel realizar importantes interfer\u00eancias paleoambientais, que hoje representam uma significativa lacuna de informa\u00e7\u00f5es a ser preenchida para permitir uma melhor compreens\u00e3o da din\u00e2mica das mudan\u00e7as ambientais e clim\u00e1ticas nessas \u00e1reas do globo\u201d.&nbsp;<\/p>\n\n\n\n<p>A pesquisadora tamb\u00e9m comenta que \u201ca abrang\u00eancia da coopera\u00e7\u00e3o internacional \u00e9 essencial para o desenvolvimento dessa \u00e1rea do conhecimento e fortalece e fomenta ainda mais as rela\u00e7\u00f5es cient\u00edficas e a internacionaliza\u00e7\u00e3o da ci\u00eancia produzida por brasileiros\u201d, j\u00e1 que seu trabalho mobiliza diferentes institui\u00e7\u00f5es no Brasil e no Chile.<\/p>\n\n\n\n<figure class=\"wp-block-image size-full\"><img loading=\"lazy\" decoding=\"async\" width=\"540\" height=\"360\" src=\"https:\/\/folhapopular.info\/wp-content\/uploads\/2022\/08\/Pesquisadora-Joseline-Manfroi-Divulgacao-INACH-4.jpg\" alt=\"\" class=\"wp-image-110743\" srcset=\"https:\/\/folhapopular.info\/wp-content\/uploads\/2022\/08\/Pesquisadora-Joseline-Manfroi-Divulgacao-INACH-4.jpg 540w, https:\/\/folhapopular.info\/wp-content\/uploads\/2022\/08\/Pesquisadora-Joseline-Manfroi-Divulgacao-INACH-4-300x200.jpg 300w\" sizes=\"auto, (max-width: 540px) 100vw, 540px\" \/><figcaption>Pesquisadora Joseline Manfroi<\/figcaption><\/figure>\n\n\n\n<p><strong>Em busca de respostas&nbsp;<\/strong><\/p>\n\n\n\n<p>H\u00e1 dez anos, Joseline teve o primeiro contato com o Instituto Ant\u00e1rtico Chileno, participando de um simp\u00f3sio da Associa\u00e7\u00e3o de Jovens Pesquisadores Polares (Apecs\/Brasil), da qual ela faz parte. Foi nessa ocasi\u00e3o que conheceu os trabalhos desenvolvidos pelo Inach e, no mesmo ano, a pesquisadora teve a oportunidade de conhecer pessoalmente o instituto ao participar do Congresso de Paleontologia do Chile em 2012, juntamente com sua orientadora de mestrado, Dra. T\u00e2nia Lindner Dutra.<\/p>\n\n\n\n<p>Os temas de pesquisa de Joseline s\u00e3o pioneiros, havendo atualmente apenas dois trabalhos publicados sobre a \u00e1rea espec\u00edfica que ela estuda \u2012 sendo o primeiro deles, o seu, de 2015, que apresenta o primeiro registro de paleoinc\u00eandios na Ant\u00e1rtica durante o per\u00edodo Cret\u00e1ceo. Seu artigo intitulado \u201c<em>The first report of a Campanian palaeo-wildfire in the West Antarctic Peninsula<\/em>\u201d foi publicado na revista <em>Palaeogeography, Palaeoclimatology, Palaeoecology.<\/em><\/p>\n\n\n\n<p>A proposta inicial da paleont\u00f3loga era pesquisar os paleoinc\u00eandios na Ant\u00e1rtica, e hoje ela se v\u00ea ampliando o foco do trabalho, tamb\u00e9m, para a Patag\u00f4nia. \u201cOs estudos que estamos realizando t\u00eam grande import\u00e2ncia pois, na atualidade, a Patag\u00f4nia \u00e9 assombrada por muitos epis\u00f3dios de inc\u00eandios florestais. E \u00e9 muito promissor olhar para o passado para compreender o presente e tamb\u00e9m fazer proje\u00e7\u00f5es para o futuro. A vantagem de se trabalhar com f\u00f3sseis vegetais \u00e9 que as plantas, enquanto vivas, v\u00e3o alterando suas estruturas morfoanat\u00f4micas de acordo com as mudan\u00e7as ambientais e clim\u00e1ticas que ocorrem no ambiente em que habitam, e essas altera\u00e7\u00f5es em sua anatomia ficam preservadas no registro fossil\u00edfero\u201d.<\/p>\n\n\n\n<p>\u201cOlhar para a estrutura das plantas f\u00f3sseis \u00e9 como abrir uma janela para o passado, visualizando as condi\u00e7\u00f5es ambientais e clim\u00e1ticas de uma determinada regi\u00e3o do globo h\u00e1 milh\u00f5es de anos\u201d, afirma Joseline.<\/p>\n\n\n\n<p>Quando questionada sobre a sua trajet\u00f3ria profissional, a paleont\u00f3loga comenta: \u201cEnxergo hoje a hist\u00f3ria da minha caminhada profissional como a soma de muitos movimentos ao longo de muitos anos. Nada se constr\u00f3i do dia para a noite, mas, sim, com a continuidade de movimentos e esfor\u00e7os individuais e coletivos compartilhados, e quando falo coletivos incluo minha fam\u00edlia, amigos, alunos, companheiros de pesquisa e professores\u201d.<\/p>\n\n\n\n<p>\u201cTenho orgulho de pensar que minha hist\u00f3ria n\u00e3o \u00e9 s\u00f3 minha, e sim de muitos! Na verdade, ela envolve muitos personagens: todos aqueles que vieram antes de mim, que caminharam comigo, e todos os que ainda est\u00e3o por vir, que dar\u00e3o continuidade \u00e0 produ\u00e7\u00e3o de conhecimento na \u00e1rea das geoci\u00eancias\u201d.<\/p>\n\n\n\n<p>\u201cRecebo muitas mensagens de pessoas que me acompanharam em alguma etapa da minha jornada, que me escrevem que hoje se sentem aqui comigo, e isso \u00e9 muito bacana! Poder trazer at\u00e9 \u2018o fim do mundo\u2019 o nome de Lajeado, das pessoas que constru\u00edram o meu trabalho comigo e das institui\u00e7\u00f5es com as quais tenho v\u00ednculo \u00e9 motivo de muita alegria para mim\u201d, complementa Joseline.&nbsp;<\/p>\n\n\n\n<p>A experi\u00eancia de participar de expedi\u00e7\u00f5es de campo, coletar materiais e informa\u00e7\u00f5es em situa\u00e7\u00f5es extremas, diferentes das experi\u00eancias de campo no Brasil, por exemplo, \u00e9 algo desafiador para qualquer pesquisador. Joseline relata que j\u00e1 viveu situa\u00e7\u00f5es em condi\u00e7\u00f5es clim\u00e1ticas adversas, como calor, frio, chuva, neve e muito vento, mas se diz honrada em ter a oportunidade de estar pesquisando e atuando nesta \u00e1rea do conhecimento, as geoci\u00eancias, campo cient\u00edfico predominante masculina. \u201cAprendo e ensino aqui. \u00c9 sempre uma troca\u201d.&nbsp;&nbsp;<\/p>\n\n\n\n<p>Com seu trabalho, a cientista espera poder contribuir para a ci\u00eancia e para a sociedade. \u201cPretendo preencher uma lacuna importante que existe atualmente na ci\u00eancia sobre a din\u00e2mica dos paleoinc\u00eandios na Patag\u00f4nia e na Ant\u00e1rtica \u2012 a regi\u00e3o mais austral do mundo \u2012 durante o per\u00edodo Cret\u00e1ceo, que temporalmente coincide com a extin\u00e7\u00e3o dos dinossauros. Sendo assim, \u00e9 fundamental compreender o que aconteceu antes e depois desse evento\u201d, explica.<\/p>\n\n\n\n<figure class=\"wp-block-image size-full\"><img loading=\"lazy\" decoding=\"async\" width=\"1024\" height=\"768\" src=\"https:\/\/folhapopular.info\/wp-content\/uploads\/2022\/08\/Pesquisadora-Joseline-Manfroi-e-equipe-Divulgacao-INACH-1.jpg\" alt=\"\" class=\"wp-image-110741\" srcset=\"https:\/\/folhapopular.info\/wp-content\/uploads\/2022\/08\/Pesquisadora-Joseline-Manfroi-e-equipe-Divulgacao-INACH-1.jpg 1024w, https:\/\/folhapopular.info\/wp-content\/uploads\/2022\/08\/Pesquisadora-Joseline-Manfroi-e-equipe-Divulgacao-INACH-1-300x225.jpg 300w, https:\/\/folhapopular.info\/wp-content\/uploads\/2022\/08\/Pesquisadora-Joseline-Manfroi-e-equipe-Divulgacao-INACH-1-768x576.jpg 768w, https:\/\/folhapopular.info\/wp-content\/uploads\/2022\/08\/Pesquisadora-Joseline-Manfroi-e-equipe-Divulgacao-INACH-1-696x522.jpg 696w\" sizes=\"auto, (max-width: 1024px) 100vw, 1024px\" \/><figcaption>Pesquisadora Joseline Manfroi e equipe<\/figcaption><\/figure>\n\n\n\n<p><strong>Pesquisadoras no fim do mundo&nbsp;<\/strong><\/p>\n\n\n\n<p>A estadia da pesquisadora no Chile tamb\u00e9m foi retratada na s\u00e9rie \u201c<em>Cient\u00edficas en el fin del mundo<\/em>\u201d. O document\u00e1rio foi lan\u00e7ado pelo <a href=\"https:\/\/www.facebook.com\/people\/Consejo-de-Monumentos-Magallanes\/100064594696295\/\">Conselho de Monumentos Nacionais do Chile<\/a> e coordenado pelo paleont\u00f3logo Jos\u00e9 P\u00e9rez Mar\u00edn. A obra tem como objetivos divulgar a ci\u00eancia desenvolvida pelo olhar e pelas m\u00e3os de mulheres e encorajar uma nova gera\u00e7\u00e3o de meninas e mulheres cientistas a ingressarem em campos como as geoci\u00eancias. Os epis\u00f3dios apresentam cinco mulheres pesquisadoras, que desenvolvem trabalhos na regi\u00e3o mais austral do Chile.\u00a0<\/p>\n\n\n\n<p><strong>Passos anteriores da pesquisadora&nbsp;<\/strong><\/p>\n\n\n\n<p>Joseline dedica-se \u00e0 pesquisa cient\u00edfica desde o in\u00edcio da gradua\u00e7\u00e3o, atuando como bolsista de inicia\u00e7\u00e3o cient\u00edfica, tendo sido orientada pelo professor Dr. Andr\u00e9 Jasper, professor permanente do PPGAD e coordenador do Laborat\u00f3rio de Paleobot\u00e2nica e Evolu\u00e7\u00e3o de Biomas da Univates, e pelas professoras Dra. T\u00e2nia Linder Dutra (da Universidade do Vale do Rio dos Sinos \u2012 Unisinos) e Dra. Margot Guerra-Sommer (Ufrgs). Em 2016 Joseline alcan\u00e7ou distin\u00e7\u00e3o pela pesquisa in\u00e9dita desenvolvida nesta \u00e1rea do conhecimento, recebendo a premia\u00e7\u00e3o como Pesquisadora Destaque na categoria Melhor Artigo Internacional pela Unisinos, pela publica\u00e7\u00e3o do trabalho pioneiro para Ant\u00e1rtica.&nbsp;<\/p>\n\n\n\n<p><strong>Atua\u00e7\u00e3o no Florantar<\/strong><\/p>\n\n\n\n<p>Desde 2021 Joseline comp\u00f5e a equipe de pesquisadores do Projeto Florantar, do Programa Ant\u00e1rtico Brasileiro (Proantar). Florantar \u2012 Paleofloras da Pen\u00ednsula Ant\u00e1rtica \u00e9 um macroprojeto que re\u00fane mais de 30 anos de experi\u00eancia em pesquisas paleontol\u00f3gicas na Pen\u00ednsula Ant\u00e1rtica. Ele tem como principal miss\u00e3o conhecer e estudar as floras f\u00f3sseis da Ant\u00e1rtica e suas conex\u00f5es, visando \u00e0 aplica\u00e7\u00e3o do conhecimento gerado no entendimento de processos geol\u00f3gicos, evolutivos da paisagem, altera\u00e7\u00f5es tect\u00f4nicas e clim\u00e1ticas ao longo do tempo. O projeto \u00e9 desenvolvido por uma equipe de cientistas brasileiros e estrangeiros, sendo coordenado atualmente pelo professor Dr. Marcelo Ara\u00fajo Carvalho (Museu Nacional do Rio de Janeiro\/Universidade Federal do Rio de Janeiro).<\/p>\n","protected":false},"excerpt":{"rendered":"<p>Paisagens de tirar o f\u00f4lego e ricas em hist\u00f3ria sobre o passado da Terra s\u00e3o, atualmente, companhia constante da paleont\u00f3loga lajeadense Joseline Manfroi, graduada em Ci\u00eancias Biol\u00f3gicas pela Universidade do Vale do Taquari &#8211; Univates e doutora pelo Programa de P\u00f3s-Gradua\u00e7\u00e3o em Ambiente e Desenvolvimento (PPGAD). No momento, a pesquisadora lidera estudos sobre paleoinc\u00eandios e [&hellip;]<\/p>\n","protected":false},"author":8,"featured_media":110742,"comment_status":"open","ping_status":"open","sticky":false,"template":"","format":"standard","meta":{"pmpro_default_level":"","_jetpack_memberships_contains_paid_content":false,"footnotes":""},"categories":[2,3],"tags":[9748,27,9749,1595],"class_list":{"0":"post-110740","1":"post","2":"type-post","3":"status-publish","4":"format-standard","5":"has-post-thumbnail","7":"category-featured","8":"category-geral","9":"tag-antartica","10":"tag-lajeado","11":"tag-patagonia","12":"tag-pesquisa","13":"pmpro-has-access"},"yoast_head":"<!-- This site is optimized with the Yoast SEO plugin v27.5 - https:\/\/yoast.com\/product\/yoast-seo-wordpress\/ -->\n<title>Pesquisadora lajeadense realiza estudos pioneiros na Ant\u00e1rtica e na Patag\u00f4nia\u00a0 - Folha Popular<\/title>\n<meta name=\"robots\" content=\"index, follow, max-snippet:-1, max-image-preview:large, max-video-preview:-1\" \/>\n<link rel=\"canonical\" href=\"https:\/\/folhapopular.info\/index.php\/2022\/08\/15\/pesquisadora-lajeadense-realiza-estudos-pioneiros-na-antartica-e-na-patagonia\/\" \/>\n<meta property=\"og:locale\" content=\"pt_BR\" \/>\n<meta property=\"og:type\" content=\"article\" \/>\n<meta property=\"og:title\" content=\"Pesquisadora lajeadense realiza estudos pioneiros na Ant\u00e1rtica e na Patag\u00f4nia\u00a0 - Folha Popular\" \/>\n<meta property=\"og:description\" content=\"Paisagens de tirar o f\u00f4lego e ricas em hist\u00f3ria sobre o passado da Terra s\u00e3o, atualmente, companhia constante da paleont\u00f3loga lajeadense Joseline Manfroi, graduada em Ci\u00eancias Biol\u00f3gicas pela Universidade do Vale do Taquari &#8211; Univates e doutora pelo Programa de P\u00f3s-Gradua\u00e7\u00e3o em Ambiente e Desenvolvimento (PPGAD). No momento, a pesquisadora lidera estudos sobre paleoinc\u00eandios e [&hellip;]\" \/>\n<meta property=\"og:url\" content=\"https:\/\/folhapopular.info\/index.php\/2022\/08\/15\/pesquisadora-lajeadense-realiza-estudos-pioneiros-na-antartica-e-na-patagonia\/\" \/>\n<meta property=\"og:site_name\" content=\"Folha Popular\" \/>\n<meta property=\"article:published_time\" content=\"2022-08-15T13:25:12+00:00\" \/>\n<meta property=\"article:modified_time\" content=\"2022-08-15T13:31:20+00:00\" \/>\n<meta property=\"og:image\" content=\"http:\/\/folhapopular.info\/wp-content\/uploads\/2022\/08\/Pesquisadora-Joseline-Manfroi-Divulgacao-INACH-2-scaled-e1660569854872.jpg\" \/>\n\t<meta property=\"og:image:width\" content=\"1200\" \/>\n\t<meta property=\"og:image:height\" content=\"900\" \/>\n\t<meta property=\"og:image:type\" content=\"image\/jpeg\" \/>\n<meta name=\"author\" content=\"Reda\u00e7\u00e3o Folha Popular\" \/>\n<meta name=\"twitter:card\" content=\"summary_large_image\" \/>\n<meta name=\"twitter:label1\" content=\"Escrito por\" \/>\n\t<meta name=\"twitter:data1\" content=\"Reda\u00e7\u00e3o Folha Popular\" \/>\n\t<meta name=\"twitter:label2\" content=\"Est. tempo de leitura\" \/>\n\t<meta name=\"twitter:data2\" content=\"8 minutos\" \/>\n<script type=\"application\/ld+json\" class=\"yoast-schema-graph\">{\"@context\":\"https:\\\/\\\/schema.org\",\"@graph\":[{\"@type\":\"Article\",\"@id\":\"https:\\\/\\\/folhapopular.info\\\/index.php\\\/2022\\\/08\\\/15\\\/pesquisadora-lajeadense-realiza-estudos-pioneiros-na-antartica-e-na-patagonia\\\/#article\",\"isPartOf\":{\"@id\":\"https:\\\/\\\/folhapopular.info\\\/index.php\\\/2022\\\/08\\\/15\\\/pesquisadora-lajeadense-realiza-estudos-pioneiros-na-antartica-e-na-patagonia\\\/\"},\"author\":{\"name\":\"Reda\u00e7\u00e3o Folha Popular\",\"@id\":\"https:\\\/\\\/folhapopular.info\\\/#\\\/schema\\\/person\\\/2814e8a0df7643585a9ca38bc6eb9d4b\"},\"headline\":\"Pesquisadora lajeadense realiza estudos pioneiros na Ant\u00e1rtica e na Patag\u00f4nia\u00a0\",\"datePublished\":\"2022-08-15T13:25:12+00:00\",\"dateModified\":\"2022-08-15T13:31:20+00:00\",\"mainEntityOfPage\":{\"@id\":\"https:\\\/\\\/folhapopular.info\\\/index.php\\\/2022\\\/08\\\/15\\\/pesquisadora-lajeadense-realiza-estudos-pioneiros-na-antartica-e-na-patagonia\\\/\"},\"wordCount\":1528,\"commentCount\":0,\"image\":{\"@id\":\"https:\\\/\\\/folhapopular.info\\\/index.php\\\/2022\\\/08\\\/15\\\/pesquisadora-lajeadense-realiza-estudos-pioneiros-na-antartica-e-na-patagonia\\\/#primaryimage\"},\"thumbnailUrl\":\"https:\\\/\\\/folhapopular.info\\\/wp-content\\\/uploads\\\/2022\\\/08\\\/Pesquisadora-Joseline-Manfroi-Divulgacao-INACH-2-scaled-e1660569854872.jpg\",\"keywords\":[\"Ant\u00e1rtica\",\"Lajeado\",\"Patag\u00f4nia\",\"Pesquisa\"],\"articleSection\":[\"Destaques\",\"Geral\"],\"inLanguage\":\"pt-BR\",\"potentialAction\":[{\"@type\":\"CommentAction\",\"name\":\"Comment\",\"target\":[\"https:\\\/\\\/folhapopular.info\\\/index.php\\\/2022\\\/08\\\/15\\\/pesquisadora-lajeadense-realiza-estudos-pioneiros-na-antartica-e-na-patagonia\\\/#respond\"]}]},{\"@type\":\"WebPage\",\"@id\":\"https:\\\/\\\/folhapopular.info\\\/index.php\\\/2022\\\/08\\\/15\\\/pesquisadora-lajeadense-realiza-estudos-pioneiros-na-antartica-e-na-patagonia\\\/\",\"url\":\"https:\\\/\\\/folhapopular.info\\\/index.php\\\/2022\\\/08\\\/15\\\/pesquisadora-lajeadense-realiza-estudos-pioneiros-na-antartica-e-na-patagonia\\\/\",\"name\":\"Pesquisadora lajeadense realiza estudos pioneiros na Ant\u00e1rtica e na Patag\u00f4nia\u00a0 - Folha Popular\",\"isPartOf\":{\"@id\":\"https:\\\/\\\/folhapopular.info\\\/#website\"},\"primaryImageOfPage\":{\"@id\":\"https:\\\/\\\/folhapopular.info\\\/index.php\\\/2022\\\/08\\\/15\\\/pesquisadora-lajeadense-realiza-estudos-pioneiros-na-antartica-e-na-patagonia\\\/#primaryimage\"},\"image\":{\"@id\":\"https:\\\/\\\/folhapopular.info\\\/index.php\\\/2022\\\/08\\\/15\\\/pesquisadora-lajeadense-realiza-estudos-pioneiros-na-antartica-e-na-patagonia\\\/#primaryimage\"},\"thumbnailUrl\":\"https:\\\/\\\/folhapopular.info\\\/wp-content\\\/uploads\\\/2022\\\/08\\\/Pesquisadora-Joseline-Manfroi-Divulgacao-INACH-2-scaled-e1660569854872.jpg\",\"datePublished\":\"2022-08-15T13:25:12+00:00\",\"dateModified\":\"2022-08-15T13:31:20+00:00\",\"author\":{\"@id\":\"https:\\\/\\\/folhapopular.info\\\/#\\\/schema\\\/person\\\/2814e8a0df7643585a9ca38bc6eb9d4b\"},\"breadcrumb\":{\"@id\":\"https:\\\/\\\/folhapopular.info\\\/index.php\\\/2022\\\/08\\\/15\\\/pesquisadora-lajeadense-realiza-estudos-pioneiros-na-antartica-e-na-patagonia\\\/#breadcrumb\"},\"inLanguage\":\"pt-BR\",\"potentialAction\":[{\"@type\":\"ReadAction\",\"target\":[\"https:\\\/\\\/folhapopular.info\\\/index.php\\\/2022\\\/08\\\/15\\\/pesquisadora-lajeadense-realiza-estudos-pioneiros-na-antartica-e-na-patagonia\\\/\"]}]},{\"@type\":\"ImageObject\",\"inLanguage\":\"pt-BR\",\"@id\":\"https:\\\/\\\/folhapopular.info\\\/index.php\\\/2022\\\/08\\\/15\\\/pesquisadora-lajeadense-realiza-estudos-pioneiros-na-antartica-e-na-patagonia\\\/#primaryimage\",\"url\":\"https:\\\/\\\/folhapopular.info\\\/wp-content\\\/uploads\\\/2022\\\/08\\\/Pesquisadora-Joseline-Manfroi-Divulgacao-INACH-2-scaled-e1660569854872.jpg\",\"contentUrl\":\"https:\\\/\\\/folhapopular.info\\\/wp-content\\\/uploads\\\/2022\\\/08\\\/Pesquisadora-Joseline-Manfroi-Divulgacao-INACH-2-scaled-e1660569854872.jpg\",\"width\":1200,\"height\":900,\"caption\":\"Pesquisadora Joseline Manfroi\"},{\"@type\":\"BreadcrumbList\",\"@id\":\"https:\\\/\\\/folhapopular.info\\\/index.php\\\/2022\\\/08\\\/15\\\/pesquisadora-lajeadense-realiza-estudos-pioneiros-na-antartica-e-na-patagonia\\\/#breadcrumb\",\"itemListElement\":[{\"@type\":\"ListItem\",\"position\":1,\"name\":\"In\u00edcio\",\"item\":\"https:\\\/\\\/folhapopular.info\\\/\"},{\"@type\":\"ListItem\",\"position\":2,\"name\":\"Pesquisadora lajeadense realiza estudos pioneiros na Ant\u00e1rtica e na Patag\u00f4nia\u00a0\"}]},{\"@type\":\"WebSite\",\"@id\":\"https:\\\/\\\/folhapopular.info\\\/#website\",\"url\":\"https:\\\/\\\/folhapopular.info\\\/\",\"name\":\"Folha Popular\",\"description\":\"Onde voc\u00ea tem vez e voz\",\"potentialAction\":[{\"@type\":\"SearchAction\",\"target\":{\"@type\":\"EntryPoint\",\"urlTemplate\":\"https:\\\/\\\/folhapopular.info\\\/?s={search_term_string}\"},\"query-input\":{\"@type\":\"PropertyValueSpecification\",\"valueRequired\":true,\"valueName\":\"search_term_string\"}}],\"inLanguage\":\"pt-BR\"},{\"@type\":\"Person\",\"@id\":\"https:\\\/\\\/folhapopular.info\\\/#\\\/schema\\\/person\\\/2814e8a0df7643585a9ca38bc6eb9d4b\",\"name\":\"Reda\u00e7\u00e3o Folha Popular\",\"image\":{\"@type\":\"ImageObject\",\"inLanguage\":\"pt-BR\",\"@id\":\"https:\\\/\\\/folhapopular.info\\\/wp-content\\\/uploads\\\/2026\\\/04\\\/Folha-1.webp\",\"url\":\"https:\\\/\\\/folhapopular.info\\\/wp-content\\\/uploads\\\/2026\\\/04\\\/Folha-1.webp\",\"contentUrl\":\"https:\\\/\\\/folhapopular.info\\\/wp-content\\\/uploads\\\/2026\\\/04\\\/Folha-1.webp\",\"caption\":\"Reda\u00e7\u00e3o Folha Popular\"},\"url\":\"https:\\\/\\\/folhapopular.info\\\/index.php\\\/author\\\/redacao\\\/\"}]}<\/script>\n<!-- \/ Yoast SEO plugin. -->","yoast_head_json":{"title":"Pesquisadora lajeadense realiza estudos pioneiros na Ant\u00e1rtica e na Patag\u00f4nia\u00a0 - Folha Popular","robots":{"index":"index","follow":"follow","max-snippet":"max-snippet:-1","max-image-preview":"max-image-preview:large","max-video-preview":"max-video-preview:-1"},"canonical":"https:\/\/folhapopular.info\/index.php\/2022\/08\/15\/pesquisadora-lajeadense-realiza-estudos-pioneiros-na-antartica-e-na-patagonia\/","og_locale":"pt_BR","og_type":"article","og_title":"Pesquisadora lajeadense realiza estudos pioneiros na Ant\u00e1rtica e na Patag\u00f4nia\u00a0 - Folha Popular","og_description":"Paisagens de tirar o f\u00f4lego e ricas em hist\u00f3ria sobre o passado da Terra s\u00e3o, atualmente, companhia constante da paleont\u00f3loga lajeadense Joseline Manfroi, graduada em Ci\u00eancias Biol\u00f3gicas pela Universidade do Vale do Taquari &#8211; Univates e doutora pelo Programa de P\u00f3s-Gradua\u00e7\u00e3o em Ambiente e Desenvolvimento (PPGAD). No momento, a pesquisadora lidera estudos sobre paleoinc\u00eandios e [&hellip;]","og_url":"https:\/\/folhapopular.info\/index.php\/2022\/08\/15\/pesquisadora-lajeadense-realiza-estudos-pioneiros-na-antartica-e-na-patagonia\/","og_site_name":"Folha Popular","article_published_time":"2022-08-15T13:25:12+00:00","article_modified_time":"2022-08-15T13:31:20+00:00","og_image":[{"width":1200,"height":900,"url":"http:\/\/folhapopular.info\/wp-content\/uploads\/2022\/08\/Pesquisadora-Joseline-Manfroi-Divulgacao-INACH-2-scaled-e1660569854872.jpg","type":"image\/jpeg"}],"author":"Reda\u00e7\u00e3o Folha Popular","twitter_card":"summary_large_image","twitter_misc":{"Escrito por":"Reda\u00e7\u00e3o Folha Popular","Est. tempo de leitura":"8 minutos"},"schema":{"@context":"https:\/\/schema.org","@graph":[{"@type":"Article","@id":"https:\/\/folhapopular.info\/index.php\/2022\/08\/15\/pesquisadora-lajeadense-realiza-estudos-pioneiros-na-antartica-e-na-patagonia\/#article","isPartOf":{"@id":"https:\/\/folhapopular.info\/index.php\/2022\/08\/15\/pesquisadora-lajeadense-realiza-estudos-pioneiros-na-antartica-e-na-patagonia\/"},"author":{"name":"Reda\u00e7\u00e3o Folha Popular","@id":"https:\/\/folhapopular.info\/#\/schema\/person\/2814e8a0df7643585a9ca38bc6eb9d4b"},"headline":"Pesquisadora lajeadense realiza estudos pioneiros na Ant\u00e1rtica e na Patag\u00f4nia\u00a0","datePublished":"2022-08-15T13:25:12+00:00","dateModified":"2022-08-15T13:31:20+00:00","mainEntityOfPage":{"@id":"https:\/\/folhapopular.info\/index.php\/2022\/08\/15\/pesquisadora-lajeadense-realiza-estudos-pioneiros-na-antartica-e-na-patagonia\/"},"wordCount":1528,"commentCount":0,"image":{"@id":"https:\/\/folhapopular.info\/index.php\/2022\/08\/15\/pesquisadora-lajeadense-realiza-estudos-pioneiros-na-antartica-e-na-patagonia\/#primaryimage"},"thumbnailUrl":"https:\/\/folhapopular.info\/wp-content\/uploads\/2022\/08\/Pesquisadora-Joseline-Manfroi-Divulgacao-INACH-2-scaled-e1660569854872.jpg","keywords":["Ant\u00e1rtica","Lajeado","Patag\u00f4nia","Pesquisa"],"articleSection":["Destaques","Geral"],"inLanguage":"pt-BR","potentialAction":[{"@type":"CommentAction","name":"Comment","target":["https:\/\/folhapopular.info\/index.php\/2022\/08\/15\/pesquisadora-lajeadense-realiza-estudos-pioneiros-na-antartica-e-na-patagonia\/#respond"]}]},{"@type":"WebPage","@id":"https:\/\/folhapopular.info\/index.php\/2022\/08\/15\/pesquisadora-lajeadense-realiza-estudos-pioneiros-na-antartica-e-na-patagonia\/","url":"https:\/\/folhapopular.info\/index.php\/2022\/08\/15\/pesquisadora-lajeadense-realiza-estudos-pioneiros-na-antartica-e-na-patagonia\/","name":"Pesquisadora lajeadense realiza estudos pioneiros na Ant\u00e1rtica e na Patag\u00f4nia\u00a0 - Folha Popular","isPartOf":{"@id":"https:\/\/folhapopular.info\/#website"},"primaryImageOfPage":{"@id":"https:\/\/folhapopular.info\/index.php\/2022\/08\/15\/pesquisadora-lajeadense-realiza-estudos-pioneiros-na-antartica-e-na-patagonia\/#primaryimage"},"image":{"@id":"https:\/\/folhapopular.info\/index.php\/2022\/08\/15\/pesquisadora-lajeadense-realiza-estudos-pioneiros-na-antartica-e-na-patagonia\/#primaryimage"},"thumbnailUrl":"https:\/\/folhapopular.info\/wp-content\/uploads\/2022\/08\/Pesquisadora-Joseline-Manfroi-Divulgacao-INACH-2-scaled-e1660569854872.jpg","datePublished":"2022-08-15T13:25:12+00:00","dateModified":"2022-08-15T13:31:20+00:00","author":{"@id":"https:\/\/folhapopular.info\/#\/schema\/person\/2814e8a0df7643585a9ca38bc6eb9d4b"},"breadcrumb":{"@id":"https:\/\/folhapopular.info\/index.php\/2022\/08\/15\/pesquisadora-lajeadense-realiza-estudos-pioneiros-na-antartica-e-na-patagonia\/#breadcrumb"},"inLanguage":"pt-BR","potentialAction":[{"@type":"ReadAction","target":["https:\/\/folhapopular.info\/index.php\/2022\/08\/15\/pesquisadora-lajeadense-realiza-estudos-pioneiros-na-antartica-e-na-patagonia\/"]}]},{"@type":"ImageObject","inLanguage":"pt-BR","@id":"https:\/\/folhapopular.info\/index.php\/2022\/08\/15\/pesquisadora-lajeadense-realiza-estudos-pioneiros-na-antartica-e-na-patagonia\/#primaryimage","url":"https:\/\/folhapopular.info\/wp-content\/uploads\/2022\/08\/Pesquisadora-Joseline-Manfroi-Divulgacao-INACH-2-scaled-e1660569854872.jpg","contentUrl":"https:\/\/folhapopular.info\/wp-content\/uploads\/2022\/08\/Pesquisadora-Joseline-Manfroi-Divulgacao-INACH-2-scaled-e1660569854872.jpg","width":1200,"height":900,"caption":"Pesquisadora Joseline Manfroi"},{"@type":"BreadcrumbList","@id":"https:\/\/folhapopular.info\/index.php\/2022\/08\/15\/pesquisadora-lajeadense-realiza-estudos-pioneiros-na-antartica-e-na-patagonia\/#breadcrumb","itemListElement":[{"@type":"ListItem","position":1,"name":"In\u00edcio","item":"https:\/\/folhapopular.info\/"},{"@type":"ListItem","position":2,"name":"Pesquisadora lajeadense realiza estudos pioneiros na Ant\u00e1rtica e na Patag\u00f4nia\u00a0"}]},{"@type":"WebSite","@id":"https:\/\/folhapopular.info\/#website","url":"https:\/\/folhapopular.info\/","name":"Folha Popular","description":"Onde voc\u00ea tem vez e voz","potentialAction":[{"@type":"SearchAction","target":{"@type":"EntryPoint","urlTemplate":"https:\/\/folhapopular.info\/?s={search_term_string}"},"query-input":{"@type":"PropertyValueSpecification","valueRequired":true,"valueName":"search_term_string"}}],"inLanguage":"pt-BR"},{"@type":"Person","@id":"https:\/\/folhapopular.info\/#\/schema\/person\/2814e8a0df7643585a9ca38bc6eb9d4b","name":"Reda\u00e7\u00e3o Folha Popular","image":{"@type":"ImageObject","inLanguage":"pt-BR","@id":"https:\/\/folhapopular.info\/wp-content\/uploads\/2026\/04\/Folha-1.webp","url":"https:\/\/folhapopular.info\/wp-content\/uploads\/2026\/04\/Folha-1.webp","contentUrl":"https:\/\/folhapopular.info\/wp-content\/uploads\/2026\/04\/Folha-1.webp","caption":"Reda\u00e7\u00e3o Folha Popular"},"url":"https:\/\/folhapopular.info\/index.php\/author\/redacao\/"}]}},"jetpack_featured_media_url":"https:\/\/folhapopular.info\/wp-content\/uploads\/2022\/08\/Pesquisadora-Joseline-Manfroi-Divulgacao-INACH-2-scaled-e1660569854872.jpg","jetpack_sharing_enabled":true,"amp_enabled":true,"_links":{"self":[{"href":"https:\/\/folhapopular.info\/index.php\/wp-json\/wp\/v2\/posts\/110740","targetHints":{"allow":["GET"]}}],"collection":[{"href":"https:\/\/folhapopular.info\/index.php\/wp-json\/wp\/v2\/posts"}],"about":[{"href":"https:\/\/folhapopular.info\/index.php\/wp-json\/wp\/v2\/types\/post"}],"author":[{"embeddable":true,"href":"https:\/\/folhapopular.info\/index.php\/wp-json\/wp\/v2\/users\/8"}],"replies":[{"embeddable":true,"href":"https:\/\/folhapopular.info\/index.php\/wp-json\/wp\/v2\/comments?post=110740"}],"version-history":[{"count":0,"href":"https:\/\/folhapopular.info\/index.php\/wp-json\/wp\/v2\/posts\/110740\/revisions"}],"wp:featuredmedia":[{"embeddable":true,"href":"https:\/\/folhapopular.info\/index.php\/wp-json\/wp\/v2\/media\/110742"}],"wp:attachment":[{"href":"https:\/\/folhapopular.info\/index.php\/wp-json\/wp\/v2\/media?parent=110740"}],"wp:term":[{"taxonomy":"category","embeddable":true,"href":"https:\/\/folhapopular.info\/index.php\/wp-json\/wp\/v2\/categories?post=110740"},{"taxonomy":"post_tag","embeddable":true,"href":"https:\/\/folhapopular.info\/index.php\/wp-json\/wp\/v2\/tags?post=110740"}],"curies":[{"name":"wp","href":"https:\/\/api.w.org\/{rel}","templated":true}]}}