{"id":110793,"date":"2022-08-16T08:07:57","date_gmt":"2022-08-16T11:07:57","guid":{"rendered":"https:\/\/folhapopular.info\/?p=110793"},"modified":"2022-08-16T08:31:28","modified_gmt":"2022-08-16T11:31:28","slug":"mais-de-230-itens-sao-recolhidos-em-acao-de-descarte-de-eletronicos-em-teutonia","status":"publish","type":"post","link":"https:\/\/folhapopular.info\/index.php\/2022\/08\/16\/mais-de-230-itens-sao-recolhidos-em-acao-de-descarte-de-eletronicos-em-teutonia\/","title":{"rendered":"Mais de 230 itens s\u00e3o recolhidos em a\u00e7\u00e3o de descarte de eletr\u00f4nicos em Teut\u00f4nia"},"content":{"rendered":"\n<p>Ocorreu na manh\u00e3 de s\u00e1bado (13\/8) mais uma edi\u00e7\u00e3o da atividade de descarte consciente de lixo eletr\u00f4nico em Teut\u00f4nia. A iniciativa integra a a\u00e7\u00e3o socioambiental Revive Boa Vista. <\/p>\n\n\n\n<p>Com posto de coleta junto \u00e0 CIC Teut\u00f4nia, no Centro Administrativo Municipal, foram recolhidos mais de 230 itens e cerca de 70 litros de \u00f3leo de cozinha.<\/p>\n\n\n\n<p>Entre os eletr\u00f4nicos recebidos, destaque para 26 telefones e 16 celulares, 15 televisores, 12 caixas de som, nove videocassetes, in\u00fameros mouses, teclados, monitores, CPUs e impressoras. Al\u00e9m de cabos, aparelhos de som e r\u00e1dios, liquidificadores, controles, micro-ondas, m\u00e1quinas de costura e de lavar, entre outros. <\/p>\n\n\n\n<p>Os materiais foram coletados por empresa especializada, que deu o destino final correto.<\/p>\n\n\n\n<p>A iniciativa tem por objetivo a preserva\u00e7\u00e3o do Meio Ambiente e a conscientiza\u00e7\u00e3o da popula\u00e7\u00e3o para cuidados com a natureza e a correta destina\u00e7\u00e3o do lixo, numa realiza\u00e7\u00e3o da Unidade Parceiros Volunt\u00e1rios de Teut\u00f4nia, que tem como mantenedoras CIC Teut\u00f4nia, Certel, Couros Bom Retiro, Seccare, Languiru e Sicredi.<\/p>\n","protected":false},"excerpt":{"rendered":"<p>Ocorreu na manh\u00e3 de s\u00e1bado (13\/8) mais uma edi\u00e7\u00e3o da atividade de descarte consciente de lixo eletr\u00f4nico em Teut\u00f4nia. A iniciativa integra a a\u00e7\u00e3o socioambiental Revive Boa Vista. Com posto de coleta junto \u00e0 CIC Teut\u00f4nia, no Centro Administrativo Municipal, foram recolhidos mais de 230 itens e cerca de 70 litros de \u00f3leo de cozinha. [&hellip;]<\/p>\n","protected":false},"author":8,"featured_media":110794,"comment_status":"open","ping_status":"open","sticky":false,"template":"","format":"standard","meta":{"pmpro_default_level":"","_jetpack_memberships_contains_paid_content":false,"footnotes":""},"categories":[2,3],"tags":[9734,1065,57,58,26],"class_list":{"0":"post-110793","1":"post","2":"type-post","3":"status-publish","4":"format-standard","5":"has-post-thumbnail","7":"category-featured","8":"category-geral","9":"tag-descarte-consciente","10":"tag-lixo-eletronico","11":"tag-meio-ambiente","12":"tag-revive-boa-vista","13":"tag-teutonia","14":"pmpro-has-access"},"yoast_head":"<!-- This site is optimized with the Yoast SEO plugin v27.5 - https:\/\/yoast.com\/product\/yoast-seo-wordpress\/ -->\n<title>Mais de 230 itens s\u00e3o recolhidos em a\u00e7\u00e3o de descarte de eletr\u00f4nicos em Teut\u00f4nia - Folha Popular<\/title>\n<meta name=\"robots\" content=\"index, follow, max-snippet:-1, max-image-preview:large, max-video-preview:-1\" \/>\n<link rel=\"canonical\" href=\"https:\/\/folhapopular.info\/index.php\/2022\/08\/16\/mais-de-230-itens-sao-recolhidos-em-acao-de-descarte-de-eletronicos-em-teutonia\/\" \/>\n<meta property=\"og:locale\" content=\"pt_BR\" \/>\n<meta property=\"og:type\" content=\"article\" \/>\n<meta property=\"og:title\" content=\"Mais de 230 itens s\u00e3o recolhidos em a\u00e7\u00e3o de descarte de eletr\u00f4nicos em Teut\u00f4nia - Folha Popular\" \/>\n<meta property=\"og:description\" content=\"Ocorreu na manh\u00e3 de s\u00e1bado (13\/8) mais uma edi\u00e7\u00e3o da atividade de descarte consciente de lixo eletr\u00f4nico em Teut\u00f4nia. A iniciativa integra a a\u00e7\u00e3o socioambiental Revive Boa Vista. Com posto de coleta junto \u00e0 CIC Teut\u00f4nia, no Centro Administrativo Municipal, foram recolhidos mais de 230 itens e cerca de 70 litros de \u00f3leo de cozinha. [&hellip;]\" \/>\n<meta property=\"og:url\" content=\"https:\/\/folhapopular.info\/index.php\/2022\/08\/16\/mais-de-230-itens-sao-recolhidos-em-acao-de-descarte-de-eletronicos-em-teutonia\/\" \/>\n<meta property=\"og:site_name\" content=\"Folha Popular\" \/>\n<meta property=\"article:published_time\" content=\"2022-08-16T11:07:57+00:00\" \/>\n<meta property=\"article:modified_time\" content=\"2022-08-16T11:31:28+00:00\" \/>\n<meta property=\"og:image\" content=\"http:\/\/folhapopular.info\/wp-content\/uploads\/2022\/08\/descarte-lixo-eletronico-1-JORNAL-e1660648061423.jpeg\" \/>\n\t<meta property=\"og:image:width\" content=\"1200\" \/>\n\t<meta property=\"og:image:height\" content=\"909\" \/>\n\t<meta property=\"og:image:type\" content=\"image\/jpeg\" \/>\n<meta name=\"author\" content=\"Reda\u00e7\u00e3o Folha Popular\" \/>\n<meta name=\"twitter:card\" content=\"summary_large_image\" \/>\n<meta name=\"twitter:label1\" content=\"Escrito por\" \/>\n\t<meta name=\"twitter:data1\" content=\"Reda\u00e7\u00e3o Folha Popular\" \/>\n\t<meta name=\"twitter:label2\" content=\"Est. tempo de leitura\" \/>\n\t<meta name=\"twitter:data2\" content=\"1 minuto\" \/>\n<script type=\"application\/ld+json\" class=\"yoast-schema-graph\">{\"@context\":\"https:\\\/\\\/schema.org\",\"@graph\":[{\"@type\":\"Article\",\"@id\":\"https:\\\/\\\/folhapopular.info\\\/index.php\\\/2022\\\/08\\\/16\\\/mais-de-230-itens-sao-recolhidos-em-acao-de-descarte-de-eletronicos-em-teutonia\\\/#article\",\"isPartOf\":{\"@id\":\"https:\\\/\\\/folhapopular.info\\\/index.php\\\/2022\\\/08\\\/16\\\/mais-de-230-itens-sao-recolhidos-em-acao-de-descarte-de-eletronicos-em-teutonia\\\/\"},\"author\":{\"name\":\"Reda\u00e7\u00e3o Folha Popular\",\"@id\":\"https:\\\/\\\/folhapopular.info\\\/#\\\/schema\\\/person\\\/2814e8a0df7643585a9ca38bc6eb9d4b\"},\"headline\":\"Mais de 230 itens s\u00e3o recolhidos em a\u00e7\u00e3o de descarte de eletr\u00f4nicos em Teut\u00f4nia\",\"datePublished\":\"2022-08-16T11:07:57+00:00\",\"dateModified\":\"2022-08-16T11:31:28+00:00\",\"mainEntityOfPage\":{\"@id\":\"https:\\\/\\\/folhapopular.info\\\/index.php\\\/2022\\\/08\\\/16\\\/mais-de-230-itens-sao-recolhidos-em-acao-de-descarte-de-eletronicos-em-teutonia\\\/\"},\"wordCount\":189,\"commentCount\":0,\"image\":{\"@id\":\"https:\\\/\\\/folhapopular.info\\\/index.php\\\/2022\\\/08\\\/16\\\/mais-de-230-itens-sao-recolhidos-em-acao-de-descarte-de-eletronicos-em-teutonia\\\/#primaryimage\"},\"thumbnailUrl\":\"https:\\\/\\\/folhapopular.info\\\/wp-content\\\/uploads\\\/2022\\\/08\\\/descarte-lixo-eletronico-1-JORNAL-e1660648061423.jpeg\",\"keywords\":[\"descarte consciente\",\"Lixo Eletr\u00f4nico\",\"Meio Ambiente\",\"Revive Boa Vista\",\"Teut\u00f4nia\"],\"articleSection\":[\"Destaques\",\"Geral\"],\"inLanguage\":\"pt-BR\",\"potentialAction\":[{\"@type\":\"CommentAction\",\"name\":\"Comment\",\"target\":[\"https:\\\/\\\/folhapopular.info\\\/index.php\\\/2022\\\/08\\\/16\\\/mais-de-230-itens-sao-recolhidos-em-acao-de-descarte-de-eletronicos-em-teutonia\\\/#respond\"]}]},{\"@type\":\"WebPage\",\"@id\":\"https:\\\/\\\/folhapopular.info\\\/index.php\\\/2022\\\/08\\\/16\\\/mais-de-230-itens-sao-recolhidos-em-acao-de-descarte-de-eletronicos-em-teutonia\\\/\",\"url\":\"https:\\\/\\\/folhapopular.info\\\/index.php\\\/2022\\\/08\\\/16\\\/mais-de-230-itens-sao-recolhidos-em-acao-de-descarte-de-eletronicos-em-teutonia\\\/\",\"name\":\"Mais de 230 itens s\u00e3o recolhidos em a\u00e7\u00e3o de descarte de eletr\u00f4nicos em Teut\u00f4nia - Folha Popular\",\"isPartOf\":{\"@id\":\"https:\\\/\\\/folhapopular.info\\\/#website\"},\"primaryImageOfPage\":{\"@id\":\"https:\\\/\\\/folhapopular.info\\\/index.php\\\/2022\\\/08\\\/16\\\/mais-de-230-itens-sao-recolhidos-em-acao-de-descarte-de-eletronicos-em-teutonia\\\/#primaryimage\"},\"image\":{\"@id\":\"https:\\\/\\\/folhapopular.info\\\/index.php\\\/2022\\\/08\\\/16\\\/mais-de-230-itens-sao-recolhidos-em-acao-de-descarte-de-eletronicos-em-teutonia\\\/#primaryimage\"},\"thumbnailUrl\":\"https:\\\/\\\/folhapopular.info\\\/wp-content\\\/uploads\\\/2022\\\/08\\\/descarte-lixo-eletronico-1-JORNAL-e1660648061423.jpeg\",\"datePublished\":\"2022-08-16T11:07:57+00:00\",\"dateModified\":\"2022-08-16T11:31:28+00:00\",\"author\":{\"@id\":\"https:\\\/\\\/folhapopular.info\\\/#\\\/schema\\\/person\\\/2814e8a0df7643585a9ca38bc6eb9d4b\"},\"breadcrumb\":{\"@id\":\"https:\\\/\\\/folhapopular.info\\\/index.php\\\/2022\\\/08\\\/16\\\/mais-de-230-itens-sao-recolhidos-em-acao-de-descarte-de-eletronicos-em-teutonia\\\/#breadcrumb\"},\"inLanguage\":\"pt-BR\",\"potentialAction\":[{\"@type\":\"ReadAction\",\"target\":[\"https:\\\/\\\/folhapopular.info\\\/index.php\\\/2022\\\/08\\\/16\\\/mais-de-230-itens-sao-recolhidos-em-acao-de-descarte-de-eletronicos-em-teutonia\\\/\"]}]},{\"@type\":\"ImageObject\",\"inLanguage\":\"pt-BR\",\"@id\":\"https:\\\/\\\/folhapopular.info\\\/index.php\\\/2022\\\/08\\\/16\\\/mais-de-230-itens-sao-recolhidos-em-acao-de-descarte-de-eletronicos-em-teutonia\\\/#primaryimage\",\"url\":\"https:\\\/\\\/folhapopular.info\\\/wp-content\\\/uploads\\\/2022\\\/08\\\/descarte-lixo-eletronico-1-JORNAL-e1660648061423.jpeg\",\"contentUrl\":\"https:\\\/\\\/folhapopular.info\\\/wp-content\\\/uploads\\\/2022\\\/08\\\/descarte-lixo-eletronico-1-JORNAL-e1660648061423.jpeg\",\"width\":1200,\"height\":909,\"caption\":\"Foram recolhidos eletr\u00f4nicos, sucatas, cart\u00f5es magn\u00e9ticos, celulares e baterias (exceto de ve\u00edculos), al\u00e9m de \u00f3leo de cozinha\"},{\"@type\":\"BreadcrumbList\",\"@id\":\"https:\\\/\\\/folhapopular.info\\\/index.php\\\/2022\\\/08\\\/16\\\/mais-de-230-itens-sao-recolhidos-em-acao-de-descarte-de-eletronicos-em-teutonia\\\/#breadcrumb\",\"itemListElement\":[{\"@type\":\"ListItem\",\"position\":1,\"name\":\"In\u00edcio\",\"item\":\"https:\\\/\\\/folhapopular.info\\\/\"},{\"@type\":\"ListItem\",\"position\":2,\"name\":\"Mais de 230 itens s\u00e3o recolhidos em a\u00e7\u00e3o de descarte de eletr\u00f4nicos em Teut\u00f4nia\"}]},{\"@type\":\"WebSite\",\"@id\":\"https:\\\/\\\/folhapopular.info\\\/#website\",\"url\":\"https:\\\/\\\/folhapopular.info\\\/\",\"name\":\"Folha Popular\",\"description\":\"Onde voc\u00ea tem vez e voz\",\"potentialAction\":[{\"@type\":\"SearchAction\",\"target\":{\"@type\":\"EntryPoint\",\"urlTemplate\":\"https:\\\/\\\/folhapopular.info\\\/?s={search_term_string}\"},\"query-input\":{\"@type\":\"PropertyValueSpecification\",\"valueRequired\":true,\"valueName\":\"search_term_string\"}}],\"inLanguage\":\"pt-BR\"},{\"@type\":\"Person\",\"@id\":\"https:\\\/\\\/folhapopular.info\\\/#\\\/schema\\\/person\\\/2814e8a0df7643585a9ca38bc6eb9d4b\",\"name\":\"Reda\u00e7\u00e3o Folha Popular\",\"image\":{\"@type\":\"ImageObject\",\"inLanguage\":\"pt-BR\",\"@id\":\"https:\\\/\\\/folhapopular.info\\\/wp-content\\\/uploads\\\/2026\\\/04\\\/Folha-1.webp\",\"url\":\"https:\\\/\\\/folhapopular.info\\\/wp-content\\\/uploads\\\/2026\\\/04\\\/Folha-1.webp\",\"contentUrl\":\"https:\\\/\\\/folhapopular.info\\\/wp-content\\\/uploads\\\/2026\\\/04\\\/Folha-1.webp\",\"caption\":\"Reda\u00e7\u00e3o Folha Popular\"},\"url\":\"https:\\\/\\\/folhapopular.info\\\/index.php\\\/author\\\/redacao\\\/\"}]}<\/script>\n<!-- \/ Yoast SEO plugin. -->","yoast_head_json":{"title":"Mais de 230 itens s\u00e3o recolhidos em a\u00e7\u00e3o de descarte de eletr\u00f4nicos em Teut\u00f4nia - Folha Popular","robots":{"index":"index","follow":"follow","max-snippet":"max-snippet:-1","max-image-preview":"max-image-preview:large","max-video-preview":"max-video-preview:-1"},"canonical":"https:\/\/folhapopular.info\/index.php\/2022\/08\/16\/mais-de-230-itens-sao-recolhidos-em-acao-de-descarte-de-eletronicos-em-teutonia\/","og_locale":"pt_BR","og_type":"article","og_title":"Mais de 230 itens s\u00e3o recolhidos em a\u00e7\u00e3o de descarte de eletr\u00f4nicos em Teut\u00f4nia - Folha Popular","og_description":"Ocorreu na manh\u00e3 de s\u00e1bado (13\/8) mais uma edi\u00e7\u00e3o da atividade de descarte consciente de lixo eletr\u00f4nico em Teut\u00f4nia. A iniciativa integra a a\u00e7\u00e3o socioambiental Revive Boa Vista. Com posto de coleta junto \u00e0 CIC Teut\u00f4nia, no Centro Administrativo Municipal, foram recolhidos mais de 230 itens e cerca de 70 litros de \u00f3leo de cozinha. [&hellip;]","og_url":"https:\/\/folhapopular.info\/index.php\/2022\/08\/16\/mais-de-230-itens-sao-recolhidos-em-acao-de-descarte-de-eletronicos-em-teutonia\/","og_site_name":"Folha Popular","article_published_time":"2022-08-16T11:07:57+00:00","article_modified_time":"2022-08-16T11:31:28+00:00","og_image":[{"width":1200,"height":909,"url":"http:\/\/folhapopular.info\/wp-content\/uploads\/2022\/08\/descarte-lixo-eletronico-1-JORNAL-e1660648061423.jpeg","type":"image\/jpeg"}],"author":"Reda\u00e7\u00e3o Folha Popular","twitter_card":"summary_large_image","twitter_misc":{"Escrito por":"Reda\u00e7\u00e3o Folha Popular","Est. tempo de leitura":"1 minuto"},"schema":{"@context":"https:\/\/schema.org","@graph":[{"@type":"Article","@id":"https:\/\/folhapopular.info\/index.php\/2022\/08\/16\/mais-de-230-itens-sao-recolhidos-em-acao-de-descarte-de-eletronicos-em-teutonia\/#article","isPartOf":{"@id":"https:\/\/folhapopular.info\/index.php\/2022\/08\/16\/mais-de-230-itens-sao-recolhidos-em-acao-de-descarte-de-eletronicos-em-teutonia\/"},"author":{"name":"Reda\u00e7\u00e3o Folha Popular","@id":"https:\/\/folhapopular.info\/#\/schema\/person\/2814e8a0df7643585a9ca38bc6eb9d4b"},"headline":"Mais de 230 itens s\u00e3o recolhidos em a\u00e7\u00e3o de descarte de eletr\u00f4nicos em Teut\u00f4nia","datePublished":"2022-08-16T11:07:57+00:00","dateModified":"2022-08-16T11:31:28+00:00","mainEntityOfPage":{"@id":"https:\/\/folhapopular.info\/index.php\/2022\/08\/16\/mais-de-230-itens-sao-recolhidos-em-acao-de-descarte-de-eletronicos-em-teutonia\/"},"wordCount":189,"commentCount":0,"image":{"@id":"https:\/\/folhapopular.info\/index.php\/2022\/08\/16\/mais-de-230-itens-sao-recolhidos-em-acao-de-descarte-de-eletronicos-em-teutonia\/#primaryimage"},"thumbnailUrl":"https:\/\/folhapopular.info\/wp-content\/uploads\/2022\/08\/descarte-lixo-eletronico-1-JORNAL-e1660648061423.jpeg","keywords":["descarte consciente","Lixo Eletr\u00f4nico","Meio Ambiente","Revive Boa Vista","Teut\u00f4nia"],"articleSection":["Destaques","Geral"],"inLanguage":"pt-BR","potentialAction":[{"@type":"CommentAction","name":"Comment","target":["https:\/\/folhapopular.info\/index.php\/2022\/08\/16\/mais-de-230-itens-sao-recolhidos-em-acao-de-descarte-de-eletronicos-em-teutonia\/#respond"]}]},{"@type":"WebPage","@id":"https:\/\/folhapopular.info\/index.php\/2022\/08\/16\/mais-de-230-itens-sao-recolhidos-em-acao-de-descarte-de-eletronicos-em-teutonia\/","url":"https:\/\/folhapopular.info\/index.php\/2022\/08\/16\/mais-de-230-itens-sao-recolhidos-em-acao-de-descarte-de-eletronicos-em-teutonia\/","name":"Mais de 230 itens s\u00e3o recolhidos em a\u00e7\u00e3o de descarte de eletr\u00f4nicos em Teut\u00f4nia - Folha Popular","isPartOf":{"@id":"https:\/\/folhapopular.info\/#website"},"primaryImageOfPage":{"@id":"https:\/\/folhapopular.info\/index.php\/2022\/08\/16\/mais-de-230-itens-sao-recolhidos-em-acao-de-descarte-de-eletronicos-em-teutonia\/#primaryimage"},"image":{"@id":"https:\/\/folhapopular.info\/index.php\/2022\/08\/16\/mais-de-230-itens-sao-recolhidos-em-acao-de-descarte-de-eletronicos-em-teutonia\/#primaryimage"},"thumbnailUrl":"https:\/\/folhapopular.info\/wp-content\/uploads\/2022\/08\/descarte-lixo-eletronico-1-JORNAL-e1660648061423.jpeg","datePublished":"2022-08-16T11:07:57+00:00","dateModified":"2022-08-16T11:31:28+00:00","author":{"@id":"https:\/\/folhapopular.info\/#\/schema\/person\/2814e8a0df7643585a9ca38bc6eb9d4b"},"breadcrumb":{"@id":"https:\/\/folhapopular.info\/index.php\/2022\/08\/16\/mais-de-230-itens-sao-recolhidos-em-acao-de-descarte-de-eletronicos-em-teutonia\/#breadcrumb"},"inLanguage":"pt-BR","potentialAction":[{"@type":"ReadAction","target":["https:\/\/folhapopular.info\/index.php\/2022\/08\/16\/mais-de-230-itens-sao-recolhidos-em-acao-de-descarte-de-eletronicos-em-teutonia\/"]}]},{"@type":"ImageObject","inLanguage":"pt-BR","@id":"https:\/\/folhapopular.info\/index.php\/2022\/08\/16\/mais-de-230-itens-sao-recolhidos-em-acao-de-descarte-de-eletronicos-em-teutonia\/#primaryimage","url":"https:\/\/folhapopular.info\/wp-content\/uploads\/2022\/08\/descarte-lixo-eletronico-1-JORNAL-e1660648061423.jpeg","contentUrl":"https:\/\/folhapopular.info\/wp-content\/uploads\/2022\/08\/descarte-lixo-eletronico-1-JORNAL-e1660648061423.jpeg","width":1200,"height":909,"caption":"Foram recolhidos eletr\u00f4nicos, sucatas, cart\u00f5es magn\u00e9ticos, celulares e baterias (exceto de ve\u00edculos), al\u00e9m de \u00f3leo de cozinha"},{"@type":"BreadcrumbList","@id":"https:\/\/folhapopular.info\/index.php\/2022\/08\/16\/mais-de-230-itens-sao-recolhidos-em-acao-de-descarte-de-eletronicos-em-teutonia\/#breadcrumb","itemListElement":[{"@type":"ListItem","position":1,"name":"In\u00edcio","item":"https:\/\/folhapopular.info\/"},{"@type":"ListItem","position":2,"name":"Mais de 230 itens s\u00e3o recolhidos em a\u00e7\u00e3o de descarte de eletr\u00f4nicos em Teut\u00f4nia"}]},{"@type":"WebSite","@id":"https:\/\/folhapopular.info\/#website","url":"https:\/\/folhapopular.info\/","name":"Folha Popular","description":"Onde voc\u00ea tem vez e voz","potentialAction":[{"@type":"SearchAction","target":{"@type":"EntryPoint","urlTemplate":"https:\/\/folhapopular.info\/?s={search_term_string}"},"query-input":{"@type":"PropertyValueSpecification","valueRequired":true,"valueName":"search_term_string"}}],"inLanguage":"pt-BR"},{"@type":"Person","@id":"https:\/\/folhapopular.info\/#\/schema\/person\/2814e8a0df7643585a9ca38bc6eb9d4b","name":"Reda\u00e7\u00e3o Folha Popular","image":{"@type":"ImageObject","inLanguage":"pt-BR","@id":"https:\/\/folhapopular.info\/wp-content\/uploads\/2026\/04\/Folha-1.webp","url":"https:\/\/folhapopular.info\/wp-content\/uploads\/2026\/04\/Folha-1.webp","contentUrl":"https:\/\/folhapopular.info\/wp-content\/uploads\/2026\/04\/Folha-1.webp","caption":"Reda\u00e7\u00e3o Folha Popular"},"url":"https:\/\/folhapopular.info\/index.php\/author\/redacao\/"}]}},"jetpack_featured_media_url":"https:\/\/folhapopular.info\/wp-content\/uploads\/2022\/08\/descarte-lixo-eletronico-1-JORNAL-e1660648061423.jpeg","jetpack_sharing_enabled":true,"amp_enabled":true,"_links":{"self":[{"href":"https:\/\/folhapopular.info\/index.php\/wp-json\/wp\/v2\/posts\/110793","targetHints":{"allow":["GET"]}}],"collection":[{"href":"https:\/\/folhapopular.info\/index.php\/wp-json\/wp\/v2\/posts"}],"about":[{"href":"https:\/\/folhapopular.info\/index.php\/wp-json\/wp\/v2\/types\/post"}],"author":[{"embeddable":true,"href":"https:\/\/folhapopular.info\/index.php\/wp-json\/wp\/v2\/users\/8"}],"replies":[{"embeddable":true,"href":"https:\/\/folhapopular.info\/index.php\/wp-json\/wp\/v2\/comments?post=110793"}],"version-history":[{"count":0,"href":"https:\/\/folhapopular.info\/index.php\/wp-json\/wp\/v2\/posts\/110793\/revisions"}],"wp:featuredmedia":[{"embeddable":true,"href":"https:\/\/folhapopular.info\/index.php\/wp-json\/wp\/v2\/media\/110794"}],"wp:attachment":[{"href":"https:\/\/folhapopular.info\/index.php\/wp-json\/wp\/v2\/media?parent=110793"}],"wp:term":[{"taxonomy":"category","embeddable":true,"href":"https:\/\/folhapopular.info\/index.php\/wp-json\/wp\/v2\/categories?post=110793"},{"taxonomy":"post_tag","embeddable":true,"href":"https:\/\/folhapopular.info\/index.php\/wp-json\/wp\/v2\/tags?post=110793"}],"curies":[{"name":"wp","href":"https:\/\/api.w.org\/{rel}","templated":true}]}}