{"id":110796,"date":"2022-08-16T08:43:42","date_gmt":"2022-08-16T11:43:42","guid":{"rendered":"https:\/\/folhapopular.info\/?p=110796"},"modified":"2022-08-16T08:46:32","modified_gmt":"2022-08-16T11:46:32","slug":"projeto-de-escola-em-teutonia-visa-reduzir-desperdicio-da-merenda-escolar","status":"publish","type":"post","link":"https:\/\/folhapopular.info\/index.php\/2022\/08\/16\/projeto-de-escola-em-teutonia-visa-reduzir-desperdicio-da-merenda-escolar\/","title":{"rendered":"Projeto de escola em Teut\u00f4nia visa reduzir desperd\u00edcio da merenda escolar"},"content":{"rendered":"\n<p>Os alunos do 9\u00ba ano da Escola Municipal de Ensino Fundamental (Emef) Leopoldo Klepker, do Bairro Alesgut, em Teut\u00f4nia, t\u00eam desenvolvido, desde julho, um programa para reduzir o desperd\u00edcio de merenda escolar. Intitulado de \u201cNossa merenda tem valor, vamos evitar o desperd\u00edcio\u201d a iniciativa entrega a\u00e7\u00f5es de educa\u00e7\u00e3o fiscal, e segue at\u00e9 o fim do ano.<\/p>\n\n\n\n<p>\u201cMesmo que a escola n\u00e3o desperdice tanto, isso incomodou os alunos e desenvolvemos, dentro do turno de aula, na disciplina de ci\u00eancias, esse projeto que visa conscientizar\u201d, explica o professor da escola, Evandro Biondo.<\/p>\n\n\n\n<p>Ele complementa que o projeto contempla quatro eixos: educa\u00e7\u00e3o fiscal, n\u00e3o desperd\u00edcio de merenda, sustentabilidade e os custos p\u00fablicos. \u201cTeve todo um per\u00edodo em que foi discutido, foi feito de desenvolvimento de como seria esse projeto\u201d, conta.<\/p>\n\n\n\n<p>Diversos momentos e a\u00e7\u00f5es j\u00e1 foram realizados. O primeiro deles uma conversa com as merendeira da escola. \u201cEles puderam fazer uma s\u00e9rie de questionamentos. Ver como funciona a din\u00e2mica, como \u00e9 feito todo esse trabalho. Sobre a quest\u00e3o das sobras, como elas [merendeiras] se sentem\u201d, destaca.<\/p>\n\n\n\n<p>Em outro momento, a conversa foi com a nutricionista do Munic\u00edpio, Lis\u00e2ngela Bagatini. Ele explicou todo procedimento de pesagem dos alimentos, do desperd\u00edcio, formata\u00e7\u00e3o de card\u00e1pio, do custo p\u00fablico da merenda. \u201cE esse \u00e9 o foco. Nosso mote de n\u00e3o desperdi\u00e7ar merenda para tamb\u00e9m evitar os gastos p\u00fablicos\u201d, aponta.<\/p>\n\n\n\n<figure class=\"wp-block-image size-large\"><img loading=\"lazy\" decoding=\"async\" width=\"1024\" height=\"768\" src=\"https:\/\/folhapopular.info\/wp-content\/uploads\/2022\/08\/Projeto-merenda_Div-2-e1660650194458-1024x768.jpeg\" alt=\"\" class=\"wp-image-110798\" srcset=\"https:\/\/folhapopular.info\/wp-content\/uploads\/2022\/08\/Projeto-merenda_Div-2-e1660650194458-1024x768.jpeg 1024w, https:\/\/folhapopular.info\/wp-content\/uploads\/2022\/08\/Projeto-merenda_Div-2-e1660650194458-300x225.jpeg 300w, https:\/\/folhapopular.info\/wp-content\/uploads\/2022\/08\/Projeto-merenda_Div-2-e1660650194458-768x576.jpeg 768w, https:\/\/folhapopular.info\/wp-content\/uploads\/2022\/08\/Projeto-merenda_Div-2-e1660650194458-696x522.jpeg 696w, https:\/\/folhapopular.info\/wp-content\/uploads\/2022\/08\/Projeto-merenda_Div-2-e1660650194458-1068x801.jpeg 1068w, https:\/\/folhapopular.info\/wp-content\/uploads\/2022\/08\/Projeto-merenda_Div-2-e1660650194458.jpeg 1200w\" sizes=\"auto, (max-width: 1024px) 100vw, 1024px\" \/><figcaption>Encontro com a nutricionista do Munic\u00edpio tamb\u00e9m integrou o projeto<\/figcaption><\/figure>\n\n\n\n<p>Os alunos tamb\u00e9m tiveram a oportunidade de conversar com integrantes do Conselho de Alimenta\u00e7\u00e3o Escolar (CAE). O \u00f3rg\u00e3o \u00e9 respons\u00e1vel pela fiscaliza\u00e7\u00e3o e controla da merenda escolar. \u201cEles vieram conversar e falar sobres suas fun\u00e7\u00f5es e atividades. E sobre como \u00e9 feita a composi\u00e7\u00e3o de merenda por meio da agricultura familiar\u201d, comenta.<\/p>\n\n\n\n<p>Outra a\u00e7\u00e3o foi um encontro com uma equipe da administra\u00e7\u00e3o municipal para falar sobre a import\u00e2ncia da educa\u00e7\u00e3o fiscal, fun\u00e7\u00e3o social dos tributos, como \u00e9 feita aplica\u00e7\u00e3o dos recursos. \u201cTudo isso que forma a quest\u00e3o p\u00fablica dentro da escola, e tamb\u00e9m o vi\u00e9s da merenda escolar. O momento teve participa\u00e7\u00e3o do secret\u00e1rio da Fazenda, Ricardo Suhre, que explicou de onde vem os impostos, entre outras quest\u00f5es. Os alunos tamb\u00e9m participaram de uma sess\u00e3o da C\u00e2mara de Vereadores para entender como s\u00e3o aprovadas as leis e destina\u00e7\u00f5es de recursos no Legislativo.<\/p>\n\n\n\n<p>Os alunos dos 9\u00ba anos foram escolhidos para o projeto por serem os mais velhos e estarem a mais tempo na escola. Agora, a parte final da iniciativa consistir\u00e1 em repassar esse conhecimento aos demais alunos. \u201cJ\u00e1 formaram uma patrulha, e v\u00e3o fazer um material para conscientiza\u00e7\u00e3o coletiva, com v\u00eddeos e cartazes, e v\u00e3o falar com outros colegas. Far\u00e3o um mutir\u00e3o de conscientiza\u00e7\u00e3o para que todos na escola fa\u00e7am sua parte para evitar o desperd\u00edcio de merenda. At\u00e9 porque muitas pessoas passam fome, e para evitar o desperd\u00edcio de recurso p\u00fablico\u201d, pontua.<\/p>\n","protected":false},"excerpt":{"rendered":"<p>Os alunos do 9\u00ba ano da Escola Municipal de Ensino Fundamental (Emef) Leopoldo Klepker, do Bairro Alesgut, em Teut\u00f4nia, t\u00eam desenvolvido, desde julho, um programa para reduzir o desperd\u00edcio de merenda escolar. Intitulado de \u201cNossa merenda tem valor, vamos evitar o desperd\u00edcio\u201d a iniciativa entrega a\u00e7\u00f5es de educa\u00e7\u00e3o fiscal, e segue at\u00e9 o fim do [&hellip;]<\/p>\n","protected":false},"author":5,"featured_media":110797,"comment_status":"open","ping_status":"open","sticky":false,"template":"","format":"standard","meta":{"pmpro_default_level":"","_jetpack_memberships_contains_paid_content":false,"footnotes":""},"categories":[2,3],"tags":[9756,700,618,26],"class_list":{"0":"post-110796","1":"post","2":"type-post","3":"status-publish","4":"format-standard","5":"has-post-thumbnail","7":"category-featured","8":"category-geral","9":"tag-desperdicio","10":"tag-emef-leopoldo-klepker","11":"tag-merenda-escolar","12":"tag-teutonia","13":"pmpro-has-access"},"yoast_head":"<!-- This site is optimized with the Yoast SEO plugin v27.5 - https:\/\/yoast.com\/product\/yoast-seo-wordpress\/ -->\n<title>Projeto de escola em Teut\u00f4nia visa reduzir desperd\u00edcio da merenda escolar - Folha Popular<\/title>\n<meta name=\"robots\" content=\"index, follow, max-snippet:-1, max-image-preview:large, max-video-preview:-1\" \/>\n<link rel=\"canonical\" href=\"https:\/\/folhapopular.info\/index.php\/2022\/08\/16\/projeto-de-escola-em-teutonia-visa-reduzir-desperdicio-da-merenda-escolar\/\" \/>\n<meta property=\"og:locale\" content=\"pt_BR\" \/>\n<meta property=\"og:type\" content=\"article\" \/>\n<meta property=\"og:title\" content=\"Projeto de escola em Teut\u00f4nia visa reduzir desperd\u00edcio da merenda escolar - Folha Popular\" \/>\n<meta property=\"og:description\" content=\"Os alunos do 9\u00ba ano da Escola Municipal de Ensino Fundamental (Emef) Leopoldo Klepker, do Bairro Alesgut, em Teut\u00f4nia, t\u00eam desenvolvido, desde julho, um programa para reduzir o desperd\u00edcio de merenda escolar. Intitulado de \u201cNossa merenda tem valor, vamos evitar o desperd\u00edcio\u201d a iniciativa entrega a\u00e7\u00f5es de educa\u00e7\u00e3o fiscal, e segue at\u00e9 o fim do [&hellip;]\" \/>\n<meta property=\"og:url\" content=\"https:\/\/folhapopular.info\/index.php\/2022\/08\/16\/projeto-de-escola-em-teutonia-visa-reduzir-desperdicio-da-merenda-escolar\/\" \/>\n<meta property=\"og:site_name\" content=\"Folha Popular\" \/>\n<meta property=\"article:published_time\" content=\"2022-08-16T11:43:42+00:00\" \/>\n<meta property=\"article:modified_time\" content=\"2022-08-16T11:46:32+00:00\" \/>\n<meta property=\"og:image\" content=\"http:\/\/folhapopular.info\/wp-content\/uploads\/2022\/08\/Projeto-merenda_Div-1-e1660650173359.jpeg\" \/>\n\t<meta property=\"og:image:width\" content=\"1200\" \/>\n\t<meta property=\"og:image:height\" content=\"900\" \/>\n\t<meta property=\"og:image:type\" content=\"image\/jpeg\" \/>\n<meta name=\"author\" content=\"Paloma Cristine Griesang\" \/>\n<meta name=\"twitter:card\" content=\"summary_large_image\" \/>\n<meta name=\"twitter:label1\" content=\"Escrito por\" \/>\n\t<meta name=\"twitter:data1\" content=\"Paloma Cristine Griesang\" \/>\n\t<meta name=\"twitter:label2\" content=\"Est. tempo de leitura\" \/>\n\t<meta name=\"twitter:data2\" content=\"3 minutos\" \/>\n<script type=\"application\/ld+json\" class=\"yoast-schema-graph\">{\"@context\":\"https:\\\/\\\/schema.org\",\"@graph\":[{\"@type\":\"Article\",\"@id\":\"https:\\\/\\\/folhapopular.info\\\/index.php\\\/2022\\\/08\\\/16\\\/projeto-de-escola-em-teutonia-visa-reduzir-desperdicio-da-merenda-escolar\\\/#article\",\"isPartOf\":{\"@id\":\"https:\\\/\\\/folhapopular.info\\\/index.php\\\/2022\\\/08\\\/16\\\/projeto-de-escola-em-teutonia-visa-reduzir-desperdicio-da-merenda-escolar\\\/\"},\"author\":{\"name\":\"Paloma Cristine Griesang\",\"@id\":\"https:\\\/\\\/folhapopular.info\\\/#\\\/schema\\\/person\\\/6441c3adb14a6337552a9700ef5698d2\"},\"headline\":\"Projeto de escola em Teut\u00f4nia visa reduzir desperd\u00edcio da merenda escolar\",\"datePublished\":\"2022-08-16T11:43:42+00:00\",\"dateModified\":\"2022-08-16T11:46:32+00:00\",\"mainEntityOfPage\":{\"@id\":\"https:\\\/\\\/folhapopular.info\\\/index.php\\\/2022\\\/08\\\/16\\\/projeto-de-escola-em-teutonia-visa-reduzir-desperdicio-da-merenda-escolar\\\/\"},\"wordCount\":537,\"commentCount\":0,\"image\":{\"@id\":\"https:\\\/\\\/folhapopular.info\\\/index.php\\\/2022\\\/08\\\/16\\\/projeto-de-escola-em-teutonia-visa-reduzir-desperdicio-da-merenda-escolar\\\/#primaryimage\"},\"thumbnailUrl\":\"https:\\\/\\\/folhapopular.info\\\/wp-content\\\/uploads\\\/2022\\\/08\\\/Projeto-merenda_Div-1-e1660650173359.jpeg\",\"keywords\":[\"desperd\u00edcio\",\"EMEF Leopoldo Klepker\",\"Merenda Escolar\",\"Teut\u00f4nia\"],\"articleSection\":[\"Destaques\",\"Geral\"],\"inLanguage\":\"pt-BR\",\"potentialAction\":[{\"@type\":\"CommentAction\",\"name\":\"Comment\",\"target\":[\"https:\\\/\\\/folhapopular.info\\\/index.php\\\/2022\\\/08\\\/16\\\/projeto-de-escola-em-teutonia-visa-reduzir-desperdicio-da-merenda-escolar\\\/#respond\"]}]},{\"@type\":\"WebPage\",\"@id\":\"https:\\\/\\\/folhapopular.info\\\/index.php\\\/2022\\\/08\\\/16\\\/projeto-de-escola-em-teutonia-visa-reduzir-desperdicio-da-merenda-escolar\\\/\",\"url\":\"https:\\\/\\\/folhapopular.info\\\/index.php\\\/2022\\\/08\\\/16\\\/projeto-de-escola-em-teutonia-visa-reduzir-desperdicio-da-merenda-escolar\\\/\",\"name\":\"Projeto de escola em Teut\u00f4nia visa reduzir desperd\u00edcio da merenda escolar - Folha Popular\",\"isPartOf\":{\"@id\":\"https:\\\/\\\/folhapopular.info\\\/#website\"},\"primaryImageOfPage\":{\"@id\":\"https:\\\/\\\/folhapopular.info\\\/index.php\\\/2022\\\/08\\\/16\\\/projeto-de-escola-em-teutonia-visa-reduzir-desperdicio-da-merenda-escolar\\\/#primaryimage\"},\"image\":{\"@id\":\"https:\\\/\\\/folhapopular.info\\\/index.php\\\/2022\\\/08\\\/16\\\/projeto-de-escola-em-teutonia-visa-reduzir-desperdicio-da-merenda-escolar\\\/#primaryimage\"},\"thumbnailUrl\":\"https:\\\/\\\/folhapopular.info\\\/wp-content\\\/uploads\\\/2022\\\/08\\\/Projeto-merenda_Div-1-e1660650173359.jpeg\",\"datePublished\":\"2022-08-16T11:43:42+00:00\",\"dateModified\":\"2022-08-16T11:46:32+00:00\",\"author\":{\"@id\":\"https:\\\/\\\/folhapopular.info\\\/#\\\/schema\\\/person\\\/6441c3adb14a6337552a9700ef5698d2\"},\"breadcrumb\":{\"@id\":\"https:\\\/\\\/folhapopular.info\\\/index.php\\\/2022\\\/08\\\/16\\\/projeto-de-escola-em-teutonia-visa-reduzir-desperdicio-da-merenda-escolar\\\/#breadcrumb\"},\"inLanguage\":\"pt-BR\",\"potentialAction\":[{\"@type\":\"ReadAction\",\"target\":[\"https:\\\/\\\/folhapopular.info\\\/index.php\\\/2022\\\/08\\\/16\\\/projeto-de-escola-em-teutonia-visa-reduzir-desperdicio-da-merenda-escolar\\\/\"]}]},{\"@type\":\"ImageObject\",\"inLanguage\":\"pt-BR\",\"@id\":\"https:\\\/\\\/folhapopular.info\\\/index.php\\\/2022\\\/08\\\/16\\\/projeto-de-escola-em-teutonia-visa-reduzir-desperdicio-da-merenda-escolar\\\/#primaryimage\",\"url\":\"https:\\\/\\\/folhapopular.info\\\/wp-content\\\/uploads\\\/2022\\\/08\\\/Projeto-merenda_Div-1-e1660650173359.jpeg\",\"contentUrl\":\"https:\\\/\\\/folhapopular.info\\\/wp-content\\\/uploads\\\/2022\\\/08\\\/Projeto-merenda_Div-1-e1660650173359.jpeg\",\"width\":1200,\"height\":900,\"caption\":\"Conversa com as merendeiras da escola foi a primeira a\u00e7\u00e3o desenvolvida\"},{\"@type\":\"BreadcrumbList\",\"@id\":\"https:\\\/\\\/folhapopular.info\\\/index.php\\\/2022\\\/08\\\/16\\\/projeto-de-escola-em-teutonia-visa-reduzir-desperdicio-da-merenda-escolar\\\/#breadcrumb\",\"itemListElement\":[{\"@type\":\"ListItem\",\"position\":1,\"name\":\"In\u00edcio\",\"item\":\"https:\\\/\\\/folhapopular.info\\\/\"},{\"@type\":\"ListItem\",\"position\":2,\"name\":\"Projeto de escola em Teut\u00f4nia visa reduzir desperd\u00edcio da merenda escolar\"}]},{\"@type\":\"WebSite\",\"@id\":\"https:\\\/\\\/folhapopular.info\\\/#website\",\"url\":\"https:\\\/\\\/folhapopular.info\\\/\",\"name\":\"Folha Popular\",\"description\":\"Onde voc\u00ea tem vez e voz\",\"potentialAction\":[{\"@type\":\"SearchAction\",\"target\":{\"@type\":\"EntryPoint\",\"urlTemplate\":\"https:\\\/\\\/folhapopular.info\\\/?s={search_term_string}\"},\"query-input\":{\"@type\":\"PropertyValueSpecification\",\"valueRequired\":true,\"valueName\":\"search_term_string\"}}],\"inLanguage\":\"pt-BR\"},{\"@type\":\"Person\",\"@id\":\"https:\\\/\\\/folhapopular.info\\\/#\\\/schema\\\/person\\\/6441c3adb14a6337552a9700ef5698d2\",\"name\":\"Paloma Cristine Griesang\",\"image\":{\"@type\":\"ImageObject\",\"inLanguage\":\"pt-BR\",\"@id\":\"https:\\\/\\\/secure.gravatar.com\\\/avatar\\\/7a1c3f1e1b05846882a13987cf3bd04239fe0ea8fd472d7d16d7f21c265005a5?s=96&d=mm&r=g\",\"url\":\"https:\\\/\\\/secure.gravatar.com\\\/avatar\\\/7a1c3f1e1b05846882a13987cf3bd04239fe0ea8fd472d7d16d7f21c265005a5?s=96&d=mm&r=g\",\"contentUrl\":\"https:\\\/\\\/secure.gravatar.com\\\/avatar\\\/7a1c3f1e1b05846882a13987cf3bd04239fe0ea8fd472d7d16d7f21c265005a5?s=96&d=mm&r=g\",\"caption\":\"Paloma Cristine Griesang\"},\"url\":\"https:\\\/\\\/folhapopular.info\\\/index.php\\\/author\\\/paloma-griesang\\\/\"}]}<\/script>\n<!-- \/ Yoast SEO plugin. -->","yoast_head_json":{"title":"Projeto de escola em Teut\u00f4nia visa reduzir desperd\u00edcio da merenda escolar - Folha Popular","robots":{"index":"index","follow":"follow","max-snippet":"max-snippet:-1","max-image-preview":"max-image-preview:large","max-video-preview":"max-video-preview:-1"},"canonical":"https:\/\/folhapopular.info\/index.php\/2022\/08\/16\/projeto-de-escola-em-teutonia-visa-reduzir-desperdicio-da-merenda-escolar\/","og_locale":"pt_BR","og_type":"article","og_title":"Projeto de escola em Teut\u00f4nia visa reduzir desperd\u00edcio da merenda escolar - Folha Popular","og_description":"Os alunos do 9\u00ba ano da Escola Municipal de Ensino Fundamental (Emef) Leopoldo Klepker, do Bairro Alesgut, em Teut\u00f4nia, t\u00eam desenvolvido, desde julho, um programa para reduzir o desperd\u00edcio de merenda escolar. Intitulado de \u201cNossa merenda tem valor, vamos evitar o desperd\u00edcio\u201d a iniciativa entrega a\u00e7\u00f5es de educa\u00e7\u00e3o fiscal, e segue at\u00e9 o fim do [&hellip;]","og_url":"https:\/\/folhapopular.info\/index.php\/2022\/08\/16\/projeto-de-escola-em-teutonia-visa-reduzir-desperdicio-da-merenda-escolar\/","og_site_name":"Folha Popular","article_published_time":"2022-08-16T11:43:42+00:00","article_modified_time":"2022-08-16T11:46:32+00:00","og_image":[{"width":1200,"height":900,"url":"http:\/\/folhapopular.info\/wp-content\/uploads\/2022\/08\/Projeto-merenda_Div-1-e1660650173359.jpeg","type":"image\/jpeg"}],"author":"Paloma Cristine Griesang","twitter_card":"summary_large_image","twitter_misc":{"Escrito por":"Paloma Cristine Griesang","Est. tempo de leitura":"3 minutos"},"schema":{"@context":"https:\/\/schema.org","@graph":[{"@type":"Article","@id":"https:\/\/folhapopular.info\/index.php\/2022\/08\/16\/projeto-de-escola-em-teutonia-visa-reduzir-desperdicio-da-merenda-escolar\/#article","isPartOf":{"@id":"https:\/\/folhapopular.info\/index.php\/2022\/08\/16\/projeto-de-escola-em-teutonia-visa-reduzir-desperdicio-da-merenda-escolar\/"},"author":{"name":"Paloma Cristine Griesang","@id":"https:\/\/folhapopular.info\/#\/schema\/person\/6441c3adb14a6337552a9700ef5698d2"},"headline":"Projeto de escola em Teut\u00f4nia visa reduzir desperd\u00edcio da merenda escolar","datePublished":"2022-08-16T11:43:42+00:00","dateModified":"2022-08-16T11:46:32+00:00","mainEntityOfPage":{"@id":"https:\/\/folhapopular.info\/index.php\/2022\/08\/16\/projeto-de-escola-em-teutonia-visa-reduzir-desperdicio-da-merenda-escolar\/"},"wordCount":537,"commentCount":0,"image":{"@id":"https:\/\/folhapopular.info\/index.php\/2022\/08\/16\/projeto-de-escola-em-teutonia-visa-reduzir-desperdicio-da-merenda-escolar\/#primaryimage"},"thumbnailUrl":"https:\/\/folhapopular.info\/wp-content\/uploads\/2022\/08\/Projeto-merenda_Div-1-e1660650173359.jpeg","keywords":["desperd\u00edcio","EMEF Leopoldo Klepker","Merenda Escolar","Teut\u00f4nia"],"articleSection":["Destaques","Geral"],"inLanguage":"pt-BR","potentialAction":[{"@type":"CommentAction","name":"Comment","target":["https:\/\/folhapopular.info\/index.php\/2022\/08\/16\/projeto-de-escola-em-teutonia-visa-reduzir-desperdicio-da-merenda-escolar\/#respond"]}]},{"@type":"WebPage","@id":"https:\/\/folhapopular.info\/index.php\/2022\/08\/16\/projeto-de-escola-em-teutonia-visa-reduzir-desperdicio-da-merenda-escolar\/","url":"https:\/\/folhapopular.info\/index.php\/2022\/08\/16\/projeto-de-escola-em-teutonia-visa-reduzir-desperdicio-da-merenda-escolar\/","name":"Projeto de escola em Teut\u00f4nia visa reduzir desperd\u00edcio da merenda escolar - Folha Popular","isPartOf":{"@id":"https:\/\/folhapopular.info\/#website"},"primaryImageOfPage":{"@id":"https:\/\/folhapopular.info\/index.php\/2022\/08\/16\/projeto-de-escola-em-teutonia-visa-reduzir-desperdicio-da-merenda-escolar\/#primaryimage"},"image":{"@id":"https:\/\/folhapopular.info\/index.php\/2022\/08\/16\/projeto-de-escola-em-teutonia-visa-reduzir-desperdicio-da-merenda-escolar\/#primaryimage"},"thumbnailUrl":"https:\/\/folhapopular.info\/wp-content\/uploads\/2022\/08\/Projeto-merenda_Div-1-e1660650173359.jpeg","datePublished":"2022-08-16T11:43:42+00:00","dateModified":"2022-08-16T11:46:32+00:00","author":{"@id":"https:\/\/folhapopular.info\/#\/schema\/person\/6441c3adb14a6337552a9700ef5698d2"},"breadcrumb":{"@id":"https:\/\/folhapopular.info\/index.php\/2022\/08\/16\/projeto-de-escola-em-teutonia-visa-reduzir-desperdicio-da-merenda-escolar\/#breadcrumb"},"inLanguage":"pt-BR","potentialAction":[{"@type":"ReadAction","target":["https:\/\/folhapopular.info\/index.php\/2022\/08\/16\/projeto-de-escola-em-teutonia-visa-reduzir-desperdicio-da-merenda-escolar\/"]}]},{"@type":"ImageObject","inLanguage":"pt-BR","@id":"https:\/\/folhapopular.info\/index.php\/2022\/08\/16\/projeto-de-escola-em-teutonia-visa-reduzir-desperdicio-da-merenda-escolar\/#primaryimage","url":"https:\/\/folhapopular.info\/wp-content\/uploads\/2022\/08\/Projeto-merenda_Div-1-e1660650173359.jpeg","contentUrl":"https:\/\/folhapopular.info\/wp-content\/uploads\/2022\/08\/Projeto-merenda_Div-1-e1660650173359.jpeg","width":1200,"height":900,"caption":"Conversa com as merendeiras da escola foi a primeira a\u00e7\u00e3o desenvolvida"},{"@type":"BreadcrumbList","@id":"https:\/\/folhapopular.info\/index.php\/2022\/08\/16\/projeto-de-escola-em-teutonia-visa-reduzir-desperdicio-da-merenda-escolar\/#breadcrumb","itemListElement":[{"@type":"ListItem","position":1,"name":"In\u00edcio","item":"https:\/\/folhapopular.info\/"},{"@type":"ListItem","position":2,"name":"Projeto de escola em Teut\u00f4nia visa reduzir desperd\u00edcio da merenda escolar"}]},{"@type":"WebSite","@id":"https:\/\/folhapopular.info\/#website","url":"https:\/\/folhapopular.info\/","name":"Folha Popular","description":"Onde voc\u00ea tem vez e voz","potentialAction":[{"@type":"SearchAction","target":{"@type":"EntryPoint","urlTemplate":"https:\/\/folhapopular.info\/?s={search_term_string}"},"query-input":{"@type":"PropertyValueSpecification","valueRequired":true,"valueName":"search_term_string"}}],"inLanguage":"pt-BR"},{"@type":"Person","@id":"https:\/\/folhapopular.info\/#\/schema\/person\/6441c3adb14a6337552a9700ef5698d2","name":"Paloma Cristine Griesang","image":{"@type":"ImageObject","inLanguage":"pt-BR","@id":"https:\/\/secure.gravatar.com\/avatar\/7a1c3f1e1b05846882a13987cf3bd04239fe0ea8fd472d7d16d7f21c265005a5?s=96&d=mm&r=g","url":"https:\/\/secure.gravatar.com\/avatar\/7a1c3f1e1b05846882a13987cf3bd04239fe0ea8fd472d7d16d7f21c265005a5?s=96&d=mm&r=g","contentUrl":"https:\/\/secure.gravatar.com\/avatar\/7a1c3f1e1b05846882a13987cf3bd04239fe0ea8fd472d7d16d7f21c265005a5?s=96&d=mm&r=g","caption":"Paloma Cristine Griesang"},"url":"https:\/\/folhapopular.info\/index.php\/author\/paloma-griesang\/"}]}},"jetpack_featured_media_url":"https:\/\/folhapopular.info\/wp-content\/uploads\/2022\/08\/Projeto-merenda_Div-1-e1660650173359.jpeg","jetpack_sharing_enabled":true,"amp_enabled":true,"_links":{"self":[{"href":"https:\/\/folhapopular.info\/index.php\/wp-json\/wp\/v2\/posts\/110796","targetHints":{"allow":["GET"]}}],"collection":[{"href":"https:\/\/folhapopular.info\/index.php\/wp-json\/wp\/v2\/posts"}],"about":[{"href":"https:\/\/folhapopular.info\/index.php\/wp-json\/wp\/v2\/types\/post"}],"author":[{"embeddable":true,"href":"https:\/\/folhapopular.info\/index.php\/wp-json\/wp\/v2\/users\/5"}],"replies":[{"embeddable":true,"href":"https:\/\/folhapopular.info\/index.php\/wp-json\/wp\/v2\/comments?post=110796"}],"version-history":[{"count":0,"href":"https:\/\/folhapopular.info\/index.php\/wp-json\/wp\/v2\/posts\/110796\/revisions"}],"wp:featuredmedia":[{"embeddable":true,"href":"https:\/\/folhapopular.info\/index.php\/wp-json\/wp\/v2\/media\/110797"}],"wp:attachment":[{"href":"https:\/\/folhapopular.info\/index.php\/wp-json\/wp\/v2\/media?parent=110796"}],"wp:term":[{"taxonomy":"category","embeddable":true,"href":"https:\/\/folhapopular.info\/index.php\/wp-json\/wp\/v2\/categories?post=110796"},{"taxonomy":"post_tag","embeddable":true,"href":"https:\/\/folhapopular.info\/index.php\/wp-json\/wp\/v2\/tags?post=110796"}],"curies":[{"name":"wp","href":"https:\/\/api.w.org\/{rel}","templated":true}]}}