{"id":110827,"date":"2022-08-16T14:00:44","date_gmt":"2022-08-16T17:00:44","guid":{"rendered":"https:\/\/folhapopular.info\/?p=110827"},"modified":"2022-08-16T14:00:48","modified_gmt":"2022-08-16T17:00:48","slug":"conhecidos-os-contemplados-na-promocao-alusiva-ao-dia-dos-pais-da-cacis-estrela","status":"publish","type":"post","link":"https:\/\/folhapopular.info\/index.php\/2022\/08\/16\/conhecidos-os-contemplados-na-promocao-alusiva-ao-dia-dos-pais-da-cacis-estrela\/","title":{"rendered":"Conhecidos os contemplados na promo\u00e7\u00e3o alusiva ao Dia dos Pais da Cacis Estrela"},"content":{"rendered":"\n<p>Na manh\u00e3 desta ter\u00e7a-feira (16\/8), foram conhecidos os contemplados da promo\u00e7\u00e3o Meu Pai, Minha Estrela, alusiva ao Dia dos Pais, campanha promovida pela C\u00e2mara de Com\u00e9rcio, Ind\u00fastria, Servi\u00e7os e Agroneg\u00f3cio (Cacis Estrela).\u00a0Foram sorteados cinco pr\u00eamios, contemplando consumidores de Estrela, Lajeado e Colinas. O sorteio foi realizado na Prefeitura de Estrela. <\/p>\n\n\n\n<p>Os pr\u00eamios sorteados e seus respectivos contemplados foram:<\/p>\n\n\n\n<p>&nbsp;&#8211; Bicicleta: Valdir Luciano da Rosa, do Bairro S\u00e3o Crist\u00f3v\u00e3o (Lajeado), que recebeu seu cupom no Posto Pinguim;<\/p>\n\n\n\n<p>&#8211; Celular: Marlise Rodrigues da Silva, do Centro (Colinas), que recebeu seu cupom no Supermercado STR Lajeado\/Filial Estrela;<\/p>\n\n\n\n<p>&#8211; Poltrona do Papai: P\u00e2mela Let\u00edcia Malagutti, do Bairro Cristo Rei (Estrela), que recebeu seu cupom na Loja Reggla;<\/p>\n\n\n\n<p>&#8211; Caixa amplificadora: Maikon Cristiano G\u00f6tz, do Bairro Jardim do Cedro (Lajeado), que recebeu seu cupom no Supermercado STR Lajeado\/Filial Estrela;<\/p>\n\n\n\n<p>&#8211; Ar condicionado: Franciele Schossler, da Linha S\u00e3o Jos\u00e9 (Estrela), que recebeu seu cupom no Supermercado STR Lajeado\/Filial Estrela.<\/p>\n\n\n\n<p>No total, foram distribu\u00eddos 70 mil cupons nos 84 estabelecimentos participantes. A campanha, que visou estimular o com\u00e9rcio local, entrou em vigor no dia 27 de julho e seguiu at\u00e9 domingo (14\/8). A cada R$ 50,00 em compras nas empresas participantes, o cliente recebia um cupom para preencher e concorrer aos cinco pr\u00eamios.<\/p>\n\n\n\n<p>O diretor do Com\u00e9rcio da Cacis, Dan\u00fabio Scheer, pontuou que a campanha movimentou o com\u00e9rcio de Estrela. \u201cFomentamos o nosso com\u00e9rcio com estas campanhas. Cada vez mais elas t\u00eam atra\u00eddo os consumidores de Estrela e, tamb\u00e9m, da regi\u00e3o, que vem para c\u00e1 fazer suas compras\u201d, salientou.<\/p>\n\n\n\n<p>O vice-prefeito de Estrela, Jo\u00e3o Carlos Sch\u00e4fer, lembrou que as campanhas da Cacis ocorrem desde 2012. \u201cCriar algo \u00e9 f\u00e1cil, mas manter este trabalho por tanto tempo merece todo o nosso respeito. S\u00f3 temos a parabenizar a Cacis por estar fazendo estas campanhas que v\u00eam em favor de todo o nosso munic\u00edpio\u201d, ressaltou.<\/p>\n\n\n\n<p>A secret\u00e1ria da Fazenda de Estrela, Natalie Sesti Lopes, colocou que a campanha beneficiou o com\u00e9rcio local. \u201cPara o Governo de Estrela \u00e9 sempre importante estar apoiando a Cacis em iniciativas como esta. Ficamos felizes em ver que a popula\u00e7\u00e3o adere a estas campanhas e movimenta o nosso com\u00e9rcio\u201d, afirmou.<\/p>\n\n\n\n<p>Representando o patrocinador da campanha, o gerente da ag\u00eancia da Sicredi do Centro, Edison Griesbach, parabenizou a Cacis por mobilizar e apoiar o com\u00e9rcio local. \u201cToda essa mobiliza\u00e7\u00e3o que a Cacis faz \u00e9 de suma import\u00e2ncia, pois valoriza a economia local. N\u00f3s acreditamos que este movimento vai ao encontro daquilo que prega o cooperativismo, que \u00e9 o fortalecimento da economia local. Por isso, a Sicredi \u00e9 parceira das diversas a\u00e7\u00f5es que a Cacis promove\u201d, enalteceu.<\/p>\n\n\n\n<p>A premia\u00e7\u00e3o ser\u00e1 entregue nesta quarta-feira (17\/8), \u00e0s 9h, na sede da Cacis. A promo\u00e7\u00e3o foi uma realiza\u00e7\u00e3o da C\u00e2mara de Com\u00e9rcio, Ind\u00fastria, Servi\u00e7os e Agroneg\u00f3cio (Cacis), com apoio do Governo de Estrela e patroc\u00ednio de Sicredi Ouro Branco.<\/p>\n","protected":false},"excerpt":{"rendered":"<p>Na manh\u00e3 desta ter\u00e7a-feira (16\/8), foram conhecidos os contemplados da promo\u00e7\u00e3o Meu Pai, Minha Estrela, alusiva ao Dia dos Pais, campanha promovida pela C\u00e2mara de Com\u00e9rcio, Ind\u00fastria, Servi\u00e7os e Agroneg\u00f3cio (Cacis Estrela).\u00a0Foram sorteados cinco pr\u00eamios, contemplando consumidores de Estrela, Lajeado e Colinas. O sorteio foi realizado na Prefeitura de Estrela. Os pr\u00eamios sorteados e seus [&hellip;]<\/p>\n","protected":false},"author":8,"featured_media":110828,"comment_status":"open","ping_status":"open","sticky":false,"template":"","format":"standard","meta":{"pmpro_default_level":"","_jetpack_memberships_contains_paid_content":false,"footnotes":""},"categories":[2,3],"tags":[8,156],"class_list":{"0":"post-110827","1":"post","2":"type-post","3":"status-publish","4":"format-standard","5":"has-post-thumbnail","7":"category-featured","8":"category-geral","9":"tag-estrela","10":"tag-vale-do-taquari","11":"pmpro-has-access"},"yoast_head":"<!-- This site is optimized with the Yoast SEO plugin v27.5 - https:\/\/yoast.com\/product\/yoast-seo-wordpress\/ -->\n<title>Conhecidos os contemplados na promo\u00e7\u00e3o alusiva ao Dia dos Pais da Cacis Estrela - Folha Popular<\/title>\n<meta name=\"robots\" content=\"index, follow, max-snippet:-1, max-image-preview:large, max-video-preview:-1\" \/>\n<link rel=\"canonical\" href=\"https:\/\/folhapopular.info\/index.php\/2022\/08\/16\/conhecidos-os-contemplados-na-promocao-alusiva-ao-dia-dos-pais-da-cacis-estrela\/\" \/>\n<meta property=\"og:locale\" content=\"pt_BR\" \/>\n<meta property=\"og:type\" content=\"article\" \/>\n<meta property=\"og:title\" content=\"Conhecidos os contemplados na promo\u00e7\u00e3o alusiva ao Dia dos Pais da Cacis Estrela - Folha Popular\" \/>\n<meta property=\"og:description\" content=\"Na manh\u00e3 desta ter\u00e7a-feira (16\/8), foram conhecidos os contemplados da promo\u00e7\u00e3o Meu Pai, Minha Estrela, alusiva ao Dia dos Pais, campanha promovida pela C\u00e2mara de Com\u00e9rcio, Ind\u00fastria, Servi\u00e7os e Agroneg\u00f3cio (Cacis Estrela).\u00a0Foram sorteados cinco pr\u00eamios, contemplando consumidores de Estrela, Lajeado e Colinas. O sorteio foi realizado na Prefeitura de Estrela. Os pr\u00eamios sorteados e seus [&hellip;]\" \/>\n<meta property=\"og:url\" content=\"https:\/\/folhapopular.info\/index.php\/2022\/08\/16\/conhecidos-os-contemplados-na-promocao-alusiva-ao-dia-dos-pais-da-cacis-estrela\/\" \/>\n<meta property=\"og:site_name\" content=\"Folha Popular\" \/>\n<meta property=\"article:published_time\" content=\"2022-08-16T17:00:44+00:00\" \/>\n<meta property=\"article:modified_time\" content=\"2022-08-16T17:00:48+00:00\" \/>\n<meta property=\"og:image\" content=\"http:\/\/folhapopular.info\/wp-content\/uploads\/2022\/08\/Sorteio-foi-realizado-na-manha-desta-terca-feira-3-scaled.jpg\" \/>\n\t<meta property=\"og:image:width\" content=\"2560\" \/>\n\t<meta property=\"og:image:height\" content=\"1707\" \/>\n\t<meta property=\"og:image:type\" content=\"image\/jpeg\" \/>\n<meta name=\"author\" content=\"Reda\u00e7\u00e3o Folha Popular\" \/>\n<meta name=\"twitter:card\" content=\"summary_large_image\" \/>\n<meta name=\"twitter:label1\" content=\"Escrito por\" \/>\n\t<meta name=\"twitter:data1\" content=\"Reda\u00e7\u00e3o Folha Popular\" \/>\n\t<meta name=\"twitter:label2\" content=\"Est. tempo de leitura\" \/>\n\t<meta name=\"twitter:data2\" content=\"3 minutos\" \/>\n<script type=\"application\/ld+json\" class=\"yoast-schema-graph\">{\"@context\":\"https:\\\/\\\/schema.org\",\"@graph\":[{\"@type\":\"Article\",\"@id\":\"https:\\\/\\\/folhapopular.info\\\/index.php\\\/2022\\\/08\\\/16\\\/conhecidos-os-contemplados-na-promocao-alusiva-ao-dia-dos-pais-da-cacis-estrela\\\/#article\",\"isPartOf\":{\"@id\":\"https:\\\/\\\/folhapopular.info\\\/index.php\\\/2022\\\/08\\\/16\\\/conhecidos-os-contemplados-na-promocao-alusiva-ao-dia-dos-pais-da-cacis-estrela\\\/\"},\"author\":{\"name\":\"Reda\u00e7\u00e3o Folha Popular\",\"@id\":\"https:\\\/\\\/folhapopular.info\\\/#\\\/schema\\\/person\\\/2814e8a0df7643585a9ca38bc6eb9d4b\"},\"headline\":\"Conhecidos os contemplados na promo\u00e7\u00e3o alusiva ao Dia dos Pais da Cacis Estrela\",\"datePublished\":\"2022-08-16T17:00:44+00:00\",\"dateModified\":\"2022-08-16T17:00:48+00:00\",\"mainEntityOfPage\":{\"@id\":\"https:\\\/\\\/folhapopular.info\\\/index.php\\\/2022\\\/08\\\/16\\\/conhecidos-os-contemplados-na-promocao-alusiva-ao-dia-dos-pais-da-cacis-estrela\\\/\"},\"wordCount\":526,\"commentCount\":0,\"image\":{\"@id\":\"https:\\\/\\\/folhapopular.info\\\/index.php\\\/2022\\\/08\\\/16\\\/conhecidos-os-contemplados-na-promocao-alusiva-ao-dia-dos-pais-da-cacis-estrela\\\/#primaryimage\"},\"thumbnailUrl\":\"https:\\\/\\\/folhapopular.info\\\/wp-content\\\/uploads\\\/2022\\\/08\\\/Sorteio-foi-realizado-na-manha-desta-terca-feira-3-scaled.jpg\",\"keywords\":[\"Estrela\",\"Vale do Taquari\"],\"articleSection\":[\"Destaques\",\"Geral\"],\"inLanguage\":\"pt-BR\",\"potentialAction\":[{\"@type\":\"CommentAction\",\"name\":\"Comment\",\"target\":[\"https:\\\/\\\/folhapopular.info\\\/index.php\\\/2022\\\/08\\\/16\\\/conhecidos-os-contemplados-na-promocao-alusiva-ao-dia-dos-pais-da-cacis-estrela\\\/#respond\"]}]},{\"@type\":\"WebPage\",\"@id\":\"https:\\\/\\\/folhapopular.info\\\/index.php\\\/2022\\\/08\\\/16\\\/conhecidos-os-contemplados-na-promocao-alusiva-ao-dia-dos-pais-da-cacis-estrela\\\/\",\"url\":\"https:\\\/\\\/folhapopular.info\\\/index.php\\\/2022\\\/08\\\/16\\\/conhecidos-os-contemplados-na-promocao-alusiva-ao-dia-dos-pais-da-cacis-estrela\\\/\",\"name\":\"Conhecidos os contemplados na promo\u00e7\u00e3o alusiva ao Dia dos Pais da Cacis Estrela - Folha Popular\",\"isPartOf\":{\"@id\":\"https:\\\/\\\/folhapopular.info\\\/#website\"},\"primaryImageOfPage\":{\"@id\":\"https:\\\/\\\/folhapopular.info\\\/index.php\\\/2022\\\/08\\\/16\\\/conhecidos-os-contemplados-na-promocao-alusiva-ao-dia-dos-pais-da-cacis-estrela\\\/#primaryimage\"},\"image\":{\"@id\":\"https:\\\/\\\/folhapopular.info\\\/index.php\\\/2022\\\/08\\\/16\\\/conhecidos-os-contemplados-na-promocao-alusiva-ao-dia-dos-pais-da-cacis-estrela\\\/#primaryimage\"},\"thumbnailUrl\":\"https:\\\/\\\/folhapopular.info\\\/wp-content\\\/uploads\\\/2022\\\/08\\\/Sorteio-foi-realizado-na-manha-desta-terca-feira-3-scaled.jpg\",\"datePublished\":\"2022-08-16T17:00:44+00:00\",\"dateModified\":\"2022-08-16T17:00:48+00:00\",\"author\":{\"@id\":\"https:\\\/\\\/folhapopular.info\\\/#\\\/schema\\\/person\\\/2814e8a0df7643585a9ca38bc6eb9d4b\"},\"breadcrumb\":{\"@id\":\"https:\\\/\\\/folhapopular.info\\\/index.php\\\/2022\\\/08\\\/16\\\/conhecidos-os-contemplados-na-promocao-alusiva-ao-dia-dos-pais-da-cacis-estrela\\\/#breadcrumb\"},\"inLanguage\":\"pt-BR\",\"potentialAction\":[{\"@type\":\"ReadAction\",\"target\":[\"https:\\\/\\\/folhapopular.info\\\/index.php\\\/2022\\\/08\\\/16\\\/conhecidos-os-contemplados-na-promocao-alusiva-ao-dia-dos-pais-da-cacis-estrela\\\/\"]}]},{\"@type\":\"ImageObject\",\"inLanguage\":\"pt-BR\",\"@id\":\"https:\\\/\\\/folhapopular.info\\\/index.php\\\/2022\\\/08\\\/16\\\/conhecidos-os-contemplados-na-promocao-alusiva-ao-dia-dos-pais-da-cacis-estrela\\\/#primaryimage\",\"url\":\"https:\\\/\\\/folhapopular.info\\\/wp-content\\\/uploads\\\/2022\\\/08\\\/Sorteio-foi-realizado-na-manha-desta-terca-feira-3-scaled.jpg\",\"contentUrl\":\"https:\\\/\\\/folhapopular.info\\\/wp-content\\\/uploads\\\/2022\\\/08\\\/Sorteio-foi-realizado-na-manha-desta-terca-feira-3-scaled.jpg\",\"width\":2560,\"height\":1707,\"caption\":\"Cr\u00e9dito: \u00c9dson Lu\u00eds Schaeffer\\\/Divulga\u00e7\u00e3o\"},{\"@type\":\"BreadcrumbList\",\"@id\":\"https:\\\/\\\/folhapopular.info\\\/index.php\\\/2022\\\/08\\\/16\\\/conhecidos-os-contemplados-na-promocao-alusiva-ao-dia-dos-pais-da-cacis-estrela\\\/#breadcrumb\",\"itemListElement\":[{\"@type\":\"ListItem\",\"position\":1,\"name\":\"In\u00edcio\",\"item\":\"https:\\\/\\\/folhapopular.info\\\/\"},{\"@type\":\"ListItem\",\"position\":2,\"name\":\"Conhecidos os contemplados na promo\u00e7\u00e3o alusiva ao Dia dos Pais da Cacis Estrela\"}]},{\"@type\":\"WebSite\",\"@id\":\"https:\\\/\\\/folhapopular.info\\\/#website\",\"url\":\"https:\\\/\\\/folhapopular.info\\\/\",\"name\":\"Folha Popular\",\"description\":\"Onde voc\u00ea tem vez e voz\",\"potentialAction\":[{\"@type\":\"SearchAction\",\"target\":{\"@type\":\"EntryPoint\",\"urlTemplate\":\"https:\\\/\\\/folhapopular.info\\\/?s={search_term_string}\"},\"query-input\":{\"@type\":\"PropertyValueSpecification\",\"valueRequired\":true,\"valueName\":\"search_term_string\"}}],\"inLanguage\":\"pt-BR\"},{\"@type\":\"Person\",\"@id\":\"https:\\\/\\\/folhapopular.info\\\/#\\\/schema\\\/person\\\/2814e8a0df7643585a9ca38bc6eb9d4b\",\"name\":\"Reda\u00e7\u00e3o Folha Popular\",\"image\":{\"@type\":\"ImageObject\",\"inLanguage\":\"pt-BR\",\"@id\":\"https:\\\/\\\/folhapopular.info\\\/wp-content\\\/uploads\\\/2026\\\/04\\\/Folha-1.webp\",\"url\":\"https:\\\/\\\/folhapopular.info\\\/wp-content\\\/uploads\\\/2026\\\/04\\\/Folha-1.webp\",\"contentUrl\":\"https:\\\/\\\/folhapopular.info\\\/wp-content\\\/uploads\\\/2026\\\/04\\\/Folha-1.webp\",\"caption\":\"Reda\u00e7\u00e3o Folha Popular\"},\"url\":\"https:\\\/\\\/folhapopular.info\\\/index.php\\\/author\\\/redacao\\\/\"}]}<\/script>\n<!-- \/ Yoast SEO plugin. -->","yoast_head_json":{"title":"Conhecidos os contemplados na promo\u00e7\u00e3o alusiva ao Dia dos Pais da Cacis Estrela - Folha Popular","robots":{"index":"index","follow":"follow","max-snippet":"max-snippet:-1","max-image-preview":"max-image-preview:large","max-video-preview":"max-video-preview:-1"},"canonical":"https:\/\/folhapopular.info\/index.php\/2022\/08\/16\/conhecidos-os-contemplados-na-promocao-alusiva-ao-dia-dos-pais-da-cacis-estrela\/","og_locale":"pt_BR","og_type":"article","og_title":"Conhecidos os contemplados na promo\u00e7\u00e3o alusiva ao Dia dos Pais da Cacis Estrela - Folha Popular","og_description":"Na manh\u00e3 desta ter\u00e7a-feira (16\/8), foram conhecidos os contemplados da promo\u00e7\u00e3o Meu Pai, Minha Estrela, alusiva ao Dia dos Pais, campanha promovida pela C\u00e2mara de Com\u00e9rcio, Ind\u00fastria, Servi\u00e7os e Agroneg\u00f3cio (Cacis Estrela).\u00a0Foram sorteados cinco pr\u00eamios, contemplando consumidores de Estrela, Lajeado e Colinas. O sorteio foi realizado na Prefeitura de Estrela. Os pr\u00eamios sorteados e seus [&hellip;]","og_url":"https:\/\/folhapopular.info\/index.php\/2022\/08\/16\/conhecidos-os-contemplados-na-promocao-alusiva-ao-dia-dos-pais-da-cacis-estrela\/","og_site_name":"Folha Popular","article_published_time":"2022-08-16T17:00:44+00:00","article_modified_time":"2022-08-16T17:00:48+00:00","og_image":[{"width":2560,"height":1707,"url":"http:\/\/folhapopular.info\/wp-content\/uploads\/2022\/08\/Sorteio-foi-realizado-na-manha-desta-terca-feira-3-scaled.jpg","type":"image\/jpeg"}],"author":"Reda\u00e7\u00e3o Folha Popular","twitter_card":"summary_large_image","twitter_misc":{"Escrito por":"Reda\u00e7\u00e3o Folha Popular","Est. tempo de leitura":"3 minutos"},"schema":{"@context":"https:\/\/schema.org","@graph":[{"@type":"Article","@id":"https:\/\/folhapopular.info\/index.php\/2022\/08\/16\/conhecidos-os-contemplados-na-promocao-alusiva-ao-dia-dos-pais-da-cacis-estrela\/#article","isPartOf":{"@id":"https:\/\/folhapopular.info\/index.php\/2022\/08\/16\/conhecidos-os-contemplados-na-promocao-alusiva-ao-dia-dos-pais-da-cacis-estrela\/"},"author":{"name":"Reda\u00e7\u00e3o Folha Popular","@id":"https:\/\/folhapopular.info\/#\/schema\/person\/2814e8a0df7643585a9ca38bc6eb9d4b"},"headline":"Conhecidos os contemplados na promo\u00e7\u00e3o alusiva ao Dia dos Pais da Cacis Estrela","datePublished":"2022-08-16T17:00:44+00:00","dateModified":"2022-08-16T17:00:48+00:00","mainEntityOfPage":{"@id":"https:\/\/folhapopular.info\/index.php\/2022\/08\/16\/conhecidos-os-contemplados-na-promocao-alusiva-ao-dia-dos-pais-da-cacis-estrela\/"},"wordCount":526,"commentCount":0,"image":{"@id":"https:\/\/folhapopular.info\/index.php\/2022\/08\/16\/conhecidos-os-contemplados-na-promocao-alusiva-ao-dia-dos-pais-da-cacis-estrela\/#primaryimage"},"thumbnailUrl":"https:\/\/folhapopular.info\/wp-content\/uploads\/2022\/08\/Sorteio-foi-realizado-na-manha-desta-terca-feira-3-scaled.jpg","keywords":["Estrela","Vale do Taquari"],"articleSection":["Destaques","Geral"],"inLanguage":"pt-BR","potentialAction":[{"@type":"CommentAction","name":"Comment","target":["https:\/\/folhapopular.info\/index.php\/2022\/08\/16\/conhecidos-os-contemplados-na-promocao-alusiva-ao-dia-dos-pais-da-cacis-estrela\/#respond"]}]},{"@type":"WebPage","@id":"https:\/\/folhapopular.info\/index.php\/2022\/08\/16\/conhecidos-os-contemplados-na-promocao-alusiva-ao-dia-dos-pais-da-cacis-estrela\/","url":"https:\/\/folhapopular.info\/index.php\/2022\/08\/16\/conhecidos-os-contemplados-na-promocao-alusiva-ao-dia-dos-pais-da-cacis-estrela\/","name":"Conhecidos os contemplados na promo\u00e7\u00e3o alusiva ao Dia dos Pais da Cacis Estrela - Folha Popular","isPartOf":{"@id":"https:\/\/folhapopular.info\/#website"},"primaryImageOfPage":{"@id":"https:\/\/folhapopular.info\/index.php\/2022\/08\/16\/conhecidos-os-contemplados-na-promocao-alusiva-ao-dia-dos-pais-da-cacis-estrela\/#primaryimage"},"image":{"@id":"https:\/\/folhapopular.info\/index.php\/2022\/08\/16\/conhecidos-os-contemplados-na-promocao-alusiva-ao-dia-dos-pais-da-cacis-estrela\/#primaryimage"},"thumbnailUrl":"https:\/\/folhapopular.info\/wp-content\/uploads\/2022\/08\/Sorteio-foi-realizado-na-manha-desta-terca-feira-3-scaled.jpg","datePublished":"2022-08-16T17:00:44+00:00","dateModified":"2022-08-16T17:00:48+00:00","author":{"@id":"https:\/\/folhapopular.info\/#\/schema\/person\/2814e8a0df7643585a9ca38bc6eb9d4b"},"breadcrumb":{"@id":"https:\/\/folhapopular.info\/index.php\/2022\/08\/16\/conhecidos-os-contemplados-na-promocao-alusiva-ao-dia-dos-pais-da-cacis-estrela\/#breadcrumb"},"inLanguage":"pt-BR","potentialAction":[{"@type":"ReadAction","target":["https:\/\/folhapopular.info\/index.php\/2022\/08\/16\/conhecidos-os-contemplados-na-promocao-alusiva-ao-dia-dos-pais-da-cacis-estrela\/"]}]},{"@type":"ImageObject","inLanguage":"pt-BR","@id":"https:\/\/folhapopular.info\/index.php\/2022\/08\/16\/conhecidos-os-contemplados-na-promocao-alusiva-ao-dia-dos-pais-da-cacis-estrela\/#primaryimage","url":"https:\/\/folhapopular.info\/wp-content\/uploads\/2022\/08\/Sorteio-foi-realizado-na-manha-desta-terca-feira-3-scaled.jpg","contentUrl":"https:\/\/folhapopular.info\/wp-content\/uploads\/2022\/08\/Sorteio-foi-realizado-na-manha-desta-terca-feira-3-scaled.jpg","width":2560,"height":1707,"caption":"Cr\u00e9dito: \u00c9dson Lu\u00eds Schaeffer\/Divulga\u00e7\u00e3o"},{"@type":"BreadcrumbList","@id":"https:\/\/folhapopular.info\/index.php\/2022\/08\/16\/conhecidos-os-contemplados-na-promocao-alusiva-ao-dia-dos-pais-da-cacis-estrela\/#breadcrumb","itemListElement":[{"@type":"ListItem","position":1,"name":"In\u00edcio","item":"https:\/\/folhapopular.info\/"},{"@type":"ListItem","position":2,"name":"Conhecidos os contemplados na promo\u00e7\u00e3o alusiva ao Dia dos Pais da Cacis Estrela"}]},{"@type":"WebSite","@id":"https:\/\/folhapopular.info\/#website","url":"https:\/\/folhapopular.info\/","name":"Folha Popular","description":"Onde voc\u00ea tem vez e voz","potentialAction":[{"@type":"SearchAction","target":{"@type":"EntryPoint","urlTemplate":"https:\/\/folhapopular.info\/?s={search_term_string}"},"query-input":{"@type":"PropertyValueSpecification","valueRequired":true,"valueName":"search_term_string"}}],"inLanguage":"pt-BR"},{"@type":"Person","@id":"https:\/\/folhapopular.info\/#\/schema\/person\/2814e8a0df7643585a9ca38bc6eb9d4b","name":"Reda\u00e7\u00e3o Folha Popular","image":{"@type":"ImageObject","inLanguage":"pt-BR","@id":"https:\/\/folhapopular.info\/wp-content\/uploads\/2026\/04\/Folha-1.webp","url":"https:\/\/folhapopular.info\/wp-content\/uploads\/2026\/04\/Folha-1.webp","contentUrl":"https:\/\/folhapopular.info\/wp-content\/uploads\/2026\/04\/Folha-1.webp","caption":"Reda\u00e7\u00e3o Folha Popular"},"url":"https:\/\/folhapopular.info\/index.php\/author\/redacao\/"}]}},"jetpack_featured_media_url":"https:\/\/folhapopular.info\/wp-content\/uploads\/2022\/08\/Sorteio-foi-realizado-na-manha-desta-terca-feira-3-scaled.jpg","jetpack_sharing_enabled":true,"amp_enabled":true,"_links":{"self":[{"href":"https:\/\/folhapopular.info\/index.php\/wp-json\/wp\/v2\/posts\/110827","targetHints":{"allow":["GET"]}}],"collection":[{"href":"https:\/\/folhapopular.info\/index.php\/wp-json\/wp\/v2\/posts"}],"about":[{"href":"https:\/\/folhapopular.info\/index.php\/wp-json\/wp\/v2\/types\/post"}],"author":[{"embeddable":true,"href":"https:\/\/folhapopular.info\/index.php\/wp-json\/wp\/v2\/users\/8"}],"replies":[{"embeddable":true,"href":"https:\/\/folhapopular.info\/index.php\/wp-json\/wp\/v2\/comments?post=110827"}],"version-history":[{"count":0,"href":"https:\/\/folhapopular.info\/index.php\/wp-json\/wp\/v2\/posts\/110827\/revisions"}],"wp:featuredmedia":[{"embeddable":true,"href":"https:\/\/folhapopular.info\/index.php\/wp-json\/wp\/v2\/media\/110828"}],"wp:attachment":[{"href":"https:\/\/folhapopular.info\/index.php\/wp-json\/wp\/v2\/media?parent=110827"}],"wp:term":[{"taxonomy":"category","embeddable":true,"href":"https:\/\/folhapopular.info\/index.php\/wp-json\/wp\/v2\/categories?post=110827"},{"taxonomy":"post_tag","embeddable":true,"href":"https:\/\/folhapopular.info\/index.php\/wp-json\/wp\/v2\/tags?post=110827"}],"curies":[{"name":"wp","href":"https:\/\/api.w.org\/{rel}","templated":true}]}}