{"id":110868,"date":"2022-08-16T16:16:53","date_gmt":"2022-08-16T19:16:53","guid":{"rendered":"https:\/\/folhapopular.info\/?p=110868"},"modified":"2022-08-16T16:16:57","modified_gmt":"2022-08-16T19:16:57","slug":"reuniao-almoco-com-heinze-inicia-ciclo-de-sabatinas-da-acil-com-candidatos-a-governador","status":"publish","type":"post","link":"https:\/\/folhapopular.info\/index.php\/2022\/08\/16\/reuniao-almoco-com-heinze-inicia-ciclo-de-sabatinas-da-acil-com-candidatos-a-governador\/","title":{"rendered":"Reuni\u00e3o-almo\u00e7o com Heinze inicia ciclo de sabatinas da Acil com candidatos a governador"},"content":{"rendered":"\n<p>A Associa\u00e7\u00e3o Comercial e Industrial de Lajeado (Acil), junto aos ve\u00edculos de comunica\u00e7\u00e3o associados \u00e0 entidade, iniciou, nesta ter\u00e7a-feira (16\/8), o ciclo de sabatinas com os candidatos ao Pal\u00e1cio do Piratini. Em formato reuni\u00e3o-almo\u00e7o, o evento contou com a participa\u00e7\u00e3o de representantes de entidades dos tr\u00eas setores.<\/p>\n\n\n\n<p>O primeiro candidato a ser sabatinado foi Luis Carlos Heinze (PP\/PTB), que tem em sua trajet\u00f3ria cinco mandatos na C\u00e2mara dos Deputados e uma elei\u00e7\u00e3o ao Senado, representando o RS, em 2018.<\/p>\n\n\n\n<p>Durante sua participa\u00e7\u00e3o como deputado federal, Heinze protocolou mais de mil propostas legislativas e conseguiu a libera\u00e7\u00e3o de mais de R$ 3 bilh\u00f5es em recursos para os munic\u00edpios ga\u00fachos.<\/p>\n\n\n\n<p>Com o tema \u201cComo desenvolver o Rio Grande\u201d, o candidato abordou temas como infraestrutura, modais rodovi\u00e1rios, ferrovi\u00e1rios e pluviais, efici\u00eancia energ\u00e9tica, educa\u00e7\u00e3o, recupera\u00e7\u00e3o fiscal e agricultura, entre outros.<\/p>\n\n\n\n<p>Agr\u00f4nomo de forma\u00e7\u00e3o, Heinze afirmou estar aberto \u00e0 conversa\u00e7\u00e3o com todos que tiverem ideias para contribuir com o crescimento do Estado. \u201cVamos transformar ideias em realidade\u201d, citou.<\/p>\n\n\n\n<p>Dentre seus feitos, o candidato relatou a ajuda a todos os hospitais filantr\u00f3picos do Estado. \u201cSomente o Hospital Bruno Born (HBB) recebeu mais de R$ 13 milh\u00f5es por meu interm\u00e9dio. Ainda, o RS foi o \u00fanico Estado que triplicou os leitos covid-19 em 2020, tamb\u00e9m com minha ajuda\u201d, enfatizou.<\/p>\n\n\n\n<p>Discorreu tamb\u00e9m sobre o voto a favor da diminui\u00e7\u00e3o do Imposto sobre Opera\u00e7\u00f5es relativas \u00e0 Circula\u00e7\u00e3o de Mercadorias (ICMS) sobre combust\u00edveis: \u201cTenho que votar com o povo, e n\u00e3o contra ele\u201d.<\/p>\n\n\n\n<p><strong>Pretens\u00f5es como Governador<\/strong><\/p>\n\n\n\n<p>Se eleito, Heinze prometeu juntar governadores de outros estados para renegociar as d\u00edvidas com a Uni\u00e3o, que considera impag\u00e1veis atualmente.<\/p>\n\n\n\n<p>Tamb\u00e9m assumiu o compromisso de dar acesso asf\u00e1ltico aos 20 munic\u00edpios que ainda n\u00e3o o possuem em 2022.<\/p>\n\n\n\n<p>Prometeu repatriar cerca de 1.200 soldados da Brigada Militar atualmente em servi\u00e7o nos Pres\u00eddios Estaduais, reorganizando suas fun\u00e7\u00f5es e aumentando o efetivo nas ruas.<\/p>\n\n\n\n<p>Pretende fazer parcerias com associa\u00e7\u00f5es comerciais e industriais, cooperativas, sistema S, prefeituras e empres\u00e1rios para treinar e preparar grande parte da m\u00e3o de obra desqualificada no Estado e dar educa\u00e7\u00e3o para os 500 mil desempregados no RS.<\/p>\n\n\n\n<p>\u201cSomos o 15\u00ba Estado em Educa\u00e7\u00e3o, com n\u00edveis p\u00e9ssimos. Quero recuperar as perdas nas escolas com aux\u00edlio dos munic\u00edpios e da comandante N\u00e1dia, nossa candidata ao Senado\u201d, salienta.<\/p>\n\n\n\n<p>Ainda, o atual senador enfatizou que \u201cas ferrovias v\u00e3o acontecer novamente no RS\u201d. Segundo ele, h\u00e1 mais de 1.400 quil\u00f4metros de linha f\u00e9rrea abandonados, sendo alguns no Vale do Taquari. \u201cVamos renovar essas concess\u00f5es, e o mesmo faremos com as hidrel\u00e9tricas, tornando naveg\u00e1veis os rios Taquari e Jacu\u00ed\u201d, citou.<\/p>\n\n\n\n<p>Heinze avalia a possibilidade de construir a primeira hidrovia pedagiada do Brasil, integrando Uruguai e Brasil. Tamb\u00e9m disse j\u00e1 trabalhar no projeto de uma estrada alternativa \u00e0 BR-116, ligando a BR-386 com a Serra Ga\u00facha. \u201c\u00c9 vi\u00e1vel e poss\u00edvel fazer estradas com recursos de impostos e parcerias\u201d, complementou.<\/p>\n\n\n\n<p>Ainda, abordou o tema efici\u00eancia energ\u00e9tica, momento em que falou sobre rever burocracias e lentid\u00e3o dentro da Funda\u00e7\u00e3o Estadual de Prote\u00e7\u00e3o Ambiental (Fepam) em rela\u00e7\u00e3o \u00e0 libera\u00e7\u00e3o de projetos como os de hidrel\u00e9tricas e usinas e\u00f3licas. \u201cTemos 900 mW parados por falta de licenciamento. Se em Santa Catarina uma licen\u00e7a \u00e9 obtida em 3 meses, no RS leva 3 anos. No fim do meu governo, nosso estado ser\u00e1 autossuficiente em energia e, inclusive, vender\u00e1 parte dela\u201d, finalizou.<\/p>\n\n\n\n<p>A reuni\u00e3o-almo\u00e7o contou, tamb\u00e9m, com a presen\u00e7a da candidata ao Senado pelo RS, comandante N\u00e1dia Rodrigues Silveira Gerhard (PP), que apoiou o atual senador e apresentou algumas das propostas para o seu mandato. \u201cEntrei na pol\u00edtica por indigna\u00e7\u00e3o, e a pol\u00edtica n\u00e3o \u00e9 para covardes. Meu pa\u00eds n\u00e3o pode retroceder\u201d, completou.<\/p>\n\n\n\n<p>A segunda reuni\u00e3o-almo\u00e7o da Acil ocorrer\u00e1 na pr\u00f3xima ter\u00e7a-feira (23\/8) e trar\u00e1 o candidato Onyx Lorenzoni (PL), que falar\u00e1 sobre o tema \u201cA escolha pela transforma\u00e7\u00e3o do Rio Grande\u201d.<\/p>\n","protected":false},"excerpt":{"rendered":"<p>A Associa\u00e7\u00e3o Comercial e Industrial de Lajeado (Acil), junto aos ve\u00edculos de comunica\u00e7\u00e3o associados \u00e0 entidade, iniciou, nesta ter\u00e7a-feira (16\/8), o ciclo de sabatinas com os candidatos ao Pal\u00e1cio do Piratini. Em formato reuni\u00e3o-almo\u00e7o, o evento contou com a participa\u00e7\u00e3o de representantes de entidades dos tr\u00eas setores. O primeiro candidato a ser sabatinado foi Luis [&hellip;]<\/p>\n","protected":false},"author":8,"featured_media":110869,"comment_status":"open","ping_status":"open","sticky":false,"template":"","format":"standard","meta":{"pmpro_default_level":"","_jetpack_memberships_contains_paid_content":false,"footnotes":""},"categories":[2,3],"tags":[],"class_list":{"0":"post-110868","1":"post","2":"type-post","3":"status-publish","4":"format-standard","5":"has-post-thumbnail","7":"category-featured","8":"category-geral","9":"pmpro-has-access"},"yoast_head":"<!-- This site is optimized with the Yoast SEO plugin v27.5 - https:\/\/yoast.com\/product\/yoast-seo-wordpress\/ -->\n<title>Reuni\u00e3o-almo\u00e7o com Heinze inicia ciclo de sabatinas da Acil com candidatos a governador - Folha Popular<\/title>\n<meta name=\"robots\" content=\"index, follow, max-snippet:-1, max-image-preview:large, max-video-preview:-1\" \/>\n<link rel=\"canonical\" href=\"https:\/\/folhapopular.info\/index.php\/2022\/08\/16\/reuniao-almoco-com-heinze-inicia-ciclo-de-sabatinas-da-acil-com-candidatos-a-governador\/\" \/>\n<meta property=\"og:locale\" content=\"pt_BR\" \/>\n<meta property=\"og:type\" content=\"article\" \/>\n<meta property=\"og:title\" content=\"Reuni\u00e3o-almo\u00e7o com Heinze inicia ciclo de sabatinas da Acil com candidatos a governador - Folha Popular\" \/>\n<meta property=\"og:description\" content=\"A Associa\u00e7\u00e3o Comercial e Industrial de Lajeado (Acil), junto aos ve\u00edculos de comunica\u00e7\u00e3o associados \u00e0 entidade, iniciou, nesta ter\u00e7a-feira (16\/8), o ciclo de sabatinas com os candidatos ao Pal\u00e1cio do Piratini. Em formato reuni\u00e3o-almo\u00e7o, o evento contou com a participa\u00e7\u00e3o de representantes de entidades dos tr\u00eas setores. O primeiro candidato a ser sabatinado foi Luis [&hellip;]\" \/>\n<meta property=\"og:url\" content=\"https:\/\/folhapopular.info\/index.php\/2022\/08\/16\/reuniao-almoco-com-heinze-inicia-ciclo-de-sabatinas-da-acil-com-candidatos-a-governador\/\" \/>\n<meta property=\"og:site_name\" content=\"Folha Popular\" \/>\n<meta property=\"article:published_time\" content=\"2022-08-16T19:16:53+00:00\" \/>\n<meta property=\"article:modified_time\" content=\"2022-08-16T19:16:57+00:00\" \/>\n<meta property=\"og:image\" content=\"http:\/\/folhapopular.info\/wp-content\/uploads\/2022\/08\/IMG_7363-1-scaled-e1660677402666.jpeg\" \/>\n\t<meta property=\"og:image:width\" content=\"1200\" \/>\n\t<meta property=\"og:image:height\" content=\"900\" \/>\n\t<meta property=\"og:image:type\" content=\"image\/jpeg\" \/>\n<meta name=\"author\" content=\"Reda\u00e7\u00e3o Folha Popular\" \/>\n<meta name=\"twitter:card\" content=\"summary_large_image\" \/>\n<meta name=\"twitter:label1\" content=\"Escrito por\" \/>\n\t<meta name=\"twitter:data1\" content=\"Reda\u00e7\u00e3o Folha Popular\" \/>\n\t<meta name=\"twitter:label2\" content=\"Est. tempo de leitura\" \/>\n\t<meta name=\"twitter:data2\" content=\"4 minutos\" \/>\n<script type=\"application\/ld+json\" class=\"yoast-schema-graph\">{\"@context\":\"https:\\\/\\\/schema.org\",\"@graph\":[{\"@type\":\"Article\",\"@id\":\"https:\\\/\\\/folhapopular.info\\\/index.php\\\/2022\\\/08\\\/16\\\/reuniao-almoco-com-heinze-inicia-ciclo-de-sabatinas-da-acil-com-candidatos-a-governador\\\/#article\",\"isPartOf\":{\"@id\":\"https:\\\/\\\/folhapopular.info\\\/index.php\\\/2022\\\/08\\\/16\\\/reuniao-almoco-com-heinze-inicia-ciclo-de-sabatinas-da-acil-com-candidatos-a-governador\\\/\"},\"author\":{\"name\":\"Reda\u00e7\u00e3o Folha Popular\",\"@id\":\"https:\\\/\\\/folhapopular.info\\\/#\\\/schema\\\/person\\\/2814e8a0df7643585a9ca38bc6eb9d4b\"},\"headline\":\"Reuni\u00e3o-almo\u00e7o com Heinze inicia ciclo de sabatinas da Acil com candidatos a governador\",\"datePublished\":\"2022-08-16T19:16:53+00:00\",\"dateModified\":\"2022-08-16T19:16:57+00:00\",\"mainEntityOfPage\":{\"@id\":\"https:\\\/\\\/folhapopular.info\\\/index.php\\\/2022\\\/08\\\/16\\\/reuniao-almoco-com-heinze-inicia-ciclo-de-sabatinas-da-acil-com-candidatos-a-governador\\\/\"},\"wordCount\":713,\"commentCount\":0,\"image\":{\"@id\":\"https:\\\/\\\/folhapopular.info\\\/index.php\\\/2022\\\/08\\\/16\\\/reuniao-almoco-com-heinze-inicia-ciclo-de-sabatinas-da-acil-com-candidatos-a-governador\\\/#primaryimage\"},\"thumbnailUrl\":\"https:\\\/\\\/folhapopular.info\\\/wp-content\\\/uploads\\\/2022\\\/08\\\/IMG_7363-1-scaled-e1660677402666.jpeg\",\"articleSection\":[\"Destaques\",\"Geral\"],\"inLanguage\":\"pt-BR\",\"potentialAction\":[{\"@type\":\"CommentAction\",\"name\":\"Comment\",\"target\":[\"https:\\\/\\\/folhapopular.info\\\/index.php\\\/2022\\\/08\\\/16\\\/reuniao-almoco-com-heinze-inicia-ciclo-de-sabatinas-da-acil-com-candidatos-a-governador\\\/#respond\"]}]},{\"@type\":\"WebPage\",\"@id\":\"https:\\\/\\\/folhapopular.info\\\/index.php\\\/2022\\\/08\\\/16\\\/reuniao-almoco-com-heinze-inicia-ciclo-de-sabatinas-da-acil-com-candidatos-a-governador\\\/\",\"url\":\"https:\\\/\\\/folhapopular.info\\\/index.php\\\/2022\\\/08\\\/16\\\/reuniao-almoco-com-heinze-inicia-ciclo-de-sabatinas-da-acil-com-candidatos-a-governador\\\/\",\"name\":\"Reuni\u00e3o-almo\u00e7o com Heinze inicia ciclo de sabatinas da Acil com candidatos a governador - Folha Popular\",\"isPartOf\":{\"@id\":\"https:\\\/\\\/folhapopular.info\\\/#website\"},\"primaryImageOfPage\":{\"@id\":\"https:\\\/\\\/folhapopular.info\\\/index.php\\\/2022\\\/08\\\/16\\\/reuniao-almoco-com-heinze-inicia-ciclo-de-sabatinas-da-acil-com-candidatos-a-governador\\\/#primaryimage\"},\"image\":{\"@id\":\"https:\\\/\\\/folhapopular.info\\\/index.php\\\/2022\\\/08\\\/16\\\/reuniao-almoco-com-heinze-inicia-ciclo-de-sabatinas-da-acil-com-candidatos-a-governador\\\/#primaryimage\"},\"thumbnailUrl\":\"https:\\\/\\\/folhapopular.info\\\/wp-content\\\/uploads\\\/2022\\\/08\\\/IMG_7363-1-scaled-e1660677402666.jpeg\",\"datePublished\":\"2022-08-16T19:16:53+00:00\",\"dateModified\":\"2022-08-16T19:16:57+00:00\",\"author\":{\"@id\":\"https:\\\/\\\/folhapopular.info\\\/#\\\/schema\\\/person\\\/2814e8a0df7643585a9ca38bc6eb9d4b\"},\"breadcrumb\":{\"@id\":\"https:\\\/\\\/folhapopular.info\\\/index.php\\\/2022\\\/08\\\/16\\\/reuniao-almoco-com-heinze-inicia-ciclo-de-sabatinas-da-acil-com-candidatos-a-governador\\\/#breadcrumb\"},\"inLanguage\":\"pt-BR\",\"potentialAction\":[{\"@type\":\"ReadAction\",\"target\":[\"https:\\\/\\\/folhapopular.info\\\/index.php\\\/2022\\\/08\\\/16\\\/reuniao-almoco-com-heinze-inicia-ciclo-de-sabatinas-da-acil-com-candidatos-a-governador\\\/\"]}]},{\"@type\":\"ImageObject\",\"inLanguage\":\"pt-BR\",\"@id\":\"https:\\\/\\\/folhapopular.info\\\/index.php\\\/2022\\\/08\\\/16\\\/reuniao-almoco-com-heinze-inicia-ciclo-de-sabatinas-da-acil-com-candidatos-a-governador\\\/#primaryimage\",\"url\":\"https:\\\/\\\/folhapopular.info\\\/wp-content\\\/uploads\\\/2022\\\/08\\\/IMG_7363-1-scaled-e1660677402666.jpeg\",\"contentUrl\":\"https:\\\/\\\/folhapopular.info\\\/wp-content\\\/uploads\\\/2022\\\/08\\\/IMG_7363-1-scaled-e1660677402666.jpeg\",\"width\":1200,\"height\":900,\"caption\":\"Candidato inaugurou nesta ter\u00e7a a sabatina de reuni\u00f5es-almo\u00e7o da Acil com candidatos ao Governo Estadual \\\/ Cr\u00e9dito da foto: Camille Lenz da Silva \\\/ Especial FP\"},{\"@type\":\"BreadcrumbList\",\"@id\":\"https:\\\/\\\/folhapopular.info\\\/index.php\\\/2022\\\/08\\\/16\\\/reuniao-almoco-com-heinze-inicia-ciclo-de-sabatinas-da-acil-com-candidatos-a-governador\\\/#breadcrumb\",\"itemListElement\":[{\"@type\":\"ListItem\",\"position\":1,\"name\":\"In\u00edcio\",\"item\":\"https:\\\/\\\/folhapopular.info\\\/\"},{\"@type\":\"ListItem\",\"position\":2,\"name\":\"Reuni\u00e3o-almo\u00e7o com Heinze inicia ciclo de sabatinas da Acil com candidatos a governador\"}]},{\"@type\":\"WebSite\",\"@id\":\"https:\\\/\\\/folhapopular.info\\\/#website\",\"url\":\"https:\\\/\\\/folhapopular.info\\\/\",\"name\":\"Folha Popular\",\"description\":\"Onde voc\u00ea tem vez e voz\",\"potentialAction\":[{\"@type\":\"SearchAction\",\"target\":{\"@type\":\"EntryPoint\",\"urlTemplate\":\"https:\\\/\\\/folhapopular.info\\\/?s={search_term_string}\"},\"query-input\":{\"@type\":\"PropertyValueSpecification\",\"valueRequired\":true,\"valueName\":\"search_term_string\"}}],\"inLanguage\":\"pt-BR\"},{\"@type\":\"Person\",\"@id\":\"https:\\\/\\\/folhapopular.info\\\/#\\\/schema\\\/person\\\/2814e8a0df7643585a9ca38bc6eb9d4b\",\"name\":\"Reda\u00e7\u00e3o Folha Popular\",\"image\":{\"@type\":\"ImageObject\",\"inLanguage\":\"pt-BR\",\"@id\":\"https:\\\/\\\/folhapopular.info\\\/wp-content\\\/uploads\\\/2026\\\/04\\\/Folha-1.webp\",\"url\":\"https:\\\/\\\/folhapopular.info\\\/wp-content\\\/uploads\\\/2026\\\/04\\\/Folha-1.webp\",\"contentUrl\":\"https:\\\/\\\/folhapopular.info\\\/wp-content\\\/uploads\\\/2026\\\/04\\\/Folha-1.webp\",\"caption\":\"Reda\u00e7\u00e3o Folha Popular\"},\"url\":\"https:\\\/\\\/folhapopular.info\\\/index.php\\\/author\\\/redacao\\\/\"}]}<\/script>\n<!-- \/ Yoast SEO plugin. -->","yoast_head_json":{"title":"Reuni\u00e3o-almo\u00e7o com Heinze inicia ciclo de sabatinas da Acil com candidatos a governador - Folha Popular","robots":{"index":"index","follow":"follow","max-snippet":"max-snippet:-1","max-image-preview":"max-image-preview:large","max-video-preview":"max-video-preview:-1"},"canonical":"https:\/\/folhapopular.info\/index.php\/2022\/08\/16\/reuniao-almoco-com-heinze-inicia-ciclo-de-sabatinas-da-acil-com-candidatos-a-governador\/","og_locale":"pt_BR","og_type":"article","og_title":"Reuni\u00e3o-almo\u00e7o com Heinze inicia ciclo de sabatinas da Acil com candidatos a governador - Folha Popular","og_description":"A Associa\u00e7\u00e3o Comercial e Industrial de Lajeado (Acil), junto aos ve\u00edculos de comunica\u00e7\u00e3o associados \u00e0 entidade, iniciou, nesta ter\u00e7a-feira (16\/8), o ciclo de sabatinas com os candidatos ao Pal\u00e1cio do Piratini. Em formato reuni\u00e3o-almo\u00e7o, o evento contou com a participa\u00e7\u00e3o de representantes de entidades dos tr\u00eas setores. O primeiro candidato a ser sabatinado foi Luis [&hellip;]","og_url":"https:\/\/folhapopular.info\/index.php\/2022\/08\/16\/reuniao-almoco-com-heinze-inicia-ciclo-de-sabatinas-da-acil-com-candidatos-a-governador\/","og_site_name":"Folha Popular","article_published_time":"2022-08-16T19:16:53+00:00","article_modified_time":"2022-08-16T19:16:57+00:00","og_image":[{"width":1200,"height":900,"url":"http:\/\/folhapopular.info\/wp-content\/uploads\/2022\/08\/IMG_7363-1-scaled-e1660677402666.jpeg","type":"image\/jpeg"}],"author":"Reda\u00e7\u00e3o Folha Popular","twitter_card":"summary_large_image","twitter_misc":{"Escrito por":"Reda\u00e7\u00e3o Folha Popular","Est. tempo de leitura":"4 minutos"},"schema":{"@context":"https:\/\/schema.org","@graph":[{"@type":"Article","@id":"https:\/\/folhapopular.info\/index.php\/2022\/08\/16\/reuniao-almoco-com-heinze-inicia-ciclo-de-sabatinas-da-acil-com-candidatos-a-governador\/#article","isPartOf":{"@id":"https:\/\/folhapopular.info\/index.php\/2022\/08\/16\/reuniao-almoco-com-heinze-inicia-ciclo-de-sabatinas-da-acil-com-candidatos-a-governador\/"},"author":{"name":"Reda\u00e7\u00e3o Folha Popular","@id":"https:\/\/folhapopular.info\/#\/schema\/person\/2814e8a0df7643585a9ca38bc6eb9d4b"},"headline":"Reuni\u00e3o-almo\u00e7o com Heinze inicia ciclo de sabatinas da Acil com candidatos a governador","datePublished":"2022-08-16T19:16:53+00:00","dateModified":"2022-08-16T19:16:57+00:00","mainEntityOfPage":{"@id":"https:\/\/folhapopular.info\/index.php\/2022\/08\/16\/reuniao-almoco-com-heinze-inicia-ciclo-de-sabatinas-da-acil-com-candidatos-a-governador\/"},"wordCount":713,"commentCount":0,"image":{"@id":"https:\/\/folhapopular.info\/index.php\/2022\/08\/16\/reuniao-almoco-com-heinze-inicia-ciclo-de-sabatinas-da-acil-com-candidatos-a-governador\/#primaryimage"},"thumbnailUrl":"https:\/\/folhapopular.info\/wp-content\/uploads\/2022\/08\/IMG_7363-1-scaled-e1660677402666.jpeg","articleSection":["Destaques","Geral"],"inLanguage":"pt-BR","potentialAction":[{"@type":"CommentAction","name":"Comment","target":["https:\/\/folhapopular.info\/index.php\/2022\/08\/16\/reuniao-almoco-com-heinze-inicia-ciclo-de-sabatinas-da-acil-com-candidatos-a-governador\/#respond"]}]},{"@type":"WebPage","@id":"https:\/\/folhapopular.info\/index.php\/2022\/08\/16\/reuniao-almoco-com-heinze-inicia-ciclo-de-sabatinas-da-acil-com-candidatos-a-governador\/","url":"https:\/\/folhapopular.info\/index.php\/2022\/08\/16\/reuniao-almoco-com-heinze-inicia-ciclo-de-sabatinas-da-acil-com-candidatos-a-governador\/","name":"Reuni\u00e3o-almo\u00e7o com Heinze inicia ciclo de sabatinas da Acil com candidatos a governador - Folha Popular","isPartOf":{"@id":"https:\/\/folhapopular.info\/#website"},"primaryImageOfPage":{"@id":"https:\/\/folhapopular.info\/index.php\/2022\/08\/16\/reuniao-almoco-com-heinze-inicia-ciclo-de-sabatinas-da-acil-com-candidatos-a-governador\/#primaryimage"},"image":{"@id":"https:\/\/folhapopular.info\/index.php\/2022\/08\/16\/reuniao-almoco-com-heinze-inicia-ciclo-de-sabatinas-da-acil-com-candidatos-a-governador\/#primaryimage"},"thumbnailUrl":"https:\/\/folhapopular.info\/wp-content\/uploads\/2022\/08\/IMG_7363-1-scaled-e1660677402666.jpeg","datePublished":"2022-08-16T19:16:53+00:00","dateModified":"2022-08-16T19:16:57+00:00","author":{"@id":"https:\/\/folhapopular.info\/#\/schema\/person\/2814e8a0df7643585a9ca38bc6eb9d4b"},"breadcrumb":{"@id":"https:\/\/folhapopular.info\/index.php\/2022\/08\/16\/reuniao-almoco-com-heinze-inicia-ciclo-de-sabatinas-da-acil-com-candidatos-a-governador\/#breadcrumb"},"inLanguage":"pt-BR","potentialAction":[{"@type":"ReadAction","target":["https:\/\/folhapopular.info\/index.php\/2022\/08\/16\/reuniao-almoco-com-heinze-inicia-ciclo-de-sabatinas-da-acil-com-candidatos-a-governador\/"]}]},{"@type":"ImageObject","inLanguage":"pt-BR","@id":"https:\/\/folhapopular.info\/index.php\/2022\/08\/16\/reuniao-almoco-com-heinze-inicia-ciclo-de-sabatinas-da-acil-com-candidatos-a-governador\/#primaryimage","url":"https:\/\/folhapopular.info\/wp-content\/uploads\/2022\/08\/IMG_7363-1-scaled-e1660677402666.jpeg","contentUrl":"https:\/\/folhapopular.info\/wp-content\/uploads\/2022\/08\/IMG_7363-1-scaled-e1660677402666.jpeg","width":1200,"height":900,"caption":"Candidato inaugurou nesta ter\u00e7a a sabatina de reuni\u00f5es-almo\u00e7o da Acil com candidatos ao Governo Estadual \/ Cr\u00e9dito da foto: Camille Lenz da Silva \/ Especial FP"},{"@type":"BreadcrumbList","@id":"https:\/\/folhapopular.info\/index.php\/2022\/08\/16\/reuniao-almoco-com-heinze-inicia-ciclo-de-sabatinas-da-acil-com-candidatos-a-governador\/#breadcrumb","itemListElement":[{"@type":"ListItem","position":1,"name":"In\u00edcio","item":"https:\/\/folhapopular.info\/"},{"@type":"ListItem","position":2,"name":"Reuni\u00e3o-almo\u00e7o com Heinze inicia ciclo de sabatinas da Acil com candidatos a governador"}]},{"@type":"WebSite","@id":"https:\/\/folhapopular.info\/#website","url":"https:\/\/folhapopular.info\/","name":"Folha Popular","description":"Onde voc\u00ea tem vez e voz","potentialAction":[{"@type":"SearchAction","target":{"@type":"EntryPoint","urlTemplate":"https:\/\/folhapopular.info\/?s={search_term_string}"},"query-input":{"@type":"PropertyValueSpecification","valueRequired":true,"valueName":"search_term_string"}}],"inLanguage":"pt-BR"},{"@type":"Person","@id":"https:\/\/folhapopular.info\/#\/schema\/person\/2814e8a0df7643585a9ca38bc6eb9d4b","name":"Reda\u00e7\u00e3o Folha Popular","image":{"@type":"ImageObject","inLanguage":"pt-BR","@id":"https:\/\/folhapopular.info\/wp-content\/uploads\/2026\/04\/Folha-1.webp","url":"https:\/\/folhapopular.info\/wp-content\/uploads\/2026\/04\/Folha-1.webp","contentUrl":"https:\/\/folhapopular.info\/wp-content\/uploads\/2026\/04\/Folha-1.webp","caption":"Reda\u00e7\u00e3o Folha Popular"},"url":"https:\/\/folhapopular.info\/index.php\/author\/redacao\/"}]}},"jetpack_featured_media_url":"https:\/\/folhapopular.info\/wp-content\/uploads\/2022\/08\/IMG_7363-1-scaled-e1660677402666.jpeg","jetpack_sharing_enabled":true,"amp_enabled":true,"_links":{"self":[{"href":"https:\/\/folhapopular.info\/index.php\/wp-json\/wp\/v2\/posts\/110868","targetHints":{"allow":["GET"]}}],"collection":[{"href":"https:\/\/folhapopular.info\/index.php\/wp-json\/wp\/v2\/posts"}],"about":[{"href":"https:\/\/folhapopular.info\/index.php\/wp-json\/wp\/v2\/types\/post"}],"author":[{"embeddable":true,"href":"https:\/\/folhapopular.info\/index.php\/wp-json\/wp\/v2\/users\/8"}],"replies":[{"embeddable":true,"href":"https:\/\/folhapopular.info\/index.php\/wp-json\/wp\/v2\/comments?post=110868"}],"version-history":[{"count":0,"href":"https:\/\/folhapopular.info\/index.php\/wp-json\/wp\/v2\/posts\/110868\/revisions"}],"wp:featuredmedia":[{"embeddable":true,"href":"https:\/\/folhapopular.info\/index.php\/wp-json\/wp\/v2\/media\/110869"}],"wp:attachment":[{"href":"https:\/\/folhapopular.info\/index.php\/wp-json\/wp\/v2\/media?parent=110868"}],"wp:term":[{"taxonomy":"category","embeddable":true,"href":"https:\/\/folhapopular.info\/index.php\/wp-json\/wp\/v2\/categories?post=110868"},{"taxonomy":"post_tag","embeddable":true,"href":"https:\/\/folhapopular.info\/index.php\/wp-json\/wp\/v2\/tags?post=110868"}],"curies":[{"name":"wp","href":"https:\/\/api.w.org\/{rel}","templated":true}]}}