{"id":110872,"date":"2022-08-16T16:38:15","date_gmt":"2022-08-16T19:38:15","guid":{"rendered":"https:\/\/folhapopular.info\/?p=110872"},"modified":"2022-08-16T16:38:18","modified_gmt":"2022-08-16T19:38:18","slug":"dia-d-de-vacinacao-contra-a-poliomielite-e-multivacinacao-ocorre-neste-sabado-no-posto-do-centro-em-lajeado","status":"publish","type":"post","link":"https:\/\/folhapopular.info\/index.php\/2022\/08\/16\/dia-d-de-vacinacao-contra-a-poliomielite-e-multivacinacao-ocorre-neste-sabado-no-posto-do-centro-em-lajeado\/","title":{"rendered":"Dia D de Vacina\u00e7\u00e3o contra a Poliomielite e Multivacina\u00e7\u00e3o ocorre neste s\u00e1bado, no Posto do Centro, em Lajeado"},"content":{"rendered":"\n<p>O pr\u00f3ximo Dia D Nacional de Vacina\u00e7\u00e3o contra a Poliomielite e Multivacina\u00e7\u00e3o est\u00e1 marcado para este s\u00e1bado (20\/8). O Dia D da Campanha Nacional ocorre no posto do Centro, das 8h \u00e0s 14h, sem fechar ao meio-dia. O objetivo da campanha \u00e9 atualizar a caderneta de crian\u00e7as e adolescentes at\u00e9 14 anos e imunizar contra a poliomielite o p\u00fablico de 1 ano a menores de 5 anos de idade.<\/p>\n\n\n\n<p>O Dia D ter\u00e1 programa\u00e7\u00e3o especial com brinquedos infl\u00e1veis, cama el\u00e1stica e personagens l\u00fadicos para incentivar a participa\u00e7\u00e3o das fam\u00edlias. A unidade de Sa\u00fade do Centro fica na rua J\u00falio May, n\u00famero 383. Durante a a\u00e7\u00e3o de vacina\u00e7\u00e3o, a via estar\u00e1 fechada para o tr\u00e2nsito de ve\u00edculos.<\/p>\n\n\n\n<p>Para a vacina\u00e7\u00e3o, os pais e respons\u00e1veis devem levar a caderneta de vacina\u00e7\u00e3o para a confer\u00eancia das doses aplicadas e atualiza\u00e7\u00e3o do quadro vacinal.<\/p>\n\n\n\n<p><strong>Campanha<\/strong><\/p>\n\n\n\n<p>A campanha contra a poliomielite e multivacina\u00e7\u00e3o segue at\u00e9 9 de setembro. A imuniza\u00e7\u00e3o pode ser realizada de segunda a sexta-feira nas unidades do Campestre, Conventos, Montanha, Olarias, Conservas, Jardim do Cedro, Novo Tempo, S\u00e3o Crist\u00f3v\u00e3o e Centro. O endere\u00e7o das unidades e os hor\u00e1rios de funcionamento podem ser verificados\u00a0<strong><a href=\"https:\/\/www.lajeado.rs.gov.br\/conteudo\/4512\/1040?titulo=Vacina%C3%A7%C3%A3o+de+rotina\" target=\"_blank\" rel=\"noreferrer noopener\">neste link.<\/a><\/strong><\/p>\n\n\n\n<p><\/p>\n","protected":false},"excerpt":{"rendered":"<p>O pr\u00f3ximo Dia D Nacional de Vacina\u00e7\u00e3o contra a Poliomielite e Multivacina\u00e7\u00e3o est\u00e1 marcado para este s\u00e1bado (20\/8). O Dia D da Campanha Nacional ocorre no posto do Centro, das 8h \u00e0s 14h, sem fechar ao meio-dia. O objetivo da campanha \u00e9 atualizar a caderneta de crian\u00e7as e adolescentes at\u00e9 14 anos e imunizar contra [&hellip;]<\/p>\n","protected":false},"author":8,"featured_media":110873,"comment_status":"open","ping_status":"open","sticky":false,"template":"","format":"standard","meta":{"pmpro_default_level":"","_jetpack_memberships_contains_paid_content":false,"footnotes":""},"categories":[2,3],"tags":[27,156],"class_list":{"0":"post-110872","1":"post","2":"type-post","3":"status-publish","4":"format-standard","5":"has-post-thumbnail","7":"category-featured","8":"category-geral","9":"tag-lajeado","10":"tag-vale-do-taquari","11":"pmpro-has-access"},"yoast_head":"<!-- This site is optimized with the Yoast SEO plugin v27.5 - https:\/\/yoast.com\/product\/yoast-seo-wordpress\/ -->\n<title>Dia D de Vacina\u00e7\u00e3o contra a Poliomielite e Multivacina\u00e7\u00e3o ocorre neste s\u00e1bado, no Posto do Centro, em Lajeado - Folha Popular<\/title>\n<meta name=\"robots\" content=\"index, follow, max-snippet:-1, max-image-preview:large, max-video-preview:-1\" \/>\n<link rel=\"canonical\" href=\"https:\/\/folhapopular.info\/index.php\/2022\/08\/16\/dia-d-de-vacinacao-contra-a-poliomielite-e-multivacinacao-ocorre-neste-sabado-no-posto-do-centro-em-lajeado\/\" \/>\n<meta property=\"og:locale\" content=\"pt_BR\" \/>\n<meta property=\"og:type\" content=\"article\" \/>\n<meta property=\"og:title\" content=\"Dia D de Vacina\u00e7\u00e3o contra a Poliomielite e Multivacina\u00e7\u00e3o ocorre neste s\u00e1bado, no Posto do Centro, em Lajeado - Folha Popular\" \/>\n<meta property=\"og:description\" content=\"O pr\u00f3ximo Dia D Nacional de Vacina\u00e7\u00e3o contra a Poliomielite e Multivacina\u00e7\u00e3o est\u00e1 marcado para este s\u00e1bado (20\/8). O Dia D da Campanha Nacional ocorre no posto do Centro, das 8h \u00e0s 14h, sem fechar ao meio-dia. O objetivo da campanha \u00e9 atualizar a caderneta de crian\u00e7as e adolescentes at\u00e9 14 anos e imunizar contra [&hellip;]\" \/>\n<meta property=\"og:url\" content=\"https:\/\/folhapopular.info\/index.php\/2022\/08\/16\/dia-d-de-vacinacao-contra-a-poliomielite-e-multivacinacao-ocorre-neste-sabado-no-posto-do-centro-em-lajeado\/\" \/>\n<meta property=\"og:site_name\" content=\"Folha Popular\" \/>\n<meta property=\"article:published_time\" content=\"2022-08-16T19:38:15+00:00\" \/>\n<meta property=\"article:modified_time\" content=\"2022-08-16T19:38:18+00:00\" \/>\n<meta property=\"og:image\" content=\"http:\/\/folhapopular.info\/wp-content\/uploads\/2022\/08\/Posto-de-Saude-do-Centro-Laura-Mallmann-arquivo-scaled.jpg\" \/>\n\t<meta property=\"og:image:width\" content=\"2560\" \/>\n\t<meta property=\"og:image:height\" content=\"1920\" \/>\n\t<meta property=\"og:image:type\" content=\"image\/jpeg\" \/>\n<meta name=\"author\" content=\"Reda\u00e7\u00e3o Folha Popular\" \/>\n<meta name=\"twitter:card\" content=\"summary_large_image\" \/>\n<meta name=\"twitter:label1\" content=\"Escrito por\" \/>\n\t<meta name=\"twitter:data1\" content=\"Reda\u00e7\u00e3o Folha Popular\" \/>\n\t<meta name=\"twitter:label2\" content=\"Est. tempo de leitura\" \/>\n\t<meta name=\"twitter:data2\" content=\"2 minutos\" \/>\n<script type=\"application\/ld+json\" class=\"yoast-schema-graph\">{\"@context\":\"https:\\\/\\\/schema.org\",\"@graph\":[{\"@type\":\"Article\",\"@id\":\"https:\\\/\\\/folhapopular.info\\\/index.php\\\/2022\\\/08\\\/16\\\/dia-d-de-vacinacao-contra-a-poliomielite-e-multivacinacao-ocorre-neste-sabado-no-posto-do-centro-em-lajeado\\\/#article\",\"isPartOf\":{\"@id\":\"https:\\\/\\\/folhapopular.info\\\/index.php\\\/2022\\\/08\\\/16\\\/dia-d-de-vacinacao-contra-a-poliomielite-e-multivacinacao-ocorre-neste-sabado-no-posto-do-centro-em-lajeado\\\/\"},\"author\":{\"name\":\"Reda\u00e7\u00e3o Folha Popular\",\"@id\":\"https:\\\/\\\/folhapopular.info\\\/#\\\/schema\\\/person\\\/2814e8a0df7643585a9ca38bc6eb9d4b\"},\"headline\":\"Dia D de Vacina\u00e7\u00e3o contra a Poliomielite e Multivacina\u00e7\u00e3o ocorre neste s\u00e1bado, no Posto do Centro, em Lajeado\",\"datePublished\":\"2022-08-16T19:38:15+00:00\",\"dateModified\":\"2022-08-16T19:38:18+00:00\",\"mainEntityOfPage\":{\"@id\":\"https:\\\/\\\/folhapopular.info\\\/index.php\\\/2022\\\/08\\\/16\\\/dia-d-de-vacinacao-contra-a-poliomielite-e-multivacinacao-ocorre-neste-sabado-no-posto-do-centro-em-lajeado\\\/\"},\"wordCount\":238,\"commentCount\":0,\"image\":{\"@id\":\"https:\\\/\\\/folhapopular.info\\\/index.php\\\/2022\\\/08\\\/16\\\/dia-d-de-vacinacao-contra-a-poliomielite-e-multivacinacao-ocorre-neste-sabado-no-posto-do-centro-em-lajeado\\\/#primaryimage\"},\"thumbnailUrl\":\"https:\\\/\\\/folhapopular.info\\\/wp-content\\\/uploads\\\/2022\\\/08\\\/Posto-de-Saude-do-Centro-Laura-Mallmann-arquivo-scaled.jpg\",\"keywords\":[\"Lajeado\",\"Vale do Taquari\"],\"articleSection\":[\"Destaques\",\"Geral\"],\"inLanguage\":\"pt-BR\",\"potentialAction\":[{\"@type\":\"CommentAction\",\"name\":\"Comment\",\"target\":[\"https:\\\/\\\/folhapopular.info\\\/index.php\\\/2022\\\/08\\\/16\\\/dia-d-de-vacinacao-contra-a-poliomielite-e-multivacinacao-ocorre-neste-sabado-no-posto-do-centro-em-lajeado\\\/#respond\"]}]},{\"@type\":\"WebPage\",\"@id\":\"https:\\\/\\\/folhapopular.info\\\/index.php\\\/2022\\\/08\\\/16\\\/dia-d-de-vacinacao-contra-a-poliomielite-e-multivacinacao-ocorre-neste-sabado-no-posto-do-centro-em-lajeado\\\/\",\"url\":\"https:\\\/\\\/folhapopular.info\\\/index.php\\\/2022\\\/08\\\/16\\\/dia-d-de-vacinacao-contra-a-poliomielite-e-multivacinacao-ocorre-neste-sabado-no-posto-do-centro-em-lajeado\\\/\",\"name\":\"Dia D de Vacina\u00e7\u00e3o contra a Poliomielite e Multivacina\u00e7\u00e3o ocorre neste s\u00e1bado, no Posto do Centro, em Lajeado - Folha Popular\",\"isPartOf\":{\"@id\":\"https:\\\/\\\/folhapopular.info\\\/#website\"},\"primaryImageOfPage\":{\"@id\":\"https:\\\/\\\/folhapopular.info\\\/index.php\\\/2022\\\/08\\\/16\\\/dia-d-de-vacinacao-contra-a-poliomielite-e-multivacinacao-ocorre-neste-sabado-no-posto-do-centro-em-lajeado\\\/#primaryimage\"},\"image\":{\"@id\":\"https:\\\/\\\/folhapopular.info\\\/index.php\\\/2022\\\/08\\\/16\\\/dia-d-de-vacinacao-contra-a-poliomielite-e-multivacinacao-ocorre-neste-sabado-no-posto-do-centro-em-lajeado\\\/#primaryimage\"},\"thumbnailUrl\":\"https:\\\/\\\/folhapopular.info\\\/wp-content\\\/uploads\\\/2022\\\/08\\\/Posto-de-Saude-do-Centro-Laura-Mallmann-arquivo-scaled.jpg\",\"datePublished\":\"2022-08-16T19:38:15+00:00\",\"dateModified\":\"2022-08-16T19:38:18+00:00\",\"author\":{\"@id\":\"https:\\\/\\\/folhapopular.info\\\/#\\\/schema\\\/person\\\/2814e8a0df7643585a9ca38bc6eb9d4b\"},\"breadcrumb\":{\"@id\":\"https:\\\/\\\/folhapopular.info\\\/index.php\\\/2022\\\/08\\\/16\\\/dia-d-de-vacinacao-contra-a-poliomielite-e-multivacinacao-ocorre-neste-sabado-no-posto-do-centro-em-lajeado\\\/#breadcrumb\"},\"inLanguage\":\"pt-BR\",\"potentialAction\":[{\"@type\":\"ReadAction\",\"target\":[\"https:\\\/\\\/folhapopular.info\\\/index.php\\\/2022\\\/08\\\/16\\\/dia-d-de-vacinacao-contra-a-poliomielite-e-multivacinacao-ocorre-neste-sabado-no-posto-do-centro-em-lajeado\\\/\"]}]},{\"@type\":\"ImageObject\",\"inLanguage\":\"pt-BR\",\"@id\":\"https:\\\/\\\/folhapopular.info\\\/index.php\\\/2022\\\/08\\\/16\\\/dia-d-de-vacinacao-contra-a-poliomielite-e-multivacinacao-ocorre-neste-sabado-no-posto-do-centro-em-lajeado\\\/#primaryimage\",\"url\":\"https:\\\/\\\/folhapopular.info\\\/wp-content\\\/uploads\\\/2022\\\/08\\\/Posto-de-Saude-do-Centro-Laura-Mallmann-arquivo-scaled.jpg\",\"contentUrl\":\"https:\\\/\\\/folhapopular.info\\\/wp-content\\\/uploads\\\/2022\\\/08\\\/Posto-de-Saude-do-Centro-Laura-Mallmann-arquivo-scaled.jpg\",\"width\":2560,\"height\":1920,\"caption\":\"Cr\u00e9dito: Divulga\u00e7\u00e3o\"},{\"@type\":\"BreadcrumbList\",\"@id\":\"https:\\\/\\\/folhapopular.info\\\/index.php\\\/2022\\\/08\\\/16\\\/dia-d-de-vacinacao-contra-a-poliomielite-e-multivacinacao-ocorre-neste-sabado-no-posto-do-centro-em-lajeado\\\/#breadcrumb\",\"itemListElement\":[{\"@type\":\"ListItem\",\"position\":1,\"name\":\"In\u00edcio\",\"item\":\"https:\\\/\\\/folhapopular.info\\\/\"},{\"@type\":\"ListItem\",\"position\":2,\"name\":\"Dia D de Vacina\u00e7\u00e3o contra a Poliomielite e Multivacina\u00e7\u00e3o ocorre neste s\u00e1bado, no Posto do Centro, em Lajeado\"}]},{\"@type\":\"WebSite\",\"@id\":\"https:\\\/\\\/folhapopular.info\\\/#website\",\"url\":\"https:\\\/\\\/folhapopular.info\\\/\",\"name\":\"Folha Popular\",\"description\":\"Onde voc\u00ea tem vez e voz\",\"potentialAction\":[{\"@type\":\"SearchAction\",\"target\":{\"@type\":\"EntryPoint\",\"urlTemplate\":\"https:\\\/\\\/folhapopular.info\\\/?s={search_term_string}\"},\"query-input\":{\"@type\":\"PropertyValueSpecification\",\"valueRequired\":true,\"valueName\":\"search_term_string\"}}],\"inLanguage\":\"pt-BR\"},{\"@type\":\"Person\",\"@id\":\"https:\\\/\\\/folhapopular.info\\\/#\\\/schema\\\/person\\\/2814e8a0df7643585a9ca38bc6eb9d4b\",\"name\":\"Reda\u00e7\u00e3o Folha Popular\",\"image\":{\"@type\":\"ImageObject\",\"inLanguage\":\"pt-BR\",\"@id\":\"https:\\\/\\\/folhapopular.info\\\/wp-content\\\/uploads\\\/2026\\\/04\\\/Folha-1.webp\",\"url\":\"https:\\\/\\\/folhapopular.info\\\/wp-content\\\/uploads\\\/2026\\\/04\\\/Folha-1.webp\",\"contentUrl\":\"https:\\\/\\\/folhapopular.info\\\/wp-content\\\/uploads\\\/2026\\\/04\\\/Folha-1.webp\",\"caption\":\"Reda\u00e7\u00e3o Folha Popular\"},\"url\":\"https:\\\/\\\/folhapopular.info\\\/index.php\\\/author\\\/redacao\\\/\"}]}<\/script>\n<!-- \/ Yoast SEO plugin. -->","yoast_head_json":{"title":"Dia D de Vacina\u00e7\u00e3o contra a Poliomielite e Multivacina\u00e7\u00e3o ocorre neste s\u00e1bado, no Posto do Centro, em Lajeado - Folha Popular","robots":{"index":"index","follow":"follow","max-snippet":"max-snippet:-1","max-image-preview":"max-image-preview:large","max-video-preview":"max-video-preview:-1"},"canonical":"https:\/\/folhapopular.info\/index.php\/2022\/08\/16\/dia-d-de-vacinacao-contra-a-poliomielite-e-multivacinacao-ocorre-neste-sabado-no-posto-do-centro-em-lajeado\/","og_locale":"pt_BR","og_type":"article","og_title":"Dia D de Vacina\u00e7\u00e3o contra a Poliomielite e Multivacina\u00e7\u00e3o ocorre neste s\u00e1bado, no Posto do Centro, em Lajeado - Folha Popular","og_description":"O pr\u00f3ximo Dia D Nacional de Vacina\u00e7\u00e3o contra a Poliomielite e Multivacina\u00e7\u00e3o est\u00e1 marcado para este s\u00e1bado (20\/8). O Dia D da Campanha Nacional ocorre no posto do Centro, das 8h \u00e0s 14h, sem fechar ao meio-dia. O objetivo da campanha \u00e9 atualizar a caderneta de crian\u00e7as e adolescentes at\u00e9 14 anos e imunizar contra [&hellip;]","og_url":"https:\/\/folhapopular.info\/index.php\/2022\/08\/16\/dia-d-de-vacinacao-contra-a-poliomielite-e-multivacinacao-ocorre-neste-sabado-no-posto-do-centro-em-lajeado\/","og_site_name":"Folha Popular","article_published_time":"2022-08-16T19:38:15+00:00","article_modified_time":"2022-08-16T19:38:18+00:00","og_image":[{"width":2560,"height":1920,"url":"http:\/\/folhapopular.info\/wp-content\/uploads\/2022\/08\/Posto-de-Saude-do-Centro-Laura-Mallmann-arquivo-scaled.jpg","type":"image\/jpeg"}],"author":"Reda\u00e7\u00e3o Folha Popular","twitter_card":"summary_large_image","twitter_misc":{"Escrito por":"Reda\u00e7\u00e3o Folha Popular","Est. tempo de leitura":"2 minutos"},"schema":{"@context":"https:\/\/schema.org","@graph":[{"@type":"Article","@id":"https:\/\/folhapopular.info\/index.php\/2022\/08\/16\/dia-d-de-vacinacao-contra-a-poliomielite-e-multivacinacao-ocorre-neste-sabado-no-posto-do-centro-em-lajeado\/#article","isPartOf":{"@id":"https:\/\/folhapopular.info\/index.php\/2022\/08\/16\/dia-d-de-vacinacao-contra-a-poliomielite-e-multivacinacao-ocorre-neste-sabado-no-posto-do-centro-em-lajeado\/"},"author":{"name":"Reda\u00e7\u00e3o Folha Popular","@id":"https:\/\/folhapopular.info\/#\/schema\/person\/2814e8a0df7643585a9ca38bc6eb9d4b"},"headline":"Dia D de Vacina\u00e7\u00e3o contra a Poliomielite e Multivacina\u00e7\u00e3o ocorre neste s\u00e1bado, no Posto do Centro, em Lajeado","datePublished":"2022-08-16T19:38:15+00:00","dateModified":"2022-08-16T19:38:18+00:00","mainEntityOfPage":{"@id":"https:\/\/folhapopular.info\/index.php\/2022\/08\/16\/dia-d-de-vacinacao-contra-a-poliomielite-e-multivacinacao-ocorre-neste-sabado-no-posto-do-centro-em-lajeado\/"},"wordCount":238,"commentCount":0,"image":{"@id":"https:\/\/folhapopular.info\/index.php\/2022\/08\/16\/dia-d-de-vacinacao-contra-a-poliomielite-e-multivacinacao-ocorre-neste-sabado-no-posto-do-centro-em-lajeado\/#primaryimage"},"thumbnailUrl":"https:\/\/folhapopular.info\/wp-content\/uploads\/2022\/08\/Posto-de-Saude-do-Centro-Laura-Mallmann-arquivo-scaled.jpg","keywords":["Lajeado","Vale do Taquari"],"articleSection":["Destaques","Geral"],"inLanguage":"pt-BR","potentialAction":[{"@type":"CommentAction","name":"Comment","target":["https:\/\/folhapopular.info\/index.php\/2022\/08\/16\/dia-d-de-vacinacao-contra-a-poliomielite-e-multivacinacao-ocorre-neste-sabado-no-posto-do-centro-em-lajeado\/#respond"]}]},{"@type":"WebPage","@id":"https:\/\/folhapopular.info\/index.php\/2022\/08\/16\/dia-d-de-vacinacao-contra-a-poliomielite-e-multivacinacao-ocorre-neste-sabado-no-posto-do-centro-em-lajeado\/","url":"https:\/\/folhapopular.info\/index.php\/2022\/08\/16\/dia-d-de-vacinacao-contra-a-poliomielite-e-multivacinacao-ocorre-neste-sabado-no-posto-do-centro-em-lajeado\/","name":"Dia D de Vacina\u00e7\u00e3o contra a Poliomielite e Multivacina\u00e7\u00e3o ocorre neste s\u00e1bado, no Posto do Centro, em Lajeado - Folha Popular","isPartOf":{"@id":"https:\/\/folhapopular.info\/#website"},"primaryImageOfPage":{"@id":"https:\/\/folhapopular.info\/index.php\/2022\/08\/16\/dia-d-de-vacinacao-contra-a-poliomielite-e-multivacinacao-ocorre-neste-sabado-no-posto-do-centro-em-lajeado\/#primaryimage"},"image":{"@id":"https:\/\/folhapopular.info\/index.php\/2022\/08\/16\/dia-d-de-vacinacao-contra-a-poliomielite-e-multivacinacao-ocorre-neste-sabado-no-posto-do-centro-em-lajeado\/#primaryimage"},"thumbnailUrl":"https:\/\/folhapopular.info\/wp-content\/uploads\/2022\/08\/Posto-de-Saude-do-Centro-Laura-Mallmann-arquivo-scaled.jpg","datePublished":"2022-08-16T19:38:15+00:00","dateModified":"2022-08-16T19:38:18+00:00","author":{"@id":"https:\/\/folhapopular.info\/#\/schema\/person\/2814e8a0df7643585a9ca38bc6eb9d4b"},"breadcrumb":{"@id":"https:\/\/folhapopular.info\/index.php\/2022\/08\/16\/dia-d-de-vacinacao-contra-a-poliomielite-e-multivacinacao-ocorre-neste-sabado-no-posto-do-centro-em-lajeado\/#breadcrumb"},"inLanguage":"pt-BR","potentialAction":[{"@type":"ReadAction","target":["https:\/\/folhapopular.info\/index.php\/2022\/08\/16\/dia-d-de-vacinacao-contra-a-poliomielite-e-multivacinacao-ocorre-neste-sabado-no-posto-do-centro-em-lajeado\/"]}]},{"@type":"ImageObject","inLanguage":"pt-BR","@id":"https:\/\/folhapopular.info\/index.php\/2022\/08\/16\/dia-d-de-vacinacao-contra-a-poliomielite-e-multivacinacao-ocorre-neste-sabado-no-posto-do-centro-em-lajeado\/#primaryimage","url":"https:\/\/folhapopular.info\/wp-content\/uploads\/2022\/08\/Posto-de-Saude-do-Centro-Laura-Mallmann-arquivo-scaled.jpg","contentUrl":"https:\/\/folhapopular.info\/wp-content\/uploads\/2022\/08\/Posto-de-Saude-do-Centro-Laura-Mallmann-arquivo-scaled.jpg","width":2560,"height":1920,"caption":"Cr\u00e9dito: Divulga\u00e7\u00e3o"},{"@type":"BreadcrumbList","@id":"https:\/\/folhapopular.info\/index.php\/2022\/08\/16\/dia-d-de-vacinacao-contra-a-poliomielite-e-multivacinacao-ocorre-neste-sabado-no-posto-do-centro-em-lajeado\/#breadcrumb","itemListElement":[{"@type":"ListItem","position":1,"name":"In\u00edcio","item":"https:\/\/folhapopular.info\/"},{"@type":"ListItem","position":2,"name":"Dia D de Vacina\u00e7\u00e3o contra a Poliomielite e Multivacina\u00e7\u00e3o ocorre neste s\u00e1bado, no Posto do Centro, em Lajeado"}]},{"@type":"WebSite","@id":"https:\/\/folhapopular.info\/#website","url":"https:\/\/folhapopular.info\/","name":"Folha Popular","description":"Onde voc\u00ea tem vez e voz","potentialAction":[{"@type":"SearchAction","target":{"@type":"EntryPoint","urlTemplate":"https:\/\/folhapopular.info\/?s={search_term_string}"},"query-input":{"@type":"PropertyValueSpecification","valueRequired":true,"valueName":"search_term_string"}}],"inLanguage":"pt-BR"},{"@type":"Person","@id":"https:\/\/folhapopular.info\/#\/schema\/person\/2814e8a0df7643585a9ca38bc6eb9d4b","name":"Reda\u00e7\u00e3o Folha Popular","image":{"@type":"ImageObject","inLanguage":"pt-BR","@id":"https:\/\/folhapopular.info\/wp-content\/uploads\/2026\/04\/Folha-1.webp","url":"https:\/\/folhapopular.info\/wp-content\/uploads\/2026\/04\/Folha-1.webp","contentUrl":"https:\/\/folhapopular.info\/wp-content\/uploads\/2026\/04\/Folha-1.webp","caption":"Reda\u00e7\u00e3o Folha Popular"},"url":"https:\/\/folhapopular.info\/index.php\/author\/redacao\/"}]}},"jetpack_featured_media_url":"https:\/\/folhapopular.info\/wp-content\/uploads\/2022\/08\/Posto-de-Saude-do-Centro-Laura-Mallmann-arquivo-scaled.jpg","jetpack_sharing_enabled":true,"amp_enabled":true,"_links":{"self":[{"href":"https:\/\/folhapopular.info\/index.php\/wp-json\/wp\/v2\/posts\/110872","targetHints":{"allow":["GET"]}}],"collection":[{"href":"https:\/\/folhapopular.info\/index.php\/wp-json\/wp\/v2\/posts"}],"about":[{"href":"https:\/\/folhapopular.info\/index.php\/wp-json\/wp\/v2\/types\/post"}],"author":[{"embeddable":true,"href":"https:\/\/folhapopular.info\/index.php\/wp-json\/wp\/v2\/users\/8"}],"replies":[{"embeddable":true,"href":"https:\/\/folhapopular.info\/index.php\/wp-json\/wp\/v2\/comments?post=110872"}],"version-history":[{"count":0,"href":"https:\/\/folhapopular.info\/index.php\/wp-json\/wp\/v2\/posts\/110872\/revisions"}],"wp:featuredmedia":[{"embeddable":true,"href":"https:\/\/folhapopular.info\/index.php\/wp-json\/wp\/v2\/media\/110873"}],"wp:attachment":[{"href":"https:\/\/folhapopular.info\/index.php\/wp-json\/wp\/v2\/media?parent=110872"}],"wp:term":[{"taxonomy":"category","embeddable":true,"href":"https:\/\/folhapopular.info\/index.php\/wp-json\/wp\/v2\/categories?post=110872"},{"taxonomy":"post_tag","embeddable":true,"href":"https:\/\/folhapopular.info\/index.php\/wp-json\/wp\/v2\/tags?post=110872"}],"curies":[{"name":"wp","href":"https:\/\/api.w.org\/{rel}","templated":true}]}}