{"id":110875,"date":"2022-08-16T16:52:29","date_gmt":"2022-08-16T19:52:29","guid":{"rendered":"https:\/\/folhapopular.info\/?p=110875"},"modified":"2022-08-16T16:55:22","modified_gmt":"2022-08-16T19:55:22","slug":"labi-la-e-inaugurado-em-lajeado-e-programa-cidade-empreendedora-tem-inicio","status":"publish","type":"post","link":"https:\/\/folhapopular.info\/index.php\/2022\/08\/16\/labi-la-e-inaugurado-em-lajeado-e-programa-cidade-empreendedora-tem-inicio\/","title":{"rendered":"Labi-L\u00e1 \u00e9 inaugurado em Lajeado e programa Cidade Empreendedora tem in\u00edcio"},"content":{"rendered":"\n<p>A Prefeitura de Lajeado inaugurou nesta ter\u00e7a-feira (16\/8) um espa\u00e7o dedicado a promover a inova\u00e7\u00e3o no munic\u00edpio: o Labi-L\u00e1 &#8211; Laborat\u00f3rio de Inova\u00e7\u00e3o Governamental e Social de Lajeado. No mesmo espa\u00e7o, em frente \u00e0 Pra\u00e7a do Chafariz, ser\u00e1 desenvolvido tamb\u00e9m o Programa Cidade Empreendedora, uma parceria do governo municipal com o Servi\u00e7o de Apoio \u00e0s Micro e Pequenas Empresas do Rio Grande Do Sul (Sebrae-RS). O contrato com o Sebrae foi assinado durante o evento.<\/p>\n\n\n\n<p>Conforme o prefeito Marcelo Caumo, ser\u00e1 um espa\u00e7o de constante constru\u00e7\u00e3o. &#8220;J\u00e1 t\u00ednhamos o Pacto e, agora, a Ag\u00eancia de Inova\u00e7\u00e3o e Desenvolvimento Local (Agil) e Pro_Move Lajeado tamb\u00e9m est\u00e3o sediados neste local. O Labi-L\u00e1 \u00e9 um ponto de inova\u00e7\u00e3o do munic\u00edpio, que vai se integrar \u00e0 constru\u00e7\u00e3o do parque linear, que ligar\u00e1 a Pra\u00e7a do Chafariz, a orla do rio Taquari, o Parque Ney Santos Arruda at\u00e9 o Parque do Engenho, com \u00eanfase no meio ambiente. Esse \u00e9 mais um passo de inova\u00e7\u00e3o em nosso munic\u00edpio&#8221;, explica.<\/p>\n\n\n\n<p>O Labi-L\u00e1 foi criado para estimular a cultura da inova\u00e7\u00e3o, cocria\u00e7\u00e3o e testagem de novas ideias dentro e fora do governo municipal, com base na gest\u00e3o colaborativa com organiza\u00e7\u00e3o horizontal, multissetorial e externa. Projetos que integram o Laborat\u00f3rio j\u00e1 est\u00e3o em andamento no munic\u00edpio, como \u00e9 o caso do Waze for Cities, projetos de Parceria P\u00fablico-Privadas (PPPs, dos quais o da Ilumina\u00e7\u00e3o P\u00fablica est\u00e1 em andamento), parcerias com institui\u00e7\u00f5es de ensino, empresas, o programa Pro_Move Lajeado, o Trilhas da Inova\u00e7\u00e3o, projetos na \u00e1rea de mobilidade, educa\u00e7\u00e3o e parcerias com os espa\u00e7os de inova\u00e7\u00e3o Vibee da Univates e o Instituto Caldeira.<\/p>\n\n\n\n<p>Na cerim\u00f4nia de inaugura\u00e7\u00e3o, foi lan\u00e7ado tamb\u00e9m o programa Acelera 2.0, que tem como objetivo selecionar 15 projetos que ser\u00e3o acelerados no Labi-L\u00e1, ou seja, receber\u00e3o qualifica\u00e7\u00e3o e mentorias para que os seus empreendedores promovam a gera\u00e7\u00e3o de produtos, processos, servi\u00e7os e modelos de neg\u00f3cios inovadores para a cidade, a partir de solu\u00e7\u00f5es de problemas ou oportunidades propostas pelos interessados.<\/p>\n\n\n\n<p>A diretora de Inova\u00e7\u00e3o de Lajeado, Mariela Portz, ressalta que o papel do governo \u00e9 fomentar novos talentos. &#8220;Para isso, agora temos o Labi-L\u00e1. O espa\u00e7o j\u00e1 abrigava o Pacto Lajeado pela Paz, que trabalha com a educa\u00e7\u00e3o socioemocional, onde j\u00e1 trabalhamos com inova\u00e7\u00e3o desde a base. Outro projeto de inova\u00e7\u00e3o \u00e9 o Trilhas da Inova\u00e7\u00e3o, em que apresentamos a \u00e1rea de tecnologia para alunos do ensino fundamental. Esse \u00e9 o nosso trabalho: incentivar e promover o acesso \u00e0 inova\u00e7\u00e3o atraindo e retendo novos talentos&#8221;, detalha.<\/p>\n\n\n\n<p>O Labi-L\u00e1 j\u00e1 \u00e9, desde maio, sede do programa Pacto Lajeado pela Paz, que \u00e9 um projeto de inova\u00e7\u00e3o social em desenvolvimento na cidade.<\/p>\n\n\n\n<p><strong>Cidade Empreendedora<\/strong><\/p>\n\n\n\n<p>O Programa Cidade Empreendedora, que ser\u00e1 desenvolvido com o Sebrae, tem como objetivo a transforma\u00e7\u00e3o, visando impulsionar o desenvolvimento econ\u00f4mico e fomentar o empreendedorismo, al\u00e9m de engajar gestores e servidores p\u00fablicos na melhoria do ambiente de neg\u00f3cios e na promo\u00e7\u00e3o de pol\u00edticas p\u00fablicas para apoio e fortalecimento do empreendedorismo, e contribuir para o desenvolvimento econ\u00f4mico local, por meio da potencializa\u00e7\u00e3o e institucionaliza\u00e7\u00e3o da Lei Geral da Micro e Pequena Empresa.<\/p>\n\n\n\n<p>Conforme o secret\u00e1rio de Desenvolvimento Econ\u00f4mico, Andr\u00e9 B\u00fccker, o Programa Cidade Empreendedora j\u00e1 vinha sendo planejado junto ao Sebrae-RS e agora est\u00e1 sendo concretizado. &#8220;A nossa preocupa\u00e7\u00e3o \u00e9 que o programa tenha relev\u00e2ncia junto aos projetos que j\u00e1 temos no munic\u00edpio. \u00c9 importante ressaltar que s\u00e3o as empresas, representantes de entidades e comunidade em geral que fazem de Lajeado uma Cidade Empreendedora. Com esse novo projeto, buscamos transformar a realidade da comunidade&#8221;, pontua. <\/p>\n\n\n\n<p>O programa tem quatro eixos priorit\u00e1rios que englobam a\u00e7\u00f5es estrat\u00e9gicas para o desenvolvimento do munic\u00edpio, a fim de gerar emprego, renda e oportunidades de neg\u00f3cio:<\/p>\n\n\n\n<p><strong>Gest\u00e3o Municipal&nbsp;<\/strong>&#8211; Prev\u00ea a\u00e7\u00f5es para o desenvolvimento das habilidades de lideran\u00e7a e gest\u00e3o, com uma agenda de capacita\u00e7\u00f5es para o prefeito, secret\u00e1rios e servidores. Uma gest\u00e3o p\u00fablica empreendedora necessitada de pessoas preparadas e alinhadas com o prop\u00f3sito estabelecido.<\/p>\n\n\n\n<p><strong>Desburocratiza\u00e7\u00e3o&nbsp;<\/strong>&#8211; Prev\u00ea a\u00e7\u00f5es para simplifica\u00e7\u00e3o do processo de abertura e licenciamento de empresas, com agilidade seguran\u00e7a e incremento da arrecada\u00e7\u00e3o.<\/p>\n\n\n\n<p><strong>Compras Governamentais&nbsp;<\/strong>&#8211; Gerar um c\u00edrculo virtuoso que faz o dinheiro circular, aumentar os empregos e potencializar o crescimento da arrecada\u00e7\u00e3o.<\/p>\n\n\n\n<p><strong>Educa\u00e7\u00e3<\/strong><strong>o<\/strong>&nbsp;&#8211; O objetivo \u00e9 estimular o desenvolvimento de compet\u00eancias empreendedoras nos estudantes, alinhadas \u00e0s premissas da nova Base Nacional Comum Curricular.<\/p>\n\n\n\n<p><strong>Inova\u00e7\u00e3o<\/strong>&nbsp;<strong>Social<\/strong>&nbsp;&#8211; Sensibiliza\u00e7\u00e3o e programas pr\u00e1ticos de inova\u00e7\u00e3o empreendedora dentro das comunidades carentes da cidade.<\/p>\n","protected":false},"excerpt":{"rendered":"<p>A Prefeitura de Lajeado inaugurou nesta ter\u00e7a-feira (16\/8) um espa\u00e7o dedicado a promover a inova\u00e7\u00e3o no munic\u00edpio: o Labi-L\u00e1 &#8211; Laborat\u00f3rio de Inova\u00e7\u00e3o Governamental e Social de Lajeado. No mesmo espa\u00e7o, em frente \u00e0 Pra\u00e7a do Chafariz, ser\u00e1 desenvolvido tamb\u00e9m o Programa Cidade Empreendedora, uma parceria do governo municipal com o Servi\u00e7o de Apoio \u00e0s [&hellip;]<\/p>\n","protected":false},"author":8,"featured_media":110876,"comment_status":"open","ping_status":"open","sticky":false,"template":"","format":"standard","meta":{"pmpro_default_level":"","_jetpack_memberships_contains_paid_content":false,"footnotes":""},"categories":[2,3],"tags":[27,156],"class_list":{"0":"post-110875","1":"post","2":"type-post","3":"status-publish","4":"format-standard","5":"has-post-thumbnail","7":"category-featured","8":"category-geral","9":"tag-lajeado","10":"tag-vale-do-taquari","11":"pmpro-has-access"},"yoast_head":"<!-- This site is optimized with the Yoast SEO plugin v27.5 - https:\/\/yoast.com\/product\/yoast-seo-wordpress\/ -->\n<title>Labi-L\u00e1 \u00e9 inaugurado em Lajeado e programa Cidade Empreendedora tem in\u00edcio - Folha Popular<\/title>\n<meta name=\"robots\" content=\"index, follow, max-snippet:-1, max-image-preview:large, max-video-preview:-1\" \/>\n<link rel=\"canonical\" href=\"https:\/\/folhapopular.info\/index.php\/2022\/08\/16\/labi-la-e-inaugurado-em-lajeado-e-programa-cidade-empreendedora-tem-inicio\/\" \/>\n<meta property=\"og:locale\" content=\"pt_BR\" \/>\n<meta property=\"og:type\" content=\"article\" \/>\n<meta property=\"og:title\" content=\"Labi-L\u00e1 \u00e9 inaugurado em Lajeado e programa Cidade Empreendedora tem in\u00edcio - Folha Popular\" \/>\n<meta property=\"og:description\" content=\"A Prefeitura de Lajeado inaugurou nesta ter\u00e7a-feira (16\/8) um espa\u00e7o dedicado a promover a inova\u00e7\u00e3o no munic\u00edpio: o Labi-L\u00e1 &#8211; Laborat\u00f3rio de Inova\u00e7\u00e3o Governamental e Social de Lajeado. No mesmo espa\u00e7o, em frente \u00e0 Pra\u00e7a do Chafariz, ser\u00e1 desenvolvido tamb\u00e9m o Programa Cidade Empreendedora, uma parceria do governo municipal com o Servi\u00e7o de Apoio \u00e0s [&hellip;]\" \/>\n<meta property=\"og:url\" content=\"https:\/\/folhapopular.info\/index.php\/2022\/08\/16\/labi-la-e-inaugurado-em-lajeado-e-programa-cidade-empreendedora-tem-inicio\/\" \/>\n<meta property=\"og:site_name\" content=\"Folha Popular\" \/>\n<meta property=\"article:published_time\" content=\"2022-08-16T19:52:29+00:00\" \/>\n<meta property=\"article:modified_time\" content=\"2022-08-16T19:55:22+00:00\" \/>\n<meta property=\"og:image\" content=\"http:\/\/folhapopular.info\/wp-content\/uploads\/2022\/08\/Assinatura-do-programa-Cidade-Empreededora-scaled.jpg\" \/>\n\t<meta property=\"og:image:width\" content=\"2560\" \/>\n\t<meta property=\"og:image:height\" content=\"1707\" \/>\n\t<meta property=\"og:image:type\" content=\"image\/jpeg\" \/>\n<meta name=\"author\" content=\"Reda\u00e7\u00e3o Folha Popular\" \/>\n<meta name=\"twitter:card\" content=\"summary_large_image\" \/>\n<meta name=\"twitter:label1\" content=\"Escrito por\" \/>\n\t<meta name=\"twitter:data1\" content=\"Reda\u00e7\u00e3o Folha Popular\" \/>\n\t<meta name=\"twitter:label2\" content=\"Est. tempo de leitura\" \/>\n\t<meta name=\"twitter:data2\" content=\"4 minutos\" \/>\n<script type=\"application\/ld+json\" class=\"yoast-schema-graph\">{\"@context\":\"https:\\\/\\\/schema.org\",\"@graph\":[{\"@type\":\"Article\",\"@id\":\"https:\\\/\\\/folhapopular.info\\\/index.php\\\/2022\\\/08\\\/16\\\/labi-la-e-inaugurado-em-lajeado-e-programa-cidade-empreendedora-tem-inicio\\\/#article\",\"isPartOf\":{\"@id\":\"https:\\\/\\\/folhapopular.info\\\/index.php\\\/2022\\\/08\\\/16\\\/labi-la-e-inaugurado-em-lajeado-e-programa-cidade-empreendedora-tem-inicio\\\/\"},\"author\":{\"name\":\"Reda\u00e7\u00e3o Folha Popular\",\"@id\":\"https:\\\/\\\/folhapopular.info\\\/#\\\/schema\\\/person\\\/2814e8a0df7643585a9ca38bc6eb9d4b\"},\"headline\":\"Labi-L\u00e1 \u00e9 inaugurado em Lajeado e programa Cidade Empreendedora tem in\u00edcio\",\"datePublished\":\"2022-08-16T19:52:29+00:00\",\"dateModified\":\"2022-08-16T19:55:22+00:00\",\"mainEntityOfPage\":{\"@id\":\"https:\\\/\\\/folhapopular.info\\\/index.php\\\/2022\\\/08\\\/16\\\/labi-la-e-inaugurado-em-lajeado-e-programa-cidade-empreendedora-tem-inicio\\\/\"},\"wordCount\":826,\"commentCount\":0,\"image\":{\"@id\":\"https:\\\/\\\/folhapopular.info\\\/index.php\\\/2022\\\/08\\\/16\\\/labi-la-e-inaugurado-em-lajeado-e-programa-cidade-empreendedora-tem-inicio\\\/#primaryimage\"},\"thumbnailUrl\":\"https:\\\/\\\/folhapopular.info\\\/wp-content\\\/uploads\\\/2022\\\/08\\\/Assinatura-do-programa-Cidade-Empreededora-scaled.jpg\",\"keywords\":[\"Lajeado\",\"Vale do Taquari\"],\"articleSection\":[\"Destaques\",\"Geral\"],\"inLanguage\":\"pt-BR\",\"potentialAction\":[{\"@type\":\"CommentAction\",\"name\":\"Comment\",\"target\":[\"https:\\\/\\\/folhapopular.info\\\/index.php\\\/2022\\\/08\\\/16\\\/labi-la-e-inaugurado-em-lajeado-e-programa-cidade-empreendedora-tem-inicio\\\/#respond\"]}]},{\"@type\":\"WebPage\",\"@id\":\"https:\\\/\\\/folhapopular.info\\\/index.php\\\/2022\\\/08\\\/16\\\/labi-la-e-inaugurado-em-lajeado-e-programa-cidade-empreendedora-tem-inicio\\\/\",\"url\":\"https:\\\/\\\/folhapopular.info\\\/index.php\\\/2022\\\/08\\\/16\\\/labi-la-e-inaugurado-em-lajeado-e-programa-cidade-empreendedora-tem-inicio\\\/\",\"name\":\"Labi-L\u00e1 \u00e9 inaugurado em Lajeado e programa Cidade Empreendedora tem in\u00edcio - Folha Popular\",\"isPartOf\":{\"@id\":\"https:\\\/\\\/folhapopular.info\\\/#website\"},\"primaryImageOfPage\":{\"@id\":\"https:\\\/\\\/folhapopular.info\\\/index.php\\\/2022\\\/08\\\/16\\\/labi-la-e-inaugurado-em-lajeado-e-programa-cidade-empreendedora-tem-inicio\\\/#primaryimage\"},\"image\":{\"@id\":\"https:\\\/\\\/folhapopular.info\\\/index.php\\\/2022\\\/08\\\/16\\\/labi-la-e-inaugurado-em-lajeado-e-programa-cidade-empreendedora-tem-inicio\\\/#primaryimage\"},\"thumbnailUrl\":\"https:\\\/\\\/folhapopular.info\\\/wp-content\\\/uploads\\\/2022\\\/08\\\/Assinatura-do-programa-Cidade-Empreededora-scaled.jpg\",\"datePublished\":\"2022-08-16T19:52:29+00:00\",\"dateModified\":\"2022-08-16T19:55:22+00:00\",\"author\":{\"@id\":\"https:\\\/\\\/folhapopular.info\\\/#\\\/schema\\\/person\\\/2814e8a0df7643585a9ca38bc6eb9d4b\"},\"breadcrumb\":{\"@id\":\"https:\\\/\\\/folhapopular.info\\\/index.php\\\/2022\\\/08\\\/16\\\/labi-la-e-inaugurado-em-lajeado-e-programa-cidade-empreendedora-tem-inicio\\\/#breadcrumb\"},\"inLanguage\":\"pt-BR\",\"potentialAction\":[{\"@type\":\"ReadAction\",\"target\":[\"https:\\\/\\\/folhapopular.info\\\/index.php\\\/2022\\\/08\\\/16\\\/labi-la-e-inaugurado-em-lajeado-e-programa-cidade-empreendedora-tem-inicio\\\/\"]}]},{\"@type\":\"ImageObject\",\"inLanguage\":\"pt-BR\",\"@id\":\"https:\\\/\\\/folhapopular.info\\\/index.php\\\/2022\\\/08\\\/16\\\/labi-la-e-inaugurado-em-lajeado-e-programa-cidade-empreendedora-tem-inicio\\\/#primaryimage\",\"url\":\"https:\\\/\\\/folhapopular.info\\\/wp-content\\\/uploads\\\/2022\\\/08\\\/Assinatura-do-programa-Cidade-Empreededora-scaled.jpg\",\"contentUrl\":\"https:\\\/\\\/folhapopular.info\\\/wp-content\\\/uploads\\\/2022\\\/08\\\/Assinatura-do-programa-Cidade-Empreededora-scaled.jpg\",\"width\":2560,\"height\":1707,\"caption\":\"Cr\u00e9dito: Laura Mallmann\"},{\"@type\":\"BreadcrumbList\",\"@id\":\"https:\\\/\\\/folhapopular.info\\\/index.php\\\/2022\\\/08\\\/16\\\/labi-la-e-inaugurado-em-lajeado-e-programa-cidade-empreendedora-tem-inicio\\\/#breadcrumb\",\"itemListElement\":[{\"@type\":\"ListItem\",\"position\":1,\"name\":\"In\u00edcio\",\"item\":\"https:\\\/\\\/folhapopular.info\\\/\"},{\"@type\":\"ListItem\",\"position\":2,\"name\":\"Labi-L\u00e1 \u00e9 inaugurado em Lajeado e programa Cidade Empreendedora tem in\u00edcio\"}]},{\"@type\":\"WebSite\",\"@id\":\"https:\\\/\\\/folhapopular.info\\\/#website\",\"url\":\"https:\\\/\\\/folhapopular.info\\\/\",\"name\":\"Folha Popular\",\"description\":\"Onde voc\u00ea tem vez e voz\",\"potentialAction\":[{\"@type\":\"SearchAction\",\"target\":{\"@type\":\"EntryPoint\",\"urlTemplate\":\"https:\\\/\\\/folhapopular.info\\\/?s={search_term_string}\"},\"query-input\":{\"@type\":\"PropertyValueSpecification\",\"valueRequired\":true,\"valueName\":\"search_term_string\"}}],\"inLanguage\":\"pt-BR\"},{\"@type\":\"Person\",\"@id\":\"https:\\\/\\\/folhapopular.info\\\/#\\\/schema\\\/person\\\/2814e8a0df7643585a9ca38bc6eb9d4b\",\"name\":\"Reda\u00e7\u00e3o Folha Popular\",\"image\":{\"@type\":\"ImageObject\",\"inLanguage\":\"pt-BR\",\"@id\":\"https:\\\/\\\/folhapopular.info\\\/wp-content\\\/uploads\\\/2026\\\/04\\\/Folha-1.webp\",\"url\":\"https:\\\/\\\/folhapopular.info\\\/wp-content\\\/uploads\\\/2026\\\/04\\\/Folha-1.webp\",\"contentUrl\":\"https:\\\/\\\/folhapopular.info\\\/wp-content\\\/uploads\\\/2026\\\/04\\\/Folha-1.webp\",\"caption\":\"Reda\u00e7\u00e3o Folha Popular\"},\"url\":\"https:\\\/\\\/folhapopular.info\\\/index.php\\\/author\\\/redacao\\\/\"}]}<\/script>\n<!-- \/ Yoast SEO plugin. -->","yoast_head_json":{"title":"Labi-L\u00e1 \u00e9 inaugurado em Lajeado e programa Cidade Empreendedora tem in\u00edcio - Folha Popular","robots":{"index":"index","follow":"follow","max-snippet":"max-snippet:-1","max-image-preview":"max-image-preview:large","max-video-preview":"max-video-preview:-1"},"canonical":"https:\/\/folhapopular.info\/index.php\/2022\/08\/16\/labi-la-e-inaugurado-em-lajeado-e-programa-cidade-empreendedora-tem-inicio\/","og_locale":"pt_BR","og_type":"article","og_title":"Labi-L\u00e1 \u00e9 inaugurado em Lajeado e programa Cidade Empreendedora tem in\u00edcio - Folha Popular","og_description":"A Prefeitura de Lajeado inaugurou nesta ter\u00e7a-feira (16\/8) um espa\u00e7o dedicado a promover a inova\u00e7\u00e3o no munic\u00edpio: o Labi-L\u00e1 &#8211; Laborat\u00f3rio de Inova\u00e7\u00e3o Governamental e Social de Lajeado. No mesmo espa\u00e7o, em frente \u00e0 Pra\u00e7a do Chafariz, ser\u00e1 desenvolvido tamb\u00e9m o Programa Cidade Empreendedora, uma parceria do governo municipal com o Servi\u00e7o de Apoio \u00e0s [&hellip;]","og_url":"https:\/\/folhapopular.info\/index.php\/2022\/08\/16\/labi-la-e-inaugurado-em-lajeado-e-programa-cidade-empreendedora-tem-inicio\/","og_site_name":"Folha Popular","article_published_time":"2022-08-16T19:52:29+00:00","article_modified_time":"2022-08-16T19:55:22+00:00","og_image":[{"width":2560,"height":1707,"url":"http:\/\/folhapopular.info\/wp-content\/uploads\/2022\/08\/Assinatura-do-programa-Cidade-Empreededora-scaled.jpg","type":"image\/jpeg"}],"author":"Reda\u00e7\u00e3o Folha Popular","twitter_card":"summary_large_image","twitter_misc":{"Escrito por":"Reda\u00e7\u00e3o Folha Popular","Est. tempo de leitura":"4 minutos"},"schema":{"@context":"https:\/\/schema.org","@graph":[{"@type":"Article","@id":"https:\/\/folhapopular.info\/index.php\/2022\/08\/16\/labi-la-e-inaugurado-em-lajeado-e-programa-cidade-empreendedora-tem-inicio\/#article","isPartOf":{"@id":"https:\/\/folhapopular.info\/index.php\/2022\/08\/16\/labi-la-e-inaugurado-em-lajeado-e-programa-cidade-empreendedora-tem-inicio\/"},"author":{"name":"Reda\u00e7\u00e3o Folha Popular","@id":"https:\/\/folhapopular.info\/#\/schema\/person\/2814e8a0df7643585a9ca38bc6eb9d4b"},"headline":"Labi-L\u00e1 \u00e9 inaugurado em Lajeado e programa Cidade Empreendedora tem in\u00edcio","datePublished":"2022-08-16T19:52:29+00:00","dateModified":"2022-08-16T19:55:22+00:00","mainEntityOfPage":{"@id":"https:\/\/folhapopular.info\/index.php\/2022\/08\/16\/labi-la-e-inaugurado-em-lajeado-e-programa-cidade-empreendedora-tem-inicio\/"},"wordCount":826,"commentCount":0,"image":{"@id":"https:\/\/folhapopular.info\/index.php\/2022\/08\/16\/labi-la-e-inaugurado-em-lajeado-e-programa-cidade-empreendedora-tem-inicio\/#primaryimage"},"thumbnailUrl":"https:\/\/folhapopular.info\/wp-content\/uploads\/2022\/08\/Assinatura-do-programa-Cidade-Empreededora-scaled.jpg","keywords":["Lajeado","Vale do Taquari"],"articleSection":["Destaques","Geral"],"inLanguage":"pt-BR","potentialAction":[{"@type":"CommentAction","name":"Comment","target":["https:\/\/folhapopular.info\/index.php\/2022\/08\/16\/labi-la-e-inaugurado-em-lajeado-e-programa-cidade-empreendedora-tem-inicio\/#respond"]}]},{"@type":"WebPage","@id":"https:\/\/folhapopular.info\/index.php\/2022\/08\/16\/labi-la-e-inaugurado-em-lajeado-e-programa-cidade-empreendedora-tem-inicio\/","url":"https:\/\/folhapopular.info\/index.php\/2022\/08\/16\/labi-la-e-inaugurado-em-lajeado-e-programa-cidade-empreendedora-tem-inicio\/","name":"Labi-L\u00e1 \u00e9 inaugurado em Lajeado e programa Cidade Empreendedora tem in\u00edcio - Folha Popular","isPartOf":{"@id":"https:\/\/folhapopular.info\/#website"},"primaryImageOfPage":{"@id":"https:\/\/folhapopular.info\/index.php\/2022\/08\/16\/labi-la-e-inaugurado-em-lajeado-e-programa-cidade-empreendedora-tem-inicio\/#primaryimage"},"image":{"@id":"https:\/\/folhapopular.info\/index.php\/2022\/08\/16\/labi-la-e-inaugurado-em-lajeado-e-programa-cidade-empreendedora-tem-inicio\/#primaryimage"},"thumbnailUrl":"https:\/\/folhapopular.info\/wp-content\/uploads\/2022\/08\/Assinatura-do-programa-Cidade-Empreededora-scaled.jpg","datePublished":"2022-08-16T19:52:29+00:00","dateModified":"2022-08-16T19:55:22+00:00","author":{"@id":"https:\/\/folhapopular.info\/#\/schema\/person\/2814e8a0df7643585a9ca38bc6eb9d4b"},"breadcrumb":{"@id":"https:\/\/folhapopular.info\/index.php\/2022\/08\/16\/labi-la-e-inaugurado-em-lajeado-e-programa-cidade-empreendedora-tem-inicio\/#breadcrumb"},"inLanguage":"pt-BR","potentialAction":[{"@type":"ReadAction","target":["https:\/\/folhapopular.info\/index.php\/2022\/08\/16\/labi-la-e-inaugurado-em-lajeado-e-programa-cidade-empreendedora-tem-inicio\/"]}]},{"@type":"ImageObject","inLanguage":"pt-BR","@id":"https:\/\/folhapopular.info\/index.php\/2022\/08\/16\/labi-la-e-inaugurado-em-lajeado-e-programa-cidade-empreendedora-tem-inicio\/#primaryimage","url":"https:\/\/folhapopular.info\/wp-content\/uploads\/2022\/08\/Assinatura-do-programa-Cidade-Empreededora-scaled.jpg","contentUrl":"https:\/\/folhapopular.info\/wp-content\/uploads\/2022\/08\/Assinatura-do-programa-Cidade-Empreededora-scaled.jpg","width":2560,"height":1707,"caption":"Cr\u00e9dito: Laura Mallmann"},{"@type":"BreadcrumbList","@id":"https:\/\/folhapopular.info\/index.php\/2022\/08\/16\/labi-la-e-inaugurado-em-lajeado-e-programa-cidade-empreendedora-tem-inicio\/#breadcrumb","itemListElement":[{"@type":"ListItem","position":1,"name":"In\u00edcio","item":"https:\/\/folhapopular.info\/"},{"@type":"ListItem","position":2,"name":"Labi-L\u00e1 \u00e9 inaugurado em Lajeado e programa Cidade Empreendedora tem in\u00edcio"}]},{"@type":"WebSite","@id":"https:\/\/folhapopular.info\/#website","url":"https:\/\/folhapopular.info\/","name":"Folha Popular","description":"Onde voc\u00ea tem vez e voz","potentialAction":[{"@type":"SearchAction","target":{"@type":"EntryPoint","urlTemplate":"https:\/\/folhapopular.info\/?s={search_term_string}"},"query-input":{"@type":"PropertyValueSpecification","valueRequired":true,"valueName":"search_term_string"}}],"inLanguage":"pt-BR"},{"@type":"Person","@id":"https:\/\/folhapopular.info\/#\/schema\/person\/2814e8a0df7643585a9ca38bc6eb9d4b","name":"Reda\u00e7\u00e3o Folha Popular","image":{"@type":"ImageObject","inLanguage":"pt-BR","@id":"https:\/\/folhapopular.info\/wp-content\/uploads\/2026\/04\/Folha-1.webp","url":"https:\/\/folhapopular.info\/wp-content\/uploads\/2026\/04\/Folha-1.webp","contentUrl":"https:\/\/folhapopular.info\/wp-content\/uploads\/2026\/04\/Folha-1.webp","caption":"Reda\u00e7\u00e3o Folha Popular"},"url":"https:\/\/folhapopular.info\/index.php\/author\/redacao\/"}]}},"jetpack_featured_media_url":"https:\/\/folhapopular.info\/wp-content\/uploads\/2022\/08\/Assinatura-do-programa-Cidade-Empreededora-scaled.jpg","jetpack_sharing_enabled":true,"amp_enabled":true,"_links":{"self":[{"href":"https:\/\/folhapopular.info\/index.php\/wp-json\/wp\/v2\/posts\/110875","targetHints":{"allow":["GET"]}}],"collection":[{"href":"https:\/\/folhapopular.info\/index.php\/wp-json\/wp\/v2\/posts"}],"about":[{"href":"https:\/\/folhapopular.info\/index.php\/wp-json\/wp\/v2\/types\/post"}],"author":[{"embeddable":true,"href":"https:\/\/folhapopular.info\/index.php\/wp-json\/wp\/v2\/users\/8"}],"replies":[{"embeddable":true,"href":"https:\/\/folhapopular.info\/index.php\/wp-json\/wp\/v2\/comments?post=110875"}],"version-history":[{"count":0,"href":"https:\/\/folhapopular.info\/index.php\/wp-json\/wp\/v2\/posts\/110875\/revisions"}],"wp:featuredmedia":[{"embeddable":true,"href":"https:\/\/folhapopular.info\/index.php\/wp-json\/wp\/v2\/media\/110876"}],"wp:attachment":[{"href":"https:\/\/folhapopular.info\/index.php\/wp-json\/wp\/v2\/media?parent=110875"}],"wp:term":[{"taxonomy":"category","embeddable":true,"href":"https:\/\/folhapopular.info\/index.php\/wp-json\/wp\/v2\/categories?post=110875"},{"taxonomy":"post_tag","embeddable":true,"href":"https:\/\/folhapopular.info\/index.php\/wp-json\/wp\/v2\/tags?post=110875"}],"curies":[{"name":"wp","href":"https:\/\/api.w.org\/{rel}","templated":true}]}}