{"id":110885,"date":"2022-08-17T10:16:10","date_gmt":"2022-08-17T13:16:10","guid":{"rendered":"https:\/\/folhapopular.info\/?p=110885"},"modified":"2022-08-17T10:33:02","modified_gmt":"2022-08-17T13:33:02","slug":"1a-olimpiada-estudantil-de-teutonia-estimulou-a-busca-pelo-conhecimento","status":"publish","type":"post","link":"https:\/\/folhapopular.info\/index.php\/2022\/08\/17\/1a-olimpiada-estudantil-de-teutonia-estimulou-a-busca-pelo-conhecimento\/","title":{"rendered":"1\u00aa Olimp\u00edada Estudantil de Teut\u00f4nia estimulou a busca pelo conhecimento"},"content":{"rendered":"\n<p>Com o objetivo de estimular a busca pelo conhecimento e de receber o reconhecimento e gratifica\u00e7\u00e3o pelo seu esfor\u00e7o, neste s\u00e1bado (13\/8), alunos de Teut\u00f4nia participaram da fase final da 1\u00aa Olimp\u00edada\u00a0Estudantil\u00a0do\u00a0Conhecimento\u00a0(OEC).<\/p>\n\n\n\n<p>A programa\u00e7\u00e3o \u00e9 realizada pela Administra\u00e7\u00e3o Municipal de Teut\u00f4nia, por meio da Secretaria de Educa\u00e7\u00e3o, em parceria com a Cooperativa Sicredi Ouro Branco.\u00a0<\/p>\n\n\n\n<p>A proposta contempla\u00a0os componentes curriculares de Educa\u00e7\u00e3o\u00a0F\u00edsica,\u00a0Artes,\u00a0Geografia,\u00a0Hist\u00f3ria, L\u00edngua Inglesa, L\u00edngua Portuguesa e Matem\u00e1tica, pensando na constru\u00e7\u00e3o\u00a0do conhecimento de forma colaborativa e integrada \u00e0s compet\u00eancias da Base Nacional Comum Curricular.<\/p>\n\n\n\n<p>O projeto contribui com o desenvolvimento do pensamento\u00a0cr\u00edtico, o cooperativismo, o reconhecimento do caminhar estudantil, o fortalecimento de v\u00ednculos e desenvolvimento de habilidades que\u00a0agregar\u00e3o valor \u00e0 vida social e profissional destes alunos. <\/p>\n\n\n\n<p>A ideia visa uma troca de experi\u00eancias entre estudantes e professores, da rede municipal, al\u00e9m de\u00a0intensificar\u00a0o\u00a0interesse\u00a0dos alunos\u00a0pelos estudos e contribuir com a melhoria da qualidade da educa\u00e7\u00e3o, podendo desta forma, identificar jovens\u00a0talentos.<\/p>\n\n\n\n<p>A primeira fase da OEC, foi realizada no dia 8 de abril, por meio da aplica\u00e7\u00e3o de uma prova objetiva de m\u00faltipla escolha, aplicada a todos os alunos de 8\u00ba e 9\u00ba anos matriculados na rede municipal de\u00a0educa\u00e7\u00e3o. <\/p>\n\n\n\n<p>Nesta fase foram classificados os seis alunos com o melhor desempenho de cada turma, totalizando grupos de 12 estudantes por escola, os quais\u00a0participaram\u00a0da\u00a0fase final da Olimp\u00edada.<\/p>\n\n\n\n<p>A programa\u00e7\u00e3o ocorreu durante todo o s\u00e1bado, com os grupos classificados por sorteio. No turno da manh\u00e3 foi realizada mais uma prova objetiva, de m\u00faltipla escolha, e ap\u00f3s, a gincana de integra\u00e7\u00e3o, nas depend\u00eancias da Escola Municipal de Ensino Fundamental Professor Alfredo Schneider. <\/p>\n\n\n\n<p>No turno da tarde os estudantes participaram de um programa de audit\u00f3rio com quest\u00f5es de m\u00faltipla escolha, no audit\u00f3rio da Cooperativa Sicredi Ouro Branco. Ap\u00f3s o t\u00e9rmino, foi contabilizada a pontua\u00e7\u00e3o das equipes, e o grupo que somou mais pontos foi o vencedor da Olimp\u00edada. As premia\u00e7\u00f5es foram por equipe e individual, aos alunos destaques que alcan\u00e7arem a maior pontua\u00e7\u00e3o.<\/p>\n\n\n\n<p>A OEC foi coordenada por um grupo de professores representantes de cada escola, de acordo com o componente curricular, balizado pela contribui\u00e7\u00e3o de todos os professores das turmas envolvidas. Em todas as fases e atividades propostas foram contempladas as habilidades e compet\u00eancias previstas no Referencial Curricular do Munic\u00edpio de Teut\u00f4nia.<\/p>\n\n\n\n<p>O prefeito de Teut\u00f4nia, Celso Alo\u00edsio Forneck, destacou a educa\u00e7\u00e3o como ferramenta de transforma\u00e7\u00e3o. \u201cA educa\u00e7\u00e3o \u00e9 a garantia de uma sociedade mais justa e pr\u00f3spera, e ao ver um projeto dessa grandeza acontecendo enche os nossos cora\u00e7\u00f5es de alegria. A 1\u00aa Olimp\u00edada Estudantil do Conhecimento proporcionou aos alunos uma grande oportunidade de despertar ainda mais a busca pelo conhecimento e desenvolvimento dentro da sala de aula, tanto no aprendizado das mat\u00e9rias, quanto na forma\u00e7\u00e3o de opini\u00f5es e pensamentos\u201d, destaca.<\/p>\n\n\n\n<p>A Secret\u00e1ria de Educa\u00e7\u00e3o, Fabiana Lampert, enalteceu o projeto e o esfor\u00e7o de todos que contribu\u00edram para o sucesso da olimp\u00edada. \u201cA realiza\u00e7\u00e3o da 1\u00aa Olimp\u00edada Estudantil do Conhecimento ficar\u00e1 para a hist\u00f3ria da comunidade escolar do nosso munic\u00edpio, pois com o envolvimento e esfor\u00e7o dos nossos profissionais na constru\u00e7\u00e3o de cada etapa, assim como, com a dedica\u00e7\u00e3o dos nossos alunos que souberam aproveitar ao m\u00e1ximo cada oportunidade de aprendizagem e integra\u00e7\u00e3o, n\u00f3s demos o ponta p\u00e9 inicial neste grandioso projeto que veio para somar na vida dos nossos estudantes.\u201d, ressalta.<\/p>\n\n\n\n<p>O presidente da Sicredi Ouro Branco, Neori Ernani Abel, ressaltou que estimular a constru\u00e7\u00e3o do conhecimento far\u00e1 a diferen\u00e7a no futuro dos jovens. \u201cSomos parceiros ao fomentar a Educa\u00e7\u00e3o Cooperativa na nossa regi\u00e3o, como j\u00e1 fazemos atrav\u00e9s das Cooperativas Escolares, bem como nesta Olimp\u00edada, que inclui a coopera\u00e7\u00e3o no seu contexto. Ao ver a integra\u00e7\u00e3o dos estudantes, dialogando em um trabalho de equipe, percebemos o aprendizado que est\u00e3o construindo com esta experi\u00eancia, com a certeza de que juntos podemos ir mais longe\u201d, finaliza.<\/p>\n\n\n\n<p><strong>Confira a classifica\u00e7\u00e3o das equipes:<\/strong><\/p>\n\n\n\n<p><strong>1\u00ba LUGAR \u2013 EQUIPE LARANJA<\/strong><\/p>\n\n\n\n<p>Yasmin Freitas Klein B\u00fchring \/ Leopoldo Klepker<\/p>\n\n\n\n<p>Ana Francini Taques \/ Leopoldo Klepker<\/p>\n\n\n\n<p>Fellipe de Oliveira Alves \/ Alfredo Schneider<\/p>\n\n\n\n<p>Keven Gabriel P\u00fcndrich \/Alfredo Schneider<\/p>\n\n\n\n<p>L\u00edvia Nat\u00e1lia Wegner \/Guilherme Sommer<\/p>\n\n\n\n<p>Mariana Dornelles Brand\u00e3o \/Guilherme Sommer<\/p>\n\n\n\n<p>Keise Eduarda de Lima Schaurich \/24 de Maio<\/p>\n\n\n\n<p>Isabela da Silva Lopes \/24 de Maio<\/p>\n\n\n\n<p>Gabriel Henrique Mariga \/Escola Teobaldo Closs<\/p>\n\n\n\n<p>Danton Rodrigo da Silva \/Escola Teobaldo Closs<\/p>\n\n\n\n<p><strong>2\u00ba LUGAR \u2013 EQUIPE AMARELA<\/strong><\/p>\n\n\n\n<p>Guilherme Aschebrock \/D. Pedro I<\/p>\n\n\n\n<p>N\u00edcolas Davi Marques Parreiras \/D. Pedro I<\/p>\n\n\n\n<p>Danielle Jesus Innawitz \/24 de Maio<\/p>\n\n\n\n<p>Isadora da Silva Lopes \/24 de Maio<\/p>\n\n\n\n<p>Sarah Luisa Horst \/Leopoldo Klepker<\/p>\n\n\n\n<p>Andressa Gabrielli Tischer \/Leopoldo Klepker<\/p>\n\n\n\n<p>Vitor Gabriel Mota dos Santos \/Escola Teobaldo Closs<\/p>\n\n\n\n<p>Ulisses Wenneker \/Escola Teobaldo Closs<\/p>\n\n\n\n<p>Brayan da Luz Oliveira \/Guilherme Sommer<\/p>\n\n\n\n<p>Danielly Elsenback Lopes \/Guilherme Sommer<\/p>\n\n\n\n<p>Carolina Birghaier \/Alfredo Schneider<\/p>\n\n\n\n<p>Cau\u00e3 Felipe Becker Delfino \/Alfredo Schneider<\/p>\n\n\n\n<p><strong>3\u00ba LUGAR \u2013 EQUIPE VERMELHA<\/strong><\/p>\n\n\n\n<p>Lucimara Scholz da Silva \/Guilherme Sommer<\/p>\n\n\n\n<p>Richard Di\u00f3genes da Silva \/Guilherme Sommer<\/p>\n\n\n\n<p>Cr\u00edstofer Fries Fiegenbaum \/Leopoldo Klepker<\/p>\n\n\n\n<p>Gabriel Augusto Perius \/LK<\/p>\n\n\n\n<p>Gabriel Hartmann Alves \/24 de Maio<\/p>\n\n\n\n<p>Kain\u00e3n Kovalski Martins \/24 de Maio<\/p>\n\n\n\n<p>Ritchely Santos Roque \/Alfredo Schneider<\/p>\n\n\n\n<p>Let\u00edcia Echer \/Alfredo Schneider<\/p>\n\n\n\n<p>Carlos Daniel Plantholt \/D. Pedro I<\/p>\n\n\n\n<p>Erica Louren\u00e7o da Silva \/D. Pedro I<\/p>\n\n\n\n<p>Gabriel da Costa \/Escola Teobaldo Closs<\/p>\n\n\n\n<p>Camila Yasmin de Abreu \/Escola Teobaldo Closs<\/p>\n\n\n\n<p><strong>4\u00ba LUGAR \u2013 EQUIPE VIOLETA<\/strong><\/p>\n\n\n\n<p>Liliane Lucas dos Santos \/D. Pedro I<\/p>\n\n\n\n<p>\u00c9rika de Castro \/D. Pedro I<\/p>\n\n\n\n<p>Gabriel Ageu Souza Doebber da Rocha \/Guilherme Sommer<\/p>\n\n\n\n<p>Erika Valcanover de Oliveira \/Guilherme Sommer<\/p>\n\n\n\n<p>Daniel Miguel Dresch \/Leopoldo Klepker<\/p>\n\n\n\n<p>Gabriel Loeblein \/Leopoldo Klepker<\/p>\n\n\n\n<p>Gustavo Moraes de Medeiros \/24 de Maio<\/p>\n\n\n\n<p>Eduardo Mello Miotto \/24 de Maio<\/p>\n\n\n\n<p>Mateus Bl\u00f6mker Pinheiro \/Escola Teobaldo Closs<\/p>\n\n\n\n<p>Luana Windm\u00f6ller \/Escola Teobaldo Closs<\/p>\n\n\n\n<p>Emelly Leonara Tischer Brune \/Alfredo Schneider<\/p>\n\n\n\n<p>Eduardo Kessler \/Alfredo Schneider<\/p>\n\n\n\n<p><strong>5\u00ba LUGAR \u2013 EQUIPE AZUL<\/strong><\/p>\n\n\n\n<p>Taina Sarmento Schneider \/24 de Maio<\/p>\n\n\n\n<p>Aryel da Silva Pereia \/24 de Maio<\/p>\n\n\n\n<p>Daniel Ribeiro Herbele \/Alfredo Schneider<\/p>\n\n\n\n<p>Rafael Meyring da Rosa \/Alfredo Schneider<\/p>\n\n\n\n<p>Wesley Renan Silveira \/Guilherme Sommer<\/p>\n\n\n\n<p>Larissa Wegner dos Santos \/Guilherme Sommer<\/p>\n\n\n\n<p>Natali Pereira de Oliveira Braga \/Escola Teobaldo Closs<\/p>\n\n\n\n<p>Murilo Gutteres Barbosa \/Escola Teobaldo Closs<\/p>\n\n\n\n<p>Willian Micael Deuner \/D. Pedro I<\/p>\n\n\n\n<p>Jader Lu\u00eds Franz \/D. Pedro I<\/p>\n\n\n\n<p>Yuri Matheus Freisleben \/Leopoldo Klepker<\/p>\n\n\n\n<p>Maiquel Beutler da Silva \/Leopoldo Klepker<\/p>\n\n\n\n<p><strong>6\u00ba LUGAR \u2013 EQUIPE VERDE<\/strong><\/p>\n\n\n\n<p>Eyshila Pauline Amaral Machado \/Leopoldo Klepker<\/p>\n\n\n\n<p>Fernanda dos Santos Ferreira \/Leopoldo Klepker<\/p>\n\n\n\n<p>Everton Josu\u00e9 da Luz Guse \/Escola Teobaldo Closs<\/p>\n\n\n\n<p>Milena Cristina Rohde \/Escola Teobaldo Closs<\/p>\n\n\n\n<p>Gabriel Aschebrock \/D. Pedro I<\/p>\n\n\n\n<p>William Jos\u00e9 Lenz \/D. Pedro I<\/p>\n\n\n\n<p>Camila Dexheimer Piassini \/Alfredo Schneider<\/p>\n\n\n\n<p>Laura Mikaela Gutjahr do Prado \/Alfredo Schneider<\/p>\n\n\n\n<p>V\u00edtor Ritter Gon\u00e7alves \/Guilherme Sommer<\/p>\n\n\n\n<p>Erick Juan Oliveira da Rosa \/Guilherme Sommer<\/p>\n\n\n\n<p>Vin\u00edcius Martins da Costa \/24 de Maio<\/p>\n\n\n\n<p>Augusto Radavelli da Cruz \/24 de Maio<\/p>\n\n\n\n<div class=\"wp-block-jetpack-slideshow aligncenter is-style-rectangular\" data-effect=\"slide\"><div class=\"wp-block-jetpack-slideshow_container swiper-container\"><ul class=\"wp-block-jetpack-slideshow_swiper-wrapper swiper-wrapper\"><li class=\"wp-block-jetpack-slideshow_slide swiper-slide\"><figure><img loading=\"lazy\" decoding=\"async\" width=\"2560\" height=\"1707\" alt=\"\" class=\"wp-block-jetpack-slideshow_image wp-image-110887\" data-id=\"110887\" src=\"https:\/\/folhapopular.info\/wp-content\/uploads\/2022\/08\/1o-lugar-equipe-laranja-scaled.jpg\" srcset=\"https:\/\/folhapopular.info\/wp-content\/uploads\/2022\/08\/1o-lugar-equipe-laranja-scaled.jpg 2560w, https:\/\/folhapopular.info\/wp-content\/uploads\/2022\/08\/1o-lugar-equipe-laranja-300x200.jpg 300w, https:\/\/folhapopular.info\/wp-content\/uploads\/2022\/08\/1o-lugar-equipe-laranja-1024x683.jpg 1024w, https:\/\/folhapopular.info\/wp-content\/uploads\/2022\/08\/1o-lugar-equipe-laranja-768x512.jpg 768w, https:\/\/folhapopular.info\/wp-content\/uploads\/2022\/08\/1o-lugar-equipe-laranja-1536x1024.jpg 1536w, https:\/\/folhapopular.info\/wp-content\/uploads\/2022\/08\/1o-lugar-equipe-laranja-2048x1365.jpg 2048w, https:\/\/folhapopular.info\/wp-content\/uploads\/2022\/08\/1o-lugar-equipe-laranja-696x464.jpg 696w, https:\/\/folhapopular.info\/wp-content\/uploads\/2022\/08\/1o-lugar-equipe-laranja-1068x712.jpg 1068w, https:\/\/folhapopular.info\/wp-content\/uploads\/2022\/08\/1o-lugar-equipe-laranja-1920x1280.jpg 1920w\" sizes=\"(max-width: 2560px) 100vw, 2560px\" \/><\/figure><\/li><li class=\"wp-block-jetpack-slideshow_slide swiper-slide\"><figure><img loading=\"lazy\" decoding=\"async\" width=\"1200\" height=\"800\" alt=\"\" class=\"wp-block-jetpack-slideshow_image wp-image-110888\" data-id=\"110888\" src=\"https:\/\/folhapopular.info\/wp-content\/uploads\/2022\/08\/2o-lugar-equipe-amarela-scaled-e1660742045893.jpg\" srcset=\"https:\/\/folhapopular.info\/wp-content\/uploads\/2022\/08\/2o-lugar-equipe-amarela-scaled-e1660742045893.jpg 1200w, https:\/\/folhapopular.info\/wp-content\/uploads\/2022\/08\/2o-lugar-equipe-amarela-scaled-e1660742045893-300x200.jpg 300w, https:\/\/folhapopular.info\/wp-content\/uploads\/2022\/08\/2o-lugar-equipe-amarela-scaled-e1660742045893-1024x683.jpg 1024w, https:\/\/folhapopular.info\/wp-content\/uploads\/2022\/08\/2o-lugar-equipe-amarela-scaled-e1660742045893-768x512.jpg 768w, https:\/\/folhapopular.info\/wp-content\/uploads\/2022\/08\/2o-lugar-equipe-amarela-scaled-e1660742045893-696x464.jpg 696w, https:\/\/folhapopular.info\/wp-content\/uploads\/2022\/08\/2o-lugar-equipe-amarela-scaled-e1660742045893-1068x712.jpg 1068w\" sizes=\"(max-width: 1200px) 100vw, 1200px\" \/><\/figure><\/li><li class=\"wp-block-jetpack-slideshow_slide swiper-slide\"><figure><img loading=\"lazy\" decoding=\"async\" width=\"1200\" height=\"800\" alt=\"\" class=\"wp-block-jetpack-slideshow_image wp-image-110893\" data-id=\"110893\" src=\"https:\/\/folhapopular.info\/wp-content\/uploads\/2022\/08\/3o-lugar-equipe-vermelha-scaled-e1660742065283.jpg\" srcset=\"https:\/\/folhapopular.info\/wp-content\/uploads\/2022\/08\/3o-lugar-equipe-vermelha-scaled-e1660742065283.jpg 1200w, https:\/\/folhapopular.info\/wp-content\/uploads\/2022\/08\/3o-lugar-equipe-vermelha-scaled-e1660742065283-300x200.jpg 300w, https:\/\/folhapopular.info\/wp-content\/uploads\/2022\/08\/3o-lugar-equipe-vermelha-scaled-e1660742065283-1024x683.jpg 1024w, https:\/\/folhapopular.info\/wp-content\/uploads\/2022\/08\/3o-lugar-equipe-vermelha-scaled-e1660742065283-768x512.jpg 768w, https:\/\/folhapopular.info\/wp-content\/uploads\/2022\/08\/3o-lugar-equipe-vermelha-scaled-e1660742065283-696x464.jpg 696w, https:\/\/folhapopular.info\/wp-content\/uploads\/2022\/08\/3o-lugar-equipe-vermelha-scaled-e1660742065283-1068x712.jpg 1068w\" sizes=\"(max-width: 1200px) 100vw, 1200px\" \/><\/figure><\/li><\/ul><a class=\"wp-block-jetpack-slideshow_button-prev swiper-button-prev swiper-button-white\" role=\"button\"><\/a><a class=\"wp-block-jetpack-slideshow_button-next swiper-button-next swiper-button-white\" role=\"button\"><\/a><a aria-label=\"Pause Slideshow\" class=\"wp-block-jetpack-slideshow_button-pause\" role=\"button\"><\/a><div class=\"wp-block-jetpack-slideshow_pagination swiper-pagination swiper-pagination-white\"><\/div><\/div><\/div>\n\n\n\n<p><strong>Alunos das Cooperativas Escolares que auxiliaram no sistema de audit\u00f3rio:<\/strong><br>Ketlin Eduarda Kolling \/Leopoldo Klepker<br>Kamily Vit\u00f3ria de Almeida de Oliveira \/24 de Maio<br>Rafaela de Castro \/Dom Pedro I<br>\u00c9rika Berghahn \/ Guilherme Sommer<br>Anna Let\u00edcia Demarco Quint \/Teobaldo Closs<br>Daiane Raquelle Fiuza \/Alfredo Schneider<\/p>\n","protected":false},"excerpt":{"rendered":"<p>Com o objetivo de estimular a busca pelo conhecimento e de receber o reconhecimento e gratifica\u00e7\u00e3o pelo seu esfor\u00e7o, neste s\u00e1bado (13\/8), alunos de Teut\u00f4nia participaram da fase final da 1\u00aa Olimp\u00edada\u00a0Estudantil\u00a0do\u00a0Conhecimento\u00a0(OEC). A programa\u00e7\u00e3o \u00e9 realizada pela Administra\u00e7\u00e3o Municipal de Teut\u00f4nia, por meio da Secretaria de Educa\u00e7\u00e3o, em parceria com a Cooperativa Sicredi Ouro Branco.\u00a0 [&hellip;]<\/p>\n","protected":false},"author":8,"featured_media":110886,"comment_status":"open","ping_status":"open","sticky":false,"template":"","format":"standard","meta":{"pmpro_default_level":"","_jetpack_memberships_contains_paid_content":false,"footnotes":""},"categories":[2,3],"tags":[73,9774,26],"class_list":{"0":"post-110885","1":"post","2":"type-post","3":"status-publish","4":"format-standard","5":"has-post-thumbnail","7":"category-featured","8":"category-geral","9":"tag-educacao","10":"tag-olimpiada-do-conhecimento","11":"tag-teutonia","12":"pmpro-has-access"},"yoast_head":"<!-- This site is optimized with the Yoast SEO plugin v27.5 - https:\/\/yoast.com\/product\/yoast-seo-wordpress\/ -->\n<title>1\u00aa Olimp\u00edada Estudantil de Teut\u00f4nia estimulou a busca pelo conhecimento - Folha Popular<\/title>\n<meta name=\"robots\" content=\"index, follow, max-snippet:-1, max-image-preview:large, max-video-preview:-1\" \/>\n<link rel=\"canonical\" href=\"https:\/\/folhapopular.info\/index.php\/2022\/08\/17\/1a-olimpiada-estudantil-de-teutonia-estimulou-a-busca-pelo-conhecimento\/\" \/>\n<meta property=\"og:locale\" content=\"pt_BR\" \/>\n<meta property=\"og:type\" content=\"article\" \/>\n<meta property=\"og:title\" content=\"1\u00aa Olimp\u00edada Estudantil de Teut\u00f4nia estimulou a busca pelo conhecimento - Folha Popular\" \/>\n<meta property=\"og:description\" content=\"Com o objetivo de estimular a busca pelo conhecimento e de receber o reconhecimento e gratifica\u00e7\u00e3o pelo seu esfor\u00e7o, neste s\u00e1bado (13\/8), alunos de Teut\u00f4nia participaram da fase final da 1\u00aa Olimp\u00edada\u00a0Estudantil\u00a0do\u00a0Conhecimento\u00a0(OEC). A programa\u00e7\u00e3o \u00e9 realizada pela Administra\u00e7\u00e3o Municipal de Teut\u00f4nia, por meio da Secretaria de Educa\u00e7\u00e3o, em parceria com a Cooperativa Sicredi Ouro Branco.\u00a0 [&hellip;]\" \/>\n<meta property=\"og:url\" content=\"https:\/\/folhapopular.info\/index.php\/2022\/08\/17\/1a-olimpiada-estudantil-de-teutonia-estimulou-a-busca-pelo-conhecimento\/\" \/>\n<meta property=\"og:site_name\" content=\"Folha Popular\" \/>\n<meta property=\"article:published_time\" content=\"2022-08-17T13:16:10+00:00\" \/>\n<meta property=\"article:modified_time\" content=\"2022-08-17T13:33:02+00:00\" \/>\n<meta property=\"og:image\" content=\"http:\/\/folhapopular.info\/wp-content\/uploads\/2022\/08\/1a-Olimpiada-Estudantil-de-Teutonia-estimulou-a-busca-pelo-conhecimento-6-scaled-e1660742007825.jpg\" \/>\n\t<meta property=\"og:image:width\" content=\"1200\" \/>\n\t<meta property=\"og:image:height\" content=\"800\" \/>\n\t<meta property=\"og:image:type\" content=\"image\/jpeg\" \/>\n<meta name=\"author\" content=\"Reda\u00e7\u00e3o Folha Popular\" \/>\n<meta name=\"twitter:card\" content=\"summary_large_image\" \/>\n<meta name=\"twitter:label1\" content=\"Escrito por\" \/>\n\t<meta name=\"twitter:data1\" content=\"Reda\u00e7\u00e3o Folha Popular\" \/>\n\t<meta name=\"twitter:label2\" content=\"Est. tempo de leitura\" \/>\n\t<meta name=\"twitter:data2\" content=\"7 minutos\" \/>\n<script type=\"application\/ld+json\" class=\"yoast-schema-graph\">{\"@context\":\"https:\\\/\\\/schema.org\",\"@graph\":[{\"@type\":\"Article\",\"@id\":\"https:\\\/\\\/folhapopular.info\\\/index.php\\\/2022\\\/08\\\/17\\\/1a-olimpiada-estudantil-de-teutonia-estimulou-a-busca-pelo-conhecimento\\\/#article\",\"isPartOf\":{\"@id\":\"https:\\\/\\\/folhapopular.info\\\/index.php\\\/2022\\\/08\\\/17\\\/1a-olimpiada-estudantil-de-teutonia-estimulou-a-busca-pelo-conhecimento\\\/\"},\"author\":{\"name\":\"Reda\u00e7\u00e3o Folha Popular\",\"@id\":\"https:\\\/\\\/folhapopular.info\\\/#\\\/schema\\\/person\\\/2814e8a0df7643585a9ca38bc6eb9d4b\"},\"headline\":\"1\u00aa Olimp\u00edada Estudantil de Teut\u00f4nia estimulou a busca pelo conhecimento\",\"datePublished\":\"2022-08-17T13:16:10+00:00\",\"dateModified\":\"2022-08-17T13:33:02+00:00\",\"mainEntityOfPage\":{\"@id\":\"https:\\\/\\\/folhapopular.info\\\/index.php\\\/2022\\\/08\\\/17\\\/1a-olimpiada-estudantil-de-teutonia-estimulou-a-busca-pelo-conhecimento\\\/\"},\"wordCount\":1211,\"commentCount\":0,\"image\":{\"@id\":\"https:\\\/\\\/folhapopular.info\\\/index.php\\\/2022\\\/08\\\/17\\\/1a-olimpiada-estudantil-de-teutonia-estimulou-a-busca-pelo-conhecimento\\\/#primaryimage\"},\"thumbnailUrl\":\"https:\\\/\\\/folhapopular.info\\\/wp-content\\\/uploads\\\/2022\\\/08\\\/1a-Olimpiada-Estudantil-de-Teutonia-estimulou-a-busca-pelo-conhecimento-6-scaled-e1660742007825.jpg\",\"keywords\":[\"Educa\u00e7\u00e3o\",\"Olimp\u00edada do Conhecimento\",\"Teut\u00f4nia\"],\"articleSection\":[\"Destaques\",\"Geral\"],\"inLanguage\":\"pt-BR\",\"potentialAction\":[{\"@type\":\"CommentAction\",\"name\":\"Comment\",\"target\":[\"https:\\\/\\\/folhapopular.info\\\/index.php\\\/2022\\\/08\\\/17\\\/1a-olimpiada-estudantil-de-teutonia-estimulou-a-busca-pelo-conhecimento\\\/#respond\"]}]},{\"@type\":\"WebPage\",\"@id\":\"https:\\\/\\\/folhapopular.info\\\/index.php\\\/2022\\\/08\\\/17\\\/1a-olimpiada-estudantil-de-teutonia-estimulou-a-busca-pelo-conhecimento\\\/\",\"url\":\"https:\\\/\\\/folhapopular.info\\\/index.php\\\/2022\\\/08\\\/17\\\/1a-olimpiada-estudantil-de-teutonia-estimulou-a-busca-pelo-conhecimento\\\/\",\"name\":\"1\u00aa Olimp\u00edada Estudantil de Teut\u00f4nia estimulou a busca pelo conhecimento - Folha Popular\",\"isPartOf\":{\"@id\":\"https:\\\/\\\/folhapopular.info\\\/#website\"},\"primaryImageOfPage\":{\"@id\":\"https:\\\/\\\/folhapopular.info\\\/index.php\\\/2022\\\/08\\\/17\\\/1a-olimpiada-estudantil-de-teutonia-estimulou-a-busca-pelo-conhecimento\\\/#primaryimage\"},\"image\":{\"@id\":\"https:\\\/\\\/folhapopular.info\\\/index.php\\\/2022\\\/08\\\/17\\\/1a-olimpiada-estudantil-de-teutonia-estimulou-a-busca-pelo-conhecimento\\\/#primaryimage\"},\"thumbnailUrl\":\"https:\\\/\\\/folhapopular.info\\\/wp-content\\\/uploads\\\/2022\\\/08\\\/1a-Olimpiada-Estudantil-de-Teutonia-estimulou-a-busca-pelo-conhecimento-6-scaled-e1660742007825.jpg\",\"datePublished\":\"2022-08-17T13:16:10+00:00\",\"dateModified\":\"2022-08-17T13:33:02+00:00\",\"author\":{\"@id\":\"https:\\\/\\\/folhapopular.info\\\/#\\\/schema\\\/person\\\/2814e8a0df7643585a9ca38bc6eb9d4b\"},\"breadcrumb\":{\"@id\":\"https:\\\/\\\/folhapopular.info\\\/index.php\\\/2022\\\/08\\\/17\\\/1a-olimpiada-estudantil-de-teutonia-estimulou-a-busca-pelo-conhecimento\\\/#breadcrumb\"},\"inLanguage\":\"pt-BR\",\"potentialAction\":[{\"@type\":\"ReadAction\",\"target\":[\"https:\\\/\\\/folhapopular.info\\\/index.php\\\/2022\\\/08\\\/17\\\/1a-olimpiada-estudantil-de-teutonia-estimulou-a-busca-pelo-conhecimento\\\/\"]}]},{\"@type\":\"ImageObject\",\"inLanguage\":\"pt-BR\",\"@id\":\"https:\\\/\\\/folhapopular.info\\\/index.php\\\/2022\\\/08\\\/17\\\/1a-olimpiada-estudantil-de-teutonia-estimulou-a-busca-pelo-conhecimento\\\/#primaryimage\",\"url\":\"https:\\\/\\\/folhapopular.info\\\/wp-content\\\/uploads\\\/2022\\\/08\\\/1a-Olimpiada-Estudantil-de-Teutonia-estimulou-a-busca-pelo-conhecimento-6-scaled-e1660742007825.jpg\",\"contentUrl\":\"https:\\\/\\\/folhapopular.info\\\/wp-content\\\/uploads\\\/2022\\\/08\\\/1a-Olimpiada-Estudantil-de-Teutonia-estimulou-a-busca-pelo-conhecimento-6-scaled-e1660742007825.jpg\",\"width\":1200,\"height\":800,\"caption\":\"Programa de audit\u00f3rio foi a \u00faltima atividade\"},{\"@type\":\"BreadcrumbList\",\"@id\":\"https:\\\/\\\/folhapopular.info\\\/index.php\\\/2022\\\/08\\\/17\\\/1a-olimpiada-estudantil-de-teutonia-estimulou-a-busca-pelo-conhecimento\\\/#breadcrumb\",\"itemListElement\":[{\"@type\":\"ListItem\",\"position\":1,\"name\":\"In\u00edcio\",\"item\":\"https:\\\/\\\/folhapopular.info\\\/\"},{\"@type\":\"ListItem\",\"position\":2,\"name\":\"1\u00aa Olimp\u00edada Estudantil de Teut\u00f4nia estimulou a busca pelo conhecimento\"}]},{\"@type\":\"WebSite\",\"@id\":\"https:\\\/\\\/folhapopular.info\\\/#website\",\"url\":\"https:\\\/\\\/folhapopular.info\\\/\",\"name\":\"Folha Popular\",\"description\":\"Onde voc\u00ea tem vez e voz\",\"potentialAction\":[{\"@type\":\"SearchAction\",\"target\":{\"@type\":\"EntryPoint\",\"urlTemplate\":\"https:\\\/\\\/folhapopular.info\\\/?s={search_term_string}\"},\"query-input\":{\"@type\":\"PropertyValueSpecification\",\"valueRequired\":true,\"valueName\":\"search_term_string\"}}],\"inLanguage\":\"pt-BR\"},{\"@type\":\"Person\",\"@id\":\"https:\\\/\\\/folhapopular.info\\\/#\\\/schema\\\/person\\\/2814e8a0df7643585a9ca38bc6eb9d4b\",\"name\":\"Reda\u00e7\u00e3o Folha Popular\",\"image\":{\"@type\":\"ImageObject\",\"inLanguage\":\"pt-BR\",\"@id\":\"https:\\\/\\\/folhapopular.info\\\/wp-content\\\/uploads\\\/2026\\\/04\\\/Folha-1.webp\",\"url\":\"https:\\\/\\\/folhapopular.info\\\/wp-content\\\/uploads\\\/2026\\\/04\\\/Folha-1.webp\",\"contentUrl\":\"https:\\\/\\\/folhapopular.info\\\/wp-content\\\/uploads\\\/2026\\\/04\\\/Folha-1.webp\",\"caption\":\"Reda\u00e7\u00e3o Folha Popular\"},\"url\":\"https:\\\/\\\/folhapopular.info\\\/index.php\\\/author\\\/redacao\\\/\"}]}<\/script>\n<!-- \/ Yoast SEO plugin. -->","yoast_head_json":{"title":"1\u00aa Olimp\u00edada Estudantil de Teut\u00f4nia estimulou a busca pelo conhecimento - Folha Popular","robots":{"index":"index","follow":"follow","max-snippet":"max-snippet:-1","max-image-preview":"max-image-preview:large","max-video-preview":"max-video-preview:-1"},"canonical":"https:\/\/folhapopular.info\/index.php\/2022\/08\/17\/1a-olimpiada-estudantil-de-teutonia-estimulou-a-busca-pelo-conhecimento\/","og_locale":"pt_BR","og_type":"article","og_title":"1\u00aa Olimp\u00edada Estudantil de Teut\u00f4nia estimulou a busca pelo conhecimento - Folha Popular","og_description":"Com o objetivo de estimular a busca pelo conhecimento e de receber o reconhecimento e gratifica\u00e7\u00e3o pelo seu esfor\u00e7o, neste s\u00e1bado (13\/8), alunos de Teut\u00f4nia participaram da fase final da 1\u00aa Olimp\u00edada\u00a0Estudantil\u00a0do\u00a0Conhecimento\u00a0(OEC). A programa\u00e7\u00e3o \u00e9 realizada pela Administra\u00e7\u00e3o Municipal de Teut\u00f4nia, por meio da Secretaria de Educa\u00e7\u00e3o, em parceria com a Cooperativa Sicredi Ouro Branco.\u00a0 [&hellip;]","og_url":"https:\/\/folhapopular.info\/index.php\/2022\/08\/17\/1a-olimpiada-estudantil-de-teutonia-estimulou-a-busca-pelo-conhecimento\/","og_site_name":"Folha Popular","article_published_time":"2022-08-17T13:16:10+00:00","article_modified_time":"2022-08-17T13:33:02+00:00","og_image":[{"width":1200,"height":800,"url":"http:\/\/folhapopular.info\/wp-content\/uploads\/2022\/08\/1a-Olimpiada-Estudantil-de-Teutonia-estimulou-a-busca-pelo-conhecimento-6-scaled-e1660742007825.jpg","type":"image\/jpeg"}],"author":"Reda\u00e7\u00e3o Folha Popular","twitter_card":"summary_large_image","twitter_misc":{"Escrito por":"Reda\u00e7\u00e3o Folha Popular","Est. tempo de leitura":"7 minutos"},"schema":{"@context":"https:\/\/schema.org","@graph":[{"@type":"Article","@id":"https:\/\/folhapopular.info\/index.php\/2022\/08\/17\/1a-olimpiada-estudantil-de-teutonia-estimulou-a-busca-pelo-conhecimento\/#article","isPartOf":{"@id":"https:\/\/folhapopular.info\/index.php\/2022\/08\/17\/1a-olimpiada-estudantil-de-teutonia-estimulou-a-busca-pelo-conhecimento\/"},"author":{"name":"Reda\u00e7\u00e3o Folha Popular","@id":"https:\/\/folhapopular.info\/#\/schema\/person\/2814e8a0df7643585a9ca38bc6eb9d4b"},"headline":"1\u00aa Olimp\u00edada Estudantil de Teut\u00f4nia estimulou a busca pelo conhecimento","datePublished":"2022-08-17T13:16:10+00:00","dateModified":"2022-08-17T13:33:02+00:00","mainEntityOfPage":{"@id":"https:\/\/folhapopular.info\/index.php\/2022\/08\/17\/1a-olimpiada-estudantil-de-teutonia-estimulou-a-busca-pelo-conhecimento\/"},"wordCount":1211,"commentCount":0,"image":{"@id":"https:\/\/folhapopular.info\/index.php\/2022\/08\/17\/1a-olimpiada-estudantil-de-teutonia-estimulou-a-busca-pelo-conhecimento\/#primaryimage"},"thumbnailUrl":"https:\/\/folhapopular.info\/wp-content\/uploads\/2022\/08\/1a-Olimpiada-Estudantil-de-Teutonia-estimulou-a-busca-pelo-conhecimento-6-scaled-e1660742007825.jpg","keywords":["Educa\u00e7\u00e3o","Olimp\u00edada do Conhecimento","Teut\u00f4nia"],"articleSection":["Destaques","Geral"],"inLanguage":"pt-BR","potentialAction":[{"@type":"CommentAction","name":"Comment","target":["https:\/\/folhapopular.info\/index.php\/2022\/08\/17\/1a-olimpiada-estudantil-de-teutonia-estimulou-a-busca-pelo-conhecimento\/#respond"]}]},{"@type":"WebPage","@id":"https:\/\/folhapopular.info\/index.php\/2022\/08\/17\/1a-olimpiada-estudantil-de-teutonia-estimulou-a-busca-pelo-conhecimento\/","url":"https:\/\/folhapopular.info\/index.php\/2022\/08\/17\/1a-olimpiada-estudantil-de-teutonia-estimulou-a-busca-pelo-conhecimento\/","name":"1\u00aa Olimp\u00edada Estudantil de Teut\u00f4nia estimulou a busca pelo conhecimento - Folha Popular","isPartOf":{"@id":"https:\/\/folhapopular.info\/#website"},"primaryImageOfPage":{"@id":"https:\/\/folhapopular.info\/index.php\/2022\/08\/17\/1a-olimpiada-estudantil-de-teutonia-estimulou-a-busca-pelo-conhecimento\/#primaryimage"},"image":{"@id":"https:\/\/folhapopular.info\/index.php\/2022\/08\/17\/1a-olimpiada-estudantil-de-teutonia-estimulou-a-busca-pelo-conhecimento\/#primaryimage"},"thumbnailUrl":"https:\/\/folhapopular.info\/wp-content\/uploads\/2022\/08\/1a-Olimpiada-Estudantil-de-Teutonia-estimulou-a-busca-pelo-conhecimento-6-scaled-e1660742007825.jpg","datePublished":"2022-08-17T13:16:10+00:00","dateModified":"2022-08-17T13:33:02+00:00","author":{"@id":"https:\/\/folhapopular.info\/#\/schema\/person\/2814e8a0df7643585a9ca38bc6eb9d4b"},"breadcrumb":{"@id":"https:\/\/folhapopular.info\/index.php\/2022\/08\/17\/1a-olimpiada-estudantil-de-teutonia-estimulou-a-busca-pelo-conhecimento\/#breadcrumb"},"inLanguage":"pt-BR","potentialAction":[{"@type":"ReadAction","target":["https:\/\/folhapopular.info\/index.php\/2022\/08\/17\/1a-olimpiada-estudantil-de-teutonia-estimulou-a-busca-pelo-conhecimento\/"]}]},{"@type":"ImageObject","inLanguage":"pt-BR","@id":"https:\/\/folhapopular.info\/index.php\/2022\/08\/17\/1a-olimpiada-estudantil-de-teutonia-estimulou-a-busca-pelo-conhecimento\/#primaryimage","url":"https:\/\/folhapopular.info\/wp-content\/uploads\/2022\/08\/1a-Olimpiada-Estudantil-de-Teutonia-estimulou-a-busca-pelo-conhecimento-6-scaled-e1660742007825.jpg","contentUrl":"https:\/\/folhapopular.info\/wp-content\/uploads\/2022\/08\/1a-Olimpiada-Estudantil-de-Teutonia-estimulou-a-busca-pelo-conhecimento-6-scaled-e1660742007825.jpg","width":1200,"height":800,"caption":"Programa de audit\u00f3rio foi a \u00faltima atividade"},{"@type":"BreadcrumbList","@id":"https:\/\/folhapopular.info\/index.php\/2022\/08\/17\/1a-olimpiada-estudantil-de-teutonia-estimulou-a-busca-pelo-conhecimento\/#breadcrumb","itemListElement":[{"@type":"ListItem","position":1,"name":"In\u00edcio","item":"https:\/\/folhapopular.info\/"},{"@type":"ListItem","position":2,"name":"1\u00aa Olimp\u00edada Estudantil de Teut\u00f4nia estimulou a busca pelo conhecimento"}]},{"@type":"WebSite","@id":"https:\/\/folhapopular.info\/#website","url":"https:\/\/folhapopular.info\/","name":"Folha Popular","description":"Onde voc\u00ea tem vez e voz","potentialAction":[{"@type":"SearchAction","target":{"@type":"EntryPoint","urlTemplate":"https:\/\/folhapopular.info\/?s={search_term_string}"},"query-input":{"@type":"PropertyValueSpecification","valueRequired":true,"valueName":"search_term_string"}}],"inLanguage":"pt-BR"},{"@type":"Person","@id":"https:\/\/folhapopular.info\/#\/schema\/person\/2814e8a0df7643585a9ca38bc6eb9d4b","name":"Reda\u00e7\u00e3o Folha Popular","image":{"@type":"ImageObject","inLanguage":"pt-BR","@id":"https:\/\/folhapopular.info\/wp-content\/uploads\/2026\/04\/Folha-1.webp","url":"https:\/\/folhapopular.info\/wp-content\/uploads\/2026\/04\/Folha-1.webp","contentUrl":"https:\/\/folhapopular.info\/wp-content\/uploads\/2026\/04\/Folha-1.webp","caption":"Reda\u00e7\u00e3o Folha Popular"},"url":"https:\/\/folhapopular.info\/index.php\/author\/redacao\/"}]}},"jetpack_featured_media_url":"https:\/\/folhapopular.info\/wp-content\/uploads\/2022\/08\/1a-Olimpiada-Estudantil-de-Teutonia-estimulou-a-busca-pelo-conhecimento-6-scaled-e1660742007825.jpg","jetpack_sharing_enabled":true,"amp_enabled":true,"_links":{"self":[{"href":"https:\/\/folhapopular.info\/index.php\/wp-json\/wp\/v2\/posts\/110885","targetHints":{"allow":["GET"]}}],"collection":[{"href":"https:\/\/folhapopular.info\/index.php\/wp-json\/wp\/v2\/posts"}],"about":[{"href":"https:\/\/folhapopular.info\/index.php\/wp-json\/wp\/v2\/types\/post"}],"author":[{"embeddable":true,"href":"https:\/\/folhapopular.info\/index.php\/wp-json\/wp\/v2\/users\/8"}],"replies":[{"embeddable":true,"href":"https:\/\/folhapopular.info\/index.php\/wp-json\/wp\/v2\/comments?post=110885"}],"version-history":[{"count":0,"href":"https:\/\/folhapopular.info\/index.php\/wp-json\/wp\/v2\/posts\/110885\/revisions"}],"wp:featuredmedia":[{"embeddable":true,"href":"https:\/\/folhapopular.info\/index.php\/wp-json\/wp\/v2\/media\/110886"}],"wp:attachment":[{"href":"https:\/\/folhapopular.info\/index.php\/wp-json\/wp\/v2\/media?parent=110885"}],"wp:term":[{"taxonomy":"category","embeddable":true,"href":"https:\/\/folhapopular.info\/index.php\/wp-json\/wp\/v2\/categories?post=110885"},{"taxonomy":"post_tag","embeddable":true,"href":"https:\/\/folhapopular.info\/index.php\/wp-json\/wp\/v2\/tags?post=110885"}],"curies":[{"name":"wp","href":"https:\/\/api.w.org\/{rel}","templated":true}]}}