{"id":110919,"date":"2022-08-17T14:04:39","date_gmt":"2022-08-17T17:04:39","guid":{"rendered":"https:\/\/folhapopular.info\/?p=110919"},"modified":"2022-08-17T14:04:42","modified_gmt":"2022-08-17T17:04:42","slug":"85a-corrida-do-fogo-simbolico-da-patria-chega-a-westfalia-nesta-quinta","status":"publish","type":"post","link":"https:\/\/folhapopular.info\/index.php\/2022\/08\/17\/85a-corrida-do-fogo-simbolico-da-patria-chega-a-westfalia-nesta-quinta\/","title":{"rendered":"85\u00aa Corrida do Fogo Simb\u00f3lico da P\u00e1tria chega a Westf\u00e1lia nesta quinta"},"content":{"rendered":"\n<p>Em comemora\u00e7\u00e3o ao bicenten\u00e1rio da Independ\u00eancia do Brasil, Westf\u00e1lia receber\u00e1 amanh\u00e3, quinta-feira (18\/8), a 85\u00aa Corrida do Fogo Simb\u00f3lico da P\u00e1tria. <\/p>\n\n\n\n<p>A atividade \u00e9 uma realiza\u00e7\u00e3o da Liga de Defesa Nacional, organizada pela Associa\u00e7\u00e3o dos Veteranos e Amigos da 1\u00aa Companhia de Guardas, e busca incentivar o amor \u00e0 p\u00e1tria e resgatar valores e o civismo.<\/p>\n\n\n\n<p>\u00c0s 9h, a comitiva ser\u00e1 recebida junto ao trevo de acesso ao Centro do munic\u00edpio pela RSC-453 (Rota do Sol), de onde se deslocar\u00e1 em cortejo at\u00e9 a Prefeitura Municipal, onde ocorrer\u00e1 a solenidade de recebimento do fogo simb\u00f3lico. <\/p>\n\n\n\n<p>Em caso de chuva, o cerimonial ocorrer\u00e1 junto ao gin\u00e1sio da Escola Municipal de Ensino Fundamental (EMEF) Vila Schmidt.<\/p>\n\n\n\n<p>A comunidade westfaliana est\u00e1 convidada a participar da condu\u00e7\u00e3o do fogo simb\u00f3lico, bem como da solenidade, que tamb\u00e9m contar\u00e1 com a participa\u00e7\u00e3o de autoridades e estudantes. <\/p>\n\n\n\n<p>A chama ficar\u00e1 acesa, nas imedia\u00e7\u00f5es da Prefeitura de Westf\u00e1lia, at\u00e9 o dia 7 de setembro.<\/p>\n\n\n\n<p>Esta ser\u00e1 a primeira vez que a Corrida do Fogo Simb\u00f3lico da P\u00e1tria chegar\u00e1 a Westf\u00e1lia. A comitiva recebeu a chama no s\u00e1bado (13\/8), na cidade de Viam\u00e3o e percorrer\u00e1 29 munic\u00edpios do eixo Nordeste, estendendo-se de Cacique Doble a Port\u00e3o.<\/p>\n","protected":false},"excerpt":{"rendered":"<p>Em comemora\u00e7\u00e3o ao bicenten\u00e1rio da Independ\u00eancia do Brasil, Westf\u00e1lia receber\u00e1 amanh\u00e3, quinta-feira (18\/8), a 85\u00aa Corrida do Fogo Simb\u00f3lico da P\u00e1tria. A atividade \u00e9 uma realiza\u00e7\u00e3o da Liga de Defesa Nacional, organizada pela Associa\u00e7\u00e3o dos Veteranos e Amigos da 1\u00aa Companhia de Guardas, e busca incentivar o amor \u00e0 p\u00e1tria e resgatar valores e o [&hellip;]<\/p>\n","protected":false},"author":8,"featured_media":110920,"comment_status":"open","ping_status":"open","sticky":false,"template":"","format":"standard","meta":{"pmpro_default_level":"","_jetpack_memberships_contains_paid_content":false,"footnotes":""},"categories":[2,3],"tags":[],"class_list":{"0":"post-110919","1":"post","2":"type-post","3":"status-publish","4":"format-standard","5":"has-post-thumbnail","7":"category-featured","8":"category-geral","9":"pmpro-has-access"},"yoast_head":"<!-- This site is optimized with the Yoast SEO plugin v27.5 - https:\/\/yoast.com\/product\/yoast-seo-wordpress\/ -->\n<title>85\u00aa Corrida do Fogo Simb\u00f3lico da P\u00e1tria chega a Westf\u00e1lia nesta quinta - Folha Popular<\/title>\n<meta name=\"robots\" content=\"index, follow, max-snippet:-1, max-image-preview:large, max-video-preview:-1\" \/>\n<link rel=\"canonical\" href=\"https:\/\/folhapopular.info\/index.php\/2022\/08\/17\/85a-corrida-do-fogo-simbolico-da-patria-chega-a-westfalia-nesta-quinta\/\" \/>\n<meta property=\"og:locale\" content=\"pt_BR\" \/>\n<meta property=\"og:type\" content=\"article\" \/>\n<meta property=\"og:title\" content=\"85\u00aa Corrida do Fogo Simb\u00f3lico da P\u00e1tria chega a Westf\u00e1lia nesta quinta - Folha Popular\" \/>\n<meta property=\"og:description\" content=\"Em comemora\u00e7\u00e3o ao bicenten\u00e1rio da Independ\u00eancia do Brasil, Westf\u00e1lia receber\u00e1 amanh\u00e3, quinta-feira (18\/8), a 85\u00aa Corrida do Fogo Simb\u00f3lico da P\u00e1tria. A atividade \u00e9 uma realiza\u00e7\u00e3o da Liga de Defesa Nacional, organizada pela Associa\u00e7\u00e3o dos Veteranos e Amigos da 1\u00aa Companhia de Guardas, e busca incentivar o amor \u00e0 p\u00e1tria e resgatar valores e o [&hellip;]\" \/>\n<meta property=\"og:url\" content=\"https:\/\/folhapopular.info\/index.php\/2022\/08\/17\/85a-corrida-do-fogo-simbolico-da-patria-chega-a-westfalia-nesta-quinta\/\" \/>\n<meta property=\"og:site_name\" content=\"Folha Popular\" \/>\n<meta property=\"article:published_time\" content=\"2022-08-17T17:04:39+00:00\" \/>\n<meta property=\"article:modified_time\" content=\"2022-08-17T17:04:42+00:00\" \/>\n<meta property=\"og:image\" content=\"http:\/\/folhapopular.info\/wp-content\/uploads\/2022\/08\/Programacao-e-aberta-a-toda-comunidade_Divulgacao.jpg\" \/>\n\t<meta property=\"og:image:width\" content=\"1080\" \/>\n\t<meta property=\"og:image:height\" content=\"1080\" \/>\n\t<meta property=\"og:image:type\" content=\"image\/jpeg\" \/>\n<meta name=\"author\" content=\"Reda\u00e7\u00e3o Folha Popular\" \/>\n<meta name=\"twitter:card\" content=\"summary_large_image\" \/>\n<meta name=\"twitter:label1\" content=\"Escrito por\" \/>\n\t<meta name=\"twitter:data1\" content=\"Reda\u00e7\u00e3o Folha Popular\" \/>\n\t<meta name=\"twitter:label2\" content=\"Est. tempo de leitura\" \/>\n\t<meta name=\"twitter:data2\" content=\"2 minutos\" \/>\n<script type=\"application\/ld+json\" class=\"yoast-schema-graph\">{\"@context\":\"https:\\\/\\\/schema.org\",\"@graph\":[{\"@type\":\"Article\",\"@id\":\"https:\\\/\\\/folhapopular.info\\\/index.php\\\/2022\\\/08\\\/17\\\/85a-corrida-do-fogo-simbolico-da-patria-chega-a-westfalia-nesta-quinta\\\/#article\",\"isPartOf\":{\"@id\":\"https:\\\/\\\/folhapopular.info\\\/index.php\\\/2022\\\/08\\\/17\\\/85a-corrida-do-fogo-simbolico-da-patria-chega-a-westfalia-nesta-quinta\\\/\"},\"author\":{\"name\":\"Reda\u00e7\u00e3o Folha Popular\",\"@id\":\"https:\\\/\\\/folhapopular.info\\\/#\\\/schema\\\/person\\\/2814e8a0df7643585a9ca38bc6eb9d4b\"},\"headline\":\"85\u00aa Corrida do Fogo Simb\u00f3lico da P\u00e1tria chega a Westf\u00e1lia nesta quinta\",\"datePublished\":\"2022-08-17T17:04:39+00:00\",\"dateModified\":\"2022-08-17T17:04:42+00:00\",\"mainEntityOfPage\":{\"@id\":\"https:\\\/\\\/folhapopular.info\\\/index.php\\\/2022\\\/08\\\/17\\\/85a-corrida-do-fogo-simbolico-da-patria-chega-a-westfalia-nesta-quinta\\\/\"},\"wordCount\":228,\"commentCount\":0,\"image\":{\"@id\":\"https:\\\/\\\/folhapopular.info\\\/index.php\\\/2022\\\/08\\\/17\\\/85a-corrida-do-fogo-simbolico-da-patria-chega-a-westfalia-nesta-quinta\\\/#primaryimage\"},\"thumbnailUrl\":\"https:\\\/\\\/folhapopular.info\\\/wp-content\\\/uploads\\\/2022\\\/08\\\/Programacao-e-aberta-a-toda-comunidade_Divulgacao.jpg\",\"articleSection\":[\"Destaques\",\"Geral\"],\"inLanguage\":\"pt-BR\",\"potentialAction\":[{\"@type\":\"CommentAction\",\"name\":\"Comment\",\"target\":[\"https:\\\/\\\/folhapopular.info\\\/index.php\\\/2022\\\/08\\\/17\\\/85a-corrida-do-fogo-simbolico-da-patria-chega-a-westfalia-nesta-quinta\\\/#respond\"]}]},{\"@type\":\"WebPage\",\"@id\":\"https:\\\/\\\/folhapopular.info\\\/index.php\\\/2022\\\/08\\\/17\\\/85a-corrida-do-fogo-simbolico-da-patria-chega-a-westfalia-nesta-quinta\\\/\",\"url\":\"https:\\\/\\\/folhapopular.info\\\/index.php\\\/2022\\\/08\\\/17\\\/85a-corrida-do-fogo-simbolico-da-patria-chega-a-westfalia-nesta-quinta\\\/\",\"name\":\"85\u00aa Corrida do Fogo Simb\u00f3lico da P\u00e1tria chega a Westf\u00e1lia nesta quinta - Folha Popular\",\"isPartOf\":{\"@id\":\"https:\\\/\\\/folhapopular.info\\\/#website\"},\"primaryImageOfPage\":{\"@id\":\"https:\\\/\\\/folhapopular.info\\\/index.php\\\/2022\\\/08\\\/17\\\/85a-corrida-do-fogo-simbolico-da-patria-chega-a-westfalia-nesta-quinta\\\/#primaryimage\"},\"image\":{\"@id\":\"https:\\\/\\\/folhapopular.info\\\/index.php\\\/2022\\\/08\\\/17\\\/85a-corrida-do-fogo-simbolico-da-patria-chega-a-westfalia-nesta-quinta\\\/#primaryimage\"},\"thumbnailUrl\":\"https:\\\/\\\/folhapopular.info\\\/wp-content\\\/uploads\\\/2022\\\/08\\\/Programacao-e-aberta-a-toda-comunidade_Divulgacao.jpg\",\"datePublished\":\"2022-08-17T17:04:39+00:00\",\"dateModified\":\"2022-08-17T17:04:42+00:00\",\"author\":{\"@id\":\"https:\\\/\\\/folhapopular.info\\\/#\\\/schema\\\/person\\\/2814e8a0df7643585a9ca38bc6eb9d4b\"},\"breadcrumb\":{\"@id\":\"https:\\\/\\\/folhapopular.info\\\/index.php\\\/2022\\\/08\\\/17\\\/85a-corrida-do-fogo-simbolico-da-patria-chega-a-westfalia-nesta-quinta\\\/#breadcrumb\"},\"inLanguage\":\"pt-BR\",\"potentialAction\":[{\"@type\":\"ReadAction\",\"target\":[\"https:\\\/\\\/folhapopular.info\\\/index.php\\\/2022\\\/08\\\/17\\\/85a-corrida-do-fogo-simbolico-da-patria-chega-a-westfalia-nesta-quinta\\\/\"]}]},{\"@type\":\"ImageObject\",\"inLanguage\":\"pt-BR\",\"@id\":\"https:\\\/\\\/folhapopular.info\\\/index.php\\\/2022\\\/08\\\/17\\\/85a-corrida-do-fogo-simbolico-da-patria-chega-a-westfalia-nesta-quinta\\\/#primaryimage\",\"url\":\"https:\\\/\\\/folhapopular.info\\\/wp-content\\\/uploads\\\/2022\\\/08\\\/Programacao-e-aberta-a-toda-comunidade_Divulgacao.jpg\",\"contentUrl\":\"https:\\\/\\\/folhapopular.info\\\/wp-content\\\/uploads\\\/2022\\\/08\\\/Programacao-e-aberta-a-toda-comunidade_Divulgacao.jpg\",\"width\":1080,\"height\":1080,\"caption\":\"Programa\u00e7\u00e3o \u00e9 aberta \u00e0 toda comunidade\"},{\"@type\":\"BreadcrumbList\",\"@id\":\"https:\\\/\\\/folhapopular.info\\\/index.php\\\/2022\\\/08\\\/17\\\/85a-corrida-do-fogo-simbolico-da-patria-chega-a-westfalia-nesta-quinta\\\/#breadcrumb\",\"itemListElement\":[{\"@type\":\"ListItem\",\"position\":1,\"name\":\"In\u00edcio\",\"item\":\"https:\\\/\\\/folhapopular.info\\\/\"},{\"@type\":\"ListItem\",\"position\":2,\"name\":\"85\u00aa Corrida do Fogo Simb\u00f3lico da P\u00e1tria chega a Westf\u00e1lia nesta quinta\"}]},{\"@type\":\"WebSite\",\"@id\":\"https:\\\/\\\/folhapopular.info\\\/#website\",\"url\":\"https:\\\/\\\/folhapopular.info\\\/\",\"name\":\"Folha Popular\",\"description\":\"Onde voc\u00ea tem vez e voz\",\"potentialAction\":[{\"@type\":\"SearchAction\",\"target\":{\"@type\":\"EntryPoint\",\"urlTemplate\":\"https:\\\/\\\/folhapopular.info\\\/?s={search_term_string}\"},\"query-input\":{\"@type\":\"PropertyValueSpecification\",\"valueRequired\":true,\"valueName\":\"search_term_string\"}}],\"inLanguage\":\"pt-BR\"},{\"@type\":\"Person\",\"@id\":\"https:\\\/\\\/folhapopular.info\\\/#\\\/schema\\\/person\\\/2814e8a0df7643585a9ca38bc6eb9d4b\",\"name\":\"Reda\u00e7\u00e3o Folha Popular\",\"image\":{\"@type\":\"ImageObject\",\"inLanguage\":\"pt-BR\",\"@id\":\"https:\\\/\\\/folhapopular.info\\\/wp-content\\\/uploads\\\/2026\\\/04\\\/Folha-1.webp\",\"url\":\"https:\\\/\\\/folhapopular.info\\\/wp-content\\\/uploads\\\/2026\\\/04\\\/Folha-1.webp\",\"contentUrl\":\"https:\\\/\\\/folhapopular.info\\\/wp-content\\\/uploads\\\/2026\\\/04\\\/Folha-1.webp\",\"caption\":\"Reda\u00e7\u00e3o Folha Popular\"},\"url\":\"https:\\\/\\\/folhapopular.info\\\/index.php\\\/author\\\/redacao\\\/\"}]}<\/script>\n<!-- \/ Yoast SEO plugin. -->","yoast_head_json":{"title":"85\u00aa Corrida do Fogo Simb\u00f3lico da P\u00e1tria chega a Westf\u00e1lia nesta quinta - Folha Popular","robots":{"index":"index","follow":"follow","max-snippet":"max-snippet:-1","max-image-preview":"max-image-preview:large","max-video-preview":"max-video-preview:-1"},"canonical":"https:\/\/folhapopular.info\/index.php\/2022\/08\/17\/85a-corrida-do-fogo-simbolico-da-patria-chega-a-westfalia-nesta-quinta\/","og_locale":"pt_BR","og_type":"article","og_title":"85\u00aa Corrida do Fogo Simb\u00f3lico da P\u00e1tria chega a Westf\u00e1lia nesta quinta - Folha Popular","og_description":"Em comemora\u00e7\u00e3o ao bicenten\u00e1rio da Independ\u00eancia do Brasil, Westf\u00e1lia receber\u00e1 amanh\u00e3, quinta-feira (18\/8), a 85\u00aa Corrida do Fogo Simb\u00f3lico da P\u00e1tria. A atividade \u00e9 uma realiza\u00e7\u00e3o da Liga de Defesa Nacional, organizada pela Associa\u00e7\u00e3o dos Veteranos e Amigos da 1\u00aa Companhia de Guardas, e busca incentivar o amor \u00e0 p\u00e1tria e resgatar valores e o [&hellip;]","og_url":"https:\/\/folhapopular.info\/index.php\/2022\/08\/17\/85a-corrida-do-fogo-simbolico-da-patria-chega-a-westfalia-nesta-quinta\/","og_site_name":"Folha Popular","article_published_time":"2022-08-17T17:04:39+00:00","article_modified_time":"2022-08-17T17:04:42+00:00","og_image":[{"width":1080,"height":1080,"url":"http:\/\/folhapopular.info\/wp-content\/uploads\/2022\/08\/Programacao-e-aberta-a-toda-comunidade_Divulgacao.jpg","type":"image\/jpeg"}],"author":"Reda\u00e7\u00e3o Folha Popular","twitter_card":"summary_large_image","twitter_misc":{"Escrito por":"Reda\u00e7\u00e3o Folha Popular","Est. tempo de leitura":"2 minutos"},"schema":{"@context":"https:\/\/schema.org","@graph":[{"@type":"Article","@id":"https:\/\/folhapopular.info\/index.php\/2022\/08\/17\/85a-corrida-do-fogo-simbolico-da-patria-chega-a-westfalia-nesta-quinta\/#article","isPartOf":{"@id":"https:\/\/folhapopular.info\/index.php\/2022\/08\/17\/85a-corrida-do-fogo-simbolico-da-patria-chega-a-westfalia-nesta-quinta\/"},"author":{"name":"Reda\u00e7\u00e3o Folha Popular","@id":"https:\/\/folhapopular.info\/#\/schema\/person\/2814e8a0df7643585a9ca38bc6eb9d4b"},"headline":"85\u00aa Corrida do Fogo Simb\u00f3lico da P\u00e1tria chega a Westf\u00e1lia nesta quinta","datePublished":"2022-08-17T17:04:39+00:00","dateModified":"2022-08-17T17:04:42+00:00","mainEntityOfPage":{"@id":"https:\/\/folhapopular.info\/index.php\/2022\/08\/17\/85a-corrida-do-fogo-simbolico-da-patria-chega-a-westfalia-nesta-quinta\/"},"wordCount":228,"commentCount":0,"image":{"@id":"https:\/\/folhapopular.info\/index.php\/2022\/08\/17\/85a-corrida-do-fogo-simbolico-da-patria-chega-a-westfalia-nesta-quinta\/#primaryimage"},"thumbnailUrl":"https:\/\/folhapopular.info\/wp-content\/uploads\/2022\/08\/Programacao-e-aberta-a-toda-comunidade_Divulgacao.jpg","articleSection":["Destaques","Geral"],"inLanguage":"pt-BR","potentialAction":[{"@type":"CommentAction","name":"Comment","target":["https:\/\/folhapopular.info\/index.php\/2022\/08\/17\/85a-corrida-do-fogo-simbolico-da-patria-chega-a-westfalia-nesta-quinta\/#respond"]}]},{"@type":"WebPage","@id":"https:\/\/folhapopular.info\/index.php\/2022\/08\/17\/85a-corrida-do-fogo-simbolico-da-patria-chega-a-westfalia-nesta-quinta\/","url":"https:\/\/folhapopular.info\/index.php\/2022\/08\/17\/85a-corrida-do-fogo-simbolico-da-patria-chega-a-westfalia-nesta-quinta\/","name":"85\u00aa Corrida do Fogo Simb\u00f3lico da P\u00e1tria chega a Westf\u00e1lia nesta quinta - Folha Popular","isPartOf":{"@id":"https:\/\/folhapopular.info\/#website"},"primaryImageOfPage":{"@id":"https:\/\/folhapopular.info\/index.php\/2022\/08\/17\/85a-corrida-do-fogo-simbolico-da-patria-chega-a-westfalia-nesta-quinta\/#primaryimage"},"image":{"@id":"https:\/\/folhapopular.info\/index.php\/2022\/08\/17\/85a-corrida-do-fogo-simbolico-da-patria-chega-a-westfalia-nesta-quinta\/#primaryimage"},"thumbnailUrl":"https:\/\/folhapopular.info\/wp-content\/uploads\/2022\/08\/Programacao-e-aberta-a-toda-comunidade_Divulgacao.jpg","datePublished":"2022-08-17T17:04:39+00:00","dateModified":"2022-08-17T17:04:42+00:00","author":{"@id":"https:\/\/folhapopular.info\/#\/schema\/person\/2814e8a0df7643585a9ca38bc6eb9d4b"},"breadcrumb":{"@id":"https:\/\/folhapopular.info\/index.php\/2022\/08\/17\/85a-corrida-do-fogo-simbolico-da-patria-chega-a-westfalia-nesta-quinta\/#breadcrumb"},"inLanguage":"pt-BR","potentialAction":[{"@type":"ReadAction","target":["https:\/\/folhapopular.info\/index.php\/2022\/08\/17\/85a-corrida-do-fogo-simbolico-da-patria-chega-a-westfalia-nesta-quinta\/"]}]},{"@type":"ImageObject","inLanguage":"pt-BR","@id":"https:\/\/folhapopular.info\/index.php\/2022\/08\/17\/85a-corrida-do-fogo-simbolico-da-patria-chega-a-westfalia-nesta-quinta\/#primaryimage","url":"https:\/\/folhapopular.info\/wp-content\/uploads\/2022\/08\/Programacao-e-aberta-a-toda-comunidade_Divulgacao.jpg","contentUrl":"https:\/\/folhapopular.info\/wp-content\/uploads\/2022\/08\/Programacao-e-aberta-a-toda-comunidade_Divulgacao.jpg","width":1080,"height":1080,"caption":"Programa\u00e7\u00e3o \u00e9 aberta \u00e0 toda comunidade"},{"@type":"BreadcrumbList","@id":"https:\/\/folhapopular.info\/index.php\/2022\/08\/17\/85a-corrida-do-fogo-simbolico-da-patria-chega-a-westfalia-nesta-quinta\/#breadcrumb","itemListElement":[{"@type":"ListItem","position":1,"name":"In\u00edcio","item":"https:\/\/folhapopular.info\/"},{"@type":"ListItem","position":2,"name":"85\u00aa Corrida do Fogo Simb\u00f3lico da P\u00e1tria chega a Westf\u00e1lia nesta quinta"}]},{"@type":"WebSite","@id":"https:\/\/folhapopular.info\/#website","url":"https:\/\/folhapopular.info\/","name":"Folha Popular","description":"Onde voc\u00ea tem vez e voz","potentialAction":[{"@type":"SearchAction","target":{"@type":"EntryPoint","urlTemplate":"https:\/\/folhapopular.info\/?s={search_term_string}"},"query-input":{"@type":"PropertyValueSpecification","valueRequired":true,"valueName":"search_term_string"}}],"inLanguage":"pt-BR"},{"@type":"Person","@id":"https:\/\/folhapopular.info\/#\/schema\/person\/2814e8a0df7643585a9ca38bc6eb9d4b","name":"Reda\u00e7\u00e3o Folha Popular","image":{"@type":"ImageObject","inLanguage":"pt-BR","@id":"https:\/\/folhapopular.info\/wp-content\/uploads\/2026\/04\/Folha-1.webp","url":"https:\/\/folhapopular.info\/wp-content\/uploads\/2026\/04\/Folha-1.webp","contentUrl":"https:\/\/folhapopular.info\/wp-content\/uploads\/2026\/04\/Folha-1.webp","caption":"Reda\u00e7\u00e3o Folha Popular"},"url":"https:\/\/folhapopular.info\/index.php\/author\/redacao\/"}]}},"jetpack_featured_media_url":"https:\/\/folhapopular.info\/wp-content\/uploads\/2022\/08\/Programacao-e-aberta-a-toda-comunidade_Divulgacao.jpg","jetpack_sharing_enabled":true,"amp_enabled":true,"_links":{"self":[{"href":"https:\/\/folhapopular.info\/index.php\/wp-json\/wp\/v2\/posts\/110919","targetHints":{"allow":["GET"]}}],"collection":[{"href":"https:\/\/folhapopular.info\/index.php\/wp-json\/wp\/v2\/posts"}],"about":[{"href":"https:\/\/folhapopular.info\/index.php\/wp-json\/wp\/v2\/types\/post"}],"author":[{"embeddable":true,"href":"https:\/\/folhapopular.info\/index.php\/wp-json\/wp\/v2\/users\/8"}],"replies":[{"embeddable":true,"href":"https:\/\/folhapopular.info\/index.php\/wp-json\/wp\/v2\/comments?post=110919"}],"version-history":[{"count":0,"href":"https:\/\/folhapopular.info\/index.php\/wp-json\/wp\/v2\/posts\/110919\/revisions"}],"wp:featuredmedia":[{"embeddable":true,"href":"https:\/\/folhapopular.info\/index.php\/wp-json\/wp\/v2\/media\/110920"}],"wp:attachment":[{"href":"https:\/\/folhapopular.info\/index.php\/wp-json\/wp\/v2\/media?parent=110919"}],"wp:term":[{"taxonomy":"category","embeddable":true,"href":"https:\/\/folhapopular.info\/index.php\/wp-json\/wp\/v2\/categories?post=110919"},{"taxonomy":"post_tag","embeddable":true,"href":"https:\/\/folhapopular.info\/index.php\/wp-json\/wp\/v2\/tags?post=110919"}],"curies":[{"name":"wp","href":"https:\/\/api.w.org\/{rel}","templated":true}]}}