{"id":110923,"date":"2022-08-17T14:18:05","date_gmt":"2022-08-17T17:18:05","guid":{"rendered":"https:\/\/folhapopular.info\/?p=110923"},"modified":"2022-08-17T14:18:08","modified_gmt":"2022-08-17T17:18:08","slug":"dia-d-da-vacinacao-em-estrela-sera-concentrada-nos-postos-central-e-boa-uniao","status":"publish","type":"post","link":"https:\/\/folhapopular.info\/index.php\/2022\/08\/17\/dia-d-da-vacinacao-em-estrela-sera-concentrada-nos-postos-central-e-boa-uniao\/","title":{"rendered":"\u201cDia D\u201d da vacina\u00e7\u00e3o em Estrela ser\u00e1 concentrada nos postos Central e Boa Uni\u00e3o"},"content":{"rendered":"\n<p>O calend\u00e1rio da Campanha Nacional de Vacina\u00e7\u00e3o contra a Poliomielite e da Campanha Nacional de Multivacina\u00e7\u00e3o para Atualiza\u00e7\u00e3o de Cadernetas de Vacina\u00e7\u00e3o ter\u00e1, neste s\u00e1bado (20\/8), sua data mais especial: o \u201cDia D\u201d. Famosa por ser a a\u00e7\u00e3o que mobiliza o maior n\u00famero de pessoas do p\u00fablico-alvo, principalmente por ser realizada em hor\u00e1rios estendidos de um dia n\u00e3o \u00fatil, o \u201cDia D\u201d, em Estrela, ficar\u00e1 concentrado nos postos Central e do Bairro Boa Uni\u00e3o. A a\u00e7\u00e3o transcorrer\u00e1 das 8h \u00e0s 17h, sem fechar ao meio-dia. As duas campanhas se estender\u00e3o nacionalmente at\u00e9 o pr\u00f3ximo dia 09 de setembro.<\/p>\n\n\n\n<p>A Campanha Nacional de Vacina\u00e7\u00e3o contra a Poliomielite \u00e9 exclusiva a menores de 5 anos. Mesmo obrigat\u00f3ria a todos, registrou pouca procura por parte dos familiares respons\u00e1veis nestes primeiros dias. At\u00e9 ent\u00e3o \u2013 sem a atualiza\u00e7\u00e3o desta quarta-feira (17\/8) \u2013 foram apenas 70 vacinadas. \u201cTrata-se de uma campanha muito importante, mas que, este ano, muito em raz\u00e3o de ocorrer em meio a outras, entre elas da Covid e, at\u00e9 mesmo, a eleitoral, tem ganhado pouca divulga\u00e7\u00e3o dos ve\u00edculos de comunica\u00e7\u00e3o, redes sociais, e assim n\u00e3o chegou de forma t\u00e3o presente e forte ainda \u00e0s fam\u00edlias\u201d, destaca o secret\u00e1rio municipal de Sa\u00fade de Estrela, Celso Kaplan. <\/p>\n\n\n\n<p>J\u00e1 a Campanha Nacional de Multivacina\u00e7\u00e3o para Atualiza\u00e7\u00e3o de Cadernetas de Vacina\u00e7\u00e3o \u00e9 voltada aos menores de 15 anos. Busca deixar em dia a imuniza\u00e7\u00e3o do p\u00fablico-alvo contra outras poss\u00edveis doen\u00e7as, aplicando, entre elas, vacinas do HPV, Meningo ACWY (meningite), Febre Amarela e antitet\u00e2nica (t\u00e9tano). Nestes primeiros oito dias de campanha foram pouco mais de 40 atualiza\u00e7\u00f5es. \u201cOs n\u00fameros tamb\u00e9m precisam melhorar, pois a gama de vacinas a serem realizadas \u00e9 grande. Neste caso, ainda podemos considerar que o que ameniza esse \u00edndice \u00e9 que se trata de um indicador de que nossa popula\u00e7\u00e3o infantil e jovem est\u00e1 bem protegida. Mas n\u00e3o podemos descuidar\u201d, alerta Kaplan.\u00a0\u00a0<\/p>\n\n\n\n<p><strong>Expectativa<\/strong><\/p>\n\n\n\n<p>De acordo com a coordenadora do departamento de vacina\u00e7\u00e3o da secretaria, Ana Carolina P\u00e1dua Lopes, a expectativa para o \u201cDia D\u201d \u00e9 sempre positiva. \u201cSabemos, como sempre comprovado em outras campanhas, que a maioria das pessoas costuma deixar para buscar o servi\u00e7o nos \u00faltimos dias. Ainda assim esper\u00e1vamos n\u00fameros melhores para estes primeiros dias. Por isso cresce a import\u00e2ncia e nossa expectativa para o \u2018Dia D\u2019. Por ocorrer em um s\u00e1bado e em hor\u00e1rios estendidos acreditamos que teremos uma grande procura\u201d, revela.<\/p>\n\n\n\n<p><strong>Covid<\/strong><\/p>\n\n\n\n<p>O que ser\u00e1 permitido \u00e9 que pessoas dentro da faixa et\u00e1ria das duas campanhas, que comparecerem ao \u201cDia D\u201d, aproveitem a presen\u00e7a nos postos para realizar a vacina\u00e7\u00e3o contra a Covid. Assim, ser\u00e1 permitida a primeira dose de refor\u00e7o (terceira geral) a quem tem entre 12 e 15 anos; a segunda dose geral (de acordo com os prazos baseados na data de realiza\u00e7\u00e3o da primeira dose) e a primeira dose geral a todos acima de tr\u00eas anos.<\/p>\n\n\n\n<p><strong>Onde e quando?<\/strong><\/p>\n\n\n\n<p>Diariamente, em Estrela, a vacina\u00e7\u00e3o para as duas campanhas pode ser realizada nos mesmos locais, mas distintos hor\u00e1rios: Unidade B\u00e1sica de Sa\u00fade (UBS) do Bairro Boa Uni\u00e3o, das 10 \u00e0s 16h; e UBS Central, das 8h \u00e0s 16h. Mais informa\u00e7\u00f5es pelo WhatsApp 9127-9045 e pelo telefone 3981-1118.<\/p>\n","protected":false},"excerpt":{"rendered":"<p>O calend\u00e1rio da Campanha Nacional de Vacina\u00e7\u00e3o contra a Poliomielite e da Campanha Nacional de Multivacina\u00e7\u00e3o para Atualiza\u00e7\u00e3o de Cadernetas de Vacina\u00e7\u00e3o ter\u00e1, neste s\u00e1bado (20\/8), sua data mais especial: o \u201cDia D\u201d. Famosa por ser a a\u00e7\u00e3o que mobiliza o maior n\u00famero de pessoas do p\u00fablico-alvo, principalmente por ser realizada em hor\u00e1rios estendidos de [&hellip;]<\/p>\n","protected":false},"author":8,"featured_media":110924,"comment_status":"open","ping_status":"open","sticky":false,"template":"","format":"standard","meta":{"pmpro_default_level":"","_jetpack_memberships_contains_paid_content":false,"footnotes":""},"categories":[2,3],"tags":[8,156],"class_list":{"0":"post-110923","1":"post","2":"type-post","3":"status-publish","4":"format-standard","5":"has-post-thumbnail","7":"category-featured","8":"category-geral","9":"tag-estrela","10":"tag-vale-do-taquari","11":"pmpro-has-access"},"yoast_head":"<!-- This site is optimized with the Yoast SEO plugin v27.5 - https:\/\/yoast.com\/product\/yoast-seo-wordpress\/ -->\n<title>\u201cDia D\u201d da vacina\u00e7\u00e3o em Estrela ser\u00e1 concentrada nos postos Central e Boa Uni\u00e3o - Folha Popular<\/title>\n<meta name=\"robots\" content=\"index, follow, max-snippet:-1, max-image-preview:large, max-video-preview:-1\" \/>\n<link rel=\"canonical\" href=\"https:\/\/folhapopular.info\/index.php\/2022\/08\/17\/dia-d-da-vacinacao-em-estrela-sera-concentrada-nos-postos-central-e-boa-uniao\/\" \/>\n<meta property=\"og:locale\" content=\"pt_BR\" \/>\n<meta property=\"og:type\" content=\"article\" \/>\n<meta property=\"og:title\" content=\"\u201cDia D\u201d da vacina\u00e7\u00e3o em Estrela ser\u00e1 concentrada nos postos Central e Boa Uni\u00e3o - Folha Popular\" \/>\n<meta property=\"og:description\" content=\"O calend\u00e1rio da Campanha Nacional de Vacina\u00e7\u00e3o contra a Poliomielite e da Campanha Nacional de Multivacina\u00e7\u00e3o para Atualiza\u00e7\u00e3o de Cadernetas de Vacina\u00e7\u00e3o ter\u00e1, neste s\u00e1bado (20\/8), sua data mais especial: o \u201cDia D\u201d. Famosa por ser a a\u00e7\u00e3o que mobiliza o maior n\u00famero de pessoas do p\u00fablico-alvo, principalmente por ser realizada em hor\u00e1rios estendidos de [&hellip;]\" \/>\n<meta property=\"og:url\" content=\"https:\/\/folhapopular.info\/index.php\/2022\/08\/17\/dia-d-da-vacinacao-em-estrela-sera-concentrada-nos-postos-central-e-boa-uniao\/\" \/>\n<meta property=\"og:site_name\" content=\"Folha Popular\" \/>\n<meta property=\"article:published_time\" content=\"2022-08-17T17:18:05+00:00\" \/>\n<meta property=\"article:modified_time\" content=\"2022-08-17T17:18:08+00:00\" \/>\n<meta property=\"og:image\" content=\"http:\/\/folhapopular.info\/wp-content\/uploads\/2022\/08\/Vacinacao-Poliomelite-CASE-scaled.jpg\" \/>\n\t<meta property=\"og:image:width\" content=\"2560\" \/>\n\t<meta property=\"og:image:height\" content=\"1153\" \/>\n\t<meta property=\"og:image:type\" content=\"image\/jpeg\" \/>\n<meta name=\"author\" content=\"Reda\u00e7\u00e3o Folha Popular\" \/>\n<meta name=\"twitter:card\" content=\"summary_large_image\" \/>\n<meta name=\"twitter:label1\" content=\"Escrito por\" \/>\n\t<meta name=\"twitter:data1\" content=\"Reda\u00e7\u00e3o Folha Popular\" \/>\n\t<meta name=\"twitter:label2\" content=\"Est. tempo de leitura\" \/>\n\t<meta name=\"twitter:data2\" content=\"3 minutos\" \/>\n<script type=\"application\/ld+json\" class=\"yoast-schema-graph\">{\"@context\":\"https:\\\/\\\/schema.org\",\"@graph\":[{\"@type\":\"Article\",\"@id\":\"https:\\\/\\\/folhapopular.info\\\/index.php\\\/2022\\\/08\\\/17\\\/dia-d-da-vacinacao-em-estrela-sera-concentrada-nos-postos-central-e-boa-uniao\\\/#article\",\"isPartOf\":{\"@id\":\"https:\\\/\\\/folhapopular.info\\\/index.php\\\/2022\\\/08\\\/17\\\/dia-d-da-vacinacao-em-estrela-sera-concentrada-nos-postos-central-e-boa-uniao\\\/\"},\"author\":{\"name\":\"Reda\u00e7\u00e3o Folha Popular\",\"@id\":\"https:\\\/\\\/folhapopular.info\\\/#\\\/schema\\\/person\\\/2814e8a0df7643585a9ca38bc6eb9d4b\"},\"headline\":\"\u201cDia D\u201d da vacina\u00e7\u00e3o em Estrela ser\u00e1 concentrada nos postos Central e Boa Uni\u00e3o\",\"datePublished\":\"2022-08-17T17:18:05+00:00\",\"dateModified\":\"2022-08-17T17:18:08+00:00\",\"mainEntityOfPage\":{\"@id\":\"https:\\\/\\\/folhapopular.info\\\/index.php\\\/2022\\\/08\\\/17\\\/dia-d-da-vacinacao-em-estrela-sera-concentrada-nos-postos-central-e-boa-uniao\\\/\"},\"wordCount\":581,\"commentCount\":0,\"image\":{\"@id\":\"https:\\\/\\\/folhapopular.info\\\/index.php\\\/2022\\\/08\\\/17\\\/dia-d-da-vacinacao-em-estrela-sera-concentrada-nos-postos-central-e-boa-uniao\\\/#primaryimage\"},\"thumbnailUrl\":\"https:\\\/\\\/folhapopular.info\\\/wp-content\\\/uploads\\\/2022\\\/08\\\/Vacinacao-Poliomelite-CASE-scaled.jpg\",\"keywords\":[\"Estrela\",\"Vale do Taquari\"],\"articleSection\":[\"Destaques\",\"Geral\"],\"inLanguage\":\"pt-BR\",\"potentialAction\":[{\"@type\":\"CommentAction\",\"name\":\"Comment\",\"target\":[\"https:\\\/\\\/folhapopular.info\\\/index.php\\\/2022\\\/08\\\/17\\\/dia-d-da-vacinacao-em-estrela-sera-concentrada-nos-postos-central-e-boa-uniao\\\/#respond\"]}]},{\"@type\":\"WebPage\",\"@id\":\"https:\\\/\\\/folhapopular.info\\\/index.php\\\/2022\\\/08\\\/17\\\/dia-d-da-vacinacao-em-estrela-sera-concentrada-nos-postos-central-e-boa-uniao\\\/\",\"url\":\"https:\\\/\\\/folhapopular.info\\\/index.php\\\/2022\\\/08\\\/17\\\/dia-d-da-vacinacao-em-estrela-sera-concentrada-nos-postos-central-e-boa-uniao\\\/\",\"name\":\"\u201cDia D\u201d da vacina\u00e7\u00e3o em Estrela ser\u00e1 concentrada nos postos Central e Boa Uni\u00e3o - Folha Popular\",\"isPartOf\":{\"@id\":\"https:\\\/\\\/folhapopular.info\\\/#website\"},\"primaryImageOfPage\":{\"@id\":\"https:\\\/\\\/folhapopular.info\\\/index.php\\\/2022\\\/08\\\/17\\\/dia-d-da-vacinacao-em-estrela-sera-concentrada-nos-postos-central-e-boa-uniao\\\/#primaryimage\"},\"image\":{\"@id\":\"https:\\\/\\\/folhapopular.info\\\/index.php\\\/2022\\\/08\\\/17\\\/dia-d-da-vacinacao-em-estrela-sera-concentrada-nos-postos-central-e-boa-uniao\\\/#primaryimage\"},\"thumbnailUrl\":\"https:\\\/\\\/folhapopular.info\\\/wp-content\\\/uploads\\\/2022\\\/08\\\/Vacinacao-Poliomelite-CASE-scaled.jpg\",\"datePublished\":\"2022-08-17T17:18:05+00:00\",\"dateModified\":\"2022-08-17T17:18:08+00:00\",\"author\":{\"@id\":\"https:\\\/\\\/folhapopular.info\\\/#\\\/schema\\\/person\\\/2814e8a0df7643585a9ca38bc6eb9d4b\"},\"breadcrumb\":{\"@id\":\"https:\\\/\\\/folhapopular.info\\\/index.php\\\/2022\\\/08\\\/17\\\/dia-d-da-vacinacao-em-estrela-sera-concentrada-nos-postos-central-e-boa-uniao\\\/#breadcrumb\"},\"inLanguage\":\"pt-BR\",\"potentialAction\":[{\"@type\":\"ReadAction\",\"target\":[\"https:\\\/\\\/folhapopular.info\\\/index.php\\\/2022\\\/08\\\/17\\\/dia-d-da-vacinacao-em-estrela-sera-concentrada-nos-postos-central-e-boa-uniao\\\/\"]}]},{\"@type\":\"ImageObject\",\"inLanguage\":\"pt-BR\",\"@id\":\"https:\\\/\\\/folhapopular.info\\\/index.php\\\/2022\\\/08\\\/17\\\/dia-d-da-vacinacao-em-estrela-sera-concentrada-nos-postos-central-e-boa-uniao\\\/#primaryimage\",\"url\":\"https:\\\/\\\/folhapopular.info\\\/wp-content\\\/uploads\\\/2022\\\/08\\\/Vacinacao-Poliomelite-CASE-scaled.jpg\",\"contentUrl\":\"https:\\\/\\\/folhapopular.info\\\/wp-content\\\/uploads\\\/2022\\\/08\\\/Vacinacao-Poliomelite-CASE-scaled.jpg\",\"width\":2560,\"height\":1153,\"caption\":\"Cr\u00e9dito: Rodrigo Angeli\\\/Governo de Estrela\"},{\"@type\":\"BreadcrumbList\",\"@id\":\"https:\\\/\\\/folhapopular.info\\\/index.php\\\/2022\\\/08\\\/17\\\/dia-d-da-vacinacao-em-estrela-sera-concentrada-nos-postos-central-e-boa-uniao\\\/#breadcrumb\",\"itemListElement\":[{\"@type\":\"ListItem\",\"position\":1,\"name\":\"In\u00edcio\",\"item\":\"https:\\\/\\\/folhapopular.info\\\/\"},{\"@type\":\"ListItem\",\"position\":2,\"name\":\"\u201cDia D\u201d da vacina\u00e7\u00e3o em Estrela ser\u00e1 concentrada nos postos Central e Boa Uni\u00e3o\"}]},{\"@type\":\"WebSite\",\"@id\":\"https:\\\/\\\/folhapopular.info\\\/#website\",\"url\":\"https:\\\/\\\/folhapopular.info\\\/\",\"name\":\"Folha Popular\",\"description\":\"Onde voc\u00ea tem vez e voz\",\"potentialAction\":[{\"@type\":\"SearchAction\",\"target\":{\"@type\":\"EntryPoint\",\"urlTemplate\":\"https:\\\/\\\/folhapopular.info\\\/?s={search_term_string}\"},\"query-input\":{\"@type\":\"PropertyValueSpecification\",\"valueRequired\":true,\"valueName\":\"search_term_string\"}}],\"inLanguage\":\"pt-BR\"},{\"@type\":\"Person\",\"@id\":\"https:\\\/\\\/folhapopular.info\\\/#\\\/schema\\\/person\\\/2814e8a0df7643585a9ca38bc6eb9d4b\",\"name\":\"Reda\u00e7\u00e3o Folha Popular\",\"image\":{\"@type\":\"ImageObject\",\"inLanguage\":\"pt-BR\",\"@id\":\"https:\\\/\\\/folhapopular.info\\\/wp-content\\\/uploads\\\/2026\\\/04\\\/Folha-1.webp\",\"url\":\"https:\\\/\\\/folhapopular.info\\\/wp-content\\\/uploads\\\/2026\\\/04\\\/Folha-1.webp\",\"contentUrl\":\"https:\\\/\\\/folhapopular.info\\\/wp-content\\\/uploads\\\/2026\\\/04\\\/Folha-1.webp\",\"caption\":\"Reda\u00e7\u00e3o Folha Popular\"},\"url\":\"https:\\\/\\\/folhapopular.info\\\/index.php\\\/author\\\/redacao\\\/\"}]}<\/script>\n<!-- \/ Yoast SEO plugin. -->","yoast_head_json":{"title":"\u201cDia D\u201d da vacina\u00e7\u00e3o em Estrela ser\u00e1 concentrada nos postos Central e Boa Uni\u00e3o - Folha Popular","robots":{"index":"index","follow":"follow","max-snippet":"max-snippet:-1","max-image-preview":"max-image-preview:large","max-video-preview":"max-video-preview:-1"},"canonical":"https:\/\/folhapopular.info\/index.php\/2022\/08\/17\/dia-d-da-vacinacao-em-estrela-sera-concentrada-nos-postos-central-e-boa-uniao\/","og_locale":"pt_BR","og_type":"article","og_title":"\u201cDia D\u201d da vacina\u00e7\u00e3o em Estrela ser\u00e1 concentrada nos postos Central e Boa Uni\u00e3o - Folha Popular","og_description":"O calend\u00e1rio da Campanha Nacional de Vacina\u00e7\u00e3o contra a Poliomielite e da Campanha Nacional de Multivacina\u00e7\u00e3o para Atualiza\u00e7\u00e3o de Cadernetas de Vacina\u00e7\u00e3o ter\u00e1, neste s\u00e1bado (20\/8), sua data mais especial: o \u201cDia D\u201d. Famosa por ser a a\u00e7\u00e3o que mobiliza o maior n\u00famero de pessoas do p\u00fablico-alvo, principalmente por ser realizada em hor\u00e1rios estendidos de [&hellip;]","og_url":"https:\/\/folhapopular.info\/index.php\/2022\/08\/17\/dia-d-da-vacinacao-em-estrela-sera-concentrada-nos-postos-central-e-boa-uniao\/","og_site_name":"Folha Popular","article_published_time":"2022-08-17T17:18:05+00:00","article_modified_time":"2022-08-17T17:18:08+00:00","og_image":[{"width":2560,"height":1153,"url":"http:\/\/folhapopular.info\/wp-content\/uploads\/2022\/08\/Vacinacao-Poliomelite-CASE-scaled.jpg","type":"image\/jpeg"}],"author":"Reda\u00e7\u00e3o Folha Popular","twitter_card":"summary_large_image","twitter_misc":{"Escrito por":"Reda\u00e7\u00e3o Folha Popular","Est. tempo de leitura":"3 minutos"},"schema":{"@context":"https:\/\/schema.org","@graph":[{"@type":"Article","@id":"https:\/\/folhapopular.info\/index.php\/2022\/08\/17\/dia-d-da-vacinacao-em-estrela-sera-concentrada-nos-postos-central-e-boa-uniao\/#article","isPartOf":{"@id":"https:\/\/folhapopular.info\/index.php\/2022\/08\/17\/dia-d-da-vacinacao-em-estrela-sera-concentrada-nos-postos-central-e-boa-uniao\/"},"author":{"name":"Reda\u00e7\u00e3o Folha Popular","@id":"https:\/\/folhapopular.info\/#\/schema\/person\/2814e8a0df7643585a9ca38bc6eb9d4b"},"headline":"\u201cDia D\u201d da vacina\u00e7\u00e3o em Estrela ser\u00e1 concentrada nos postos Central e Boa Uni\u00e3o","datePublished":"2022-08-17T17:18:05+00:00","dateModified":"2022-08-17T17:18:08+00:00","mainEntityOfPage":{"@id":"https:\/\/folhapopular.info\/index.php\/2022\/08\/17\/dia-d-da-vacinacao-em-estrela-sera-concentrada-nos-postos-central-e-boa-uniao\/"},"wordCount":581,"commentCount":0,"image":{"@id":"https:\/\/folhapopular.info\/index.php\/2022\/08\/17\/dia-d-da-vacinacao-em-estrela-sera-concentrada-nos-postos-central-e-boa-uniao\/#primaryimage"},"thumbnailUrl":"https:\/\/folhapopular.info\/wp-content\/uploads\/2022\/08\/Vacinacao-Poliomelite-CASE-scaled.jpg","keywords":["Estrela","Vale do Taquari"],"articleSection":["Destaques","Geral"],"inLanguage":"pt-BR","potentialAction":[{"@type":"CommentAction","name":"Comment","target":["https:\/\/folhapopular.info\/index.php\/2022\/08\/17\/dia-d-da-vacinacao-em-estrela-sera-concentrada-nos-postos-central-e-boa-uniao\/#respond"]}]},{"@type":"WebPage","@id":"https:\/\/folhapopular.info\/index.php\/2022\/08\/17\/dia-d-da-vacinacao-em-estrela-sera-concentrada-nos-postos-central-e-boa-uniao\/","url":"https:\/\/folhapopular.info\/index.php\/2022\/08\/17\/dia-d-da-vacinacao-em-estrela-sera-concentrada-nos-postos-central-e-boa-uniao\/","name":"\u201cDia D\u201d da vacina\u00e7\u00e3o em Estrela ser\u00e1 concentrada nos postos Central e Boa Uni\u00e3o - Folha Popular","isPartOf":{"@id":"https:\/\/folhapopular.info\/#website"},"primaryImageOfPage":{"@id":"https:\/\/folhapopular.info\/index.php\/2022\/08\/17\/dia-d-da-vacinacao-em-estrela-sera-concentrada-nos-postos-central-e-boa-uniao\/#primaryimage"},"image":{"@id":"https:\/\/folhapopular.info\/index.php\/2022\/08\/17\/dia-d-da-vacinacao-em-estrela-sera-concentrada-nos-postos-central-e-boa-uniao\/#primaryimage"},"thumbnailUrl":"https:\/\/folhapopular.info\/wp-content\/uploads\/2022\/08\/Vacinacao-Poliomelite-CASE-scaled.jpg","datePublished":"2022-08-17T17:18:05+00:00","dateModified":"2022-08-17T17:18:08+00:00","author":{"@id":"https:\/\/folhapopular.info\/#\/schema\/person\/2814e8a0df7643585a9ca38bc6eb9d4b"},"breadcrumb":{"@id":"https:\/\/folhapopular.info\/index.php\/2022\/08\/17\/dia-d-da-vacinacao-em-estrela-sera-concentrada-nos-postos-central-e-boa-uniao\/#breadcrumb"},"inLanguage":"pt-BR","potentialAction":[{"@type":"ReadAction","target":["https:\/\/folhapopular.info\/index.php\/2022\/08\/17\/dia-d-da-vacinacao-em-estrela-sera-concentrada-nos-postos-central-e-boa-uniao\/"]}]},{"@type":"ImageObject","inLanguage":"pt-BR","@id":"https:\/\/folhapopular.info\/index.php\/2022\/08\/17\/dia-d-da-vacinacao-em-estrela-sera-concentrada-nos-postos-central-e-boa-uniao\/#primaryimage","url":"https:\/\/folhapopular.info\/wp-content\/uploads\/2022\/08\/Vacinacao-Poliomelite-CASE-scaled.jpg","contentUrl":"https:\/\/folhapopular.info\/wp-content\/uploads\/2022\/08\/Vacinacao-Poliomelite-CASE-scaled.jpg","width":2560,"height":1153,"caption":"Cr\u00e9dito: Rodrigo Angeli\/Governo de Estrela"},{"@type":"BreadcrumbList","@id":"https:\/\/folhapopular.info\/index.php\/2022\/08\/17\/dia-d-da-vacinacao-em-estrela-sera-concentrada-nos-postos-central-e-boa-uniao\/#breadcrumb","itemListElement":[{"@type":"ListItem","position":1,"name":"In\u00edcio","item":"https:\/\/folhapopular.info\/"},{"@type":"ListItem","position":2,"name":"\u201cDia D\u201d da vacina\u00e7\u00e3o em Estrela ser\u00e1 concentrada nos postos Central e Boa Uni\u00e3o"}]},{"@type":"WebSite","@id":"https:\/\/folhapopular.info\/#website","url":"https:\/\/folhapopular.info\/","name":"Folha Popular","description":"Onde voc\u00ea tem vez e voz","potentialAction":[{"@type":"SearchAction","target":{"@type":"EntryPoint","urlTemplate":"https:\/\/folhapopular.info\/?s={search_term_string}"},"query-input":{"@type":"PropertyValueSpecification","valueRequired":true,"valueName":"search_term_string"}}],"inLanguage":"pt-BR"},{"@type":"Person","@id":"https:\/\/folhapopular.info\/#\/schema\/person\/2814e8a0df7643585a9ca38bc6eb9d4b","name":"Reda\u00e7\u00e3o Folha Popular","image":{"@type":"ImageObject","inLanguage":"pt-BR","@id":"https:\/\/folhapopular.info\/wp-content\/uploads\/2026\/04\/Folha-1.webp","url":"https:\/\/folhapopular.info\/wp-content\/uploads\/2026\/04\/Folha-1.webp","contentUrl":"https:\/\/folhapopular.info\/wp-content\/uploads\/2026\/04\/Folha-1.webp","caption":"Reda\u00e7\u00e3o Folha Popular"},"url":"https:\/\/folhapopular.info\/index.php\/author\/redacao\/"}]}},"jetpack_featured_media_url":"https:\/\/folhapopular.info\/wp-content\/uploads\/2022\/08\/Vacinacao-Poliomelite-CASE-scaled.jpg","jetpack_sharing_enabled":true,"amp_enabled":true,"_links":{"self":[{"href":"https:\/\/folhapopular.info\/index.php\/wp-json\/wp\/v2\/posts\/110923","targetHints":{"allow":["GET"]}}],"collection":[{"href":"https:\/\/folhapopular.info\/index.php\/wp-json\/wp\/v2\/posts"}],"about":[{"href":"https:\/\/folhapopular.info\/index.php\/wp-json\/wp\/v2\/types\/post"}],"author":[{"embeddable":true,"href":"https:\/\/folhapopular.info\/index.php\/wp-json\/wp\/v2\/users\/8"}],"replies":[{"embeddable":true,"href":"https:\/\/folhapopular.info\/index.php\/wp-json\/wp\/v2\/comments?post=110923"}],"version-history":[{"count":0,"href":"https:\/\/folhapopular.info\/index.php\/wp-json\/wp\/v2\/posts\/110923\/revisions"}],"wp:featuredmedia":[{"embeddable":true,"href":"https:\/\/folhapopular.info\/index.php\/wp-json\/wp\/v2\/media\/110924"}],"wp:attachment":[{"href":"https:\/\/folhapopular.info\/index.php\/wp-json\/wp\/v2\/media?parent=110923"}],"wp:term":[{"taxonomy":"category","embeddable":true,"href":"https:\/\/folhapopular.info\/index.php\/wp-json\/wp\/v2\/categories?post=110923"},{"taxonomy":"post_tag","embeddable":true,"href":"https:\/\/folhapopular.info\/index.php\/wp-json\/wp\/v2\/tags?post=110923"}],"curies":[{"name":"wp","href":"https:\/\/api.w.org\/{rel}","templated":true}]}}