{"id":110930,"date":"2022-08-17T14:57:10","date_gmt":"2022-08-17T17:57:10","guid":{"rendered":"https:\/\/folhapopular.info\/?p=110930"},"modified":"2022-08-17T15:01:10","modified_gmt":"2022-08-17T18:01:10","slug":"fgf-informa-desistencia-do-brasil-de-pelotas-da-copa-fgf","status":"publish","type":"post","link":"https:\/\/folhapopular.info\/index.php\/2022\/08\/17\/fgf-informa-desistencia-do-brasil-de-pelotas-da-copa-fgf\/","title":{"rendered":"FGF informa desist\u00eancia do Brasil de Pelotas da Copa FGF"},"content":{"rendered":"\n<p>A<strong>\u00a0<\/strong>Federa\u00e7\u00e3o Ga\u00facha de Futebol (FGF)\u00a0informou nesta ter\u00e7a-feira (16\/8) a\u00a0desist\u00eancia do Gr\u00eamio Esportivo Brasil\u00a0de Pelotas da disputa da\u00a0Copa FGF &#8211; Trof\u00e9u Tarciso Flecha Negra 2022.<\/p>\n\n\n\n<p>Com isso, a FGF convoca um<strong>\u00a0<\/strong>conselho t\u00e9cnico extraordin\u00e1rio\u00a0para sexta-feira (19\/8), \u00e0s 15h30, a ser realizado de forma virtual, para discutir eventuais altera\u00e7\u00f5es na f\u00f3rmula de disputa da competi\u00e7\u00e3o.<\/p>\n","protected":false},"excerpt":{"rendered":"<p>A\u00a0Federa\u00e7\u00e3o Ga\u00facha de Futebol (FGF)\u00a0informou nesta ter\u00e7a-feira (16\/8) a\u00a0desist\u00eancia do Gr\u00eamio Esportivo Brasil\u00a0de Pelotas da disputa da\u00a0Copa FGF &#8211; Trof\u00e9u Tarciso Flecha Negra 2022. Com isso, a FGF convoca um\u00a0conselho t\u00e9cnico extraordin\u00e1rio\u00a0para sexta-feira (19\/8), \u00e0s 15h30, a ser realizado de forma virtual, para discutir eventuais altera\u00e7\u00f5es na f\u00f3rmula de disputa da competi\u00e7\u00e3o.<\/p>\n","protected":false},"author":8,"featured_media":110933,"comment_status":"open","ping_status":"open","sticky":false,"template":"","format":"standard","meta":{"pmpro_default_level":"","_jetpack_memberships_contains_paid_content":false,"footnotes":""},"categories":[5,2243],"tags":[9779,4883,9777],"class_list":{"0":"post-110930","1":"post","2":"type-post","3":"status-publish","4":"format-standard","5":"has-post-thumbnail","7":"category-esportes","8":"category-futebol-profissional","9":"tag-brasil-de-pelotas","10":"tag-copinha","11":"tag-fgf","12":"pmpro-has-access"},"yoast_head":"<!-- This site is optimized with the Yoast SEO plugin v27.5 - https:\/\/yoast.com\/product\/yoast-seo-wordpress\/ -->\n<title>FGF informa desist\u00eancia do Brasil de Pelotas da Copa FGF - Folha Popular<\/title>\n<meta name=\"robots\" content=\"index, follow, max-snippet:-1, max-image-preview:large, max-video-preview:-1\" \/>\n<link rel=\"canonical\" href=\"https:\/\/folhapopular.info\/index.php\/2022\/08\/17\/fgf-informa-desistencia-do-brasil-de-pelotas-da-copa-fgf\/\" \/>\n<meta property=\"og:locale\" content=\"pt_BR\" \/>\n<meta property=\"og:type\" content=\"article\" \/>\n<meta property=\"og:title\" content=\"FGF informa desist\u00eancia do Brasil de Pelotas da Copa FGF - Folha Popular\" \/>\n<meta property=\"og:description\" content=\"A\u00a0Federa\u00e7\u00e3o Ga\u00facha de Futebol (FGF)\u00a0informou nesta ter\u00e7a-feira (16\/8) a\u00a0desist\u00eancia do Gr\u00eamio Esportivo Brasil\u00a0de Pelotas da disputa da\u00a0Copa FGF &#8211; Trof\u00e9u Tarciso Flecha Negra 2022. Com isso, a FGF convoca um\u00a0conselho t\u00e9cnico extraordin\u00e1rio\u00a0para sexta-feira (19\/8), \u00e0s 15h30, a ser realizado de forma virtual, para discutir eventuais altera\u00e7\u00f5es na f\u00f3rmula de disputa da competi\u00e7\u00e3o.\" \/>\n<meta property=\"og:url\" content=\"https:\/\/folhapopular.info\/index.php\/2022\/08\/17\/fgf-informa-desistencia-do-brasil-de-pelotas-da-copa-fgf\/\" \/>\n<meta property=\"og:site_name\" content=\"Folha Popular\" \/>\n<meta property=\"article:published_time\" content=\"2022-08-17T17:57:10+00:00\" \/>\n<meta property=\"article:modified_time\" content=\"2022-08-17T18:01:10+00:00\" \/>\n<meta property=\"og:image\" content=\"http:\/\/folhapopular.info\/wp-content\/uploads\/2022\/08\/download-4.png\" \/>\n\t<meta property=\"og:image:width\" content=\"800\" \/>\n\t<meta property=\"og:image:height\" content=\"441\" \/>\n\t<meta property=\"og:image:type\" content=\"image\/png\" \/>\n<meta name=\"author\" content=\"Reda\u00e7\u00e3o Folha Popular\" \/>\n<meta name=\"twitter:card\" content=\"summary_large_image\" \/>\n<meta name=\"twitter:label1\" content=\"Escrito por\" \/>\n\t<meta name=\"twitter:data1\" content=\"Reda\u00e7\u00e3o Folha Popular\" \/>\n\t<meta name=\"twitter:label2\" content=\"Est. tempo de leitura\" \/>\n\t<meta name=\"twitter:data2\" content=\"1 minuto\" \/>\n<script type=\"application\/ld+json\" class=\"yoast-schema-graph\">{\"@context\":\"https:\\\/\\\/schema.org\",\"@graph\":[{\"@type\":\"Article\",\"@id\":\"https:\\\/\\\/folhapopular.info\\\/index.php\\\/2022\\\/08\\\/17\\\/fgf-informa-desistencia-do-brasil-de-pelotas-da-copa-fgf\\\/#article\",\"isPartOf\":{\"@id\":\"https:\\\/\\\/folhapopular.info\\\/index.php\\\/2022\\\/08\\\/17\\\/fgf-informa-desistencia-do-brasil-de-pelotas-da-copa-fgf\\\/\"},\"author\":{\"name\":\"Reda\u00e7\u00e3o Folha Popular\",\"@id\":\"https:\\\/\\\/folhapopular.info\\\/#\\\/schema\\\/person\\\/2814e8a0df7643585a9ca38bc6eb9d4b\"},\"headline\":\"FGF informa desist\u00eancia do Brasil de Pelotas da Copa FGF\",\"datePublished\":\"2022-08-17T17:57:10+00:00\",\"dateModified\":\"2022-08-17T18:01:10+00:00\",\"mainEntityOfPage\":{\"@id\":\"https:\\\/\\\/folhapopular.info\\\/index.php\\\/2022\\\/08\\\/17\\\/fgf-informa-desistencia-do-brasil-de-pelotas-da-copa-fgf\\\/\"},\"wordCount\":78,\"commentCount\":0,\"image\":{\"@id\":\"https:\\\/\\\/folhapopular.info\\\/index.php\\\/2022\\\/08\\\/17\\\/fgf-informa-desistencia-do-brasil-de-pelotas-da-copa-fgf\\\/#primaryimage\"},\"thumbnailUrl\":\"https:\\\/\\\/folhapopular.info\\\/wp-content\\\/uploads\\\/2022\\\/08\\\/download-4.png\",\"keywords\":[\"Brasil de Pelotas\",\"Copinha\",\"FGF\"],\"articleSection\":[\"Esportes\",\"Futebol Profissional\"],\"inLanguage\":\"pt-BR\",\"potentialAction\":[{\"@type\":\"CommentAction\",\"name\":\"Comment\",\"target\":[\"https:\\\/\\\/folhapopular.info\\\/index.php\\\/2022\\\/08\\\/17\\\/fgf-informa-desistencia-do-brasil-de-pelotas-da-copa-fgf\\\/#respond\"]}]},{\"@type\":\"WebPage\",\"@id\":\"https:\\\/\\\/folhapopular.info\\\/index.php\\\/2022\\\/08\\\/17\\\/fgf-informa-desistencia-do-brasil-de-pelotas-da-copa-fgf\\\/\",\"url\":\"https:\\\/\\\/folhapopular.info\\\/index.php\\\/2022\\\/08\\\/17\\\/fgf-informa-desistencia-do-brasil-de-pelotas-da-copa-fgf\\\/\",\"name\":\"FGF informa desist\u00eancia do Brasil de Pelotas da Copa FGF - Folha Popular\",\"isPartOf\":{\"@id\":\"https:\\\/\\\/folhapopular.info\\\/#website\"},\"primaryImageOfPage\":{\"@id\":\"https:\\\/\\\/folhapopular.info\\\/index.php\\\/2022\\\/08\\\/17\\\/fgf-informa-desistencia-do-brasil-de-pelotas-da-copa-fgf\\\/#primaryimage\"},\"image\":{\"@id\":\"https:\\\/\\\/folhapopular.info\\\/index.php\\\/2022\\\/08\\\/17\\\/fgf-informa-desistencia-do-brasil-de-pelotas-da-copa-fgf\\\/#primaryimage\"},\"thumbnailUrl\":\"https:\\\/\\\/folhapopular.info\\\/wp-content\\\/uploads\\\/2022\\\/08\\\/download-4.png\",\"datePublished\":\"2022-08-17T17:57:10+00:00\",\"dateModified\":\"2022-08-17T18:01:10+00:00\",\"author\":{\"@id\":\"https:\\\/\\\/folhapopular.info\\\/#\\\/schema\\\/person\\\/2814e8a0df7643585a9ca38bc6eb9d4b\"},\"breadcrumb\":{\"@id\":\"https:\\\/\\\/folhapopular.info\\\/index.php\\\/2022\\\/08\\\/17\\\/fgf-informa-desistencia-do-brasil-de-pelotas-da-copa-fgf\\\/#breadcrumb\"},\"inLanguage\":\"pt-BR\",\"potentialAction\":[{\"@type\":\"ReadAction\",\"target\":[\"https:\\\/\\\/folhapopular.info\\\/index.php\\\/2022\\\/08\\\/17\\\/fgf-informa-desistencia-do-brasil-de-pelotas-da-copa-fgf\\\/\"]}]},{\"@type\":\"ImageObject\",\"inLanguage\":\"pt-BR\",\"@id\":\"https:\\\/\\\/folhapopular.info\\\/index.php\\\/2022\\\/08\\\/17\\\/fgf-informa-desistencia-do-brasil-de-pelotas-da-copa-fgf\\\/#primaryimage\",\"url\":\"https:\\\/\\\/folhapopular.info\\\/wp-content\\\/uploads\\\/2022\\\/08\\\/download-4.png\",\"contentUrl\":\"https:\\\/\\\/folhapopular.info\\\/wp-content\\\/uploads\\\/2022\\\/08\\\/download-4.png\",\"width\":800,\"height\":441,\"caption\":\"Cr\u00e9dito: Reprodu\u00e7\u00e3o\"},{\"@type\":\"BreadcrumbList\",\"@id\":\"https:\\\/\\\/folhapopular.info\\\/index.php\\\/2022\\\/08\\\/17\\\/fgf-informa-desistencia-do-brasil-de-pelotas-da-copa-fgf\\\/#breadcrumb\",\"itemListElement\":[{\"@type\":\"ListItem\",\"position\":1,\"name\":\"In\u00edcio\",\"item\":\"https:\\\/\\\/folhapopular.info\\\/\"},{\"@type\":\"ListItem\",\"position\":2,\"name\":\"FGF informa desist\u00eancia do Brasil de Pelotas da Copa FGF\"}]},{\"@type\":\"WebSite\",\"@id\":\"https:\\\/\\\/folhapopular.info\\\/#website\",\"url\":\"https:\\\/\\\/folhapopular.info\\\/\",\"name\":\"Folha Popular\",\"description\":\"Onde voc\u00ea tem vez e voz\",\"potentialAction\":[{\"@type\":\"SearchAction\",\"target\":{\"@type\":\"EntryPoint\",\"urlTemplate\":\"https:\\\/\\\/folhapopular.info\\\/?s={search_term_string}\"},\"query-input\":{\"@type\":\"PropertyValueSpecification\",\"valueRequired\":true,\"valueName\":\"search_term_string\"}}],\"inLanguage\":\"pt-BR\"},{\"@type\":\"Person\",\"@id\":\"https:\\\/\\\/folhapopular.info\\\/#\\\/schema\\\/person\\\/2814e8a0df7643585a9ca38bc6eb9d4b\",\"name\":\"Reda\u00e7\u00e3o Folha Popular\",\"image\":{\"@type\":\"ImageObject\",\"inLanguage\":\"pt-BR\",\"@id\":\"https:\\\/\\\/folhapopular.info\\\/wp-content\\\/uploads\\\/2026\\\/04\\\/Folha-1.webp\",\"url\":\"https:\\\/\\\/folhapopular.info\\\/wp-content\\\/uploads\\\/2026\\\/04\\\/Folha-1.webp\",\"contentUrl\":\"https:\\\/\\\/folhapopular.info\\\/wp-content\\\/uploads\\\/2026\\\/04\\\/Folha-1.webp\",\"caption\":\"Reda\u00e7\u00e3o Folha Popular\"},\"url\":\"https:\\\/\\\/folhapopular.info\\\/index.php\\\/author\\\/redacao\\\/\"}]}<\/script>\n<!-- \/ Yoast SEO plugin. -->","yoast_head_json":{"title":"FGF informa desist\u00eancia do Brasil de Pelotas da Copa FGF - Folha Popular","robots":{"index":"index","follow":"follow","max-snippet":"max-snippet:-1","max-image-preview":"max-image-preview:large","max-video-preview":"max-video-preview:-1"},"canonical":"https:\/\/folhapopular.info\/index.php\/2022\/08\/17\/fgf-informa-desistencia-do-brasil-de-pelotas-da-copa-fgf\/","og_locale":"pt_BR","og_type":"article","og_title":"FGF informa desist\u00eancia do Brasil de Pelotas da Copa FGF - Folha Popular","og_description":"A\u00a0Federa\u00e7\u00e3o Ga\u00facha de Futebol (FGF)\u00a0informou nesta ter\u00e7a-feira (16\/8) a\u00a0desist\u00eancia do Gr\u00eamio Esportivo Brasil\u00a0de Pelotas da disputa da\u00a0Copa FGF &#8211; Trof\u00e9u Tarciso Flecha Negra 2022. Com isso, a FGF convoca um\u00a0conselho t\u00e9cnico extraordin\u00e1rio\u00a0para sexta-feira (19\/8), \u00e0s 15h30, a ser realizado de forma virtual, para discutir eventuais altera\u00e7\u00f5es na f\u00f3rmula de disputa da competi\u00e7\u00e3o.","og_url":"https:\/\/folhapopular.info\/index.php\/2022\/08\/17\/fgf-informa-desistencia-do-brasil-de-pelotas-da-copa-fgf\/","og_site_name":"Folha Popular","article_published_time":"2022-08-17T17:57:10+00:00","article_modified_time":"2022-08-17T18:01:10+00:00","og_image":[{"width":800,"height":441,"url":"http:\/\/folhapopular.info\/wp-content\/uploads\/2022\/08\/download-4.png","type":"image\/png"}],"author":"Reda\u00e7\u00e3o Folha Popular","twitter_card":"summary_large_image","twitter_misc":{"Escrito por":"Reda\u00e7\u00e3o Folha Popular","Est. tempo de leitura":"1 minuto"},"schema":{"@context":"https:\/\/schema.org","@graph":[{"@type":"Article","@id":"https:\/\/folhapopular.info\/index.php\/2022\/08\/17\/fgf-informa-desistencia-do-brasil-de-pelotas-da-copa-fgf\/#article","isPartOf":{"@id":"https:\/\/folhapopular.info\/index.php\/2022\/08\/17\/fgf-informa-desistencia-do-brasil-de-pelotas-da-copa-fgf\/"},"author":{"name":"Reda\u00e7\u00e3o Folha Popular","@id":"https:\/\/folhapopular.info\/#\/schema\/person\/2814e8a0df7643585a9ca38bc6eb9d4b"},"headline":"FGF informa desist\u00eancia do Brasil de Pelotas da Copa FGF","datePublished":"2022-08-17T17:57:10+00:00","dateModified":"2022-08-17T18:01:10+00:00","mainEntityOfPage":{"@id":"https:\/\/folhapopular.info\/index.php\/2022\/08\/17\/fgf-informa-desistencia-do-brasil-de-pelotas-da-copa-fgf\/"},"wordCount":78,"commentCount":0,"image":{"@id":"https:\/\/folhapopular.info\/index.php\/2022\/08\/17\/fgf-informa-desistencia-do-brasil-de-pelotas-da-copa-fgf\/#primaryimage"},"thumbnailUrl":"https:\/\/folhapopular.info\/wp-content\/uploads\/2022\/08\/download-4.png","keywords":["Brasil de Pelotas","Copinha","FGF"],"articleSection":["Esportes","Futebol Profissional"],"inLanguage":"pt-BR","potentialAction":[{"@type":"CommentAction","name":"Comment","target":["https:\/\/folhapopular.info\/index.php\/2022\/08\/17\/fgf-informa-desistencia-do-brasil-de-pelotas-da-copa-fgf\/#respond"]}]},{"@type":"WebPage","@id":"https:\/\/folhapopular.info\/index.php\/2022\/08\/17\/fgf-informa-desistencia-do-brasil-de-pelotas-da-copa-fgf\/","url":"https:\/\/folhapopular.info\/index.php\/2022\/08\/17\/fgf-informa-desistencia-do-brasil-de-pelotas-da-copa-fgf\/","name":"FGF informa desist\u00eancia do Brasil de Pelotas da Copa FGF - Folha Popular","isPartOf":{"@id":"https:\/\/folhapopular.info\/#website"},"primaryImageOfPage":{"@id":"https:\/\/folhapopular.info\/index.php\/2022\/08\/17\/fgf-informa-desistencia-do-brasil-de-pelotas-da-copa-fgf\/#primaryimage"},"image":{"@id":"https:\/\/folhapopular.info\/index.php\/2022\/08\/17\/fgf-informa-desistencia-do-brasil-de-pelotas-da-copa-fgf\/#primaryimage"},"thumbnailUrl":"https:\/\/folhapopular.info\/wp-content\/uploads\/2022\/08\/download-4.png","datePublished":"2022-08-17T17:57:10+00:00","dateModified":"2022-08-17T18:01:10+00:00","author":{"@id":"https:\/\/folhapopular.info\/#\/schema\/person\/2814e8a0df7643585a9ca38bc6eb9d4b"},"breadcrumb":{"@id":"https:\/\/folhapopular.info\/index.php\/2022\/08\/17\/fgf-informa-desistencia-do-brasil-de-pelotas-da-copa-fgf\/#breadcrumb"},"inLanguage":"pt-BR","potentialAction":[{"@type":"ReadAction","target":["https:\/\/folhapopular.info\/index.php\/2022\/08\/17\/fgf-informa-desistencia-do-brasil-de-pelotas-da-copa-fgf\/"]}]},{"@type":"ImageObject","inLanguage":"pt-BR","@id":"https:\/\/folhapopular.info\/index.php\/2022\/08\/17\/fgf-informa-desistencia-do-brasil-de-pelotas-da-copa-fgf\/#primaryimage","url":"https:\/\/folhapopular.info\/wp-content\/uploads\/2022\/08\/download-4.png","contentUrl":"https:\/\/folhapopular.info\/wp-content\/uploads\/2022\/08\/download-4.png","width":800,"height":441,"caption":"Cr\u00e9dito: Reprodu\u00e7\u00e3o"},{"@type":"BreadcrumbList","@id":"https:\/\/folhapopular.info\/index.php\/2022\/08\/17\/fgf-informa-desistencia-do-brasil-de-pelotas-da-copa-fgf\/#breadcrumb","itemListElement":[{"@type":"ListItem","position":1,"name":"In\u00edcio","item":"https:\/\/folhapopular.info\/"},{"@type":"ListItem","position":2,"name":"FGF informa desist\u00eancia do Brasil de Pelotas da Copa FGF"}]},{"@type":"WebSite","@id":"https:\/\/folhapopular.info\/#website","url":"https:\/\/folhapopular.info\/","name":"Folha Popular","description":"Onde voc\u00ea tem vez e voz","potentialAction":[{"@type":"SearchAction","target":{"@type":"EntryPoint","urlTemplate":"https:\/\/folhapopular.info\/?s={search_term_string}"},"query-input":{"@type":"PropertyValueSpecification","valueRequired":true,"valueName":"search_term_string"}}],"inLanguage":"pt-BR"},{"@type":"Person","@id":"https:\/\/folhapopular.info\/#\/schema\/person\/2814e8a0df7643585a9ca38bc6eb9d4b","name":"Reda\u00e7\u00e3o Folha Popular","image":{"@type":"ImageObject","inLanguage":"pt-BR","@id":"https:\/\/folhapopular.info\/wp-content\/uploads\/2026\/04\/Folha-1.webp","url":"https:\/\/folhapopular.info\/wp-content\/uploads\/2026\/04\/Folha-1.webp","contentUrl":"https:\/\/folhapopular.info\/wp-content\/uploads\/2026\/04\/Folha-1.webp","caption":"Reda\u00e7\u00e3o Folha Popular"},"url":"https:\/\/folhapopular.info\/index.php\/author\/redacao\/"}]}},"jetpack_featured_media_url":"https:\/\/folhapopular.info\/wp-content\/uploads\/2022\/08\/download-4.png","jetpack_sharing_enabled":true,"amp_enabled":true,"_links":{"self":[{"href":"https:\/\/folhapopular.info\/index.php\/wp-json\/wp\/v2\/posts\/110930","targetHints":{"allow":["GET"]}}],"collection":[{"href":"https:\/\/folhapopular.info\/index.php\/wp-json\/wp\/v2\/posts"}],"about":[{"href":"https:\/\/folhapopular.info\/index.php\/wp-json\/wp\/v2\/types\/post"}],"author":[{"embeddable":true,"href":"https:\/\/folhapopular.info\/index.php\/wp-json\/wp\/v2\/users\/8"}],"replies":[{"embeddable":true,"href":"https:\/\/folhapopular.info\/index.php\/wp-json\/wp\/v2\/comments?post=110930"}],"version-history":[{"count":0,"href":"https:\/\/folhapopular.info\/index.php\/wp-json\/wp\/v2\/posts\/110930\/revisions"}],"wp:featuredmedia":[{"embeddable":true,"href":"https:\/\/folhapopular.info\/index.php\/wp-json\/wp\/v2\/media\/110933"}],"wp:attachment":[{"href":"https:\/\/folhapopular.info\/index.php\/wp-json\/wp\/v2\/media?parent=110930"}],"wp:term":[{"taxonomy":"category","embeddable":true,"href":"https:\/\/folhapopular.info\/index.php\/wp-json\/wp\/v2\/categories?post=110930"},{"taxonomy":"post_tag","embeddable":true,"href":"https:\/\/folhapopular.info\/index.php\/wp-json\/wp\/v2\/tags?post=110930"}],"curies":[{"name":"wp","href":"https:\/\/api.w.org\/{rel}","templated":true}]}}