{"id":110931,"date":"2022-08-17T15:01:13","date_gmt":"2022-08-17T18:01:13","guid":{"rendered":"https:\/\/folhapopular.info\/?p=110931"},"modified":"2022-08-17T15:01:17","modified_gmt":"2022-08-17T18:01:17","slug":"comeca-a-16a-feira-do-livro-de-lajeado","status":"publish","type":"post","link":"https:\/\/folhapopular.info\/index.php\/2022\/08\/17\/comeca-a-16a-feira-do-livro-de-lajeado\/","title":{"rendered":"Come\u00e7a a 16\u00aa Feira do Livro de Lajeado"},"content":{"rendered":"\n<p>Nos pr\u00f3ximos cinco dias, a Pra\u00e7a Marechal Floriano (conhecida como Pra\u00e7a da Matriz) ser\u00e1 palco da 16\u00aa Feira do Livro de Lajeado. A programa\u00e7\u00e3o iniciou nesta quarta-feira (17\/8) e segue at\u00e9 o pr\u00f3ximo domingo (21\/8). Esta edi\u00e7\u00e3o, que tem como patrona a escritora e professora Ivete Kist e como homenageado o historiador e escritor Waldemar L. Richter, conta com encontros com escritores, espet\u00e1culos teatrais, mostras pedag\u00f3gicas, esquetes, oficinas, horas do conto, shows e lan\u00e7amento coletivo de livros. Confira a programa\u00e7\u00e3o completa abaixo.<\/p>\n\n\n\n<p>O evento, realizado pela Prefeitura de Lajeado, por meio das Secretarias Cultura, Esporte e Lazer (Secel) e da Educa\u00e7\u00e3o (SED), e Sesc Lajeado, tem como tema \u201cJanelas Liter\u00e1rias \u2013 Abra-se para a literatura\u201d, em alus\u00e3o ao centen\u00e1rio de nascimento do autor portugu\u00eas Jos\u00e9 Saramago. Ap\u00f3s a cerim\u00f4nia de lan\u00e7amento, o evento seguiu com hora do conto para alunos de escolas do munic\u00edpio.<\/p>\n\n\n\n<p>A Feira do Livro tem com objetivo incentivar e despertar o gosto pela leitura, al\u00e9m de promover o desenvolvimento cultural da comunidade do munic\u00edpio. &#8220;\u00c9 um momento de envolver pais, professores, alunos e comunidade em geral com o prop\u00f3sito de pensar a leitura como a constru\u00e7\u00e3o de um ser. A programa\u00e7\u00e3o \u00e9 diversa e abrange todos os p\u00fablicos&#8221;, relata a gerente do Sesc Lajeado, Betina Durayski.<\/p>\n\n\n\n<p>A patrona do evento, Ivete Kist, ressalta que os livros s\u00e3o alavancas para a imagina\u00e7\u00e3o, conhecimento e ideias que formam a grandeza de uma vida. &#8220;Uma vida \u00e9 muito curta para ser pequena. Ousem saber. Ousem buscar conhecimento. Com rela\u00e7\u00e3o \u00e0 dura\u00e7\u00e3o da vida n\u00e3o h\u00e1 muito o que fazer. Agora, com rela\u00e7\u00e3o \u00e0 grandeza e ao espa\u00e7o que uma vida pode ter para dentro de n\u00f3s mesmos, neste caso, n\u00e3o h\u00e1 limites. Os livros s\u00e3o uma porta para expandir o conhecimento&#8221;, destaca.<\/p>\n\n\n\n<p>O homenageado da feira, Waldemar L. Richter, evidencia a grandeza de mais uma edi\u00e7\u00e3o da feira do livro. Conforme ele, a comunidade deve prestigiar mais um evento que festeja a literatura no munic\u00edpio.<\/p>\n\n\n\n<p>Para o presidente da Academia Liter\u00e1ria do Vale do Taquari (Alivat) e presidente da C\u00e2mara de Vereadores, Deoli Gr\u00e4ff, uma feira do livro s\u00f3 se realiza por conta de pessoas. &#8220;\u00c9 o p\u00fablico que faz uma feira do livro acontecer. A tecnologia nunca substituir\u00e1 o ato e o gosto da leitura&#8221;, afirma.<\/p>\n\n\n\n<p>O prefeito de Lajeado, Marcelo Caumo, destaca o retorno da Feira do Livro para a pra\u00e7a, local que j\u00e1 \u00e9 s\u00edmbolo da literatura no munic\u00edpio. &#8220;Temos uma feira do livro capaz de alcan\u00e7ar toda a comunidade por meio de parcerias com o Sesc, com as escolas de toda a rede, com a Alivat, com a Univates. Conseguimos incentivar crian\u00e7as e adultos a buscar o conhecimento por meio de livros com mais uma edi\u00e7\u00e3o da feira. Esperamos que todos possam aproveitar ao m\u00e1ximo as oportunidades que uma feira do livro nos oferece&#8221;, ressalta.<\/p>\n\n\n\n<p><strong>Programa\u00e7\u00e3o:<\/strong><\/p>\n\n\n\n<p>Dia 17\/08 &#8211; Quarta-feira \u2013 9h \u00e0s 19h<\/p>\n\n\n\n<p>15h \u2013 Hora do Conto com Tatiana Linhares &#8211; Biblioteca P\u00fablica de Lajeado (EF &#8211; AnosIniciais)<\/p>\n\n\n\n<p>19h15 \u2013 Encontro com a escritora L\u00e9lia Almeida \u201cAs personagens femininas em O Tempo e o Vento\u201d \u2013 Audit\u00f3rio do Col\u00e9gio Estadual Presidente Castelo Branco (EF &#8211; Anos Finais e Ensino M\u00e9dio)<\/p>\n\n\n\n<p><strong>Dia 18\/08 \u2013 Quinta-feira \u2013 8h \u00e0s 19h<\/strong><\/p>\n\n\n\n<p>8h30min \u2013 Encontro com a escritora L\u00e9lia Almeida \u201cAs personagens femininas em O Tempo e&nbsp;o Vento\u201d &#8211; Audit\u00f3rio do Col\u00e9gio Estadual Presidente Castelo Branco (EF &#8211; Anos Finais e&nbsp;Ensino M\u00e9dio)<\/p>\n\n\n\n<p>09h \u2013 Esquete de Sombras: Conto \u201cA Maior Flor do Mundo\u201d, de Jos\u00e9 Saramago, com as&nbsp;alunas do Magist\u00e9rio do Castelinho \u2013 Audit\u00f3rio da Casa de Cultura (Ensino Fundamental)<\/p>\n\n\n\n<p>10h \u2013 Encontro com a patrona Ivete Kist \u2013 Casa de Cultura (EF &#8211; Anos Iniciais)<\/p>\n\n\n\n<p>10h \u2013 Oficina de confec\u00e7\u00e3o de tintas e pinturas com as estudantes do Magist\u00e9rio do&nbsp;Castelinho \u2013 Pra\u00e7a da Matriz<\/p>\n\n\n\n<p>14h Encontro com a escritora L\u00e9lia Almeida \u201cAs personagens femininas em O Tempo e o&nbsp;Vento\u201d- Audit\u00f3rio do Col\u00e9gio Estadual Presidente Castelo Branco (EF &#8211; Anos Finais e Ensino&nbsp;M\u00e9dio)<\/p>\n\n\n\n<p>14h \u2013 Oficina de confec\u00e7\u00e3o de tintas e pinturas com as estudantes do Magist\u00e9rio do&nbsp;Castelinho \u2013 Pra\u00e7a da Matriz<\/p>\n\n\n\n<p>15h \u2013 Hora do Conto com Tatiana Linhares \u2013 Biblioteca P\u00fablica de Lajeado (EF &#8211; Anos&nbsp;Iniciais)<\/p>\n\n\n\n<p>15h \u2013 Espet\u00e1culo \u201cAs Fant\u00e1sticas Aventuras do Menino que Lia Livros\u201d \u2013 Grupo&nbsp;Destemperados Teatro \u2013 Teatro Ceat (Educa\u00e7\u00e3o Infantil e Ensino Fundamental)<\/p>\n\n\n\n<p>15h30 \u2013 Esquete de Sombras: Conto \u201cA Maior Flor do Mundo\u201d, de Jos\u00e9 Saramago, com as&nbsp;alunas do Magist\u00e9rio do Castelinho \u2013 Audit\u00f3rio da Casa de Cultura (Ensino Fundamental)<\/p>\n\n\n\n<p>19h30 \u2013 Palestra e bate-papo com o escritor: Ondjaki\/Angola \u2013 Teatro da Univates<\/p>\n\n\n\n<p><strong>Dia 19\/08 \u2013 Sexta-feira \u2013 8h \u00e0s 19h<\/strong><\/p>\n\n\n\n<p>8h30 \u2013 Encontro com a escritora Chris Dias, \u201cViv\u00eancias Liter\u00e1rias\u201d &#8211; Audit\u00f3rio do Castelinho&nbsp;(Educa\u00e7\u00e3o Infantil e EF- Anos Iniciais)<\/p>\n\n\n\n<p>10h \u2013 Espet\u00e1culo teatral &#8211; As Aventuras de Jo\u00e3o, a Princesa e o Tapete Voador \u2013 Teatro Ceat&nbsp;(Educa\u00e7\u00e3o Infantil e EF &#8211; Anos Iniciais)<\/p>\n\n\n\n<p>10h \u2013 Encontro com escritor Chiquinho de Vilas, \u201cRAPensando a Educa\u00e7\u00e3o\u201d \u2013 Audit\u00f3rio do&nbsp;Castelinho (EF &#8211; Anos Finais e Ensino M\u00e9dio)<\/p>\n\n\n\n<p>11h \u2013 Esquete de Sombras, Conto: \u201cA Maior Flor do Mundo, Autor: Jos\u00e9 Saramago\u201d com as&nbsp;alunas do Magist\u00e9rio do Castelinho \u2013 Audit\u00f3rio da Casa de Cultura (Ensino Fundamental)<\/p>\n\n\n\n<p>14h \u2013 Encontro com escritor Chiquinho de Vilas \u201cRAPensando a Educa\u00e7\u00e3o\u201d &#8211; Audit\u00f3rio do&nbsp;Castelinho (EF &#8211; Anos Finais e Ensino M\u00e9dio)<\/p>\n\n\n\n<p>14h \u2013 Espet\u00e1culo teatral As Aventuras de Jo\u00e3o, a Princesa e o Tapete Voador \u2013 Teatro Ceat&nbsp;(Educa\u00e7\u00e3o Infantil e EF &#8211; Anos Iniciais)<\/p>\n\n\n\n<p>15h30 \u2013 Encontro com escritora Chris Dias, \u201cViv\u00eancias Liter\u00e1rias\u201d &#8211; Audit\u00f3rio do Castelinho&nbsp;(Educa\u00e7\u00e3o Infantil e EF- Anos Iniciais)<\/p>\n\n\n\n<p>16h \u2013 Encontro de f\u00e3s de hist\u00f3rias em quadrinhos \u2013 HQs, Graphic Novels e Mang\u00e1s. Batepapo com Cassiani M. Martins, a Notcosmonaut, no Palco Principal&nbsp;<\/p>\n\n\n\n<p>9h &#8211; Pr\u00eamio A\u00e7orianos 2021 &#8211; Jandiro Adriano Koch conversa sobre literatura com Ivete Kist&nbsp;e Laura Peixoto \u2013 Audit\u00f3rio do Sesc Lajeado<\/p>\n\n\n\n<p><strong>Dia 20\/08 \u2013 S\u00e1bado \u2013 9h \u00e0s 19h<\/strong><\/p>\n\n\n\n<p>9h30 \u2013 Lan\u00e7amento coletivo de livros de autores do Vale do Taquari Alivat \u2013 Pra\u00e7a da Matriz<\/p>\n\n\n\n<p>10h30 \u2013 Hora do Conto \u2013 Biblioteca P\u00fablica de Lajeado<\/p>\n\n\n\n<p>14h \u2013 Clown Univates \u2013 \u201cE seu sorrir!?\u201d Danusa Vicente (Miss Goela) e Cristiano Zluhan&nbsp;Pereira (Dr. Pierr\u00ea) \u2013 Pra\u00e7a da Matriz<\/p>\n\n\n\n<p>15h \u2013 Interven\u00e7\u00e3o Teatral \u2013 Turu \u2013 Hist\u00f3rias para Voar (Grupo Vengalianos \u2013 Caxias do Sul) &#8211;&nbsp;Pra\u00e7a da Matriz<\/p>\n\n\n\n<p>16h \u2013 Hora do Conto com a escritora L\u00e9ia Cassol \u2013 Pra\u00e7a da Matriz<\/p>\n\n\n\n<p>17h30 \u2013 Atra\u00e7\u00e3o Musical \u2013 Trio Lumaju \u2013 Pra\u00e7a da Matriz<\/p>\n\n\n\n<p><strong>Dia 21\/08 \u2013 Domingo \u2013 9h \u00e0s 17h<\/strong><\/p>\n\n\n\n<p>10h \u2013 Apresenta\u00e7\u00e3o de dan\u00e7a: projeto Dan\u00e7ando se Vive \u2013 Terceira Idade \u2013 Pra\u00e7a da Matriz<\/p>\n\n\n\n<p>10h15 \u2013 Apresenta\u00e7\u00e3o Grupo Cantante \u201cCapel de Paia\u201d \u2013 Pra\u00e7a da Matriz<\/p>\n\n\n\n<p>10h30 \u2013 Apresenta\u00e7\u00e3o de dan\u00e7a: Centro de Cultura Alem\u00e3 de Lajeado \u2013 Pra\u00e7a da Matriz<\/p>\n\n\n\n<p>15h \u2013 Espet\u00e1culo: \u201cEra Uma Vez \u2013 Contos, Lendas e Cantigas\u201d \u2013 Pra\u00e7a da Matriz<\/p>\n\n\n\n<p>16h \u2013 Show \u201cOs Alquimistas\u201d \u2013 Comemora\u00e7\u00e3o aos 31 anos da Casa de Cultura &#8211; Palco em frente \u00e0 Casa de Cultura<\/p>\n\n\n\n<p>17h \u2013 Apresenta\u00e7\u00e3o da Oclaje \u2013 Palco em frente \u00e0 Casa de Cultura<\/p>\n\n\n\n<p>18h \u2013 Encerramento<\/p>\n\n\n\n<p>Todas as atividades dos dias 17, 18 e 19\/8 devem ser pr\u00e9-agendadas pelo fone (51)\u00a03714-2266 ou e-mail\u00a0<a href=\"mailto:bibliotecalajeado@sesc-rs.com.br\" target=\"_blank\" rel=\"noreferrer noopener\">bibliotecalajeado@sesc-rs.com.br<\/a><\/p>\n","protected":false},"excerpt":{"rendered":"<p>Nos pr\u00f3ximos cinco dias, a Pra\u00e7a Marechal Floriano (conhecida como Pra\u00e7a da Matriz) ser\u00e1 palco da 16\u00aa Feira do Livro de Lajeado. A programa\u00e7\u00e3o iniciou nesta quarta-feira (17\/8) e segue at\u00e9 o pr\u00f3ximo domingo (21\/8). Esta edi\u00e7\u00e3o, que tem como patrona a escritora e professora Ivete Kist e como homenageado o historiador e escritor Waldemar [&hellip;]<\/p>\n","protected":false},"author":8,"featured_media":110932,"comment_status":"open","ping_status":"open","sticky":false,"template":"","format":"standard","meta":{"pmpro_default_level":"","_jetpack_memberships_contains_paid_content":false,"footnotes":""},"categories":[2,3],"tags":[27,156],"class_list":{"0":"post-110931","1":"post","2":"type-post","3":"status-publish","4":"format-standard","5":"has-post-thumbnail","7":"category-featured","8":"category-geral","9":"tag-lajeado","10":"tag-vale-do-taquari","11":"pmpro-has-access"},"yoast_head":"<!-- This site is optimized with the Yoast SEO plugin v27.5 - https:\/\/yoast.com\/product\/yoast-seo-wordpress\/ -->\n<title>Come\u00e7a a 16\u00aa Feira do Livro de Lajeado - Folha Popular<\/title>\n<meta name=\"robots\" content=\"index, follow, max-snippet:-1, max-image-preview:large, max-video-preview:-1\" \/>\n<link rel=\"canonical\" href=\"https:\/\/folhapopular.info\/index.php\/2022\/08\/17\/comeca-a-16a-feira-do-livro-de-lajeado\/\" \/>\n<meta property=\"og:locale\" content=\"pt_BR\" \/>\n<meta property=\"og:type\" content=\"article\" \/>\n<meta property=\"og:title\" content=\"Come\u00e7a a 16\u00aa Feira do Livro de Lajeado - Folha Popular\" \/>\n<meta property=\"og:description\" content=\"Nos pr\u00f3ximos cinco dias, a Pra\u00e7a Marechal Floriano (conhecida como Pra\u00e7a da Matriz) ser\u00e1 palco da 16\u00aa Feira do Livro de Lajeado. A programa\u00e7\u00e3o iniciou nesta quarta-feira (17\/8) e segue at\u00e9 o pr\u00f3ximo domingo (21\/8). Esta edi\u00e7\u00e3o, que tem como patrona a escritora e professora Ivete Kist e como homenageado o historiador e escritor Waldemar [&hellip;]\" \/>\n<meta property=\"og:url\" content=\"https:\/\/folhapopular.info\/index.php\/2022\/08\/17\/comeca-a-16a-feira-do-livro-de-lajeado\/\" \/>\n<meta property=\"og:site_name\" content=\"Folha Popular\" \/>\n<meta property=\"article:published_time\" content=\"2022-08-17T18:01:13+00:00\" \/>\n<meta property=\"article:modified_time\" content=\"2022-08-17T18:01:17+00:00\" \/>\n<meta property=\"og:image\" content=\"http:\/\/folhapopular.info\/wp-content\/uploads\/2022\/08\/Abertura-da-feira-do-livro-4-scaled.jpg\" \/>\n\t<meta property=\"og:image:width\" content=\"2560\" \/>\n\t<meta property=\"og:image:height\" content=\"1707\" \/>\n\t<meta property=\"og:image:type\" content=\"image\/jpeg\" \/>\n<meta name=\"author\" content=\"Reda\u00e7\u00e3o Folha Popular\" \/>\n<meta name=\"twitter:card\" content=\"summary_large_image\" \/>\n<meta name=\"twitter:label1\" content=\"Escrito por\" \/>\n\t<meta name=\"twitter:data1\" content=\"Reda\u00e7\u00e3o Folha Popular\" \/>\n\t<meta name=\"twitter:label2\" content=\"Est. tempo de leitura\" \/>\n\t<meta name=\"twitter:data2\" content=\"7 minutos\" \/>\n<script type=\"application\/ld+json\" class=\"yoast-schema-graph\">{\"@context\":\"https:\\\/\\\/schema.org\",\"@graph\":[{\"@type\":\"Article\",\"@id\":\"https:\\\/\\\/folhapopular.info\\\/index.php\\\/2022\\\/08\\\/17\\\/comeca-a-16a-feira-do-livro-de-lajeado\\\/#article\",\"isPartOf\":{\"@id\":\"https:\\\/\\\/folhapopular.info\\\/index.php\\\/2022\\\/08\\\/17\\\/comeca-a-16a-feira-do-livro-de-lajeado\\\/\"},\"author\":{\"name\":\"Reda\u00e7\u00e3o Folha Popular\",\"@id\":\"https:\\\/\\\/folhapopular.info\\\/#\\\/schema\\\/person\\\/2814e8a0df7643585a9ca38bc6eb9d4b\"},\"headline\":\"Come\u00e7a a 16\u00aa Feira do Livro de Lajeado\",\"datePublished\":\"2022-08-17T18:01:13+00:00\",\"dateModified\":\"2022-08-17T18:01:17+00:00\",\"mainEntityOfPage\":{\"@id\":\"https:\\\/\\\/folhapopular.info\\\/index.php\\\/2022\\\/08\\\/17\\\/comeca-a-16a-feira-do-livro-de-lajeado\\\/\"},\"wordCount\":1272,\"commentCount\":0,\"image\":{\"@id\":\"https:\\\/\\\/folhapopular.info\\\/index.php\\\/2022\\\/08\\\/17\\\/comeca-a-16a-feira-do-livro-de-lajeado\\\/#primaryimage\"},\"thumbnailUrl\":\"https:\\\/\\\/folhapopular.info\\\/wp-content\\\/uploads\\\/2022\\\/08\\\/Abertura-da-feira-do-livro-4-scaled.jpg\",\"keywords\":[\"Lajeado\",\"Vale do Taquari\"],\"articleSection\":[\"Destaques\",\"Geral\"],\"inLanguage\":\"pt-BR\",\"potentialAction\":[{\"@type\":\"CommentAction\",\"name\":\"Comment\",\"target\":[\"https:\\\/\\\/folhapopular.info\\\/index.php\\\/2022\\\/08\\\/17\\\/comeca-a-16a-feira-do-livro-de-lajeado\\\/#respond\"]}]},{\"@type\":\"WebPage\",\"@id\":\"https:\\\/\\\/folhapopular.info\\\/index.php\\\/2022\\\/08\\\/17\\\/comeca-a-16a-feira-do-livro-de-lajeado\\\/\",\"url\":\"https:\\\/\\\/folhapopular.info\\\/index.php\\\/2022\\\/08\\\/17\\\/comeca-a-16a-feira-do-livro-de-lajeado\\\/\",\"name\":\"Come\u00e7a a 16\u00aa Feira do Livro de Lajeado - Folha Popular\",\"isPartOf\":{\"@id\":\"https:\\\/\\\/folhapopular.info\\\/#website\"},\"primaryImageOfPage\":{\"@id\":\"https:\\\/\\\/folhapopular.info\\\/index.php\\\/2022\\\/08\\\/17\\\/comeca-a-16a-feira-do-livro-de-lajeado\\\/#primaryimage\"},\"image\":{\"@id\":\"https:\\\/\\\/folhapopular.info\\\/index.php\\\/2022\\\/08\\\/17\\\/comeca-a-16a-feira-do-livro-de-lajeado\\\/#primaryimage\"},\"thumbnailUrl\":\"https:\\\/\\\/folhapopular.info\\\/wp-content\\\/uploads\\\/2022\\\/08\\\/Abertura-da-feira-do-livro-4-scaled.jpg\",\"datePublished\":\"2022-08-17T18:01:13+00:00\",\"dateModified\":\"2022-08-17T18:01:17+00:00\",\"author\":{\"@id\":\"https:\\\/\\\/folhapopular.info\\\/#\\\/schema\\\/person\\\/2814e8a0df7643585a9ca38bc6eb9d4b\"},\"breadcrumb\":{\"@id\":\"https:\\\/\\\/folhapopular.info\\\/index.php\\\/2022\\\/08\\\/17\\\/comeca-a-16a-feira-do-livro-de-lajeado\\\/#breadcrumb\"},\"inLanguage\":\"pt-BR\",\"potentialAction\":[{\"@type\":\"ReadAction\",\"target\":[\"https:\\\/\\\/folhapopular.info\\\/index.php\\\/2022\\\/08\\\/17\\\/comeca-a-16a-feira-do-livro-de-lajeado\\\/\"]}]},{\"@type\":\"ImageObject\",\"inLanguage\":\"pt-BR\",\"@id\":\"https:\\\/\\\/folhapopular.info\\\/index.php\\\/2022\\\/08\\\/17\\\/comeca-a-16a-feira-do-livro-de-lajeado\\\/#primaryimage\",\"url\":\"https:\\\/\\\/folhapopular.info\\\/wp-content\\\/uploads\\\/2022\\\/08\\\/Abertura-da-feira-do-livro-4-scaled.jpg\",\"contentUrl\":\"https:\\\/\\\/folhapopular.info\\\/wp-content\\\/uploads\\\/2022\\\/08\\\/Abertura-da-feira-do-livro-4-scaled.jpg\",\"width\":2560,\"height\":1707,\"caption\":\"Cr\u00e9dito: Divulga\u00e7\u00e3o\"},{\"@type\":\"BreadcrumbList\",\"@id\":\"https:\\\/\\\/folhapopular.info\\\/index.php\\\/2022\\\/08\\\/17\\\/comeca-a-16a-feira-do-livro-de-lajeado\\\/#breadcrumb\",\"itemListElement\":[{\"@type\":\"ListItem\",\"position\":1,\"name\":\"In\u00edcio\",\"item\":\"https:\\\/\\\/folhapopular.info\\\/\"},{\"@type\":\"ListItem\",\"position\":2,\"name\":\"Come\u00e7a a 16\u00aa Feira do Livro de Lajeado\"}]},{\"@type\":\"WebSite\",\"@id\":\"https:\\\/\\\/folhapopular.info\\\/#website\",\"url\":\"https:\\\/\\\/folhapopular.info\\\/\",\"name\":\"Folha Popular\",\"description\":\"Onde voc\u00ea tem vez e voz\",\"potentialAction\":[{\"@type\":\"SearchAction\",\"target\":{\"@type\":\"EntryPoint\",\"urlTemplate\":\"https:\\\/\\\/folhapopular.info\\\/?s={search_term_string}\"},\"query-input\":{\"@type\":\"PropertyValueSpecification\",\"valueRequired\":true,\"valueName\":\"search_term_string\"}}],\"inLanguage\":\"pt-BR\"},{\"@type\":\"Person\",\"@id\":\"https:\\\/\\\/folhapopular.info\\\/#\\\/schema\\\/person\\\/2814e8a0df7643585a9ca38bc6eb9d4b\",\"name\":\"Reda\u00e7\u00e3o Folha Popular\",\"image\":{\"@type\":\"ImageObject\",\"inLanguage\":\"pt-BR\",\"@id\":\"https:\\\/\\\/folhapopular.info\\\/wp-content\\\/uploads\\\/2026\\\/04\\\/Folha-1.webp\",\"url\":\"https:\\\/\\\/folhapopular.info\\\/wp-content\\\/uploads\\\/2026\\\/04\\\/Folha-1.webp\",\"contentUrl\":\"https:\\\/\\\/folhapopular.info\\\/wp-content\\\/uploads\\\/2026\\\/04\\\/Folha-1.webp\",\"caption\":\"Reda\u00e7\u00e3o Folha Popular\"},\"url\":\"https:\\\/\\\/folhapopular.info\\\/index.php\\\/author\\\/redacao\\\/\"}]}<\/script>\n<!-- \/ Yoast SEO plugin. -->","yoast_head_json":{"title":"Come\u00e7a a 16\u00aa Feira do Livro de Lajeado - Folha Popular","robots":{"index":"index","follow":"follow","max-snippet":"max-snippet:-1","max-image-preview":"max-image-preview:large","max-video-preview":"max-video-preview:-1"},"canonical":"https:\/\/folhapopular.info\/index.php\/2022\/08\/17\/comeca-a-16a-feira-do-livro-de-lajeado\/","og_locale":"pt_BR","og_type":"article","og_title":"Come\u00e7a a 16\u00aa Feira do Livro de Lajeado - Folha Popular","og_description":"Nos pr\u00f3ximos cinco dias, a Pra\u00e7a Marechal Floriano (conhecida como Pra\u00e7a da Matriz) ser\u00e1 palco da 16\u00aa Feira do Livro de Lajeado. A programa\u00e7\u00e3o iniciou nesta quarta-feira (17\/8) e segue at\u00e9 o pr\u00f3ximo domingo (21\/8). Esta edi\u00e7\u00e3o, que tem como patrona a escritora e professora Ivete Kist e como homenageado o historiador e escritor Waldemar [&hellip;]","og_url":"https:\/\/folhapopular.info\/index.php\/2022\/08\/17\/comeca-a-16a-feira-do-livro-de-lajeado\/","og_site_name":"Folha Popular","article_published_time":"2022-08-17T18:01:13+00:00","article_modified_time":"2022-08-17T18:01:17+00:00","og_image":[{"width":2560,"height":1707,"url":"http:\/\/folhapopular.info\/wp-content\/uploads\/2022\/08\/Abertura-da-feira-do-livro-4-scaled.jpg","type":"image\/jpeg"}],"author":"Reda\u00e7\u00e3o Folha Popular","twitter_card":"summary_large_image","twitter_misc":{"Escrito por":"Reda\u00e7\u00e3o Folha Popular","Est. tempo de leitura":"7 minutos"},"schema":{"@context":"https:\/\/schema.org","@graph":[{"@type":"Article","@id":"https:\/\/folhapopular.info\/index.php\/2022\/08\/17\/comeca-a-16a-feira-do-livro-de-lajeado\/#article","isPartOf":{"@id":"https:\/\/folhapopular.info\/index.php\/2022\/08\/17\/comeca-a-16a-feira-do-livro-de-lajeado\/"},"author":{"name":"Reda\u00e7\u00e3o Folha Popular","@id":"https:\/\/folhapopular.info\/#\/schema\/person\/2814e8a0df7643585a9ca38bc6eb9d4b"},"headline":"Come\u00e7a a 16\u00aa Feira do Livro de Lajeado","datePublished":"2022-08-17T18:01:13+00:00","dateModified":"2022-08-17T18:01:17+00:00","mainEntityOfPage":{"@id":"https:\/\/folhapopular.info\/index.php\/2022\/08\/17\/comeca-a-16a-feira-do-livro-de-lajeado\/"},"wordCount":1272,"commentCount":0,"image":{"@id":"https:\/\/folhapopular.info\/index.php\/2022\/08\/17\/comeca-a-16a-feira-do-livro-de-lajeado\/#primaryimage"},"thumbnailUrl":"https:\/\/folhapopular.info\/wp-content\/uploads\/2022\/08\/Abertura-da-feira-do-livro-4-scaled.jpg","keywords":["Lajeado","Vale do Taquari"],"articleSection":["Destaques","Geral"],"inLanguage":"pt-BR","potentialAction":[{"@type":"CommentAction","name":"Comment","target":["https:\/\/folhapopular.info\/index.php\/2022\/08\/17\/comeca-a-16a-feira-do-livro-de-lajeado\/#respond"]}]},{"@type":"WebPage","@id":"https:\/\/folhapopular.info\/index.php\/2022\/08\/17\/comeca-a-16a-feira-do-livro-de-lajeado\/","url":"https:\/\/folhapopular.info\/index.php\/2022\/08\/17\/comeca-a-16a-feira-do-livro-de-lajeado\/","name":"Come\u00e7a a 16\u00aa Feira do Livro de Lajeado - Folha Popular","isPartOf":{"@id":"https:\/\/folhapopular.info\/#website"},"primaryImageOfPage":{"@id":"https:\/\/folhapopular.info\/index.php\/2022\/08\/17\/comeca-a-16a-feira-do-livro-de-lajeado\/#primaryimage"},"image":{"@id":"https:\/\/folhapopular.info\/index.php\/2022\/08\/17\/comeca-a-16a-feira-do-livro-de-lajeado\/#primaryimage"},"thumbnailUrl":"https:\/\/folhapopular.info\/wp-content\/uploads\/2022\/08\/Abertura-da-feira-do-livro-4-scaled.jpg","datePublished":"2022-08-17T18:01:13+00:00","dateModified":"2022-08-17T18:01:17+00:00","author":{"@id":"https:\/\/folhapopular.info\/#\/schema\/person\/2814e8a0df7643585a9ca38bc6eb9d4b"},"breadcrumb":{"@id":"https:\/\/folhapopular.info\/index.php\/2022\/08\/17\/comeca-a-16a-feira-do-livro-de-lajeado\/#breadcrumb"},"inLanguage":"pt-BR","potentialAction":[{"@type":"ReadAction","target":["https:\/\/folhapopular.info\/index.php\/2022\/08\/17\/comeca-a-16a-feira-do-livro-de-lajeado\/"]}]},{"@type":"ImageObject","inLanguage":"pt-BR","@id":"https:\/\/folhapopular.info\/index.php\/2022\/08\/17\/comeca-a-16a-feira-do-livro-de-lajeado\/#primaryimage","url":"https:\/\/folhapopular.info\/wp-content\/uploads\/2022\/08\/Abertura-da-feira-do-livro-4-scaled.jpg","contentUrl":"https:\/\/folhapopular.info\/wp-content\/uploads\/2022\/08\/Abertura-da-feira-do-livro-4-scaled.jpg","width":2560,"height":1707,"caption":"Cr\u00e9dito: Divulga\u00e7\u00e3o"},{"@type":"BreadcrumbList","@id":"https:\/\/folhapopular.info\/index.php\/2022\/08\/17\/comeca-a-16a-feira-do-livro-de-lajeado\/#breadcrumb","itemListElement":[{"@type":"ListItem","position":1,"name":"In\u00edcio","item":"https:\/\/folhapopular.info\/"},{"@type":"ListItem","position":2,"name":"Come\u00e7a a 16\u00aa Feira do Livro de Lajeado"}]},{"@type":"WebSite","@id":"https:\/\/folhapopular.info\/#website","url":"https:\/\/folhapopular.info\/","name":"Folha Popular","description":"Onde voc\u00ea tem vez e voz","potentialAction":[{"@type":"SearchAction","target":{"@type":"EntryPoint","urlTemplate":"https:\/\/folhapopular.info\/?s={search_term_string}"},"query-input":{"@type":"PropertyValueSpecification","valueRequired":true,"valueName":"search_term_string"}}],"inLanguage":"pt-BR"},{"@type":"Person","@id":"https:\/\/folhapopular.info\/#\/schema\/person\/2814e8a0df7643585a9ca38bc6eb9d4b","name":"Reda\u00e7\u00e3o Folha Popular","image":{"@type":"ImageObject","inLanguage":"pt-BR","@id":"https:\/\/folhapopular.info\/wp-content\/uploads\/2026\/04\/Folha-1.webp","url":"https:\/\/folhapopular.info\/wp-content\/uploads\/2026\/04\/Folha-1.webp","contentUrl":"https:\/\/folhapopular.info\/wp-content\/uploads\/2026\/04\/Folha-1.webp","caption":"Reda\u00e7\u00e3o Folha Popular"},"url":"https:\/\/folhapopular.info\/index.php\/author\/redacao\/"}]}},"jetpack_featured_media_url":"https:\/\/folhapopular.info\/wp-content\/uploads\/2022\/08\/Abertura-da-feira-do-livro-4-scaled.jpg","jetpack_sharing_enabled":true,"amp_enabled":true,"_links":{"self":[{"href":"https:\/\/folhapopular.info\/index.php\/wp-json\/wp\/v2\/posts\/110931","targetHints":{"allow":["GET"]}}],"collection":[{"href":"https:\/\/folhapopular.info\/index.php\/wp-json\/wp\/v2\/posts"}],"about":[{"href":"https:\/\/folhapopular.info\/index.php\/wp-json\/wp\/v2\/types\/post"}],"author":[{"embeddable":true,"href":"https:\/\/folhapopular.info\/index.php\/wp-json\/wp\/v2\/users\/8"}],"replies":[{"embeddable":true,"href":"https:\/\/folhapopular.info\/index.php\/wp-json\/wp\/v2\/comments?post=110931"}],"version-history":[{"count":0,"href":"https:\/\/folhapopular.info\/index.php\/wp-json\/wp\/v2\/posts\/110931\/revisions"}],"wp:featuredmedia":[{"embeddable":true,"href":"https:\/\/folhapopular.info\/index.php\/wp-json\/wp\/v2\/media\/110932"}],"wp:attachment":[{"href":"https:\/\/folhapopular.info\/index.php\/wp-json\/wp\/v2\/media?parent=110931"}],"wp:term":[{"taxonomy":"category","embeddable":true,"href":"https:\/\/folhapopular.info\/index.php\/wp-json\/wp\/v2\/categories?post=110931"},{"taxonomy":"post_tag","embeddable":true,"href":"https:\/\/folhapopular.info\/index.php\/wp-json\/wp\/v2\/tags?post=110931"}],"curies":[{"name":"wp","href":"https:\/\/api.w.org\/{rel}","templated":true}]}}