{"id":110960,"date":"2022-08-17T16:41:47","date_gmt":"2022-08-17T19:41:47","guid":{"rendered":"https:\/\/folhapopular.info\/?p=110960"},"modified":"2022-08-17T16:41:51","modified_gmt":"2022-08-17T19:41:51","slug":"prefeitura-de-lajeado-realiza-processo-seletivo-para-contratacao-de-professor","status":"publish","type":"post","link":"https:\/\/folhapopular.info\/index.php\/2022\/08\/17\/prefeitura-de-lajeado-realiza-processo-seletivo-para-contratacao-de-professor\/","title":{"rendered":"Prefeitura de Lajeado realiza processo seletivo para contrata\u00e7\u00e3o\u00a0de professor"},"content":{"rendered":"\n<p>A Prefeitura de Lajeado realiza processo seletivo simplificado para a contrata\u00e7\u00e3o de professor de Hist\u00f3ria para os anos finais do Ensino Fundamental. A sele\u00e7\u00e3o \u00e9 para cadastro reserva para substitui\u00e7\u00e3o de profissionais afastados por licen\u00e7a sa\u00fade, gestante ou outro afastamento legal. As inscri\u00e7\u00f5es ser\u00e3o feitas, exclusivamente, pela internet, at\u00e9 as 23h59 do dia 25\/8\u00a0<strong><a href=\"https:\/\/competo.lajeado.rs.gov.br\/listagem_processos_seletivos\" target=\"_blank\" rel=\"noreferrer noopener\">neste link<\/a><\/strong>.<\/p>\n\n\n\n<p>Os interessados em participar da sele\u00e7\u00e3o devem possuir Ensino Superior em Licenciatura Plena para a disciplina de Hist\u00f3ria. O candidato tamb\u00e9m precisa ter 18 anos completos at\u00e9 o \u00faltimo dia de inscri\u00e7\u00e3o.<\/p>\n\n\n\n<p>O processo seletivo simplificado se realiza por prova de t\u00edtulos de car\u00e1ter classificat\u00f3rio, avaliados pela Comiss\u00e3o, conforme crit\u00e9rios definidos no edital do processo e de acordo com os documentos encaminhados pelo candidato no momento da inscri\u00e7\u00e3o.<\/p>\n\n\n\n<p>Confira o edital de abertura do processo seletivo simplificado a partir da p\u00e1gina 11 do Di\u00e1rio Oficial do dia 15\/8\/2022\u00a0<strong><a href=\"https:\/\/www.lajeado.rs.gov.br\/arquivos\/download_anexo\/15_08_22_edi%C3%A7%C3%A3o_1629.pdf\" target=\"_blank\" rel=\"noreferrer noopener\">clicando aqui<\/a><\/strong>.<\/p>\n","protected":false},"excerpt":{"rendered":"<p>A Prefeitura de Lajeado realiza processo seletivo simplificado para a contrata\u00e7\u00e3o de professor de Hist\u00f3ria para os anos finais do Ensino Fundamental. A sele\u00e7\u00e3o \u00e9 para cadastro reserva para substitui\u00e7\u00e3o de profissionais afastados por licen\u00e7a sa\u00fade, gestante ou outro afastamento legal. As inscri\u00e7\u00f5es ser\u00e3o feitas, exclusivamente, pela internet, at\u00e9 as 23h59 do dia 25\/8\u00a0neste link. [&hellip;]<\/p>\n","protected":false},"author":8,"featured_media":110961,"comment_status":"open","ping_status":"open","sticky":false,"template":"","format":"standard","meta":{"pmpro_default_level":"","_jetpack_memberships_contains_paid_content":false,"footnotes":""},"categories":[2,3],"tags":[27,156],"class_list":{"0":"post-110960","1":"post","2":"type-post","3":"status-publish","4":"format-standard","5":"has-post-thumbnail","7":"category-featured","8":"category-geral","9":"tag-lajeado","10":"tag-vale-do-taquari","11":"pmpro-has-access"},"yoast_head":"<!-- This site is optimized with the Yoast SEO plugin v27.5 - https:\/\/yoast.com\/product\/yoast-seo-wordpress\/ -->\n<title>Prefeitura de Lajeado realiza processo seletivo para contrata\u00e7\u00e3o\u00a0de professor - Folha Popular<\/title>\n<meta name=\"robots\" content=\"index, follow, max-snippet:-1, max-image-preview:large, max-video-preview:-1\" \/>\n<link rel=\"canonical\" href=\"https:\/\/folhapopular.info\/index.php\/2022\/08\/17\/prefeitura-de-lajeado-realiza-processo-seletivo-para-contratacao-de-professor\/\" \/>\n<meta property=\"og:locale\" content=\"pt_BR\" \/>\n<meta property=\"og:type\" content=\"article\" \/>\n<meta property=\"og:title\" content=\"Prefeitura de Lajeado realiza processo seletivo para contrata\u00e7\u00e3o\u00a0de professor - Folha Popular\" \/>\n<meta property=\"og:description\" content=\"A Prefeitura de Lajeado realiza processo seletivo simplificado para a contrata\u00e7\u00e3o de professor de Hist\u00f3ria para os anos finais do Ensino Fundamental. A sele\u00e7\u00e3o \u00e9 para cadastro reserva para substitui\u00e7\u00e3o de profissionais afastados por licen\u00e7a sa\u00fade, gestante ou outro afastamento legal. As inscri\u00e7\u00f5es ser\u00e3o feitas, exclusivamente, pela internet, at\u00e9 as 23h59 do dia 25\/8\u00a0neste link. [&hellip;]\" \/>\n<meta property=\"og:url\" content=\"https:\/\/folhapopular.info\/index.php\/2022\/08\/17\/prefeitura-de-lajeado-realiza-processo-seletivo-para-contratacao-de-professor\/\" \/>\n<meta property=\"og:site_name\" content=\"Folha Popular\" \/>\n<meta property=\"article:published_time\" content=\"2022-08-17T19:41:47+00:00\" \/>\n<meta property=\"article:modified_time\" content=\"2022-08-17T19:41:51+00:00\" \/>\n<meta property=\"og:image\" content=\"http:\/\/folhapopular.info\/wp-content\/uploads\/2022\/08\/pexels-fauxels-3184328-scaled.jpg\" \/>\n\t<meta property=\"og:image:width\" content=\"2560\" \/>\n\t<meta property=\"og:image:height\" content=\"1708\" \/>\n\t<meta property=\"og:image:type\" content=\"image\/jpeg\" \/>\n<meta name=\"author\" content=\"Reda\u00e7\u00e3o Folha Popular\" \/>\n<meta name=\"twitter:card\" content=\"summary_large_image\" \/>\n<meta name=\"twitter:label1\" content=\"Escrito por\" \/>\n\t<meta name=\"twitter:data1\" content=\"Reda\u00e7\u00e3o Folha Popular\" \/>\n\t<meta name=\"twitter:label2\" content=\"Est. tempo de leitura\" \/>\n\t<meta name=\"twitter:data2\" content=\"1 minuto\" \/>\n<script type=\"application\/ld+json\" class=\"yoast-schema-graph\">{\"@context\":\"https:\\\/\\\/schema.org\",\"@graph\":[{\"@type\":\"Article\",\"@id\":\"https:\\\/\\\/folhapopular.info\\\/index.php\\\/2022\\\/08\\\/17\\\/prefeitura-de-lajeado-realiza-processo-seletivo-para-contratacao-de-professor\\\/#article\",\"isPartOf\":{\"@id\":\"https:\\\/\\\/folhapopular.info\\\/index.php\\\/2022\\\/08\\\/17\\\/prefeitura-de-lajeado-realiza-processo-seletivo-para-contratacao-de-professor\\\/\"},\"author\":{\"name\":\"Reda\u00e7\u00e3o Folha Popular\",\"@id\":\"https:\\\/\\\/folhapopular.info\\\/#\\\/schema\\\/person\\\/2814e8a0df7643585a9ca38bc6eb9d4b\"},\"headline\":\"Prefeitura de Lajeado realiza processo seletivo para contrata\u00e7\u00e3o\u00a0de professor\",\"datePublished\":\"2022-08-17T19:41:47+00:00\",\"dateModified\":\"2022-08-17T19:41:51+00:00\",\"mainEntityOfPage\":{\"@id\":\"https:\\\/\\\/folhapopular.info\\\/index.php\\\/2022\\\/08\\\/17\\\/prefeitura-de-lajeado-realiza-processo-seletivo-para-contratacao-de-professor\\\/\"},\"wordCount\":172,\"commentCount\":0,\"image\":{\"@id\":\"https:\\\/\\\/folhapopular.info\\\/index.php\\\/2022\\\/08\\\/17\\\/prefeitura-de-lajeado-realiza-processo-seletivo-para-contratacao-de-professor\\\/#primaryimage\"},\"thumbnailUrl\":\"https:\\\/\\\/folhapopular.info\\\/wp-content\\\/uploads\\\/2022\\\/08\\\/pexels-fauxels-3184328-scaled.jpg\",\"keywords\":[\"Lajeado\",\"Vale do Taquari\"],\"articleSection\":[\"Destaques\",\"Geral\"],\"inLanguage\":\"pt-BR\",\"potentialAction\":[{\"@type\":\"CommentAction\",\"name\":\"Comment\",\"target\":[\"https:\\\/\\\/folhapopular.info\\\/index.php\\\/2022\\\/08\\\/17\\\/prefeitura-de-lajeado-realiza-processo-seletivo-para-contratacao-de-professor\\\/#respond\"]}]},{\"@type\":\"WebPage\",\"@id\":\"https:\\\/\\\/folhapopular.info\\\/index.php\\\/2022\\\/08\\\/17\\\/prefeitura-de-lajeado-realiza-processo-seletivo-para-contratacao-de-professor\\\/\",\"url\":\"https:\\\/\\\/folhapopular.info\\\/index.php\\\/2022\\\/08\\\/17\\\/prefeitura-de-lajeado-realiza-processo-seletivo-para-contratacao-de-professor\\\/\",\"name\":\"Prefeitura de Lajeado realiza processo seletivo para contrata\u00e7\u00e3o\u00a0de professor - Folha Popular\",\"isPartOf\":{\"@id\":\"https:\\\/\\\/folhapopular.info\\\/#website\"},\"primaryImageOfPage\":{\"@id\":\"https:\\\/\\\/folhapopular.info\\\/index.php\\\/2022\\\/08\\\/17\\\/prefeitura-de-lajeado-realiza-processo-seletivo-para-contratacao-de-professor\\\/#primaryimage\"},\"image\":{\"@id\":\"https:\\\/\\\/folhapopular.info\\\/index.php\\\/2022\\\/08\\\/17\\\/prefeitura-de-lajeado-realiza-processo-seletivo-para-contratacao-de-professor\\\/#primaryimage\"},\"thumbnailUrl\":\"https:\\\/\\\/folhapopular.info\\\/wp-content\\\/uploads\\\/2022\\\/08\\\/pexels-fauxels-3184328-scaled.jpg\",\"datePublished\":\"2022-08-17T19:41:47+00:00\",\"dateModified\":\"2022-08-17T19:41:51+00:00\",\"author\":{\"@id\":\"https:\\\/\\\/folhapopular.info\\\/#\\\/schema\\\/person\\\/2814e8a0df7643585a9ca38bc6eb9d4b\"},\"breadcrumb\":{\"@id\":\"https:\\\/\\\/folhapopular.info\\\/index.php\\\/2022\\\/08\\\/17\\\/prefeitura-de-lajeado-realiza-processo-seletivo-para-contratacao-de-professor\\\/#breadcrumb\"},\"inLanguage\":\"pt-BR\",\"potentialAction\":[{\"@type\":\"ReadAction\",\"target\":[\"https:\\\/\\\/folhapopular.info\\\/index.php\\\/2022\\\/08\\\/17\\\/prefeitura-de-lajeado-realiza-processo-seletivo-para-contratacao-de-professor\\\/\"]}]},{\"@type\":\"ImageObject\",\"inLanguage\":\"pt-BR\",\"@id\":\"https:\\\/\\\/folhapopular.info\\\/index.php\\\/2022\\\/08\\\/17\\\/prefeitura-de-lajeado-realiza-processo-seletivo-para-contratacao-de-professor\\\/#primaryimage\",\"url\":\"https:\\\/\\\/folhapopular.info\\\/wp-content\\\/uploads\\\/2022\\\/08\\\/pexels-fauxels-3184328-scaled.jpg\",\"contentUrl\":\"https:\\\/\\\/folhapopular.info\\\/wp-content\\\/uploads\\\/2022\\\/08\\\/pexels-fauxels-3184328-scaled.jpg\",\"width\":2560,\"height\":1708,\"caption\":\"Cr\u00e9dito: Pexels\"},{\"@type\":\"BreadcrumbList\",\"@id\":\"https:\\\/\\\/folhapopular.info\\\/index.php\\\/2022\\\/08\\\/17\\\/prefeitura-de-lajeado-realiza-processo-seletivo-para-contratacao-de-professor\\\/#breadcrumb\",\"itemListElement\":[{\"@type\":\"ListItem\",\"position\":1,\"name\":\"In\u00edcio\",\"item\":\"https:\\\/\\\/folhapopular.info\\\/\"},{\"@type\":\"ListItem\",\"position\":2,\"name\":\"Prefeitura de Lajeado realiza processo seletivo para contrata\u00e7\u00e3o\u00a0de professor\"}]},{\"@type\":\"WebSite\",\"@id\":\"https:\\\/\\\/folhapopular.info\\\/#website\",\"url\":\"https:\\\/\\\/folhapopular.info\\\/\",\"name\":\"Folha Popular\",\"description\":\"Onde voc\u00ea tem vez e voz\",\"potentialAction\":[{\"@type\":\"SearchAction\",\"target\":{\"@type\":\"EntryPoint\",\"urlTemplate\":\"https:\\\/\\\/folhapopular.info\\\/?s={search_term_string}\"},\"query-input\":{\"@type\":\"PropertyValueSpecification\",\"valueRequired\":true,\"valueName\":\"search_term_string\"}}],\"inLanguage\":\"pt-BR\"},{\"@type\":\"Person\",\"@id\":\"https:\\\/\\\/folhapopular.info\\\/#\\\/schema\\\/person\\\/2814e8a0df7643585a9ca38bc6eb9d4b\",\"name\":\"Reda\u00e7\u00e3o Folha Popular\",\"image\":{\"@type\":\"ImageObject\",\"inLanguage\":\"pt-BR\",\"@id\":\"https:\\\/\\\/folhapopular.info\\\/wp-content\\\/uploads\\\/2026\\\/04\\\/Folha-1.webp\",\"url\":\"https:\\\/\\\/folhapopular.info\\\/wp-content\\\/uploads\\\/2026\\\/04\\\/Folha-1.webp\",\"contentUrl\":\"https:\\\/\\\/folhapopular.info\\\/wp-content\\\/uploads\\\/2026\\\/04\\\/Folha-1.webp\",\"caption\":\"Reda\u00e7\u00e3o Folha Popular\"},\"url\":\"https:\\\/\\\/folhapopular.info\\\/index.php\\\/author\\\/redacao\\\/\"}]}<\/script>\n<!-- \/ Yoast SEO plugin. -->","yoast_head_json":{"title":"Prefeitura de Lajeado realiza processo seletivo para contrata\u00e7\u00e3o\u00a0de professor - Folha Popular","robots":{"index":"index","follow":"follow","max-snippet":"max-snippet:-1","max-image-preview":"max-image-preview:large","max-video-preview":"max-video-preview:-1"},"canonical":"https:\/\/folhapopular.info\/index.php\/2022\/08\/17\/prefeitura-de-lajeado-realiza-processo-seletivo-para-contratacao-de-professor\/","og_locale":"pt_BR","og_type":"article","og_title":"Prefeitura de Lajeado realiza processo seletivo para contrata\u00e7\u00e3o\u00a0de professor - Folha Popular","og_description":"A Prefeitura de Lajeado realiza processo seletivo simplificado para a contrata\u00e7\u00e3o de professor de Hist\u00f3ria para os anos finais do Ensino Fundamental. A sele\u00e7\u00e3o \u00e9 para cadastro reserva para substitui\u00e7\u00e3o de profissionais afastados por licen\u00e7a sa\u00fade, gestante ou outro afastamento legal. As inscri\u00e7\u00f5es ser\u00e3o feitas, exclusivamente, pela internet, at\u00e9 as 23h59 do dia 25\/8\u00a0neste link. [&hellip;]","og_url":"https:\/\/folhapopular.info\/index.php\/2022\/08\/17\/prefeitura-de-lajeado-realiza-processo-seletivo-para-contratacao-de-professor\/","og_site_name":"Folha Popular","article_published_time":"2022-08-17T19:41:47+00:00","article_modified_time":"2022-08-17T19:41:51+00:00","og_image":[{"width":2560,"height":1708,"url":"http:\/\/folhapopular.info\/wp-content\/uploads\/2022\/08\/pexels-fauxels-3184328-scaled.jpg","type":"image\/jpeg"}],"author":"Reda\u00e7\u00e3o Folha Popular","twitter_card":"summary_large_image","twitter_misc":{"Escrito por":"Reda\u00e7\u00e3o Folha Popular","Est. tempo de leitura":"1 minuto"},"schema":{"@context":"https:\/\/schema.org","@graph":[{"@type":"Article","@id":"https:\/\/folhapopular.info\/index.php\/2022\/08\/17\/prefeitura-de-lajeado-realiza-processo-seletivo-para-contratacao-de-professor\/#article","isPartOf":{"@id":"https:\/\/folhapopular.info\/index.php\/2022\/08\/17\/prefeitura-de-lajeado-realiza-processo-seletivo-para-contratacao-de-professor\/"},"author":{"name":"Reda\u00e7\u00e3o Folha Popular","@id":"https:\/\/folhapopular.info\/#\/schema\/person\/2814e8a0df7643585a9ca38bc6eb9d4b"},"headline":"Prefeitura de Lajeado realiza processo seletivo para contrata\u00e7\u00e3o\u00a0de professor","datePublished":"2022-08-17T19:41:47+00:00","dateModified":"2022-08-17T19:41:51+00:00","mainEntityOfPage":{"@id":"https:\/\/folhapopular.info\/index.php\/2022\/08\/17\/prefeitura-de-lajeado-realiza-processo-seletivo-para-contratacao-de-professor\/"},"wordCount":172,"commentCount":0,"image":{"@id":"https:\/\/folhapopular.info\/index.php\/2022\/08\/17\/prefeitura-de-lajeado-realiza-processo-seletivo-para-contratacao-de-professor\/#primaryimage"},"thumbnailUrl":"https:\/\/folhapopular.info\/wp-content\/uploads\/2022\/08\/pexels-fauxels-3184328-scaled.jpg","keywords":["Lajeado","Vale do Taquari"],"articleSection":["Destaques","Geral"],"inLanguage":"pt-BR","potentialAction":[{"@type":"CommentAction","name":"Comment","target":["https:\/\/folhapopular.info\/index.php\/2022\/08\/17\/prefeitura-de-lajeado-realiza-processo-seletivo-para-contratacao-de-professor\/#respond"]}]},{"@type":"WebPage","@id":"https:\/\/folhapopular.info\/index.php\/2022\/08\/17\/prefeitura-de-lajeado-realiza-processo-seletivo-para-contratacao-de-professor\/","url":"https:\/\/folhapopular.info\/index.php\/2022\/08\/17\/prefeitura-de-lajeado-realiza-processo-seletivo-para-contratacao-de-professor\/","name":"Prefeitura de Lajeado realiza processo seletivo para contrata\u00e7\u00e3o\u00a0de professor - Folha Popular","isPartOf":{"@id":"https:\/\/folhapopular.info\/#website"},"primaryImageOfPage":{"@id":"https:\/\/folhapopular.info\/index.php\/2022\/08\/17\/prefeitura-de-lajeado-realiza-processo-seletivo-para-contratacao-de-professor\/#primaryimage"},"image":{"@id":"https:\/\/folhapopular.info\/index.php\/2022\/08\/17\/prefeitura-de-lajeado-realiza-processo-seletivo-para-contratacao-de-professor\/#primaryimage"},"thumbnailUrl":"https:\/\/folhapopular.info\/wp-content\/uploads\/2022\/08\/pexels-fauxels-3184328-scaled.jpg","datePublished":"2022-08-17T19:41:47+00:00","dateModified":"2022-08-17T19:41:51+00:00","author":{"@id":"https:\/\/folhapopular.info\/#\/schema\/person\/2814e8a0df7643585a9ca38bc6eb9d4b"},"breadcrumb":{"@id":"https:\/\/folhapopular.info\/index.php\/2022\/08\/17\/prefeitura-de-lajeado-realiza-processo-seletivo-para-contratacao-de-professor\/#breadcrumb"},"inLanguage":"pt-BR","potentialAction":[{"@type":"ReadAction","target":["https:\/\/folhapopular.info\/index.php\/2022\/08\/17\/prefeitura-de-lajeado-realiza-processo-seletivo-para-contratacao-de-professor\/"]}]},{"@type":"ImageObject","inLanguage":"pt-BR","@id":"https:\/\/folhapopular.info\/index.php\/2022\/08\/17\/prefeitura-de-lajeado-realiza-processo-seletivo-para-contratacao-de-professor\/#primaryimage","url":"https:\/\/folhapopular.info\/wp-content\/uploads\/2022\/08\/pexels-fauxels-3184328-scaled.jpg","contentUrl":"https:\/\/folhapopular.info\/wp-content\/uploads\/2022\/08\/pexels-fauxels-3184328-scaled.jpg","width":2560,"height":1708,"caption":"Cr\u00e9dito: Pexels"},{"@type":"BreadcrumbList","@id":"https:\/\/folhapopular.info\/index.php\/2022\/08\/17\/prefeitura-de-lajeado-realiza-processo-seletivo-para-contratacao-de-professor\/#breadcrumb","itemListElement":[{"@type":"ListItem","position":1,"name":"In\u00edcio","item":"https:\/\/folhapopular.info\/"},{"@type":"ListItem","position":2,"name":"Prefeitura de Lajeado realiza processo seletivo para contrata\u00e7\u00e3o\u00a0de professor"}]},{"@type":"WebSite","@id":"https:\/\/folhapopular.info\/#website","url":"https:\/\/folhapopular.info\/","name":"Folha Popular","description":"Onde voc\u00ea tem vez e voz","potentialAction":[{"@type":"SearchAction","target":{"@type":"EntryPoint","urlTemplate":"https:\/\/folhapopular.info\/?s={search_term_string}"},"query-input":{"@type":"PropertyValueSpecification","valueRequired":true,"valueName":"search_term_string"}}],"inLanguage":"pt-BR"},{"@type":"Person","@id":"https:\/\/folhapopular.info\/#\/schema\/person\/2814e8a0df7643585a9ca38bc6eb9d4b","name":"Reda\u00e7\u00e3o Folha Popular","image":{"@type":"ImageObject","inLanguage":"pt-BR","@id":"https:\/\/folhapopular.info\/wp-content\/uploads\/2026\/04\/Folha-1.webp","url":"https:\/\/folhapopular.info\/wp-content\/uploads\/2026\/04\/Folha-1.webp","contentUrl":"https:\/\/folhapopular.info\/wp-content\/uploads\/2026\/04\/Folha-1.webp","caption":"Reda\u00e7\u00e3o Folha Popular"},"url":"https:\/\/folhapopular.info\/index.php\/author\/redacao\/"}]}},"jetpack_featured_media_url":"https:\/\/folhapopular.info\/wp-content\/uploads\/2022\/08\/pexels-fauxels-3184328-scaled.jpg","jetpack_sharing_enabled":true,"amp_enabled":true,"_links":{"self":[{"href":"https:\/\/folhapopular.info\/index.php\/wp-json\/wp\/v2\/posts\/110960","targetHints":{"allow":["GET"]}}],"collection":[{"href":"https:\/\/folhapopular.info\/index.php\/wp-json\/wp\/v2\/posts"}],"about":[{"href":"https:\/\/folhapopular.info\/index.php\/wp-json\/wp\/v2\/types\/post"}],"author":[{"embeddable":true,"href":"https:\/\/folhapopular.info\/index.php\/wp-json\/wp\/v2\/users\/8"}],"replies":[{"embeddable":true,"href":"https:\/\/folhapopular.info\/index.php\/wp-json\/wp\/v2\/comments?post=110960"}],"version-history":[{"count":0,"href":"https:\/\/folhapopular.info\/index.php\/wp-json\/wp\/v2\/posts\/110960\/revisions"}],"wp:featuredmedia":[{"embeddable":true,"href":"https:\/\/folhapopular.info\/index.php\/wp-json\/wp\/v2\/media\/110961"}],"wp:attachment":[{"href":"https:\/\/folhapopular.info\/index.php\/wp-json\/wp\/v2\/media?parent=110960"}],"wp:term":[{"taxonomy":"category","embeddable":true,"href":"https:\/\/folhapopular.info\/index.php\/wp-json\/wp\/v2\/categories?post=110960"},{"taxonomy":"post_tag","embeddable":true,"href":"https:\/\/folhapopular.info\/index.php\/wp-json\/wp\/v2\/tags?post=110960"}],"curies":[{"name":"wp","href":"https:\/\/api.w.org\/{rel}","templated":true}]}}