{"id":111050,"date":"2022-08-19T08:57:09","date_gmt":"2022-08-19T11:57:09","guid":{"rendered":"https:\/\/folhapopular.info\/?p=111050"},"modified":"2022-08-19T08:57:12","modified_gmt":"2022-08-19T11:57:12","slug":"mostra-pedagogica-e-atividades-na-casa-de-cultura-e-biblioteca-integram-programacao-da-16a-feira-do-livro-de-lajeado","status":"publish","type":"post","link":"https:\/\/folhapopular.info\/index.php\/2022\/08\/19\/mostra-pedagogica-e-atividades-na-casa-de-cultura-e-biblioteca-integram-programacao-da-16a-feira-do-livro-de-lajeado\/","title":{"rendered":"Mostra pedag\u00f3gica e atividades na Casa de Cultura e Biblioteca integram\u00a0programa\u00e7\u00e3o da 16\u00aa Feira do Livro de Lajeado"},"content":{"rendered":"\n<p>A 16\u00aa Feira do Livro de Lajeado ocorre na Pra\u00e7a Marechal Floriano (Pra\u00e7a da Matriz) e conta com atividades paralelas como a Mostra Pedag\u00f3gica no Laborat\u00f3rio de Inova\u00e7\u00e3o Governamental e Social do Munic\u00edpio de Lajeado (Labi-L\u00e1), exposi\u00e7\u00e3o das obras liter\u00e1rias de Jos\u00e9 Saramago na Biblioteca P\u00fablica Municipal e visita\u00e7\u00e3o guiada na Casa de Cultura, al\u00e9m de exposi\u00e7\u00f5es culturais e Sacada Cultural.<\/p>\n\n\n\n<p>A Mostra Pedag\u00f3gica re\u00fane trabalhos dos mais de 9,7 mil alunos da rede p\u00fablica, contemplando 24 Escolas Municipais de Ensino Infantil (EMEIs) e 18 de Ensino Fundamental (EMEFs), al\u00e9m, ainda, da participa\u00e7\u00e3o de seis Projetos Vida, de contraturno escolar. Conforme a supervisora da Secretaria de Educa\u00e7\u00e3o, Tatiana Linhares, foram selecionados trabalhos realizados durante o ano letivo que contemplassem o processo de aprendizagem das turmas. &#8220;Estamos com trabalhos que contemplam todas as escolas da rede municipal que mostram o que est\u00e1 sendo trabalhado com os estudantes&#8221;, explica.<\/p>\n\n\n\n<p>De acordo com a secret\u00e1ria de Educa\u00e7\u00e3o, Adriana Vettorello, a Mostra Pedag\u00f3gica tem o objetivo de apresentar \u00e0 comunidade a criatividade dos estudantes nas diferentes tem\u00e1ticas de projetos abordados no decorrer do ano letivo. &#8220;\u00c9 gratificante ver o empenho de todos os envolvidos, mostrando a qualidade do ensino na rede p\u00fablica municipal em uma Mostra Pedag\u00f3gica com tanta diversidade. Com essa exposi\u00e7\u00e3o, queremos mostrar para a comunidade o processo de aprendizagem nas escolas&#8221;, relata. <\/p>\n\n\n\n<p>A Mostra Pedag\u00f3gica segue no Labi-L\u00e1, localizado na Rua Marechal Deodoro, 379, at\u00e9 domingo (21\/8).<\/p>\n\n\n\n<p><strong>Hor\u00e1rios de funcionamento<\/strong><\/p>\n\n\n\n<p>Sexta-feira: 8h \u00e0s 17h<\/p>\n\n\n\n<p>S\u00e1bado: 9h \u00e0s 17h<\/p>\n\n\n\n<p>Domingo: 9h \u00e0s 17h<\/p>\n\n\n\n<p><strong>Biblioteca P\u00fablica de Lajeado<\/strong><\/p>\n\n\n\n<p>A Biblioteca P\u00fablica Municipal Jo\u00e3o Frederico Schaan est\u00e1 aberta durante os hor\u00e1rios da Feira e conta com a exposi\u00e7\u00e3o das obras liter\u00e1rias de Jos\u00e9 Saramago. O autor \u00e9 o homenageado com o tema da Feira com \u201cJanelas Liter\u00e1rias \u2013 Abra-se para a literatura\u201d, em alus\u00e3o ao centen\u00e1rio de nascimento do autor portugu\u00eas.<\/p>\n\n\n\n<p><strong>Casa de Cultura<\/strong><\/p>\n\n\n\n<p>A Casa de Cultura de Lajeado est\u00e1 aberta durante os hor\u00e1rios da Feira, com visita\u00e7\u00e3o ao Museu Municipal Bruno Born, exposi\u00e7\u00f5es culturais, Sacada Cultural e encontros com a patrona da Feira, Ivete Kist.<\/p>\n\n\n\n<p>Tamb\u00e9m haver\u00e1 apresenta\u00e7\u00f5es de esquetes e\u00a0apresenta\u00e7\u00e3o da Oclaje no domingo (21\/8), no palco em frente \u00e0 Casa de Cultura.<\/p>\n\n\n\n<p>A Casa de Cultura comemora 31 anos no s\u00e1bado (20\/8). Haver\u00e1 show comemorativo no domingo (21\/8) com \u201cOs Alquimistas\u201d, \u00e0s 16h, no palco em frente \u00e0 Casa.<\/p>\n\n\n\n<p><strong>Confira a programa\u00e7\u00e3o completa da Feira<\/strong><\/p>\n\n\n\n<p><strong>Dia 19\/08 \u2013 Sexta-feira \u2013 8h \u00e0s 19h<\/strong><\/p>\n\n\n\n<p>8h30 \u2013 Encontro com a escritora Chris Dias, \u201cViv\u00eancias Liter\u00e1rias\u201d&nbsp;\u2013&nbsp;Audit\u00f3rio do Castelinho (Educa\u00e7\u00e3o Infantil e EF&nbsp;\u2013&nbsp;Anos Iniciais)<\/p>\n\n\n\n<p>10h \u2013 Espet\u00e1culo teatral &#8211; As Aventuras de Jo\u00e3o, a Princesa e o Tapete Voador \u2013 Teatro Ceat (Educa\u00e7\u00e3o Infantil e EF&nbsp;\u2013&nbsp;Anos Iniciais)<\/p>\n\n\n\n<p>10h \u2013 Encontro com escritor Chiquinho de Vilas, \u201cRAPensando a Educa\u00e7\u00e3o\u201d \u2013 Audit\u00f3rio do Castelinho (EF&nbsp;\u2013&nbsp;Anos Finais e Ensino M\u00e9dio)<\/p>\n\n\n\n<p>11h \u2013 Esquete de Sombras, Conto: \u201cA Maior Flor do Mundo, Autor: Jos\u00e9 Saramago\u201d com as alunas do Magist\u00e9rio do Castelinho \u2013 Audit\u00f3rio da Casa de Cultura (Ensino Fundamental)<\/p>\n\n\n\n<p>14h \u2013 Encontro com escritor Chiquinho de Vilas \u201cRAPensando a Educa\u00e7\u00e3o\u201d&nbsp;\u2013&nbsp;Audit\u00f3rio do Castelinho (EF&nbsp;\u2013&nbsp;Anos Finais e Ensino M\u00e9dio)<\/p>\n\n\n\n<p>14h \u2013 Espet\u00e1culo teatral As Aventuras de Jo\u00e3o, a Princesa e o Tapete Voador \u2013 Teatro Ceat (Educa\u00e7\u00e3o Infantil e EF&nbsp;\u2013&nbsp;Anos Iniciais)<\/p>\n\n\n\n<p>15h30 \u2013 Encontro com escritora Chris Dias, \u201cViv\u00eancias Liter\u00e1rias\u201d &#8211; Audit\u00f3rio do Castelinho (Educa\u00e7\u00e3o Infantil e EF&nbsp;\u2013&nbsp;Anos Iniciais)<\/p>\n\n\n\n<p>16h \u2013 Encontro de f\u00e3s de hist\u00f3rias em quadrinhos \u2013 HQs, Graphic Novels e Mang\u00e1s. Batepapo com Cassiani M. Martins, a Notcosmonaut, no Palco Principal<\/p>\n\n\n\n<p>9h&nbsp;\u2013&nbsp;Pr\u00eamio A\u00e7orianos 2021&nbsp;\u2013&nbsp;Jandiro Adriano Koch conversa sobre literatura com Ivete Kist e Laura Peixoto \u2013 Audit\u00f3rio do Sesc Lajeado<\/p>\n\n\n\n<p><strong>Dia 20\/08 \u2013 S\u00e1bado \u2013 9h \u00e0s 19h<\/strong><\/p>\n\n\n\n<p>9h30 \u2013 Lan\u00e7amento coletivo de livros de autores do Vale do Taquari Alivat \u2013 Pra\u00e7a da Matriz<\/p>\n\n\n\n<p>10h30 \u2013 Hora do Conto \u2013 Biblioteca P\u00fablica de Lajeado<\/p>\n\n\n\n<p>14h \u2013 Clown Univates \u2013 \u201cE seu sorrir!?\u201d Danusa Vicente (Miss Goela) e Cristiano Zluhan Pereira (Dr. Pierr\u00ea) \u2013 Pra\u00e7a da Matriz<\/p>\n\n\n\n<p>15h \u2013 Interven\u00e7\u00e3o Teatral \u2013 Turu \u2013 Hist\u00f3rias para Voar (Grupo Vengalianos \u2013 Caxias do Sul)&nbsp;\u2013&nbsp;Pra\u00e7a da Matriz<\/p>\n\n\n\n<p>16h \u2013 Hora do Conto com a escritora L\u00e9ia Cassol \u2013 Pra\u00e7a da Matriz<\/p>\n\n\n\n<p>17h30 \u2013 Atra\u00e7\u00e3o Musical \u2013 Trio Lumaju \u2013 Pra\u00e7a da Matriz<\/p>\n\n\n\n<p><strong>Dia 21\/08 \u2013 Domingo \u2013 9h \u00e0s 17h<\/strong><\/p>\n\n\n\n<p>10h \u2013 Apresenta\u00e7\u00e3o de dan\u00e7a: projeto Dan\u00e7ando se Vive \u2013 Terceira Idade \u2013 Pra\u00e7a da Matriz<\/p>\n\n\n\n<p>10h15 \u2013 Apresenta\u00e7\u00e3o Grupo Cantante \u201cCapel de Paia\u201d \u2013 Pra\u00e7a da Matriz<\/p>\n\n\n\n<p>10h30 \u2013 Apresenta\u00e7\u00e3o de dan\u00e7a: Centro de Cultura Alem\u00e3 de Lajeado \u2013 Pra\u00e7a da Matriz<\/p>\n\n\n\n<p>15h \u2013 Espet\u00e1culo: \u201cEra Uma Vez \u2013 Contos, Lendas e Cantigas\u201d \u2013 Pra\u00e7a da Matriz<\/p>\n\n\n\n<p>16h \u2013 Show \u201cOs Alquimistas\u201d \u2013 Comemora\u00e7\u00e3o aos 31 anos da Casa de Cultura&nbsp;\u2013&nbsp;Palco em frente \u00e0 Casa de Cultura<\/p>\n\n\n\n<p>17h \u2013 Apresenta\u00e7\u00e3o da Oclaje \u2013 Palco em frente \u00e0 Casa de Cultura<\/p>\n\n\n\n<p>18h \u2013 Encerramento<\/p>\n","protected":false},"excerpt":{"rendered":"<p>A 16\u00aa Feira do Livro de Lajeado ocorre na Pra\u00e7a Marechal Floriano (Pra\u00e7a da Matriz) e conta com atividades paralelas como a Mostra Pedag\u00f3gica no Laborat\u00f3rio de Inova\u00e7\u00e3o Governamental e Social do Munic\u00edpio de Lajeado (Labi-L\u00e1), exposi\u00e7\u00e3o das obras liter\u00e1rias de Jos\u00e9 Saramago na Biblioteca P\u00fablica Municipal e visita\u00e7\u00e3o guiada na Casa de Cultura, al\u00e9m [&hellip;]<\/p>\n","protected":false},"author":8,"featured_media":111051,"comment_status":"open","ping_status":"open","sticky":false,"template":"","format":"standard","meta":{"pmpro_default_level":"","_jetpack_memberships_contains_paid_content":false,"footnotes":""},"categories":[2,3],"tags":[27,156],"class_list":{"0":"post-111050","1":"post","2":"type-post","3":"status-publish","4":"format-standard","5":"has-post-thumbnail","7":"category-featured","8":"category-geral","9":"tag-lajeado","10":"tag-vale-do-taquari","11":"pmpro-has-access"},"yoast_head":"<!-- This site is optimized with the Yoast SEO plugin v27.5 - https:\/\/yoast.com\/product\/yoast-seo-wordpress\/ -->\n<title>Mostra pedag\u00f3gica e atividades na Casa de Cultura e Biblioteca integram\u00a0programa\u00e7\u00e3o da 16\u00aa Feira do Livro de Lajeado - Folha Popular<\/title>\n<meta name=\"robots\" content=\"index, follow, max-snippet:-1, max-image-preview:large, max-video-preview:-1\" \/>\n<link rel=\"canonical\" href=\"https:\/\/folhapopular.info\/index.php\/2022\/08\/19\/mostra-pedagogica-e-atividades-na-casa-de-cultura-e-biblioteca-integram-programacao-da-16a-feira-do-livro-de-lajeado\/\" \/>\n<meta property=\"og:locale\" content=\"pt_BR\" \/>\n<meta property=\"og:type\" content=\"article\" \/>\n<meta property=\"og:title\" content=\"Mostra pedag\u00f3gica e atividades na Casa de Cultura e Biblioteca integram\u00a0programa\u00e7\u00e3o da 16\u00aa Feira do Livro de Lajeado - Folha Popular\" \/>\n<meta property=\"og:description\" content=\"A 16\u00aa Feira do Livro de Lajeado ocorre na Pra\u00e7a Marechal Floriano (Pra\u00e7a da Matriz) e conta com atividades paralelas como a Mostra Pedag\u00f3gica no Laborat\u00f3rio de Inova\u00e7\u00e3o Governamental e Social do Munic\u00edpio de Lajeado (Labi-L\u00e1), exposi\u00e7\u00e3o das obras liter\u00e1rias de Jos\u00e9 Saramago na Biblioteca P\u00fablica Municipal e visita\u00e7\u00e3o guiada na Casa de Cultura, al\u00e9m [&hellip;]\" \/>\n<meta property=\"og:url\" content=\"https:\/\/folhapopular.info\/index.php\/2022\/08\/19\/mostra-pedagogica-e-atividades-na-casa-de-cultura-e-biblioteca-integram-programacao-da-16a-feira-do-livro-de-lajeado\/\" \/>\n<meta property=\"og:site_name\" content=\"Folha Popular\" \/>\n<meta property=\"article:published_time\" content=\"2022-08-19T11:57:09+00:00\" \/>\n<meta property=\"article:modified_time\" content=\"2022-08-19T11:57:12+00:00\" \/>\n<meta property=\"og:image\" content=\"http:\/\/folhapopular.info\/wp-content\/uploads\/2022\/08\/Mostra-2-scaled.jpg\" \/>\n\t<meta property=\"og:image:width\" content=\"2560\" \/>\n\t<meta property=\"og:image:height\" content=\"1707\" \/>\n\t<meta property=\"og:image:type\" content=\"image\/jpeg\" \/>\n<meta name=\"author\" content=\"Reda\u00e7\u00e3o Folha Popular\" \/>\n<meta name=\"twitter:card\" content=\"summary_large_image\" \/>\n<meta name=\"twitter:label1\" content=\"Escrito por\" \/>\n\t<meta name=\"twitter:data1\" content=\"Reda\u00e7\u00e3o Folha Popular\" \/>\n\t<meta name=\"twitter:label2\" content=\"Est. tempo de leitura\" \/>\n\t<meta name=\"twitter:data2\" content=\"5 minutos\" \/>\n<script type=\"application\/ld+json\" class=\"yoast-schema-graph\">{\"@context\":\"https:\\\/\\\/schema.org\",\"@graph\":[{\"@type\":\"Article\",\"@id\":\"https:\\\/\\\/folhapopular.info\\\/index.php\\\/2022\\\/08\\\/19\\\/mostra-pedagogica-e-atividades-na-casa-de-cultura-e-biblioteca-integram-programacao-da-16a-feira-do-livro-de-lajeado\\\/#article\",\"isPartOf\":{\"@id\":\"https:\\\/\\\/folhapopular.info\\\/index.php\\\/2022\\\/08\\\/19\\\/mostra-pedagogica-e-atividades-na-casa-de-cultura-e-biblioteca-integram-programacao-da-16a-feira-do-livro-de-lajeado\\\/\"},\"author\":{\"name\":\"Reda\u00e7\u00e3o Folha Popular\",\"@id\":\"https:\\\/\\\/folhapopular.info\\\/#\\\/schema\\\/person\\\/2814e8a0df7643585a9ca38bc6eb9d4b\"},\"headline\":\"Mostra pedag\u00f3gica e atividades na Casa de Cultura e Biblioteca integram\u00a0programa\u00e7\u00e3o da 16\u00aa Feira do Livro de Lajeado\",\"datePublished\":\"2022-08-19T11:57:09+00:00\",\"dateModified\":\"2022-08-19T11:57:12+00:00\",\"mainEntityOfPage\":{\"@id\":\"https:\\\/\\\/folhapopular.info\\\/index.php\\\/2022\\\/08\\\/19\\\/mostra-pedagogica-e-atividades-na-casa-de-cultura-e-biblioteca-integram-programacao-da-16a-feira-do-livro-de-lajeado\\\/\"},\"wordCount\":878,\"commentCount\":0,\"image\":{\"@id\":\"https:\\\/\\\/folhapopular.info\\\/index.php\\\/2022\\\/08\\\/19\\\/mostra-pedagogica-e-atividades-na-casa-de-cultura-e-biblioteca-integram-programacao-da-16a-feira-do-livro-de-lajeado\\\/#primaryimage\"},\"thumbnailUrl\":\"https:\\\/\\\/folhapopular.info\\\/wp-content\\\/uploads\\\/2022\\\/08\\\/Mostra-2-scaled.jpg\",\"keywords\":[\"Lajeado\",\"Vale do Taquari\"],\"articleSection\":[\"Destaques\",\"Geral\"],\"inLanguage\":\"pt-BR\",\"potentialAction\":[{\"@type\":\"CommentAction\",\"name\":\"Comment\",\"target\":[\"https:\\\/\\\/folhapopular.info\\\/index.php\\\/2022\\\/08\\\/19\\\/mostra-pedagogica-e-atividades-na-casa-de-cultura-e-biblioteca-integram-programacao-da-16a-feira-do-livro-de-lajeado\\\/#respond\"]}]},{\"@type\":\"WebPage\",\"@id\":\"https:\\\/\\\/folhapopular.info\\\/index.php\\\/2022\\\/08\\\/19\\\/mostra-pedagogica-e-atividades-na-casa-de-cultura-e-biblioteca-integram-programacao-da-16a-feira-do-livro-de-lajeado\\\/\",\"url\":\"https:\\\/\\\/folhapopular.info\\\/index.php\\\/2022\\\/08\\\/19\\\/mostra-pedagogica-e-atividades-na-casa-de-cultura-e-biblioteca-integram-programacao-da-16a-feira-do-livro-de-lajeado\\\/\",\"name\":\"Mostra pedag\u00f3gica e atividades na Casa de Cultura e Biblioteca integram\u00a0programa\u00e7\u00e3o da 16\u00aa Feira do Livro de Lajeado - Folha Popular\",\"isPartOf\":{\"@id\":\"https:\\\/\\\/folhapopular.info\\\/#website\"},\"primaryImageOfPage\":{\"@id\":\"https:\\\/\\\/folhapopular.info\\\/index.php\\\/2022\\\/08\\\/19\\\/mostra-pedagogica-e-atividades-na-casa-de-cultura-e-biblioteca-integram-programacao-da-16a-feira-do-livro-de-lajeado\\\/#primaryimage\"},\"image\":{\"@id\":\"https:\\\/\\\/folhapopular.info\\\/index.php\\\/2022\\\/08\\\/19\\\/mostra-pedagogica-e-atividades-na-casa-de-cultura-e-biblioteca-integram-programacao-da-16a-feira-do-livro-de-lajeado\\\/#primaryimage\"},\"thumbnailUrl\":\"https:\\\/\\\/folhapopular.info\\\/wp-content\\\/uploads\\\/2022\\\/08\\\/Mostra-2-scaled.jpg\",\"datePublished\":\"2022-08-19T11:57:09+00:00\",\"dateModified\":\"2022-08-19T11:57:12+00:00\",\"author\":{\"@id\":\"https:\\\/\\\/folhapopular.info\\\/#\\\/schema\\\/person\\\/2814e8a0df7643585a9ca38bc6eb9d4b\"},\"breadcrumb\":{\"@id\":\"https:\\\/\\\/folhapopular.info\\\/index.php\\\/2022\\\/08\\\/19\\\/mostra-pedagogica-e-atividades-na-casa-de-cultura-e-biblioteca-integram-programacao-da-16a-feira-do-livro-de-lajeado\\\/#breadcrumb\"},\"inLanguage\":\"pt-BR\",\"potentialAction\":[{\"@type\":\"ReadAction\",\"target\":[\"https:\\\/\\\/folhapopular.info\\\/index.php\\\/2022\\\/08\\\/19\\\/mostra-pedagogica-e-atividades-na-casa-de-cultura-e-biblioteca-integram-programacao-da-16a-feira-do-livro-de-lajeado\\\/\"]}]},{\"@type\":\"ImageObject\",\"inLanguage\":\"pt-BR\",\"@id\":\"https:\\\/\\\/folhapopular.info\\\/index.php\\\/2022\\\/08\\\/19\\\/mostra-pedagogica-e-atividades-na-casa-de-cultura-e-biblioteca-integram-programacao-da-16a-feira-do-livro-de-lajeado\\\/#primaryimage\",\"url\":\"https:\\\/\\\/folhapopular.info\\\/wp-content\\\/uploads\\\/2022\\\/08\\\/Mostra-2-scaled.jpg\",\"contentUrl\":\"https:\\\/\\\/folhapopular.info\\\/wp-content\\\/uploads\\\/2022\\\/08\\\/Mostra-2-scaled.jpg\",\"width\":2560,\"height\":1707,\"caption\":\"Cr\u00e9dito: Divulga\u00e7\u00e3o\"},{\"@type\":\"BreadcrumbList\",\"@id\":\"https:\\\/\\\/folhapopular.info\\\/index.php\\\/2022\\\/08\\\/19\\\/mostra-pedagogica-e-atividades-na-casa-de-cultura-e-biblioteca-integram-programacao-da-16a-feira-do-livro-de-lajeado\\\/#breadcrumb\",\"itemListElement\":[{\"@type\":\"ListItem\",\"position\":1,\"name\":\"In\u00edcio\",\"item\":\"https:\\\/\\\/folhapopular.info\\\/\"},{\"@type\":\"ListItem\",\"position\":2,\"name\":\"Mostra pedag\u00f3gica e atividades na Casa de Cultura e Biblioteca integram\u00a0programa\u00e7\u00e3o da 16\u00aa Feira do Livro de Lajeado\"}]},{\"@type\":\"WebSite\",\"@id\":\"https:\\\/\\\/folhapopular.info\\\/#website\",\"url\":\"https:\\\/\\\/folhapopular.info\\\/\",\"name\":\"Folha Popular\",\"description\":\"Onde voc\u00ea tem vez e voz\",\"potentialAction\":[{\"@type\":\"SearchAction\",\"target\":{\"@type\":\"EntryPoint\",\"urlTemplate\":\"https:\\\/\\\/folhapopular.info\\\/?s={search_term_string}\"},\"query-input\":{\"@type\":\"PropertyValueSpecification\",\"valueRequired\":true,\"valueName\":\"search_term_string\"}}],\"inLanguage\":\"pt-BR\"},{\"@type\":\"Person\",\"@id\":\"https:\\\/\\\/folhapopular.info\\\/#\\\/schema\\\/person\\\/2814e8a0df7643585a9ca38bc6eb9d4b\",\"name\":\"Reda\u00e7\u00e3o Folha Popular\",\"image\":{\"@type\":\"ImageObject\",\"inLanguage\":\"pt-BR\",\"@id\":\"https:\\\/\\\/folhapopular.info\\\/wp-content\\\/uploads\\\/2026\\\/04\\\/Folha-1.webp\",\"url\":\"https:\\\/\\\/folhapopular.info\\\/wp-content\\\/uploads\\\/2026\\\/04\\\/Folha-1.webp\",\"contentUrl\":\"https:\\\/\\\/folhapopular.info\\\/wp-content\\\/uploads\\\/2026\\\/04\\\/Folha-1.webp\",\"caption\":\"Reda\u00e7\u00e3o Folha Popular\"},\"url\":\"https:\\\/\\\/folhapopular.info\\\/index.php\\\/author\\\/redacao\\\/\"}]}<\/script>\n<!-- \/ Yoast SEO plugin. -->","yoast_head_json":{"title":"Mostra pedag\u00f3gica e atividades na Casa de Cultura e Biblioteca integram\u00a0programa\u00e7\u00e3o da 16\u00aa Feira do Livro de Lajeado - Folha Popular","robots":{"index":"index","follow":"follow","max-snippet":"max-snippet:-1","max-image-preview":"max-image-preview:large","max-video-preview":"max-video-preview:-1"},"canonical":"https:\/\/folhapopular.info\/index.php\/2022\/08\/19\/mostra-pedagogica-e-atividades-na-casa-de-cultura-e-biblioteca-integram-programacao-da-16a-feira-do-livro-de-lajeado\/","og_locale":"pt_BR","og_type":"article","og_title":"Mostra pedag\u00f3gica e atividades na Casa de Cultura e Biblioteca integram\u00a0programa\u00e7\u00e3o da 16\u00aa Feira do Livro de Lajeado - Folha Popular","og_description":"A 16\u00aa Feira do Livro de Lajeado ocorre na Pra\u00e7a Marechal Floriano (Pra\u00e7a da Matriz) e conta com atividades paralelas como a Mostra Pedag\u00f3gica no Laborat\u00f3rio de Inova\u00e7\u00e3o Governamental e Social do Munic\u00edpio de Lajeado (Labi-L\u00e1), exposi\u00e7\u00e3o das obras liter\u00e1rias de Jos\u00e9 Saramago na Biblioteca P\u00fablica Municipal e visita\u00e7\u00e3o guiada na Casa de Cultura, al\u00e9m [&hellip;]","og_url":"https:\/\/folhapopular.info\/index.php\/2022\/08\/19\/mostra-pedagogica-e-atividades-na-casa-de-cultura-e-biblioteca-integram-programacao-da-16a-feira-do-livro-de-lajeado\/","og_site_name":"Folha Popular","article_published_time":"2022-08-19T11:57:09+00:00","article_modified_time":"2022-08-19T11:57:12+00:00","og_image":[{"width":2560,"height":1707,"url":"http:\/\/folhapopular.info\/wp-content\/uploads\/2022\/08\/Mostra-2-scaled.jpg","type":"image\/jpeg"}],"author":"Reda\u00e7\u00e3o Folha Popular","twitter_card":"summary_large_image","twitter_misc":{"Escrito por":"Reda\u00e7\u00e3o Folha Popular","Est. tempo de leitura":"5 minutos"},"schema":{"@context":"https:\/\/schema.org","@graph":[{"@type":"Article","@id":"https:\/\/folhapopular.info\/index.php\/2022\/08\/19\/mostra-pedagogica-e-atividades-na-casa-de-cultura-e-biblioteca-integram-programacao-da-16a-feira-do-livro-de-lajeado\/#article","isPartOf":{"@id":"https:\/\/folhapopular.info\/index.php\/2022\/08\/19\/mostra-pedagogica-e-atividades-na-casa-de-cultura-e-biblioteca-integram-programacao-da-16a-feira-do-livro-de-lajeado\/"},"author":{"name":"Reda\u00e7\u00e3o Folha Popular","@id":"https:\/\/folhapopular.info\/#\/schema\/person\/2814e8a0df7643585a9ca38bc6eb9d4b"},"headline":"Mostra pedag\u00f3gica e atividades na Casa de Cultura e Biblioteca integram\u00a0programa\u00e7\u00e3o da 16\u00aa Feira do Livro de Lajeado","datePublished":"2022-08-19T11:57:09+00:00","dateModified":"2022-08-19T11:57:12+00:00","mainEntityOfPage":{"@id":"https:\/\/folhapopular.info\/index.php\/2022\/08\/19\/mostra-pedagogica-e-atividades-na-casa-de-cultura-e-biblioteca-integram-programacao-da-16a-feira-do-livro-de-lajeado\/"},"wordCount":878,"commentCount":0,"image":{"@id":"https:\/\/folhapopular.info\/index.php\/2022\/08\/19\/mostra-pedagogica-e-atividades-na-casa-de-cultura-e-biblioteca-integram-programacao-da-16a-feira-do-livro-de-lajeado\/#primaryimage"},"thumbnailUrl":"https:\/\/folhapopular.info\/wp-content\/uploads\/2022\/08\/Mostra-2-scaled.jpg","keywords":["Lajeado","Vale do Taquari"],"articleSection":["Destaques","Geral"],"inLanguage":"pt-BR","potentialAction":[{"@type":"CommentAction","name":"Comment","target":["https:\/\/folhapopular.info\/index.php\/2022\/08\/19\/mostra-pedagogica-e-atividades-na-casa-de-cultura-e-biblioteca-integram-programacao-da-16a-feira-do-livro-de-lajeado\/#respond"]}]},{"@type":"WebPage","@id":"https:\/\/folhapopular.info\/index.php\/2022\/08\/19\/mostra-pedagogica-e-atividades-na-casa-de-cultura-e-biblioteca-integram-programacao-da-16a-feira-do-livro-de-lajeado\/","url":"https:\/\/folhapopular.info\/index.php\/2022\/08\/19\/mostra-pedagogica-e-atividades-na-casa-de-cultura-e-biblioteca-integram-programacao-da-16a-feira-do-livro-de-lajeado\/","name":"Mostra pedag\u00f3gica e atividades na Casa de Cultura e Biblioteca integram\u00a0programa\u00e7\u00e3o da 16\u00aa Feira do Livro de Lajeado - Folha Popular","isPartOf":{"@id":"https:\/\/folhapopular.info\/#website"},"primaryImageOfPage":{"@id":"https:\/\/folhapopular.info\/index.php\/2022\/08\/19\/mostra-pedagogica-e-atividades-na-casa-de-cultura-e-biblioteca-integram-programacao-da-16a-feira-do-livro-de-lajeado\/#primaryimage"},"image":{"@id":"https:\/\/folhapopular.info\/index.php\/2022\/08\/19\/mostra-pedagogica-e-atividades-na-casa-de-cultura-e-biblioteca-integram-programacao-da-16a-feira-do-livro-de-lajeado\/#primaryimage"},"thumbnailUrl":"https:\/\/folhapopular.info\/wp-content\/uploads\/2022\/08\/Mostra-2-scaled.jpg","datePublished":"2022-08-19T11:57:09+00:00","dateModified":"2022-08-19T11:57:12+00:00","author":{"@id":"https:\/\/folhapopular.info\/#\/schema\/person\/2814e8a0df7643585a9ca38bc6eb9d4b"},"breadcrumb":{"@id":"https:\/\/folhapopular.info\/index.php\/2022\/08\/19\/mostra-pedagogica-e-atividades-na-casa-de-cultura-e-biblioteca-integram-programacao-da-16a-feira-do-livro-de-lajeado\/#breadcrumb"},"inLanguage":"pt-BR","potentialAction":[{"@type":"ReadAction","target":["https:\/\/folhapopular.info\/index.php\/2022\/08\/19\/mostra-pedagogica-e-atividades-na-casa-de-cultura-e-biblioteca-integram-programacao-da-16a-feira-do-livro-de-lajeado\/"]}]},{"@type":"ImageObject","inLanguage":"pt-BR","@id":"https:\/\/folhapopular.info\/index.php\/2022\/08\/19\/mostra-pedagogica-e-atividades-na-casa-de-cultura-e-biblioteca-integram-programacao-da-16a-feira-do-livro-de-lajeado\/#primaryimage","url":"https:\/\/folhapopular.info\/wp-content\/uploads\/2022\/08\/Mostra-2-scaled.jpg","contentUrl":"https:\/\/folhapopular.info\/wp-content\/uploads\/2022\/08\/Mostra-2-scaled.jpg","width":2560,"height":1707,"caption":"Cr\u00e9dito: Divulga\u00e7\u00e3o"},{"@type":"BreadcrumbList","@id":"https:\/\/folhapopular.info\/index.php\/2022\/08\/19\/mostra-pedagogica-e-atividades-na-casa-de-cultura-e-biblioteca-integram-programacao-da-16a-feira-do-livro-de-lajeado\/#breadcrumb","itemListElement":[{"@type":"ListItem","position":1,"name":"In\u00edcio","item":"https:\/\/folhapopular.info\/"},{"@type":"ListItem","position":2,"name":"Mostra pedag\u00f3gica e atividades na Casa de Cultura e Biblioteca integram\u00a0programa\u00e7\u00e3o da 16\u00aa Feira do Livro de Lajeado"}]},{"@type":"WebSite","@id":"https:\/\/folhapopular.info\/#website","url":"https:\/\/folhapopular.info\/","name":"Folha Popular","description":"Onde voc\u00ea tem vez e voz","potentialAction":[{"@type":"SearchAction","target":{"@type":"EntryPoint","urlTemplate":"https:\/\/folhapopular.info\/?s={search_term_string}"},"query-input":{"@type":"PropertyValueSpecification","valueRequired":true,"valueName":"search_term_string"}}],"inLanguage":"pt-BR"},{"@type":"Person","@id":"https:\/\/folhapopular.info\/#\/schema\/person\/2814e8a0df7643585a9ca38bc6eb9d4b","name":"Reda\u00e7\u00e3o Folha Popular","image":{"@type":"ImageObject","inLanguage":"pt-BR","@id":"https:\/\/folhapopular.info\/wp-content\/uploads\/2026\/04\/Folha-1.webp","url":"https:\/\/folhapopular.info\/wp-content\/uploads\/2026\/04\/Folha-1.webp","contentUrl":"https:\/\/folhapopular.info\/wp-content\/uploads\/2026\/04\/Folha-1.webp","caption":"Reda\u00e7\u00e3o Folha Popular"},"url":"https:\/\/folhapopular.info\/index.php\/author\/redacao\/"}]}},"jetpack_featured_media_url":"https:\/\/folhapopular.info\/wp-content\/uploads\/2022\/08\/Mostra-2-scaled.jpg","jetpack_sharing_enabled":true,"amp_enabled":true,"_links":{"self":[{"href":"https:\/\/folhapopular.info\/index.php\/wp-json\/wp\/v2\/posts\/111050","targetHints":{"allow":["GET"]}}],"collection":[{"href":"https:\/\/folhapopular.info\/index.php\/wp-json\/wp\/v2\/posts"}],"about":[{"href":"https:\/\/folhapopular.info\/index.php\/wp-json\/wp\/v2\/types\/post"}],"author":[{"embeddable":true,"href":"https:\/\/folhapopular.info\/index.php\/wp-json\/wp\/v2\/users\/8"}],"replies":[{"embeddable":true,"href":"https:\/\/folhapopular.info\/index.php\/wp-json\/wp\/v2\/comments?post=111050"}],"version-history":[{"count":0,"href":"https:\/\/folhapopular.info\/index.php\/wp-json\/wp\/v2\/posts\/111050\/revisions"}],"wp:featuredmedia":[{"embeddable":true,"href":"https:\/\/folhapopular.info\/index.php\/wp-json\/wp\/v2\/media\/111051"}],"wp:attachment":[{"href":"https:\/\/folhapopular.info\/index.php\/wp-json\/wp\/v2\/media?parent=111050"}],"wp:term":[{"taxonomy":"category","embeddable":true,"href":"https:\/\/folhapopular.info\/index.php\/wp-json\/wp\/v2\/categories?post=111050"},{"taxonomy":"post_tag","embeddable":true,"href":"https:\/\/folhapopular.info\/index.php\/wp-json\/wp\/v2\/tags?post=111050"}],"curies":[{"name":"wp","href":"https:\/\/api.w.org\/{rel}","templated":true}]}}