{"id":111053,"date":"2022-08-19T09:01:28","date_gmt":"2022-08-19T12:01:28","guid":{"rendered":"https:\/\/folhapopular.info\/?p=111053"},"modified":"2022-08-19T09:01:33","modified_gmt":"2022-08-19T12:01:33","slug":"familias-afegas-sao-acolhidas-pelo-cras-espaco-da-cidadania-em-lajeado","status":"publish","type":"post","link":"https:\/\/folhapopular.info\/index.php\/2022\/08\/19\/familias-afegas-sao-acolhidas-pelo-cras-espaco-da-cidadania-em-lajeado\/","title":{"rendered":"Fam\u00edlias afeg\u00e3s s\u00e3o acolhidas pelo CRAS Espa\u00e7o da Cidadania em Lajeado"},"content":{"rendered":"\n<p>Ap\u00f3s sofrerem amea\u00e7as e serem praticamente expulsos do seu pa\u00eds de origem, refugiados do Afeganist\u00e3o buscaram em Lajeado uma forma de recome\u00e7ar. S\u00e3o oito fam\u00edlias atendidas pelo Centro de Refer\u00eancia da Assist\u00eancia Social (CRAS) Espa\u00e7o da Cidadania, da Secretaria de Desenvolvimento Social (SMDS), da Prefeitura de Lajeado.<\/p>\n\n\n\n<p>Eles vieram ao Brasil com poucas economias ap\u00f3s o Afeganist\u00e3o entrar em crise econ\u00f4mica e humanit\u00e1ria. As fam\u00edlias procuraram o CRAS a partir de mar\u00e7o deste ano, buscando aux\u00edlio com alimenta\u00e7\u00e3o, trabalho, moradia e educa\u00e7\u00e3o. Conforme o psic\u00f3logo do Centro, S\u00e9rgio Pezzi, a partir desta demanda, a equipe do Centro organizou os servi\u00e7os necess\u00e1rios para o acolhimento e trabalhou para oferecer suporte \u00e0s car\u00eancias das fam\u00edlias.<\/p>\n\n\n\n<p>O Centro de Refer\u00eancia Vestir&amp;Ser, criado para receber e selecionar pe\u00e7as de vestu\u00e1rio doadas pela comunidade e reencaminhar para fam\u00edlias em situa\u00e7\u00e3o de vulnerabilidade, foi a solu\u00e7\u00e3o para os refugiados suprirem a necessidade de vestimentas. As afeg\u00e3s atendidas pelo CRAS relatam que o uso de v\u00e9u isl\u00e2mico (de prefer\u00eancia a burca) \u00e9 uma exig\u00eancia do governo local (Talib\u00e3) \u00e0s mulheres. Aqui, algumas ainda utilizam um v\u00e9u na cabe\u00e7a.<\/p>\n\n\n\n<p>O persa \u00e9 o idioma oficial do pa\u00eds e esta foi uma das dificuldades encontradas pelos refugiados ao chegarem no Brasil. A comunica\u00e7\u00e3o entre a equipe do CRAS e os afeg\u00e3os \u00e9 em ingl\u00eas, mas nem todos imigrantes dominam o idioma. O psic\u00f3logo relata que essa tamb\u00e9m foi uma dificuldade na busca por emprego aos refugiados.<\/p>\n\n\n\n<p>O grupo \u00e9 composto, em sua maioria, por advogados, economistas, motoristas, engenheiros e professores. No pa\u00eds de origem, a maioria dos refugiados trabalhava em ag\u00eancias governamentais. Em Lajeado, todos os homens est\u00e3o empregados em uma empresa de frigor\u00edfico. Conforme Pezzi, nesta fun\u00e7\u00e3o n\u00e3o \u00e9 necess\u00e1rio o dom\u00ednio do portugu\u00eas.<\/p>\n\n\n\n<p>Em busca de novas oportunidades para os afeg\u00e3os, o CRAS auxilia as fam\u00edlias em processos seletivos para outros cargos.&nbsp;As fam\u00edlias participam de oficinas de l\u00edngua portuguesa com uma professora volunt\u00e1ria. J\u00e1 as crian\u00e7as estudam em escolas do munic\u00edpio, por interm\u00e9dio da Secretaria de Educa\u00e7\u00e3o.&nbsp;<\/p>\n\n\n\n<p>As fam\u00edlias tamb\u00e9m foram inclu\u00eddas no fornecimento de cestas b\u00e1sicas da SMDS. M\u00f3veis, eletrodom\u00e9sticos, utens\u00edlios dom\u00e9sticos e brinquedos foram conseguidos por meio de a\u00e7\u00f5es e doa\u00e7\u00f5es da sociedade civil e de institui\u00e7\u00f5es e de empresas como a Gota Limpa, JCI, Acil e Univates.<\/p>\n\n\n\n<p>O psic\u00f3logo explica que o CRAS tamb\u00e9m presta apoio em rela\u00e7\u00e3o a quest\u00e3o documental, como renova\u00e7\u00e3o de visto e documentos necess\u00e1rios para permanecer no Brasil. Segundo ele, h\u00e1 um contato direto com a Pol\u00edcia Federal para agilizar esses documentos.<\/p>\n\n\n\n<p>Al\u00e9m das fam\u00edlias afeg\u00e3s, o CRAS tamb\u00e9m atende imigrantes marroquinos, malianos, angolanos, haitianos, bangladeshes e uma fam\u00edlia iraniana. &#8220;Esse acolhimento \u00e9 de fato a assist\u00eancia social, uma pol\u00edtica p\u00fablica t\u00e3o relevante, que tem que olhar e acolher todos cidad\u00e3os, sejam eles brasileiros ou imigrantes. Lajeado oferece esse apoio para todos que necessitam. A SMDS est\u00e1 sempre de portas abertas para acolher e auxiliar no que for necess\u00e1rio&#8221;, destaca a secret\u00e1ria de Desenvolvimento Social de Lajeado, C\u00e9ci Gerlach.<\/p>\n\n\n\n<p><strong>Integra\u00e7\u00e3o<\/strong><\/p>\n\n\n\n<p>Os encontros com as fam\u00edlias afeg\u00e3s ocorre a cada 15 dias no CRAS. Na segunda-feira (15\/8), a equipe de assist\u00eancia e as mulheres imigrantes organizaram uma oficina com m\u00fasicas t\u00edpicas e desenhos de uma arte com henna (tinta extra\u00edda de um fruto com cor acobreada) na pele.\u00a0Essa t\u00e9cnica \u00e9 feita em datas comemorativas como um ritual, principalmente em casamentos, nos quais as festas duram cerca de dois dias na cultura local. Desenhos como rendas e florais dominam a arte.<\/p>\n\n\n\n<p>Para promover um interc\u00e2mbio cultural foram convidadas fam\u00edlias de Lajeado atendidas pelo CRAS Espa\u00e7o da Cidadania para participar da oficina. A parte inicial do encontro foi reservada para perguntas sobre a cultura, os costumes e viv\u00eancias no pa\u00eds do Oriente M\u00e9dio. Ap\u00f3s, o momento foi de confraterniza\u00e7\u00e3o com dan\u00e7as t\u00edpicas e desenhos com a t\u00e9cnica de henna.<\/p>\n\n\n\n<p>A estagi\u00e1ria do CRAS, Carolina Assmann, que faz parte da equipe que atende o grupo afeg\u00e3o, destaca que a t\u00e9cnica com a henna \u00e9 ensinada entre as fam\u00edlias, normalmente passada de av\u00f3s para filhas e depois para netas, mas que n\u00e3o \u00e9 obrigat\u00f3rio na cultura.<\/p>\n\n\n\n<p>A afeg\u00e3 Palwasha relata estar muito feliz e acolhida no CRAS. Segundo ela, a oficina \u00e9 muito importante para a integra\u00e7\u00e3o com pessoas locais. &#8220;Est\u00e1 sendo muito importante. Desenhar com henna me leva de volta ao meu pa\u00eds, \u00e0s minhas mem\u00f3rias, aos meus familiares. \u00c9 muito bom voltar a fazer esses desenhos e revisitar minhas mem\u00f3rias&#8221;, esclarece.<\/p>\n\n\n\n<p>Sobre a t\u00e9cnica de henna, Palwasha relembra que em casamentos os desenhos s\u00e3o maiores e com mais detalhes e, por isso, as mulheres que est\u00e3o sendo desenhadas chegam a dormir durante o ritual.<\/p>\n","protected":false},"excerpt":{"rendered":"<p>Ap\u00f3s sofrerem amea\u00e7as e serem praticamente expulsos do seu pa\u00eds de origem, refugiados do Afeganist\u00e3o buscaram em Lajeado uma forma de recome\u00e7ar. S\u00e3o oito fam\u00edlias atendidas pelo Centro de Refer\u00eancia da Assist\u00eancia Social (CRAS) Espa\u00e7o da Cidadania, da Secretaria de Desenvolvimento Social (SMDS), da Prefeitura de Lajeado. Eles vieram ao Brasil com poucas economias ap\u00f3s [&hellip;]<\/p>\n","protected":false},"author":8,"featured_media":111054,"comment_status":"open","ping_status":"open","sticky":false,"template":"","format":"standard","meta":{"pmpro_default_level":"","_jetpack_memberships_contains_paid_content":false,"footnotes":""},"categories":[2,3],"tags":[27,156],"class_list":{"0":"post-111053","1":"post","2":"type-post","3":"status-publish","4":"format-standard","5":"has-post-thumbnail","7":"category-featured","8":"category-geral","9":"tag-lajeado","10":"tag-vale-do-taquari","11":"pmpro-has-access"},"yoast_head":"<!-- This site is optimized with the Yoast SEO plugin v27.5 - https:\/\/yoast.com\/product\/yoast-seo-wordpress\/ -->\n<title>Fam\u00edlias afeg\u00e3s s\u00e3o acolhidas pelo CRAS Espa\u00e7o da Cidadania em Lajeado - Folha Popular<\/title>\n<meta name=\"robots\" content=\"index, follow, max-snippet:-1, max-image-preview:large, max-video-preview:-1\" \/>\n<link rel=\"canonical\" href=\"https:\/\/folhapopular.info\/index.php\/2022\/08\/19\/familias-afegas-sao-acolhidas-pelo-cras-espaco-da-cidadania-em-lajeado\/\" \/>\n<meta property=\"og:locale\" content=\"pt_BR\" \/>\n<meta property=\"og:type\" content=\"article\" \/>\n<meta property=\"og:title\" content=\"Fam\u00edlias afeg\u00e3s s\u00e3o acolhidas pelo CRAS Espa\u00e7o da Cidadania em Lajeado - Folha Popular\" \/>\n<meta property=\"og:description\" content=\"Ap\u00f3s sofrerem amea\u00e7as e serem praticamente expulsos do seu pa\u00eds de origem, refugiados do Afeganist\u00e3o buscaram em Lajeado uma forma de recome\u00e7ar. S\u00e3o oito fam\u00edlias atendidas pelo Centro de Refer\u00eancia da Assist\u00eancia Social (CRAS) Espa\u00e7o da Cidadania, da Secretaria de Desenvolvimento Social (SMDS), da Prefeitura de Lajeado. Eles vieram ao Brasil com poucas economias ap\u00f3s [&hellip;]\" \/>\n<meta property=\"og:url\" content=\"https:\/\/folhapopular.info\/index.php\/2022\/08\/19\/familias-afegas-sao-acolhidas-pelo-cras-espaco-da-cidadania-em-lajeado\/\" \/>\n<meta property=\"og:site_name\" content=\"Folha Popular\" \/>\n<meta property=\"article:published_time\" content=\"2022-08-19T12:01:28+00:00\" \/>\n<meta property=\"article:modified_time\" content=\"2022-08-19T12:01:33+00:00\" \/>\n<meta property=\"og:image\" content=\"http:\/\/folhapopular.info\/wp-content\/uploads\/2022\/08\/Oficina-de-intercambio-cultural-2-scaled.jpg\" \/>\n\t<meta property=\"og:image:width\" content=\"2560\" \/>\n\t<meta property=\"og:image:height\" content=\"1707\" \/>\n\t<meta property=\"og:image:type\" content=\"image\/jpeg\" \/>\n<meta name=\"author\" content=\"Reda\u00e7\u00e3o Folha Popular\" \/>\n<meta name=\"twitter:card\" content=\"summary_large_image\" \/>\n<meta name=\"twitter:label1\" content=\"Escrito por\" \/>\n\t<meta name=\"twitter:data1\" content=\"Reda\u00e7\u00e3o Folha Popular\" \/>\n\t<meta name=\"twitter:label2\" content=\"Est. tempo de leitura\" \/>\n\t<meta name=\"twitter:data2\" content=\"5 minutos\" \/>\n<script type=\"application\/ld+json\" class=\"yoast-schema-graph\">{\"@context\":\"https:\\\/\\\/schema.org\",\"@graph\":[{\"@type\":\"Article\",\"@id\":\"https:\\\/\\\/folhapopular.info\\\/index.php\\\/2022\\\/08\\\/19\\\/familias-afegas-sao-acolhidas-pelo-cras-espaco-da-cidadania-em-lajeado\\\/#article\",\"isPartOf\":{\"@id\":\"https:\\\/\\\/folhapopular.info\\\/index.php\\\/2022\\\/08\\\/19\\\/familias-afegas-sao-acolhidas-pelo-cras-espaco-da-cidadania-em-lajeado\\\/\"},\"author\":{\"name\":\"Reda\u00e7\u00e3o Folha Popular\",\"@id\":\"https:\\\/\\\/folhapopular.info\\\/#\\\/schema\\\/person\\\/2814e8a0df7643585a9ca38bc6eb9d4b\"},\"headline\":\"Fam\u00edlias afeg\u00e3s s\u00e3o acolhidas pelo CRAS Espa\u00e7o da Cidadania em Lajeado\",\"datePublished\":\"2022-08-19T12:01:28+00:00\",\"dateModified\":\"2022-08-19T12:01:33+00:00\",\"mainEntityOfPage\":{\"@id\":\"https:\\\/\\\/folhapopular.info\\\/index.php\\\/2022\\\/08\\\/19\\\/familias-afegas-sao-acolhidas-pelo-cras-espaco-da-cidadania-em-lajeado\\\/\"},\"wordCount\":895,\"commentCount\":0,\"image\":{\"@id\":\"https:\\\/\\\/folhapopular.info\\\/index.php\\\/2022\\\/08\\\/19\\\/familias-afegas-sao-acolhidas-pelo-cras-espaco-da-cidadania-em-lajeado\\\/#primaryimage\"},\"thumbnailUrl\":\"https:\\\/\\\/folhapopular.info\\\/wp-content\\\/uploads\\\/2022\\\/08\\\/Oficina-de-intercambio-cultural-2-scaled.jpg\",\"keywords\":[\"Lajeado\",\"Vale do Taquari\"],\"articleSection\":[\"Destaques\",\"Geral\"],\"inLanguage\":\"pt-BR\",\"potentialAction\":[{\"@type\":\"CommentAction\",\"name\":\"Comment\",\"target\":[\"https:\\\/\\\/folhapopular.info\\\/index.php\\\/2022\\\/08\\\/19\\\/familias-afegas-sao-acolhidas-pelo-cras-espaco-da-cidadania-em-lajeado\\\/#respond\"]}]},{\"@type\":\"WebPage\",\"@id\":\"https:\\\/\\\/folhapopular.info\\\/index.php\\\/2022\\\/08\\\/19\\\/familias-afegas-sao-acolhidas-pelo-cras-espaco-da-cidadania-em-lajeado\\\/\",\"url\":\"https:\\\/\\\/folhapopular.info\\\/index.php\\\/2022\\\/08\\\/19\\\/familias-afegas-sao-acolhidas-pelo-cras-espaco-da-cidadania-em-lajeado\\\/\",\"name\":\"Fam\u00edlias afeg\u00e3s s\u00e3o acolhidas pelo CRAS Espa\u00e7o da Cidadania em Lajeado - Folha Popular\",\"isPartOf\":{\"@id\":\"https:\\\/\\\/folhapopular.info\\\/#website\"},\"primaryImageOfPage\":{\"@id\":\"https:\\\/\\\/folhapopular.info\\\/index.php\\\/2022\\\/08\\\/19\\\/familias-afegas-sao-acolhidas-pelo-cras-espaco-da-cidadania-em-lajeado\\\/#primaryimage\"},\"image\":{\"@id\":\"https:\\\/\\\/folhapopular.info\\\/index.php\\\/2022\\\/08\\\/19\\\/familias-afegas-sao-acolhidas-pelo-cras-espaco-da-cidadania-em-lajeado\\\/#primaryimage\"},\"thumbnailUrl\":\"https:\\\/\\\/folhapopular.info\\\/wp-content\\\/uploads\\\/2022\\\/08\\\/Oficina-de-intercambio-cultural-2-scaled.jpg\",\"datePublished\":\"2022-08-19T12:01:28+00:00\",\"dateModified\":\"2022-08-19T12:01:33+00:00\",\"author\":{\"@id\":\"https:\\\/\\\/folhapopular.info\\\/#\\\/schema\\\/person\\\/2814e8a0df7643585a9ca38bc6eb9d4b\"},\"breadcrumb\":{\"@id\":\"https:\\\/\\\/folhapopular.info\\\/index.php\\\/2022\\\/08\\\/19\\\/familias-afegas-sao-acolhidas-pelo-cras-espaco-da-cidadania-em-lajeado\\\/#breadcrumb\"},\"inLanguage\":\"pt-BR\",\"potentialAction\":[{\"@type\":\"ReadAction\",\"target\":[\"https:\\\/\\\/folhapopular.info\\\/index.php\\\/2022\\\/08\\\/19\\\/familias-afegas-sao-acolhidas-pelo-cras-espaco-da-cidadania-em-lajeado\\\/\"]}]},{\"@type\":\"ImageObject\",\"inLanguage\":\"pt-BR\",\"@id\":\"https:\\\/\\\/folhapopular.info\\\/index.php\\\/2022\\\/08\\\/19\\\/familias-afegas-sao-acolhidas-pelo-cras-espaco-da-cidadania-em-lajeado\\\/#primaryimage\",\"url\":\"https:\\\/\\\/folhapopular.info\\\/wp-content\\\/uploads\\\/2022\\\/08\\\/Oficina-de-intercambio-cultural-2-scaled.jpg\",\"contentUrl\":\"https:\\\/\\\/folhapopular.info\\\/wp-content\\\/uploads\\\/2022\\\/08\\\/Oficina-de-intercambio-cultural-2-scaled.jpg\",\"width\":2560,\"height\":1707,\"caption\":\"Cr\u00e9dito: Laura Mallmann\"},{\"@type\":\"BreadcrumbList\",\"@id\":\"https:\\\/\\\/folhapopular.info\\\/index.php\\\/2022\\\/08\\\/19\\\/familias-afegas-sao-acolhidas-pelo-cras-espaco-da-cidadania-em-lajeado\\\/#breadcrumb\",\"itemListElement\":[{\"@type\":\"ListItem\",\"position\":1,\"name\":\"In\u00edcio\",\"item\":\"https:\\\/\\\/folhapopular.info\\\/\"},{\"@type\":\"ListItem\",\"position\":2,\"name\":\"Fam\u00edlias afeg\u00e3s s\u00e3o acolhidas pelo CRAS Espa\u00e7o da Cidadania em Lajeado\"}]},{\"@type\":\"WebSite\",\"@id\":\"https:\\\/\\\/folhapopular.info\\\/#website\",\"url\":\"https:\\\/\\\/folhapopular.info\\\/\",\"name\":\"Folha Popular\",\"description\":\"Onde voc\u00ea tem vez e voz\",\"potentialAction\":[{\"@type\":\"SearchAction\",\"target\":{\"@type\":\"EntryPoint\",\"urlTemplate\":\"https:\\\/\\\/folhapopular.info\\\/?s={search_term_string}\"},\"query-input\":{\"@type\":\"PropertyValueSpecification\",\"valueRequired\":true,\"valueName\":\"search_term_string\"}}],\"inLanguage\":\"pt-BR\"},{\"@type\":\"Person\",\"@id\":\"https:\\\/\\\/folhapopular.info\\\/#\\\/schema\\\/person\\\/2814e8a0df7643585a9ca38bc6eb9d4b\",\"name\":\"Reda\u00e7\u00e3o Folha Popular\",\"image\":{\"@type\":\"ImageObject\",\"inLanguage\":\"pt-BR\",\"@id\":\"https:\\\/\\\/folhapopular.info\\\/wp-content\\\/uploads\\\/2026\\\/04\\\/Folha-1.webp\",\"url\":\"https:\\\/\\\/folhapopular.info\\\/wp-content\\\/uploads\\\/2026\\\/04\\\/Folha-1.webp\",\"contentUrl\":\"https:\\\/\\\/folhapopular.info\\\/wp-content\\\/uploads\\\/2026\\\/04\\\/Folha-1.webp\",\"caption\":\"Reda\u00e7\u00e3o Folha Popular\"},\"url\":\"https:\\\/\\\/folhapopular.info\\\/index.php\\\/author\\\/redacao\\\/\"}]}<\/script>\n<!-- \/ Yoast SEO plugin. -->","yoast_head_json":{"title":"Fam\u00edlias afeg\u00e3s s\u00e3o acolhidas pelo CRAS Espa\u00e7o da Cidadania em Lajeado - Folha Popular","robots":{"index":"index","follow":"follow","max-snippet":"max-snippet:-1","max-image-preview":"max-image-preview:large","max-video-preview":"max-video-preview:-1"},"canonical":"https:\/\/folhapopular.info\/index.php\/2022\/08\/19\/familias-afegas-sao-acolhidas-pelo-cras-espaco-da-cidadania-em-lajeado\/","og_locale":"pt_BR","og_type":"article","og_title":"Fam\u00edlias afeg\u00e3s s\u00e3o acolhidas pelo CRAS Espa\u00e7o da Cidadania em Lajeado - Folha Popular","og_description":"Ap\u00f3s sofrerem amea\u00e7as e serem praticamente expulsos do seu pa\u00eds de origem, refugiados do Afeganist\u00e3o buscaram em Lajeado uma forma de recome\u00e7ar. S\u00e3o oito fam\u00edlias atendidas pelo Centro de Refer\u00eancia da Assist\u00eancia Social (CRAS) Espa\u00e7o da Cidadania, da Secretaria de Desenvolvimento Social (SMDS), da Prefeitura de Lajeado. Eles vieram ao Brasil com poucas economias ap\u00f3s [&hellip;]","og_url":"https:\/\/folhapopular.info\/index.php\/2022\/08\/19\/familias-afegas-sao-acolhidas-pelo-cras-espaco-da-cidadania-em-lajeado\/","og_site_name":"Folha Popular","article_published_time":"2022-08-19T12:01:28+00:00","article_modified_time":"2022-08-19T12:01:33+00:00","og_image":[{"width":2560,"height":1707,"url":"http:\/\/folhapopular.info\/wp-content\/uploads\/2022\/08\/Oficina-de-intercambio-cultural-2-scaled.jpg","type":"image\/jpeg"}],"author":"Reda\u00e7\u00e3o Folha Popular","twitter_card":"summary_large_image","twitter_misc":{"Escrito por":"Reda\u00e7\u00e3o Folha Popular","Est. tempo de leitura":"5 minutos"},"schema":{"@context":"https:\/\/schema.org","@graph":[{"@type":"Article","@id":"https:\/\/folhapopular.info\/index.php\/2022\/08\/19\/familias-afegas-sao-acolhidas-pelo-cras-espaco-da-cidadania-em-lajeado\/#article","isPartOf":{"@id":"https:\/\/folhapopular.info\/index.php\/2022\/08\/19\/familias-afegas-sao-acolhidas-pelo-cras-espaco-da-cidadania-em-lajeado\/"},"author":{"name":"Reda\u00e7\u00e3o Folha Popular","@id":"https:\/\/folhapopular.info\/#\/schema\/person\/2814e8a0df7643585a9ca38bc6eb9d4b"},"headline":"Fam\u00edlias afeg\u00e3s s\u00e3o acolhidas pelo CRAS Espa\u00e7o da Cidadania em Lajeado","datePublished":"2022-08-19T12:01:28+00:00","dateModified":"2022-08-19T12:01:33+00:00","mainEntityOfPage":{"@id":"https:\/\/folhapopular.info\/index.php\/2022\/08\/19\/familias-afegas-sao-acolhidas-pelo-cras-espaco-da-cidadania-em-lajeado\/"},"wordCount":895,"commentCount":0,"image":{"@id":"https:\/\/folhapopular.info\/index.php\/2022\/08\/19\/familias-afegas-sao-acolhidas-pelo-cras-espaco-da-cidadania-em-lajeado\/#primaryimage"},"thumbnailUrl":"https:\/\/folhapopular.info\/wp-content\/uploads\/2022\/08\/Oficina-de-intercambio-cultural-2-scaled.jpg","keywords":["Lajeado","Vale do Taquari"],"articleSection":["Destaques","Geral"],"inLanguage":"pt-BR","potentialAction":[{"@type":"CommentAction","name":"Comment","target":["https:\/\/folhapopular.info\/index.php\/2022\/08\/19\/familias-afegas-sao-acolhidas-pelo-cras-espaco-da-cidadania-em-lajeado\/#respond"]}]},{"@type":"WebPage","@id":"https:\/\/folhapopular.info\/index.php\/2022\/08\/19\/familias-afegas-sao-acolhidas-pelo-cras-espaco-da-cidadania-em-lajeado\/","url":"https:\/\/folhapopular.info\/index.php\/2022\/08\/19\/familias-afegas-sao-acolhidas-pelo-cras-espaco-da-cidadania-em-lajeado\/","name":"Fam\u00edlias afeg\u00e3s s\u00e3o acolhidas pelo CRAS Espa\u00e7o da Cidadania em Lajeado - Folha Popular","isPartOf":{"@id":"https:\/\/folhapopular.info\/#website"},"primaryImageOfPage":{"@id":"https:\/\/folhapopular.info\/index.php\/2022\/08\/19\/familias-afegas-sao-acolhidas-pelo-cras-espaco-da-cidadania-em-lajeado\/#primaryimage"},"image":{"@id":"https:\/\/folhapopular.info\/index.php\/2022\/08\/19\/familias-afegas-sao-acolhidas-pelo-cras-espaco-da-cidadania-em-lajeado\/#primaryimage"},"thumbnailUrl":"https:\/\/folhapopular.info\/wp-content\/uploads\/2022\/08\/Oficina-de-intercambio-cultural-2-scaled.jpg","datePublished":"2022-08-19T12:01:28+00:00","dateModified":"2022-08-19T12:01:33+00:00","author":{"@id":"https:\/\/folhapopular.info\/#\/schema\/person\/2814e8a0df7643585a9ca38bc6eb9d4b"},"breadcrumb":{"@id":"https:\/\/folhapopular.info\/index.php\/2022\/08\/19\/familias-afegas-sao-acolhidas-pelo-cras-espaco-da-cidadania-em-lajeado\/#breadcrumb"},"inLanguage":"pt-BR","potentialAction":[{"@type":"ReadAction","target":["https:\/\/folhapopular.info\/index.php\/2022\/08\/19\/familias-afegas-sao-acolhidas-pelo-cras-espaco-da-cidadania-em-lajeado\/"]}]},{"@type":"ImageObject","inLanguage":"pt-BR","@id":"https:\/\/folhapopular.info\/index.php\/2022\/08\/19\/familias-afegas-sao-acolhidas-pelo-cras-espaco-da-cidadania-em-lajeado\/#primaryimage","url":"https:\/\/folhapopular.info\/wp-content\/uploads\/2022\/08\/Oficina-de-intercambio-cultural-2-scaled.jpg","contentUrl":"https:\/\/folhapopular.info\/wp-content\/uploads\/2022\/08\/Oficina-de-intercambio-cultural-2-scaled.jpg","width":2560,"height":1707,"caption":"Cr\u00e9dito: Laura Mallmann"},{"@type":"BreadcrumbList","@id":"https:\/\/folhapopular.info\/index.php\/2022\/08\/19\/familias-afegas-sao-acolhidas-pelo-cras-espaco-da-cidadania-em-lajeado\/#breadcrumb","itemListElement":[{"@type":"ListItem","position":1,"name":"In\u00edcio","item":"https:\/\/folhapopular.info\/"},{"@type":"ListItem","position":2,"name":"Fam\u00edlias afeg\u00e3s s\u00e3o acolhidas pelo CRAS Espa\u00e7o da Cidadania em Lajeado"}]},{"@type":"WebSite","@id":"https:\/\/folhapopular.info\/#website","url":"https:\/\/folhapopular.info\/","name":"Folha Popular","description":"Onde voc\u00ea tem vez e voz","potentialAction":[{"@type":"SearchAction","target":{"@type":"EntryPoint","urlTemplate":"https:\/\/folhapopular.info\/?s={search_term_string}"},"query-input":{"@type":"PropertyValueSpecification","valueRequired":true,"valueName":"search_term_string"}}],"inLanguage":"pt-BR"},{"@type":"Person","@id":"https:\/\/folhapopular.info\/#\/schema\/person\/2814e8a0df7643585a9ca38bc6eb9d4b","name":"Reda\u00e7\u00e3o Folha Popular","image":{"@type":"ImageObject","inLanguage":"pt-BR","@id":"https:\/\/folhapopular.info\/wp-content\/uploads\/2026\/04\/Folha-1.webp","url":"https:\/\/folhapopular.info\/wp-content\/uploads\/2026\/04\/Folha-1.webp","contentUrl":"https:\/\/folhapopular.info\/wp-content\/uploads\/2026\/04\/Folha-1.webp","caption":"Reda\u00e7\u00e3o Folha Popular"},"url":"https:\/\/folhapopular.info\/index.php\/author\/redacao\/"}]}},"jetpack_featured_media_url":"https:\/\/folhapopular.info\/wp-content\/uploads\/2022\/08\/Oficina-de-intercambio-cultural-2-scaled.jpg","jetpack_sharing_enabled":true,"amp_enabled":true,"_links":{"self":[{"href":"https:\/\/folhapopular.info\/index.php\/wp-json\/wp\/v2\/posts\/111053","targetHints":{"allow":["GET"]}}],"collection":[{"href":"https:\/\/folhapopular.info\/index.php\/wp-json\/wp\/v2\/posts"}],"about":[{"href":"https:\/\/folhapopular.info\/index.php\/wp-json\/wp\/v2\/types\/post"}],"author":[{"embeddable":true,"href":"https:\/\/folhapopular.info\/index.php\/wp-json\/wp\/v2\/users\/8"}],"replies":[{"embeddable":true,"href":"https:\/\/folhapopular.info\/index.php\/wp-json\/wp\/v2\/comments?post=111053"}],"version-history":[{"count":0,"href":"https:\/\/folhapopular.info\/index.php\/wp-json\/wp\/v2\/posts\/111053\/revisions"}],"wp:featuredmedia":[{"embeddable":true,"href":"https:\/\/folhapopular.info\/index.php\/wp-json\/wp\/v2\/media\/111054"}],"wp:attachment":[{"href":"https:\/\/folhapopular.info\/index.php\/wp-json\/wp\/v2\/media?parent=111053"}],"wp:term":[{"taxonomy":"category","embeddable":true,"href":"https:\/\/folhapopular.info\/index.php\/wp-json\/wp\/v2\/categories?post=111053"},{"taxonomy":"post_tag","embeddable":true,"href":"https:\/\/folhapopular.info\/index.php\/wp-json\/wp\/v2\/tags?post=111053"}],"curies":[{"name":"wp","href":"https:\/\/api.w.org\/{rel}","templated":true}]}}