{"id":111077,"date":"2022-08-19T11:25:40","date_gmt":"2022-08-19T14:25:40","guid":{"rendered":"https:\/\/folhapopular.info\/?p=111077"},"modified":"2022-08-19T11:25:44","modified_gmt":"2022-08-19T14:25:44","slug":"teutofight-tera-mais-de-20-lutas","status":"publish","type":"post","link":"https:\/\/folhapopular.info\/index.php\/2022\/08\/19\/teutofight-tera-mais-de-20-lutas\/","title":{"rendered":"Teutofight ter\u00e1 mais de 20 lutas"},"content":{"rendered":"\n<p>A comunidade teutoniense e da regi\u00e3o est\u00e3o em contagem regressiva para a 5\u00aa edi\u00e7\u00e3o do Teutofight. O lan\u00e7amento oficial aconteceu no dia 13 de agosto, na Cervejaria TeutoBier. Neste ano, mais de 20 lutas movimentar\u00e3o o Gin\u00e1sio da Associa\u00e7\u00e3o da \u00c1gua. Al\u00e9m disso, o evento contar\u00e1 com diversas atra\u00e7\u00f5es, como tatuagem com Elias Tatoo e brinquedos infl\u00e1veis para as crian\u00e7as.<\/p>\n\n\n\n<p>\u201cQueremos mostrar que as artes marciais s\u00e3o esportes saud\u00e1veis e para toda a fam\u00edlia prestigiar\u201d, destaca um dos organizadores, Dirlei Broenstrup.<\/p>\n\n\n\n<p>A 5\u00aa edi\u00e7\u00e3o do Teutofigh ser\u00e1 no dia 8 de outubro (s\u00e1bado). O evento, considerado internacional, ter\u00e1 competidores do Uruguai e da Argentina. O campeonato conta com apoio da Federa\u00e7\u00e3o Ga\u00facha de MMA.<\/p>\n\n\n\n<p><strong>Lutas do Teutofight<\/strong><\/p>\n\n\n\n<p><strong>Muay Thai\/K1<\/strong><br>Muay Thai at\u00e9 86 quilos \u2013 Gabriel Louren\u00e7o x Junior Alves<br>K1 Peso Pesado \u2013 Antony Ramon x Cristian Sicardi<br>K1 at\u00e9 83 quilos \u2013 Robson Werlang x Vinicius Rieger<br>Muay Thai at\u00e9 75 quilos \u2013 Ramon da Silva x Yago Correia da Silva<br>K1 at\u00e9 65 quilos \u2013 Gabriel Loeblein x Elenilson Morreira<br>K1 at\u00e9 40 quilos \u2013 Filipinho Alves x Luis Henrique Sohansky<br>K1 at\u00e9 63 quilos \u2013 Fani Carneiro x Isadora R\u00e9us<\/p>\n\n\n\n<p><strong>Jiu Jitsu\/Nogi<\/strong><br>No-Gi at\u00e9 90 quilos \u2013 Johnny Menezes x Rafael dos Anjos<br>Faixa preta at\u00e9 90 quilos \u2013 Maicon Gon\u00e7alves x Diogo Schossler<br>Faixa roxa at\u00e9 86 quilos \u2013 Lucas Quadros x Tiago Concei\u00e7\u00e3o<br>Faixa preta at\u00e9 80 quilos \u2013 Adilson Santos x Jardel Martins da Silva<br>Faixa preta at\u00e9 78 quilos \u2013 Ant\u00f4nio Marcos de Borba x Andr\u00e9 Crist\u00f3foli<br>No-Gi at\u00e9 75 quilos \u2013 Lucas Dorneles x Marciano da Rosa<br>Tiago Machado x Bruno Abreu<br>Faixa marrom at\u00e9 75 quilos \u2013 Cristian Matt x Jo\u00e3o Pereira<\/p>\n\n\n\n<p>At\u00e9 84 quilos\u2013 Sebasti\u00e3o Ferreira x Rafael Marreta<br>At\u00e9 77 quilos \u2013 Ariel Jaeger x Boaventura<br>At\u00e9 66 quilos \u2013 Cleiton Moraes x Alex Rodrigues<br>Peso pesado \u2013 Juliano da Rosa x Geison Alves<br>At\u00e9 61 quilos \u2013 Theilor Martinez x Lucas Pereira<br>At\u00e9 57 quilos\u2013 Adam Ferreira x Leandro Cassado<br>At\u00e9 57 quilos \u2013 Wagner Oliveira x Rafael Sanson<br>At\u00e9 77 quilos \u2013 Lucas Sanana x Jo\u00e3o Miguel<\/p>\n","protected":false},"excerpt":{"rendered":"<p>A comunidade teutoniense e da regi\u00e3o est\u00e3o em contagem regressiva para a 5\u00aa edi\u00e7\u00e3o do Teutofight. O lan\u00e7amento oficial aconteceu no dia 13 de agosto, na Cervejaria TeutoBier. Neste ano, mais de 20 lutas movimentar\u00e3o o Gin\u00e1sio da Associa\u00e7\u00e3o da \u00c1gua. Al\u00e9m disso, o evento contar\u00e1 com diversas atra\u00e7\u00f5es, como tatuagem com Elias Tatoo e [&hellip;]<\/p>\n","protected":false},"author":601,"featured_media":111078,"comment_status":"open","ping_status":"open","sticky":false,"template":"","format":"standard","meta":{"pmpro_default_level":"","_jetpack_memberships_contains_paid_content":false,"footnotes":""},"categories":[5],"tags":[8589,9797,1047,26],"class_list":{"0":"post-111077","1":"post","2":"type-post","3":"status-publish","4":"format-standard","5":"has-post-thumbnail","7":"category-esportes","8":"tag-5a-edicao","9":"tag-lutas","10":"tag-teutofight","11":"tag-teutonia","12":"pmpro-has-access"},"yoast_head":"<!-- This site is optimized with the Yoast SEO plugin v27.4 - https:\/\/yoast.com\/product\/yoast-seo-wordpress\/ -->\n<title>Teutofight ter\u00e1 mais de 20 lutas - Folha Popular<\/title>\n<meta name=\"robots\" content=\"index, follow, max-snippet:-1, max-image-preview:large, max-video-preview:-1\" \/>\n<link rel=\"canonical\" href=\"https:\/\/folhapopular.info\/index.php\/2022\/08\/19\/teutofight-tera-mais-de-20-lutas\/\" \/>\n<meta property=\"og:locale\" content=\"pt_BR\" \/>\n<meta property=\"og:type\" content=\"article\" \/>\n<meta property=\"og:title\" content=\"Teutofight ter\u00e1 mais de 20 lutas - Folha Popular\" \/>\n<meta property=\"og:description\" content=\"A comunidade teutoniense e da regi\u00e3o est\u00e3o em contagem regressiva para a 5\u00aa edi\u00e7\u00e3o do Teutofight. O lan\u00e7amento oficial aconteceu no dia 13 de agosto, na Cervejaria TeutoBier. Neste ano, mais de 20 lutas movimentar\u00e3o o Gin\u00e1sio da Associa\u00e7\u00e3o da \u00c1gua. Al\u00e9m disso, o evento contar\u00e1 com diversas atra\u00e7\u00f5es, como tatuagem com Elias Tatoo e [&hellip;]\" \/>\n<meta property=\"og:url\" content=\"https:\/\/folhapopular.info\/index.php\/2022\/08\/19\/teutofight-tera-mais-de-20-lutas\/\" \/>\n<meta property=\"og:site_name\" content=\"Folha Popular\" \/>\n<meta property=\"article:published_time\" content=\"2022-08-19T14:25:40+00:00\" \/>\n<meta property=\"article:modified_time\" content=\"2022-08-19T14:25:44+00:00\" \/>\n<meta property=\"og:image\" content=\"http:\/\/folhapopular.info\/wp-content\/uploads\/2022\/08\/ensaio-45-scaled.jpg\" \/>\n\t<meta property=\"og:image:width\" content=\"2560\" \/>\n\t<meta property=\"og:image:height\" content=\"1707\" \/>\n\t<meta property=\"og:image:type\" content=\"image\/jpeg\" \/>\n<meta name=\"author\" content=\"Carla Beckmann\" \/>\n<meta name=\"twitter:card\" content=\"summary_large_image\" \/>\n<meta name=\"twitter:label1\" content=\"Escrito por\" \/>\n\t<meta name=\"twitter:data1\" content=\"Carla Beckmann\" \/>\n\t<meta name=\"twitter:label2\" content=\"Est. tempo de leitura\" \/>\n\t<meta name=\"twitter:data2\" content=\"2 minutos\" \/>\n<script type=\"application\/ld+json\" class=\"yoast-schema-graph\">{\"@context\":\"https:\\\/\\\/schema.org\",\"@graph\":[{\"@type\":\"Article\",\"@id\":\"https:\\\/\\\/folhapopular.info\\\/index.php\\\/2022\\\/08\\\/19\\\/teutofight-tera-mais-de-20-lutas\\\/#article\",\"isPartOf\":{\"@id\":\"https:\\\/\\\/folhapopular.info\\\/index.php\\\/2022\\\/08\\\/19\\\/teutofight-tera-mais-de-20-lutas\\\/\"},\"author\":{\"name\":\"Carla Beckmann\",\"@id\":\"https:\\\/\\\/folhapopular.info\\\/#\\\/schema\\\/person\\\/c9138938e4781f3e1ca513f9bea5659c\"},\"headline\":\"Teutofight ter\u00e1 mais de 20 lutas\",\"datePublished\":\"2022-08-19T14:25:40+00:00\",\"dateModified\":\"2022-08-19T14:25:44+00:00\",\"mainEntityOfPage\":{\"@id\":\"https:\\\/\\\/folhapopular.info\\\/index.php\\\/2022\\\/08\\\/19\\\/teutofight-tera-mais-de-20-lutas\\\/\"},\"wordCount\":320,\"commentCount\":0,\"image\":{\"@id\":\"https:\\\/\\\/folhapopular.info\\\/index.php\\\/2022\\\/08\\\/19\\\/teutofight-tera-mais-de-20-lutas\\\/#primaryimage\"},\"thumbnailUrl\":\"https:\\\/\\\/folhapopular.info\\\/wp-content\\\/uploads\\\/2022\\\/08\\\/ensaio-45-scaled.jpg\",\"keywords\":[\"5\u00aa edi\u00e7\u00e3o\",\"Lutas\",\"TeutoFight\",\"Teut\u00f4nia\"],\"articleSection\":[\"Esportes\"],\"inLanguage\":\"pt-BR\",\"potentialAction\":[{\"@type\":\"CommentAction\",\"name\":\"Comment\",\"target\":[\"https:\\\/\\\/folhapopular.info\\\/index.php\\\/2022\\\/08\\\/19\\\/teutofight-tera-mais-de-20-lutas\\\/#respond\"]}]},{\"@type\":\"WebPage\",\"@id\":\"https:\\\/\\\/folhapopular.info\\\/index.php\\\/2022\\\/08\\\/19\\\/teutofight-tera-mais-de-20-lutas\\\/\",\"url\":\"https:\\\/\\\/folhapopular.info\\\/index.php\\\/2022\\\/08\\\/19\\\/teutofight-tera-mais-de-20-lutas\\\/\",\"name\":\"Teutofight ter\u00e1 mais de 20 lutas - Folha Popular\",\"isPartOf\":{\"@id\":\"https:\\\/\\\/folhapopular.info\\\/#website\"},\"primaryImageOfPage\":{\"@id\":\"https:\\\/\\\/folhapopular.info\\\/index.php\\\/2022\\\/08\\\/19\\\/teutofight-tera-mais-de-20-lutas\\\/#primaryimage\"},\"image\":{\"@id\":\"https:\\\/\\\/folhapopular.info\\\/index.php\\\/2022\\\/08\\\/19\\\/teutofight-tera-mais-de-20-lutas\\\/#primaryimage\"},\"thumbnailUrl\":\"https:\\\/\\\/folhapopular.info\\\/wp-content\\\/uploads\\\/2022\\\/08\\\/ensaio-45-scaled.jpg\",\"datePublished\":\"2022-08-19T14:25:40+00:00\",\"dateModified\":\"2022-08-19T14:25:44+00:00\",\"author\":{\"@id\":\"https:\\\/\\\/folhapopular.info\\\/#\\\/schema\\\/person\\\/c9138938e4781f3e1ca513f9bea5659c\"},\"breadcrumb\":{\"@id\":\"https:\\\/\\\/folhapopular.info\\\/index.php\\\/2022\\\/08\\\/19\\\/teutofight-tera-mais-de-20-lutas\\\/#breadcrumb\"},\"inLanguage\":\"pt-BR\",\"potentialAction\":[{\"@type\":\"ReadAction\",\"target\":[\"https:\\\/\\\/folhapopular.info\\\/index.php\\\/2022\\\/08\\\/19\\\/teutofight-tera-mais-de-20-lutas\\\/\"]}]},{\"@type\":\"ImageObject\",\"inLanguage\":\"pt-BR\",\"@id\":\"https:\\\/\\\/folhapopular.info\\\/index.php\\\/2022\\\/08\\\/19\\\/teutofight-tera-mais-de-20-lutas\\\/#primaryimage\",\"url\":\"https:\\\/\\\/folhapopular.info\\\/wp-content\\\/uploads\\\/2022\\\/08\\\/ensaio-45-scaled.jpg\",\"contentUrl\":\"https:\\\/\\\/folhapopular.info\\\/wp-content\\\/uploads\\\/2022\\\/08\\\/ensaio-45-scaled.jpg\",\"width\":2560,\"height\":1707,\"caption\":\"Alguns dos participantes da 5\u00aa edi\u00e7\u00e3o participaram do momento de lan\u00e7amento \\\/ Cr\u00e9dito: Markitandafotos \\\/ Divulga\u00e7\u00e3o\"},{\"@type\":\"BreadcrumbList\",\"@id\":\"https:\\\/\\\/folhapopular.info\\\/index.php\\\/2022\\\/08\\\/19\\\/teutofight-tera-mais-de-20-lutas\\\/#breadcrumb\",\"itemListElement\":[{\"@type\":\"ListItem\",\"position\":1,\"name\":\"In\u00edcio\",\"item\":\"https:\\\/\\\/folhapopular.info\\\/\"},{\"@type\":\"ListItem\",\"position\":2,\"name\":\"Teutofight ter\u00e1 mais de 20 lutas\"}]},{\"@type\":\"WebSite\",\"@id\":\"https:\\\/\\\/folhapopular.info\\\/#website\",\"url\":\"https:\\\/\\\/folhapopular.info\\\/\",\"name\":\"Folha Popular\",\"description\":\"Onde voc\u00ea tem vez e voz\",\"potentialAction\":[{\"@type\":\"SearchAction\",\"target\":{\"@type\":\"EntryPoint\",\"urlTemplate\":\"https:\\\/\\\/folhapopular.info\\\/?s={search_term_string}\"},\"query-input\":{\"@type\":\"PropertyValueSpecification\",\"valueRequired\":true,\"valueName\":\"search_term_string\"}}],\"inLanguage\":\"pt-BR\"},{\"@type\":\"Person\",\"@id\":\"https:\\\/\\\/folhapopular.info\\\/#\\\/schema\\\/person\\\/c9138938e4781f3e1ca513f9bea5659c\",\"name\":\"Carla Beckmann\",\"image\":{\"@type\":\"ImageObject\",\"inLanguage\":\"pt-BR\",\"@id\":\"https:\\\/\\\/secure.gravatar.com\\\/avatar\\\/790078f6ade9f70c31db5a673b88c15df0904c2847c456b3599f72843ac11eb9?s=96&d=mm&r=g\",\"url\":\"https:\\\/\\\/secure.gravatar.com\\\/avatar\\\/790078f6ade9f70c31db5a673b88c15df0904c2847c456b3599f72843ac11eb9?s=96&d=mm&r=g\",\"contentUrl\":\"https:\\\/\\\/secure.gravatar.com\\\/avatar\\\/790078f6ade9f70c31db5a673b88c15df0904c2847c456b3599f72843ac11eb9?s=96&d=mm&r=g\",\"caption\":\"Carla Beckmann\"},\"url\":\"https:\\\/\\\/folhapopular.info\\\/index.php\\\/author\\\/carlabeckmann03gmail-com\\\/\"}]}<\/script>\n<!-- \/ Yoast SEO plugin. -->","yoast_head_json":{"title":"Teutofight ter\u00e1 mais de 20 lutas - Folha Popular","robots":{"index":"index","follow":"follow","max-snippet":"max-snippet:-1","max-image-preview":"max-image-preview:large","max-video-preview":"max-video-preview:-1"},"canonical":"https:\/\/folhapopular.info\/index.php\/2022\/08\/19\/teutofight-tera-mais-de-20-lutas\/","og_locale":"pt_BR","og_type":"article","og_title":"Teutofight ter\u00e1 mais de 20 lutas - Folha Popular","og_description":"A comunidade teutoniense e da regi\u00e3o est\u00e3o em contagem regressiva para a 5\u00aa edi\u00e7\u00e3o do Teutofight. O lan\u00e7amento oficial aconteceu no dia 13 de agosto, na Cervejaria TeutoBier. Neste ano, mais de 20 lutas movimentar\u00e3o o Gin\u00e1sio da Associa\u00e7\u00e3o da \u00c1gua. Al\u00e9m disso, o evento contar\u00e1 com diversas atra\u00e7\u00f5es, como tatuagem com Elias Tatoo e [&hellip;]","og_url":"https:\/\/folhapopular.info\/index.php\/2022\/08\/19\/teutofight-tera-mais-de-20-lutas\/","og_site_name":"Folha Popular","article_published_time":"2022-08-19T14:25:40+00:00","article_modified_time":"2022-08-19T14:25:44+00:00","og_image":[{"width":2560,"height":1707,"url":"http:\/\/folhapopular.info\/wp-content\/uploads\/2022\/08\/ensaio-45-scaled.jpg","type":"image\/jpeg"}],"author":"Carla Beckmann","twitter_card":"summary_large_image","twitter_misc":{"Escrito por":"Carla Beckmann","Est. tempo de leitura":"2 minutos"},"schema":{"@context":"https:\/\/schema.org","@graph":[{"@type":"Article","@id":"https:\/\/folhapopular.info\/index.php\/2022\/08\/19\/teutofight-tera-mais-de-20-lutas\/#article","isPartOf":{"@id":"https:\/\/folhapopular.info\/index.php\/2022\/08\/19\/teutofight-tera-mais-de-20-lutas\/"},"author":{"name":"Carla Beckmann","@id":"https:\/\/folhapopular.info\/#\/schema\/person\/c9138938e4781f3e1ca513f9bea5659c"},"headline":"Teutofight ter\u00e1 mais de 20 lutas","datePublished":"2022-08-19T14:25:40+00:00","dateModified":"2022-08-19T14:25:44+00:00","mainEntityOfPage":{"@id":"https:\/\/folhapopular.info\/index.php\/2022\/08\/19\/teutofight-tera-mais-de-20-lutas\/"},"wordCount":320,"commentCount":0,"image":{"@id":"https:\/\/folhapopular.info\/index.php\/2022\/08\/19\/teutofight-tera-mais-de-20-lutas\/#primaryimage"},"thumbnailUrl":"https:\/\/folhapopular.info\/wp-content\/uploads\/2022\/08\/ensaio-45-scaled.jpg","keywords":["5\u00aa edi\u00e7\u00e3o","Lutas","TeutoFight","Teut\u00f4nia"],"articleSection":["Esportes"],"inLanguage":"pt-BR","potentialAction":[{"@type":"CommentAction","name":"Comment","target":["https:\/\/folhapopular.info\/index.php\/2022\/08\/19\/teutofight-tera-mais-de-20-lutas\/#respond"]}]},{"@type":"WebPage","@id":"https:\/\/folhapopular.info\/index.php\/2022\/08\/19\/teutofight-tera-mais-de-20-lutas\/","url":"https:\/\/folhapopular.info\/index.php\/2022\/08\/19\/teutofight-tera-mais-de-20-lutas\/","name":"Teutofight ter\u00e1 mais de 20 lutas - Folha Popular","isPartOf":{"@id":"https:\/\/folhapopular.info\/#website"},"primaryImageOfPage":{"@id":"https:\/\/folhapopular.info\/index.php\/2022\/08\/19\/teutofight-tera-mais-de-20-lutas\/#primaryimage"},"image":{"@id":"https:\/\/folhapopular.info\/index.php\/2022\/08\/19\/teutofight-tera-mais-de-20-lutas\/#primaryimage"},"thumbnailUrl":"https:\/\/folhapopular.info\/wp-content\/uploads\/2022\/08\/ensaio-45-scaled.jpg","datePublished":"2022-08-19T14:25:40+00:00","dateModified":"2022-08-19T14:25:44+00:00","author":{"@id":"https:\/\/folhapopular.info\/#\/schema\/person\/c9138938e4781f3e1ca513f9bea5659c"},"breadcrumb":{"@id":"https:\/\/folhapopular.info\/index.php\/2022\/08\/19\/teutofight-tera-mais-de-20-lutas\/#breadcrumb"},"inLanguage":"pt-BR","potentialAction":[{"@type":"ReadAction","target":["https:\/\/folhapopular.info\/index.php\/2022\/08\/19\/teutofight-tera-mais-de-20-lutas\/"]}]},{"@type":"ImageObject","inLanguage":"pt-BR","@id":"https:\/\/folhapopular.info\/index.php\/2022\/08\/19\/teutofight-tera-mais-de-20-lutas\/#primaryimage","url":"https:\/\/folhapopular.info\/wp-content\/uploads\/2022\/08\/ensaio-45-scaled.jpg","contentUrl":"https:\/\/folhapopular.info\/wp-content\/uploads\/2022\/08\/ensaio-45-scaled.jpg","width":2560,"height":1707,"caption":"Alguns dos participantes da 5\u00aa edi\u00e7\u00e3o participaram do momento de lan\u00e7amento \/ Cr\u00e9dito: Markitandafotos \/ Divulga\u00e7\u00e3o"},{"@type":"BreadcrumbList","@id":"https:\/\/folhapopular.info\/index.php\/2022\/08\/19\/teutofight-tera-mais-de-20-lutas\/#breadcrumb","itemListElement":[{"@type":"ListItem","position":1,"name":"In\u00edcio","item":"https:\/\/folhapopular.info\/"},{"@type":"ListItem","position":2,"name":"Teutofight ter\u00e1 mais de 20 lutas"}]},{"@type":"WebSite","@id":"https:\/\/folhapopular.info\/#website","url":"https:\/\/folhapopular.info\/","name":"Folha Popular","description":"Onde voc\u00ea tem vez e voz","potentialAction":[{"@type":"SearchAction","target":{"@type":"EntryPoint","urlTemplate":"https:\/\/folhapopular.info\/?s={search_term_string}"},"query-input":{"@type":"PropertyValueSpecification","valueRequired":true,"valueName":"search_term_string"}}],"inLanguage":"pt-BR"},{"@type":"Person","@id":"https:\/\/folhapopular.info\/#\/schema\/person\/c9138938e4781f3e1ca513f9bea5659c","name":"Carla Beckmann","image":{"@type":"ImageObject","inLanguage":"pt-BR","@id":"https:\/\/secure.gravatar.com\/avatar\/790078f6ade9f70c31db5a673b88c15df0904c2847c456b3599f72843ac11eb9?s=96&d=mm&r=g","url":"https:\/\/secure.gravatar.com\/avatar\/790078f6ade9f70c31db5a673b88c15df0904c2847c456b3599f72843ac11eb9?s=96&d=mm&r=g","contentUrl":"https:\/\/secure.gravatar.com\/avatar\/790078f6ade9f70c31db5a673b88c15df0904c2847c456b3599f72843ac11eb9?s=96&d=mm&r=g","caption":"Carla Beckmann"},"url":"https:\/\/folhapopular.info\/index.php\/author\/carlabeckmann03gmail-com\/"}]}},"jetpack_featured_media_url":"https:\/\/folhapopular.info\/wp-content\/uploads\/2022\/08\/ensaio-45-scaled.jpg","jetpack_sharing_enabled":true,"amp_enabled":true,"_links":{"self":[{"href":"https:\/\/folhapopular.info\/index.php\/wp-json\/wp\/v2\/posts\/111077","targetHints":{"allow":["GET"]}}],"collection":[{"href":"https:\/\/folhapopular.info\/index.php\/wp-json\/wp\/v2\/posts"}],"about":[{"href":"https:\/\/folhapopular.info\/index.php\/wp-json\/wp\/v2\/types\/post"}],"author":[{"embeddable":true,"href":"https:\/\/folhapopular.info\/index.php\/wp-json\/wp\/v2\/users\/601"}],"replies":[{"embeddable":true,"href":"https:\/\/folhapopular.info\/index.php\/wp-json\/wp\/v2\/comments?post=111077"}],"version-history":[{"count":0,"href":"https:\/\/folhapopular.info\/index.php\/wp-json\/wp\/v2\/posts\/111077\/revisions"}],"wp:featuredmedia":[{"embeddable":true,"href":"https:\/\/folhapopular.info\/index.php\/wp-json\/wp\/v2\/media\/111078"}],"wp:attachment":[{"href":"https:\/\/folhapopular.info\/index.php\/wp-json\/wp\/v2\/media?parent=111077"}],"wp:term":[{"taxonomy":"category","embeddable":true,"href":"https:\/\/folhapopular.info\/index.php\/wp-json\/wp\/v2\/categories?post=111077"},{"taxonomy":"post_tag","embeddable":true,"href":"https:\/\/folhapopular.info\/index.php\/wp-json\/wp\/v2\/tags?post=111077"}],"curies":[{"name":"wp","href":"https:\/\/api.w.org\/{rel}","templated":true}]}}