{"id":111113,"date":"2022-08-19T17:12:40","date_gmt":"2022-08-19T20:12:40","guid":{"rendered":"https:\/\/folhapopular.info\/?p=111113"},"modified":"2022-08-19T17:12:44","modified_gmt":"2022-08-19T20:12:44","slug":"1o-trofeu-westfalia-de-atletismo-reune-atletas-de-todo-o-estado","status":"publish","type":"post","link":"https:\/\/folhapopular.info\/index.php\/2022\/08\/19\/1o-trofeu-westfalia-de-atletismo-reune-atletas-de-todo-o-estado\/","title":{"rendered":"1\u00ba Trof\u00e9u Westf\u00e1lia de Atletismo re\u00fane atletas de todo o Estado"},"content":{"rendered":"\n<p>A 1\u00aa edi\u00e7\u00e3o do Trof\u00e9u Westf\u00e1lia de Atletismo reuniu a comunidade e mobilizou cerca de 300 atletas de todo o Rio Grande do Sul nas diversas provas de corrida, lan\u00e7amentos, arremessos e saltos. A pr\u00e1tica ocorreu no s\u00e1bado (13\/8), no Parque Municipal de Eventos.<\/p>\n\n\n\n<p>Dez equipes, de naipes feminino e masculino, estiveram representadas no evento esportivo, competindo em categorias Sub-12, Sub-14, Sub-16 e Sub-18. Esta foi a primeira programa\u00e7\u00e3o do g\u00eanero, em n\u00edvel estadual, sediada na Pista de Atletismo de Westf\u00e1lia, a qual atende as medidas oficiais das competi\u00e7\u00f5es, permitindo receber uma atividade deste porte.<\/p>\n\n\n\n<p>O coordenador do Departamento de Esportes, Lucas Alexandre Schwarz, avalia de forma positiva o evento. \u201cVer a nossa Pista de Atletismo repleta por atletas \u00e9 gratificante. Tudo transcorreu conforme o planejado e at\u00e9 ent\u00e3o temos recebido diversos elogios pela estrutura, o que motiva a j\u00e1 planejar a pr\u00f3xima edi\u00e7\u00e3o, que deve ser ainda maior. Um agradecimento especial \u00e0 comunidade westfaliana, que circulou durante todo o dia para prestigiar a programa\u00e7\u00e3o\u201d, agradece.<\/p>\n\n\n\n<p>A secret\u00e1ria de Educa\u00e7\u00e3o, Cultura, Turismo e Desporto, Elisangela Schneider Wieth\u00f6lter, considera ser motivo de orgulho, para Westf\u00e1lia, contar com a uma Pista de Atletismo que sediou o evento. \u201cPara a Administra\u00e7\u00e3o P\u00fablica, \u00e9 motivo de orgulho e satisfa\u00e7\u00e3o ver este espa\u00e7o repleto por atletas, alunos, adolescentes e crian\u00e7as praticando diversas modalidades do esporte. Nos orgulha ter este espa\u00e7o para a pr\u00e1tica da atividade f\u00edsica. Temos percebido, inclusive, que a nossa comunidade tem usufru\u00eddo deste local cada vez mais, tanto para a corrida quanto para a caminhada\u201d, destaca.<\/p>\n\n\n\n<p>O 1\u00ba Trof\u00e9u Westf\u00e1lia de Atletismo foi uma organiza\u00e7\u00e3o da Secretaria de Educa\u00e7\u00e3o, Cultura, Turismo e Desporto (SMEC) de Westf\u00e1lia, com apoio da Federa\u00e7\u00e3o de Atletismo do Estado do Rio Grande do Sul (Faergs).<\/p>\n\n\n\n<p><strong>Experi\u00eancias que ficam na mem\u00f3ria<\/strong><br>Jaqueline Weber integra a Sele\u00e7\u00e3o Brasileira de Atletismo. Foi em competi\u00e7\u00f5es escolares que ela iniciou a sua caminhada no atletismo. \u201cAdquirir experi\u00eancias, conhecer novas pessoas, ter contato com pessoas de outros lugares s\u00e3o viv\u00eancias \u00fanicas e imprescind\u00edveis para o desenvolvimento de cada um deles. Que possamos estar aqui outras vezes, para desfrutar de todas essas sensa\u00e7\u00f5es que as competi\u00e7\u00f5es trazem para os mais novos\u201d, enaltece a atleta, parabenizando o Munic\u00edpio pela iniciativa e organiza\u00e7\u00e3o.<\/p>\n","protected":false},"excerpt":{"rendered":"<p>A 1\u00aa edi\u00e7\u00e3o do Trof\u00e9u Westf\u00e1lia de Atletismo reuniu a comunidade e mobilizou cerca de 300 atletas de todo o Rio Grande do Sul nas diversas provas de corrida, lan\u00e7amentos, arremessos e saltos. A pr\u00e1tica ocorreu no s\u00e1bado (13\/8), no Parque Municipal de Eventos. Dez equipes, de naipes feminino e masculino, estiveram representadas no evento [&hellip;]<\/p>\n","protected":false},"author":8,"featured_media":111114,"comment_status":"open","ping_status":"open","sticky":false,"template":"","format":"standard","meta":{"pmpro_default_level":"","_jetpack_memberships_contains_paid_content":false,"footnotes":""},"categories":[2,3],"tags":[80,1794,9489,25],"class_list":{"0":"post-111113","1":"post","2":"type-post","3":"status-publish","4":"format-standard","5":"has-post-thumbnail","7":"category-featured","8":"category-geral","9":"tag-atletismo","10":"tag-rio-grande-do-sul","11":"tag-trofeu-de-atletismo","12":"tag-westfalia","13":"pmpro-has-access"},"yoast_head":"<!-- This site is optimized with the Yoast SEO plugin v27.5 - https:\/\/yoast.com\/product\/yoast-seo-wordpress\/ -->\n<title>1\u00ba Trof\u00e9u Westf\u00e1lia de Atletismo re\u00fane atletas de todo o Estado - Folha Popular<\/title>\n<meta name=\"robots\" content=\"index, follow, max-snippet:-1, max-image-preview:large, max-video-preview:-1\" \/>\n<link rel=\"canonical\" href=\"https:\/\/folhapopular.info\/index.php\/2022\/08\/19\/1o-trofeu-westfalia-de-atletismo-reune-atletas-de-todo-o-estado\/\" \/>\n<meta property=\"og:locale\" content=\"pt_BR\" \/>\n<meta property=\"og:type\" content=\"article\" \/>\n<meta property=\"og:title\" content=\"1\u00ba Trof\u00e9u Westf\u00e1lia de Atletismo re\u00fane atletas de todo o Estado - Folha Popular\" \/>\n<meta property=\"og:description\" content=\"A 1\u00aa edi\u00e7\u00e3o do Trof\u00e9u Westf\u00e1lia de Atletismo reuniu a comunidade e mobilizou cerca de 300 atletas de todo o Rio Grande do Sul nas diversas provas de corrida, lan\u00e7amentos, arremessos e saltos. A pr\u00e1tica ocorreu no s\u00e1bado (13\/8), no Parque Municipal de Eventos. Dez equipes, de naipes feminino e masculino, estiveram representadas no evento [&hellip;]\" \/>\n<meta property=\"og:url\" content=\"https:\/\/folhapopular.info\/index.php\/2022\/08\/19\/1o-trofeu-westfalia-de-atletismo-reune-atletas-de-todo-o-estado\/\" \/>\n<meta property=\"og:site_name\" content=\"Folha Popular\" \/>\n<meta property=\"article:published_time\" content=\"2022-08-19T20:12:40+00:00\" \/>\n<meta property=\"article:modified_time\" content=\"2022-08-19T20:12:44+00:00\" \/>\n<meta property=\"og:image\" content=\"http:\/\/folhapopular.info\/wp-content\/uploads\/2022\/08\/1o-Trofeu-de-Westfalia-de-Atletismo-foi-realizado-no-sabado-dia-13-de-agosto_PDV-scaled-e1660939758433.jpg\" \/>\n\t<meta property=\"og:image:width\" content=\"1200\" \/>\n\t<meta property=\"og:image:height\" content=\"802\" \/>\n\t<meta property=\"og:image:type\" content=\"image\/jpeg\" \/>\n<meta name=\"author\" content=\"Reda\u00e7\u00e3o Folha Popular\" \/>\n<meta name=\"twitter:card\" content=\"summary_large_image\" \/>\n<meta name=\"twitter:label1\" content=\"Escrito por\" \/>\n\t<meta name=\"twitter:data1\" content=\"Reda\u00e7\u00e3o Folha Popular\" \/>\n\t<meta name=\"twitter:label2\" content=\"Est. tempo de leitura\" \/>\n\t<meta name=\"twitter:data2\" content=\"3 minutos\" \/>\n<script type=\"application\/ld+json\" class=\"yoast-schema-graph\">{\"@context\":\"https:\\\/\\\/schema.org\",\"@graph\":[{\"@type\":\"Article\",\"@id\":\"https:\\\/\\\/folhapopular.info\\\/index.php\\\/2022\\\/08\\\/19\\\/1o-trofeu-westfalia-de-atletismo-reune-atletas-de-todo-o-estado\\\/#article\",\"isPartOf\":{\"@id\":\"https:\\\/\\\/folhapopular.info\\\/index.php\\\/2022\\\/08\\\/19\\\/1o-trofeu-westfalia-de-atletismo-reune-atletas-de-todo-o-estado\\\/\"},\"author\":{\"name\":\"Reda\u00e7\u00e3o Folha Popular\",\"@id\":\"https:\\\/\\\/folhapopular.info\\\/#\\\/schema\\\/person\\\/2814e8a0df7643585a9ca38bc6eb9d4b\"},\"headline\":\"1\u00ba Trof\u00e9u Westf\u00e1lia de Atletismo re\u00fane atletas de todo o Estado\",\"datePublished\":\"2022-08-19T20:12:40+00:00\",\"dateModified\":\"2022-08-19T20:12:44+00:00\",\"mainEntityOfPage\":{\"@id\":\"https:\\\/\\\/folhapopular.info\\\/index.php\\\/2022\\\/08\\\/19\\\/1o-trofeu-westfalia-de-atletismo-reune-atletas-de-todo-o-estado\\\/\"},\"wordCount\":419,\"commentCount\":0,\"image\":{\"@id\":\"https:\\\/\\\/folhapopular.info\\\/index.php\\\/2022\\\/08\\\/19\\\/1o-trofeu-westfalia-de-atletismo-reune-atletas-de-todo-o-estado\\\/#primaryimage\"},\"thumbnailUrl\":\"https:\\\/\\\/folhapopular.info\\\/wp-content\\\/uploads\\\/2022\\\/08\\\/1o-Trofeu-de-Westfalia-de-Atletismo-foi-realizado-no-sabado-dia-13-de-agosto_PDV-scaled-e1660939758433.jpg\",\"keywords\":[\"Atletismo\",\"Rio Grande do Sul\",\"Trof\u00e9u de Atletismo\",\"Westf\u00e1lia\"],\"articleSection\":[\"Destaques\",\"Geral\"],\"inLanguage\":\"pt-BR\",\"potentialAction\":[{\"@type\":\"CommentAction\",\"name\":\"Comment\",\"target\":[\"https:\\\/\\\/folhapopular.info\\\/index.php\\\/2022\\\/08\\\/19\\\/1o-trofeu-westfalia-de-atletismo-reune-atletas-de-todo-o-estado\\\/#respond\"]}]},{\"@type\":\"WebPage\",\"@id\":\"https:\\\/\\\/folhapopular.info\\\/index.php\\\/2022\\\/08\\\/19\\\/1o-trofeu-westfalia-de-atletismo-reune-atletas-de-todo-o-estado\\\/\",\"url\":\"https:\\\/\\\/folhapopular.info\\\/index.php\\\/2022\\\/08\\\/19\\\/1o-trofeu-westfalia-de-atletismo-reune-atletas-de-todo-o-estado\\\/\",\"name\":\"1\u00ba Trof\u00e9u Westf\u00e1lia de Atletismo re\u00fane atletas de todo o Estado - Folha Popular\",\"isPartOf\":{\"@id\":\"https:\\\/\\\/folhapopular.info\\\/#website\"},\"primaryImageOfPage\":{\"@id\":\"https:\\\/\\\/folhapopular.info\\\/index.php\\\/2022\\\/08\\\/19\\\/1o-trofeu-westfalia-de-atletismo-reune-atletas-de-todo-o-estado\\\/#primaryimage\"},\"image\":{\"@id\":\"https:\\\/\\\/folhapopular.info\\\/index.php\\\/2022\\\/08\\\/19\\\/1o-trofeu-westfalia-de-atletismo-reune-atletas-de-todo-o-estado\\\/#primaryimage\"},\"thumbnailUrl\":\"https:\\\/\\\/folhapopular.info\\\/wp-content\\\/uploads\\\/2022\\\/08\\\/1o-Trofeu-de-Westfalia-de-Atletismo-foi-realizado-no-sabado-dia-13-de-agosto_PDV-scaled-e1660939758433.jpg\",\"datePublished\":\"2022-08-19T20:12:40+00:00\",\"dateModified\":\"2022-08-19T20:12:44+00:00\",\"author\":{\"@id\":\"https:\\\/\\\/folhapopular.info\\\/#\\\/schema\\\/person\\\/2814e8a0df7643585a9ca38bc6eb9d4b\"},\"breadcrumb\":{\"@id\":\"https:\\\/\\\/folhapopular.info\\\/index.php\\\/2022\\\/08\\\/19\\\/1o-trofeu-westfalia-de-atletismo-reune-atletas-de-todo-o-estado\\\/#breadcrumb\"},\"inLanguage\":\"pt-BR\",\"potentialAction\":[{\"@type\":\"ReadAction\",\"target\":[\"https:\\\/\\\/folhapopular.info\\\/index.php\\\/2022\\\/08\\\/19\\\/1o-trofeu-westfalia-de-atletismo-reune-atletas-de-todo-o-estado\\\/\"]}]},{\"@type\":\"ImageObject\",\"inLanguage\":\"pt-BR\",\"@id\":\"https:\\\/\\\/folhapopular.info\\\/index.php\\\/2022\\\/08\\\/19\\\/1o-trofeu-westfalia-de-atletismo-reune-atletas-de-todo-o-estado\\\/#primaryimage\",\"url\":\"https:\\\/\\\/folhapopular.info\\\/wp-content\\\/uploads\\\/2022\\\/08\\\/1o-Trofeu-de-Westfalia-de-Atletismo-foi-realizado-no-sabado-dia-13-de-agosto_PDV-scaled-e1660939758433.jpg\",\"contentUrl\":\"https:\\\/\\\/folhapopular.info\\\/wp-content\\\/uploads\\\/2022\\\/08\\\/1o-Trofeu-de-Westfalia-de-Atletismo-foi-realizado-no-sabado-dia-13-de-agosto_PDV-scaled-e1660939758433.jpg\",\"width\":1200,\"height\":802,\"caption\":\"Cr\u00e9dito: Paloma Driemeyer Valandro \\\/ AI \\\/ Divulga\u00e7\u00e3o\"},{\"@type\":\"BreadcrumbList\",\"@id\":\"https:\\\/\\\/folhapopular.info\\\/index.php\\\/2022\\\/08\\\/19\\\/1o-trofeu-westfalia-de-atletismo-reune-atletas-de-todo-o-estado\\\/#breadcrumb\",\"itemListElement\":[{\"@type\":\"ListItem\",\"position\":1,\"name\":\"In\u00edcio\",\"item\":\"https:\\\/\\\/folhapopular.info\\\/\"},{\"@type\":\"ListItem\",\"position\":2,\"name\":\"1\u00ba Trof\u00e9u Westf\u00e1lia de Atletismo re\u00fane atletas de todo o Estado\"}]},{\"@type\":\"WebSite\",\"@id\":\"https:\\\/\\\/folhapopular.info\\\/#website\",\"url\":\"https:\\\/\\\/folhapopular.info\\\/\",\"name\":\"Folha Popular\",\"description\":\"Onde voc\u00ea tem vez e voz\",\"potentialAction\":[{\"@type\":\"SearchAction\",\"target\":{\"@type\":\"EntryPoint\",\"urlTemplate\":\"https:\\\/\\\/folhapopular.info\\\/?s={search_term_string}\"},\"query-input\":{\"@type\":\"PropertyValueSpecification\",\"valueRequired\":true,\"valueName\":\"search_term_string\"}}],\"inLanguage\":\"pt-BR\"},{\"@type\":\"Person\",\"@id\":\"https:\\\/\\\/folhapopular.info\\\/#\\\/schema\\\/person\\\/2814e8a0df7643585a9ca38bc6eb9d4b\",\"name\":\"Reda\u00e7\u00e3o Folha Popular\",\"image\":{\"@type\":\"ImageObject\",\"inLanguage\":\"pt-BR\",\"@id\":\"https:\\\/\\\/folhapopular.info\\\/wp-content\\\/uploads\\\/2026\\\/04\\\/Folha-1.webp\",\"url\":\"https:\\\/\\\/folhapopular.info\\\/wp-content\\\/uploads\\\/2026\\\/04\\\/Folha-1.webp\",\"contentUrl\":\"https:\\\/\\\/folhapopular.info\\\/wp-content\\\/uploads\\\/2026\\\/04\\\/Folha-1.webp\",\"caption\":\"Reda\u00e7\u00e3o Folha Popular\"},\"url\":\"https:\\\/\\\/folhapopular.info\\\/index.php\\\/author\\\/redacao\\\/\"}]}<\/script>\n<!-- \/ Yoast SEO plugin. -->","yoast_head_json":{"title":"1\u00ba Trof\u00e9u Westf\u00e1lia de Atletismo re\u00fane atletas de todo o Estado - Folha Popular","robots":{"index":"index","follow":"follow","max-snippet":"max-snippet:-1","max-image-preview":"max-image-preview:large","max-video-preview":"max-video-preview:-1"},"canonical":"https:\/\/folhapopular.info\/index.php\/2022\/08\/19\/1o-trofeu-westfalia-de-atletismo-reune-atletas-de-todo-o-estado\/","og_locale":"pt_BR","og_type":"article","og_title":"1\u00ba Trof\u00e9u Westf\u00e1lia de Atletismo re\u00fane atletas de todo o Estado - Folha Popular","og_description":"A 1\u00aa edi\u00e7\u00e3o do Trof\u00e9u Westf\u00e1lia de Atletismo reuniu a comunidade e mobilizou cerca de 300 atletas de todo o Rio Grande do Sul nas diversas provas de corrida, lan\u00e7amentos, arremessos e saltos. A pr\u00e1tica ocorreu no s\u00e1bado (13\/8), no Parque Municipal de Eventos. Dez equipes, de naipes feminino e masculino, estiveram representadas no evento [&hellip;]","og_url":"https:\/\/folhapopular.info\/index.php\/2022\/08\/19\/1o-trofeu-westfalia-de-atletismo-reune-atletas-de-todo-o-estado\/","og_site_name":"Folha Popular","article_published_time":"2022-08-19T20:12:40+00:00","article_modified_time":"2022-08-19T20:12:44+00:00","og_image":[{"width":1200,"height":802,"url":"http:\/\/folhapopular.info\/wp-content\/uploads\/2022\/08\/1o-Trofeu-de-Westfalia-de-Atletismo-foi-realizado-no-sabado-dia-13-de-agosto_PDV-scaled-e1660939758433.jpg","type":"image\/jpeg"}],"author":"Reda\u00e7\u00e3o Folha Popular","twitter_card":"summary_large_image","twitter_misc":{"Escrito por":"Reda\u00e7\u00e3o Folha Popular","Est. tempo de leitura":"3 minutos"},"schema":{"@context":"https:\/\/schema.org","@graph":[{"@type":"Article","@id":"https:\/\/folhapopular.info\/index.php\/2022\/08\/19\/1o-trofeu-westfalia-de-atletismo-reune-atletas-de-todo-o-estado\/#article","isPartOf":{"@id":"https:\/\/folhapopular.info\/index.php\/2022\/08\/19\/1o-trofeu-westfalia-de-atletismo-reune-atletas-de-todo-o-estado\/"},"author":{"name":"Reda\u00e7\u00e3o Folha Popular","@id":"https:\/\/folhapopular.info\/#\/schema\/person\/2814e8a0df7643585a9ca38bc6eb9d4b"},"headline":"1\u00ba Trof\u00e9u Westf\u00e1lia de Atletismo re\u00fane atletas de todo o Estado","datePublished":"2022-08-19T20:12:40+00:00","dateModified":"2022-08-19T20:12:44+00:00","mainEntityOfPage":{"@id":"https:\/\/folhapopular.info\/index.php\/2022\/08\/19\/1o-trofeu-westfalia-de-atletismo-reune-atletas-de-todo-o-estado\/"},"wordCount":419,"commentCount":0,"image":{"@id":"https:\/\/folhapopular.info\/index.php\/2022\/08\/19\/1o-trofeu-westfalia-de-atletismo-reune-atletas-de-todo-o-estado\/#primaryimage"},"thumbnailUrl":"https:\/\/folhapopular.info\/wp-content\/uploads\/2022\/08\/1o-Trofeu-de-Westfalia-de-Atletismo-foi-realizado-no-sabado-dia-13-de-agosto_PDV-scaled-e1660939758433.jpg","keywords":["Atletismo","Rio Grande do Sul","Trof\u00e9u de Atletismo","Westf\u00e1lia"],"articleSection":["Destaques","Geral"],"inLanguage":"pt-BR","potentialAction":[{"@type":"CommentAction","name":"Comment","target":["https:\/\/folhapopular.info\/index.php\/2022\/08\/19\/1o-trofeu-westfalia-de-atletismo-reune-atletas-de-todo-o-estado\/#respond"]}]},{"@type":"WebPage","@id":"https:\/\/folhapopular.info\/index.php\/2022\/08\/19\/1o-trofeu-westfalia-de-atletismo-reune-atletas-de-todo-o-estado\/","url":"https:\/\/folhapopular.info\/index.php\/2022\/08\/19\/1o-trofeu-westfalia-de-atletismo-reune-atletas-de-todo-o-estado\/","name":"1\u00ba Trof\u00e9u Westf\u00e1lia de Atletismo re\u00fane atletas de todo o Estado - Folha Popular","isPartOf":{"@id":"https:\/\/folhapopular.info\/#website"},"primaryImageOfPage":{"@id":"https:\/\/folhapopular.info\/index.php\/2022\/08\/19\/1o-trofeu-westfalia-de-atletismo-reune-atletas-de-todo-o-estado\/#primaryimage"},"image":{"@id":"https:\/\/folhapopular.info\/index.php\/2022\/08\/19\/1o-trofeu-westfalia-de-atletismo-reune-atletas-de-todo-o-estado\/#primaryimage"},"thumbnailUrl":"https:\/\/folhapopular.info\/wp-content\/uploads\/2022\/08\/1o-Trofeu-de-Westfalia-de-Atletismo-foi-realizado-no-sabado-dia-13-de-agosto_PDV-scaled-e1660939758433.jpg","datePublished":"2022-08-19T20:12:40+00:00","dateModified":"2022-08-19T20:12:44+00:00","author":{"@id":"https:\/\/folhapopular.info\/#\/schema\/person\/2814e8a0df7643585a9ca38bc6eb9d4b"},"breadcrumb":{"@id":"https:\/\/folhapopular.info\/index.php\/2022\/08\/19\/1o-trofeu-westfalia-de-atletismo-reune-atletas-de-todo-o-estado\/#breadcrumb"},"inLanguage":"pt-BR","potentialAction":[{"@type":"ReadAction","target":["https:\/\/folhapopular.info\/index.php\/2022\/08\/19\/1o-trofeu-westfalia-de-atletismo-reune-atletas-de-todo-o-estado\/"]}]},{"@type":"ImageObject","inLanguage":"pt-BR","@id":"https:\/\/folhapopular.info\/index.php\/2022\/08\/19\/1o-trofeu-westfalia-de-atletismo-reune-atletas-de-todo-o-estado\/#primaryimage","url":"https:\/\/folhapopular.info\/wp-content\/uploads\/2022\/08\/1o-Trofeu-de-Westfalia-de-Atletismo-foi-realizado-no-sabado-dia-13-de-agosto_PDV-scaled-e1660939758433.jpg","contentUrl":"https:\/\/folhapopular.info\/wp-content\/uploads\/2022\/08\/1o-Trofeu-de-Westfalia-de-Atletismo-foi-realizado-no-sabado-dia-13-de-agosto_PDV-scaled-e1660939758433.jpg","width":1200,"height":802,"caption":"Cr\u00e9dito: Paloma Driemeyer Valandro \/ AI \/ Divulga\u00e7\u00e3o"},{"@type":"BreadcrumbList","@id":"https:\/\/folhapopular.info\/index.php\/2022\/08\/19\/1o-trofeu-westfalia-de-atletismo-reune-atletas-de-todo-o-estado\/#breadcrumb","itemListElement":[{"@type":"ListItem","position":1,"name":"In\u00edcio","item":"https:\/\/folhapopular.info\/"},{"@type":"ListItem","position":2,"name":"1\u00ba Trof\u00e9u Westf\u00e1lia de Atletismo re\u00fane atletas de todo o Estado"}]},{"@type":"WebSite","@id":"https:\/\/folhapopular.info\/#website","url":"https:\/\/folhapopular.info\/","name":"Folha Popular","description":"Onde voc\u00ea tem vez e voz","potentialAction":[{"@type":"SearchAction","target":{"@type":"EntryPoint","urlTemplate":"https:\/\/folhapopular.info\/?s={search_term_string}"},"query-input":{"@type":"PropertyValueSpecification","valueRequired":true,"valueName":"search_term_string"}}],"inLanguage":"pt-BR"},{"@type":"Person","@id":"https:\/\/folhapopular.info\/#\/schema\/person\/2814e8a0df7643585a9ca38bc6eb9d4b","name":"Reda\u00e7\u00e3o Folha Popular","image":{"@type":"ImageObject","inLanguage":"pt-BR","@id":"https:\/\/folhapopular.info\/wp-content\/uploads\/2026\/04\/Folha-1.webp","url":"https:\/\/folhapopular.info\/wp-content\/uploads\/2026\/04\/Folha-1.webp","contentUrl":"https:\/\/folhapopular.info\/wp-content\/uploads\/2026\/04\/Folha-1.webp","caption":"Reda\u00e7\u00e3o Folha Popular"},"url":"https:\/\/folhapopular.info\/index.php\/author\/redacao\/"}]}},"jetpack_featured_media_url":"https:\/\/folhapopular.info\/wp-content\/uploads\/2022\/08\/1o-Trofeu-de-Westfalia-de-Atletismo-foi-realizado-no-sabado-dia-13-de-agosto_PDV-scaled-e1660939758433.jpg","jetpack_sharing_enabled":true,"amp_enabled":true,"_links":{"self":[{"href":"https:\/\/folhapopular.info\/index.php\/wp-json\/wp\/v2\/posts\/111113","targetHints":{"allow":["GET"]}}],"collection":[{"href":"https:\/\/folhapopular.info\/index.php\/wp-json\/wp\/v2\/posts"}],"about":[{"href":"https:\/\/folhapopular.info\/index.php\/wp-json\/wp\/v2\/types\/post"}],"author":[{"embeddable":true,"href":"https:\/\/folhapopular.info\/index.php\/wp-json\/wp\/v2\/users\/8"}],"replies":[{"embeddable":true,"href":"https:\/\/folhapopular.info\/index.php\/wp-json\/wp\/v2\/comments?post=111113"}],"version-history":[{"count":0,"href":"https:\/\/folhapopular.info\/index.php\/wp-json\/wp\/v2\/posts\/111113\/revisions"}],"wp:featuredmedia":[{"embeddable":true,"href":"https:\/\/folhapopular.info\/index.php\/wp-json\/wp\/v2\/media\/111114"}],"wp:attachment":[{"href":"https:\/\/folhapopular.info\/index.php\/wp-json\/wp\/v2\/media?parent=111113"}],"wp:term":[{"taxonomy":"category","embeddable":true,"href":"https:\/\/folhapopular.info\/index.php\/wp-json\/wp\/v2\/categories?post=111113"},{"taxonomy":"post_tag","embeddable":true,"href":"https:\/\/folhapopular.info\/index.php\/wp-json\/wp\/v2\/tags?post=111113"}],"curies":[{"name":"wp","href":"https:\/\/api.w.org\/{rel}","templated":true}]}}