{"id":111218,"date":"2022-08-21T18:31:56","date_gmt":"2022-08-21T21:31:56","guid":{"rendered":"https:\/\/folhapopular.info\/?p=111218"},"modified":"2022-08-21T18:32:05","modified_gmt":"2022-08-21T21:32:05","slug":"serie-b-do-regional-tem-primeira-rodada","status":"publish","type":"post","link":"https:\/\/folhapopular.info\/index.php\/2022\/08\/21\/serie-b-do-regional-tem-primeira-rodada\/","title":{"rendered":"S\u00e9rie B do Regional tem primeira rodada"},"content":{"rendered":"\n<p>Iniciou neste domingo (21\/8), a S\u00e9rie B da 23\u00aa Copa Certel Sicredi &#8211; Regional Aslivata 2022. A S\u00e9rie B \u00e9 dividida em duas disputas: Regi\u00e3o Alta e Regi\u00e3o Baixa. Confira os resultados.<\/p>\n\n\n\n<p><strong>Regi\u00e3o Baixa<\/strong><\/p>\n\n\n\n<p>Os jogos da regi\u00e3o baixa foram realizados em Roca Sales. Abrindo a tarde de jogos, Uni\u00e3o da Germano enfrentou o Nova Berlim. Vit\u00f3ria do Nova Berlim por 5 a 4.<\/p>\n\n\n\n<p>O segundo jogo da tarde foi entre Botafogo e Rudibar, que ficaram no empate em 3 a 1.<\/p>\n\n\n\n<p><strong>S\u00e9rie B &#8211; Regi\u00e3o Baixa<\/strong><\/p>\n\n\n\n<figure class=\"wp-block-table\"><table><tbody><tr><td>1\u00aa rodada &#8211; 21\/08<\/td><td><\/td><td><\/td><td><\/td><td><\/td><td><\/td><td><\/td><\/tr><tr><td>Hora<\/td><td>Local<\/td><td><\/td><td>Titulares<\/td><td><\/td><\/tr><tr><td>13:30<\/td><td>Const\u00e2ncia &#8211; Roca Sales<\/td><td>Uni\u00e3o-G<\/td><td>4<\/td><td>x<\/td><td>5<\/td><td>Nova Berlim<\/td><\/tr><tr><td>15:30<\/td><td>Const\u00e2ncia &#8211; Roca Sales<\/td><td>Botafogo-MD<\/td><td>3<\/td><td>x<\/td><td>3<\/td><td>Rudibar<\/td><\/tr><tr><td><\/td><td><\/td><td>Folgam: Bom Fim e Igrejinha<\/td><td><\/td><td><\/td><td><\/td><td><\/td><\/tr><\/tbody><\/table><\/figure>\n\n\n\n<figure class=\"wp-block-table\"><table><tbody><tr><td>Classifica\u00e7\u00e3o<\/td><td><\/td><\/tr><tr><td><\/td><td>EQUIPES<\/td><td>PG<\/td><td>J<\/td><td>V<\/td><td>E<\/td><td>D<\/td><td>GP<\/td><td>GS<\/td><td>SG<\/td><td>%<\/td><td>DI<\/td><\/tr><tr><td>1\u00ba<\/td><td>Nova Berlim (Canudos do Vale)<\/td><td>3<\/td><td>1<\/td><td>1<\/td><td>0<\/td><td>0<\/td><td>5<\/td><td>4<\/td><td>1<\/td><td>100<\/td><td><\/td><\/tr><tr><td>2\u00ba<\/td><td>Botafogo-MD (Roca Sales)<\/td><td>1<\/td><td>1<\/td><td>0<\/td><td>1<\/td><td>0<\/td><td>3<\/td><td>3<\/td><td>0<\/td><td>33<\/td><td><\/td><\/tr><tr><td>3\u00ba<\/td><td>Rudibar (Bom Retiro do Sul)<\/td><td>1<\/td><td>1<\/td><td>0<\/td><td>1<\/td><td>0<\/td><td>3<\/td><td>3<\/td><td>0<\/td><td>33<\/td><td><\/td><\/tr><tr><td>4\u00ba<\/td><td>Uni\u00e3o-G (Teut\u00f4nia)<\/td><td>0<\/td><td>1<\/td><td>0<\/td><td>0<\/td><td>1<\/td><td>4<\/td><td>5<\/td><td>-1<\/td><td>0<\/td><td><\/td><\/tr><tr><td>5\u00ba<\/td><td>Bom Fim (Cruzeiro do Sul)<\/td><td>0<\/td><td>0<\/td><td><\/td><td><\/td><td><\/td><td><\/td><td><\/td><td><\/td><td><\/td><td><\/td><\/tr><tr><td>6\u00ba<\/td><td>Igrejinha (Lajeado)<\/td><td>0<\/td><td>0<\/td><td><\/td><td><\/td><td><\/td><td><\/td><td><\/td><td><\/td><td><\/td><td><\/td><\/tr><\/tbody><\/table><\/figure>\n\n\n\n<p><strong>Regi\u00e3o Alta<\/strong><\/p>\n\n\n\n<p>Pela regi\u00e3o alta os jogos aconteceram em Nova Br\u00e9scia. Abrindo os jogos, o Ca\u00e7ador &#8220;A&#8221; perdeu para o Juventus: 1 a 0.<\/p>\n\n\n\n<p>No segundo jogo, o Ca\u00e7ador &#8220;B&#8221; venceu o Relvado por 3 a 0.<\/p>\n\n\n\n<p><strong>S\u00e9rie B &#8211; Regi\u00e3o Alta<\/strong><\/p>\n\n\n\n<figure class=\"wp-block-table\"><table><tbody><tr><td>1\u00aa rodada &#8211; 21\/08<\/td><td><\/td><td><\/td><td><\/td><td><\/td><td><\/td><td><\/td><\/tr><tr><td>Hora<\/td><td>Local<\/td><td><\/td><td>Titulares<\/td><td><\/td><\/tr><tr><td>13:30<\/td><td>Nova Br\u00e9scia<\/td><td>Ca\u00e7ador &#8220;A&#8221;<\/td><td>1<\/td><td>x<\/td><td>2<\/td><td>Juventus<\/td><\/tr><tr><td>15:30<\/td><td>Nova Br\u00e9scia<\/td><td>Ca\u00e7ador &#8220;B&#8221;<\/td><td>3<\/td><td>x<\/td><td>0<\/td><td>Relvado<\/td><\/tr><tr><td><\/td><td><\/td><td>Folgam: Pouso Novo, Chapec\u00f3 e S\u00e3o Jos\u00e9<\/td><td><\/td><td><\/td><td><\/td><td><\/td><\/tr><\/tbody><\/table><\/figure>\n\n\n\n<figure class=\"wp-block-table\"><table><tbody><tr><td>Classifica\u00e7\u00e3o<\/td><td><\/td><\/tr><tr><td><\/td><td>EQUIPES<\/td><td>PG<\/td><td>J<\/td><td>V<\/td><td>E<\/td><td>D<\/td><td>GP<\/td><td>GS<\/td><td>SG<\/td><td>%<\/td><td>DI<\/td><\/tr><tr><td>1\u00ba<\/td><td>Ca\u00e7ador &#8220;B&#8221; (Nova Br\u00e9scia)<\/td><td>3<\/td><td>1<\/td><td>1<\/td><td>0<\/td><td>0<\/td><td>3<\/td><td>0<\/td><td>3<\/td><td>100<\/td><td><\/td><\/tr><tr><td>2\u00ba<\/td><td>Juventus (Coqueiro Baixo)<\/td><td>3<\/td><td>1<\/td><td>1<\/td><td>0<\/td><td>0<\/td><td>2<\/td><td>1<\/td><td>1<\/td><td>100<\/td><td><\/td><\/tr><tr><td>3\u00ba<\/td><td>Ca\u00e7ador &#8220;A&#8221; (Nova Br\u00e9scia)<\/td><td>0<\/td><td>1<\/td><td>0<\/td><td>0<\/td><td>1<\/td><td>1<\/td><td>2<\/td><td>-1<\/td><td>0<\/td><td><\/td><\/tr><tr><td>4\u00ba<\/td><td>Relvado (Relvado)<\/td><td>0<\/td><td>1<\/td><td>0<\/td><td>0<\/td><td>1<\/td><td>0<\/td><td>3<\/td><td>-3<\/td><td>0<\/td><td><\/td><\/tr><tr><td>5\u00ba<\/td><td>Pouso Novo (Pouso Novo)<\/td><td>0<\/td><td>0<\/td><td><\/td><td><\/td><td><\/td><td><\/td><td><\/td><td><\/td><td><\/td><td><\/td><\/tr><tr><td>6\u00ba<\/td><td>Chapec\u00f3 (S\u00e3o Jos\u00e9 do Herval)<\/td><td>0<\/td><td>0<\/td><td><\/td><td><\/td><td><\/td><td><\/td><td><\/td><td><\/td><td><\/td><td><\/td><\/tr><tr><td>7\u00ba<\/td><td>S\u00e3o Jos\u00e9 (Coqueiro Baixo)<\/td><td>0<\/td><td>0<\/td><td><\/td><td><\/td><td><\/td><td><\/td><td><\/td><td><\/td><td><\/td><td><\/td><\/tr><\/tbody><\/table><\/figure>\n","protected":false},"excerpt":{"rendered":"<p>Iniciou neste domingo (21\/8), a S\u00e9rie B da 23\u00aa Copa Certel Sicredi &#8211; Regional Aslivata 2022. A S\u00e9rie B \u00e9 dividida em duas disputas: Regi\u00e3o Alta e Regi\u00e3o Baixa. Confira os resultados. Regi\u00e3o Baixa Os jogos da regi\u00e3o baixa foram realizados em Roca Sales. Abrindo a tarde de jogos, Uni\u00e3o da Germano enfrentou o Nova [&hellip;]<\/p>\n","protected":false},"author":8,"featured_media":89234,"comment_status":"open","ping_status":"open","sticky":false,"template":"","format":"standard","meta":{"pmpro_default_level":"","_jetpack_memberships_contains_paid_content":false,"footnotes":""},"categories":[5],"tags":[],"class_list":{"0":"post-111218","1":"post","2":"type-post","3":"status-publish","4":"format-standard","5":"has-post-thumbnail","7":"category-esportes","8":"pmpro-has-access"},"yoast_head":"<!-- This site is optimized with the Yoast SEO plugin v27.5 - https:\/\/yoast.com\/product\/yoast-seo-wordpress\/ -->\n<title>S\u00e9rie B do Regional tem primeira rodada - Folha Popular<\/title>\n<meta name=\"robots\" content=\"index, follow, max-snippet:-1, max-image-preview:large, max-video-preview:-1\" \/>\n<link rel=\"canonical\" href=\"https:\/\/folhapopular.info\/index.php\/2022\/08\/21\/serie-b-do-regional-tem-primeira-rodada\/\" \/>\n<meta property=\"og:locale\" content=\"pt_BR\" \/>\n<meta property=\"og:type\" content=\"article\" \/>\n<meta property=\"og:title\" content=\"S\u00e9rie B do Regional tem primeira rodada - Folha Popular\" \/>\n<meta property=\"og:description\" content=\"Iniciou neste domingo (21\/8), a S\u00e9rie B da 23\u00aa Copa Certel Sicredi &#8211; Regional Aslivata 2022. A S\u00e9rie B \u00e9 dividida em duas disputas: Regi\u00e3o Alta e Regi\u00e3o Baixa. Confira os resultados. Regi\u00e3o Baixa Os jogos da regi\u00e3o baixa foram realizados em Roca Sales. Abrindo a tarde de jogos, Uni\u00e3o da Germano enfrentou o Nova [&hellip;]\" \/>\n<meta property=\"og:url\" content=\"https:\/\/folhapopular.info\/index.php\/2022\/08\/21\/serie-b-do-regional-tem-primeira-rodada\/\" \/>\n<meta property=\"og:site_name\" content=\"Folha Popular\" \/>\n<meta property=\"article:published_time\" content=\"2022-08-21T21:31:56+00:00\" \/>\n<meta property=\"article:modified_time\" content=\"2022-08-21T21:32:05+00:00\" \/>\n<meta property=\"og:image\" content=\"http:\/\/folhapopular.info\/wp-content\/uploads\/2021\/09\/futebol-e1497908572695-696x414-1.jpg\" \/>\n\t<meta property=\"og:image:width\" content=\"696\" \/>\n\t<meta property=\"og:image:height\" content=\"414\" \/>\n\t<meta property=\"og:image:type\" content=\"image\/jpeg\" \/>\n<meta name=\"author\" content=\"Reda\u00e7\u00e3o Folha Popular\" \/>\n<meta name=\"twitter:card\" content=\"summary_large_image\" \/>\n<meta name=\"twitter:label1\" content=\"Escrito por\" \/>\n\t<meta name=\"twitter:data1\" content=\"Reda\u00e7\u00e3o Folha Popular\" \/>\n\t<meta name=\"twitter:label2\" content=\"Est. tempo de leitura\" \/>\n\t<meta name=\"twitter:data2\" content=\"2 minutos\" \/>\n<script type=\"application\/ld+json\" class=\"yoast-schema-graph\">{\"@context\":\"https:\\\/\\\/schema.org\",\"@graph\":[{\"@type\":\"Article\",\"@id\":\"https:\\\/\\\/folhapopular.info\\\/index.php\\\/2022\\\/08\\\/21\\\/serie-b-do-regional-tem-primeira-rodada\\\/#article\",\"isPartOf\":{\"@id\":\"https:\\\/\\\/folhapopular.info\\\/index.php\\\/2022\\\/08\\\/21\\\/serie-b-do-regional-tem-primeira-rodada\\\/\"},\"author\":{\"name\":\"Reda\u00e7\u00e3o Folha Popular\",\"@id\":\"https:\\\/\\\/folhapopular.info\\\/#\\\/schema\\\/person\\\/2814e8a0df7643585a9ca38bc6eb9d4b\"},\"headline\":\"S\u00e9rie B do Regional tem primeira rodada\",\"datePublished\":\"2022-08-21T21:31:56+00:00\",\"dateModified\":\"2022-08-21T21:32:05+00:00\",\"mainEntityOfPage\":{\"@id\":\"https:\\\/\\\/folhapopular.info\\\/index.php\\\/2022\\\/08\\\/21\\\/serie-b-do-regional-tem-primeira-rodada\\\/\"},\"wordCount\":282,\"commentCount\":0,\"image\":{\"@id\":\"https:\\\/\\\/folhapopular.info\\\/index.php\\\/2022\\\/08\\\/21\\\/serie-b-do-regional-tem-primeira-rodada\\\/#primaryimage\"},\"thumbnailUrl\":\"https:\\\/\\\/folhapopular.info\\\/wp-content\\\/uploads\\\/2021\\\/09\\\/futebol-e1497908572695-696x414-1.jpg\",\"articleSection\":[\"Esportes\"],\"inLanguage\":\"pt-BR\",\"potentialAction\":[{\"@type\":\"CommentAction\",\"name\":\"Comment\",\"target\":[\"https:\\\/\\\/folhapopular.info\\\/index.php\\\/2022\\\/08\\\/21\\\/serie-b-do-regional-tem-primeira-rodada\\\/#respond\"]}]},{\"@type\":\"WebPage\",\"@id\":\"https:\\\/\\\/folhapopular.info\\\/index.php\\\/2022\\\/08\\\/21\\\/serie-b-do-regional-tem-primeira-rodada\\\/\",\"url\":\"https:\\\/\\\/folhapopular.info\\\/index.php\\\/2022\\\/08\\\/21\\\/serie-b-do-regional-tem-primeira-rodada\\\/\",\"name\":\"S\u00e9rie B do Regional tem primeira rodada - Folha Popular\",\"isPartOf\":{\"@id\":\"https:\\\/\\\/folhapopular.info\\\/#website\"},\"primaryImageOfPage\":{\"@id\":\"https:\\\/\\\/folhapopular.info\\\/index.php\\\/2022\\\/08\\\/21\\\/serie-b-do-regional-tem-primeira-rodada\\\/#primaryimage\"},\"image\":{\"@id\":\"https:\\\/\\\/folhapopular.info\\\/index.php\\\/2022\\\/08\\\/21\\\/serie-b-do-regional-tem-primeira-rodada\\\/#primaryimage\"},\"thumbnailUrl\":\"https:\\\/\\\/folhapopular.info\\\/wp-content\\\/uploads\\\/2021\\\/09\\\/futebol-e1497908572695-696x414-1.jpg\",\"datePublished\":\"2022-08-21T21:31:56+00:00\",\"dateModified\":\"2022-08-21T21:32:05+00:00\",\"author\":{\"@id\":\"https:\\\/\\\/folhapopular.info\\\/#\\\/schema\\\/person\\\/2814e8a0df7643585a9ca38bc6eb9d4b\"},\"breadcrumb\":{\"@id\":\"https:\\\/\\\/folhapopular.info\\\/index.php\\\/2022\\\/08\\\/21\\\/serie-b-do-regional-tem-primeira-rodada\\\/#breadcrumb\"},\"inLanguage\":\"pt-BR\",\"potentialAction\":[{\"@type\":\"ReadAction\",\"target\":[\"https:\\\/\\\/folhapopular.info\\\/index.php\\\/2022\\\/08\\\/21\\\/serie-b-do-regional-tem-primeira-rodada\\\/\"]}]},{\"@type\":\"ImageObject\",\"inLanguage\":\"pt-BR\",\"@id\":\"https:\\\/\\\/folhapopular.info\\\/index.php\\\/2022\\\/08\\\/21\\\/serie-b-do-regional-tem-primeira-rodada\\\/#primaryimage\",\"url\":\"https:\\\/\\\/folhapopular.info\\\/wp-content\\\/uploads\\\/2021\\\/09\\\/futebol-e1497908572695-696x414-1.jpg\",\"contentUrl\":\"https:\\\/\\\/folhapopular.info\\\/wp-content\\\/uploads\\\/2021\\\/09\\\/futebol-e1497908572695-696x414-1.jpg\",\"width\":696,\"height\":414,\"caption\":\"Cr\u00e9dito: Divulga\u00e7\u00e3o\"},{\"@type\":\"BreadcrumbList\",\"@id\":\"https:\\\/\\\/folhapopular.info\\\/index.php\\\/2022\\\/08\\\/21\\\/serie-b-do-regional-tem-primeira-rodada\\\/#breadcrumb\",\"itemListElement\":[{\"@type\":\"ListItem\",\"position\":1,\"name\":\"In\u00edcio\",\"item\":\"https:\\\/\\\/folhapopular.info\\\/\"},{\"@type\":\"ListItem\",\"position\":2,\"name\":\"S\u00e9rie B do Regional tem primeira rodada\"}]},{\"@type\":\"WebSite\",\"@id\":\"https:\\\/\\\/folhapopular.info\\\/#website\",\"url\":\"https:\\\/\\\/folhapopular.info\\\/\",\"name\":\"Folha Popular\",\"description\":\"Onde voc\u00ea tem vez e voz\",\"potentialAction\":[{\"@type\":\"SearchAction\",\"target\":{\"@type\":\"EntryPoint\",\"urlTemplate\":\"https:\\\/\\\/folhapopular.info\\\/?s={search_term_string}\"},\"query-input\":{\"@type\":\"PropertyValueSpecification\",\"valueRequired\":true,\"valueName\":\"search_term_string\"}}],\"inLanguage\":\"pt-BR\"},{\"@type\":\"Person\",\"@id\":\"https:\\\/\\\/folhapopular.info\\\/#\\\/schema\\\/person\\\/2814e8a0df7643585a9ca38bc6eb9d4b\",\"name\":\"Reda\u00e7\u00e3o Folha Popular\",\"image\":{\"@type\":\"ImageObject\",\"inLanguage\":\"pt-BR\",\"@id\":\"https:\\\/\\\/folhapopular.info\\\/wp-content\\\/uploads\\\/2026\\\/04\\\/Folha-1.webp\",\"url\":\"https:\\\/\\\/folhapopular.info\\\/wp-content\\\/uploads\\\/2026\\\/04\\\/Folha-1.webp\",\"contentUrl\":\"https:\\\/\\\/folhapopular.info\\\/wp-content\\\/uploads\\\/2026\\\/04\\\/Folha-1.webp\",\"caption\":\"Reda\u00e7\u00e3o Folha Popular\"},\"url\":\"https:\\\/\\\/folhapopular.info\\\/index.php\\\/author\\\/redacao\\\/\"}]}<\/script>\n<!-- \/ Yoast SEO plugin. -->","yoast_head_json":{"title":"S\u00e9rie B do Regional tem primeira rodada - Folha Popular","robots":{"index":"index","follow":"follow","max-snippet":"max-snippet:-1","max-image-preview":"max-image-preview:large","max-video-preview":"max-video-preview:-1"},"canonical":"https:\/\/folhapopular.info\/index.php\/2022\/08\/21\/serie-b-do-regional-tem-primeira-rodada\/","og_locale":"pt_BR","og_type":"article","og_title":"S\u00e9rie B do Regional tem primeira rodada - Folha Popular","og_description":"Iniciou neste domingo (21\/8), a S\u00e9rie B da 23\u00aa Copa Certel Sicredi &#8211; Regional Aslivata 2022. A S\u00e9rie B \u00e9 dividida em duas disputas: Regi\u00e3o Alta e Regi\u00e3o Baixa. Confira os resultados. Regi\u00e3o Baixa Os jogos da regi\u00e3o baixa foram realizados em Roca Sales. Abrindo a tarde de jogos, Uni\u00e3o da Germano enfrentou o Nova [&hellip;]","og_url":"https:\/\/folhapopular.info\/index.php\/2022\/08\/21\/serie-b-do-regional-tem-primeira-rodada\/","og_site_name":"Folha Popular","article_published_time":"2022-08-21T21:31:56+00:00","article_modified_time":"2022-08-21T21:32:05+00:00","og_image":[{"width":696,"height":414,"url":"http:\/\/folhapopular.info\/wp-content\/uploads\/2021\/09\/futebol-e1497908572695-696x414-1.jpg","type":"image\/jpeg"}],"author":"Reda\u00e7\u00e3o Folha Popular","twitter_card":"summary_large_image","twitter_misc":{"Escrito por":"Reda\u00e7\u00e3o Folha Popular","Est. tempo de leitura":"2 minutos"},"schema":{"@context":"https:\/\/schema.org","@graph":[{"@type":"Article","@id":"https:\/\/folhapopular.info\/index.php\/2022\/08\/21\/serie-b-do-regional-tem-primeira-rodada\/#article","isPartOf":{"@id":"https:\/\/folhapopular.info\/index.php\/2022\/08\/21\/serie-b-do-regional-tem-primeira-rodada\/"},"author":{"name":"Reda\u00e7\u00e3o Folha Popular","@id":"https:\/\/folhapopular.info\/#\/schema\/person\/2814e8a0df7643585a9ca38bc6eb9d4b"},"headline":"S\u00e9rie B do Regional tem primeira rodada","datePublished":"2022-08-21T21:31:56+00:00","dateModified":"2022-08-21T21:32:05+00:00","mainEntityOfPage":{"@id":"https:\/\/folhapopular.info\/index.php\/2022\/08\/21\/serie-b-do-regional-tem-primeira-rodada\/"},"wordCount":282,"commentCount":0,"image":{"@id":"https:\/\/folhapopular.info\/index.php\/2022\/08\/21\/serie-b-do-regional-tem-primeira-rodada\/#primaryimage"},"thumbnailUrl":"https:\/\/folhapopular.info\/wp-content\/uploads\/2021\/09\/futebol-e1497908572695-696x414-1.jpg","articleSection":["Esportes"],"inLanguage":"pt-BR","potentialAction":[{"@type":"CommentAction","name":"Comment","target":["https:\/\/folhapopular.info\/index.php\/2022\/08\/21\/serie-b-do-regional-tem-primeira-rodada\/#respond"]}]},{"@type":"WebPage","@id":"https:\/\/folhapopular.info\/index.php\/2022\/08\/21\/serie-b-do-regional-tem-primeira-rodada\/","url":"https:\/\/folhapopular.info\/index.php\/2022\/08\/21\/serie-b-do-regional-tem-primeira-rodada\/","name":"S\u00e9rie B do Regional tem primeira rodada - Folha Popular","isPartOf":{"@id":"https:\/\/folhapopular.info\/#website"},"primaryImageOfPage":{"@id":"https:\/\/folhapopular.info\/index.php\/2022\/08\/21\/serie-b-do-regional-tem-primeira-rodada\/#primaryimage"},"image":{"@id":"https:\/\/folhapopular.info\/index.php\/2022\/08\/21\/serie-b-do-regional-tem-primeira-rodada\/#primaryimage"},"thumbnailUrl":"https:\/\/folhapopular.info\/wp-content\/uploads\/2021\/09\/futebol-e1497908572695-696x414-1.jpg","datePublished":"2022-08-21T21:31:56+00:00","dateModified":"2022-08-21T21:32:05+00:00","author":{"@id":"https:\/\/folhapopular.info\/#\/schema\/person\/2814e8a0df7643585a9ca38bc6eb9d4b"},"breadcrumb":{"@id":"https:\/\/folhapopular.info\/index.php\/2022\/08\/21\/serie-b-do-regional-tem-primeira-rodada\/#breadcrumb"},"inLanguage":"pt-BR","potentialAction":[{"@type":"ReadAction","target":["https:\/\/folhapopular.info\/index.php\/2022\/08\/21\/serie-b-do-regional-tem-primeira-rodada\/"]}]},{"@type":"ImageObject","inLanguage":"pt-BR","@id":"https:\/\/folhapopular.info\/index.php\/2022\/08\/21\/serie-b-do-regional-tem-primeira-rodada\/#primaryimage","url":"https:\/\/folhapopular.info\/wp-content\/uploads\/2021\/09\/futebol-e1497908572695-696x414-1.jpg","contentUrl":"https:\/\/folhapopular.info\/wp-content\/uploads\/2021\/09\/futebol-e1497908572695-696x414-1.jpg","width":696,"height":414,"caption":"Cr\u00e9dito: Divulga\u00e7\u00e3o"},{"@type":"BreadcrumbList","@id":"https:\/\/folhapopular.info\/index.php\/2022\/08\/21\/serie-b-do-regional-tem-primeira-rodada\/#breadcrumb","itemListElement":[{"@type":"ListItem","position":1,"name":"In\u00edcio","item":"https:\/\/folhapopular.info\/"},{"@type":"ListItem","position":2,"name":"S\u00e9rie B do Regional tem primeira rodada"}]},{"@type":"WebSite","@id":"https:\/\/folhapopular.info\/#website","url":"https:\/\/folhapopular.info\/","name":"Folha Popular","description":"Onde voc\u00ea tem vez e voz","potentialAction":[{"@type":"SearchAction","target":{"@type":"EntryPoint","urlTemplate":"https:\/\/folhapopular.info\/?s={search_term_string}"},"query-input":{"@type":"PropertyValueSpecification","valueRequired":true,"valueName":"search_term_string"}}],"inLanguage":"pt-BR"},{"@type":"Person","@id":"https:\/\/folhapopular.info\/#\/schema\/person\/2814e8a0df7643585a9ca38bc6eb9d4b","name":"Reda\u00e7\u00e3o Folha Popular","image":{"@type":"ImageObject","inLanguage":"pt-BR","@id":"https:\/\/folhapopular.info\/wp-content\/uploads\/2026\/04\/Folha-1.webp","url":"https:\/\/folhapopular.info\/wp-content\/uploads\/2026\/04\/Folha-1.webp","contentUrl":"https:\/\/folhapopular.info\/wp-content\/uploads\/2026\/04\/Folha-1.webp","caption":"Reda\u00e7\u00e3o Folha Popular"},"url":"https:\/\/folhapopular.info\/index.php\/author\/redacao\/"}]}},"jetpack_featured_media_url":"https:\/\/folhapopular.info\/wp-content\/uploads\/2021\/09\/futebol-e1497908572695-696x414-1.jpg","jetpack_sharing_enabled":true,"amp_enabled":true,"_links":{"self":[{"href":"https:\/\/folhapopular.info\/index.php\/wp-json\/wp\/v2\/posts\/111218","targetHints":{"allow":["GET"]}}],"collection":[{"href":"https:\/\/folhapopular.info\/index.php\/wp-json\/wp\/v2\/posts"}],"about":[{"href":"https:\/\/folhapopular.info\/index.php\/wp-json\/wp\/v2\/types\/post"}],"author":[{"embeddable":true,"href":"https:\/\/folhapopular.info\/index.php\/wp-json\/wp\/v2\/users\/8"}],"replies":[{"embeddable":true,"href":"https:\/\/folhapopular.info\/index.php\/wp-json\/wp\/v2\/comments?post=111218"}],"version-history":[{"count":0,"href":"https:\/\/folhapopular.info\/index.php\/wp-json\/wp\/v2\/posts\/111218\/revisions"}],"wp:featuredmedia":[{"embeddable":true,"href":"https:\/\/folhapopular.info\/index.php\/wp-json\/wp\/v2\/media\/89234"}],"wp:attachment":[{"href":"https:\/\/folhapopular.info\/index.php\/wp-json\/wp\/v2\/media?parent=111218"}],"wp:term":[{"taxonomy":"category","embeddable":true,"href":"https:\/\/folhapopular.info\/index.php\/wp-json\/wp\/v2\/categories?post=111218"},{"taxonomy":"post_tag","embeddable":true,"href":"https:\/\/folhapopular.info\/index.php\/wp-json\/wp\/v2\/tags?post=111218"}],"curies":[{"name":"wp","href":"https:\/\/api.w.org\/{rel}","templated":true}]}}