{"id":111352,"date":"2022-08-23T17:19:55","date_gmt":"2022-08-23T20:19:55","guid":{"rendered":"https:\/\/folhapopular.info\/?p=111352"},"modified":"2022-08-23T17:19:59","modified_gmt":"2022-08-23T20:19:59","slug":"4a-semana-farroupilha-de-lajeado-tem-programacao-divulgada","status":"publish","type":"post","link":"https:\/\/folhapopular.info\/index.php\/2022\/08\/23\/4a-semana-farroupilha-de-lajeado-tem-programacao-divulgada\/","title":{"rendered":"4\u00aa Semana Farroupilha de Lajeado tem programa\u00e7\u00e3o divulgada"},"content":{"rendered":"\n<p>O Acampamento Farroupilha, que faz parte da 4\u00aa Semana Farroupilha de Lajeado, j\u00e1 est\u00e1 sendo montado e a programa\u00e7\u00e3o de atividades j\u00e1 est\u00e1 definida.<\/p>\n\n\n\n<p>O evento \u00e9 promovido pela Secretaria de Cultura, Esporte e Lazer (Secel) de Lajeado em parceria com a Associa\u00e7\u00e3o Municipal da Tradi\u00e7\u00e3o Ga\u00facha (AMTG) e ocorre entre os dias 13 e 20 de setembro.<\/p>\n\n\n\n<p>A abertura das programa\u00e7\u00f5es ser\u00e1 no dia 13 de setembro (ter\u00e7a-feira), \u00e0s 19h, no Parque Professor Theobaldo Dick, com a chegada e acendimento da Chama Crioula. Atra\u00e7\u00f5es como shows, apresenta\u00e7\u00f5es art\u00edsticas, festival de filmes no Teatro do Sesc e oficinas culturais integram a programa\u00e7\u00e3o. O tradicional Desfile Farroupilha ocorre na ter\u00e7a-feira (20\/9), pela manh\u00e3.<\/p>\n\n\n\n<p>Nesta edi\u00e7\u00e3o, o patrono convidado \u00e9 o tradicionalista Ant\u00f4nio Nelson Jacques.<\/p>\n\n\n\n<p><strong>Confira a programa\u00e7\u00e3o completa da Semana Farroupilha:<\/strong><br>13\/9, 19h &#8211; Abertura da Semana Farroupilha &#8211; Chegada e acendimento da Chama Crioula<br>13\/9, 20h30 &#8211; Alexandre Brunetto e Grupo Santa F\u00e9<br>14\/9, 20h &#8211; C\u00e9sar Oliveira &amp; Rog\u00e9rio Melo<br>15\/9, 20h &#8211; \u00canio Medeiros<br>16\/9, 20h &#8211; Bate Casco<br>17\/9, 20h &#8211; Jo\u00e3o Luiz Corr\u00eaa<br>18\/9, 14h &#8211; Pedro Sauter e Yasmin Gaiteira<br>18\/9, 20h &#8211; Diego Rodrigues &amp; Grupo<br>19\/9, 20h &#8211; Cora\u00e7\u00e3o Ga\u00facho<br>20\/9, manh\u00e3 &#8211; Desfile Farroupilha<br>20\/9, 20h &#8211; Grupo Rodeio<\/p>\n\n\n\n<p><strong>Outras atra\u00e7\u00f5es do evento<\/strong><br>&#8211; Gastronomia t\u00edpica ga\u00facha;<br>&#8211; Festival de Filmes Teixeirinha (no Teatro do SESC);<br>&#8211; Oficinas culturais e campeiras para escolas &#8211; Declama\u00e7\u00e3o, dan\u00e7as de sal\u00e3o, chula, indument\u00e1ria ga\u00facha e oficinas de brinquedos antigos, chimarr\u00e3o, encilha, montaria, la\u00e7o e vaca parada, caf\u00e9 de cambona, n\u00f3 de len\u00e7o ga\u00facho e outras;<br>&#8211; Apresenta\u00e7\u00f5es Art\u00edsticas Tradicionalistas &#8211; Demonstra\u00e7\u00e3o de trovas, apresenta\u00e7\u00e3o das Tropilhanas, Encontro de Gaiteiros, apresenta\u00e7\u00f5es de invernadas dos CTGs, apresenta\u00e7\u00f5es de chulas individuais;<br>&#8211; Resultado 1\u00ba Concurso Conta\u00e7\u00e3o de Lendas Ga\u00fachas.<\/p>\n","protected":false},"excerpt":{"rendered":"<p>O Acampamento Farroupilha, que faz parte da 4\u00aa Semana Farroupilha de Lajeado, j\u00e1 est\u00e1 sendo montado e a programa\u00e7\u00e3o de atividades j\u00e1 est\u00e1 definida. O evento \u00e9 promovido pela Secretaria de Cultura, Esporte e Lazer (Secel) de Lajeado em parceria com a Associa\u00e7\u00e3o Municipal da Tradi\u00e7\u00e3o Ga\u00facha (AMTG) e ocorre entre os dias 13 e [&hellip;]<\/p>\n","protected":false},"author":8,"featured_media":111353,"comment_status":"open","ping_status":"open","sticky":false,"template":"","format":"standard","meta":{"pmpro_default_level":"","_jetpack_memberships_contains_paid_content":false,"footnotes":""},"categories":[2,3],"tags":[980,27,1507,1016],"class_list":{"0":"post-111352","1":"post","2":"type-post","3":"status-publish","4":"format-standard","5":"has-post-thumbnail","7":"category-featured","8":"category-geral","9":"tag-acampamento-farroupilha","10":"tag-lajeado","11":"tag-programacao","12":"tag-semana-farroupilha","13":"pmpro-has-access"},"yoast_head":"<!-- This site is optimized with the Yoast SEO plugin v27.5 - https:\/\/yoast.com\/product\/yoast-seo-wordpress\/ -->\n<title>4\u00aa Semana Farroupilha de Lajeado tem programa\u00e7\u00e3o divulgada - Folha Popular<\/title>\n<meta name=\"robots\" content=\"index, follow, max-snippet:-1, max-image-preview:large, max-video-preview:-1\" \/>\n<link rel=\"canonical\" href=\"https:\/\/folhapopular.info\/index.php\/2022\/08\/23\/4a-semana-farroupilha-de-lajeado-tem-programacao-divulgada\/\" \/>\n<meta property=\"og:locale\" content=\"pt_BR\" \/>\n<meta property=\"og:type\" content=\"article\" \/>\n<meta property=\"og:title\" content=\"4\u00aa Semana Farroupilha de Lajeado tem programa\u00e7\u00e3o divulgada - Folha Popular\" \/>\n<meta property=\"og:description\" content=\"O Acampamento Farroupilha, que faz parte da 4\u00aa Semana Farroupilha de Lajeado, j\u00e1 est\u00e1 sendo montado e a programa\u00e7\u00e3o de atividades j\u00e1 est\u00e1 definida. O evento \u00e9 promovido pela Secretaria de Cultura, Esporte e Lazer (Secel) de Lajeado em parceria com a Associa\u00e7\u00e3o Municipal da Tradi\u00e7\u00e3o Ga\u00facha (AMTG) e ocorre entre os dias 13 e [&hellip;]\" \/>\n<meta property=\"og:url\" content=\"https:\/\/folhapopular.info\/index.php\/2022\/08\/23\/4a-semana-farroupilha-de-lajeado-tem-programacao-divulgada\/\" \/>\n<meta property=\"og:site_name\" content=\"Folha Popular\" \/>\n<meta property=\"article:published_time\" content=\"2022-08-23T20:19:55+00:00\" \/>\n<meta property=\"article:modified_time\" content=\"2022-08-23T20:19:59+00:00\" \/>\n<meta property=\"og:image\" content=\"http:\/\/folhapopular.info\/wp-content\/uploads\/2022\/08\/Acampamento-Farroupilha-2-scaled-e1661285366169.jpg\" \/>\n\t<meta property=\"og:image:width\" content=\"1200\" \/>\n\t<meta property=\"og:image:height\" content=\"555\" \/>\n\t<meta property=\"og:image:type\" content=\"image\/jpeg\" \/>\n<meta name=\"author\" content=\"Reda\u00e7\u00e3o Folha Popular\" \/>\n<meta name=\"twitter:card\" content=\"summary_large_image\" \/>\n<meta name=\"twitter:label1\" content=\"Escrito por\" \/>\n\t<meta name=\"twitter:data1\" content=\"Reda\u00e7\u00e3o Folha Popular\" \/>\n\t<meta name=\"twitter:label2\" content=\"Est. tempo de leitura\" \/>\n\t<meta name=\"twitter:data2\" content=\"2 minutos\" \/>\n<script type=\"application\/ld+json\" class=\"yoast-schema-graph\">{\"@context\":\"https:\\\/\\\/schema.org\",\"@graph\":[{\"@type\":\"Article\",\"@id\":\"https:\\\/\\\/folhapopular.info\\\/index.php\\\/2022\\\/08\\\/23\\\/4a-semana-farroupilha-de-lajeado-tem-programacao-divulgada\\\/#article\",\"isPartOf\":{\"@id\":\"https:\\\/\\\/folhapopular.info\\\/index.php\\\/2022\\\/08\\\/23\\\/4a-semana-farroupilha-de-lajeado-tem-programacao-divulgada\\\/\"},\"author\":{\"name\":\"Reda\u00e7\u00e3o Folha Popular\",\"@id\":\"https:\\\/\\\/folhapopular.info\\\/#\\\/schema\\\/person\\\/2814e8a0df7643585a9ca38bc6eb9d4b\"},\"headline\":\"4\u00aa Semana Farroupilha de Lajeado tem programa\u00e7\u00e3o divulgada\",\"datePublished\":\"2022-08-23T20:19:55+00:00\",\"dateModified\":\"2022-08-23T20:19:59+00:00\",\"mainEntityOfPage\":{\"@id\":\"https:\\\/\\\/folhapopular.info\\\/index.php\\\/2022\\\/08\\\/23\\\/4a-semana-farroupilha-de-lajeado-tem-programacao-divulgada\\\/\"},\"wordCount\":320,\"commentCount\":0,\"image\":{\"@id\":\"https:\\\/\\\/folhapopular.info\\\/index.php\\\/2022\\\/08\\\/23\\\/4a-semana-farroupilha-de-lajeado-tem-programacao-divulgada\\\/#primaryimage\"},\"thumbnailUrl\":\"https:\\\/\\\/folhapopular.info\\\/wp-content\\\/uploads\\\/2022\\\/08\\\/Acampamento-Farroupilha-2-scaled-e1661285366169.jpg\",\"keywords\":[\"Acampamento Farroupilha\",\"Lajeado\",\"Programa\u00e7\u00e3o\",\"Semana Farroupilha\"],\"articleSection\":[\"Destaques\",\"Geral\"],\"inLanguage\":\"pt-BR\",\"potentialAction\":[{\"@type\":\"CommentAction\",\"name\":\"Comment\",\"target\":[\"https:\\\/\\\/folhapopular.info\\\/index.php\\\/2022\\\/08\\\/23\\\/4a-semana-farroupilha-de-lajeado-tem-programacao-divulgada\\\/#respond\"]}]},{\"@type\":\"WebPage\",\"@id\":\"https:\\\/\\\/folhapopular.info\\\/index.php\\\/2022\\\/08\\\/23\\\/4a-semana-farroupilha-de-lajeado-tem-programacao-divulgada\\\/\",\"url\":\"https:\\\/\\\/folhapopular.info\\\/index.php\\\/2022\\\/08\\\/23\\\/4a-semana-farroupilha-de-lajeado-tem-programacao-divulgada\\\/\",\"name\":\"4\u00aa Semana Farroupilha de Lajeado tem programa\u00e7\u00e3o divulgada - Folha Popular\",\"isPartOf\":{\"@id\":\"https:\\\/\\\/folhapopular.info\\\/#website\"},\"primaryImageOfPage\":{\"@id\":\"https:\\\/\\\/folhapopular.info\\\/index.php\\\/2022\\\/08\\\/23\\\/4a-semana-farroupilha-de-lajeado-tem-programacao-divulgada\\\/#primaryimage\"},\"image\":{\"@id\":\"https:\\\/\\\/folhapopular.info\\\/index.php\\\/2022\\\/08\\\/23\\\/4a-semana-farroupilha-de-lajeado-tem-programacao-divulgada\\\/#primaryimage\"},\"thumbnailUrl\":\"https:\\\/\\\/folhapopular.info\\\/wp-content\\\/uploads\\\/2022\\\/08\\\/Acampamento-Farroupilha-2-scaled-e1661285366169.jpg\",\"datePublished\":\"2022-08-23T20:19:55+00:00\",\"dateModified\":\"2022-08-23T20:19:59+00:00\",\"author\":{\"@id\":\"https:\\\/\\\/folhapopular.info\\\/#\\\/schema\\\/person\\\/2814e8a0df7643585a9ca38bc6eb9d4b\"},\"breadcrumb\":{\"@id\":\"https:\\\/\\\/folhapopular.info\\\/index.php\\\/2022\\\/08\\\/23\\\/4a-semana-farroupilha-de-lajeado-tem-programacao-divulgada\\\/#breadcrumb\"},\"inLanguage\":\"pt-BR\",\"potentialAction\":[{\"@type\":\"ReadAction\",\"target\":[\"https:\\\/\\\/folhapopular.info\\\/index.php\\\/2022\\\/08\\\/23\\\/4a-semana-farroupilha-de-lajeado-tem-programacao-divulgada\\\/\"]}]},{\"@type\":\"ImageObject\",\"inLanguage\":\"pt-BR\",\"@id\":\"https:\\\/\\\/folhapopular.info\\\/index.php\\\/2022\\\/08\\\/23\\\/4a-semana-farroupilha-de-lajeado-tem-programacao-divulgada\\\/#primaryimage\",\"url\":\"https:\\\/\\\/folhapopular.info\\\/wp-content\\\/uploads\\\/2022\\\/08\\\/Acampamento-Farroupilha-2-scaled-e1661285366169.jpg\",\"contentUrl\":\"https:\\\/\\\/folhapopular.info\\\/wp-content\\\/uploads\\\/2022\\\/08\\\/Acampamento-Farroupilha-2-scaled-e1661285366169.jpg\",\"width\":1200,\"height\":555,\"caption\":\"Cr\u00e9dito: Divulga\u00e7\u00e3o\"},{\"@type\":\"BreadcrumbList\",\"@id\":\"https:\\\/\\\/folhapopular.info\\\/index.php\\\/2022\\\/08\\\/23\\\/4a-semana-farroupilha-de-lajeado-tem-programacao-divulgada\\\/#breadcrumb\",\"itemListElement\":[{\"@type\":\"ListItem\",\"position\":1,\"name\":\"In\u00edcio\",\"item\":\"https:\\\/\\\/folhapopular.info\\\/\"},{\"@type\":\"ListItem\",\"position\":2,\"name\":\"4\u00aa Semana Farroupilha de Lajeado tem programa\u00e7\u00e3o divulgada\"}]},{\"@type\":\"WebSite\",\"@id\":\"https:\\\/\\\/folhapopular.info\\\/#website\",\"url\":\"https:\\\/\\\/folhapopular.info\\\/\",\"name\":\"Folha Popular\",\"description\":\"Onde voc\u00ea tem vez e voz\",\"potentialAction\":[{\"@type\":\"SearchAction\",\"target\":{\"@type\":\"EntryPoint\",\"urlTemplate\":\"https:\\\/\\\/folhapopular.info\\\/?s={search_term_string}\"},\"query-input\":{\"@type\":\"PropertyValueSpecification\",\"valueRequired\":true,\"valueName\":\"search_term_string\"}}],\"inLanguage\":\"pt-BR\"},{\"@type\":\"Person\",\"@id\":\"https:\\\/\\\/folhapopular.info\\\/#\\\/schema\\\/person\\\/2814e8a0df7643585a9ca38bc6eb9d4b\",\"name\":\"Reda\u00e7\u00e3o Folha Popular\",\"image\":{\"@type\":\"ImageObject\",\"inLanguage\":\"pt-BR\",\"@id\":\"https:\\\/\\\/folhapopular.info\\\/wp-content\\\/uploads\\\/2026\\\/04\\\/Folha-1.webp\",\"url\":\"https:\\\/\\\/folhapopular.info\\\/wp-content\\\/uploads\\\/2026\\\/04\\\/Folha-1.webp\",\"contentUrl\":\"https:\\\/\\\/folhapopular.info\\\/wp-content\\\/uploads\\\/2026\\\/04\\\/Folha-1.webp\",\"caption\":\"Reda\u00e7\u00e3o Folha Popular\"},\"url\":\"https:\\\/\\\/folhapopular.info\\\/index.php\\\/author\\\/redacao\\\/\"}]}<\/script>\n<!-- \/ Yoast SEO plugin. -->","yoast_head_json":{"title":"4\u00aa Semana Farroupilha de Lajeado tem programa\u00e7\u00e3o divulgada - Folha Popular","robots":{"index":"index","follow":"follow","max-snippet":"max-snippet:-1","max-image-preview":"max-image-preview:large","max-video-preview":"max-video-preview:-1"},"canonical":"https:\/\/folhapopular.info\/index.php\/2022\/08\/23\/4a-semana-farroupilha-de-lajeado-tem-programacao-divulgada\/","og_locale":"pt_BR","og_type":"article","og_title":"4\u00aa Semana Farroupilha de Lajeado tem programa\u00e7\u00e3o divulgada - Folha Popular","og_description":"O Acampamento Farroupilha, que faz parte da 4\u00aa Semana Farroupilha de Lajeado, j\u00e1 est\u00e1 sendo montado e a programa\u00e7\u00e3o de atividades j\u00e1 est\u00e1 definida. O evento \u00e9 promovido pela Secretaria de Cultura, Esporte e Lazer (Secel) de Lajeado em parceria com a Associa\u00e7\u00e3o Municipal da Tradi\u00e7\u00e3o Ga\u00facha (AMTG) e ocorre entre os dias 13 e [&hellip;]","og_url":"https:\/\/folhapopular.info\/index.php\/2022\/08\/23\/4a-semana-farroupilha-de-lajeado-tem-programacao-divulgada\/","og_site_name":"Folha Popular","article_published_time":"2022-08-23T20:19:55+00:00","article_modified_time":"2022-08-23T20:19:59+00:00","og_image":[{"width":1200,"height":555,"url":"http:\/\/folhapopular.info\/wp-content\/uploads\/2022\/08\/Acampamento-Farroupilha-2-scaled-e1661285366169.jpg","type":"image\/jpeg"}],"author":"Reda\u00e7\u00e3o Folha Popular","twitter_card":"summary_large_image","twitter_misc":{"Escrito por":"Reda\u00e7\u00e3o Folha Popular","Est. tempo de leitura":"2 minutos"},"schema":{"@context":"https:\/\/schema.org","@graph":[{"@type":"Article","@id":"https:\/\/folhapopular.info\/index.php\/2022\/08\/23\/4a-semana-farroupilha-de-lajeado-tem-programacao-divulgada\/#article","isPartOf":{"@id":"https:\/\/folhapopular.info\/index.php\/2022\/08\/23\/4a-semana-farroupilha-de-lajeado-tem-programacao-divulgada\/"},"author":{"name":"Reda\u00e7\u00e3o Folha Popular","@id":"https:\/\/folhapopular.info\/#\/schema\/person\/2814e8a0df7643585a9ca38bc6eb9d4b"},"headline":"4\u00aa Semana Farroupilha de Lajeado tem programa\u00e7\u00e3o divulgada","datePublished":"2022-08-23T20:19:55+00:00","dateModified":"2022-08-23T20:19:59+00:00","mainEntityOfPage":{"@id":"https:\/\/folhapopular.info\/index.php\/2022\/08\/23\/4a-semana-farroupilha-de-lajeado-tem-programacao-divulgada\/"},"wordCount":320,"commentCount":0,"image":{"@id":"https:\/\/folhapopular.info\/index.php\/2022\/08\/23\/4a-semana-farroupilha-de-lajeado-tem-programacao-divulgada\/#primaryimage"},"thumbnailUrl":"https:\/\/folhapopular.info\/wp-content\/uploads\/2022\/08\/Acampamento-Farroupilha-2-scaled-e1661285366169.jpg","keywords":["Acampamento Farroupilha","Lajeado","Programa\u00e7\u00e3o","Semana Farroupilha"],"articleSection":["Destaques","Geral"],"inLanguage":"pt-BR","potentialAction":[{"@type":"CommentAction","name":"Comment","target":["https:\/\/folhapopular.info\/index.php\/2022\/08\/23\/4a-semana-farroupilha-de-lajeado-tem-programacao-divulgada\/#respond"]}]},{"@type":"WebPage","@id":"https:\/\/folhapopular.info\/index.php\/2022\/08\/23\/4a-semana-farroupilha-de-lajeado-tem-programacao-divulgada\/","url":"https:\/\/folhapopular.info\/index.php\/2022\/08\/23\/4a-semana-farroupilha-de-lajeado-tem-programacao-divulgada\/","name":"4\u00aa Semana Farroupilha de Lajeado tem programa\u00e7\u00e3o divulgada - Folha Popular","isPartOf":{"@id":"https:\/\/folhapopular.info\/#website"},"primaryImageOfPage":{"@id":"https:\/\/folhapopular.info\/index.php\/2022\/08\/23\/4a-semana-farroupilha-de-lajeado-tem-programacao-divulgada\/#primaryimage"},"image":{"@id":"https:\/\/folhapopular.info\/index.php\/2022\/08\/23\/4a-semana-farroupilha-de-lajeado-tem-programacao-divulgada\/#primaryimage"},"thumbnailUrl":"https:\/\/folhapopular.info\/wp-content\/uploads\/2022\/08\/Acampamento-Farroupilha-2-scaled-e1661285366169.jpg","datePublished":"2022-08-23T20:19:55+00:00","dateModified":"2022-08-23T20:19:59+00:00","author":{"@id":"https:\/\/folhapopular.info\/#\/schema\/person\/2814e8a0df7643585a9ca38bc6eb9d4b"},"breadcrumb":{"@id":"https:\/\/folhapopular.info\/index.php\/2022\/08\/23\/4a-semana-farroupilha-de-lajeado-tem-programacao-divulgada\/#breadcrumb"},"inLanguage":"pt-BR","potentialAction":[{"@type":"ReadAction","target":["https:\/\/folhapopular.info\/index.php\/2022\/08\/23\/4a-semana-farroupilha-de-lajeado-tem-programacao-divulgada\/"]}]},{"@type":"ImageObject","inLanguage":"pt-BR","@id":"https:\/\/folhapopular.info\/index.php\/2022\/08\/23\/4a-semana-farroupilha-de-lajeado-tem-programacao-divulgada\/#primaryimage","url":"https:\/\/folhapopular.info\/wp-content\/uploads\/2022\/08\/Acampamento-Farroupilha-2-scaled-e1661285366169.jpg","contentUrl":"https:\/\/folhapopular.info\/wp-content\/uploads\/2022\/08\/Acampamento-Farroupilha-2-scaled-e1661285366169.jpg","width":1200,"height":555,"caption":"Cr\u00e9dito: Divulga\u00e7\u00e3o"},{"@type":"BreadcrumbList","@id":"https:\/\/folhapopular.info\/index.php\/2022\/08\/23\/4a-semana-farroupilha-de-lajeado-tem-programacao-divulgada\/#breadcrumb","itemListElement":[{"@type":"ListItem","position":1,"name":"In\u00edcio","item":"https:\/\/folhapopular.info\/"},{"@type":"ListItem","position":2,"name":"4\u00aa Semana Farroupilha de Lajeado tem programa\u00e7\u00e3o divulgada"}]},{"@type":"WebSite","@id":"https:\/\/folhapopular.info\/#website","url":"https:\/\/folhapopular.info\/","name":"Folha Popular","description":"Onde voc\u00ea tem vez e voz","potentialAction":[{"@type":"SearchAction","target":{"@type":"EntryPoint","urlTemplate":"https:\/\/folhapopular.info\/?s={search_term_string}"},"query-input":{"@type":"PropertyValueSpecification","valueRequired":true,"valueName":"search_term_string"}}],"inLanguage":"pt-BR"},{"@type":"Person","@id":"https:\/\/folhapopular.info\/#\/schema\/person\/2814e8a0df7643585a9ca38bc6eb9d4b","name":"Reda\u00e7\u00e3o Folha Popular","image":{"@type":"ImageObject","inLanguage":"pt-BR","@id":"https:\/\/folhapopular.info\/wp-content\/uploads\/2026\/04\/Folha-1.webp","url":"https:\/\/folhapopular.info\/wp-content\/uploads\/2026\/04\/Folha-1.webp","contentUrl":"https:\/\/folhapopular.info\/wp-content\/uploads\/2026\/04\/Folha-1.webp","caption":"Reda\u00e7\u00e3o Folha Popular"},"url":"https:\/\/folhapopular.info\/index.php\/author\/redacao\/"}]}},"jetpack_featured_media_url":"https:\/\/folhapopular.info\/wp-content\/uploads\/2022\/08\/Acampamento-Farroupilha-2-scaled-e1661285366169.jpg","jetpack_sharing_enabled":true,"amp_enabled":true,"_links":{"self":[{"href":"https:\/\/folhapopular.info\/index.php\/wp-json\/wp\/v2\/posts\/111352","targetHints":{"allow":["GET"]}}],"collection":[{"href":"https:\/\/folhapopular.info\/index.php\/wp-json\/wp\/v2\/posts"}],"about":[{"href":"https:\/\/folhapopular.info\/index.php\/wp-json\/wp\/v2\/types\/post"}],"author":[{"embeddable":true,"href":"https:\/\/folhapopular.info\/index.php\/wp-json\/wp\/v2\/users\/8"}],"replies":[{"embeddable":true,"href":"https:\/\/folhapopular.info\/index.php\/wp-json\/wp\/v2\/comments?post=111352"}],"version-history":[{"count":0,"href":"https:\/\/folhapopular.info\/index.php\/wp-json\/wp\/v2\/posts\/111352\/revisions"}],"wp:featuredmedia":[{"embeddable":true,"href":"https:\/\/folhapopular.info\/index.php\/wp-json\/wp\/v2\/media\/111353"}],"wp:attachment":[{"href":"https:\/\/folhapopular.info\/index.php\/wp-json\/wp\/v2\/media?parent=111352"}],"wp:term":[{"taxonomy":"category","embeddable":true,"href":"https:\/\/folhapopular.info\/index.php\/wp-json\/wp\/v2\/categories?post=111352"},{"taxonomy":"post_tag","embeddable":true,"href":"https:\/\/folhapopular.info\/index.php\/wp-json\/wp\/v2\/tags?post=111352"}],"curies":[{"name":"wp","href":"https:\/\/api.w.org\/{rel}","templated":true}]}}