{"id":111362,"date":"2022-08-23T18:00:00","date_gmt":"2022-08-23T21:00:00","guid":{"rendered":"https:\/\/folhapopular.info\/?p=111362"},"modified":"2022-08-23T19:13:37","modified_gmt":"2022-08-23T22:13:37","slug":"2o-seminario-estadual-de-turismo-sera-na-sexta-feira","status":"publish","type":"post","link":"https:\/\/folhapopular.info\/index.php\/2022\/08\/23\/2o-seminario-estadual-de-turismo-sera-na-sexta-feira\/","title":{"rendered":"2\u00ba Semin\u00e1rio Estadual de Turismo ser\u00e1 na sexta-feira"},"content":{"rendered":"\n<p>Na pr\u00f3xima sexta-feira (26\/8), a Associa\u00e7\u00e3o dos Munic\u00edpios de Turismo da Regi\u00e3o dos Vales (Amturvales) promove o 2\u00ba Semin\u00e1rio Estadual de Turismo do RS. A confirma\u00e7\u00e3o de participa\u00e7\u00e3o estava aberta at\u00e9 esta ter\u00e7a-feira (23\/8). O evento ser\u00e1 realizado em Vespasiano Corr\u00eaa e abordar\u00e1 a vis\u00e3o para um futuro com desenvolvimento e tecnologia no Turismo. O debate contar\u00e1 com palestrantes da iniciativa privada e gestores p\u00fablicos do Rio Grande do Sul e de Santa Catarina.<\/p>\n\n\n\n<p>Haver\u00e1 palestras separadas para diferentes p\u00fablicos. Al\u00e9m das discuss\u00f5es focadas com os empreendedores, o evento tamb\u00e9m ter\u00e1 um painel para presidentes de conselhos municipais de Turismo (Comtur) e trade tur\u00edstico. Ainda est\u00e3o programadas palestras, tratando sobre a parceria da iniciativa p\u00fablica e privada para o desenvolvimento do turismo, que tem foco nos gestores p\u00fablicos, secret\u00e1rios e departamentos jur\u00eddicos das prefeituras.<\/p>\n\n\n\n<p>\u201cO semin\u00e1rio vai abordar assuntos tanto para o trade, para os empreendedores, quanto para quem est\u00e1 na gest\u00e3o p\u00fablica, trazendo cases de cidades como Blumenau (SC). \u00c9 uma oportunidade \u00fanica de ouvir como as experi\u00eancias de turismo funcionam em outros munic\u00edpios e em outras regi\u00f5es\u201d, destaca o presidente da Amturvales, Leandro Arenhart. O 1\u00ba Semin\u00e1rio Estadual de Turismo, no ano passado, ocorreu em Teut\u00f4nia. Conforme o presidente, desta vez ele ocorrer\u00e1 em Vespasiano Corr\u00eaa contemplando a regi\u00e3o alta do Vale.<\/p>\n\n\n\n<p>O 2\u00ba Semin\u00e1rio Estadual de Turismo do RS \u00e9 realizado pela Amturvales, com apoio da Secretaria de Turismo do Rio Grande do Sul (Setur\/RS) e da Prefeitura Municipal de Vespasiano Corr\u00eaa.<\/p>\n\n\n\n<p><strong>PROGRAMA\u00c7\u00c3O<\/strong><\/p>\n\n\n\n<p>8:30 &#8211; Recep\u00e7\u00e3o<\/p>\n\n\n\n<p>Local: CTG Seu Chico<\/p>\n\n\n\n<p>9:00 &#8211; Palestra: Posicionamento de Mercado para o Trade Tur\u00edstico e Mapa de Comportamento do Turista no RS<\/p>\n\n\n\n<ul class=\"wp-block-list\"><li>Claudia Mara &#8211; Diretora geral da Setur RS<\/li><li>Jo\u00e3o Augusto Machado &#8211; Associa\u00e7\u00e3o Brasileira de Ag\u00eancias de Viagens (ABAV)<\/li><\/ul>\n\n\n\n<p>10:30 &#8211; Palestra: Como construir um neg\u00f3cio de impacto que contribua para o mercado local<\/p>\n\n\n\n<ul class=\"wp-block-list\"><li>Jean Moro &#8211; Empres\u00e1rio, Founder Startup Remember, especialista em gest\u00e3o por processos e supply chain, com ampla experi\u00eancia em gest\u00e3o marketing digital de convers\u00e3o, inova\u00e7\u00e3o e pontos de distribui\u00e7\u00e3o, com foco em Business Intelligence para o mercado de consumo e turismo<\/li><\/ul>\n\n\n\n<p>12:00 &#8211; Almo\u00e7o<\/p>\n\n\n\n<p>13:00 &#8211; Recep\u00e7\u00e3o<\/p>\n\n\n\n<p>Local: CTG Seu Chico<\/p>\n\n\n\n<p>P\u00fablico: Gestores p\u00fablicos, secret\u00e1rios e departamento jur\u00eddico das prefeituras<\/p>\n\n\n\n<p>13:30 Palestra: Como aliar tecnologia e inova\u00e7\u00e3o no turismo e nos eventos<\/p>\n\n\n\n<ul class=\"wp-block-list\"><li>Jean Moro &#8211; Empres\u00e1rio, Founder Startup Remember, especialista em gest\u00e3o por processos e supply chain, com ampla experi\u00eancia em gest\u00e3o marketing digital de convers\u00e3o, inova\u00e7\u00e3o e pontos de distribui\u00e7\u00e3o, com foco em Business Intelligence para o mercado de consumo e turismo<\/li><\/ul>\n\n\n\n<p>15:00 Palestra: PPP e PMI \u2013 Quando a iniciativa p\u00fablica e privada geram desenvolvimento como aliados. Case de Blumenau, SC<\/p>\n\n\n\n<ul class=\"wp-block-list\"><li>Marcelo Althoff &#8211; Secret\u00e1rio de Parcerias e Concess\u00f5es de Blumenau &#8211; SC<\/li><\/ul>\n\n\n\n<p>Painel para presidentes de Comtur e Trade Tur\u00edstico<\/p>\n\n\n\n<p>Local: Audit\u00f3rio da Prefeitura de Vespasiano Corr\u00eaa<\/p>\n\n\n\n<p>14:00 Palestra: Posicionamento Tur\u00edstico e Comercializa\u00e7\u00e3o do Destino<\/p>\n\n\n\n<ul class=\"wp-block-list\"><li>Fernanda Haas &#8211; gerente executiva da Blumenau e Vale Europeu Convention Visitors Bureau<\/li><\/ul>\n\n\n\n<p>15:30: Painel com as palestrantes Fernanda Haas, Claudia Mara e Jo\u00e3o Augusto Machado. Media\u00e7\u00e3o: Cristiane Viel, turism\u00f3loga da Amturvales.<\/p>\n","protected":false},"excerpt":{"rendered":"<p>Na pr\u00f3xima sexta-feira (26\/8), a Associa\u00e7\u00e3o dos Munic\u00edpios de Turismo da Regi\u00e3o dos Vales (Amturvales) promove o 2\u00ba Semin\u00e1rio Estadual de Turismo do RS. A confirma\u00e7\u00e3o de participa\u00e7\u00e3o estava aberta at\u00e9 esta ter\u00e7a-feira (23\/8). O evento ser\u00e1 realizado em Vespasiano Corr\u00eaa e abordar\u00e1 a vis\u00e3o para um futuro com desenvolvimento e tecnologia no Turismo. O [&hellip;]<\/p>\n","protected":false},"author":8,"featured_media":111366,"comment_status":"open","ping_status":"open","sticky":false,"template":"","format":"standard","meta":{"pmpro_default_level":"","_jetpack_memberships_contains_paid_content":false,"footnotes":""},"categories":[2,3],"tags":[156],"class_list":{"0":"post-111362","1":"post","2":"type-post","3":"status-publish","4":"format-standard","5":"has-post-thumbnail","7":"category-featured","8":"category-geral","9":"tag-vale-do-taquari","10":"pmpro-has-access"},"yoast_head":"<!-- This site is optimized with the Yoast SEO plugin v27.5 - https:\/\/yoast.com\/product\/yoast-seo-wordpress\/ -->\n<title>2\u00ba Semin\u00e1rio Estadual de Turismo ser\u00e1 na sexta-feira - Folha Popular<\/title>\n<meta name=\"robots\" content=\"index, follow, max-snippet:-1, max-image-preview:large, max-video-preview:-1\" \/>\n<link rel=\"canonical\" href=\"https:\/\/folhapopular.info\/index.php\/2022\/08\/23\/2o-seminario-estadual-de-turismo-sera-na-sexta-feira\/\" \/>\n<meta property=\"og:locale\" content=\"pt_BR\" \/>\n<meta property=\"og:type\" content=\"article\" \/>\n<meta property=\"og:title\" content=\"2\u00ba Semin\u00e1rio Estadual de Turismo ser\u00e1 na sexta-feira - Folha Popular\" \/>\n<meta property=\"og:description\" content=\"Na pr\u00f3xima sexta-feira (26\/8), a Associa\u00e7\u00e3o dos Munic\u00edpios de Turismo da Regi\u00e3o dos Vales (Amturvales) promove o 2\u00ba Semin\u00e1rio Estadual de Turismo do RS. A confirma\u00e7\u00e3o de participa\u00e7\u00e3o estava aberta at\u00e9 esta ter\u00e7a-feira (23\/8). O evento ser\u00e1 realizado em Vespasiano Corr\u00eaa e abordar\u00e1 a vis\u00e3o para um futuro com desenvolvimento e tecnologia no Turismo. O [&hellip;]\" \/>\n<meta property=\"og:url\" content=\"https:\/\/folhapopular.info\/index.php\/2022\/08\/23\/2o-seminario-estadual-de-turismo-sera-na-sexta-feira\/\" \/>\n<meta property=\"og:site_name\" content=\"Folha Popular\" \/>\n<meta property=\"article:published_time\" content=\"2022-08-23T21:00:00+00:00\" \/>\n<meta property=\"article:modified_time\" content=\"2022-08-23T22:13:37+00:00\" \/>\n<meta property=\"og:image\" content=\"http:\/\/folhapopular.info\/wp-content\/uploads\/2022\/08\/Vespasiano_Correa-15-scaled-e1661292799697.jpg\" \/>\n\t<meta property=\"og:image:width\" content=\"1500\" \/>\n\t<meta property=\"og:image:height\" content=\"1124\" \/>\n\t<meta property=\"og:image:type\" content=\"image\/jpeg\" \/>\n<meta name=\"author\" content=\"Reda\u00e7\u00e3o Folha Popular\" \/>\n<meta name=\"twitter:card\" content=\"summary_large_image\" \/>\n<meta name=\"twitter:label1\" content=\"Escrito por\" \/>\n\t<meta name=\"twitter:data1\" content=\"Reda\u00e7\u00e3o Folha Popular\" \/>\n\t<meta name=\"twitter:label2\" content=\"Est. tempo de leitura\" \/>\n\t<meta name=\"twitter:data2\" content=\"3 minutos\" \/>\n<script type=\"application\/ld+json\" class=\"yoast-schema-graph\">{\"@context\":\"https:\\\/\\\/schema.org\",\"@graph\":[{\"@type\":\"Article\",\"@id\":\"https:\\\/\\\/folhapopular.info\\\/index.php\\\/2022\\\/08\\\/23\\\/2o-seminario-estadual-de-turismo-sera-na-sexta-feira\\\/#article\",\"isPartOf\":{\"@id\":\"https:\\\/\\\/folhapopular.info\\\/index.php\\\/2022\\\/08\\\/23\\\/2o-seminario-estadual-de-turismo-sera-na-sexta-feira\\\/\"},\"author\":{\"name\":\"Reda\u00e7\u00e3o Folha Popular\",\"@id\":\"https:\\\/\\\/folhapopular.info\\\/#\\\/schema\\\/person\\\/2814e8a0df7643585a9ca38bc6eb9d4b\"},\"headline\":\"2\u00ba Semin\u00e1rio Estadual de Turismo ser\u00e1 na sexta-feira\",\"datePublished\":\"2022-08-23T21:00:00+00:00\",\"dateModified\":\"2022-08-23T22:13:37+00:00\",\"mainEntityOfPage\":{\"@id\":\"https:\\\/\\\/folhapopular.info\\\/index.php\\\/2022\\\/08\\\/23\\\/2o-seminario-estadual-de-turismo-sera-na-sexta-feira\\\/\"},\"wordCount\":569,\"commentCount\":0,\"image\":{\"@id\":\"https:\\\/\\\/folhapopular.info\\\/index.php\\\/2022\\\/08\\\/23\\\/2o-seminario-estadual-de-turismo-sera-na-sexta-feira\\\/#primaryimage\"},\"thumbnailUrl\":\"https:\\\/\\\/folhapopular.info\\\/wp-content\\\/uploads\\\/2022\\\/08\\\/Vespasiano_Correa-15-scaled-e1661292799697.jpg\",\"keywords\":[\"Vale do Taquari\"],\"articleSection\":[\"Destaques\",\"Geral\"],\"inLanguage\":\"pt-BR\",\"potentialAction\":[{\"@type\":\"CommentAction\",\"name\":\"Comment\",\"target\":[\"https:\\\/\\\/folhapopular.info\\\/index.php\\\/2022\\\/08\\\/23\\\/2o-seminario-estadual-de-turismo-sera-na-sexta-feira\\\/#respond\"]}]},{\"@type\":\"WebPage\",\"@id\":\"https:\\\/\\\/folhapopular.info\\\/index.php\\\/2022\\\/08\\\/23\\\/2o-seminario-estadual-de-turismo-sera-na-sexta-feira\\\/\",\"url\":\"https:\\\/\\\/folhapopular.info\\\/index.php\\\/2022\\\/08\\\/23\\\/2o-seminario-estadual-de-turismo-sera-na-sexta-feira\\\/\",\"name\":\"2\u00ba Semin\u00e1rio Estadual de Turismo ser\u00e1 na sexta-feira - Folha Popular\",\"isPartOf\":{\"@id\":\"https:\\\/\\\/folhapopular.info\\\/#website\"},\"primaryImageOfPage\":{\"@id\":\"https:\\\/\\\/folhapopular.info\\\/index.php\\\/2022\\\/08\\\/23\\\/2o-seminario-estadual-de-turismo-sera-na-sexta-feira\\\/#primaryimage\"},\"image\":{\"@id\":\"https:\\\/\\\/folhapopular.info\\\/index.php\\\/2022\\\/08\\\/23\\\/2o-seminario-estadual-de-turismo-sera-na-sexta-feira\\\/#primaryimage\"},\"thumbnailUrl\":\"https:\\\/\\\/folhapopular.info\\\/wp-content\\\/uploads\\\/2022\\\/08\\\/Vespasiano_Correa-15-scaled-e1661292799697.jpg\",\"datePublished\":\"2022-08-23T21:00:00+00:00\",\"dateModified\":\"2022-08-23T22:13:37+00:00\",\"author\":{\"@id\":\"https:\\\/\\\/folhapopular.info\\\/#\\\/schema\\\/person\\\/2814e8a0df7643585a9ca38bc6eb9d4b\"},\"breadcrumb\":{\"@id\":\"https:\\\/\\\/folhapopular.info\\\/index.php\\\/2022\\\/08\\\/23\\\/2o-seminario-estadual-de-turismo-sera-na-sexta-feira\\\/#breadcrumb\"},\"inLanguage\":\"pt-BR\",\"potentialAction\":[{\"@type\":\"ReadAction\",\"target\":[\"https:\\\/\\\/folhapopular.info\\\/index.php\\\/2022\\\/08\\\/23\\\/2o-seminario-estadual-de-turismo-sera-na-sexta-feira\\\/\"]}]},{\"@type\":\"ImageObject\",\"inLanguage\":\"pt-BR\",\"@id\":\"https:\\\/\\\/folhapopular.info\\\/index.php\\\/2022\\\/08\\\/23\\\/2o-seminario-estadual-de-turismo-sera-na-sexta-feira\\\/#primaryimage\",\"url\":\"https:\\\/\\\/folhapopular.info\\\/wp-content\\\/uploads\\\/2022\\\/08\\\/Vespasiano_Correa-15-scaled-e1661292799697.jpg\",\"contentUrl\":\"https:\\\/\\\/folhapopular.info\\\/wp-content\\\/uploads\\\/2022\\\/08\\\/Vespasiano_Correa-15-scaled-e1661292799697.jpg\",\"width\":1500,\"height\":1124,\"caption\":\"Evento ser\u00e1 realizado em Vespasiano Corr\u00eaa \\\/\\\/ Cr\u00e9dito: Imagem A\u00e9rea RS \\\/ Divulga\u00e7\u00e3o\"},{\"@type\":\"BreadcrumbList\",\"@id\":\"https:\\\/\\\/folhapopular.info\\\/index.php\\\/2022\\\/08\\\/23\\\/2o-seminario-estadual-de-turismo-sera-na-sexta-feira\\\/#breadcrumb\",\"itemListElement\":[{\"@type\":\"ListItem\",\"position\":1,\"name\":\"In\u00edcio\",\"item\":\"https:\\\/\\\/folhapopular.info\\\/\"},{\"@type\":\"ListItem\",\"position\":2,\"name\":\"2\u00ba Semin\u00e1rio Estadual de Turismo ser\u00e1 na sexta-feira\"}]},{\"@type\":\"WebSite\",\"@id\":\"https:\\\/\\\/folhapopular.info\\\/#website\",\"url\":\"https:\\\/\\\/folhapopular.info\\\/\",\"name\":\"Folha Popular\",\"description\":\"Onde voc\u00ea tem vez e voz\",\"potentialAction\":[{\"@type\":\"SearchAction\",\"target\":{\"@type\":\"EntryPoint\",\"urlTemplate\":\"https:\\\/\\\/folhapopular.info\\\/?s={search_term_string}\"},\"query-input\":{\"@type\":\"PropertyValueSpecification\",\"valueRequired\":true,\"valueName\":\"search_term_string\"}}],\"inLanguage\":\"pt-BR\"},{\"@type\":\"Person\",\"@id\":\"https:\\\/\\\/folhapopular.info\\\/#\\\/schema\\\/person\\\/2814e8a0df7643585a9ca38bc6eb9d4b\",\"name\":\"Reda\u00e7\u00e3o Folha Popular\",\"image\":{\"@type\":\"ImageObject\",\"inLanguage\":\"pt-BR\",\"@id\":\"https:\\\/\\\/folhapopular.info\\\/wp-content\\\/uploads\\\/2026\\\/04\\\/Folha-1.webp\",\"url\":\"https:\\\/\\\/folhapopular.info\\\/wp-content\\\/uploads\\\/2026\\\/04\\\/Folha-1.webp\",\"contentUrl\":\"https:\\\/\\\/folhapopular.info\\\/wp-content\\\/uploads\\\/2026\\\/04\\\/Folha-1.webp\",\"caption\":\"Reda\u00e7\u00e3o Folha Popular\"},\"url\":\"https:\\\/\\\/folhapopular.info\\\/index.php\\\/author\\\/redacao\\\/\"}]}<\/script>\n<!-- \/ Yoast SEO plugin. -->","yoast_head_json":{"title":"2\u00ba Semin\u00e1rio Estadual de Turismo ser\u00e1 na sexta-feira - Folha Popular","robots":{"index":"index","follow":"follow","max-snippet":"max-snippet:-1","max-image-preview":"max-image-preview:large","max-video-preview":"max-video-preview:-1"},"canonical":"https:\/\/folhapopular.info\/index.php\/2022\/08\/23\/2o-seminario-estadual-de-turismo-sera-na-sexta-feira\/","og_locale":"pt_BR","og_type":"article","og_title":"2\u00ba Semin\u00e1rio Estadual de Turismo ser\u00e1 na sexta-feira - Folha Popular","og_description":"Na pr\u00f3xima sexta-feira (26\/8), a Associa\u00e7\u00e3o dos Munic\u00edpios de Turismo da Regi\u00e3o dos Vales (Amturvales) promove o 2\u00ba Semin\u00e1rio Estadual de Turismo do RS. A confirma\u00e7\u00e3o de participa\u00e7\u00e3o estava aberta at\u00e9 esta ter\u00e7a-feira (23\/8). O evento ser\u00e1 realizado em Vespasiano Corr\u00eaa e abordar\u00e1 a vis\u00e3o para um futuro com desenvolvimento e tecnologia no Turismo. O [&hellip;]","og_url":"https:\/\/folhapopular.info\/index.php\/2022\/08\/23\/2o-seminario-estadual-de-turismo-sera-na-sexta-feira\/","og_site_name":"Folha Popular","article_published_time":"2022-08-23T21:00:00+00:00","article_modified_time":"2022-08-23T22:13:37+00:00","og_image":[{"width":1500,"height":1124,"url":"http:\/\/folhapopular.info\/wp-content\/uploads\/2022\/08\/Vespasiano_Correa-15-scaled-e1661292799697.jpg","type":"image\/jpeg"}],"author":"Reda\u00e7\u00e3o Folha Popular","twitter_card":"summary_large_image","twitter_misc":{"Escrito por":"Reda\u00e7\u00e3o Folha Popular","Est. tempo de leitura":"3 minutos"},"schema":{"@context":"https:\/\/schema.org","@graph":[{"@type":"Article","@id":"https:\/\/folhapopular.info\/index.php\/2022\/08\/23\/2o-seminario-estadual-de-turismo-sera-na-sexta-feira\/#article","isPartOf":{"@id":"https:\/\/folhapopular.info\/index.php\/2022\/08\/23\/2o-seminario-estadual-de-turismo-sera-na-sexta-feira\/"},"author":{"name":"Reda\u00e7\u00e3o Folha Popular","@id":"https:\/\/folhapopular.info\/#\/schema\/person\/2814e8a0df7643585a9ca38bc6eb9d4b"},"headline":"2\u00ba Semin\u00e1rio Estadual de Turismo ser\u00e1 na sexta-feira","datePublished":"2022-08-23T21:00:00+00:00","dateModified":"2022-08-23T22:13:37+00:00","mainEntityOfPage":{"@id":"https:\/\/folhapopular.info\/index.php\/2022\/08\/23\/2o-seminario-estadual-de-turismo-sera-na-sexta-feira\/"},"wordCount":569,"commentCount":0,"image":{"@id":"https:\/\/folhapopular.info\/index.php\/2022\/08\/23\/2o-seminario-estadual-de-turismo-sera-na-sexta-feira\/#primaryimage"},"thumbnailUrl":"https:\/\/folhapopular.info\/wp-content\/uploads\/2022\/08\/Vespasiano_Correa-15-scaled-e1661292799697.jpg","keywords":["Vale do Taquari"],"articleSection":["Destaques","Geral"],"inLanguage":"pt-BR","potentialAction":[{"@type":"CommentAction","name":"Comment","target":["https:\/\/folhapopular.info\/index.php\/2022\/08\/23\/2o-seminario-estadual-de-turismo-sera-na-sexta-feira\/#respond"]}]},{"@type":"WebPage","@id":"https:\/\/folhapopular.info\/index.php\/2022\/08\/23\/2o-seminario-estadual-de-turismo-sera-na-sexta-feira\/","url":"https:\/\/folhapopular.info\/index.php\/2022\/08\/23\/2o-seminario-estadual-de-turismo-sera-na-sexta-feira\/","name":"2\u00ba Semin\u00e1rio Estadual de Turismo ser\u00e1 na sexta-feira - Folha Popular","isPartOf":{"@id":"https:\/\/folhapopular.info\/#website"},"primaryImageOfPage":{"@id":"https:\/\/folhapopular.info\/index.php\/2022\/08\/23\/2o-seminario-estadual-de-turismo-sera-na-sexta-feira\/#primaryimage"},"image":{"@id":"https:\/\/folhapopular.info\/index.php\/2022\/08\/23\/2o-seminario-estadual-de-turismo-sera-na-sexta-feira\/#primaryimage"},"thumbnailUrl":"https:\/\/folhapopular.info\/wp-content\/uploads\/2022\/08\/Vespasiano_Correa-15-scaled-e1661292799697.jpg","datePublished":"2022-08-23T21:00:00+00:00","dateModified":"2022-08-23T22:13:37+00:00","author":{"@id":"https:\/\/folhapopular.info\/#\/schema\/person\/2814e8a0df7643585a9ca38bc6eb9d4b"},"breadcrumb":{"@id":"https:\/\/folhapopular.info\/index.php\/2022\/08\/23\/2o-seminario-estadual-de-turismo-sera-na-sexta-feira\/#breadcrumb"},"inLanguage":"pt-BR","potentialAction":[{"@type":"ReadAction","target":["https:\/\/folhapopular.info\/index.php\/2022\/08\/23\/2o-seminario-estadual-de-turismo-sera-na-sexta-feira\/"]}]},{"@type":"ImageObject","inLanguage":"pt-BR","@id":"https:\/\/folhapopular.info\/index.php\/2022\/08\/23\/2o-seminario-estadual-de-turismo-sera-na-sexta-feira\/#primaryimage","url":"https:\/\/folhapopular.info\/wp-content\/uploads\/2022\/08\/Vespasiano_Correa-15-scaled-e1661292799697.jpg","contentUrl":"https:\/\/folhapopular.info\/wp-content\/uploads\/2022\/08\/Vespasiano_Correa-15-scaled-e1661292799697.jpg","width":1500,"height":1124,"caption":"Evento ser\u00e1 realizado em Vespasiano Corr\u00eaa \/\/ Cr\u00e9dito: Imagem A\u00e9rea RS \/ Divulga\u00e7\u00e3o"},{"@type":"BreadcrumbList","@id":"https:\/\/folhapopular.info\/index.php\/2022\/08\/23\/2o-seminario-estadual-de-turismo-sera-na-sexta-feira\/#breadcrumb","itemListElement":[{"@type":"ListItem","position":1,"name":"In\u00edcio","item":"https:\/\/folhapopular.info\/"},{"@type":"ListItem","position":2,"name":"2\u00ba Semin\u00e1rio Estadual de Turismo ser\u00e1 na sexta-feira"}]},{"@type":"WebSite","@id":"https:\/\/folhapopular.info\/#website","url":"https:\/\/folhapopular.info\/","name":"Folha Popular","description":"Onde voc\u00ea tem vez e voz","potentialAction":[{"@type":"SearchAction","target":{"@type":"EntryPoint","urlTemplate":"https:\/\/folhapopular.info\/?s={search_term_string}"},"query-input":{"@type":"PropertyValueSpecification","valueRequired":true,"valueName":"search_term_string"}}],"inLanguage":"pt-BR"},{"@type":"Person","@id":"https:\/\/folhapopular.info\/#\/schema\/person\/2814e8a0df7643585a9ca38bc6eb9d4b","name":"Reda\u00e7\u00e3o Folha Popular","image":{"@type":"ImageObject","inLanguage":"pt-BR","@id":"https:\/\/folhapopular.info\/wp-content\/uploads\/2026\/04\/Folha-1.webp","url":"https:\/\/folhapopular.info\/wp-content\/uploads\/2026\/04\/Folha-1.webp","contentUrl":"https:\/\/folhapopular.info\/wp-content\/uploads\/2026\/04\/Folha-1.webp","caption":"Reda\u00e7\u00e3o Folha Popular"},"url":"https:\/\/folhapopular.info\/index.php\/author\/redacao\/"}]}},"jetpack_featured_media_url":"https:\/\/folhapopular.info\/wp-content\/uploads\/2022\/08\/Vespasiano_Correa-15-scaled-e1661292799697.jpg","jetpack_sharing_enabled":true,"amp_enabled":true,"_links":{"self":[{"href":"https:\/\/folhapopular.info\/index.php\/wp-json\/wp\/v2\/posts\/111362","targetHints":{"allow":["GET"]}}],"collection":[{"href":"https:\/\/folhapopular.info\/index.php\/wp-json\/wp\/v2\/posts"}],"about":[{"href":"https:\/\/folhapopular.info\/index.php\/wp-json\/wp\/v2\/types\/post"}],"author":[{"embeddable":true,"href":"https:\/\/folhapopular.info\/index.php\/wp-json\/wp\/v2\/users\/8"}],"replies":[{"embeddable":true,"href":"https:\/\/folhapopular.info\/index.php\/wp-json\/wp\/v2\/comments?post=111362"}],"version-history":[{"count":0,"href":"https:\/\/folhapopular.info\/index.php\/wp-json\/wp\/v2\/posts\/111362\/revisions"}],"wp:featuredmedia":[{"embeddable":true,"href":"https:\/\/folhapopular.info\/index.php\/wp-json\/wp\/v2\/media\/111366"}],"wp:attachment":[{"href":"https:\/\/folhapopular.info\/index.php\/wp-json\/wp\/v2\/media?parent=111362"}],"wp:term":[{"taxonomy":"category","embeddable":true,"href":"https:\/\/folhapopular.info\/index.php\/wp-json\/wp\/v2\/categories?post=111362"},{"taxonomy":"post_tag","embeddable":true,"href":"https:\/\/folhapopular.info\/index.php\/wp-json\/wp\/v2\/tags?post=111362"}],"curies":[{"name":"wp","href":"https:\/\/api.w.org\/{rel}","templated":true}]}}