{"id":111385,"date":"2022-08-24T14:40:25","date_gmt":"2022-08-24T17:40:25","guid":{"rendered":"https:\/\/folhapopular.info\/?p=111385"},"modified":"2022-08-24T14:48:08","modified_gmt":"2022-08-24T17:48:08","slug":"13a-feira-do-conhecimento-inicia-dia-30-em-westfalia","status":"publish","type":"post","link":"https:\/\/folhapopular.info\/index.php\/2022\/08\/24\/13a-feira-do-conhecimento-inicia-dia-30-em-westfalia\/","title":{"rendered":"13\u00aa Feira do Conhecimento inicia dia 30 de agosto em Westf\u00e1lia"},"content":{"rendered":"\n<p>Ap\u00f3s dois anos sem atividades presenciais em virtude da pandemia da Covid-19, a 13\u00aa Feira do Conhecimento de\u00a0Westf\u00e1lia\u00a0marca o retorno da programa\u00e7\u00e3o. Esta edi\u00e7\u00e3o trar\u00e1 diversas novidades. <\/p>\n\n\n\n<p>A atividade, voltada \u00e0 comunidade westfaliana e regional, acontece de 30 de agosto a 2 de setembro, na Casa da OASE, no Centro, e tem como tem\u00e1tica \u201cTecnologia a favor da Sustentabilidade\u201d.<\/p>\n\n\n\n<p>Ser\u00e3o diversos atrativos para este ano: conversa com escritores e ilustradores, apresenta\u00e7\u00f5es culturais, palestra, presen\u00e7a da Livraria Kadernu\u2019s e da Cooperativa Escolar e demonstra\u00e7\u00e3o de circuito de rob\u00f3tica (escolas do Sesi-RS) s\u00e3o alguns deles. O tradicional Concurso de Orat\u00f3ria, al\u00e9m das pe\u00e7as teatrais, tamb\u00e9m s\u00e3o atividades especiais para a comunidade escolar. A programa\u00e7\u00e3o ainda inclui exposi\u00e7\u00e3o de animais taxidermizados da fauna regional, atrav\u00e9s de parceria com a Univates.<\/p>\n\n\n\n<p>Uma das grandes novidades, para esta edi\u00e7\u00e3o, \u00e9 o Concurso de Poesias. \u201cNossa inten\u00e7\u00e3o \u00e9 inovar a cada ano que passa, buscando trazer novos atrativos \u00e0 comunidade escolar, al\u00e9m de envolver, cada vez mais, os nossos estudantes. Tivemos acesso a algumas produ\u00e7\u00f5es e garantimos que este ser\u00e1 um momento muito especial para os alunos. Portanto, esperamos as fam\u00edlias com carinho\u201d, observa a secret\u00e1ria de Educa\u00e7\u00e3o, Cultura, Turismo e Desporto, Elisangela Schneider Wieth\u00f6lter.<\/p>\n\n\n\n<p>Conforme Elisangela, a Feira do Conhecimento \u00e9 uma programa\u00e7\u00e3o voltada \u00e0 toda comunidade escolar. \u201cTrouxemos uma tem\u00e1tica bastante constante em nosso dia-a-dia, envolvendo tecnologia e sustentabilidade. Portanto, de forma especial, estendemos o nosso convite \u00e0 comunidade local e regional para que prestigiem a nossa Feira do Conhecimento, sempre t\u00e3o especial, rica e inovadora. Aguardamos por todos\u201d, convida a secret\u00e1ria.<\/p>\n\n\n\n<p>A 13\u00aa Feira do Conhecimento \u00e9 uma realiza\u00e7\u00e3o da Prefeitura de\u00a0Westf\u00e1lia, por meio da Secretaria de Educa\u00e7\u00e3o, Cultura, Turismo e Desporto (SMEC), com apoio da Livraria e Papelaria Kadernu\u2019s.<\/p>\n\n\n\n<p><strong>Atividades j\u00e1 realizadas pelos estudantes<\/strong><\/p>\n\n\n\n<p>Na semana passada, como forma de divulga\u00e7\u00e3o da feira estudantes dos Anos Finais do Ensino Fundamental confeccionaram e instalaram placas decorativas e de reflex\u00e3o, no decorrer da Rua Henrique Uebel. As mesmas trazem frases sobre leitura, tecnologia e sustentabilidade.<\/p>\n\n\n\n<p>J\u00e1 nesta segunda-feira (22\/8), alunos da Educa\u00e7\u00e3o Infantil e dos Anos Iniciais do Ensino Fundamental, das quatro escolas da rede municipal de ensino, tiveram as primeiras atividades presenciais em alus\u00e3o \u00e0 13\u00aa Feira do Conhecimento. <\/p>\n\n\n\n<p>Al\u00e9m de conta\u00e7\u00e3o de hist\u00f3rias e momento de integra\u00e7\u00e3o, eles participaram de atividade especial com a ilustradora Laura Castilhos. Foi um momento para desenhar, colorir e colocar a criatividade no papel.<\/p>\n\n\n\n<p><strong>Programa\u00e7\u00e3o da XIII Feira do Conhecimento<\/strong><\/p>\n\n\n\n<p>30 de agosto (ter\u00e7a-feira)<\/p>\n\n\n\n<p><em>Manh\u00e3 e tarde<\/em><\/p>\n\n\n\n<p>Presen\u00e7a da escritora Maria Luiza Puglia na EMEF Vila Schmidt<\/p>\n\n\n\n<p>31 de agosto (quarta-feira)<\/p>\n\n\n\n<p><em>Noite<\/em><\/p>\n\n\n\n<p><strong>19h30 \u2013<\/strong>\u00a0Abertura da Feira<\/p>\n\n\n\n<p>&#8211; Grupo Instrumental<\/p>\n\n\n\n<p>&#8211; Coral Juvenil<\/p>\n\n\n\n<p>&#8211; Palestra com Guilherme Massena (para toda comunidade)<\/p>\n\n\n\n<p>&#8211; \u00d3culos Virtual 360\u00ba 4K \u2013 Sistema Fecom\u00e9rcio<\/p>\n\n\n\n<p>1\u00ba de setembro (quinta-feira)<\/p>\n\n\n\n<p><em>Manh\u00e3<\/em><\/p>\n\n\n\n<p>&#8211; Momento com escritor Pablo Moreno<\/p>\n\n\n\n<p>&#8211; Momento com escritor Christian David<\/p>\n\n\n\n<p><em>Tarde<\/em><\/p>\n\n\n\n<p>&#8211; Momento com escritor Pablo Moreno<\/p>\n\n\n\n<p>&#8211; Momento com escritor Christian David<\/p>\n\n\n\n<p><em>Noite<\/em><\/p>\n\n\n\n<p><strong>19h30 \u2013<\/strong>\u00a0Concurso de Poesia e de Orat\u00f3ria<\/p>\n\n\n\n<p>02 de setembro (sexta-feira)<\/p>\n\n\n\n<p><em>Manh\u00e3<\/em><\/p>\n\n\n\n<p>&#8211; Teatro \u201cCidade das Cores\u201d<\/p>\n\n\n\n<p><em>Tarde<\/em><\/p>\n\n\n\n<p>&#8211; Teatro \u201cMist\u00e9rio da Mala\u201d<\/p>\n\n\n\n<p><em>Noite<\/em><\/p>\n\n\n\n<p><strong>19h30 \u2013<\/strong>\u00a0Teatro \u201cOs causos de Mariana\u201d<\/p>\n","protected":false},"excerpt":{"rendered":"<p>Ap\u00f3s dois anos sem atividades presenciais em virtude da pandemia da Covid-19, a 13\u00aa Feira do Conhecimento de\u00a0Westf\u00e1lia\u00a0marca o retorno da programa\u00e7\u00e3o. Esta edi\u00e7\u00e3o trar\u00e1 diversas novidades. A atividade, voltada \u00e0 comunidade westfaliana e regional, acontece de 30 de agosto a 2 de setembro, na Casa da OASE, no Centro, e tem como tem\u00e1tica \u201cTecnologia [&hellip;]<\/p>\n","protected":false},"author":8,"featured_media":111386,"comment_status":"open","ping_status":"open","sticky":false,"template":"","format":"standard","meta":{"pmpro_default_level":"","_jetpack_memberships_contains_paid_content":false,"footnotes":""},"categories":[2,3],"tags":[952,25],"class_list":{"0":"post-111385","1":"post","2":"type-post","3":"status-publish","4":"format-standard","5":"has-post-thumbnail","7":"category-featured","8":"category-geral","9":"tag-feira-do-conhecimento","10":"tag-westfalia","11":"pmpro-has-access"},"yoast_head":"<!-- This site is optimized with the Yoast SEO plugin v27.5 - https:\/\/yoast.com\/product\/yoast-seo-wordpress\/ -->\n<title>13\u00aa Feira do Conhecimento inicia dia 30 de agosto em Westf\u00e1lia - Folha Popular<\/title>\n<meta name=\"robots\" content=\"index, follow, max-snippet:-1, max-image-preview:large, max-video-preview:-1\" \/>\n<link rel=\"canonical\" href=\"https:\/\/folhapopular.info\/index.php\/2022\/08\/24\/13a-feira-do-conhecimento-inicia-dia-30-em-westfalia\/\" \/>\n<meta property=\"og:locale\" content=\"pt_BR\" \/>\n<meta property=\"og:type\" content=\"article\" \/>\n<meta property=\"og:title\" content=\"13\u00aa Feira do Conhecimento inicia dia 30 de agosto em Westf\u00e1lia - Folha Popular\" \/>\n<meta property=\"og:description\" content=\"Ap\u00f3s dois anos sem atividades presenciais em virtude da pandemia da Covid-19, a 13\u00aa Feira do Conhecimento de\u00a0Westf\u00e1lia\u00a0marca o retorno da programa\u00e7\u00e3o. Esta edi\u00e7\u00e3o trar\u00e1 diversas novidades. A atividade, voltada \u00e0 comunidade westfaliana e regional, acontece de 30 de agosto a 2 de setembro, na Casa da OASE, no Centro, e tem como tem\u00e1tica \u201cTecnologia [&hellip;]\" \/>\n<meta property=\"og:url\" content=\"https:\/\/folhapopular.info\/index.php\/2022\/08\/24\/13a-feira-do-conhecimento-inicia-dia-30-em-westfalia\/\" \/>\n<meta property=\"og:site_name\" content=\"Folha Popular\" \/>\n<meta property=\"article:published_time\" content=\"2022-08-24T17:40:25+00:00\" \/>\n<meta property=\"article:modified_time\" content=\"2022-08-24T17:48:08+00:00\" \/>\n<meta property=\"og:image\" content=\"http:\/\/folhapopular.info\/wp-content\/uploads\/2022\/08\/Momento-com-a-ilustradora-Laura-Castilhos-foi-a-primeira-atividade-com-estudantes-da-Educacao-Infantil-e-Anos-Iniciais_PDV-scaled-e1661362805721.jpg\" \/>\n\t<meta property=\"og:image:width\" content=\"1200\" \/>\n\t<meta property=\"og:image:height\" content=\"802\" \/>\n\t<meta property=\"og:image:type\" content=\"image\/jpeg\" \/>\n<meta name=\"author\" content=\"Reda\u00e7\u00e3o Folha Popular\" \/>\n<meta name=\"twitter:card\" content=\"summary_large_image\" \/>\n<meta name=\"twitter:label1\" content=\"Escrito por\" \/>\n\t<meta name=\"twitter:data1\" content=\"Reda\u00e7\u00e3o Folha Popular\" \/>\n\t<meta name=\"twitter:label2\" content=\"Est. tempo de leitura\" \/>\n\t<meta name=\"twitter:data2\" content=\"3 minutos\" \/>\n<script type=\"application\/ld+json\" class=\"yoast-schema-graph\">{\"@context\":\"https:\\\/\\\/schema.org\",\"@graph\":[{\"@type\":\"Article\",\"@id\":\"https:\\\/\\\/folhapopular.info\\\/index.php\\\/2022\\\/08\\\/24\\\/13a-feira-do-conhecimento-inicia-dia-30-em-westfalia\\\/#article\",\"isPartOf\":{\"@id\":\"https:\\\/\\\/folhapopular.info\\\/index.php\\\/2022\\\/08\\\/24\\\/13a-feira-do-conhecimento-inicia-dia-30-em-westfalia\\\/\"},\"author\":{\"name\":\"Reda\u00e7\u00e3o Folha Popular\",\"@id\":\"https:\\\/\\\/folhapopular.info\\\/#\\\/schema\\\/person\\\/2814e8a0df7643585a9ca38bc6eb9d4b\"},\"headline\":\"13\u00aa Feira do Conhecimento inicia dia 30 de agosto em Westf\u00e1lia\",\"datePublished\":\"2022-08-24T17:40:25+00:00\",\"dateModified\":\"2022-08-24T17:48:08+00:00\",\"mainEntityOfPage\":{\"@id\":\"https:\\\/\\\/folhapopular.info\\\/index.php\\\/2022\\\/08\\\/24\\\/13a-feira-do-conhecimento-inicia-dia-30-em-westfalia\\\/\"},\"wordCount\":554,\"commentCount\":0,\"image\":{\"@id\":\"https:\\\/\\\/folhapopular.info\\\/index.php\\\/2022\\\/08\\\/24\\\/13a-feira-do-conhecimento-inicia-dia-30-em-westfalia\\\/#primaryimage\"},\"thumbnailUrl\":\"https:\\\/\\\/folhapopular.info\\\/wp-content\\\/uploads\\\/2022\\\/08\\\/Momento-com-a-ilustradora-Laura-Castilhos-foi-a-primeira-atividade-com-estudantes-da-Educacao-Infantil-e-Anos-Iniciais_PDV-scaled-e1661362805721.jpg\",\"keywords\":[\"Feira do Conhecimento\",\"Westf\u00e1lia\"],\"articleSection\":[\"Destaques\",\"Geral\"],\"inLanguage\":\"pt-BR\",\"potentialAction\":[{\"@type\":\"CommentAction\",\"name\":\"Comment\",\"target\":[\"https:\\\/\\\/folhapopular.info\\\/index.php\\\/2022\\\/08\\\/24\\\/13a-feira-do-conhecimento-inicia-dia-30-em-westfalia\\\/#respond\"]}]},{\"@type\":\"WebPage\",\"@id\":\"https:\\\/\\\/folhapopular.info\\\/index.php\\\/2022\\\/08\\\/24\\\/13a-feira-do-conhecimento-inicia-dia-30-em-westfalia\\\/\",\"url\":\"https:\\\/\\\/folhapopular.info\\\/index.php\\\/2022\\\/08\\\/24\\\/13a-feira-do-conhecimento-inicia-dia-30-em-westfalia\\\/\",\"name\":\"13\u00aa Feira do Conhecimento inicia dia 30 de agosto em Westf\u00e1lia - Folha Popular\",\"isPartOf\":{\"@id\":\"https:\\\/\\\/folhapopular.info\\\/#website\"},\"primaryImageOfPage\":{\"@id\":\"https:\\\/\\\/folhapopular.info\\\/index.php\\\/2022\\\/08\\\/24\\\/13a-feira-do-conhecimento-inicia-dia-30-em-westfalia\\\/#primaryimage\"},\"image\":{\"@id\":\"https:\\\/\\\/folhapopular.info\\\/index.php\\\/2022\\\/08\\\/24\\\/13a-feira-do-conhecimento-inicia-dia-30-em-westfalia\\\/#primaryimage\"},\"thumbnailUrl\":\"https:\\\/\\\/folhapopular.info\\\/wp-content\\\/uploads\\\/2022\\\/08\\\/Momento-com-a-ilustradora-Laura-Castilhos-foi-a-primeira-atividade-com-estudantes-da-Educacao-Infantil-e-Anos-Iniciais_PDV-scaled-e1661362805721.jpg\",\"datePublished\":\"2022-08-24T17:40:25+00:00\",\"dateModified\":\"2022-08-24T17:48:08+00:00\",\"author\":{\"@id\":\"https:\\\/\\\/folhapopular.info\\\/#\\\/schema\\\/person\\\/2814e8a0df7643585a9ca38bc6eb9d4b\"},\"breadcrumb\":{\"@id\":\"https:\\\/\\\/folhapopular.info\\\/index.php\\\/2022\\\/08\\\/24\\\/13a-feira-do-conhecimento-inicia-dia-30-em-westfalia\\\/#breadcrumb\"},\"inLanguage\":\"pt-BR\",\"potentialAction\":[{\"@type\":\"ReadAction\",\"target\":[\"https:\\\/\\\/folhapopular.info\\\/index.php\\\/2022\\\/08\\\/24\\\/13a-feira-do-conhecimento-inicia-dia-30-em-westfalia\\\/\"]}]},{\"@type\":\"ImageObject\",\"inLanguage\":\"pt-BR\",\"@id\":\"https:\\\/\\\/folhapopular.info\\\/index.php\\\/2022\\\/08\\\/24\\\/13a-feira-do-conhecimento-inicia-dia-30-em-westfalia\\\/#primaryimage\",\"url\":\"https:\\\/\\\/folhapopular.info\\\/wp-content\\\/uploads\\\/2022\\\/08\\\/Momento-com-a-ilustradora-Laura-Castilhos-foi-a-primeira-atividade-com-estudantes-da-Educacao-Infantil-e-Anos-Iniciais_PDV-scaled-e1661362805721.jpg\",\"contentUrl\":\"https:\\\/\\\/folhapopular.info\\\/wp-content\\\/uploads\\\/2022\\\/08\\\/Momento-com-a-ilustradora-Laura-Castilhos-foi-a-primeira-atividade-com-estudantes-da-Educacao-Infantil-e-Anos-Iniciais_PDV-scaled-e1661362805721.jpg\",\"width\":1200,\"height\":802,\"caption\":\"Atividades em alus\u00e3o \u00e0 feira j\u00e1 est\u00e3o sendo realizadas \\\/ Cr\u00e9dito da foto: Paloma Drimeyer Valandro \\\/ Divulga\u00e7\u00e3o\"},{\"@type\":\"BreadcrumbList\",\"@id\":\"https:\\\/\\\/folhapopular.info\\\/index.php\\\/2022\\\/08\\\/24\\\/13a-feira-do-conhecimento-inicia-dia-30-em-westfalia\\\/#breadcrumb\",\"itemListElement\":[{\"@type\":\"ListItem\",\"position\":1,\"name\":\"In\u00edcio\",\"item\":\"https:\\\/\\\/folhapopular.info\\\/\"},{\"@type\":\"ListItem\",\"position\":2,\"name\":\"13\u00aa Feira do Conhecimento inicia dia 30 de agosto em Westf\u00e1lia\"}]},{\"@type\":\"WebSite\",\"@id\":\"https:\\\/\\\/folhapopular.info\\\/#website\",\"url\":\"https:\\\/\\\/folhapopular.info\\\/\",\"name\":\"Folha Popular\",\"description\":\"Onde voc\u00ea tem vez e voz\",\"potentialAction\":[{\"@type\":\"SearchAction\",\"target\":{\"@type\":\"EntryPoint\",\"urlTemplate\":\"https:\\\/\\\/folhapopular.info\\\/?s={search_term_string}\"},\"query-input\":{\"@type\":\"PropertyValueSpecification\",\"valueRequired\":true,\"valueName\":\"search_term_string\"}}],\"inLanguage\":\"pt-BR\"},{\"@type\":\"Person\",\"@id\":\"https:\\\/\\\/folhapopular.info\\\/#\\\/schema\\\/person\\\/2814e8a0df7643585a9ca38bc6eb9d4b\",\"name\":\"Reda\u00e7\u00e3o Folha Popular\",\"image\":{\"@type\":\"ImageObject\",\"inLanguage\":\"pt-BR\",\"@id\":\"https:\\\/\\\/folhapopular.info\\\/wp-content\\\/uploads\\\/2026\\\/04\\\/Folha-1.webp\",\"url\":\"https:\\\/\\\/folhapopular.info\\\/wp-content\\\/uploads\\\/2026\\\/04\\\/Folha-1.webp\",\"contentUrl\":\"https:\\\/\\\/folhapopular.info\\\/wp-content\\\/uploads\\\/2026\\\/04\\\/Folha-1.webp\",\"caption\":\"Reda\u00e7\u00e3o Folha Popular\"},\"url\":\"https:\\\/\\\/folhapopular.info\\\/index.php\\\/author\\\/redacao\\\/\"}]}<\/script>\n<!-- \/ Yoast SEO plugin. -->","yoast_head_json":{"title":"13\u00aa Feira do Conhecimento inicia dia 30 de agosto em Westf\u00e1lia - Folha Popular","robots":{"index":"index","follow":"follow","max-snippet":"max-snippet:-1","max-image-preview":"max-image-preview:large","max-video-preview":"max-video-preview:-1"},"canonical":"https:\/\/folhapopular.info\/index.php\/2022\/08\/24\/13a-feira-do-conhecimento-inicia-dia-30-em-westfalia\/","og_locale":"pt_BR","og_type":"article","og_title":"13\u00aa Feira do Conhecimento inicia dia 30 de agosto em Westf\u00e1lia - Folha Popular","og_description":"Ap\u00f3s dois anos sem atividades presenciais em virtude da pandemia da Covid-19, a 13\u00aa Feira do Conhecimento de\u00a0Westf\u00e1lia\u00a0marca o retorno da programa\u00e7\u00e3o. Esta edi\u00e7\u00e3o trar\u00e1 diversas novidades. A atividade, voltada \u00e0 comunidade westfaliana e regional, acontece de 30 de agosto a 2 de setembro, na Casa da OASE, no Centro, e tem como tem\u00e1tica \u201cTecnologia [&hellip;]","og_url":"https:\/\/folhapopular.info\/index.php\/2022\/08\/24\/13a-feira-do-conhecimento-inicia-dia-30-em-westfalia\/","og_site_name":"Folha Popular","article_published_time":"2022-08-24T17:40:25+00:00","article_modified_time":"2022-08-24T17:48:08+00:00","og_image":[{"width":1200,"height":802,"url":"http:\/\/folhapopular.info\/wp-content\/uploads\/2022\/08\/Momento-com-a-ilustradora-Laura-Castilhos-foi-a-primeira-atividade-com-estudantes-da-Educacao-Infantil-e-Anos-Iniciais_PDV-scaled-e1661362805721.jpg","type":"image\/jpeg"}],"author":"Reda\u00e7\u00e3o Folha Popular","twitter_card":"summary_large_image","twitter_misc":{"Escrito por":"Reda\u00e7\u00e3o Folha Popular","Est. tempo de leitura":"3 minutos"},"schema":{"@context":"https:\/\/schema.org","@graph":[{"@type":"Article","@id":"https:\/\/folhapopular.info\/index.php\/2022\/08\/24\/13a-feira-do-conhecimento-inicia-dia-30-em-westfalia\/#article","isPartOf":{"@id":"https:\/\/folhapopular.info\/index.php\/2022\/08\/24\/13a-feira-do-conhecimento-inicia-dia-30-em-westfalia\/"},"author":{"name":"Reda\u00e7\u00e3o Folha Popular","@id":"https:\/\/folhapopular.info\/#\/schema\/person\/2814e8a0df7643585a9ca38bc6eb9d4b"},"headline":"13\u00aa Feira do Conhecimento inicia dia 30 de agosto em Westf\u00e1lia","datePublished":"2022-08-24T17:40:25+00:00","dateModified":"2022-08-24T17:48:08+00:00","mainEntityOfPage":{"@id":"https:\/\/folhapopular.info\/index.php\/2022\/08\/24\/13a-feira-do-conhecimento-inicia-dia-30-em-westfalia\/"},"wordCount":554,"commentCount":0,"image":{"@id":"https:\/\/folhapopular.info\/index.php\/2022\/08\/24\/13a-feira-do-conhecimento-inicia-dia-30-em-westfalia\/#primaryimage"},"thumbnailUrl":"https:\/\/folhapopular.info\/wp-content\/uploads\/2022\/08\/Momento-com-a-ilustradora-Laura-Castilhos-foi-a-primeira-atividade-com-estudantes-da-Educacao-Infantil-e-Anos-Iniciais_PDV-scaled-e1661362805721.jpg","keywords":["Feira do Conhecimento","Westf\u00e1lia"],"articleSection":["Destaques","Geral"],"inLanguage":"pt-BR","potentialAction":[{"@type":"CommentAction","name":"Comment","target":["https:\/\/folhapopular.info\/index.php\/2022\/08\/24\/13a-feira-do-conhecimento-inicia-dia-30-em-westfalia\/#respond"]}]},{"@type":"WebPage","@id":"https:\/\/folhapopular.info\/index.php\/2022\/08\/24\/13a-feira-do-conhecimento-inicia-dia-30-em-westfalia\/","url":"https:\/\/folhapopular.info\/index.php\/2022\/08\/24\/13a-feira-do-conhecimento-inicia-dia-30-em-westfalia\/","name":"13\u00aa Feira do Conhecimento inicia dia 30 de agosto em Westf\u00e1lia - Folha Popular","isPartOf":{"@id":"https:\/\/folhapopular.info\/#website"},"primaryImageOfPage":{"@id":"https:\/\/folhapopular.info\/index.php\/2022\/08\/24\/13a-feira-do-conhecimento-inicia-dia-30-em-westfalia\/#primaryimage"},"image":{"@id":"https:\/\/folhapopular.info\/index.php\/2022\/08\/24\/13a-feira-do-conhecimento-inicia-dia-30-em-westfalia\/#primaryimage"},"thumbnailUrl":"https:\/\/folhapopular.info\/wp-content\/uploads\/2022\/08\/Momento-com-a-ilustradora-Laura-Castilhos-foi-a-primeira-atividade-com-estudantes-da-Educacao-Infantil-e-Anos-Iniciais_PDV-scaled-e1661362805721.jpg","datePublished":"2022-08-24T17:40:25+00:00","dateModified":"2022-08-24T17:48:08+00:00","author":{"@id":"https:\/\/folhapopular.info\/#\/schema\/person\/2814e8a0df7643585a9ca38bc6eb9d4b"},"breadcrumb":{"@id":"https:\/\/folhapopular.info\/index.php\/2022\/08\/24\/13a-feira-do-conhecimento-inicia-dia-30-em-westfalia\/#breadcrumb"},"inLanguage":"pt-BR","potentialAction":[{"@type":"ReadAction","target":["https:\/\/folhapopular.info\/index.php\/2022\/08\/24\/13a-feira-do-conhecimento-inicia-dia-30-em-westfalia\/"]}]},{"@type":"ImageObject","inLanguage":"pt-BR","@id":"https:\/\/folhapopular.info\/index.php\/2022\/08\/24\/13a-feira-do-conhecimento-inicia-dia-30-em-westfalia\/#primaryimage","url":"https:\/\/folhapopular.info\/wp-content\/uploads\/2022\/08\/Momento-com-a-ilustradora-Laura-Castilhos-foi-a-primeira-atividade-com-estudantes-da-Educacao-Infantil-e-Anos-Iniciais_PDV-scaled-e1661362805721.jpg","contentUrl":"https:\/\/folhapopular.info\/wp-content\/uploads\/2022\/08\/Momento-com-a-ilustradora-Laura-Castilhos-foi-a-primeira-atividade-com-estudantes-da-Educacao-Infantil-e-Anos-Iniciais_PDV-scaled-e1661362805721.jpg","width":1200,"height":802,"caption":"Atividades em alus\u00e3o \u00e0 feira j\u00e1 est\u00e3o sendo realizadas \/ Cr\u00e9dito da foto: Paloma Drimeyer Valandro \/ Divulga\u00e7\u00e3o"},{"@type":"BreadcrumbList","@id":"https:\/\/folhapopular.info\/index.php\/2022\/08\/24\/13a-feira-do-conhecimento-inicia-dia-30-em-westfalia\/#breadcrumb","itemListElement":[{"@type":"ListItem","position":1,"name":"In\u00edcio","item":"https:\/\/folhapopular.info\/"},{"@type":"ListItem","position":2,"name":"13\u00aa Feira do Conhecimento inicia dia 30 de agosto em Westf\u00e1lia"}]},{"@type":"WebSite","@id":"https:\/\/folhapopular.info\/#website","url":"https:\/\/folhapopular.info\/","name":"Folha Popular","description":"Onde voc\u00ea tem vez e voz","potentialAction":[{"@type":"SearchAction","target":{"@type":"EntryPoint","urlTemplate":"https:\/\/folhapopular.info\/?s={search_term_string}"},"query-input":{"@type":"PropertyValueSpecification","valueRequired":true,"valueName":"search_term_string"}}],"inLanguage":"pt-BR"},{"@type":"Person","@id":"https:\/\/folhapopular.info\/#\/schema\/person\/2814e8a0df7643585a9ca38bc6eb9d4b","name":"Reda\u00e7\u00e3o Folha Popular","image":{"@type":"ImageObject","inLanguage":"pt-BR","@id":"https:\/\/folhapopular.info\/wp-content\/uploads\/2026\/04\/Folha-1.webp","url":"https:\/\/folhapopular.info\/wp-content\/uploads\/2026\/04\/Folha-1.webp","contentUrl":"https:\/\/folhapopular.info\/wp-content\/uploads\/2026\/04\/Folha-1.webp","caption":"Reda\u00e7\u00e3o Folha Popular"},"url":"https:\/\/folhapopular.info\/index.php\/author\/redacao\/"}]}},"jetpack_featured_media_url":"https:\/\/folhapopular.info\/wp-content\/uploads\/2022\/08\/Momento-com-a-ilustradora-Laura-Castilhos-foi-a-primeira-atividade-com-estudantes-da-Educacao-Infantil-e-Anos-Iniciais_PDV-scaled-e1661362805721.jpg","jetpack_sharing_enabled":true,"amp_enabled":true,"_links":{"self":[{"href":"https:\/\/folhapopular.info\/index.php\/wp-json\/wp\/v2\/posts\/111385","targetHints":{"allow":["GET"]}}],"collection":[{"href":"https:\/\/folhapopular.info\/index.php\/wp-json\/wp\/v2\/posts"}],"about":[{"href":"https:\/\/folhapopular.info\/index.php\/wp-json\/wp\/v2\/types\/post"}],"author":[{"embeddable":true,"href":"https:\/\/folhapopular.info\/index.php\/wp-json\/wp\/v2\/users\/8"}],"replies":[{"embeddable":true,"href":"https:\/\/folhapopular.info\/index.php\/wp-json\/wp\/v2\/comments?post=111385"}],"version-history":[{"count":0,"href":"https:\/\/folhapopular.info\/index.php\/wp-json\/wp\/v2\/posts\/111385\/revisions"}],"wp:featuredmedia":[{"embeddable":true,"href":"https:\/\/folhapopular.info\/index.php\/wp-json\/wp\/v2\/media\/111386"}],"wp:attachment":[{"href":"https:\/\/folhapopular.info\/index.php\/wp-json\/wp\/v2\/media?parent=111385"}],"wp:term":[{"taxonomy":"category","embeddable":true,"href":"https:\/\/folhapopular.info\/index.php\/wp-json\/wp\/v2\/categories?post=111385"},{"taxonomy":"post_tag","embeddable":true,"href":"https:\/\/folhapopular.info\/index.php\/wp-json\/wp\/v2\/tags?post=111385"}],"curies":[{"name":"wp","href":"https:\/\/api.w.org\/{rel}","templated":true}]}}