{"id":111457,"date":"2022-08-25T16:47:35","date_gmt":"2022-08-25T19:47:35","guid":{"rendered":"https:\/\/folhapopular.info\/?p=111457"},"modified":"2022-08-25T16:47:39","modified_gmt":"2022-08-25T19:47:39","slug":"cras-e-conselho-tutelar-sao-reinaugurados-apos-reforma","status":"publish","type":"post","link":"https:\/\/folhapopular.info\/index.php\/2022\/08\/25\/cras-e-conselho-tutelar-sao-reinaugurados-apos-reforma\/","title":{"rendered":"Cras e Conselho Tutelar s\u00e3o reinaugurados ap\u00f3s reforma"},"content":{"rendered":"\n<p>A reforma do Centro de Refer\u00eancia de Assist\u00eancia Social (CRAS) e do Conselho Tutelar foi entregue nesta quarta-feira (24\/8) pela Secretaria de Sa\u00fade e Assist\u00eancia Social de Imigrante. O investimento custou R$ 80 mil, mais o mobili\u00e1rio.<\/p>\n\n\n\n<p>Agora, o Cras possui \u00e1rea de 190 metros quadrados e o Conselho Tutelar, 60 metros quadrados. Foi feita a amplia\u00e7\u00e3o e integra\u00e7\u00e3o de salas, acessibilidade nos banheiros e entrada exclusiva para cada \u00f3rg\u00e3o. Mesmo estando em um mesmo pr\u00e9dio, Cras e Conselho Tutelar t\u00eam entradas espec\u00edficas, preservando a individualidade de cada setor. As reformas foram planejadas para atender totalmente \u00e0 demanda das pessoas com algum tipo de defici\u00eancia.<\/p>\n\n\n\n<p>O prefeito Germano Stevens comentou sobre import\u00e2ncia da a\u00e7\u00e3o. \u201cN\u00e3o podemos imaginar um local que recebe a comunidade, que atende pessoas, e n\u00e3o tem as devidas adapta\u00e7\u00f5es. S\u00e3o pequenos gestos que estamos fazendo e nos dedicando, porque entendemos que, em primeiro lugar vem as pessoas\u201d, destacou.<\/p>\n\n\n\n<p>A secret\u00e1ria da Sa\u00fade e Assist\u00eancia Social, J\u00f3ice Cristina Horst, agradeceu a setores e equipes e reconheceu trabalho feito. \u201cFico muito satisfeita em poder entregar essa reforma, oriunda dos recursos p\u00fablicos, aos servidores do Conselho Tutelar, aos servidores do Cras, e principalmente aos usu\u00e1rios dos servi\u00e7os que o munic\u00edpio oferece. Agrade\u00e7o ao diretor da Escola Estadual 25 de Maio, senhor Guilherme, pela ced\u00eancia de uma sala nesse per\u00edodo\u201d, declarou.<\/p>\n\n\n\n<p>O coordenador do Cras, Andr\u00e9 Parleze, discorreu sobre trabalho em conjunto de colegas. \u201cAgrade\u00e7o muito pela equipe que me acompanha, que ama o que faz, veste a camiseta, que se dedica, se desloca para c\u00e1 todos os dias, que apoia as fam\u00edlias, os usu\u00e1rios, e que apoia os colegas tamb\u00e9m. Que a gente sempre possa fornecer nosso trabalho com dedica\u00e7\u00e3o, muito orgulho e perseveran\u00e7a\u201d, pontuou.<\/p>\n\n\n\n<p>Em nome do Conselho Tutelar, Marin\u00eas Michels Barili fez seu pronunciamento. \u201cPara que um trabalho em equipe funcione, bom senso, coleguismo, objetivos em comum e sincronismo. Em nome do Conselho Tutelar e representando a coordenadora Carmem, queremos manifestar nosso agradecimento a todas as pessoas que se envolveram na revitaliza\u00e7\u00e3o deste espa\u00e7o. A obra estava sendo esperada h\u00e1 algum tempo\u201d, disse.<\/p>\n\n\n\n<p>Estiveram presentes na cerim\u00f4nia, tamb\u00e9m, a primeira-dama, Viviane Stevens, vice-prefeito, Fabiano Acadroli e demais secret\u00e1rios municipais; Presidente da C\u00e2mara de Vereadores, Yan Carlo Doerzbacher e demais vereadores; presidente Conselho Municipal da Assist\u00eancia social (CMAS), Na\u00eddes Barili Ricardi, coordenadora do Conselho Tutelar Sra. Carmen Neusa Klein Reichtert, presidente do Conselho Municipal dos Direitos da Crian\u00e7a e do Adolescente (Comdica), Ernani Schneider, Frei Leonardo Kuhn e Rodolfo Hollmann.<\/p>\n","protected":false},"excerpt":{"rendered":"<p>A reforma do Centro de Refer\u00eancia de Assist\u00eancia Social (CRAS) e do Conselho Tutelar foi entregue nesta quarta-feira (24\/8) pela Secretaria de Sa\u00fade e Assist\u00eancia Social de Imigrante. O investimento custou R$ 80 mil, mais o mobili\u00e1rio. Agora, o Cras possui \u00e1rea de 190 metros quadrados e o Conselho Tutelar, 60 metros quadrados. Foi feita [&hellip;]<\/p>\n","protected":false},"author":8,"featured_media":111462,"comment_status":"open","ping_status":"open","sticky":false,"template":"","format":"standard","meta":{"pmpro_default_level":"","_jetpack_memberships_contains_paid_content":false,"footnotes":""},"categories":[2,3],"tags":[932,51,34,5613],"class_list":{"0":"post-111457","1":"post","2":"type-post","3":"status-publish","4":"format-standard","5":"has-post-thumbnail","7":"category-featured","8":"category-geral","9":"tag-conselho-tutelar","10":"tag-cras","11":"tag-imigrante","12":"tag-investimento","13":"pmpro-has-access"},"yoast_head":"<!-- This site is optimized with the Yoast SEO plugin v27.5 - https:\/\/yoast.com\/product\/yoast-seo-wordpress\/ -->\n<title>Cras e Conselho Tutelar s\u00e3o reinaugurados ap\u00f3s reforma - Folha Popular<\/title>\n<meta name=\"robots\" content=\"index, follow, max-snippet:-1, max-image-preview:large, max-video-preview:-1\" \/>\n<link rel=\"canonical\" href=\"https:\/\/folhapopular.info\/index.php\/2022\/08\/25\/cras-e-conselho-tutelar-sao-reinaugurados-apos-reforma\/\" \/>\n<meta property=\"og:locale\" content=\"pt_BR\" \/>\n<meta property=\"og:type\" content=\"article\" \/>\n<meta property=\"og:title\" content=\"Cras e Conselho Tutelar s\u00e3o reinaugurados ap\u00f3s reforma - Folha Popular\" \/>\n<meta property=\"og:description\" content=\"A reforma do Centro de Refer\u00eancia de Assist\u00eancia Social (CRAS) e do Conselho Tutelar foi entregue nesta quarta-feira (24\/8) pela Secretaria de Sa\u00fade e Assist\u00eancia Social de Imigrante. O investimento custou R$ 80 mil, mais o mobili\u00e1rio. Agora, o Cras possui \u00e1rea de 190 metros quadrados e o Conselho Tutelar, 60 metros quadrados. Foi feita [&hellip;]\" \/>\n<meta property=\"og:url\" content=\"https:\/\/folhapopular.info\/index.php\/2022\/08\/25\/cras-e-conselho-tutelar-sao-reinaugurados-apos-reforma\/\" \/>\n<meta property=\"og:site_name\" content=\"Folha Popular\" \/>\n<meta property=\"article:published_time\" content=\"2022-08-25T19:47:35+00:00\" \/>\n<meta property=\"article:modified_time\" content=\"2022-08-25T19:47:39+00:00\" \/>\n<meta property=\"og:image\" content=\"http:\/\/folhapopular.info\/wp-content\/uploads\/2022\/08\/INAUGURACAO-CRAS-18-e1661456777163.jpeg\" \/>\n\t<meta property=\"og:image:width\" content=\"1200\" \/>\n\t<meta property=\"og:image:height\" content=\"801\" \/>\n\t<meta property=\"og:image:type\" content=\"image\/jpeg\" \/>\n<meta name=\"author\" content=\"Reda\u00e7\u00e3o Folha Popular\" \/>\n<meta name=\"twitter:card\" content=\"summary_large_image\" \/>\n<meta name=\"twitter:label1\" content=\"Escrito por\" \/>\n\t<meta name=\"twitter:data1\" content=\"Reda\u00e7\u00e3o Folha Popular\" \/>\n\t<meta name=\"twitter:label2\" content=\"Est. tempo de leitura\" \/>\n\t<meta name=\"twitter:data2\" content=\"3 minutos\" \/>\n<script type=\"application\/ld+json\" class=\"yoast-schema-graph\">{\"@context\":\"https:\\\/\\\/schema.org\",\"@graph\":[{\"@type\":\"Article\",\"@id\":\"https:\\\/\\\/folhapopular.info\\\/index.php\\\/2022\\\/08\\\/25\\\/cras-e-conselho-tutelar-sao-reinaugurados-apos-reforma\\\/#article\",\"isPartOf\":{\"@id\":\"https:\\\/\\\/folhapopular.info\\\/index.php\\\/2022\\\/08\\\/25\\\/cras-e-conselho-tutelar-sao-reinaugurados-apos-reforma\\\/\"},\"author\":{\"name\":\"Reda\u00e7\u00e3o Folha Popular\",\"@id\":\"https:\\\/\\\/folhapopular.info\\\/#\\\/schema\\\/person\\\/2814e8a0df7643585a9ca38bc6eb9d4b\"},\"headline\":\"Cras e Conselho Tutelar s\u00e3o reinaugurados ap\u00f3s reforma\",\"datePublished\":\"2022-08-25T19:47:35+00:00\",\"dateModified\":\"2022-08-25T19:47:39+00:00\",\"mainEntityOfPage\":{\"@id\":\"https:\\\/\\\/folhapopular.info\\\/index.php\\\/2022\\\/08\\\/25\\\/cras-e-conselho-tutelar-sao-reinaugurados-apos-reforma\\\/\"},\"wordCount\":460,\"commentCount\":0,\"image\":{\"@id\":\"https:\\\/\\\/folhapopular.info\\\/index.php\\\/2022\\\/08\\\/25\\\/cras-e-conselho-tutelar-sao-reinaugurados-apos-reforma\\\/#primaryimage\"},\"thumbnailUrl\":\"https:\\\/\\\/folhapopular.info\\\/wp-content\\\/uploads\\\/2022\\\/08\\\/INAUGURACAO-CRAS-18-e1661456777163.jpeg\",\"keywords\":[\"Conselho Tutelar\",\"CRAS\",\"Imigrante\",\"investimento\"],\"articleSection\":[\"Destaques\",\"Geral\"],\"inLanguage\":\"pt-BR\",\"potentialAction\":[{\"@type\":\"CommentAction\",\"name\":\"Comment\",\"target\":[\"https:\\\/\\\/folhapopular.info\\\/index.php\\\/2022\\\/08\\\/25\\\/cras-e-conselho-tutelar-sao-reinaugurados-apos-reforma\\\/#respond\"]}]},{\"@type\":\"WebPage\",\"@id\":\"https:\\\/\\\/folhapopular.info\\\/index.php\\\/2022\\\/08\\\/25\\\/cras-e-conselho-tutelar-sao-reinaugurados-apos-reforma\\\/\",\"url\":\"https:\\\/\\\/folhapopular.info\\\/index.php\\\/2022\\\/08\\\/25\\\/cras-e-conselho-tutelar-sao-reinaugurados-apos-reforma\\\/\",\"name\":\"Cras e Conselho Tutelar s\u00e3o reinaugurados ap\u00f3s reforma - Folha Popular\",\"isPartOf\":{\"@id\":\"https:\\\/\\\/folhapopular.info\\\/#website\"},\"primaryImageOfPage\":{\"@id\":\"https:\\\/\\\/folhapopular.info\\\/index.php\\\/2022\\\/08\\\/25\\\/cras-e-conselho-tutelar-sao-reinaugurados-apos-reforma\\\/#primaryimage\"},\"image\":{\"@id\":\"https:\\\/\\\/folhapopular.info\\\/index.php\\\/2022\\\/08\\\/25\\\/cras-e-conselho-tutelar-sao-reinaugurados-apos-reforma\\\/#primaryimage\"},\"thumbnailUrl\":\"https:\\\/\\\/folhapopular.info\\\/wp-content\\\/uploads\\\/2022\\\/08\\\/INAUGURACAO-CRAS-18-e1661456777163.jpeg\",\"datePublished\":\"2022-08-25T19:47:35+00:00\",\"dateModified\":\"2022-08-25T19:47:39+00:00\",\"author\":{\"@id\":\"https:\\\/\\\/folhapopular.info\\\/#\\\/schema\\\/person\\\/2814e8a0df7643585a9ca38bc6eb9d4b\"},\"breadcrumb\":{\"@id\":\"https:\\\/\\\/folhapopular.info\\\/index.php\\\/2022\\\/08\\\/25\\\/cras-e-conselho-tutelar-sao-reinaugurados-apos-reforma\\\/#breadcrumb\"},\"inLanguage\":\"pt-BR\",\"potentialAction\":[{\"@type\":\"ReadAction\",\"target\":[\"https:\\\/\\\/folhapopular.info\\\/index.php\\\/2022\\\/08\\\/25\\\/cras-e-conselho-tutelar-sao-reinaugurados-apos-reforma\\\/\"]}]},{\"@type\":\"ImageObject\",\"inLanguage\":\"pt-BR\",\"@id\":\"https:\\\/\\\/folhapopular.info\\\/index.php\\\/2022\\\/08\\\/25\\\/cras-e-conselho-tutelar-sao-reinaugurados-apos-reforma\\\/#primaryimage\",\"url\":\"https:\\\/\\\/folhapopular.info\\\/wp-content\\\/uploads\\\/2022\\\/08\\\/INAUGURACAO-CRAS-18-e1661456777163.jpeg\",\"contentUrl\":\"https:\\\/\\\/folhapopular.info\\\/wp-content\\\/uploads\\\/2022\\\/08\\\/INAUGURACAO-CRAS-18-e1661456777163.jpeg\",\"width\":1200,\"height\":801,\"caption\":\"Com um investimento de R$ 80 mil mais mobili\u00e1rio e com \u00e1rea total de 250 metros quadrados, Cras e Conselho Tutelar foram entregues totalmente revitalizados \u00e0 comunidade. Obras priorizaram a acessibilidade dos usu\u00e1rios \\\/ Cr\u00e9dito: Cris Thom\u00e9 \\\/ Divulga\u00e7\u00e3o\"},{\"@type\":\"BreadcrumbList\",\"@id\":\"https:\\\/\\\/folhapopular.info\\\/index.php\\\/2022\\\/08\\\/25\\\/cras-e-conselho-tutelar-sao-reinaugurados-apos-reforma\\\/#breadcrumb\",\"itemListElement\":[{\"@type\":\"ListItem\",\"position\":1,\"name\":\"In\u00edcio\",\"item\":\"https:\\\/\\\/folhapopular.info\\\/\"},{\"@type\":\"ListItem\",\"position\":2,\"name\":\"Cras e Conselho Tutelar s\u00e3o reinaugurados ap\u00f3s reforma\"}]},{\"@type\":\"WebSite\",\"@id\":\"https:\\\/\\\/folhapopular.info\\\/#website\",\"url\":\"https:\\\/\\\/folhapopular.info\\\/\",\"name\":\"Folha Popular\",\"description\":\"Onde voc\u00ea tem vez e voz\",\"potentialAction\":[{\"@type\":\"SearchAction\",\"target\":{\"@type\":\"EntryPoint\",\"urlTemplate\":\"https:\\\/\\\/folhapopular.info\\\/?s={search_term_string}\"},\"query-input\":{\"@type\":\"PropertyValueSpecification\",\"valueRequired\":true,\"valueName\":\"search_term_string\"}}],\"inLanguage\":\"pt-BR\"},{\"@type\":\"Person\",\"@id\":\"https:\\\/\\\/folhapopular.info\\\/#\\\/schema\\\/person\\\/2814e8a0df7643585a9ca38bc6eb9d4b\",\"name\":\"Reda\u00e7\u00e3o Folha Popular\",\"image\":{\"@type\":\"ImageObject\",\"inLanguage\":\"pt-BR\",\"@id\":\"https:\\\/\\\/folhapopular.info\\\/wp-content\\\/uploads\\\/2026\\\/04\\\/Folha-1.webp\",\"url\":\"https:\\\/\\\/folhapopular.info\\\/wp-content\\\/uploads\\\/2026\\\/04\\\/Folha-1.webp\",\"contentUrl\":\"https:\\\/\\\/folhapopular.info\\\/wp-content\\\/uploads\\\/2026\\\/04\\\/Folha-1.webp\",\"caption\":\"Reda\u00e7\u00e3o Folha Popular\"},\"url\":\"https:\\\/\\\/folhapopular.info\\\/index.php\\\/author\\\/redacao\\\/\"}]}<\/script>\n<!-- \/ Yoast SEO plugin. -->","yoast_head_json":{"title":"Cras e Conselho Tutelar s\u00e3o reinaugurados ap\u00f3s reforma - Folha Popular","robots":{"index":"index","follow":"follow","max-snippet":"max-snippet:-1","max-image-preview":"max-image-preview:large","max-video-preview":"max-video-preview:-1"},"canonical":"https:\/\/folhapopular.info\/index.php\/2022\/08\/25\/cras-e-conselho-tutelar-sao-reinaugurados-apos-reforma\/","og_locale":"pt_BR","og_type":"article","og_title":"Cras e Conselho Tutelar s\u00e3o reinaugurados ap\u00f3s reforma - Folha Popular","og_description":"A reforma do Centro de Refer\u00eancia de Assist\u00eancia Social (CRAS) e do Conselho Tutelar foi entregue nesta quarta-feira (24\/8) pela Secretaria de Sa\u00fade e Assist\u00eancia Social de Imigrante. O investimento custou R$ 80 mil, mais o mobili\u00e1rio. Agora, o Cras possui \u00e1rea de 190 metros quadrados e o Conselho Tutelar, 60 metros quadrados. Foi feita [&hellip;]","og_url":"https:\/\/folhapopular.info\/index.php\/2022\/08\/25\/cras-e-conselho-tutelar-sao-reinaugurados-apos-reforma\/","og_site_name":"Folha Popular","article_published_time":"2022-08-25T19:47:35+00:00","article_modified_time":"2022-08-25T19:47:39+00:00","og_image":[{"width":1200,"height":801,"url":"http:\/\/folhapopular.info\/wp-content\/uploads\/2022\/08\/INAUGURACAO-CRAS-18-e1661456777163.jpeg","type":"image\/jpeg"}],"author":"Reda\u00e7\u00e3o Folha Popular","twitter_card":"summary_large_image","twitter_misc":{"Escrito por":"Reda\u00e7\u00e3o Folha Popular","Est. tempo de leitura":"3 minutos"},"schema":{"@context":"https:\/\/schema.org","@graph":[{"@type":"Article","@id":"https:\/\/folhapopular.info\/index.php\/2022\/08\/25\/cras-e-conselho-tutelar-sao-reinaugurados-apos-reforma\/#article","isPartOf":{"@id":"https:\/\/folhapopular.info\/index.php\/2022\/08\/25\/cras-e-conselho-tutelar-sao-reinaugurados-apos-reforma\/"},"author":{"name":"Reda\u00e7\u00e3o Folha Popular","@id":"https:\/\/folhapopular.info\/#\/schema\/person\/2814e8a0df7643585a9ca38bc6eb9d4b"},"headline":"Cras e Conselho Tutelar s\u00e3o reinaugurados ap\u00f3s reforma","datePublished":"2022-08-25T19:47:35+00:00","dateModified":"2022-08-25T19:47:39+00:00","mainEntityOfPage":{"@id":"https:\/\/folhapopular.info\/index.php\/2022\/08\/25\/cras-e-conselho-tutelar-sao-reinaugurados-apos-reforma\/"},"wordCount":460,"commentCount":0,"image":{"@id":"https:\/\/folhapopular.info\/index.php\/2022\/08\/25\/cras-e-conselho-tutelar-sao-reinaugurados-apos-reforma\/#primaryimage"},"thumbnailUrl":"https:\/\/folhapopular.info\/wp-content\/uploads\/2022\/08\/INAUGURACAO-CRAS-18-e1661456777163.jpeg","keywords":["Conselho Tutelar","CRAS","Imigrante","investimento"],"articleSection":["Destaques","Geral"],"inLanguage":"pt-BR","potentialAction":[{"@type":"CommentAction","name":"Comment","target":["https:\/\/folhapopular.info\/index.php\/2022\/08\/25\/cras-e-conselho-tutelar-sao-reinaugurados-apos-reforma\/#respond"]}]},{"@type":"WebPage","@id":"https:\/\/folhapopular.info\/index.php\/2022\/08\/25\/cras-e-conselho-tutelar-sao-reinaugurados-apos-reforma\/","url":"https:\/\/folhapopular.info\/index.php\/2022\/08\/25\/cras-e-conselho-tutelar-sao-reinaugurados-apos-reforma\/","name":"Cras e Conselho Tutelar s\u00e3o reinaugurados ap\u00f3s reforma - Folha Popular","isPartOf":{"@id":"https:\/\/folhapopular.info\/#website"},"primaryImageOfPage":{"@id":"https:\/\/folhapopular.info\/index.php\/2022\/08\/25\/cras-e-conselho-tutelar-sao-reinaugurados-apos-reforma\/#primaryimage"},"image":{"@id":"https:\/\/folhapopular.info\/index.php\/2022\/08\/25\/cras-e-conselho-tutelar-sao-reinaugurados-apos-reforma\/#primaryimage"},"thumbnailUrl":"https:\/\/folhapopular.info\/wp-content\/uploads\/2022\/08\/INAUGURACAO-CRAS-18-e1661456777163.jpeg","datePublished":"2022-08-25T19:47:35+00:00","dateModified":"2022-08-25T19:47:39+00:00","author":{"@id":"https:\/\/folhapopular.info\/#\/schema\/person\/2814e8a0df7643585a9ca38bc6eb9d4b"},"breadcrumb":{"@id":"https:\/\/folhapopular.info\/index.php\/2022\/08\/25\/cras-e-conselho-tutelar-sao-reinaugurados-apos-reforma\/#breadcrumb"},"inLanguage":"pt-BR","potentialAction":[{"@type":"ReadAction","target":["https:\/\/folhapopular.info\/index.php\/2022\/08\/25\/cras-e-conselho-tutelar-sao-reinaugurados-apos-reforma\/"]}]},{"@type":"ImageObject","inLanguage":"pt-BR","@id":"https:\/\/folhapopular.info\/index.php\/2022\/08\/25\/cras-e-conselho-tutelar-sao-reinaugurados-apos-reforma\/#primaryimage","url":"https:\/\/folhapopular.info\/wp-content\/uploads\/2022\/08\/INAUGURACAO-CRAS-18-e1661456777163.jpeg","contentUrl":"https:\/\/folhapopular.info\/wp-content\/uploads\/2022\/08\/INAUGURACAO-CRAS-18-e1661456777163.jpeg","width":1200,"height":801,"caption":"Com um investimento de R$ 80 mil mais mobili\u00e1rio e com \u00e1rea total de 250 metros quadrados, Cras e Conselho Tutelar foram entregues totalmente revitalizados \u00e0 comunidade. Obras priorizaram a acessibilidade dos usu\u00e1rios \/ Cr\u00e9dito: Cris Thom\u00e9 \/ Divulga\u00e7\u00e3o"},{"@type":"BreadcrumbList","@id":"https:\/\/folhapopular.info\/index.php\/2022\/08\/25\/cras-e-conselho-tutelar-sao-reinaugurados-apos-reforma\/#breadcrumb","itemListElement":[{"@type":"ListItem","position":1,"name":"In\u00edcio","item":"https:\/\/folhapopular.info\/"},{"@type":"ListItem","position":2,"name":"Cras e Conselho Tutelar s\u00e3o reinaugurados ap\u00f3s reforma"}]},{"@type":"WebSite","@id":"https:\/\/folhapopular.info\/#website","url":"https:\/\/folhapopular.info\/","name":"Folha Popular","description":"Onde voc\u00ea tem vez e voz","potentialAction":[{"@type":"SearchAction","target":{"@type":"EntryPoint","urlTemplate":"https:\/\/folhapopular.info\/?s={search_term_string}"},"query-input":{"@type":"PropertyValueSpecification","valueRequired":true,"valueName":"search_term_string"}}],"inLanguage":"pt-BR"},{"@type":"Person","@id":"https:\/\/folhapopular.info\/#\/schema\/person\/2814e8a0df7643585a9ca38bc6eb9d4b","name":"Reda\u00e7\u00e3o Folha Popular","image":{"@type":"ImageObject","inLanguage":"pt-BR","@id":"https:\/\/folhapopular.info\/wp-content\/uploads\/2026\/04\/Folha-1.webp","url":"https:\/\/folhapopular.info\/wp-content\/uploads\/2026\/04\/Folha-1.webp","contentUrl":"https:\/\/folhapopular.info\/wp-content\/uploads\/2026\/04\/Folha-1.webp","caption":"Reda\u00e7\u00e3o Folha Popular"},"url":"https:\/\/folhapopular.info\/index.php\/author\/redacao\/"}]}},"jetpack_featured_media_url":"https:\/\/folhapopular.info\/wp-content\/uploads\/2022\/08\/INAUGURACAO-CRAS-18-e1661456777163.jpeg","jetpack_sharing_enabled":true,"amp_enabled":true,"_links":{"self":[{"href":"https:\/\/folhapopular.info\/index.php\/wp-json\/wp\/v2\/posts\/111457","targetHints":{"allow":["GET"]}}],"collection":[{"href":"https:\/\/folhapopular.info\/index.php\/wp-json\/wp\/v2\/posts"}],"about":[{"href":"https:\/\/folhapopular.info\/index.php\/wp-json\/wp\/v2\/types\/post"}],"author":[{"embeddable":true,"href":"https:\/\/folhapopular.info\/index.php\/wp-json\/wp\/v2\/users\/8"}],"replies":[{"embeddable":true,"href":"https:\/\/folhapopular.info\/index.php\/wp-json\/wp\/v2\/comments?post=111457"}],"version-history":[{"count":0,"href":"https:\/\/folhapopular.info\/index.php\/wp-json\/wp\/v2\/posts\/111457\/revisions"}],"wp:featuredmedia":[{"embeddable":true,"href":"https:\/\/folhapopular.info\/index.php\/wp-json\/wp\/v2\/media\/111462"}],"wp:attachment":[{"href":"https:\/\/folhapopular.info\/index.php\/wp-json\/wp\/v2\/media?parent=111457"}],"wp:term":[{"taxonomy":"category","embeddable":true,"href":"https:\/\/folhapopular.info\/index.php\/wp-json\/wp\/v2\/categories?post=111457"},{"taxonomy":"post_tag","embeddable":true,"href":"https:\/\/folhapopular.info\/index.php\/wp-json\/wp\/v2\/tags?post=111457"}],"curies":[{"name":"wp","href":"https:\/\/api.w.org\/{rel}","templated":true}]}}