{"id":111485,"date":"2022-08-26T09:23:20","date_gmt":"2022-08-26T12:23:20","guid":{"rendered":"https:\/\/folhapopular.info\/?p=111485"},"modified":"2022-08-26T09:23:33","modified_gmt":"2022-08-26T12:23:33","slug":"homens-sao-presos-por-maus-tratos-a-animais-no-interior-de-estrela","status":"publish","type":"post","link":"https:\/\/folhapopular.info\/index.php\/2022\/08\/26\/homens-sao-presos-por-maus-tratos-a-animais-no-interior-de-estrela\/","title":{"rendered":"Homens s\u00e3o presos por maus tratos a animais no interior de Estrela"},"content":{"rendered":"\n<p>Dois homens (56 e 63) foram presos por maus tratos a animais na madrugada dessa sexta-feira (26\/8), na Linha Figueira, em Estrela. A guarni\u00e7\u00e3o da Brigada Militar recebeu den\u00fancia de que havia uma rinha de galo em uma propriedade. <\/p>\n\n\n\n<p>Ao chegar no local, os policiais flagraram em torno de 30 pessoas. A rinha era entre dois galos. Cerca de 35 galos estavam em gaiolas e um galo em \u00f3bito nos fundos da propriedade. Foram apreendidos objetos utilizados para as rinhas e registrado um boletim de ocorr\u00eancia contra o respons\u00e1vel (63), que responder\u00e1 judicialmente pelo crime. <\/p>\n\n\n\n<p>Ao fazer buscas pela \u00e1rea, foi localizado um ve\u00edculo modelo Parati, pertencente ao homem (56). Foi confeccionado um boletim de ocorr\u00eancia por ele ter mantido dentro de seu ve\u00edculo um galo amarrado e sem ventila\u00e7\u00e3o, embaixo do banco do caroneiro.<\/p>\n","protected":false},"excerpt":{"rendered":"<p>Dois homens (56 e 63) foram presos por maus tratos a animais na madrugada dessa sexta-feira (26\/8), na Linha Figueira, em Estrela. A guarni\u00e7\u00e3o da Brigada Militar recebeu den\u00fancia de que havia uma rinha de galo em uma propriedade. Ao chegar no local, os policiais flagraram em torno de 30 pessoas. A rinha era entre [&hellip;]<\/p>\n","protected":false},"author":8,"featured_media":111486,"comment_status":"open","ping_status":"open","sticky":false,"template":"","format":"standard","meta":{"pmpro_default_level":"","_jetpack_memberships_contains_paid_content":false,"footnotes":""},"categories":[7],"tags":[8,141,4114,107],"class_list":{"0":"post-111485","1":"post","2":"type-post","3":"status-publish","4":"format-standard","5":"has-post-thumbnail","7":"category-seguranca","8":"tag-estrela","9":"tag-interior","10":"tag-maus-tratos-2","11":"tag-prisao","12":"pmpro-has-access"},"yoast_head":"<!-- This site is optimized with the Yoast SEO plugin v27.5 - https:\/\/yoast.com\/product\/yoast-seo-wordpress\/ -->\n<title>Homens s\u00e3o presos por maus tratos a animais no interior de Estrela - Folha Popular<\/title>\n<meta name=\"robots\" content=\"index, follow, max-snippet:-1, max-image-preview:large, max-video-preview:-1\" \/>\n<link rel=\"canonical\" href=\"https:\/\/folhapopular.info\/index.php\/2022\/08\/26\/homens-sao-presos-por-maus-tratos-a-animais-no-interior-de-estrela\/\" \/>\n<meta property=\"og:locale\" content=\"pt_BR\" \/>\n<meta property=\"og:type\" content=\"article\" \/>\n<meta property=\"og:title\" content=\"Homens s\u00e3o presos por maus tratos a animais no interior de Estrela - Folha Popular\" \/>\n<meta property=\"og:description\" content=\"Dois homens (56 e 63) foram presos por maus tratos a animais na madrugada dessa sexta-feira (26\/8), na Linha Figueira, em Estrela. A guarni\u00e7\u00e3o da Brigada Militar recebeu den\u00fancia de que havia uma rinha de galo em uma propriedade. Ao chegar no local, os policiais flagraram em torno de 30 pessoas. A rinha era entre [&hellip;]\" \/>\n<meta property=\"og:url\" content=\"https:\/\/folhapopular.info\/index.php\/2022\/08\/26\/homens-sao-presos-por-maus-tratos-a-animais-no-interior-de-estrela\/\" \/>\n<meta property=\"og:site_name\" content=\"Folha Popular\" \/>\n<meta property=\"article:published_time\" content=\"2022-08-26T12:23:20+00:00\" \/>\n<meta property=\"article:modified_time\" content=\"2022-08-26T12:23:33+00:00\" \/>\n<meta property=\"og:image\" content=\"http:\/\/folhapopular.info\/wp-content\/uploads\/2022\/08\/WhatsApp-Image-2022-08-25-at-18.23.26-e1661516559276.jpeg\" \/>\n\t<meta property=\"og:image:width\" content=\"1200\" \/>\n\t<meta property=\"og:image:height\" content=\"675\" \/>\n\t<meta property=\"og:image:type\" content=\"image\/jpeg\" \/>\n<meta name=\"author\" content=\"Reda\u00e7\u00e3o Folha Popular\" \/>\n<meta name=\"twitter:card\" content=\"summary_large_image\" \/>\n<meta name=\"twitter:label1\" content=\"Escrito por\" \/>\n\t<meta name=\"twitter:data1\" content=\"Reda\u00e7\u00e3o Folha Popular\" \/>\n\t<meta name=\"twitter:label2\" content=\"Est. tempo de leitura\" \/>\n\t<meta name=\"twitter:data2\" content=\"1 minuto\" \/>\n<script type=\"application\/ld+json\" class=\"yoast-schema-graph\">{\"@context\":\"https:\\\/\\\/schema.org\",\"@graph\":[{\"@type\":\"Article\",\"@id\":\"https:\\\/\\\/folhapopular.info\\\/index.php\\\/2022\\\/08\\\/26\\\/homens-sao-presos-por-maus-tratos-a-animais-no-interior-de-estrela\\\/#article\",\"isPartOf\":{\"@id\":\"https:\\\/\\\/folhapopular.info\\\/index.php\\\/2022\\\/08\\\/26\\\/homens-sao-presos-por-maus-tratos-a-animais-no-interior-de-estrela\\\/\"},\"author\":{\"name\":\"Reda\u00e7\u00e3o Folha Popular\",\"@id\":\"https:\\\/\\\/folhapopular.info\\\/#\\\/schema\\\/person\\\/2814e8a0df7643585a9ca38bc6eb9d4b\"},\"headline\":\"Homens s\u00e3o presos por maus tratos a animais no interior de Estrela\",\"datePublished\":\"2022-08-26T12:23:20+00:00\",\"dateModified\":\"2022-08-26T12:23:33+00:00\",\"mainEntityOfPage\":{\"@id\":\"https:\\\/\\\/folhapopular.info\\\/index.php\\\/2022\\\/08\\\/26\\\/homens-sao-presos-por-maus-tratos-a-animais-no-interior-de-estrela\\\/\"},\"wordCount\":149,\"commentCount\":0,\"image\":{\"@id\":\"https:\\\/\\\/folhapopular.info\\\/index.php\\\/2022\\\/08\\\/26\\\/homens-sao-presos-por-maus-tratos-a-animais-no-interior-de-estrela\\\/#primaryimage\"},\"thumbnailUrl\":\"https:\\\/\\\/folhapopular.info\\\/wp-content\\\/uploads\\\/2022\\\/08\\\/WhatsApp-Image-2022-08-25-at-18.23.26-e1661516559276.jpeg\",\"keywords\":[\"Estrela\",\"Interior\",\"Maus Tratos\",\"Pris\u00e3o\"],\"articleSection\":[\"Seguran\u00e7a\"],\"inLanguage\":\"pt-BR\",\"potentialAction\":[{\"@type\":\"CommentAction\",\"name\":\"Comment\",\"target\":[\"https:\\\/\\\/folhapopular.info\\\/index.php\\\/2022\\\/08\\\/26\\\/homens-sao-presos-por-maus-tratos-a-animais-no-interior-de-estrela\\\/#respond\"]}]},{\"@type\":\"WebPage\",\"@id\":\"https:\\\/\\\/folhapopular.info\\\/index.php\\\/2022\\\/08\\\/26\\\/homens-sao-presos-por-maus-tratos-a-animais-no-interior-de-estrela\\\/\",\"url\":\"https:\\\/\\\/folhapopular.info\\\/index.php\\\/2022\\\/08\\\/26\\\/homens-sao-presos-por-maus-tratos-a-animais-no-interior-de-estrela\\\/\",\"name\":\"Homens s\u00e3o presos por maus tratos a animais no interior de Estrela - Folha Popular\",\"isPartOf\":{\"@id\":\"https:\\\/\\\/folhapopular.info\\\/#website\"},\"primaryImageOfPage\":{\"@id\":\"https:\\\/\\\/folhapopular.info\\\/index.php\\\/2022\\\/08\\\/26\\\/homens-sao-presos-por-maus-tratos-a-animais-no-interior-de-estrela\\\/#primaryimage\"},\"image\":{\"@id\":\"https:\\\/\\\/folhapopular.info\\\/index.php\\\/2022\\\/08\\\/26\\\/homens-sao-presos-por-maus-tratos-a-animais-no-interior-de-estrela\\\/#primaryimage\"},\"thumbnailUrl\":\"https:\\\/\\\/folhapopular.info\\\/wp-content\\\/uploads\\\/2022\\\/08\\\/WhatsApp-Image-2022-08-25-at-18.23.26-e1661516559276.jpeg\",\"datePublished\":\"2022-08-26T12:23:20+00:00\",\"dateModified\":\"2022-08-26T12:23:33+00:00\",\"author\":{\"@id\":\"https:\\\/\\\/folhapopular.info\\\/#\\\/schema\\\/person\\\/2814e8a0df7643585a9ca38bc6eb9d4b\"},\"breadcrumb\":{\"@id\":\"https:\\\/\\\/folhapopular.info\\\/index.php\\\/2022\\\/08\\\/26\\\/homens-sao-presos-por-maus-tratos-a-animais-no-interior-de-estrela\\\/#breadcrumb\"},\"inLanguage\":\"pt-BR\",\"potentialAction\":[{\"@type\":\"ReadAction\",\"target\":[\"https:\\\/\\\/folhapopular.info\\\/index.php\\\/2022\\\/08\\\/26\\\/homens-sao-presos-por-maus-tratos-a-animais-no-interior-de-estrela\\\/\"]}]},{\"@type\":\"ImageObject\",\"inLanguage\":\"pt-BR\",\"@id\":\"https:\\\/\\\/folhapopular.info\\\/index.php\\\/2022\\\/08\\\/26\\\/homens-sao-presos-por-maus-tratos-a-animais-no-interior-de-estrela\\\/#primaryimage\",\"url\":\"https:\\\/\\\/folhapopular.info\\\/wp-content\\\/uploads\\\/2022\\\/08\\\/WhatsApp-Image-2022-08-25-at-18.23.26-e1661516559276.jpeg\",\"contentUrl\":\"https:\\\/\\\/folhapopular.info\\\/wp-content\\\/uploads\\\/2022\\\/08\\\/WhatsApp-Image-2022-08-25-at-18.23.26-e1661516559276.jpeg\",\"width\":1200,\"height\":675,\"caption\":\"Cr\u00e9dito: Brigada Militar \\\/ Divulga\u00e7\u00e3o\"},{\"@type\":\"BreadcrumbList\",\"@id\":\"https:\\\/\\\/folhapopular.info\\\/index.php\\\/2022\\\/08\\\/26\\\/homens-sao-presos-por-maus-tratos-a-animais-no-interior-de-estrela\\\/#breadcrumb\",\"itemListElement\":[{\"@type\":\"ListItem\",\"position\":1,\"name\":\"In\u00edcio\",\"item\":\"https:\\\/\\\/folhapopular.info\\\/\"},{\"@type\":\"ListItem\",\"position\":2,\"name\":\"Homens s\u00e3o presos por maus tratos a animais no interior de Estrela\"}]},{\"@type\":\"WebSite\",\"@id\":\"https:\\\/\\\/folhapopular.info\\\/#website\",\"url\":\"https:\\\/\\\/folhapopular.info\\\/\",\"name\":\"Folha Popular\",\"description\":\"Onde voc\u00ea tem vez e voz\",\"potentialAction\":[{\"@type\":\"SearchAction\",\"target\":{\"@type\":\"EntryPoint\",\"urlTemplate\":\"https:\\\/\\\/folhapopular.info\\\/?s={search_term_string}\"},\"query-input\":{\"@type\":\"PropertyValueSpecification\",\"valueRequired\":true,\"valueName\":\"search_term_string\"}}],\"inLanguage\":\"pt-BR\"},{\"@type\":\"Person\",\"@id\":\"https:\\\/\\\/folhapopular.info\\\/#\\\/schema\\\/person\\\/2814e8a0df7643585a9ca38bc6eb9d4b\",\"name\":\"Reda\u00e7\u00e3o Folha Popular\",\"image\":{\"@type\":\"ImageObject\",\"inLanguage\":\"pt-BR\",\"@id\":\"https:\\\/\\\/folhapopular.info\\\/wp-content\\\/uploads\\\/2026\\\/04\\\/Folha-1.webp\",\"url\":\"https:\\\/\\\/folhapopular.info\\\/wp-content\\\/uploads\\\/2026\\\/04\\\/Folha-1.webp\",\"contentUrl\":\"https:\\\/\\\/folhapopular.info\\\/wp-content\\\/uploads\\\/2026\\\/04\\\/Folha-1.webp\",\"caption\":\"Reda\u00e7\u00e3o Folha Popular\"},\"url\":\"https:\\\/\\\/folhapopular.info\\\/index.php\\\/author\\\/redacao\\\/\"}]}<\/script>\n<!-- \/ Yoast SEO plugin. -->","yoast_head_json":{"title":"Homens s\u00e3o presos por maus tratos a animais no interior de Estrela - Folha Popular","robots":{"index":"index","follow":"follow","max-snippet":"max-snippet:-1","max-image-preview":"max-image-preview:large","max-video-preview":"max-video-preview:-1"},"canonical":"https:\/\/folhapopular.info\/index.php\/2022\/08\/26\/homens-sao-presos-por-maus-tratos-a-animais-no-interior-de-estrela\/","og_locale":"pt_BR","og_type":"article","og_title":"Homens s\u00e3o presos por maus tratos a animais no interior de Estrela - Folha Popular","og_description":"Dois homens (56 e 63) foram presos por maus tratos a animais na madrugada dessa sexta-feira (26\/8), na Linha Figueira, em Estrela. A guarni\u00e7\u00e3o da Brigada Militar recebeu den\u00fancia de que havia uma rinha de galo em uma propriedade. Ao chegar no local, os policiais flagraram em torno de 30 pessoas. A rinha era entre [&hellip;]","og_url":"https:\/\/folhapopular.info\/index.php\/2022\/08\/26\/homens-sao-presos-por-maus-tratos-a-animais-no-interior-de-estrela\/","og_site_name":"Folha Popular","article_published_time":"2022-08-26T12:23:20+00:00","article_modified_time":"2022-08-26T12:23:33+00:00","og_image":[{"width":1200,"height":675,"url":"http:\/\/folhapopular.info\/wp-content\/uploads\/2022\/08\/WhatsApp-Image-2022-08-25-at-18.23.26-e1661516559276.jpeg","type":"image\/jpeg"}],"author":"Reda\u00e7\u00e3o Folha Popular","twitter_card":"summary_large_image","twitter_misc":{"Escrito por":"Reda\u00e7\u00e3o Folha Popular","Est. tempo de leitura":"1 minuto"},"schema":{"@context":"https:\/\/schema.org","@graph":[{"@type":"Article","@id":"https:\/\/folhapopular.info\/index.php\/2022\/08\/26\/homens-sao-presos-por-maus-tratos-a-animais-no-interior-de-estrela\/#article","isPartOf":{"@id":"https:\/\/folhapopular.info\/index.php\/2022\/08\/26\/homens-sao-presos-por-maus-tratos-a-animais-no-interior-de-estrela\/"},"author":{"name":"Reda\u00e7\u00e3o Folha Popular","@id":"https:\/\/folhapopular.info\/#\/schema\/person\/2814e8a0df7643585a9ca38bc6eb9d4b"},"headline":"Homens s\u00e3o presos por maus tratos a animais no interior de Estrela","datePublished":"2022-08-26T12:23:20+00:00","dateModified":"2022-08-26T12:23:33+00:00","mainEntityOfPage":{"@id":"https:\/\/folhapopular.info\/index.php\/2022\/08\/26\/homens-sao-presos-por-maus-tratos-a-animais-no-interior-de-estrela\/"},"wordCount":149,"commentCount":0,"image":{"@id":"https:\/\/folhapopular.info\/index.php\/2022\/08\/26\/homens-sao-presos-por-maus-tratos-a-animais-no-interior-de-estrela\/#primaryimage"},"thumbnailUrl":"https:\/\/folhapopular.info\/wp-content\/uploads\/2022\/08\/WhatsApp-Image-2022-08-25-at-18.23.26-e1661516559276.jpeg","keywords":["Estrela","Interior","Maus Tratos","Pris\u00e3o"],"articleSection":["Seguran\u00e7a"],"inLanguage":"pt-BR","potentialAction":[{"@type":"CommentAction","name":"Comment","target":["https:\/\/folhapopular.info\/index.php\/2022\/08\/26\/homens-sao-presos-por-maus-tratos-a-animais-no-interior-de-estrela\/#respond"]}]},{"@type":"WebPage","@id":"https:\/\/folhapopular.info\/index.php\/2022\/08\/26\/homens-sao-presos-por-maus-tratos-a-animais-no-interior-de-estrela\/","url":"https:\/\/folhapopular.info\/index.php\/2022\/08\/26\/homens-sao-presos-por-maus-tratos-a-animais-no-interior-de-estrela\/","name":"Homens s\u00e3o presos por maus tratos a animais no interior de Estrela - Folha Popular","isPartOf":{"@id":"https:\/\/folhapopular.info\/#website"},"primaryImageOfPage":{"@id":"https:\/\/folhapopular.info\/index.php\/2022\/08\/26\/homens-sao-presos-por-maus-tratos-a-animais-no-interior-de-estrela\/#primaryimage"},"image":{"@id":"https:\/\/folhapopular.info\/index.php\/2022\/08\/26\/homens-sao-presos-por-maus-tratos-a-animais-no-interior-de-estrela\/#primaryimage"},"thumbnailUrl":"https:\/\/folhapopular.info\/wp-content\/uploads\/2022\/08\/WhatsApp-Image-2022-08-25-at-18.23.26-e1661516559276.jpeg","datePublished":"2022-08-26T12:23:20+00:00","dateModified":"2022-08-26T12:23:33+00:00","author":{"@id":"https:\/\/folhapopular.info\/#\/schema\/person\/2814e8a0df7643585a9ca38bc6eb9d4b"},"breadcrumb":{"@id":"https:\/\/folhapopular.info\/index.php\/2022\/08\/26\/homens-sao-presos-por-maus-tratos-a-animais-no-interior-de-estrela\/#breadcrumb"},"inLanguage":"pt-BR","potentialAction":[{"@type":"ReadAction","target":["https:\/\/folhapopular.info\/index.php\/2022\/08\/26\/homens-sao-presos-por-maus-tratos-a-animais-no-interior-de-estrela\/"]}]},{"@type":"ImageObject","inLanguage":"pt-BR","@id":"https:\/\/folhapopular.info\/index.php\/2022\/08\/26\/homens-sao-presos-por-maus-tratos-a-animais-no-interior-de-estrela\/#primaryimage","url":"https:\/\/folhapopular.info\/wp-content\/uploads\/2022\/08\/WhatsApp-Image-2022-08-25-at-18.23.26-e1661516559276.jpeg","contentUrl":"https:\/\/folhapopular.info\/wp-content\/uploads\/2022\/08\/WhatsApp-Image-2022-08-25-at-18.23.26-e1661516559276.jpeg","width":1200,"height":675,"caption":"Cr\u00e9dito: Brigada Militar \/ Divulga\u00e7\u00e3o"},{"@type":"BreadcrumbList","@id":"https:\/\/folhapopular.info\/index.php\/2022\/08\/26\/homens-sao-presos-por-maus-tratos-a-animais-no-interior-de-estrela\/#breadcrumb","itemListElement":[{"@type":"ListItem","position":1,"name":"In\u00edcio","item":"https:\/\/folhapopular.info\/"},{"@type":"ListItem","position":2,"name":"Homens s\u00e3o presos por maus tratos a animais no interior de Estrela"}]},{"@type":"WebSite","@id":"https:\/\/folhapopular.info\/#website","url":"https:\/\/folhapopular.info\/","name":"Folha Popular","description":"Onde voc\u00ea tem vez e voz","potentialAction":[{"@type":"SearchAction","target":{"@type":"EntryPoint","urlTemplate":"https:\/\/folhapopular.info\/?s={search_term_string}"},"query-input":{"@type":"PropertyValueSpecification","valueRequired":true,"valueName":"search_term_string"}}],"inLanguage":"pt-BR"},{"@type":"Person","@id":"https:\/\/folhapopular.info\/#\/schema\/person\/2814e8a0df7643585a9ca38bc6eb9d4b","name":"Reda\u00e7\u00e3o Folha Popular","image":{"@type":"ImageObject","inLanguage":"pt-BR","@id":"https:\/\/folhapopular.info\/wp-content\/uploads\/2026\/04\/Folha-1.webp","url":"https:\/\/folhapopular.info\/wp-content\/uploads\/2026\/04\/Folha-1.webp","contentUrl":"https:\/\/folhapopular.info\/wp-content\/uploads\/2026\/04\/Folha-1.webp","caption":"Reda\u00e7\u00e3o Folha Popular"},"url":"https:\/\/folhapopular.info\/index.php\/author\/redacao\/"}]}},"jetpack_featured_media_url":"https:\/\/folhapopular.info\/wp-content\/uploads\/2022\/08\/WhatsApp-Image-2022-08-25-at-18.23.26-e1661516559276.jpeg","jetpack_sharing_enabled":true,"amp_enabled":true,"_links":{"self":[{"href":"https:\/\/folhapopular.info\/index.php\/wp-json\/wp\/v2\/posts\/111485","targetHints":{"allow":["GET"]}}],"collection":[{"href":"https:\/\/folhapopular.info\/index.php\/wp-json\/wp\/v2\/posts"}],"about":[{"href":"https:\/\/folhapopular.info\/index.php\/wp-json\/wp\/v2\/types\/post"}],"author":[{"embeddable":true,"href":"https:\/\/folhapopular.info\/index.php\/wp-json\/wp\/v2\/users\/8"}],"replies":[{"embeddable":true,"href":"https:\/\/folhapopular.info\/index.php\/wp-json\/wp\/v2\/comments?post=111485"}],"version-history":[{"count":0,"href":"https:\/\/folhapopular.info\/index.php\/wp-json\/wp\/v2\/posts\/111485\/revisions"}],"wp:featuredmedia":[{"embeddable":true,"href":"https:\/\/folhapopular.info\/index.php\/wp-json\/wp\/v2\/media\/111486"}],"wp:attachment":[{"href":"https:\/\/folhapopular.info\/index.php\/wp-json\/wp\/v2\/media?parent=111485"}],"wp:term":[{"taxonomy":"category","embeddable":true,"href":"https:\/\/folhapopular.info\/index.php\/wp-json\/wp\/v2\/categories?post=111485"},{"taxonomy":"post_tag","embeddable":true,"href":"https:\/\/folhapopular.info\/index.php\/wp-json\/wp\/v2\/tags?post=111485"}],"curies":[{"name":"wp","href":"https:\/\/api.w.org\/{rel}","templated":true}]}}