{"id":111495,"date":"2022-08-26T10:04:25","date_gmt":"2022-08-26T13:04:25","guid":{"rendered":"https:\/\/folhapopular.info\/?p=111495"},"modified":"2022-08-26T10:04:47","modified_gmt":"2022-08-26T13:04:47","slug":"concurso-vai-escolher-logo-para-o-turismo-de-colinas","status":"publish","type":"post","link":"https:\/\/folhapopular.info\/index.php\/2022\/08\/26\/concurso-vai-escolher-logo-para-o-turismo-de-colinas\/","title":{"rendered":"Concurso vai escolher logo para o Turismo de Colinas"},"content":{"rendered":"\n<p>O Conselho Municipal de Turismo (Comtur) e a Secretaria Municipal da Educa\u00e7\u00e3o, Cultura, Turismo e Desporto de Colinas perceberam a necessidade de criar um logotipo que identificasse o Turismo da Cidade Jardim.<\/p>\n\n\n\n<p>Sendo assim, foram desenvolvidas tr\u00eas logos diferentes que foram colocadas para vota\u00e7\u00e3o popular nesta semana. O link para realizar a vota\u00e7\u00e3o est\u00e1 dispon\u00edvel nas redes sociais e no site da Prefeitura.<\/p>\n\n\n\n<p>Todos trazem em sua composi\u00e7\u00e3o elementos que identificam Colinas, dentre eles: as colinas que d\u00e3o nome a cidade, o Rio Taquari, as flores que conferiram o t\u00edtulo de Cidade Jardim e o trem que aparece representado em elementos como o t\u00fanel e os trilhos.<\/p>\n\n\n\n<p>A vota\u00e7\u00e3o seguir\u00e1 aberta at\u00e9 o dia 30 de agosto. A logo mais votada representar\u00e1 oficialmente o Turismo de Colinas.<\/p>\n","protected":false},"excerpt":{"rendered":"<p>O Conselho Municipal de Turismo (Comtur) e a Secretaria Municipal da Educa\u00e7\u00e3o, Cultura, Turismo e Desporto de Colinas perceberam a necessidade de criar um logotipo que identificasse o Turismo da Cidade Jardim. Sendo assim, foram desenvolvidas tr\u00eas logos diferentes que foram colocadas para vota\u00e7\u00e3o popular nesta semana. O link para realizar a vota\u00e7\u00e3o est\u00e1 dispon\u00edvel [&hellip;]<\/p>\n","protected":false},"author":8,"featured_media":111496,"comment_status":"open","ping_status":"open","sticky":false,"template":"","format":"standard","meta":{"pmpro_default_level":"","_jetpack_memberships_contains_paid_content":false,"footnotes":""},"categories":[2,3],"tags":[183,873,9837,82],"class_list":{"0":"post-111495","1":"post","2":"type-post","3":"status-publish","4":"format-standard","5":"has-post-thumbnail","7":"category-featured","8":"category-geral","9":"tag-colinas","10":"tag-concurso","11":"tag-logo","12":"tag-turismo","13":"pmpro-has-access"},"yoast_head":"<!-- This site is optimized with the Yoast SEO plugin v27.5 - https:\/\/yoast.com\/product\/yoast-seo-wordpress\/ -->\n<title>Concurso vai escolher logo para o Turismo de Colinas - Folha Popular<\/title>\n<meta name=\"robots\" content=\"index, follow, max-snippet:-1, max-image-preview:large, max-video-preview:-1\" \/>\n<link rel=\"canonical\" href=\"https:\/\/folhapopular.info\/index.php\/2022\/08\/26\/concurso-vai-escolher-logo-para-o-turismo-de-colinas\/\" \/>\n<meta property=\"og:locale\" content=\"pt_BR\" \/>\n<meta property=\"og:type\" content=\"article\" \/>\n<meta property=\"og:title\" content=\"Concurso vai escolher logo para o Turismo de Colinas - Folha Popular\" \/>\n<meta property=\"og:description\" content=\"O Conselho Municipal de Turismo (Comtur) e a Secretaria Municipal da Educa\u00e7\u00e3o, Cultura, Turismo e Desporto de Colinas perceberam a necessidade de criar um logotipo que identificasse o Turismo da Cidade Jardim. Sendo assim, foram desenvolvidas tr\u00eas logos diferentes que foram colocadas para vota\u00e7\u00e3o popular nesta semana. O link para realizar a vota\u00e7\u00e3o est\u00e1 dispon\u00edvel [&hellip;]\" \/>\n<meta property=\"og:url\" content=\"https:\/\/folhapopular.info\/index.php\/2022\/08\/26\/concurso-vai-escolher-logo-para-o-turismo-de-colinas\/\" \/>\n<meta property=\"og:site_name\" content=\"Folha Popular\" \/>\n<meta property=\"article:published_time\" content=\"2022-08-26T13:04:25+00:00\" \/>\n<meta property=\"article:modified_time\" content=\"2022-08-26T13:04:47+00:00\" \/>\n<meta property=\"og:image\" content=\"http:\/\/folhapopular.info\/wp-content\/uploads\/2022\/08\/Logos-Colinas_Rep.jpg\" \/>\n\t<meta property=\"og:image:width\" content=\"1366\" \/>\n\t<meta property=\"og:image:height\" content=\"1134\" \/>\n\t<meta property=\"og:image:type\" content=\"image\/jpeg\" \/>\n<meta name=\"author\" content=\"Reda\u00e7\u00e3o Folha Popular\" \/>\n<meta name=\"twitter:card\" content=\"summary_large_image\" \/>\n<meta name=\"twitter:label1\" content=\"Escrito por\" \/>\n\t<meta name=\"twitter:data1\" content=\"Reda\u00e7\u00e3o Folha Popular\" \/>\n\t<meta name=\"twitter:label2\" content=\"Est. tempo de leitura\" \/>\n\t<meta name=\"twitter:data2\" content=\"1 minuto\" \/>\n<script type=\"application\/ld+json\" class=\"yoast-schema-graph\">{\"@context\":\"https:\\\/\\\/schema.org\",\"@graph\":[{\"@type\":\"Article\",\"@id\":\"https:\\\/\\\/folhapopular.info\\\/index.php\\\/2022\\\/08\\\/26\\\/concurso-vai-escolher-logo-para-o-turismo-de-colinas\\\/#article\",\"isPartOf\":{\"@id\":\"https:\\\/\\\/folhapopular.info\\\/index.php\\\/2022\\\/08\\\/26\\\/concurso-vai-escolher-logo-para-o-turismo-de-colinas\\\/\"},\"author\":{\"name\":\"Reda\u00e7\u00e3o Folha Popular\",\"@id\":\"https:\\\/\\\/folhapopular.info\\\/#\\\/schema\\\/person\\\/2814e8a0df7643585a9ca38bc6eb9d4b\"},\"headline\":\"Concurso vai escolher logo para o Turismo de Colinas\",\"datePublished\":\"2022-08-26T13:04:25+00:00\",\"dateModified\":\"2022-08-26T13:04:47+00:00\",\"mainEntityOfPage\":{\"@id\":\"https:\\\/\\\/folhapopular.info\\\/index.php\\\/2022\\\/08\\\/26\\\/concurso-vai-escolher-logo-para-o-turismo-de-colinas\\\/\"},\"wordCount\":145,\"commentCount\":0,\"image\":{\"@id\":\"https:\\\/\\\/folhapopular.info\\\/index.php\\\/2022\\\/08\\\/26\\\/concurso-vai-escolher-logo-para-o-turismo-de-colinas\\\/#primaryimage\"},\"thumbnailUrl\":\"https:\\\/\\\/folhapopular.info\\\/wp-content\\\/uploads\\\/2022\\\/08\\\/Logos-Colinas_Rep.jpg\",\"keywords\":[\"Colinas\",\"Concurso\",\"Logo\",\"Turismo\"],\"articleSection\":[\"Destaques\",\"Geral\"],\"inLanguage\":\"pt-BR\",\"potentialAction\":[{\"@type\":\"CommentAction\",\"name\":\"Comment\",\"target\":[\"https:\\\/\\\/folhapopular.info\\\/index.php\\\/2022\\\/08\\\/26\\\/concurso-vai-escolher-logo-para-o-turismo-de-colinas\\\/#respond\"]}]},{\"@type\":\"WebPage\",\"@id\":\"https:\\\/\\\/folhapopular.info\\\/index.php\\\/2022\\\/08\\\/26\\\/concurso-vai-escolher-logo-para-o-turismo-de-colinas\\\/\",\"url\":\"https:\\\/\\\/folhapopular.info\\\/index.php\\\/2022\\\/08\\\/26\\\/concurso-vai-escolher-logo-para-o-turismo-de-colinas\\\/\",\"name\":\"Concurso vai escolher logo para o Turismo de Colinas - Folha Popular\",\"isPartOf\":{\"@id\":\"https:\\\/\\\/folhapopular.info\\\/#website\"},\"primaryImageOfPage\":{\"@id\":\"https:\\\/\\\/folhapopular.info\\\/index.php\\\/2022\\\/08\\\/26\\\/concurso-vai-escolher-logo-para-o-turismo-de-colinas\\\/#primaryimage\"},\"image\":{\"@id\":\"https:\\\/\\\/folhapopular.info\\\/index.php\\\/2022\\\/08\\\/26\\\/concurso-vai-escolher-logo-para-o-turismo-de-colinas\\\/#primaryimage\"},\"thumbnailUrl\":\"https:\\\/\\\/folhapopular.info\\\/wp-content\\\/uploads\\\/2022\\\/08\\\/Logos-Colinas_Rep.jpg\",\"datePublished\":\"2022-08-26T13:04:25+00:00\",\"dateModified\":\"2022-08-26T13:04:47+00:00\",\"author\":{\"@id\":\"https:\\\/\\\/folhapopular.info\\\/#\\\/schema\\\/person\\\/2814e8a0df7643585a9ca38bc6eb9d4b\"},\"breadcrumb\":{\"@id\":\"https:\\\/\\\/folhapopular.info\\\/index.php\\\/2022\\\/08\\\/26\\\/concurso-vai-escolher-logo-para-o-turismo-de-colinas\\\/#breadcrumb\"},\"inLanguage\":\"pt-BR\",\"potentialAction\":[{\"@type\":\"ReadAction\",\"target\":[\"https:\\\/\\\/folhapopular.info\\\/index.php\\\/2022\\\/08\\\/26\\\/concurso-vai-escolher-logo-para-o-turismo-de-colinas\\\/\"]}]},{\"@type\":\"ImageObject\",\"inLanguage\":\"pt-BR\",\"@id\":\"https:\\\/\\\/folhapopular.info\\\/index.php\\\/2022\\\/08\\\/26\\\/concurso-vai-escolher-logo-para-o-turismo-de-colinas\\\/#primaryimage\",\"url\":\"https:\\\/\\\/folhapopular.info\\\/wp-content\\\/uploads\\\/2022\\\/08\\\/Logos-Colinas_Rep.jpg\",\"contentUrl\":\"https:\\\/\\\/folhapopular.info\\\/wp-content\\\/uploads\\\/2022\\\/08\\\/Logos-Colinas_Rep.jpg\",\"width\":1366,\"height\":1134},{\"@type\":\"BreadcrumbList\",\"@id\":\"https:\\\/\\\/folhapopular.info\\\/index.php\\\/2022\\\/08\\\/26\\\/concurso-vai-escolher-logo-para-o-turismo-de-colinas\\\/#breadcrumb\",\"itemListElement\":[{\"@type\":\"ListItem\",\"position\":1,\"name\":\"In\u00edcio\",\"item\":\"https:\\\/\\\/folhapopular.info\\\/\"},{\"@type\":\"ListItem\",\"position\":2,\"name\":\"Concurso vai escolher logo para o Turismo de Colinas\"}]},{\"@type\":\"WebSite\",\"@id\":\"https:\\\/\\\/folhapopular.info\\\/#website\",\"url\":\"https:\\\/\\\/folhapopular.info\\\/\",\"name\":\"Folha Popular\",\"description\":\"Onde voc\u00ea tem vez e voz\",\"potentialAction\":[{\"@type\":\"SearchAction\",\"target\":{\"@type\":\"EntryPoint\",\"urlTemplate\":\"https:\\\/\\\/folhapopular.info\\\/?s={search_term_string}\"},\"query-input\":{\"@type\":\"PropertyValueSpecification\",\"valueRequired\":true,\"valueName\":\"search_term_string\"}}],\"inLanguage\":\"pt-BR\"},{\"@type\":\"Person\",\"@id\":\"https:\\\/\\\/folhapopular.info\\\/#\\\/schema\\\/person\\\/2814e8a0df7643585a9ca38bc6eb9d4b\",\"name\":\"Reda\u00e7\u00e3o Folha Popular\",\"image\":{\"@type\":\"ImageObject\",\"inLanguage\":\"pt-BR\",\"@id\":\"https:\\\/\\\/folhapopular.info\\\/wp-content\\\/uploads\\\/2026\\\/04\\\/Folha-1.webp\",\"url\":\"https:\\\/\\\/folhapopular.info\\\/wp-content\\\/uploads\\\/2026\\\/04\\\/Folha-1.webp\",\"contentUrl\":\"https:\\\/\\\/folhapopular.info\\\/wp-content\\\/uploads\\\/2026\\\/04\\\/Folha-1.webp\",\"caption\":\"Reda\u00e7\u00e3o Folha Popular\"},\"url\":\"https:\\\/\\\/folhapopular.info\\\/index.php\\\/author\\\/redacao\\\/\"}]}<\/script>\n<!-- \/ Yoast SEO plugin. -->","yoast_head_json":{"title":"Concurso vai escolher logo para o Turismo de Colinas - Folha Popular","robots":{"index":"index","follow":"follow","max-snippet":"max-snippet:-1","max-image-preview":"max-image-preview:large","max-video-preview":"max-video-preview:-1"},"canonical":"https:\/\/folhapopular.info\/index.php\/2022\/08\/26\/concurso-vai-escolher-logo-para-o-turismo-de-colinas\/","og_locale":"pt_BR","og_type":"article","og_title":"Concurso vai escolher logo para o Turismo de Colinas - Folha Popular","og_description":"O Conselho Municipal de Turismo (Comtur) e a Secretaria Municipal da Educa\u00e7\u00e3o, Cultura, Turismo e Desporto de Colinas perceberam a necessidade de criar um logotipo que identificasse o Turismo da Cidade Jardim. Sendo assim, foram desenvolvidas tr\u00eas logos diferentes que foram colocadas para vota\u00e7\u00e3o popular nesta semana. O link para realizar a vota\u00e7\u00e3o est\u00e1 dispon\u00edvel [&hellip;]","og_url":"https:\/\/folhapopular.info\/index.php\/2022\/08\/26\/concurso-vai-escolher-logo-para-o-turismo-de-colinas\/","og_site_name":"Folha Popular","article_published_time":"2022-08-26T13:04:25+00:00","article_modified_time":"2022-08-26T13:04:47+00:00","og_image":[{"width":1366,"height":1134,"url":"http:\/\/folhapopular.info\/wp-content\/uploads\/2022\/08\/Logos-Colinas_Rep.jpg","type":"image\/jpeg"}],"author":"Reda\u00e7\u00e3o Folha Popular","twitter_card":"summary_large_image","twitter_misc":{"Escrito por":"Reda\u00e7\u00e3o Folha Popular","Est. tempo de leitura":"1 minuto"},"schema":{"@context":"https:\/\/schema.org","@graph":[{"@type":"Article","@id":"https:\/\/folhapopular.info\/index.php\/2022\/08\/26\/concurso-vai-escolher-logo-para-o-turismo-de-colinas\/#article","isPartOf":{"@id":"https:\/\/folhapopular.info\/index.php\/2022\/08\/26\/concurso-vai-escolher-logo-para-o-turismo-de-colinas\/"},"author":{"name":"Reda\u00e7\u00e3o Folha Popular","@id":"https:\/\/folhapopular.info\/#\/schema\/person\/2814e8a0df7643585a9ca38bc6eb9d4b"},"headline":"Concurso vai escolher logo para o Turismo de Colinas","datePublished":"2022-08-26T13:04:25+00:00","dateModified":"2022-08-26T13:04:47+00:00","mainEntityOfPage":{"@id":"https:\/\/folhapopular.info\/index.php\/2022\/08\/26\/concurso-vai-escolher-logo-para-o-turismo-de-colinas\/"},"wordCount":145,"commentCount":0,"image":{"@id":"https:\/\/folhapopular.info\/index.php\/2022\/08\/26\/concurso-vai-escolher-logo-para-o-turismo-de-colinas\/#primaryimage"},"thumbnailUrl":"https:\/\/folhapopular.info\/wp-content\/uploads\/2022\/08\/Logos-Colinas_Rep.jpg","keywords":["Colinas","Concurso","Logo","Turismo"],"articleSection":["Destaques","Geral"],"inLanguage":"pt-BR","potentialAction":[{"@type":"CommentAction","name":"Comment","target":["https:\/\/folhapopular.info\/index.php\/2022\/08\/26\/concurso-vai-escolher-logo-para-o-turismo-de-colinas\/#respond"]}]},{"@type":"WebPage","@id":"https:\/\/folhapopular.info\/index.php\/2022\/08\/26\/concurso-vai-escolher-logo-para-o-turismo-de-colinas\/","url":"https:\/\/folhapopular.info\/index.php\/2022\/08\/26\/concurso-vai-escolher-logo-para-o-turismo-de-colinas\/","name":"Concurso vai escolher logo para o Turismo de Colinas - Folha Popular","isPartOf":{"@id":"https:\/\/folhapopular.info\/#website"},"primaryImageOfPage":{"@id":"https:\/\/folhapopular.info\/index.php\/2022\/08\/26\/concurso-vai-escolher-logo-para-o-turismo-de-colinas\/#primaryimage"},"image":{"@id":"https:\/\/folhapopular.info\/index.php\/2022\/08\/26\/concurso-vai-escolher-logo-para-o-turismo-de-colinas\/#primaryimage"},"thumbnailUrl":"https:\/\/folhapopular.info\/wp-content\/uploads\/2022\/08\/Logos-Colinas_Rep.jpg","datePublished":"2022-08-26T13:04:25+00:00","dateModified":"2022-08-26T13:04:47+00:00","author":{"@id":"https:\/\/folhapopular.info\/#\/schema\/person\/2814e8a0df7643585a9ca38bc6eb9d4b"},"breadcrumb":{"@id":"https:\/\/folhapopular.info\/index.php\/2022\/08\/26\/concurso-vai-escolher-logo-para-o-turismo-de-colinas\/#breadcrumb"},"inLanguage":"pt-BR","potentialAction":[{"@type":"ReadAction","target":["https:\/\/folhapopular.info\/index.php\/2022\/08\/26\/concurso-vai-escolher-logo-para-o-turismo-de-colinas\/"]}]},{"@type":"ImageObject","inLanguage":"pt-BR","@id":"https:\/\/folhapopular.info\/index.php\/2022\/08\/26\/concurso-vai-escolher-logo-para-o-turismo-de-colinas\/#primaryimage","url":"https:\/\/folhapopular.info\/wp-content\/uploads\/2022\/08\/Logos-Colinas_Rep.jpg","contentUrl":"https:\/\/folhapopular.info\/wp-content\/uploads\/2022\/08\/Logos-Colinas_Rep.jpg","width":1366,"height":1134},{"@type":"BreadcrumbList","@id":"https:\/\/folhapopular.info\/index.php\/2022\/08\/26\/concurso-vai-escolher-logo-para-o-turismo-de-colinas\/#breadcrumb","itemListElement":[{"@type":"ListItem","position":1,"name":"In\u00edcio","item":"https:\/\/folhapopular.info\/"},{"@type":"ListItem","position":2,"name":"Concurso vai escolher logo para o Turismo de Colinas"}]},{"@type":"WebSite","@id":"https:\/\/folhapopular.info\/#website","url":"https:\/\/folhapopular.info\/","name":"Folha Popular","description":"Onde voc\u00ea tem vez e voz","potentialAction":[{"@type":"SearchAction","target":{"@type":"EntryPoint","urlTemplate":"https:\/\/folhapopular.info\/?s={search_term_string}"},"query-input":{"@type":"PropertyValueSpecification","valueRequired":true,"valueName":"search_term_string"}}],"inLanguage":"pt-BR"},{"@type":"Person","@id":"https:\/\/folhapopular.info\/#\/schema\/person\/2814e8a0df7643585a9ca38bc6eb9d4b","name":"Reda\u00e7\u00e3o Folha Popular","image":{"@type":"ImageObject","inLanguage":"pt-BR","@id":"https:\/\/folhapopular.info\/wp-content\/uploads\/2026\/04\/Folha-1.webp","url":"https:\/\/folhapopular.info\/wp-content\/uploads\/2026\/04\/Folha-1.webp","contentUrl":"https:\/\/folhapopular.info\/wp-content\/uploads\/2026\/04\/Folha-1.webp","caption":"Reda\u00e7\u00e3o Folha Popular"},"url":"https:\/\/folhapopular.info\/index.php\/author\/redacao\/"}]}},"jetpack_featured_media_url":"https:\/\/folhapopular.info\/wp-content\/uploads\/2022\/08\/Logos-Colinas_Rep.jpg","jetpack_sharing_enabled":true,"amp_enabled":true,"_links":{"self":[{"href":"https:\/\/folhapopular.info\/index.php\/wp-json\/wp\/v2\/posts\/111495","targetHints":{"allow":["GET"]}}],"collection":[{"href":"https:\/\/folhapopular.info\/index.php\/wp-json\/wp\/v2\/posts"}],"about":[{"href":"https:\/\/folhapopular.info\/index.php\/wp-json\/wp\/v2\/types\/post"}],"author":[{"embeddable":true,"href":"https:\/\/folhapopular.info\/index.php\/wp-json\/wp\/v2\/users\/8"}],"replies":[{"embeddable":true,"href":"https:\/\/folhapopular.info\/index.php\/wp-json\/wp\/v2\/comments?post=111495"}],"version-history":[{"count":0,"href":"https:\/\/folhapopular.info\/index.php\/wp-json\/wp\/v2\/posts\/111495\/revisions"}],"wp:featuredmedia":[{"embeddable":true,"href":"https:\/\/folhapopular.info\/index.php\/wp-json\/wp\/v2\/media\/111496"}],"wp:attachment":[{"href":"https:\/\/folhapopular.info\/index.php\/wp-json\/wp\/v2\/media?parent=111495"}],"wp:term":[{"taxonomy":"category","embeddable":true,"href":"https:\/\/folhapopular.info\/index.php\/wp-json\/wp\/v2\/categories?post=111495"},{"taxonomy":"post_tag","embeddable":true,"href":"https:\/\/folhapopular.info\/index.php\/wp-json\/wp\/v2\/tags?post=111495"}],"curies":[{"name":"wp","href":"https:\/\/api.w.org\/{rel}","templated":true}]}}